{"id":6416,"date":"2024-07-15T19:25:07","date_gmt":"2024-07-15T16:25:07","guid":{"rendered":"https:\/\/kuzeyinsesi.org\/index.php\/2024\/07\/15\/kibris-kagit-sanatcilari-dernegi-bulgaristanda-sergiye-katildi\/"},"modified":"2024-07-15T19:25:07","modified_gmt":"2024-07-15T16:25:07","slug":"kibris-kagit-sanatcilari-dernegi-bulgaristanda-sergiye-katildi","status":"publish","type":"post","link":"https:\/\/kuzeyinsesi.org\/index.php\/2024\/07\/15\/kibris-kagit-sanatcilari-dernegi-bulgaristanda-sergiye-katildi\/","title":{"rendered":"K\u0131br\u0131s Ka\u011f\u0131t Sanat\u00e7\u0131lar\u0131 Derne\u011fi Bulgaristan\u2019da sergiye kat\u0131ld\u0131"},"content":{"rendered":"<div>\n<div class=\"mariselle-image-container center\">\n                                            <\/div>\n<p>\nK\u0131br\u0131s Ka\u011f\u0131t Sanat\u00e7\u0131lar\u0131 Derne\u011fi\u2019nden \u0130nci Kansu, \u0130smet Tatar, Emel Samio\u011flu, Eser Ke\u00e7eci, Kemal B. Caymaz ve Raif K\u0131z\u0131l, Bulgaristan\u2019da d\u00fczenlenen \u201cPavlikeni ve D\u00fcnya\u201d Uluslararas\u0131 Sanat Sempozyumu ve sergisine kat\u0131ld\u0131.<\/p>\n<p>On y\u0131ld\u0131r devam eden sanat projesinin, Pavlikeni Belediyesi ve Amateras Vakf\u0131 i\u015f birli\u011fiyle d\u00fczenlendi\u011fi belirtildi.<\/p>\n<p>Pavlikeni Belediye Ba\u015fkan\u0131 Emanuil Manolov, Amateras Vakf\u0131\u2019ndan Todor Todorov ve k\u00fcrat\u00f6r Daniela Todorova\u2019n\u0131n \u00f6zel davetiyle sempozyuma kat\u0131lan K\u0131br\u0131s Ka\u011f\u0131t Sanat\u00e7\u0131lar\u0131 Derne\u011fi \u00fcyeleri, Frans\u0131z sanat\u00e7\u0131 Bruno David ile be\u015f g\u00fcn boyunca Pavlikeni\u2019de konaklayarak ka\u011f\u0131ttan sanat eserleri \u00fcrettiler, yerel k\u00fclt\u00fcr\u00fc ke\u015ffettiler ve \u00f6\u011frencilerle at\u00f6lye \u00e7al\u0131\u015fmalar\u0131 ger\u00e7ekle\u015ftirdiler.<\/p>\n<p>Sanat\u00e7\u0131lar, \u201cBratstvo-1884\u201d K\u00fclt\u00fcr Merkezi\u2019nde a\u00e7\u0131lan sergide \u00e7evre dostu ve insanc\u0131l mesajlar i\u00e7eren eserlerini sergilediler. Sanat\u00e7\u0131lar eserlerini Pavlikeni\u2019de a\u00e7\u0131lacak \u015fehir m\u00fczesi koleksiyonuna ba\u011f\u0131\u015flad\u0131.<\/p>\n<p>Sergi, 8 Eyl\u00fcl\u2019e kadar \u201cBratstvo-1884\u201d K\u00fclt\u00fcr Merkezi\u2019nin fuayesinde ziyaret edilebilecek.<\/p>\n<\/p><\/div>\n<p><script async\n                    defer\n                    crossorigin=\"anonymous\"\n                    src=\"https:\/\/connect.facebook.net\/tr_TR\/sdk.js#xfbml=1&#038;version=v3.3\"\n            ><\/script><\/p>\n","protected":false},"excerpt":{"rendered":"<p>K\u0131br\u0131s Ka\u011f\u0131t Sanat\u00e7\u0131lar\u0131 Derne\u011fi\u2019nden \u0130nci Kansu, \u0130smet Tatar, Emel Samio\u011flu, Eser Ke\u00e7eci, Kemal B. Caymaz ve Raif K\u0131z\u0131l, Bulgaristan\u2019da d\u00fczenlenen \u201cPavlikeni ve D\u00fcnya\u201d Uluslararas\u0131 Sanat Sempozyumu ve sergisine kat\u0131ld\u0131. On y\u0131ld\u0131r devam eden sanat projesinin, Pavlikeni Belediyesi ve Amateras Vakf\u0131 i\u015f birli\u011fiyle d\u00fczenlendi\u011fi belirtildi. Pavlikeni Belediye Ba\u015fkan\u0131 Emanuil Manolov, Amateras Vakf\u0131\u2019ndan Todor Todorov ve k\u00fcrat\u00f6r [&hellip;]<\/p>\n","protected":false},"author":1,"featured_media":6417,"comment_status":"open","ping_status":"open","sticky":false,"template":"","format":"standard","meta":{"jnews-multi-image_gallery":[],"jnews_single_post":[],"jnews_primary_category":[],"jnews_social_meta":[],"jnews_override_counter":[],"footnotes":""},"categories":[6],"tags":[],"class_list":["post-6416","post","type-post","status-publish","format-standard","has-post-thumbnail","hentry","category-yasam"],"yoast_head":"<!-- This site is optimized with the Yoast SEO plugin v27.5 - https:\/\/yoast.com\/product\/yoast-seo-wordpress\/ -->\n<title>K\u0131br\u0131s Ka\u011f\u0131t Sanat\u00e7\u0131lar\u0131 Derne\u011fi Bulgaristan\u2019da sergiye kat\u0131ld\u0131 - Kuzeyin Sesi<\/title>\n<meta name=\"robots\" content=\"index, follow, max-snippet:-1, max-image-preview:large, max-video-preview:-1\" \/>\n<link rel=\"canonical\" href=\"https:\/\/kuzeyinsesi.org\/index.php\/2024\/07\/15\/kibris-kagit-sanatcilari-dernegi-bulgaristanda-sergiye-katildi\/\" \/>\n<meta property=\"og:locale\" content=\"tr_TR\" \/>\n<meta property=\"og:type\" content=\"article\" \/>\n<meta property=\"og:title\" content=\"K\u0131br\u0131s Ka\u011f\u0131t Sanat\u00e7\u0131lar\u0131 Derne\u011fi Bulgaristan\u2019da sergiye kat\u0131ld\u0131 - Kuzeyin Sesi\" \/>\n<meta property=\"og:description\" content=\"K\u0131br\u0131s Ka\u011f\u0131t Sanat\u00e7\u0131lar\u0131 Derne\u011fi\u2019nden \u0130nci Kansu, \u0130smet Tatar, Emel Samio\u011flu, Eser Ke\u00e7eci, Kemal B. Caymaz ve Raif K\u0131z\u0131l, Bulgaristan\u2019da d\u00fczenlenen \u201cPavlikeni ve D\u00fcnya\u201d Uluslararas\u0131 Sanat Sempozyumu ve sergisine kat\u0131ld\u0131. On y\u0131ld\u0131r devam eden sanat projesinin, Pavlikeni Belediyesi ve Amateras Vakf\u0131 i\u015f birli\u011fiyle d\u00fczenlendi\u011fi belirtildi. Pavlikeni Belediye Ba\u015fkan\u0131 Emanuil Manolov, Amateras Vakf\u0131\u2019ndan Todor Todorov ve k\u00fcrat\u00f6r [&hellip;]\" \/>\n<meta property=\"og:url\" content=\"https:\/\/kuzeyinsesi.org\/index.php\/2024\/07\/15\/kibris-kagit-sanatcilari-dernegi-bulgaristanda-sergiye-katildi\/\" \/>\n<meta property=\"og:site_name\" content=\"Kuzeyin Sesi\" \/>\n<meta property=\"article:publisher\" content=\"https:\/\/www.facebook.com\/kuzeyinsesii\" \/>\n<meta property=\"article:published_time\" content=\"2024-07-15T16:25:07+00:00\" \/>\n<meta property=\"og:image\" content=\"https:\/\/brtk.net\/wp-content\/uploads\/2024\/07\/15\/kibris-kagit-sanatcilari-2-.jpg?ver=31101d0d5ef7b30bbd2a4e833c5a1c12\" \/>\n<meta name=\"author\" content=\"Kuzeyin Sesi\" \/>\n<meta name=\"twitter:card\" content=\"summary_large_image\" \/>\n<meta name=\"twitter:creator\" content=\"@kuzeyinsesii\" \/>\n<meta name=\"twitter:site\" content=\"@kuzeyinsesii\" \/>\n<meta name=\"twitter:label1\" content=\"Yazan:\" \/>\n\t<meta name=\"twitter:data1\" content=\"Kuzeyin Sesi\" \/>\n\t<meta name=\"twitter:label2\" content=\"Tahmini okuma s\u00fcresi\" \/>\n\t<meta name=\"twitter:data2\" content=\"1 dakika\" \/>\n<script type=\"application\/ld+json\" class=\"yoast-schema-graph\">{\"@context\":\"https:\\\/\\\/schema.org\",\"@graph\":[{\"@type\":\"Article\",\"@id\":\"https:\\\/\\\/kuzeyinsesi.org\\\/index.php\\\/2024\\\/07\\\/15\\\/kibris-kagit-sanatcilari-dernegi-bulgaristanda-sergiye-katildi\\\/#article\",\"isPartOf\":{\"@id\":\"https:\\\/\\\/kuzeyinsesi.org\\\/index.php\\\/2024\\\/07\\\/15\\\/kibris-kagit-sanatcilari-dernegi-bulgaristanda-sergiye-katildi\\\/\"},\"author\":{\"name\":\"Kuzeyin Sesi\",\"@id\":\"https:\\\/\\\/kuzeyinsesi.org\\\/#\\\/schema\\\/person\\\/9f859689cdf01485597712386e37f5aa\"},\"headline\":\"K\u0131br\u0131s Ka\u011f\u0131t Sanat\u00e7\u0131lar\u0131 Derne\u011fi Bulgaristan\u2019da sergiye kat\u0131ld\u0131\",\"datePublished\":\"2024-07-15T16:25:07+00:00\",\"mainEntityOfPage\":{\"@id\":\"https:\\\/\\\/kuzeyinsesi.org\\\/index.php\\\/2024\\\/07\\\/15\\\/kibris-kagit-sanatcilari-dernegi-bulgaristanda-sergiye-katildi\\\/\"},\"wordCount\":192,\"commentCount\":0,\"image\":{\"@id\":\"https:\\\/\\\/kuzeyinsesi.org\\\/index.php\\\/2024\\\/07\\\/15\\\/kibris-kagit-sanatcilari-dernegi-bulgaristanda-sergiye-katildi\\\/#primaryimage\"},\"thumbnailUrl\":\"https:\\\/\\\/kuzeyinsesi.org\\\/wp-content\\\/uploads\\\/2024\\\/07\\\/kibris-kagit-sanatcilari-2-.jpg\",\"articleSection\":[\"Ya\u015fam\"],\"inLanguage\":\"tr\",\"potentialAction\":[{\"@type\":\"CommentAction\",\"name\":\"Comment\",\"target\":[\"https:\\\/\\\/kuzeyinsesi.org\\\/index.php\\\/2024\\\/07\\\/15\\\/kibris-kagit-sanatcilari-dernegi-bulgaristanda-sergiye-katildi\\\/#respond\"]}]},{\"@type\":\"WebPage\",\"@id\":\"https:\\\/\\\/kuzeyinsesi.org\\\/index.php\\\/2024\\\/07\\\/15\\\/kibris-kagit-sanatcilari-dernegi-bulgaristanda-sergiye-katildi\\\/\",\"url\":\"https:\\\/\\\/kuzeyinsesi.org\\\/index.php\\\/2024\\\/07\\\/15\\\/kibris-kagit-sanatcilari-dernegi-bulgaristanda-sergiye-katildi\\\/\",\"name\":\"K\u0131br\u0131s Ka\u011f\u0131t Sanat\u00e7\u0131lar\u0131 Derne\u011fi Bulgaristan\u2019da sergiye kat\u0131ld\u0131 - Kuzeyin Sesi\",\"isPartOf\":{\"@id\":\"https:\\\/\\\/kuzeyinsesi.org\\\/#website\"},\"primaryImageOfPage\":{\"@id\":\"https:\\\/\\\/kuzeyinsesi.org\\\/index.php\\\/2024\\\/07\\\/15\\\/kibris-kagit-sanatcilari-dernegi-bulgaristanda-sergiye-katildi\\\/#primaryimage\"},\"image\":{\"@id\":\"https:\\\/\\\/kuzeyinsesi.org\\\/index.php\\\/2024\\\/07\\\/15\\\/kibris-kagit-sanatcilari-dernegi-bulgaristanda-sergiye-katildi\\\/#primaryimage\"},\"thumbnailUrl\":\"https:\\\/\\\/kuzeyinsesi.org\\\/wp-content\\\/uploads\\\/2024\\\/07\\\/kibris-kagit-sanatcilari-2-.jpg\",\"datePublished\":\"2024-07-15T16:25:07+00:00\",\"author\":{\"@id\":\"https:\\\/\\\/kuzeyinsesi.org\\\/#\\\/schema\\\/person\\\/9f859689cdf01485597712386e37f5aa\"},\"breadcrumb\":{\"@id\":\"https:\\\/\\\/kuzeyinsesi.org\\\/index.php\\\/2024\\\/07\\\/15\\\/kibris-kagit-sanatcilari-dernegi-bulgaristanda-sergiye-katildi\\\/#breadcrumb\"},\"inLanguage\":\"tr\",\"potentialAction\":[{\"@type\":\"ReadAction\",\"target\":[\"https:\\\/\\\/kuzeyinsesi.org\\\/index.php\\\/2024\\\/07\\\/15\\\/kibris-kagit-sanatcilari-dernegi-bulgaristanda-sergiye-katildi\\\/\"]}]},{\"@type\":\"ImageObject\",\"inLanguage\":\"tr\",\"@id\":\"https:\\\/\\\/kuzeyinsesi.org\\\/index.php\\\/2024\\\/07\\\/15\\\/kibris-kagit-sanatcilari-dernegi-bulgaristanda-sergiye-katildi\\\/#primaryimage\",\"url\":\"https:\\\/\\\/kuzeyinsesi.org\\\/wp-content\\\/uploads\\\/2024\\\/07\\\/kibris-kagit-sanatcilari-2-.jpg\",\"contentUrl\":\"https:\\\/\\\/kuzeyinsesi.org\\\/wp-content\\\/uploads\\\/2024\\\/07\\\/kibris-kagit-sanatcilari-2-.jpg\",\"width\":2048,\"height\":1367},{\"@type\":\"BreadcrumbList\",\"@id\":\"https:\\\/\\\/kuzeyinsesi.org\\\/index.php\\\/2024\\\/07\\\/15\\\/kibris-kagit-sanatcilari-dernegi-bulgaristanda-sergiye-katildi\\\/#breadcrumb\",\"itemListElement\":[{\"@type\":\"ListItem\",\"position\":1,\"name\":\"Anasayfa\",\"item\":\"https:\\\/\\\/kuzeyinsesi.org\\\/\"},{\"@type\":\"ListItem\",\"position\":2,\"name\":\"K\u0131br\u0131s Ka\u011f\u0131t Sanat\u00e7\u0131lar\u0131 Derne\u011fi Bulgaristan\u2019da sergiye kat\u0131ld\u0131\"}]},{\"@type\":\"WebSite\",\"@id\":\"https:\\\/\\\/kuzeyinsesi.org\\\/#website\",\"url\":\"https:\\\/\\\/kuzeyinsesi.org\\\/\",\"name\":\"Kuzeyin Sesi\",\"description\":\"Do\u011fru Haberin Adresi\",\"potentialAction\":[{\"@type\":\"SearchAction\",\"target\":{\"@type\":\"EntryPoint\",\"urlTemplate\":\"https:\\\/\\\/kuzeyinsesi.org\\\/?s={search_term_string}\"},\"query-input\":{\"@type\":\"PropertyValueSpecification\",\"valueRequired\":true,\"valueName\":\"search_term_string\"}}],\"inLanguage\":\"tr\"},{\"@type\":\"Person\",\"@id\":\"https:\\\/\\\/kuzeyinsesi.org\\\/#\\\/schema\\\/person\\\/9f859689cdf01485597712386e37f5aa\",\"name\":\"Kuzeyin Sesi\",\"image\":{\"@type\":\"ImageObject\",\"inLanguage\":\"tr\",\"@id\":\"https:\\\/\\\/secure.gravatar.com\\\/avatar\\\/bab33852abfd8b282518d6ed81826833d77c3c882d9ab608add591ccace47a44?s=96&d=mm&r=g\",\"url\":\"https:\\\/\\\/secure.gravatar.com\\\/avatar\\\/bab33852abfd8b282518d6ed81826833d77c3c882d9ab608add591ccace47a44?s=96&d=mm&r=g\",\"contentUrl\":\"https:\\\/\\\/secure.gravatar.com\\\/avatar\\\/bab33852abfd8b282518d6ed81826833d77c3c882d9ab608add591ccace47a44?s=96&d=mm&r=g\",\"caption\":\"Kuzeyin Sesi\"},\"sameAs\":[\"https:\\\/\\\/kuzeyinsesi.org\"],\"url\":\"https:\\\/\\\/kuzeyinsesi.org\\\/index.php\\\/author\\\/guven\\\/\"}]}<\/script>\n<!-- \/ Yoast SEO plugin. -->","yoast_head_json":{"title":"K\u0131br\u0131s Ka\u011f\u0131t Sanat\u00e7\u0131lar\u0131 Derne\u011fi Bulgaristan\u2019da sergiye kat\u0131ld\u0131 - Kuzeyin Sesi","robots":{"index":"index","follow":"follow","max-snippet":"max-snippet:-1","max-image-preview":"max-image-preview:large","max-video-preview":"max-video-preview:-1"},"canonical":"https:\/\/kuzeyinsesi.org\/index.php\/2024\/07\/15\/kibris-kagit-sanatcilari-dernegi-bulgaristanda-sergiye-katildi\/","og_locale":"tr_TR","og_type":"article","og_title":"K\u0131br\u0131s Ka\u011f\u0131t Sanat\u00e7\u0131lar\u0131 Derne\u011fi Bulgaristan\u2019da sergiye kat\u0131ld\u0131 - Kuzeyin Sesi","og_description":"K\u0131br\u0131s Ka\u011f\u0131t Sanat\u00e7\u0131lar\u0131 Derne\u011fi\u2019nden \u0130nci Kansu, \u0130smet Tatar, Emel Samio\u011flu, Eser Ke\u00e7eci, Kemal B. Caymaz ve Raif K\u0131z\u0131l, Bulgaristan\u2019da d\u00fczenlenen \u201cPavlikeni ve D\u00fcnya\u201d Uluslararas\u0131 Sanat Sempozyumu ve sergisine kat\u0131ld\u0131. On y\u0131ld\u0131r devam eden sanat projesinin, Pavlikeni Belediyesi ve Amateras Vakf\u0131 i\u015f birli\u011fiyle d\u00fczenlendi\u011fi belirtildi. Pavlikeni Belediye Ba\u015fkan\u0131 Emanuil Manolov, Amateras Vakf\u0131\u2019ndan Todor Todorov ve k\u00fcrat\u00f6r [&hellip;]","og_url":"https:\/\/kuzeyinsesi.org\/index.php\/2024\/07\/15\/kibris-kagit-sanatcilari-dernegi-bulgaristanda-sergiye-katildi\/","og_site_name":"Kuzeyin Sesi","article_publisher":"https:\/\/www.facebook.com\/kuzeyinsesii","article_published_time":"2024-07-15T16:25:07+00:00","og_image":[{"url":"https:\/\/brtk.net\/wp-content\/uploads\/2024\/07\/15\/kibris-kagit-sanatcilari-2-.jpg?ver=31101d0d5ef7b30bbd2a4e833c5a1c12","type":"","width":"","height":""}],"author":"Kuzeyin Sesi","twitter_card":"summary_large_image","twitter_creator":"@kuzeyinsesii","twitter_site":"@kuzeyinsesii","twitter_misc":{"Yazan:":"Kuzeyin Sesi","Tahmini okuma s\u00fcresi":"1 dakika"},"schema":{"@context":"https:\/\/schema.org","@graph":[{"@type":"Article","@id":"https:\/\/kuzeyinsesi.org\/index.php\/2024\/07\/15\/kibris-kagit-sanatcilari-dernegi-bulgaristanda-sergiye-katildi\/#article","isPartOf":{"@id":"https:\/\/kuzeyinsesi.org\/index.php\/2024\/07\/15\/kibris-kagit-sanatcilari-dernegi-bulgaristanda-sergiye-katildi\/"},"author":{"name":"Kuzeyin Sesi","@id":"https:\/\/kuzeyinsesi.org\/#\/schema\/person\/9f859689cdf01485597712386e37f5aa"},"headline":"K\u0131br\u0131s Ka\u011f\u0131t Sanat\u00e7\u0131lar\u0131 Derne\u011fi Bulgaristan\u2019da sergiye kat\u0131ld\u0131","datePublished":"2024-07-15T16:25:07+00:00","mainEntityOfPage":{"@id":"https:\/\/kuzeyinsesi.org\/index.php\/2024\/07\/15\/kibris-kagit-sanatcilari-dernegi-bulgaristanda-sergiye-katildi\/"},"wordCount":192,"commentCount":0,"image":{"@id":"https:\/\/kuzeyinsesi.org\/index.php\/2024\/07\/15\/kibris-kagit-sanatcilari-dernegi-bulgaristanda-sergiye-katildi\/#primaryimage"},"thumbnailUrl":"https:\/\/kuzeyinsesi.org\/wp-content\/uploads\/2024\/07\/kibris-kagit-sanatcilari-2-.jpg","articleSection":["Ya\u015fam"],"inLanguage":"tr","potentialAction":[{"@type":"CommentAction","name":"Comment","target":["https:\/\/kuzeyinsesi.org\/index.php\/2024\/07\/15\/kibris-kagit-sanatcilari-dernegi-bulgaristanda-sergiye-katildi\/#respond"]}]},{"@type":"WebPage","@id":"https:\/\/kuzeyinsesi.org\/index.php\/2024\/07\/15\/kibris-kagit-sanatcilari-dernegi-bulgaristanda-sergiye-katildi\/","url":"https:\/\/kuzeyinsesi.org\/index.php\/2024\/07\/15\/kibris-kagit-sanatcilari-dernegi-bulgaristanda-sergiye-katildi\/","name":"K\u0131br\u0131s Ka\u011f\u0131t Sanat\u00e7\u0131lar\u0131 Derne\u011fi Bulgaristan\u2019da sergiye kat\u0131ld\u0131 - Kuzeyin Sesi","isPartOf":{"@id":"https:\/\/kuzeyinsesi.org\/#website"},"primaryImageOfPage":{"@id":"https:\/\/kuzeyinsesi.org\/index.php\/2024\/07\/15\/kibris-kagit-sanatcilari-dernegi-bulgaristanda-sergiye-katildi\/#primaryimage"},"image":{"@id":"https:\/\/kuzeyinsesi.org\/index.php\/2024\/07\/15\/kibris-kagit-sanatcilari-dernegi-bulgaristanda-sergiye-katildi\/#primaryimage"},"thumbnailUrl":"https:\/\/kuzeyinsesi.org\/wp-content\/uploads\/2024\/07\/kibris-kagit-sanatcilari-2-.jpg","datePublished":"2024-07-15T16:25:07+00:00","author":{"@id":"https:\/\/kuzeyinsesi.org\/#\/schema\/person\/9f859689cdf01485597712386e37f5aa"},"breadcrumb":{"@id":"https:\/\/kuzeyinsesi.org\/index.php\/2024\/07\/15\/kibris-kagit-sanatcilari-dernegi-bulgaristanda-sergiye-katildi\/#breadcrumb"},"inLanguage":"tr","potentialAction":[{"@type":"ReadAction","target":["https:\/\/kuzeyinsesi.org\/index.php\/2024\/07\/15\/kibris-kagit-sanatcilari-dernegi-bulgaristanda-sergiye-katildi\/"]}]},{"@type":"ImageObject","inLanguage":"tr","@id":"https:\/\/kuzeyinsesi.org\/index.php\/2024\/07\/15\/kibris-kagit-sanatcilari-dernegi-bulgaristanda-sergiye-katildi\/#primaryimage","url":"https:\/\/kuzeyinsesi.org\/wp-content\/uploads\/2024\/07\/kibris-kagit-sanatcilari-2-.jpg","contentUrl":"https:\/\/kuzeyinsesi.org\/wp-content\/uploads\/2024\/07\/kibris-kagit-sanatcilari-2-.jpg","width":2048,"height":1367},{"@type":"BreadcrumbList","@id":"https:\/\/kuzeyinsesi.org\/index.php\/2024\/07\/15\/kibris-kagit-sanatcilari-dernegi-bulgaristanda-sergiye-katildi\/#breadcrumb","itemListElement":[{"@type":"ListItem","position":1,"name":"Anasayfa","item":"https:\/\/kuzeyinsesi.org\/"},{"@type":"ListItem","position":2,"name":"K\u0131br\u0131s Ka\u011f\u0131t Sanat\u00e7\u0131lar\u0131 Derne\u011fi Bulgaristan\u2019da sergiye kat\u0131ld\u0131"}]},{"@type":"WebSite","@id":"https:\/\/kuzeyinsesi.org\/#website","url":"https:\/\/kuzeyinsesi.org\/","name":"Kuzeyin Sesi","description":"Do\u011fru Haberin Adresi","potentialAction":[{"@type":"SearchAction","target":{"@type":"EntryPoint","urlTemplate":"https:\/\/kuzeyinsesi.org\/?s={search_term_string}"},"query-input":{"@type":"PropertyValueSpecification","valueRequired":true,"valueName":"search_term_string"}}],"inLanguage":"tr"},{"@type":"Person","@id":"https:\/\/kuzeyinsesi.org\/#\/schema\/person\/9f859689cdf01485597712386e37f5aa","name":"Kuzeyin Sesi","image":{"@type":"ImageObject","inLanguage":"tr","@id":"https:\/\/secure.gravatar.com\/avatar\/bab33852abfd8b282518d6ed81826833d77c3c882d9ab608add591ccace47a44?s=96&d=mm&r=g","url":"https:\/\/secure.gravatar.com\/avatar\/bab33852abfd8b282518d6ed81826833d77c3c882d9ab608add591ccace47a44?s=96&d=mm&r=g","contentUrl":"https:\/\/secure.gravatar.com\/avatar\/bab33852abfd8b282518d6ed81826833d77c3c882d9ab608add591ccace47a44?s=96&d=mm&r=g","caption":"Kuzeyin Sesi"},"sameAs":["https:\/\/kuzeyinsesi.org"],"url":"https:\/\/kuzeyinsesi.org\/index.php\/author\/guven\/"}]}},"_links":{"self":[{"href":"https:\/\/kuzeyinsesi.org\/index.php\/wp-json\/wp\/v2\/posts\/6416","targetHints":{"allow":["GET"]}}],"collection":[{"href":"https:\/\/kuzeyinsesi.org\/index.php\/wp-json\/wp\/v2\/posts"}],"about":[{"href":"https:\/\/kuzeyinsesi.org\/index.php\/wp-json\/wp\/v2\/types\/post"}],"author":[{"embeddable":true,"href":"https:\/\/kuzeyinsesi.org\/index.php\/wp-json\/wp\/v2\/users\/1"}],"replies":[{"embeddable":true,"href":"https:\/\/kuzeyinsesi.org\/index.php\/wp-json\/wp\/v2\/comments?post=6416"}],"version-history":[{"count":0,"href":"https:\/\/kuzeyinsesi.org\/index.php\/wp-json\/wp\/v2\/posts\/6416\/revisions"}],"wp:featuredmedia":[{"embeddable":true,"href":"https:\/\/kuzeyinsesi.org\/index.php\/wp-json\/wp\/v2\/media\/6417"}],"wp:attachment":[{"href":"https:\/\/kuzeyinsesi.org\/index.php\/wp-json\/wp\/v2\/media?parent=6416"}],"wp:term":[{"taxonomy":"category","embeddable":true,"href":"https:\/\/kuzeyinsesi.org\/index.php\/wp-json\/wp\/v2\/categories?post=6416"},{"taxonomy":"post_tag","embeddable":true,"href":"https:\/\/kuzeyinsesi.org\/index.php\/wp-json\/wp\/v2\/tags?post=6416"}],"curies":[{"name":"wp","href":"https:\/\/api.w.org\/{rel}","templated":true}]}}