{"id":6404,"date":"2024-07-15T16:15:11","date_gmt":"2024-07-15T13:15:11","guid":{"rendered":"https:\/\/kuzeyinsesi.org\/index.php\/2024\/07\/15\/kibris-kapilari-sergisi-ercan-havalimaninda-sergileniyor\/"},"modified":"2024-07-15T16:15:11","modified_gmt":"2024-07-15T13:15:11","slug":"kibris-kapilari-sergisi-ercan-havalimaninda-sergileniyor","status":"publish","type":"post","link":"https:\/\/kuzeyinsesi.org\/index.php\/2024\/07\/15\/kibris-kapilari-sergisi-ercan-havalimaninda-sergileniyor\/","title":{"rendered":"K\u0131br\u0131s Kap\u0131lar\u0131 sergisi Ercan Havaliman\u0131\u2019nda sergileniyor"},"content":{"rendered":"<div>\n<div class=\"mariselle-image-container center\">\n                                            <\/div>\n<p>\nErcan Havaliman\u0131\u2019nda K\u0131br\u0131s Kap\u0131lar\u0131 sergisi a\u00e7\u0131ld\u0131.<\/p>\n<p>Ba\u015fbakan Yard\u0131mc\u0131l\u0131\u011f\u0131, Turizm, K\u00fclt\u00fcr, Gen\u00e7lik ve \u00c7evre Bakanl\u0131\u011f\u0131\u2019na ba\u011fl\u0131 K\u00fclt\u00fcr Dairesi, Bay\u0131nd\u0131rl\u0131k ve Ula\u015ft\u0131rma Bakanl\u0131\u011f\u0131 ve T&amp;T Havaliman\u0131 \u0130\u015fletmecili\u011fi ile i\u015fbirli\u011fi yaparak, Ercan Havaliman\u0131\u2019nda K\u0131br\u0131s Kap\u0131lar\u0131 sergisi a\u00e7t\u0131.<\/p>\n<p>K\u00fclt\u00fcr Dairesi koleksiyonunda yer alan K\u0131br\u0131s Kap\u0131lar\u0131 tablolar\u0131, ah\u015fap minyat\u00fcr K\u0131br\u0131s kap\u0131lar\u0131 tablolar\u0131ndan olu\u015fan sergi, giden yolcu pasaport sonras\u0131 b\u00f6l\u00fcm\u00fcnde, 30 Temmuz tarihine kadar yolcular\u0131n izlenimine sunuldu.<\/p>\n<p>\u00d6te yandan K\u00fclt\u00fcr Dairesi, 31. Devlet Foto\u011fraf Yar\u0131\u015fmas\u0131\u2019n\u0131n Benim \u015eehrim Lefkem (Renkli-Siyah&amp;Beyaz) Kategorisi\u2019nde \u00f6d\u00fcl ve sergileme alan foto\u011fraflardan olu\u015fan bir sergiyi daha Ercan Havaliman\u0131\u2019nda 20 Temmuz Bar\u0131\u015f ve \u00d6zg\u00fcrl\u00fck Bayram\u0131\u2019nda yolcularla bulu\u015fturacak.<\/p>\n<p>K\u00fclt\u00fcr Dairesi M\u00fcd\u00fcr\u00fc \u015eirin Zafery\u0131ld\u0131z\u0131 Zaima\u011fao\u011flu yapt\u0131\u011f\u0131 a\u00e7\u0131klamada, dairenin Bay\u0131nd\u0131rl\u0131k ve Ula\u015ft\u0131rma Bakanl\u0131\u011f\u0131 ve T&amp;T Havaliman\u0131 \u0130\u015fletmecili\u011fi ile i\u015fbirli\u011fi yaparak \u00fclke k\u00fclt\u00fcr ve sanat\u0131n\u0131 tan\u0131tan farkl\u0131 sergileri Ercan Havaliman\u0131\u2019ndaki yolcularla bulu\u015fturacaklar\u0131n\u0131 belirtti.<\/p>\n<p>Zaima\u011fao\u011flu, K\u00fclt\u00fcr Dairesi\u2019nin ge\u00e7ti\u011fimiz y\u0131l d\u00fczenledi\u011fi, 31. Devlet Foto\u011fraf Yar\u0131\u015fmas\u0131\u2019n\u0131n Benim \u015eehrim Lefkem (Renkli-Siyah&amp;Beyaz) Kategorisi\u2019nde \u00f6d\u00fcl ve sergileme alan foto\u011fraflardan olu\u015fan serginin, 20 Temmuz Bar\u0131\u015f ve \u00d6zg\u00fcrl\u00fck Bayram\u0131\u2019nda yolcularla bulu\u015faca\u011f\u0131n\u0131 kaydetti.<\/p>\n<\/p><\/div>\n<p><script async\n                    defer\n                    crossorigin=\"anonymous\"\n                    src=\"https:\/\/connect.facebook.net\/tr_TR\/sdk.js#xfbml=1&#038;version=v3.3\"\n            ><\/script><\/p>\n","protected":false},"excerpt":{"rendered":"<p>Ercan Havaliman\u0131\u2019nda K\u0131br\u0131s Kap\u0131lar\u0131 sergisi a\u00e7\u0131ld\u0131. Ba\u015fbakan Yard\u0131mc\u0131l\u0131\u011f\u0131, Turizm, K\u00fclt\u00fcr, Gen\u00e7lik ve \u00c7evre Bakanl\u0131\u011f\u0131\u2019na ba\u011fl\u0131 K\u00fclt\u00fcr Dairesi, Bay\u0131nd\u0131rl\u0131k ve Ula\u015ft\u0131rma Bakanl\u0131\u011f\u0131 ve T&amp;T Havaliman\u0131 \u0130\u015fletmecili\u011fi ile i\u015fbirli\u011fi yaparak, Ercan Havaliman\u0131\u2019nda K\u0131br\u0131s Kap\u0131lar\u0131 sergisi a\u00e7t\u0131. K\u00fclt\u00fcr Dairesi koleksiyonunda yer alan K\u0131br\u0131s Kap\u0131lar\u0131 tablolar\u0131, ah\u015fap minyat\u00fcr K\u0131br\u0131s kap\u0131lar\u0131 tablolar\u0131ndan olu\u015fan sergi, giden yolcu pasaport sonras\u0131 b\u00f6l\u00fcm\u00fcnde, 30 [&hellip;]<\/p>\n","protected":false},"author":1,"featured_media":6405,"comment_status":"open","ping_status":"open","sticky":false,"template":"","format":"standard","meta":{"jnews-multi-image_gallery":[],"jnews_single_post":[],"jnews_primary_category":[],"jnews_social_meta":[],"jnews_override_counter":[],"footnotes":""},"categories":[6],"tags":[],"class_list":["post-6404","post","type-post","status-publish","format-standard","has-post-thumbnail","hentry","category-yasam"],"yoast_head":"<!-- This site is optimized with the Yoast SEO plugin v27.5 - https:\/\/yoast.com\/product\/yoast-seo-wordpress\/ -->\n<title>K\u0131br\u0131s Kap\u0131lar\u0131 sergisi Ercan Havaliman\u0131\u2019nda sergileniyor - Kuzeyin Sesi<\/title>\n<meta name=\"robots\" content=\"index, follow, max-snippet:-1, max-image-preview:large, max-video-preview:-1\" \/>\n<link rel=\"canonical\" href=\"https:\/\/kuzeyinsesi.org\/index.php\/2024\/07\/15\/kibris-kapilari-sergisi-ercan-havalimaninda-sergileniyor\/\" \/>\n<meta property=\"og:locale\" content=\"tr_TR\" \/>\n<meta property=\"og:type\" content=\"article\" \/>\n<meta property=\"og:title\" content=\"K\u0131br\u0131s Kap\u0131lar\u0131 sergisi Ercan Havaliman\u0131\u2019nda sergileniyor - Kuzeyin Sesi\" \/>\n<meta property=\"og:description\" content=\"Ercan Havaliman\u0131\u2019nda K\u0131br\u0131s Kap\u0131lar\u0131 sergisi a\u00e7\u0131ld\u0131. Ba\u015fbakan Yard\u0131mc\u0131l\u0131\u011f\u0131, Turizm, K\u00fclt\u00fcr, Gen\u00e7lik ve \u00c7evre Bakanl\u0131\u011f\u0131\u2019na ba\u011fl\u0131 K\u00fclt\u00fcr Dairesi, Bay\u0131nd\u0131rl\u0131k ve Ula\u015ft\u0131rma Bakanl\u0131\u011f\u0131 ve T&amp;T Havaliman\u0131 \u0130\u015fletmecili\u011fi ile i\u015fbirli\u011fi yaparak, Ercan Havaliman\u0131\u2019nda K\u0131br\u0131s Kap\u0131lar\u0131 sergisi a\u00e7t\u0131. K\u00fclt\u00fcr Dairesi koleksiyonunda yer alan K\u0131br\u0131s Kap\u0131lar\u0131 tablolar\u0131, ah\u015fap minyat\u00fcr K\u0131br\u0131s kap\u0131lar\u0131 tablolar\u0131ndan olu\u015fan sergi, giden yolcu pasaport sonras\u0131 b\u00f6l\u00fcm\u00fcnde, 30 [&hellip;]\" \/>\n<meta property=\"og:url\" content=\"https:\/\/kuzeyinsesi.org\/index.php\/2024\/07\/15\/kibris-kapilari-sergisi-ercan-havalimaninda-sergileniyor\/\" \/>\n<meta property=\"og:site_name\" content=\"Kuzeyin Sesi\" \/>\n<meta property=\"article:publisher\" content=\"https:\/\/www.facebook.com\/kuzeyinsesii\" \/>\n<meta property=\"article:published_time\" content=\"2024-07-15T13:15:11+00:00\" \/>\n<meta property=\"og:image\" content=\"https:\/\/brtk.net\/wp-content\/uploads\/2024\/07\/15\/ercan-sergi-2-.jpeg?ver=b21d5f573e9a48ec41cfa14240657b31\" \/>\n<meta name=\"author\" content=\"Kuzeyin Sesi\" \/>\n<meta name=\"twitter:card\" content=\"summary_large_image\" \/>\n<meta name=\"twitter:creator\" content=\"@kuzeyinsesii\" \/>\n<meta name=\"twitter:site\" content=\"@kuzeyinsesii\" \/>\n<meta name=\"twitter:label1\" content=\"Yazan:\" \/>\n\t<meta name=\"twitter:data1\" content=\"Kuzeyin Sesi\" \/>\n\t<meta name=\"twitter:label2\" content=\"Tahmini okuma s\u00fcresi\" \/>\n\t<meta name=\"twitter:data2\" content=\"1 dakika\" \/>\n<script type=\"application\/ld+json\" class=\"yoast-schema-graph\">{\"@context\":\"https:\\\/\\\/schema.org\",\"@graph\":[{\"@type\":\"Article\",\"@id\":\"https:\\\/\\\/kuzeyinsesi.org\\\/index.php\\\/2024\\\/07\\\/15\\\/kibris-kapilari-sergisi-ercan-havalimaninda-sergileniyor\\\/#article\",\"isPartOf\":{\"@id\":\"https:\\\/\\\/kuzeyinsesi.org\\\/index.php\\\/2024\\\/07\\\/15\\\/kibris-kapilari-sergisi-ercan-havalimaninda-sergileniyor\\\/\"},\"author\":{\"name\":\"Kuzeyin Sesi\",\"@id\":\"https:\\\/\\\/kuzeyinsesi.org\\\/#\\\/schema\\\/person\\\/9f859689cdf01485597712386e37f5aa\"},\"headline\":\"K\u0131br\u0131s Kap\u0131lar\u0131 sergisi Ercan Havaliman\u0131\u2019nda sergileniyor\",\"datePublished\":\"2024-07-15T13:15:11+00:00\",\"mainEntityOfPage\":{\"@id\":\"https:\\\/\\\/kuzeyinsesi.org\\\/index.php\\\/2024\\\/07\\\/15\\\/kibris-kapilari-sergisi-ercan-havalimaninda-sergileniyor\\\/\"},\"wordCount\":275,\"commentCount\":0,\"image\":{\"@id\":\"https:\\\/\\\/kuzeyinsesi.org\\\/index.php\\\/2024\\\/07\\\/15\\\/kibris-kapilari-sergisi-ercan-havalimaninda-sergileniyor\\\/#primaryimage\"},\"thumbnailUrl\":\"https:\\\/\\\/kuzeyinsesi.org\\\/wp-content\\\/uploads\\\/2024\\\/07\\\/ercan-sergi-2-.jpeg\",\"articleSection\":[\"Ya\u015fam\"],\"inLanguage\":\"tr\",\"potentialAction\":[{\"@type\":\"CommentAction\",\"name\":\"Comment\",\"target\":[\"https:\\\/\\\/kuzeyinsesi.org\\\/index.php\\\/2024\\\/07\\\/15\\\/kibris-kapilari-sergisi-ercan-havalimaninda-sergileniyor\\\/#respond\"]}]},{\"@type\":\"WebPage\",\"@id\":\"https:\\\/\\\/kuzeyinsesi.org\\\/index.php\\\/2024\\\/07\\\/15\\\/kibris-kapilari-sergisi-ercan-havalimaninda-sergileniyor\\\/\",\"url\":\"https:\\\/\\\/kuzeyinsesi.org\\\/index.php\\\/2024\\\/07\\\/15\\\/kibris-kapilari-sergisi-ercan-havalimaninda-sergileniyor\\\/\",\"name\":\"K\u0131br\u0131s Kap\u0131lar\u0131 sergisi Ercan Havaliman\u0131\u2019nda sergileniyor - Kuzeyin Sesi\",\"isPartOf\":{\"@id\":\"https:\\\/\\\/kuzeyinsesi.org\\\/#website\"},\"primaryImageOfPage\":{\"@id\":\"https:\\\/\\\/kuzeyinsesi.org\\\/index.php\\\/2024\\\/07\\\/15\\\/kibris-kapilari-sergisi-ercan-havalimaninda-sergileniyor\\\/#primaryimage\"},\"image\":{\"@id\":\"https:\\\/\\\/kuzeyinsesi.org\\\/index.php\\\/2024\\\/07\\\/15\\\/kibris-kapilari-sergisi-ercan-havalimaninda-sergileniyor\\\/#primaryimage\"},\"thumbnailUrl\":\"https:\\\/\\\/kuzeyinsesi.org\\\/wp-content\\\/uploads\\\/2024\\\/07\\\/ercan-sergi-2-.jpeg\",\"datePublished\":\"2024-07-15T13:15:11+00:00\",\"author\":{\"@id\":\"https:\\\/\\\/kuzeyinsesi.org\\\/#\\\/schema\\\/person\\\/9f859689cdf01485597712386e37f5aa\"},\"breadcrumb\":{\"@id\":\"https:\\\/\\\/kuzeyinsesi.org\\\/index.php\\\/2024\\\/07\\\/15\\\/kibris-kapilari-sergisi-ercan-havalimaninda-sergileniyor\\\/#breadcrumb\"},\"inLanguage\":\"tr\",\"potentialAction\":[{\"@type\":\"ReadAction\",\"target\":[\"https:\\\/\\\/kuzeyinsesi.org\\\/index.php\\\/2024\\\/07\\\/15\\\/kibris-kapilari-sergisi-ercan-havalimaninda-sergileniyor\\\/\"]}]},{\"@type\":\"ImageObject\",\"inLanguage\":\"tr\",\"@id\":\"https:\\\/\\\/kuzeyinsesi.org\\\/index.php\\\/2024\\\/07\\\/15\\\/kibris-kapilari-sergisi-ercan-havalimaninda-sergileniyor\\\/#primaryimage\",\"url\":\"https:\\\/\\\/kuzeyinsesi.org\\\/wp-content\\\/uploads\\\/2024\\\/07\\\/ercan-sergi-2-.jpeg\",\"contentUrl\":\"https:\\\/\\\/kuzeyinsesi.org\\\/wp-content\\\/uploads\\\/2024\\\/07\\\/ercan-sergi-2-.jpeg\",\"width\":2048,\"height\":1536},{\"@type\":\"BreadcrumbList\",\"@id\":\"https:\\\/\\\/kuzeyinsesi.org\\\/index.php\\\/2024\\\/07\\\/15\\\/kibris-kapilari-sergisi-ercan-havalimaninda-sergileniyor\\\/#breadcrumb\",\"itemListElement\":[{\"@type\":\"ListItem\",\"position\":1,\"name\":\"Anasayfa\",\"item\":\"https:\\\/\\\/kuzeyinsesi.org\\\/\"},{\"@type\":\"ListItem\",\"position\":2,\"name\":\"K\u0131br\u0131s Kap\u0131lar\u0131 sergisi Ercan Havaliman\u0131\u2019nda sergileniyor\"}]},{\"@type\":\"WebSite\",\"@id\":\"https:\\\/\\\/kuzeyinsesi.org\\\/#website\",\"url\":\"https:\\\/\\\/kuzeyinsesi.org\\\/\",\"name\":\"Kuzeyin Sesi\",\"description\":\"Do\u011fru Haberin Adresi\",\"potentialAction\":[{\"@type\":\"SearchAction\",\"target\":{\"@type\":\"EntryPoint\",\"urlTemplate\":\"https:\\\/\\\/kuzeyinsesi.org\\\/?s={search_term_string}\"},\"query-input\":{\"@type\":\"PropertyValueSpecification\",\"valueRequired\":true,\"valueName\":\"search_term_string\"}}],\"inLanguage\":\"tr\"},{\"@type\":\"Person\",\"@id\":\"https:\\\/\\\/kuzeyinsesi.org\\\/#\\\/schema\\\/person\\\/9f859689cdf01485597712386e37f5aa\",\"name\":\"Kuzeyin Sesi\",\"image\":{\"@type\":\"ImageObject\",\"inLanguage\":\"tr\",\"@id\":\"https:\\\/\\\/secure.gravatar.com\\\/avatar\\\/bab33852abfd8b282518d6ed81826833d77c3c882d9ab608add591ccace47a44?s=96&d=mm&r=g\",\"url\":\"https:\\\/\\\/secure.gravatar.com\\\/avatar\\\/bab33852abfd8b282518d6ed81826833d77c3c882d9ab608add591ccace47a44?s=96&d=mm&r=g\",\"contentUrl\":\"https:\\\/\\\/secure.gravatar.com\\\/avatar\\\/bab33852abfd8b282518d6ed81826833d77c3c882d9ab608add591ccace47a44?s=96&d=mm&r=g\",\"caption\":\"Kuzeyin Sesi\"},\"sameAs\":[\"https:\\\/\\\/kuzeyinsesi.org\"],\"url\":\"https:\\\/\\\/kuzeyinsesi.org\\\/index.php\\\/author\\\/guven\\\/\"}]}<\/script>\n<!-- \/ Yoast SEO plugin. -->","yoast_head_json":{"title":"K\u0131br\u0131s Kap\u0131lar\u0131 sergisi Ercan Havaliman\u0131\u2019nda sergileniyor - Kuzeyin Sesi","robots":{"index":"index","follow":"follow","max-snippet":"max-snippet:-1","max-image-preview":"max-image-preview:large","max-video-preview":"max-video-preview:-1"},"canonical":"https:\/\/kuzeyinsesi.org\/index.php\/2024\/07\/15\/kibris-kapilari-sergisi-ercan-havalimaninda-sergileniyor\/","og_locale":"tr_TR","og_type":"article","og_title":"K\u0131br\u0131s Kap\u0131lar\u0131 sergisi Ercan Havaliman\u0131\u2019nda sergileniyor - Kuzeyin Sesi","og_description":"Ercan Havaliman\u0131\u2019nda K\u0131br\u0131s Kap\u0131lar\u0131 sergisi a\u00e7\u0131ld\u0131. Ba\u015fbakan Yard\u0131mc\u0131l\u0131\u011f\u0131, Turizm, K\u00fclt\u00fcr, Gen\u00e7lik ve \u00c7evre Bakanl\u0131\u011f\u0131\u2019na ba\u011fl\u0131 K\u00fclt\u00fcr Dairesi, Bay\u0131nd\u0131rl\u0131k ve Ula\u015ft\u0131rma Bakanl\u0131\u011f\u0131 ve T&amp;T Havaliman\u0131 \u0130\u015fletmecili\u011fi ile i\u015fbirli\u011fi yaparak, Ercan Havaliman\u0131\u2019nda K\u0131br\u0131s Kap\u0131lar\u0131 sergisi a\u00e7t\u0131. K\u00fclt\u00fcr Dairesi koleksiyonunda yer alan K\u0131br\u0131s Kap\u0131lar\u0131 tablolar\u0131, ah\u015fap minyat\u00fcr K\u0131br\u0131s kap\u0131lar\u0131 tablolar\u0131ndan olu\u015fan sergi, giden yolcu pasaport sonras\u0131 b\u00f6l\u00fcm\u00fcnde, 30 [&hellip;]","og_url":"https:\/\/kuzeyinsesi.org\/index.php\/2024\/07\/15\/kibris-kapilari-sergisi-ercan-havalimaninda-sergileniyor\/","og_site_name":"Kuzeyin Sesi","article_publisher":"https:\/\/www.facebook.com\/kuzeyinsesii","article_published_time":"2024-07-15T13:15:11+00:00","og_image":[{"url":"https:\/\/brtk.net\/wp-content\/uploads\/2024\/07\/15\/ercan-sergi-2-.jpeg?ver=b21d5f573e9a48ec41cfa14240657b31","type":"","width":"","height":""}],"author":"Kuzeyin Sesi","twitter_card":"summary_large_image","twitter_creator":"@kuzeyinsesii","twitter_site":"@kuzeyinsesii","twitter_misc":{"Yazan:":"Kuzeyin Sesi","Tahmini okuma s\u00fcresi":"1 dakika"},"schema":{"@context":"https:\/\/schema.org","@graph":[{"@type":"Article","@id":"https:\/\/kuzeyinsesi.org\/index.php\/2024\/07\/15\/kibris-kapilari-sergisi-ercan-havalimaninda-sergileniyor\/#article","isPartOf":{"@id":"https:\/\/kuzeyinsesi.org\/index.php\/2024\/07\/15\/kibris-kapilari-sergisi-ercan-havalimaninda-sergileniyor\/"},"author":{"name":"Kuzeyin Sesi","@id":"https:\/\/kuzeyinsesi.org\/#\/schema\/person\/9f859689cdf01485597712386e37f5aa"},"headline":"K\u0131br\u0131s Kap\u0131lar\u0131 sergisi Ercan Havaliman\u0131\u2019nda sergileniyor","datePublished":"2024-07-15T13:15:11+00:00","mainEntityOfPage":{"@id":"https:\/\/kuzeyinsesi.org\/index.php\/2024\/07\/15\/kibris-kapilari-sergisi-ercan-havalimaninda-sergileniyor\/"},"wordCount":275,"commentCount":0,"image":{"@id":"https:\/\/kuzeyinsesi.org\/index.php\/2024\/07\/15\/kibris-kapilari-sergisi-ercan-havalimaninda-sergileniyor\/#primaryimage"},"thumbnailUrl":"https:\/\/kuzeyinsesi.org\/wp-content\/uploads\/2024\/07\/ercan-sergi-2-.jpeg","articleSection":["Ya\u015fam"],"inLanguage":"tr","potentialAction":[{"@type":"CommentAction","name":"Comment","target":["https:\/\/kuzeyinsesi.org\/index.php\/2024\/07\/15\/kibris-kapilari-sergisi-ercan-havalimaninda-sergileniyor\/#respond"]}]},{"@type":"WebPage","@id":"https:\/\/kuzeyinsesi.org\/index.php\/2024\/07\/15\/kibris-kapilari-sergisi-ercan-havalimaninda-sergileniyor\/","url":"https:\/\/kuzeyinsesi.org\/index.php\/2024\/07\/15\/kibris-kapilari-sergisi-ercan-havalimaninda-sergileniyor\/","name":"K\u0131br\u0131s Kap\u0131lar\u0131 sergisi Ercan Havaliman\u0131\u2019nda sergileniyor - Kuzeyin Sesi","isPartOf":{"@id":"https:\/\/kuzeyinsesi.org\/#website"},"primaryImageOfPage":{"@id":"https:\/\/kuzeyinsesi.org\/index.php\/2024\/07\/15\/kibris-kapilari-sergisi-ercan-havalimaninda-sergileniyor\/#primaryimage"},"image":{"@id":"https:\/\/kuzeyinsesi.org\/index.php\/2024\/07\/15\/kibris-kapilari-sergisi-ercan-havalimaninda-sergileniyor\/#primaryimage"},"thumbnailUrl":"https:\/\/kuzeyinsesi.org\/wp-content\/uploads\/2024\/07\/ercan-sergi-2-.jpeg","datePublished":"2024-07-15T13:15:11+00:00","author":{"@id":"https:\/\/kuzeyinsesi.org\/#\/schema\/person\/9f859689cdf01485597712386e37f5aa"},"breadcrumb":{"@id":"https:\/\/kuzeyinsesi.org\/index.php\/2024\/07\/15\/kibris-kapilari-sergisi-ercan-havalimaninda-sergileniyor\/#breadcrumb"},"inLanguage":"tr","potentialAction":[{"@type":"ReadAction","target":["https:\/\/kuzeyinsesi.org\/index.php\/2024\/07\/15\/kibris-kapilari-sergisi-ercan-havalimaninda-sergileniyor\/"]}]},{"@type":"ImageObject","inLanguage":"tr","@id":"https:\/\/kuzeyinsesi.org\/index.php\/2024\/07\/15\/kibris-kapilari-sergisi-ercan-havalimaninda-sergileniyor\/#primaryimage","url":"https:\/\/kuzeyinsesi.org\/wp-content\/uploads\/2024\/07\/ercan-sergi-2-.jpeg","contentUrl":"https:\/\/kuzeyinsesi.org\/wp-content\/uploads\/2024\/07\/ercan-sergi-2-.jpeg","width":2048,"height":1536},{"@type":"BreadcrumbList","@id":"https:\/\/kuzeyinsesi.org\/index.php\/2024\/07\/15\/kibris-kapilari-sergisi-ercan-havalimaninda-sergileniyor\/#breadcrumb","itemListElement":[{"@type":"ListItem","position":1,"name":"Anasayfa","item":"https:\/\/kuzeyinsesi.org\/"},{"@type":"ListItem","position":2,"name":"K\u0131br\u0131s Kap\u0131lar\u0131 sergisi Ercan Havaliman\u0131\u2019nda sergileniyor"}]},{"@type":"WebSite","@id":"https:\/\/kuzeyinsesi.org\/#website","url":"https:\/\/kuzeyinsesi.org\/","name":"Kuzeyin Sesi","description":"Do\u011fru Haberin Adresi","potentialAction":[{"@type":"SearchAction","target":{"@type":"EntryPoint","urlTemplate":"https:\/\/kuzeyinsesi.org\/?s={search_term_string}"},"query-input":{"@type":"PropertyValueSpecification","valueRequired":true,"valueName":"search_term_string"}}],"inLanguage":"tr"},{"@type":"Person","@id":"https:\/\/kuzeyinsesi.org\/#\/schema\/person\/9f859689cdf01485597712386e37f5aa","name":"Kuzeyin Sesi","image":{"@type":"ImageObject","inLanguage":"tr","@id":"https:\/\/secure.gravatar.com\/avatar\/bab33852abfd8b282518d6ed81826833d77c3c882d9ab608add591ccace47a44?s=96&d=mm&r=g","url":"https:\/\/secure.gravatar.com\/avatar\/bab33852abfd8b282518d6ed81826833d77c3c882d9ab608add591ccace47a44?s=96&d=mm&r=g","contentUrl":"https:\/\/secure.gravatar.com\/avatar\/bab33852abfd8b282518d6ed81826833d77c3c882d9ab608add591ccace47a44?s=96&d=mm&r=g","caption":"Kuzeyin Sesi"},"sameAs":["https:\/\/kuzeyinsesi.org"],"url":"https:\/\/kuzeyinsesi.org\/index.php\/author\/guven\/"}]}},"_links":{"self":[{"href":"https:\/\/kuzeyinsesi.org\/index.php\/wp-json\/wp\/v2\/posts\/6404","targetHints":{"allow":["GET"]}}],"collection":[{"href":"https:\/\/kuzeyinsesi.org\/index.php\/wp-json\/wp\/v2\/posts"}],"about":[{"href":"https:\/\/kuzeyinsesi.org\/index.php\/wp-json\/wp\/v2\/types\/post"}],"author":[{"embeddable":true,"href":"https:\/\/kuzeyinsesi.org\/index.php\/wp-json\/wp\/v2\/users\/1"}],"replies":[{"embeddable":true,"href":"https:\/\/kuzeyinsesi.org\/index.php\/wp-json\/wp\/v2\/comments?post=6404"}],"version-history":[{"count":0,"href":"https:\/\/kuzeyinsesi.org\/index.php\/wp-json\/wp\/v2\/posts\/6404\/revisions"}],"wp:featuredmedia":[{"embeddable":true,"href":"https:\/\/kuzeyinsesi.org\/index.php\/wp-json\/wp\/v2\/media\/6405"}],"wp:attachment":[{"href":"https:\/\/kuzeyinsesi.org\/index.php\/wp-json\/wp\/v2\/media?parent=6404"}],"wp:term":[{"taxonomy":"category","embeddable":true,"href":"https:\/\/kuzeyinsesi.org\/index.php\/wp-json\/wp\/v2\/categories?post=6404"},{"taxonomy":"post_tag","embeddable":true,"href":"https:\/\/kuzeyinsesi.org\/index.php\/wp-json\/wp\/v2\/tags?post=6404"}],"curies":[{"name":"wp","href":"https:\/\/api.w.org\/{rel}","templated":true}]}}