{"id":6397,"date":"2024-07-15T15:08:46","date_gmt":"2024-07-15T12:08:46","guid":{"rendered":"https:\/\/kuzeyinsesi.org\/index.php\/2024\/07\/15\/girne-tiyatro-sunun-nehir-oyunu-portekizde-sahnelenecek\/"},"modified":"2024-07-15T15:08:46","modified_gmt":"2024-07-15T12:08:46","slug":"girne-tiyatro-sunun-nehir-oyunu-portekizde-sahnelenecek","status":"publish","type":"post","link":"https:\/\/kuzeyinsesi.org\/index.php\/2024\/07\/15\/girne-tiyatro-sunun-nehir-oyunu-portekizde-sahnelenecek\/","title":{"rendered":"Girne Tiyatro Su\u2019nun \u201cNehir\u201d oyunu Portekiz\u2019de sahnelenecek"},"content":{"rendered":"<div>\n<div class=\"mariselle-image-container center\">\n                                            <\/div>\n<p>Girne Tiyatro Su ve Tiyatro Roi\u2019nin ortak oyunu \u201cNehir\u201d Portekiz\u2019de sahnelenecek.<\/p>\n<p>Girne Tiyatro Su\u2019dan yap\u0131lan a\u00e7\u0131klamaya g\u00f6re, \u201cNehir\u201d, cumartesi g\u00fcn\u00fc Portekiz\u2019in Braga \u015fehrinde d\u00fcnya pr\u00f6miyerini yapacak. <\/p>\n<p>Girne Tiyatro Su\u2019nun da \u00fcyesi oldu\u011fu Avrasya Tiyatrolar Birli\u011fi\u2019nin (ETA) organizasyonuyla, bu y\u0131l sekiz farkl\u0131 \u00fclkeden tiyatrolar\u0131n kat\u0131laca\u011f\u0131 MIT 24 Uluslararas\u0131 Tiyatro Festivali\u2019nde yer alacak oyun, Andreas Nikolaidies taraf\u0131ndan yaz\u0131ld\u0131 ve Girne Tiyatro Su\u2019nun Sanat Y\u00f6netmeni Derman Atik taraf\u0131ndan y\u00f6netildi. <\/p>\n<p>Oyun, y\u0131llard\u0131r farkl\u0131 sebeplerle kirletilen bir nehrin bulundu\u011fu \u00fclkede ya\u015fayan iki toplumun farkl\u0131 dillerde (T\u00fcrk\u00e7e ve Rumca) konu\u015fmalar\u0131na ra\u011fmen, birbirlerini anlayabildikleri halde \u00fclkeyi ikiye b\u00f6len bu nehrin yayd\u0131\u011f\u0131 pis kokudan kurtulamamalar\u0131n\u0131 ve bir ba\u015fka \u00fclkeden gelen ve \u00fc\u00e7\u00fcnc\u00fc bir dil (\u0130ngilizce) konu\u015fan bir uzman\u0131n sorunu \u00e7\u00f6zmek i\u00e7in katk\u0131 yapmaya \u00e7al\u0131\u015fmas\u0131n\u0131 trajikomik bir bi\u00e7imde ele al\u0131yor. <\/p>\n<p>Oyunun pr\u00f6miyerinde alt yaz\u0131 olarak d\u00f6rd\u00fcnc\u00fc bir dil olan Portekizce; K\u0131br\u0131s\u2019taki sahnesinde ise alt yaz\u0131 olarak Rumca ve T\u00fcrk\u00e7e kullan\u0131lacak oyunda, Cenk G\u00fcr\u00e7a\u011f, Valentina Sofokleus ve Andreas Nicolaides rol al\u0131yor. <\/p>\n<p>Oyunun reji asistanl\u0131\u011f\u0131n\u0131 \u0130lk\u015fen Varo\u011flu Atik,  teknik sorumlulu\u011funu Dimitris Giannaku, alt yaz\u0131lar\u0131n\u0131 ve afi\u015f tasar\u0131m\u0131n\u0131 ise \u0130lde Atik yap\u0131yor.<\/p>\n<\/p><\/div>\n<p><script async\n                    defer\n                    crossorigin=\"anonymous\"\n                    src=\"https:\/\/connect.facebook.net\/tr_TR\/sdk.js#xfbml=1&#038;version=v3.3\"\n            ><\/script><\/p>\n","protected":false},"excerpt":{"rendered":"<p>Girne Tiyatro Su ve Tiyatro Roi\u2019nin ortak oyunu \u201cNehir\u201d Portekiz\u2019de sahnelenecek. Girne Tiyatro Su\u2019dan yap\u0131lan a\u00e7\u0131klamaya g\u00f6re, \u201cNehir\u201d, cumartesi g\u00fcn\u00fc Portekiz\u2019in Braga \u015fehrinde d\u00fcnya pr\u00f6miyerini yapacak. Girne Tiyatro Su\u2019nun da \u00fcyesi oldu\u011fu Avrasya Tiyatrolar Birli\u011fi\u2019nin (ETA) organizasyonuyla, bu y\u0131l sekiz farkl\u0131 \u00fclkeden tiyatrolar\u0131n kat\u0131laca\u011f\u0131 MIT 24 Uluslararas\u0131 Tiyatro Festivali\u2019nde yer alacak oyun, Andreas Nikolaidies taraf\u0131ndan [&hellip;]<\/p>\n","protected":false},"author":1,"featured_media":6398,"comment_status":"open","ping_status":"open","sticky":false,"template":"","format":"standard","meta":{"jnews-multi-image_gallery":[],"jnews_single_post":[],"jnews_primary_category":[],"jnews_social_meta":[],"jnews_override_counter":[],"footnotes":""},"categories":[6],"tags":[],"class_list":["post-6397","post","type-post","status-publish","format-standard","has-post-thumbnail","hentry","category-yasam"],"yoast_head":"<!-- This site is optimized with the Yoast SEO plugin v27.5 - https:\/\/yoast.com\/product\/yoast-seo-wordpress\/ -->\n<title>Girne Tiyatro Su\u2019nun \u201cNehir\u201d oyunu Portekiz\u2019de sahnelenecek - Kuzeyin Sesi<\/title>\n<meta name=\"robots\" content=\"index, follow, max-snippet:-1, max-image-preview:large, max-video-preview:-1\" \/>\n<link rel=\"canonical\" href=\"https:\/\/kuzeyinsesi.org\/index.php\/2024\/07\/15\/girne-tiyatro-sunun-nehir-oyunu-portekizde-sahnelenecek\/\" \/>\n<meta property=\"og:locale\" content=\"tr_TR\" \/>\n<meta property=\"og:type\" content=\"article\" \/>\n<meta property=\"og:title\" content=\"Girne Tiyatro Su\u2019nun \u201cNehir\u201d oyunu Portekiz\u2019de sahnelenecek - Kuzeyin Sesi\" \/>\n<meta property=\"og:description\" content=\"Girne Tiyatro Su ve Tiyatro Roi\u2019nin ortak oyunu \u201cNehir\u201d Portekiz\u2019de sahnelenecek. Girne Tiyatro Su\u2019dan yap\u0131lan a\u00e7\u0131klamaya g\u00f6re, \u201cNehir\u201d, cumartesi g\u00fcn\u00fc Portekiz\u2019in Braga \u015fehrinde d\u00fcnya pr\u00f6miyerini yapacak. Girne Tiyatro Su\u2019nun da \u00fcyesi oldu\u011fu Avrasya Tiyatrolar Birli\u011fi\u2019nin (ETA) organizasyonuyla, bu y\u0131l sekiz farkl\u0131 \u00fclkeden tiyatrolar\u0131n kat\u0131laca\u011f\u0131 MIT 24 Uluslararas\u0131 Tiyatro Festivali\u2019nde yer alacak oyun, Andreas Nikolaidies taraf\u0131ndan [&hellip;]\" \/>\n<meta property=\"og:url\" content=\"https:\/\/kuzeyinsesi.org\/index.php\/2024\/07\/15\/girne-tiyatro-sunun-nehir-oyunu-portekizde-sahnelenecek\/\" \/>\n<meta property=\"og:site_name\" content=\"Kuzeyin Sesi\" \/>\n<meta property=\"article:publisher\" content=\"https:\/\/www.facebook.com\/kuzeyinsesii\" \/>\n<meta property=\"article:published_time\" content=\"2024-07-15T12:08:46+00:00\" \/>\n<meta property=\"og:image\" content=\"https:\/\/brtk.net\/wp-content\/uploads\/2024\/07\/15\/551tgs.jpg?ver=39f3ff409eb1000ccd4f3dd3b852cc8a\" \/>\n<meta name=\"author\" content=\"Kuzeyin Sesi\" \/>\n<meta name=\"twitter:card\" content=\"summary_large_image\" \/>\n<meta name=\"twitter:creator\" content=\"@kuzeyinsesii\" \/>\n<meta name=\"twitter:site\" content=\"@kuzeyinsesii\" \/>\n<meta name=\"twitter:label1\" content=\"Yazan:\" \/>\n\t<meta name=\"twitter:data1\" content=\"Kuzeyin Sesi\" \/>\n\t<meta name=\"twitter:label2\" content=\"Tahmini okuma s\u00fcresi\" \/>\n\t<meta name=\"twitter:data2\" content=\"1 dakika\" \/>\n<script type=\"application\/ld+json\" class=\"yoast-schema-graph\">{\"@context\":\"https:\\\/\\\/schema.org\",\"@graph\":[{\"@type\":\"Article\",\"@id\":\"https:\\\/\\\/kuzeyinsesi.org\\\/index.php\\\/2024\\\/07\\\/15\\\/girne-tiyatro-sunun-nehir-oyunu-portekizde-sahnelenecek\\\/#article\",\"isPartOf\":{\"@id\":\"https:\\\/\\\/kuzeyinsesi.org\\\/index.php\\\/2024\\\/07\\\/15\\\/girne-tiyatro-sunun-nehir-oyunu-portekizde-sahnelenecek\\\/\"},\"author\":{\"name\":\"Kuzeyin Sesi\",\"@id\":\"https:\\\/\\\/kuzeyinsesi.org\\\/#\\\/schema\\\/person\\\/9f859689cdf01485597712386e37f5aa\"},\"headline\":\"Girne Tiyatro Su\u2019nun \u201cNehir\u201d oyunu Portekiz\u2019de sahnelenecek\",\"datePublished\":\"2024-07-15T12:08:46+00:00\",\"mainEntityOfPage\":{\"@id\":\"https:\\\/\\\/kuzeyinsesi.org\\\/index.php\\\/2024\\\/07\\\/15\\\/girne-tiyatro-sunun-nehir-oyunu-portekizde-sahnelenecek\\\/\"},\"wordCount\":242,\"commentCount\":0,\"image\":{\"@id\":\"https:\\\/\\\/kuzeyinsesi.org\\\/index.php\\\/2024\\\/07\\\/15\\\/girne-tiyatro-sunun-nehir-oyunu-portekizde-sahnelenecek\\\/#primaryimage\"},\"thumbnailUrl\":\"https:\\\/\\\/kuzeyinsesi.org\\\/wp-content\\\/uploads\\\/2024\\\/07\\\/551tgs.jpg\",\"articleSection\":[\"Ya\u015fam\"],\"inLanguage\":\"tr\",\"potentialAction\":[{\"@type\":\"CommentAction\",\"name\":\"Comment\",\"target\":[\"https:\\\/\\\/kuzeyinsesi.org\\\/index.php\\\/2024\\\/07\\\/15\\\/girne-tiyatro-sunun-nehir-oyunu-portekizde-sahnelenecek\\\/#respond\"]}]},{\"@type\":\"WebPage\",\"@id\":\"https:\\\/\\\/kuzeyinsesi.org\\\/index.php\\\/2024\\\/07\\\/15\\\/girne-tiyatro-sunun-nehir-oyunu-portekizde-sahnelenecek\\\/\",\"url\":\"https:\\\/\\\/kuzeyinsesi.org\\\/index.php\\\/2024\\\/07\\\/15\\\/girne-tiyatro-sunun-nehir-oyunu-portekizde-sahnelenecek\\\/\",\"name\":\"Girne Tiyatro Su\u2019nun \u201cNehir\u201d oyunu Portekiz\u2019de sahnelenecek - Kuzeyin Sesi\",\"isPartOf\":{\"@id\":\"https:\\\/\\\/kuzeyinsesi.org\\\/#website\"},\"primaryImageOfPage\":{\"@id\":\"https:\\\/\\\/kuzeyinsesi.org\\\/index.php\\\/2024\\\/07\\\/15\\\/girne-tiyatro-sunun-nehir-oyunu-portekizde-sahnelenecek\\\/#primaryimage\"},\"image\":{\"@id\":\"https:\\\/\\\/kuzeyinsesi.org\\\/index.php\\\/2024\\\/07\\\/15\\\/girne-tiyatro-sunun-nehir-oyunu-portekizde-sahnelenecek\\\/#primaryimage\"},\"thumbnailUrl\":\"https:\\\/\\\/kuzeyinsesi.org\\\/wp-content\\\/uploads\\\/2024\\\/07\\\/551tgs.jpg\",\"datePublished\":\"2024-07-15T12:08:46+00:00\",\"author\":{\"@id\":\"https:\\\/\\\/kuzeyinsesi.org\\\/#\\\/schema\\\/person\\\/9f859689cdf01485597712386e37f5aa\"},\"breadcrumb\":{\"@id\":\"https:\\\/\\\/kuzeyinsesi.org\\\/index.php\\\/2024\\\/07\\\/15\\\/girne-tiyatro-sunun-nehir-oyunu-portekizde-sahnelenecek\\\/#breadcrumb\"},\"inLanguage\":\"tr\",\"potentialAction\":[{\"@type\":\"ReadAction\",\"target\":[\"https:\\\/\\\/kuzeyinsesi.org\\\/index.php\\\/2024\\\/07\\\/15\\\/girne-tiyatro-sunun-nehir-oyunu-portekizde-sahnelenecek\\\/\"]}]},{\"@type\":\"ImageObject\",\"inLanguage\":\"tr\",\"@id\":\"https:\\\/\\\/kuzeyinsesi.org\\\/index.php\\\/2024\\\/07\\\/15\\\/girne-tiyatro-sunun-nehir-oyunu-portekizde-sahnelenecek\\\/#primaryimage\",\"url\":\"https:\\\/\\\/kuzeyinsesi.org\\\/wp-content\\\/uploads\\\/2024\\\/07\\\/551tgs.jpg\",\"contentUrl\":\"https:\\\/\\\/kuzeyinsesi.org\\\/wp-content\\\/uploads\\\/2024\\\/07\\\/551tgs.jpg\",\"width\":1600,\"height\":908},{\"@type\":\"BreadcrumbList\",\"@id\":\"https:\\\/\\\/kuzeyinsesi.org\\\/index.php\\\/2024\\\/07\\\/15\\\/girne-tiyatro-sunun-nehir-oyunu-portekizde-sahnelenecek\\\/#breadcrumb\",\"itemListElement\":[{\"@type\":\"ListItem\",\"position\":1,\"name\":\"Anasayfa\",\"item\":\"https:\\\/\\\/kuzeyinsesi.org\\\/\"},{\"@type\":\"ListItem\",\"position\":2,\"name\":\"Girne Tiyatro Su\u2019nun \u201cNehir\u201d oyunu Portekiz\u2019de sahnelenecek\"}]},{\"@type\":\"WebSite\",\"@id\":\"https:\\\/\\\/kuzeyinsesi.org\\\/#website\",\"url\":\"https:\\\/\\\/kuzeyinsesi.org\\\/\",\"name\":\"Kuzeyin Sesi\",\"description\":\"Do\u011fru Haberin Adresi\",\"potentialAction\":[{\"@type\":\"SearchAction\",\"target\":{\"@type\":\"EntryPoint\",\"urlTemplate\":\"https:\\\/\\\/kuzeyinsesi.org\\\/?s={search_term_string}\"},\"query-input\":{\"@type\":\"PropertyValueSpecification\",\"valueRequired\":true,\"valueName\":\"search_term_string\"}}],\"inLanguage\":\"tr\"},{\"@type\":\"Person\",\"@id\":\"https:\\\/\\\/kuzeyinsesi.org\\\/#\\\/schema\\\/person\\\/9f859689cdf01485597712386e37f5aa\",\"name\":\"Kuzeyin Sesi\",\"image\":{\"@type\":\"ImageObject\",\"inLanguage\":\"tr\",\"@id\":\"https:\\\/\\\/secure.gravatar.com\\\/avatar\\\/bab33852abfd8b282518d6ed81826833d77c3c882d9ab608add591ccace47a44?s=96&d=mm&r=g\",\"url\":\"https:\\\/\\\/secure.gravatar.com\\\/avatar\\\/bab33852abfd8b282518d6ed81826833d77c3c882d9ab608add591ccace47a44?s=96&d=mm&r=g\",\"contentUrl\":\"https:\\\/\\\/secure.gravatar.com\\\/avatar\\\/bab33852abfd8b282518d6ed81826833d77c3c882d9ab608add591ccace47a44?s=96&d=mm&r=g\",\"caption\":\"Kuzeyin Sesi\"},\"sameAs\":[\"https:\\\/\\\/kuzeyinsesi.org\"],\"url\":\"https:\\\/\\\/kuzeyinsesi.org\\\/index.php\\\/author\\\/guven\\\/\"}]}<\/script>\n<!-- \/ Yoast SEO plugin. -->","yoast_head_json":{"title":"Girne Tiyatro Su\u2019nun \u201cNehir\u201d oyunu Portekiz\u2019de sahnelenecek - Kuzeyin Sesi","robots":{"index":"index","follow":"follow","max-snippet":"max-snippet:-1","max-image-preview":"max-image-preview:large","max-video-preview":"max-video-preview:-1"},"canonical":"https:\/\/kuzeyinsesi.org\/index.php\/2024\/07\/15\/girne-tiyatro-sunun-nehir-oyunu-portekizde-sahnelenecek\/","og_locale":"tr_TR","og_type":"article","og_title":"Girne Tiyatro Su\u2019nun \u201cNehir\u201d oyunu Portekiz\u2019de sahnelenecek - Kuzeyin Sesi","og_description":"Girne Tiyatro Su ve Tiyatro Roi\u2019nin ortak oyunu \u201cNehir\u201d Portekiz\u2019de sahnelenecek. Girne Tiyatro Su\u2019dan yap\u0131lan a\u00e7\u0131klamaya g\u00f6re, \u201cNehir\u201d, cumartesi g\u00fcn\u00fc Portekiz\u2019in Braga \u015fehrinde d\u00fcnya pr\u00f6miyerini yapacak. Girne Tiyatro Su\u2019nun da \u00fcyesi oldu\u011fu Avrasya Tiyatrolar Birli\u011fi\u2019nin (ETA) organizasyonuyla, bu y\u0131l sekiz farkl\u0131 \u00fclkeden tiyatrolar\u0131n kat\u0131laca\u011f\u0131 MIT 24 Uluslararas\u0131 Tiyatro Festivali\u2019nde yer alacak oyun, Andreas Nikolaidies taraf\u0131ndan [&hellip;]","og_url":"https:\/\/kuzeyinsesi.org\/index.php\/2024\/07\/15\/girne-tiyatro-sunun-nehir-oyunu-portekizde-sahnelenecek\/","og_site_name":"Kuzeyin Sesi","article_publisher":"https:\/\/www.facebook.com\/kuzeyinsesii","article_published_time":"2024-07-15T12:08:46+00:00","og_image":[{"url":"https:\/\/brtk.net\/wp-content\/uploads\/2024\/07\/15\/551tgs.jpg?ver=39f3ff409eb1000ccd4f3dd3b852cc8a","type":"","width":"","height":""}],"author":"Kuzeyin Sesi","twitter_card":"summary_large_image","twitter_creator":"@kuzeyinsesii","twitter_site":"@kuzeyinsesii","twitter_misc":{"Yazan:":"Kuzeyin Sesi","Tahmini okuma s\u00fcresi":"1 dakika"},"schema":{"@context":"https:\/\/schema.org","@graph":[{"@type":"Article","@id":"https:\/\/kuzeyinsesi.org\/index.php\/2024\/07\/15\/girne-tiyatro-sunun-nehir-oyunu-portekizde-sahnelenecek\/#article","isPartOf":{"@id":"https:\/\/kuzeyinsesi.org\/index.php\/2024\/07\/15\/girne-tiyatro-sunun-nehir-oyunu-portekizde-sahnelenecek\/"},"author":{"name":"Kuzeyin Sesi","@id":"https:\/\/kuzeyinsesi.org\/#\/schema\/person\/9f859689cdf01485597712386e37f5aa"},"headline":"Girne Tiyatro Su\u2019nun \u201cNehir\u201d oyunu Portekiz\u2019de sahnelenecek","datePublished":"2024-07-15T12:08:46+00:00","mainEntityOfPage":{"@id":"https:\/\/kuzeyinsesi.org\/index.php\/2024\/07\/15\/girne-tiyatro-sunun-nehir-oyunu-portekizde-sahnelenecek\/"},"wordCount":242,"commentCount":0,"image":{"@id":"https:\/\/kuzeyinsesi.org\/index.php\/2024\/07\/15\/girne-tiyatro-sunun-nehir-oyunu-portekizde-sahnelenecek\/#primaryimage"},"thumbnailUrl":"https:\/\/kuzeyinsesi.org\/wp-content\/uploads\/2024\/07\/551tgs.jpg","articleSection":["Ya\u015fam"],"inLanguage":"tr","potentialAction":[{"@type":"CommentAction","name":"Comment","target":["https:\/\/kuzeyinsesi.org\/index.php\/2024\/07\/15\/girne-tiyatro-sunun-nehir-oyunu-portekizde-sahnelenecek\/#respond"]}]},{"@type":"WebPage","@id":"https:\/\/kuzeyinsesi.org\/index.php\/2024\/07\/15\/girne-tiyatro-sunun-nehir-oyunu-portekizde-sahnelenecek\/","url":"https:\/\/kuzeyinsesi.org\/index.php\/2024\/07\/15\/girne-tiyatro-sunun-nehir-oyunu-portekizde-sahnelenecek\/","name":"Girne Tiyatro Su\u2019nun \u201cNehir\u201d oyunu Portekiz\u2019de sahnelenecek - Kuzeyin Sesi","isPartOf":{"@id":"https:\/\/kuzeyinsesi.org\/#website"},"primaryImageOfPage":{"@id":"https:\/\/kuzeyinsesi.org\/index.php\/2024\/07\/15\/girne-tiyatro-sunun-nehir-oyunu-portekizde-sahnelenecek\/#primaryimage"},"image":{"@id":"https:\/\/kuzeyinsesi.org\/index.php\/2024\/07\/15\/girne-tiyatro-sunun-nehir-oyunu-portekizde-sahnelenecek\/#primaryimage"},"thumbnailUrl":"https:\/\/kuzeyinsesi.org\/wp-content\/uploads\/2024\/07\/551tgs.jpg","datePublished":"2024-07-15T12:08:46+00:00","author":{"@id":"https:\/\/kuzeyinsesi.org\/#\/schema\/person\/9f859689cdf01485597712386e37f5aa"},"breadcrumb":{"@id":"https:\/\/kuzeyinsesi.org\/index.php\/2024\/07\/15\/girne-tiyatro-sunun-nehir-oyunu-portekizde-sahnelenecek\/#breadcrumb"},"inLanguage":"tr","potentialAction":[{"@type":"ReadAction","target":["https:\/\/kuzeyinsesi.org\/index.php\/2024\/07\/15\/girne-tiyatro-sunun-nehir-oyunu-portekizde-sahnelenecek\/"]}]},{"@type":"ImageObject","inLanguage":"tr","@id":"https:\/\/kuzeyinsesi.org\/index.php\/2024\/07\/15\/girne-tiyatro-sunun-nehir-oyunu-portekizde-sahnelenecek\/#primaryimage","url":"https:\/\/kuzeyinsesi.org\/wp-content\/uploads\/2024\/07\/551tgs.jpg","contentUrl":"https:\/\/kuzeyinsesi.org\/wp-content\/uploads\/2024\/07\/551tgs.jpg","width":1600,"height":908},{"@type":"BreadcrumbList","@id":"https:\/\/kuzeyinsesi.org\/index.php\/2024\/07\/15\/girne-tiyatro-sunun-nehir-oyunu-portekizde-sahnelenecek\/#breadcrumb","itemListElement":[{"@type":"ListItem","position":1,"name":"Anasayfa","item":"https:\/\/kuzeyinsesi.org\/"},{"@type":"ListItem","position":2,"name":"Girne Tiyatro Su\u2019nun \u201cNehir\u201d oyunu Portekiz\u2019de sahnelenecek"}]},{"@type":"WebSite","@id":"https:\/\/kuzeyinsesi.org\/#website","url":"https:\/\/kuzeyinsesi.org\/","name":"Kuzeyin Sesi","description":"Do\u011fru Haberin Adresi","potentialAction":[{"@type":"SearchAction","target":{"@type":"EntryPoint","urlTemplate":"https:\/\/kuzeyinsesi.org\/?s={search_term_string}"},"query-input":{"@type":"PropertyValueSpecification","valueRequired":true,"valueName":"search_term_string"}}],"inLanguage":"tr"},{"@type":"Person","@id":"https:\/\/kuzeyinsesi.org\/#\/schema\/person\/9f859689cdf01485597712386e37f5aa","name":"Kuzeyin Sesi","image":{"@type":"ImageObject","inLanguage":"tr","@id":"https:\/\/secure.gravatar.com\/avatar\/bab33852abfd8b282518d6ed81826833d77c3c882d9ab608add591ccace47a44?s=96&d=mm&r=g","url":"https:\/\/secure.gravatar.com\/avatar\/bab33852abfd8b282518d6ed81826833d77c3c882d9ab608add591ccace47a44?s=96&d=mm&r=g","contentUrl":"https:\/\/secure.gravatar.com\/avatar\/bab33852abfd8b282518d6ed81826833d77c3c882d9ab608add591ccace47a44?s=96&d=mm&r=g","caption":"Kuzeyin Sesi"},"sameAs":["https:\/\/kuzeyinsesi.org"],"url":"https:\/\/kuzeyinsesi.org\/index.php\/author\/guven\/"}]}},"_links":{"self":[{"href":"https:\/\/kuzeyinsesi.org\/index.php\/wp-json\/wp\/v2\/posts\/6397","targetHints":{"allow":["GET"]}}],"collection":[{"href":"https:\/\/kuzeyinsesi.org\/index.php\/wp-json\/wp\/v2\/posts"}],"about":[{"href":"https:\/\/kuzeyinsesi.org\/index.php\/wp-json\/wp\/v2\/types\/post"}],"author":[{"embeddable":true,"href":"https:\/\/kuzeyinsesi.org\/index.php\/wp-json\/wp\/v2\/users\/1"}],"replies":[{"embeddable":true,"href":"https:\/\/kuzeyinsesi.org\/index.php\/wp-json\/wp\/v2\/comments?post=6397"}],"version-history":[{"count":0,"href":"https:\/\/kuzeyinsesi.org\/index.php\/wp-json\/wp\/v2\/posts\/6397\/revisions"}],"wp:featuredmedia":[{"embeddable":true,"href":"https:\/\/kuzeyinsesi.org\/index.php\/wp-json\/wp\/v2\/media\/6398"}],"wp:attachment":[{"href":"https:\/\/kuzeyinsesi.org\/index.php\/wp-json\/wp\/v2\/media?parent=6397"}],"wp:term":[{"taxonomy":"category","embeddable":true,"href":"https:\/\/kuzeyinsesi.org\/index.php\/wp-json\/wp\/v2\/categories?post=6397"},{"taxonomy":"post_tag","embeddable":true,"href":"https:\/\/kuzeyinsesi.org\/index.php\/wp-json\/wp\/v2\/tags?post=6397"}],"curies":[{"name":"wp","href":"https:\/\/api.w.org\/{rel}","templated":true}]}}