{"id":6321,"date":"2024-07-14T12:43:32","date_gmt":"2024-07-14T09:43:32","guid":{"rendered":"https:\/\/kuzeyinsesi.org\/index.php\/2024\/07\/14\/7-doganci-karpuz-kultur-ve-sanat-festivali-8-11-agustosta\/"},"modified":"2024-07-14T12:43:32","modified_gmt":"2024-07-14T09:43:32","slug":"7-doganci-karpuz-kultur-ve-sanat-festivali-8-11-agustosta","status":"publish","type":"post","link":"https:\/\/kuzeyinsesi.org\/index.php\/2024\/07\/14\/7-doganci-karpuz-kultur-ve-sanat-festivali-8-11-agustosta\/","title":{"rendered":"7. Do\u011fanc\u0131 Karpuz K\u00fclt\u00fcr ve Sanat Festivali 8-11 A\u011fustos\u2019ta"},"content":{"rendered":"<div>\n<div class=\"mariselle-image-container none\">\n                                            <\/div>\n<p>Do\u011fanc\u0131 Karpuz K\u00fclt\u00fcr ve Sanat Festivali 8-11 A\u011fustos tarihleri aras\u0131nda yap\u0131lacak.<\/p>\n<p>Dernekten verilen bilgiye g\u00f6re,\u00a0 7.\u2019si yap\u0131lacak Festival, Do\u011fanc\u0131 Kalk\u0131nd\u0131rma Derne\u011fi (DOKAD) ev sahipli\u011finde, Lefke Belediyesi\u2019nin katk\u0131lar\u0131, Do\u011fanc\u0131 Kooperatif Kredi \u015eti\u2019nin destekleri ve Alpcans ana sponsorlunda ger\u00e7ekle\u015ftirilecek.<\/p>\n<p>Festival boyunca stand kiralamak isteyenlerin bilgi i\u00e7in 05488202118 numaralar\u0131 telefondan derne\u011fe ula\u015fabilece\u011fi duyuruldu.<\/p>\n<\/p><\/div>\n<p><script async\n                    defer\n                    crossorigin=\"anonymous\"\n                    src=\"https:\/\/connect.facebook.net\/tr_TR\/sdk.js#xfbml=1&#038;version=v3.3\"\n            ><\/script><\/p>\n","protected":false},"excerpt":{"rendered":"<p>Do\u011fanc\u0131 Karpuz K\u00fclt\u00fcr ve Sanat Festivali 8-11 A\u011fustos tarihleri aras\u0131nda yap\u0131lacak. Dernekten verilen bilgiye g\u00f6re,\u00a0 7.\u2019si yap\u0131lacak Festival, Do\u011fanc\u0131 Kalk\u0131nd\u0131rma Derne\u011fi (DOKAD) ev sahipli\u011finde, Lefke Belediyesi\u2019nin katk\u0131lar\u0131, Do\u011fanc\u0131 Kooperatif Kredi \u015eti\u2019nin destekleri ve Alpcans ana sponsorlunda ger\u00e7ekle\u015ftirilecek. Festival boyunca stand kiralamak isteyenlerin bilgi i\u00e7in 05488202118 numaralar\u0131 telefondan derne\u011fe ula\u015fabilece\u011fi duyuruldu.<\/p>\n","protected":false},"author":1,"featured_media":6322,"comment_status":"open","ping_status":"open","sticky":false,"template":"","format":"standard","meta":{"jnews-multi-image_gallery":[],"jnews_single_post":[],"jnews_primary_category":[],"jnews_social_meta":[],"jnews_override_counter":[],"footnotes":""},"categories":[6],"tags":[],"class_list":["post-6321","post","type-post","status-publish","format-standard","has-post-thumbnail","hentry","category-yasam"],"yoast_head":"<!-- This site is optimized with the Yoast SEO plugin v27.5 - https:\/\/yoast.com\/product\/yoast-seo-wordpress\/ -->\n<title>7. Do\u011fanc\u0131 Karpuz K\u00fclt\u00fcr ve Sanat Festivali 8-11 A\u011fustos\u2019ta - Kuzeyin Sesi<\/title>\n<meta name=\"robots\" content=\"index, follow, max-snippet:-1, max-image-preview:large, max-video-preview:-1\" \/>\n<link rel=\"canonical\" href=\"https:\/\/kuzeyinsesi.org\/index.php\/2024\/07\/14\/7-doganci-karpuz-kultur-ve-sanat-festivali-8-11-agustosta\/\" \/>\n<meta property=\"og:locale\" content=\"tr_TR\" \/>\n<meta property=\"og:type\" content=\"article\" \/>\n<meta property=\"og:title\" content=\"7. Do\u011fanc\u0131 Karpuz K\u00fclt\u00fcr ve Sanat Festivali 8-11 A\u011fustos\u2019ta - Kuzeyin Sesi\" \/>\n<meta property=\"og:description\" content=\"Do\u011fanc\u0131 Karpuz K\u00fclt\u00fcr ve Sanat Festivali 8-11 A\u011fustos tarihleri aras\u0131nda yap\u0131lacak. Dernekten verilen bilgiye g\u00f6re,\u00a0 7.\u2019si yap\u0131lacak Festival, Do\u011fanc\u0131 Kalk\u0131nd\u0131rma Derne\u011fi (DOKAD) ev sahipli\u011finde, Lefke Belediyesi\u2019nin katk\u0131lar\u0131, Do\u011fanc\u0131 Kooperatif Kredi \u015eti\u2019nin destekleri ve Alpcans ana sponsorlunda ger\u00e7ekle\u015ftirilecek. Festival boyunca stand kiralamak isteyenlerin bilgi i\u00e7in 05488202118 numaralar\u0131 telefondan derne\u011fe ula\u015fabilece\u011fi duyuruldu.\" \/>\n<meta property=\"og:url\" content=\"https:\/\/kuzeyinsesi.org\/index.php\/2024\/07\/14\/7-doganci-karpuz-kultur-ve-sanat-festivali-8-11-agustosta\/\" \/>\n<meta property=\"og:site_name\" content=\"Kuzeyin Sesi\" \/>\n<meta property=\"article:publisher\" content=\"https:\/\/www.facebook.com\/kuzeyinsesii\" \/>\n<meta property=\"article:published_time\" content=\"2024-07-14T09:43:32+00:00\" \/>\n<meta property=\"og:image\" content=\"https:\/\/brtk.net\/wp-content\/uploads\/2024\/07\/14\/doganci-karpuz-festivali.jpg?ver=74e8d457e3fbcce3bfb4af0d4e180d2e\" \/>\n<meta name=\"author\" content=\"Kuzeyin Sesi\" \/>\n<meta name=\"twitter:card\" content=\"summary_large_image\" \/>\n<meta name=\"twitter:creator\" content=\"@kuzeyinsesii\" \/>\n<meta name=\"twitter:site\" content=\"@kuzeyinsesii\" \/>\n<meta name=\"twitter:label1\" content=\"Yazan:\" \/>\n\t<meta name=\"twitter:data1\" content=\"Kuzeyin Sesi\" \/>\n<script type=\"application\/ld+json\" class=\"yoast-schema-graph\">{\"@context\":\"https:\\\/\\\/schema.org\",\"@graph\":[{\"@type\":\"Article\",\"@id\":\"https:\\\/\\\/kuzeyinsesi.org\\\/index.php\\\/2024\\\/07\\\/14\\\/7-doganci-karpuz-kultur-ve-sanat-festivali-8-11-agustosta\\\/#article\",\"isPartOf\":{\"@id\":\"https:\\\/\\\/kuzeyinsesi.org\\\/index.php\\\/2024\\\/07\\\/14\\\/7-doganci-karpuz-kultur-ve-sanat-festivali-8-11-agustosta\\\/\"},\"author\":{\"name\":\"Kuzeyin Sesi\",\"@id\":\"https:\\\/\\\/kuzeyinsesi.org\\\/#\\\/schema\\\/person\\\/9f859689cdf01485597712386e37f5aa\"},\"headline\":\"7. Do\u011fanc\u0131 Karpuz K\u00fclt\u00fcr ve Sanat Festivali 8-11 A\u011fustos\u2019ta\",\"datePublished\":\"2024-07-14T09:43:32+00:00\",\"mainEntityOfPage\":{\"@id\":\"https:\\\/\\\/kuzeyinsesi.org\\\/index.php\\\/2024\\\/07\\\/14\\\/7-doganci-karpuz-kultur-ve-sanat-festivali-8-11-agustosta\\\/\"},\"wordCount\":85,\"commentCount\":0,\"image\":{\"@id\":\"https:\\\/\\\/kuzeyinsesi.org\\\/index.php\\\/2024\\\/07\\\/14\\\/7-doganci-karpuz-kultur-ve-sanat-festivali-8-11-agustosta\\\/#primaryimage\"},\"thumbnailUrl\":\"https:\\\/\\\/kuzeyinsesi.org\\\/wp-content\\\/uploads\\\/2024\\\/07\\\/doganci-karpuz-festivali.jpg\",\"articleSection\":[\"Ya\u015fam\"],\"inLanguage\":\"tr\",\"potentialAction\":[{\"@type\":\"CommentAction\",\"name\":\"Comment\",\"target\":[\"https:\\\/\\\/kuzeyinsesi.org\\\/index.php\\\/2024\\\/07\\\/14\\\/7-doganci-karpuz-kultur-ve-sanat-festivali-8-11-agustosta\\\/#respond\"]}]},{\"@type\":\"WebPage\",\"@id\":\"https:\\\/\\\/kuzeyinsesi.org\\\/index.php\\\/2024\\\/07\\\/14\\\/7-doganci-karpuz-kultur-ve-sanat-festivali-8-11-agustosta\\\/\",\"url\":\"https:\\\/\\\/kuzeyinsesi.org\\\/index.php\\\/2024\\\/07\\\/14\\\/7-doganci-karpuz-kultur-ve-sanat-festivali-8-11-agustosta\\\/\",\"name\":\"7. Do\u011fanc\u0131 Karpuz K\u00fclt\u00fcr ve Sanat Festivali 8-11 A\u011fustos\u2019ta - Kuzeyin Sesi\",\"isPartOf\":{\"@id\":\"https:\\\/\\\/kuzeyinsesi.org\\\/#website\"},\"primaryImageOfPage\":{\"@id\":\"https:\\\/\\\/kuzeyinsesi.org\\\/index.php\\\/2024\\\/07\\\/14\\\/7-doganci-karpuz-kultur-ve-sanat-festivali-8-11-agustosta\\\/#primaryimage\"},\"image\":{\"@id\":\"https:\\\/\\\/kuzeyinsesi.org\\\/index.php\\\/2024\\\/07\\\/14\\\/7-doganci-karpuz-kultur-ve-sanat-festivali-8-11-agustosta\\\/#primaryimage\"},\"thumbnailUrl\":\"https:\\\/\\\/kuzeyinsesi.org\\\/wp-content\\\/uploads\\\/2024\\\/07\\\/doganci-karpuz-festivali.jpg\",\"datePublished\":\"2024-07-14T09:43:32+00:00\",\"author\":{\"@id\":\"https:\\\/\\\/kuzeyinsesi.org\\\/#\\\/schema\\\/person\\\/9f859689cdf01485597712386e37f5aa\"},\"breadcrumb\":{\"@id\":\"https:\\\/\\\/kuzeyinsesi.org\\\/index.php\\\/2024\\\/07\\\/14\\\/7-doganci-karpuz-kultur-ve-sanat-festivali-8-11-agustosta\\\/#breadcrumb\"},\"inLanguage\":\"tr\",\"potentialAction\":[{\"@type\":\"ReadAction\",\"target\":[\"https:\\\/\\\/kuzeyinsesi.org\\\/index.php\\\/2024\\\/07\\\/14\\\/7-doganci-karpuz-kultur-ve-sanat-festivali-8-11-agustosta\\\/\"]}]},{\"@type\":\"ImageObject\",\"inLanguage\":\"tr\",\"@id\":\"https:\\\/\\\/kuzeyinsesi.org\\\/index.php\\\/2024\\\/07\\\/14\\\/7-doganci-karpuz-kultur-ve-sanat-festivali-8-11-agustosta\\\/#primaryimage\",\"url\":\"https:\\\/\\\/kuzeyinsesi.org\\\/wp-content\\\/uploads\\\/2024\\\/07\\\/doganci-karpuz-festivali.jpg\",\"contentUrl\":\"https:\\\/\\\/kuzeyinsesi.org\\\/wp-content\\\/uploads\\\/2024\\\/07\\\/doganci-karpuz-festivali.jpg\",\"width\":1280,\"height\":720},{\"@type\":\"BreadcrumbList\",\"@id\":\"https:\\\/\\\/kuzeyinsesi.org\\\/index.php\\\/2024\\\/07\\\/14\\\/7-doganci-karpuz-kultur-ve-sanat-festivali-8-11-agustosta\\\/#breadcrumb\",\"itemListElement\":[{\"@type\":\"ListItem\",\"position\":1,\"name\":\"Anasayfa\",\"item\":\"https:\\\/\\\/kuzeyinsesi.org\\\/\"},{\"@type\":\"ListItem\",\"position\":2,\"name\":\"7. Do\u011fanc\u0131 Karpuz K\u00fclt\u00fcr ve Sanat Festivali 8-11 A\u011fustos\u2019ta\"}]},{\"@type\":\"WebSite\",\"@id\":\"https:\\\/\\\/kuzeyinsesi.org\\\/#website\",\"url\":\"https:\\\/\\\/kuzeyinsesi.org\\\/\",\"name\":\"Kuzeyin Sesi\",\"description\":\"Do\u011fru Haberin Adresi\",\"potentialAction\":[{\"@type\":\"SearchAction\",\"target\":{\"@type\":\"EntryPoint\",\"urlTemplate\":\"https:\\\/\\\/kuzeyinsesi.org\\\/?s={search_term_string}\"},\"query-input\":{\"@type\":\"PropertyValueSpecification\",\"valueRequired\":true,\"valueName\":\"search_term_string\"}}],\"inLanguage\":\"tr\"},{\"@type\":\"Person\",\"@id\":\"https:\\\/\\\/kuzeyinsesi.org\\\/#\\\/schema\\\/person\\\/9f859689cdf01485597712386e37f5aa\",\"name\":\"Kuzeyin Sesi\",\"image\":{\"@type\":\"ImageObject\",\"inLanguage\":\"tr\",\"@id\":\"https:\\\/\\\/secure.gravatar.com\\\/avatar\\\/bab33852abfd8b282518d6ed81826833d77c3c882d9ab608add591ccace47a44?s=96&d=mm&r=g\",\"url\":\"https:\\\/\\\/secure.gravatar.com\\\/avatar\\\/bab33852abfd8b282518d6ed81826833d77c3c882d9ab608add591ccace47a44?s=96&d=mm&r=g\",\"contentUrl\":\"https:\\\/\\\/secure.gravatar.com\\\/avatar\\\/bab33852abfd8b282518d6ed81826833d77c3c882d9ab608add591ccace47a44?s=96&d=mm&r=g\",\"caption\":\"Kuzeyin Sesi\"},\"sameAs\":[\"https:\\\/\\\/kuzeyinsesi.org\"],\"url\":\"https:\\\/\\\/kuzeyinsesi.org\\\/index.php\\\/author\\\/guven\\\/\"}]}<\/script>\n<!-- \/ Yoast SEO plugin. -->","yoast_head_json":{"title":"7. Do\u011fanc\u0131 Karpuz K\u00fclt\u00fcr ve Sanat Festivali 8-11 A\u011fustos\u2019ta - Kuzeyin Sesi","robots":{"index":"index","follow":"follow","max-snippet":"max-snippet:-1","max-image-preview":"max-image-preview:large","max-video-preview":"max-video-preview:-1"},"canonical":"https:\/\/kuzeyinsesi.org\/index.php\/2024\/07\/14\/7-doganci-karpuz-kultur-ve-sanat-festivali-8-11-agustosta\/","og_locale":"tr_TR","og_type":"article","og_title":"7. Do\u011fanc\u0131 Karpuz K\u00fclt\u00fcr ve Sanat Festivali 8-11 A\u011fustos\u2019ta - Kuzeyin Sesi","og_description":"Do\u011fanc\u0131 Karpuz K\u00fclt\u00fcr ve Sanat Festivali 8-11 A\u011fustos tarihleri aras\u0131nda yap\u0131lacak. Dernekten verilen bilgiye g\u00f6re,\u00a0 7.\u2019si yap\u0131lacak Festival, Do\u011fanc\u0131 Kalk\u0131nd\u0131rma Derne\u011fi (DOKAD) ev sahipli\u011finde, Lefke Belediyesi\u2019nin katk\u0131lar\u0131, Do\u011fanc\u0131 Kooperatif Kredi \u015eti\u2019nin destekleri ve Alpcans ana sponsorlunda ger\u00e7ekle\u015ftirilecek. Festival boyunca stand kiralamak isteyenlerin bilgi i\u00e7in 05488202118 numaralar\u0131 telefondan derne\u011fe ula\u015fabilece\u011fi duyuruldu.","og_url":"https:\/\/kuzeyinsesi.org\/index.php\/2024\/07\/14\/7-doganci-karpuz-kultur-ve-sanat-festivali-8-11-agustosta\/","og_site_name":"Kuzeyin Sesi","article_publisher":"https:\/\/www.facebook.com\/kuzeyinsesii","article_published_time":"2024-07-14T09:43:32+00:00","og_image":[{"url":"https:\/\/brtk.net\/wp-content\/uploads\/2024\/07\/14\/doganci-karpuz-festivali.jpg?ver=74e8d457e3fbcce3bfb4af0d4e180d2e","type":"","width":"","height":""}],"author":"Kuzeyin Sesi","twitter_card":"summary_large_image","twitter_creator":"@kuzeyinsesii","twitter_site":"@kuzeyinsesii","twitter_misc":{"Yazan:":"Kuzeyin Sesi"},"schema":{"@context":"https:\/\/schema.org","@graph":[{"@type":"Article","@id":"https:\/\/kuzeyinsesi.org\/index.php\/2024\/07\/14\/7-doganci-karpuz-kultur-ve-sanat-festivali-8-11-agustosta\/#article","isPartOf":{"@id":"https:\/\/kuzeyinsesi.org\/index.php\/2024\/07\/14\/7-doganci-karpuz-kultur-ve-sanat-festivali-8-11-agustosta\/"},"author":{"name":"Kuzeyin Sesi","@id":"https:\/\/kuzeyinsesi.org\/#\/schema\/person\/9f859689cdf01485597712386e37f5aa"},"headline":"7. Do\u011fanc\u0131 Karpuz K\u00fclt\u00fcr ve Sanat Festivali 8-11 A\u011fustos\u2019ta","datePublished":"2024-07-14T09:43:32+00:00","mainEntityOfPage":{"@id":"https:\/\/kuzeyinsesi.org\/index.php\/2024\/07\/14\/7-doganci-karpuz-kultur-ve-sanat-festivali-8-11-agustosta\/"},"wordCount":85,"commentCount":0,"image":{"@id":"https:\/\/kuzeyinsesi.org\/index.php\/2024\/07\/14\/7-doganci-karpuz-kultur-ve-sanat-festivali-8-11-agustosta\/#primaryimage"},"thumbnailUrl":"https:\/\/kuzeyinsesi.org\/wp-content\/uploads\/2024\/07\/doganci-karpuz-festivali.jpg","articleSection":["Ya\u015fam"],"inLanguage":"tr","potentialAction":[{"@type":"CommentAction","name":"Comment","target":["https:\/\/kuzeyinsesi.org\/index.php\/2024\/07\/14\/7-doganci-karpuz-kultur-ve-sanat-festivali-8-11-agustosta\/#respond"]}]},{"@type":"WebPage","@id":"https:\/\/kuzeyinsesi.org\/index.php\/2024\/07\/14\/7-doganci-karpuz-kultur-ve-sanat-festivali-8-11-agustosta\/","url":"https:\/\/kuzeyinsesi.org\/index.php\/2024\/07\/14\/7-doganci-karpuz-kultur-ve-sanat-festivali-8-11-agustosta\/","name":"7. Do\u011fanc\u0131 Karpuz K\u00fclt\u00fcr ve Sanat Festivali 8-11 A\u011fustos\u2019ta - Kuzeyin Sesi","isPartOf":{"@id":"https:\/\/kuzeyinsesi.org\/#website"},"primaryImageOfPage":{"@id":"https:\/\/kuzeyinsesi.org\/index.php\/2024\/07\/14\/7-doganci-karpuz-kultur-ve-sanat-festivali-8-11-agustosta\/#primaryimage"},"image":{"@id":"https:\/\/kuzeyinsesi.org\/index.php\/2024\/07\/14\/7-doganci-karpuz-kultur-ve-sanat-festivali-8-11-agustosta\/#primaryimage"},"thumbnailUrl":"https:\/\/kuzeyinsesi.org\/wp-content\/uploads\/2024\/07\/doganci-karpuz-festivali.jpg","datePublished":"2024-07-14T09:43:32+00:00","author":{"@id":"https:\/\/kuzeyinsesi.org\/#\/schema\/person\/9f859689cdf01485597712386e37f5aa"},"breadcrumb":{"@id":"https:\/\/kuzeyinsesi.org\/index.php\/2024\/07\/14\/7-doganci-karpuz-kultur-ve-sanat-festivali-8-11-agustosta\/#breadcrumb"},"inLanguage":"tr","potentialAction":[{"@type":"ReadAction","target":["https:\/\/kuzeyinsesi.org\/index.php\/2024\/07\/14\/7-doganci-karpuz-kultur-ve-sanat-festivali-8-11-agustosta\/"]}]},{"@type":"ImageObject","inLanguage":"tr","@id":"https:\/\/kuzeyinsesi.org\/index.php\/2024\/07\/14\/7-doganci-karpuz-kultur-ve-sanat-festivali-8-11-agustosta\/#primaryimage","url":"https:\/\/kuzeyinsesi.org\/wp-content\/uploads\/2024\/07\/doganci-karpuz-festivali.jpg","contentUrl":"https:\/\/kuzeyinsesi.org\/wp-content\/uploads\/2024\/07\/doganci-karpuz-festivali.jpg","width":1280,"height":720},{"@type":"BreadcrumbList","@id":"https:\/\/kuzeyinsesi.org\/index.php\/2024\/07\/14\/7-doganci-karpuz-kultur-ve-sanat-festivali-8-11-agustosta\/#breadcrumb","itemListElement":[{"@type":"ListItem","position":1,"name":"Anasayfa","item":"https:\/\/kuzeyinsesi.org\/"},{"@type":"ListItem","position":2,"name":"7. Do\u011fanc\u0131 Karpuz K\u00fclt\u00fcr ve Sanat Festivali 8-11 A\u011fustos\u2019ta"}]},{"@type":"WebSite","@id":"https:\/\/kuzeyinsesi.org\/#website","url":"https:\/\/kuzeyinsesi.org\/","name":"Kuzeyin Sesi","description":"Do\u011fru Haberin Adresi","potentialAction":[{"@type":"SearchAction","target":{"@type":"EntryPoint","urlTemplate":"https:\/\/kuzeyinsesi.org\/?s={search_term_string}"},"query-input":{"@type":"PropertyValueSpecification","valueRequired":true,"valueName":"search_term_string"}}],"inLanguage":"tr"},{"@type":"Person","@id":"https:\/\/kuzeyinsesi.org\/#\/schema\/person\/9f859689cdf01485597712386e37f5aa","name":"Kuzeyin Sesi","image":{"@type":"ImageObject","inLanguage":"tr","@id":"https:\/\/secure.gravatar.com\/avatar\/bab33852abfd8b282518d6ed81826833d77c3c882d9ab608add591ccace47a44?s=96&d=mm&r=g","url":"https:\/\/secure.gravatar.com\/avatar\/bab33852abfd8b282518d6ed81826833d77c3c882d9ab608add591ccace47a44?s=96&d=mm&r=g","contentUrl":"https:\/\/secure.gravatar.com\/avatar\/bab33852abfd8b282518d6ed81826833d77c3c882d9ab608add591ccace47a44?s=96&d=mm&r=g","caption":"Kuzeyin Sesi"},"sameAs":["https:\/\/kuzeyinsesi.org"],"url":"https:\/\/kuzeyinsesi.org\/index.php\/author\/guven\/"}]}},"_links":{"self":[{"href":"https:\/\/kuzeyinsesi.org\/index.php\/wp-json\/wp\/v2\/posts\/6321","targetHints":{"allow":["GET"]}}],"collection":[{"href":"https:\/\/kuzeyinsesi.org\/index.php\/wp-json\/wp\/v2\/posts"}],"about":[{"href":"https:\/\/kuzeyinsesi.org\/index.php\/wp-json\/wp\/v2\/types\/post"}],"author":[{"embeddable":true,"href":"https:\/\/kuzeyinsesi.org\/index.php\/wp-json\/wp\/v2\/users\/1"}],"replies":[{"embeddable":true,"href":"https:\/\/kuzeyinsesi.org\/index.php\/wp-json\/wp\/v2\/comments?post=6321"}],"version-history":[{"count":0,"href":"https:\/\/kuzeyinsesi.org\/index.php\/wp-json\/wp\/v2\/posts\/6321\/revisions"}],"wp:featuredmedia":[{"embeddable":true,"href":"https:\/\/kuzeyinsesi.org\/index.php\/wp-json\/wp\/v2\/media\/6322"}],"wp:attachment":[{"href":"https:\/\/kuzeyinsesi.org\/index.php\/wp-json\/wp\/v2\/media?parent=6321"}],"wp:term":[{"taxonomy":"category","embeddable":true,"href":"https:\/\/kuzeyinsesi.org\/index.php\/wp-json\/wp\/v2\/categories?post=6321"},{"taxonomy":"post_tag","embeddable":true,"href":"https:\/\/kuzeyinsesi.org\/index.php\/wp-json\/wp\/v2\/tags?post=6321"}],"curies":[{"name":"wp","href":"https:\/\/api.w.org\/{rel}","templated":true}]}}