{"id":6301,"date":"2024-07-13T17:21:15","date_gmt":"2024-07-13T14:21:15","guid":{"rendered":"https:\/\/kuzeyinsesi.org\/index.php\/2024\/07\/13\/cecilia-krull-othello-kalesinde-muzik-severlerle-bulustu\/"},"modified":"2024-07-13T17:21:15","modified_gmt":"2024-07-13T14:21:15","slug":"cecilia-krull-othello-kalesinde-muzik-severlerle-bulustu","status":"publish","type":"post","link":"https:\/\/kuzeyinsesi.org\/index.php\/2024\/07\/13\/cecilia-krull-othello-kalesinde-muzik-severlerle-bulustu\/","title":{"rendered":"Cecilia Krull Othello Kalesi\u2019nde m\u00fczik severlerle bulu\u015ftu"},"content":{"rendered":"<div>\n<div class=\"mariselle-image-container none\">\n                                            <\/div>\n<p style=\"font-weight: 300;\">Gazima\u011fusa Belediyesi\u2019nin bu y\u0131l Alt\u0131n Sponsor Ark\u0131n Group, \u0130leti\u015fim Sponsoru Kuzey K\u0131br\u0131s Turkcell\u2019in katk\u0131lar\u0131 ile 24\u2019\u00fcnc\u00fcs\u00fcn\u00fc d\u00fczenledi\u011fi Uluslararas\u0131 Ma\u011fusa K\u00fclt\u00fcr Sanat Festivali devam ediyor.<\/p>\n<ol start=\"24\">\n<li style=\"font-weight: 300;\">Uluslararas\u0131 Ma\u011fusa K\u00fclt\u00fcr-Sanat Festivali kapsam\u0131nda d\u00fcn ak\u015fam sahne alan pop\u00fcler dizi La Casa De Papel\u2019de seslendirdi\u011fi jenerik \u015fark\u0131s\u0131 \u201cMy Life Is Going On\u201d ile t\u00fcm d\u00fcnyan\u0131n b\u00fcy\u00fck be\u011fenisini kazanan Cecilia Krull Othello Kalesi\u2019nde m\u00fczik severlerle bulu\u015ftu.<\/li>\n<\/ol>\n<p style=\"font-weight: 300;\">\u0130ngilizce ve \u0130spanyolca \u015fark\u0131lardan haz\u0131rlad\u0131\u011f\u0131 repertuar\u0131n\u0131 sunan Krull, La Casa De Papel\u2019de seslendirdi\u011fi jenerik \u015fark\u0131s\u0131 \u201cMy Life Is Going On\u201d \u015fark\u0131s\u0131 ile Bella Ciao (\u00c7av Bella) \u015fark\u0131s\u0131n\u0131 dinleyicilerle tek bir a\u011f\u0131zdan s\u00f6yledi.<\/p>\n<p style=\"font-weight: 300;\">\u00dclkeye ilk kez geldi\u011fini ancak son olaca\u011f\u0131n\u0131 d\u00fc\u015f\u00fcnmedi\u011fini \u00e7\u00fcnk\u00fc Ma\u011fusa\u2019y\u0131 \u00e7ok be\u011fendi\u011fini ifade eden Cecilia Krull, Gazima\u011fusa Belediye Ba\u015fkan\u0131 S\u00fcleyman Ulu\u00e7ay\u2019\u0131n takdim etti\u011fi Lefkara i\u015fi an\u0131 plaketini de \u00e7ok be\u011fendi\u011fini belirtti.<\/p>\n<p style=\"font-weight: 300;\">-Festival program\u0131<\/p>\n<p style=\"font-weight: 300;\">Los Vivancos\u2019un efsane dans\u00e7\u0131s\u0131 Aaron Vivancos\u2019un prod\u00fckt\u00f6r, koreograf, besteci ve artistik direkt\u00f6r olarak imzaz\u0131n\u0131 ta\u015f\u0131yan ilk g\u00f6sterisi \u201cWOMAN\u201d 15 Temmuz\u2019da 24. Uluslararas\u0131 Ma\u011fusa K\u00fclt\u00fcr Sanat Festivali kapsam\u0131nda Salamis Antik Tiyatro\u2019da ilk kez KKTC\u2019deki izleyicileri ile bulu\u015fmaya haz\u0131rlan\u0131yor.<\/p>\n<\/p><\/div>\n<p><script async\n                    defer\n                    crossorigin=\"anonymous\"\n                    src=\"https:\/\/connect.facebook.net\/tr_TR\/sdk.js#xfbml=1&#038;version=v3.3\"\n            ><\/script><\/p>\n","protected":false},"excerpt":{"rendered":"<p>Gazima\u011fusa Belediyesi\u2019nin bu y\u0131l Alt\u0131n Sponsor Ark\u0131n Group, \u0130leti\u015fim Sponsoru Kuzey K\u0131br\u0131s Turkcell\u2019in katk\u0131lar\u0131 ile 24\u2019\u00fcnc\u00fcs\u00fcn\u00fc d\u00fczenledi\u011fi Uluslararas\u0131 Ma\u011fusa K\u00fclt\u00fcr Sanat Festivali devam ediyor. Uluslararas\u0131 Ma\u011fusa K\u00fclt\u00fcr-Sanat Festivali kapsam\u0131nda d\u00fcn ak\u015fam sahne alan pop\u00fcler dizi La Casa De Papel\u2019de seslendirdi\u011fi jenerik \u015fark\u0131s\u0131 \u201cMy Life Is Going On\u201d ile t\u00fcm d\u00fcnyan\u0131n b\u00fcy\u00fck be\u011fenisini kazanan Cecilia Krull [&hellip;]<\/p>\n","protected":false},"author":1,"featured_media":6302,"comment_status":"open","ping_status":"open","sticky":false,"template":"","format":"standard","meta":{"jnews-multi-image_gallery":[],"jnews_single_post":[],"jnews_primary_category":[],"jnews_social_meta":[],"jnews_override_counter":[],"footnotes":""},"categories":[6],"tags":[],"class_list":["post-6301","post","type-post","status-publish","format-standard","has-post-thumbnail","hentry","category-yasam"],"yoast_head":"<!-- This site is optimized with the Yoast SEO plugin v27.5 - https:\/\/yoast.com\/product\/yoast-seo-wordpress\/ -->\n<title>Cecilia Krull Othello Kalesi\u2019nde m\u00fczik severlerle bulu\u015ftu - Kuzeyin Sesi<\/title>\n<meta name=\"robots\" content=\"index, follow, max-snippet:-1, max-image-preview:large, max-video-preview:-1\" \/>\n<link rel=\"canonical\" href=\"https:\/\/kuzeyinsesi.org\/index.php\/2024\/07\/13\/cecilia-krull-othello-kalesinde-muzik-severlerle-bulustu\/\" \/>\n<meta property=\"og:locale\" content=\"tr_TR\" \/>\n<meta property=\"og:type\" content=\"article\" \/>\n<meta property=\"og:title\" content=\"Cecilia Krull Othello Kalesi\u2019nde m\u00fczik severlerle bulu\u015ftu - Kuzeyin Sesi\" \/>\n<meta property=\"og:description\" content=\"Gazima\u011fusa Belediyesi\u2019nin bu y\u0131l Alt\u0131n Sponsor Ark\u0131n Group, \u0130leti\u015fim Sponsoru Kuzey K\u0131br\u0131s Turkcell\u2019in katk\u0131lar\u0131 ile 24\u2019\u00fcnc\u00fcs\u00fcn\u00fc d\u00fczenledi\u011fi Uluslararas\u0131 Ma\u011fusa K\u00fclt\u00fcr Sanat Festivali devam ediyor. Uluslararas\u0131 Ma\u011fusa K\u00fclt\u00fcr-Sanat Festivali kapsam\u0131nda d\u00fcn ak\u015fam sahne alan pop\u00fcler dizi La Casa De Papel\u2019de seslendirdi\u011fi jenerik \u015fark\u0131s\u0131 \u201cMy Life Is Going On\u201d ile t\u00fcm d\u00fcnyan\u0131n b\u00fcy\u00fck be\u011fenisini kazanan Cecilia Krull [&hellip;]\" \/>\n<meta property=\"og:url\" content=\"https:\/\/kuzeyinsesi.org\/index.php\/2024\/07\/13\/cecilia-krull-othello-kalesinde-muzik-severlerle-bulustu\/\" \/>\n<meta property=\"og:site_name\" content=\"Kuzeyin Sesi\" \/>\n<meta property=\"article:publisher\" content=\"https:\/\/www.facebook.com\/kuzeyinsesii\" \/>\n<meta property=\"article:published_time\" content=\"2024-07-13T14:21:15+00:00\" \/>\n<meta property=\"og:image\" content=\"https:\/\/brtk.net\/wp-content\/uploads\/2024\/07\/12\/e-gazimagusa-festivali-populer-dizi-la-casa-de-papelin-sevilen-sarkisi-my-life-is-going-on-othello-kalesinden-yukseldi-1-.jpg?ver=f86be46a6190394442352142e317343f\" \/>\n<meta name=\"author\" content=\"Kuzeyin Sesi\" \/>\n<meta name=\"twitter:card\" content=\"summary_large_image\" \/>\n<meta name=\"twitter:creator\" content=\"@kuzeyinsesii\" \/>\n<meta name=\"twitter:site\" content=\"@kuzeyinsesii\" \/>\n<meta name=\"twitter:label1\" content=\"Yazan:\" \/>\n\t<meta name=\"twitter:data1\" content=\"Kuzeyin Sesi\" \/>\n\t<meta name=\"twitter:label2\" content=\"Tahmini okuma s\u00fcresi\" \/>\n\t<meta name=\"twitter:data2\" content=\"1 dakika\" \/>\n<script type=\"application\/ld+json\" class=\"yoast-schema-graph\">{\"@context\":\"https:\\\/\\\/schema.org\",\"@graph\":[{\"@type\":\"Article\",\"@id\":\"https:\\\/\\\/kuzeyinsesi.org\\\/index.php\\\/2024\\\/07\\\/13\\\/cecilia-krull-othello-kalesinde-muzik-severlerle-bulustu\\\/#article\",\"isPartOf\":{\"@id\":\"https:\\\/\\\/kuzeyinsesi.org\\\/index.php\\\/2024\\\/07\\\/13\\\/cecilia-krull-othello-kalesinde-muzik-severlerle-bulustu\\\/\"},\"author\":{\"name\":\"Kuzeyin Sesi\",\"@id\":\"https:\\\/\\\/kuzeyinsesi.org\\\/#\\\/schema\\\/person\\\/9f859689cdf01485597712386e37f5aa\"},\"headline\":\"Cecilia Krull Othello Kalesi\u2019nde m\u00fczik severlerle bulu\u015ftu\",\"datePublished\":\"2024-07-13T14:21:15+00:00\",\"mainEntityOfPage\":{\"@id\":\"https:\\\/\\\/kuzeyinsesi.org\\\/index.php\\\/2024\\\/07\\\/13\\\/cecilia-krull-othello-kalesinde-muzik-severlerle-bulustu\\\/\"},\"wordCount\":253,\"commentCount\":0,\"image\":{\"@id\":\"https:\\\/\\\/kuzeyinsesi.org\\\/index.php\\\/2024\\\/07\\\/13\\\/cecilia-krull-othello-kalesinde-muzik-severlerle-bulustu\\\/#primaryimage\"},\"thumbnailUrl\":\"https:\\\/\\\/kuzeyinsesi.org\\\/wp-content\\\/uploads\\\/2024\\\/07\\\/e-gazimagusa-festivali-populer-dizi-la-casa-de-papelin-sevilen-sarkisi-my-life-is-going-on-othello-kalesinden-yukseldi-1-.jpg\",\"articleSection\":[\"Ya\u015fam\"],\"inLanguage\":\"tr\",\"potentialAction\":[{\"@type\":\"CommentAction\",\"name\":\"Comment\",\"target\":[\"https:\\\/\\\/kuzeyinsesi.org\\\/index.php\\\/2024\\\/07\\\/13\\\/cecilia-krull-othello-kalesinde-muzik-severlerle-bulustu\\\/#respond\"]}]},{\"@type\":\"WebPage\",\"@id\":\"https:\\\/\\\/kuzeyinsesi.org\\\/index.php\\\/2024\\\/07\\\/13\\\/cecilia-krull-othello-kalesinde-muzik-severlerle-bulustu\\\/\",\"url\":\"https:\\\/\\\/kuzeyinsesi.org\\\/index.php\\\/2024\\\/07\\\/13\\\/cecilia-krull-othello-kalesinde-muzik-severlerle-bulustu\\\/\",\"name\":\"Cecilia Krull Othello Kalesi\u2019nde m\u00fczik severlerle bulu\u015ftu - Kuzeyin Sesi\",\"isPartOf\":{\"@id\":\"https:\\\/\\\/kuzeyinsesi.org\\\/#website\"},\"primaryImageOfPage\":{\"@id\":\"https:\\\/\\\/kuzeyinsesi.org\\\/index.php\\\/2024\\\/07\\\/13\\\/cecilia-krull-othello-kalesinde-muzik-severlerle-bulustu\\\/#primaryimage\"},\"image\":{\"@id\":\"https:\\\/\\\/kuzeyinsesi.org\\\/index.php\\\/2024\\\/07\\\/13\\\/cecilia-krull-othello-kalesinde-muzik-severlerle-bulustu\\\/#primaryimage\"},\"thumbnailUrl\":\"https:\\\/\\\/kuzeyinsesi.org\\\/wp-content\\\/uploads\\\/2024\\\/07\\\/e-gazimagusa-festivali-populer-dizi-la-casa-de-papelin-sevilen-sarkisi-my-life-is-going-on-othello-kalesinden-yukseldi-1-.jpg\",\"datePublished\":\"2024-07-13T14:21:15+00:00\",\"author\":{\"@id\":\"https:\\\/\\\/kuzeyinsesi.org\\\/#\\\/schema\\\/person\\\/9f859689cdf01485597712386e37f5aa\"},\"breadcrumb\":{\"@id\":\"https:\\\/\\\/kuzeyinsesi.org\\\/index.php\\\/2024\\\/07\\\/13\\\/cecilia-krull-othello-kalesinde-muzik-severlerle-bulustu\\\/#breadcrumb\"},\"inLanguage\":\"tr\",\"potentialAction\":[{\"@type\":\"ReadAction\",\"target\":[\"https:\\\/\\\/kuzeyinsesi.org\\\/index.php\\\/2024\\\/07\\\/13\\\/cecilia-krull-othello-kalesinde-muzik-severlerle-bulustu\\\/\"]}]},{\"@type\":\"ImageObject\",\"inLanguage\":\"tr\",\"@id\":\"https:\\\/\\\/kuzeyinsesi.org\\\/index.php\\\/2024\\\/07\\\/13\\\/cecilia-krull-othello-kalesinde-muzik-severlerle-bulustu\\\/#primaryimage\",\"url\":\"https:\\\/\\\/kuzeyinsesi.org\\\/wp-content\\\/uploads\\\/2024\\\/07\\\/e-gazimagusa-festivali-populer-dizi-la-casa-de-papelin-sevilen-sarkisi-my-life-is-going-on-othello-kalesinden-yukseldi-1-.jpg\",\"contentUrl\":\"https:\\\/\\\/kuzeyinsesi.org\\\/wp-content\\\/uploads\\\/2024\\\/07\\\/e-gazimagusa-festivali-populer-dizi-la-casa-de-papelin-sevilen-sarkisi-my-life-is-going-on-othello-kalesinden-yukseldi-1-.jpg\",\"width\":930,\"height\":414},{\"@type\":\"BreadcrumbList\",\"@id\":\"https:\\\/\\\/kuzeyinsesi.org\\\/index.php\\\/2024\\\/07\\\/13\\\/cecilia-krull-othello-kalesinde-muzik-severlerle-bulustu\\\/#breadcrumb\",\"itemListElement\":[{\"@type\":\"ListItem\",\"position\":1,\"name\":\"Anasayfa\",\"item\":\"https:\\\/\\\/kuzeyinsesi.org\\\/\"},{\"@type\":\"ListItem\",\"position\":2,\"name\":\"Cecilia Krull Othello Kalesi\u2019nde m\u00fczik severlerle bulu\u015ftu\"}]},{\"@type\":\"WebSite\",\"@id\":\"https:\\\/\\\/kuzeyinsesi.org\\\/#website\",\"url\":\"https:\\\/\\\/kuzeyinsesi.org\\\/\",\"name\":\"Kuzeyin Sesi\",\"description\":\"Do\u011fru Haberin Adresi\",\"potentialAction\":[{\"@type\":\"SearchAction\",\"target\":{\"@type\":\"EntryPoint\",\"urlTemplate\":\"https:\\\/\\\/kuzeyinsesi.org\\\/?s={search_term_string}\"},\"query-input\":{\"@type\":\"PropertyValueSpecification\",\"valueRequired\":true,\"valueName\":\"search_term_string\"}}],\"inLanguage\":\"tr\"},{\"@type\":\"Person\",\"@id\":\"https:\\\/\\\/kuzeyinsesi.org\\\/#\\\/schema\\\/person\\\/9f859689cdf01485597712386e37f5aa\",\"name\":\"Kuzeyin Sesi\",\"image\":{\"@type\":\"ImageObject\",\"inLanguage\":\"tr\",\"@id\":\"https:\\\/\\\/secure.gravatar.com\\\/avatar\\\/bab33852abfd8b282518d6ed81826833d77c3c882d9ab608add591ccace47a44?s=96&d=mm&r=g\",\"url\":\"https:\\\/\\\/secure.gravatar.com\\\/avatar\\\/bab33852abfd8b282518d6ed81826833d77c3c882d9ab608add591ccace47a44?s=96&d=mm&r=g\",\"contentUrl\":\"https:\\\/\\\/secure.gravatar.com\\\/avatar\\\/bab33852abfd8b282518d6ed81826833d77c3c882d9ab608add591ccace47a44?s=96&d=mm&r=g\",\"caption\":\"Kuzeyin Sesi\"},\"sameAs\":[\"https:\\\/\\\/kuzeyinsesi.org\"],\"url\":\"https:\\\/\\\/kuzeyinsesi.org\\\/index.php\\\/author\\\/guven\\\/\"}]}<\/script>\n<!-- \/ Yoast SEO plugin. -->","yoast_head_json":{"title":"Cecilia Krull Othello Kalesi\u2019nde m\u00fczik severlerle bulu\u015ftu - Kuzeyin Sesi","robots":{"index":"index","follow":"follow","max-snippet":"max-snippet:-1","max-image-preview":"max-image-preview:large","max-video-preview":"max-video-preview:-1"},"canonical":"https:\/\/kuzeyinsesi.org\/index.php\/2024\/07\/13\/cecilia-krull-othello-kalesinde-muzik-severlerle-bulustu\/","og_locale":"tr_TR","og_type":"article","og_title":"Cecilia Krull Othello Kalesi\u2019nde m\u00fczik severlerle bulu\u015ftu - Kuzeyin Sesi","og_description":"Gazima\u011fusa Belediyesi\u2019nin bu y\u0131l Alt\u0131n Sponsor Ark\u0131n Group, \u0130leti\u015fim Sponsoru Kuzey K\u0131br\u0131s Turkcell\u2019in katk\u0131lar\u0131 ile 24\u2019\u00fcnc\u00fcs\u00fcn\u00fc d\u00fczenledi\u011fi Uluslararas\u0131 Ma\u011fusa K\u00fclt\u00fcr Sanat Festivali devam ediyor. Uluslararas\u0131 Ma\u011fusa K\u00fclt\u00fcr-Sanat Festivali kapsam\u0131nda d\u00fcn ak\u015fam sahne alan pop\u00fcler dizi La Casa De Papel\u2019de seslendirdi\u011fi jenerik \u015fark\u0131s\u0131 \u201cMy Life Is Going On\u201d ile t\u00fcm d\u00fcnyan\u0131n b\u00fcy\u00fck be\u011fenisini kazanan Cecilia Krull [&hellip;]","og_url":"https:\/\/kuzeyinsesi.org\/index.php\/2024\/07\/13\/cecilia-krull-othello-kalesinde-muzik-severlerle-bulustu\/","og_site_name":"Kuzeyin Sesi","article_publisher":"https:\/\/www.facebook.com\/kuzeyinsesii","article_published_time":"2024-07-13T14:21:15+00:00","og_image":[{"url":"https:\/\/brtk.net\/wp-content\/uploads\/2024\/07\/12\/e-gazimagusa-festivali-populer-dizi-la-casa-de-papelin-sevilen-sarkisi-my-life-is-going-on-othello-kalesinden-yukseldi-1-.jpg?ver=f86be46a6190394442352142e317343f","type":"","width":"","height":""}],"author":"Kuzeyin Sesi","twitter_card":"summary_large_image","twitter_creator":"@kuzeyinsesii","twitter_site":"@kuzeyinsesii","twitter_misc":{"Yazan:":"Kuzeyin Sesi","Tahmini okuma s\u00fcresi":"1 dakika"},"schema":{"@context":"https:\/\/schema.org","@graph":[{"@type":"Article","@id":"https:\/\/kuzeyinsesi.org\/index.php\/2024\/07\/13\/cecilia-krull-othello-kalesinde-muzik-severlerle-bulustu\/#article","isPartOf":{"@id":"https:\/\/kuzeyinsesi.org\/index.php\/2024\/07\/13\/cecilia-krull-othello-kalesinde-muzik-severlerle-bulustu\/"},"author":{"name":"Kuzeyin Sesi","@id":"https:\/\/kuzeyinsesi.org\/#\/schema\/person\/9f859689cdf01485597712386e37f5aa"},"headline":"Cecilia Krull Othello Kalesi\u2019nde m\u00fczik severlerle bulu\u015ftu","datePublished":"2024-07-13T14:21:15+00:00","mainEntityOfPage":{"@id":"https:\/\/kuzeyinsesi.org\/index.php\/2024\/07\/13\/cecilia-krull-othello-kalesinde-muzik-severlerle-bulustu\/"},"wordCount":253,"commentCount":0,"image":{"@id":"https:\/\/kuzeyinsesi.org\/index.php\/2024\/07\/13\/cecilia-krull-othello-kalesinde-muzik-severlerle-bulustu\/#primaryimage"},"thumbnailUrl":"https:\/\/kuzeyinsesi.org\/wp-content\/uploads\/2024\/07\/e-gazimagusa-festivali-populer-dizi-la-casa-de-papelin-sevilen-sarkisi-my-life-is-going-on-othello-kalesinden-yukseldi-1-.jpg","articleSection":["Ya\u015fam"],"inLanguage":"tr","potentialAction":[{"@type":"CommentAction","name":"Comment","target":["https:\/\/kuzeyinsesi.org\/index.php\/2024\/07\/13\/cecilia-krull-othello-kalesinde-muzik-severlerle-bulustu\/#respond"]}]},{"@type":"WebPage","@id":"https:\/\/kuzeyinsesi.org\/index.php\/2024\/07\/13\/cecilia-krull-othello-kalesinde-muzik-severlerle-bulustu\/","url":"https:\/\/kuzeyinsesi.org\/index.php\/2024\/07\/13\/cecilia-krull-othello-kalesinde-muzik-severlerle-bulustu\/","name":"Cecilia Krull Othello Kalesi\u2019nde m\u00fczik severlerle bulu\u015ftu - Kuzeyin Sesi","isPartOf":{"@id":"https:\/\/kuzeyinsesi.org\/#website"},"primaryImageOfPage":{"@id":"https:\/\/kuzeyinsesi.org\/index.php\/2024\/07\/13\/cecilia-krull-othello-kalesinde-muzik-severlerle-bulustu\/#primaryimage"},"image":{"@id":"https:\/\/kuzeyinsesi.org\/index.php\/2024\/07\/13\/cecilia-krull-othello-kalesinde-muzik-severlerle-bulustu\/#primaryimage"},"thumbnailUrl":"https:\/\/kuzeyinsesi.org\/wp-content\/uploads\/2024\/07\/e-gazimagusa-festivali-populer-dizi-la-casa-de-papelin-sevilen-sarkisi-my-life-is-going-on-othello-kalesinden-yukseldi-1-.jpg","datePublished":"2024-07-13T14:21:15+00:00","author":{"@id":"https:\/\/kuzeyinsesi.org\/#\/schema\/person\/9f859689cdf01485597712386e37f5aa"},"breadcrumb":{"@id":"https:\/\/kuzeyinsesi.org\/index.php\/2024\/07\/13\/cecilia-krull-othello-kalesinde-muzik-severlerle-bulustu\/#breadcrumb"},"inLanguage":"tr","potentialAction":[{"@type":"ReadAction","target":["https:\/\/kuzeyinsesi.org\/index.php\/2024\/07\/13\/cecilia-krull-othello-kalesinde-muzik-severlerle-bulustu\/"]}]},{"@type":"ImageObject","inLanguage":"tr","@id":"https:\/\/kuzeyinsesi.org\/index.php\/2024\/07\/13\/cecilia-krull-othello-kalesinde-muzik-severlerle-bulustu\/#primaryimage","url":"https:\/\/kuzeyinsesi.org\/wp-content\/uploads\/2024\/07\/e-gazimagusa-festivali-populer-dizi-la-casa-de-papelin-sevilen-sarkisi-my-life-is-going-on-othello-kalesinden-yukseldi-1-.jpg","contentUrl":"https:\/\/kuzeyinsesi.org\/wp-content\/uploads\/2024\/07\/e-gazimagusa-festivali-populer-dizi-la-casa-de-papelin-sevilen-sarkisi-my-life-is-going-on-othello-kalesinden-yukseldi-1-.jpg","width":930,"height":414},{"@type":"BreadcrumbList","@id":"https:\/\/kuzeyinsesi.org\/index.php\/2024\/07\/13\/cecilia-krull-othello-kalesinde-muzik-severlerle-bulustu\/#breadcrumb","itemListElement":[{"@type":"ListItem","position":1,"name":"Anasayfa","item":"https:\/\/kuzeyinsesi.org\/"},{"@type":"ListItem","position":2,"name":"Cecilia Krull Othello Kalesi\u2019nde m\u00fczik severlerle bulu\u015ftu"}]},{"@type":"WebSite","@id":"https:\/\/kuzeyinsesi.org\/#website","url":"https:\/\/kuzeyinsesi.org\/","name":"Kuzeyin Sesi","description":"Do\u011fru Haberin Adresi","potentialAction":[{"@type":"SearchAction","target":{"@type":"EntryPoint","urlTemplate":"https:\/\/kuzeyinsesi.org\/?s={search_term_string}"},"query-input":{"@type":"PropertyValueSpecification","valueRequired":true,"valueName":"search_term_string"}}],"inLanguage":"tr"},{"@type":"Person","@id":"https:\/\/kuzeyinsesi.org\/#\/schema\/person\/9f859689cdf01485597712386e37f5aa","name":"Kuzeyin Sesi","image":{"@type":"ImageObject","inLanguage":"tr","@id":"https:\/\/secure.gravatar.com\/avatar\/bab33852abfd8b282518d6ed81826833d77c3c882d9ab608add591ccace47a44?s=96&d=mm&r=g","url":"https:\/\/secure.gravatar.com\/avatar\/bab33852abfd8b282518d6ed81826833d77c3c882d9ab608add591ccace47a44?s=96&d=mm&r=g","contentUrl":"https:\/\/secure.gravatar.com\/avatar\/bab33852abfd8b282518d6ed81826833d77c3c882d9ab608add591ccace47a44?s=96&d=mm&r=g","caption":"Kuzeyin Sesi"},"sameAs":["https:\/\/kuzeyinsesi.org"],"url":"https:\/\/kuzeyinsesi.org\/index.php\/author\/guven\/"}]}},"_links":{"self":[{"href":"https:\/\/kuzeyinsesi.org\/index.php\/wp-json\/wp\/v2\/posts\/6301","targetHints":{"allow":["GET"]}}],"collection":[{"href":"https:\/\/kuzeyinsesi.org\/index.php\/wp-json\/wp\/v2\/posts"}],"about":[{"href":"https:\/\/kuzeyinsesi.org\/index.php\/wp-json\/wp\/v2\/types\/post"}],"author":[{"embeddable":true,"href":"https:\/\/kuzeyinsesi.org\/index.php\/wp-json\/wp\/v2\/users\/1"}],"replies":[{"embeddable":true,"href":"https:\/\/kuzeyinsesi.org\/index.php\/wp-json\/wp\/v2\/comments?post=6301"}],"version-history":[{"count":0,"href":"https:\/\/kuzeyinsesi.org\/index.php\/wp-json\/wp\/v2\/posts\/6301\/revisions"}],"wp:featuredmedia":[{"embeddable":true,"href":"https:\/\/kuzeyinsesi.org\/index.php\/wp-json\/wp\/v2\/media\/6302"}],"wp:attachment":[{"href":"https:\/\/kuzeyinsesi.org\/index.php\/wp-json\/wp\/v2\/media?parent=6301"}],"wp:term":[{"taxonomy":"category","embeddable":true,"href":"https:\/\/kuzeyinsesi.org\/index.php\/wp-json\/wp\/v2\/categories?post=6301"},{"taxonomy":"post_tag","embeddable":true,"href":"https:\/\/kuzeyinsesi.org\/index.php\/wp-json\/wp\/v2\/tags?post=6301"}],"curies":[{"name":"wp","href":"https:\/\/api.w.org\/{rel}","templated":true}]}}