{"id":6297,"date":"2024-07-13T16:12:35","date_gmt":"2024-07-13T13:12:35","guid":{"rendered":"https:\/\/kuzeyinsesi.org\/index.php\/2024\/07\/13\/hayatimiza-deger-katan-kadinlarimiz-sergisinin-dorduncusu-icin-sponsorluk-anlasmasi-yapildi\/"},"modified":"2024-07-13T16:12:35","modified_gmt":"2024-07-13T13:12:35","slug":"hayatimiza-deger-katan-kadinlarimiz-sergisinin-dorduncusu-icin-sponsorluk-anlasmasi-yapildi","status":"publish","type":"post","link":"https:\/\/kuzeyinsesi.org\/index.php\/2024\/07\/13\/hayatimiza-deger-katan-kadinlarimiz-sergisinin-dorduncusu-icin-sponsorluk-anlasmasi-yapildi\/","title":{"rendered":"Hayat\u0131m\u0131za De\u011fer Katan Kad\u0131nlar\u0131m\u0131z sergisinin d\u00f6rd\u00fcnc\u00fcs\u00fc i\u00e7in sponsorluk anla\u015fmas\u0131 yap\u0131ld\u0131"},"content":{"rendered":"<div>\n<div class=\"mariselle-image-container center\">\n                                            <\/div>\n<p>K\u0131br\u0131s Kad\u0131n \u00d6yk\u00fcleri Derne\u011fi (K\u00d6DER) taraf\u0131ndan haz\u0131rlanan \u201cHayat\u0131m\u0131za De\u011fer Katan Kad\u0131nlar\u0131m\u0131z\u201d kitab\u0131n\u0131n d\u00f6rd\u00fcnc\u00fcs\u00fcnde yer alacak foto\u011fraflar\u0131n sergilenece\u011fi 4. \u201cHayat\u0131m\u0131za De\u011fer Katan Kad\u0131nlar\u0131m\u0131z-41 Kad\u0131n-41 Hayat\u201d Foto\u011fraf Sergisi i\u00e7in sponsorluk anla\u015fmas\u0131 imzaland\u0131.<\/p>\n<p>Dernekten verilen bilgiye g\u00f6re, sergiyle ilgili sponsorluk anla\u015fmas\u0131na K\u00d6DER Ba\u015fkan\u0131 \u015eenay Ekingen ile Garanti BBVA KKTC \u00dclke M\u00fcd\u00fcr\u00fc Elif Alt\u0131nkol imza koydu.<\/p>\n<p>A\u00e7\u0131klamada, serginin bu y\u0131l da Ekim\u2019de d\u00fczenlenmesi i\u00e7in t\u00fcm s\u00fcre\u00e7lerin tamamland\u0131\u011f\u0131, KKTC\u2019nin hayat\u0131na de\u011fer katan kad\u0131nlardan 41\u2019nin daha bu sergiyle onurland\u0131r\u0131l\u0131\u015f olaca\u011f\u0131 ifade edildi.<\/p>\n<\/p><\/div>\n<p><script async\n                    defer\n                    crossorigin=\"anonymous\"\n                    src=\"https:\/\/connect.facebook.net\/tr_TR\/sdk.js#xfbml=1&#038;version=v3.3\"\n            ><\/script><\/p>\n","protected":false},"excerpt":{"rendered":"<p>K\u0131br\u0131s Kad\u0131n \u00d6yk\u00fcleri Derne\u011fi (K\u00d6DER) taraf\u0131ndan haz\u0131rlanan \u201cHayat\u0131m\u0131za De\u011fer Katan Kad\u0131nlar\u0131m\u0131z\u201d kitab\u0131n\u0131n d\u00f6rd\u00fcnc\u00fcs\u00fcnde yer alacak foto\u011fraflar\u0131n sergilenece\u011fi 4. \u201cHayat\u0131m\u0131za De\u011fer Katan Kad\u0131nlar\u0131m\u0131z-41 Kad\u0131n-41 Hayat\u201d Foto\u011fraf Sergisi i\u00e7in sponsorluk anla\u015fmas\u0131 imzaland\u0131. Dernekten verilen bilgiye g\u00f6re, sergiyle ilgili sponsorluk anla\u015fmas\u0131na K\u00d6DER Ba\u015fkan\u0131 \u015eenay Ekingen ile Garanti BBVA KKTC \u00dclke M\u00fcd\u00fcr\u00fc Elif Alt\u0131nkol imza koydu. A\u00e7\u0131klamada, serginin bu [&hellip;]<\/p>\n","protected":false},"author":1,"featured_media":6298,"comment_status":"open","ping_status":"open","sticky":false,"template":"","format":"standard","meta":{"jnews-multi-image_gallery":[],"jnews_single_post":[],"jnews_primary_category":[],"jnews_social_meta":[],"jnews_override_counter":[],"footnotes":""},"categories":[6],"tags":[],"class_list":["post-6297","post","type-post","status-publish","format-standard","has-post-thumbnail","hentry","category-yasam"],"yoast_head":"<!-- This site is optimized with the Yoast SEO plugin v27.5 - https:\/\/yoast.com\/product\/yoast-seo-wordpress\/ -->\n<title>Hayat\u0131m\u0131za De\u011fer Katan Kad\u0131nlar\u0131m\u0131z sergisinin d\u00f6rd\u00fcnc\u00fcs\u00fc i\u00e7in sponsorluk anla\u015fmas\u0131 yap\u0131ld\u0131 - Kuzeyin Sesi<\/title>\n<meta name=\"robots\" content=\"index, follow, max-snippet:-1, max-image-preview:large, max-video-preview:-1\" \/>\n<link rel=\"canonical\" href=\"https:\/\/kuzeyinsesi.org\/index.php\/2024\/07\/13\/hayatimiza-deger-katan-kadinlarimiz-sergisinin-dorduncusu-icin-sponsorluk-anlasmasi-yapildi\/\" \/>\n<meta property=\"og:locale\" content=\"tr_TR\" \/>\n<meta property=\"og:type\" content=\"article\" \/>\n<meta property=\"og:title\" content=\"Hayat\u0131m\u0131za De\u011fer Katan Kad\u0131nlar\u0131m\u0131z sergisinin d\u00f6rd\u00fcnc\u00fcs\u00fc i\u00e7in sponsorluk anla\u015fmas\u0131 yap\u0131ld\u0131 - Kuzeyin Sesi\" \/>\n<meta property=\"og:description\" content=\"K\u0131br\u0131s Kad\u0131n \u00d6yk\u00fcleri Derne\u011fi (K\u00d6DER) taraf\u0131ndan haz\u0131rlanan \u201cHayat\u0131m\u0131za De\u011fer Katan Kad\u0131nlar\u0131m\u0131z\u201d kitab\u0131n\u0131n d\u00f6rd\u00fcnc\u00fcs\u00fcnde yer alacak foto\u011fraflar\u0131n sergilenece\u011fi 4. \u201cHayat\u0131m\u0131za De\u011fer Katan Kad\u0131nlar\u0131m\u0131z-41 Kad\u0131n-41 Hayat\u201d Foto\u011fraf Sergisi i\u00e7in sponsorluk anla\u015fmas\u0131 imzaland\u0131. Dernekten verilen bilgiye g\u00f6re, sergiyle ilgili sponsorluk anla\u015fmas\u0131na K\u00d6DER Ba\u015fkan\u0131 \u015eenay Ekingen ile Garanti BBVA KKTC \u00dclke M\u00fcd\u00fcr\u00fc Elif Alt\u0131nkol imza koydu. A\u00e7\u0131klamada, serginin bu [&hellip;]\" \/>\n<meta property=\"og:url\" content=\"https:\/\/kuzeyinsesi.org\/index.php\/2024\/07\/13\/hayatimiza-deger-katan-kadinlarimiz-sergisinin-dorduncusu-icin-sponsorluk-anlasmasi-yapildi\/\" \/>\n<meta property=\"og:site_name\" content=\"Kuzeyin Sesi\" \/>\n<meta property=\"article:publisher\" content=\"https:\/\/www.facebook.com\/kuzeyinsesii\" \/>\n<meta property=\"article:published_time\" content=\"2024-07-13T13:12:35+00:00\" \/>\n<meta property=\"og:image\" content=\"https:\/\/brtk.net\/wp-content\/uploads\/2024\/07\/13\/koder-garanti-bbva-ziyaret-imza.jpeg?ver=f290887329331fa2eea53ad5f33a7715\" \/>\n<meta name=\"author\" content=\"Kuzeyin Sesi\" \/>\n<meta name=\"twitter:card\" content=\"summary_large_image\" \/>\n<meta name=\"twitter:creator\" content=\"@kuzeyinsesii\" \/>\n<meta name=\"twitter:site\" content=\"@kuzeyinsesii\" \/>\n<meta name=\"twitter:label1\" content=\"Yazan:\" \/>\n\t<meta name=\"twitter:data1\" content=\"Kuzeyin Sesi\" \/>\n\t<meta name=\"twitter:label2\" content=\"Tahmini okuma s\u00fcresi\" \/>\n\t<meta name=\"twitter:data2\" content=\"1 dakika\" \/>\n<script type=\"application\/ld+json\" class=\"yoast-schema-graph\">{\"@context\":\"https:\\\/\\\/schema.org\",\"@graph\":[{\"@type\":\"Article\",\"@id\":\"https:\\\/\\\/kuzeyinsesi.org\\\/index.php\\\/2024\\\/07\\\/13\\\/hayatimiza-deger-katan-kadinlarimiz-sergisinin-dorduncusu-icin-sponsorluk-anlasmasi-yapildi\\\/#article\",\"isPartOf\":{\"@id\":\"https:\\\/\\\/kuzeyinsesi.org\\\/index.php\\\/2024\\\/07\\\/13\\\/hayatimiza-deger-katan-kadinlarimiz-sergisinin-dorduncusu-icin-sponsorluk-anlasmasi-yapildi\\\/\"},\"author\":{\"name\":\"Kuzeyin Sesi\",\"@id\":\"https:\\\/\\\/kuzeyinsesi.org\\\/#\\\/schema\\\/person\\\/9f859689cdf01485597712386e37f5aa\"},\"headline\":\"Hayat\u0131m\u0131za De\u011fer Katan Kad\u0131nlar\u0131m\u0131z sergisinin d\u00f6rd\u00fcnc\u00fcs\u00fc i\u00e7in sponsorluk anla\u015fmas\u0131 yap\u0131ld\u0131\",\"datePublished\":\"2024-07-13T13:12:35+00:00\",\"mainEntityOfPage\":{\"@id\":\"https:\\\/\\\/kuzeyinsesi.org\\\/index.php\\\/2024\\\/07\\\/13\\\/hayatimiza-deger-katan-kadinlarimiz-sergisinin-dorduncusu-icin-sponsorluk-anlasmasi-yapildi\\\/\"},\"wordCount\":152,\"commentCount\":0,\"image\":{\"@id\":\"https:\\\/\\\/kuzeyinsesi.org\\\/index.php\\\/2024\\\/07\\\/13\\\/hayatimiza-deger-katan-kadinlarimiz-sergisinin-dorduncusu-icin-sponsorluk-anlasmasi-yapildi\\\/#primaryimage\"},\"thumbnailUrl\":\"https:\\\/\\\/kuzeyinsesi.org\\\/wp-content\\\/uploads\\\/2024\\\/07\\\/koder-garanti-bbva-ziyaret-imza.jpeg\",\"articleSection\":[\"Ya\u015fam\"],\"inLanguage\":\"tr\",\"potentialAction\":[{\"@type\":\"CommentAction\",\"name\":\"Comment\",\"target\":[\"https:\\\/\\\/kuzeyinsesi.org\\\/index.php\\\/2024\\\/07\\\/13\\\/hayatimiza-deger-katan-kadinlarimiz-sergisinin-dorduncusu-icin-sponsorluk-anlasmasi-yapildi\\\/#respond\"]}]},{\"@type\":\"WebPage\",\"@id\":\"https:\\\/\\\/kuzeyinsesi.org\\\/index.php\\\/2024\\\/07\\\/13\\\/hayatimiza-deger-katan-kadinlarimiz-sergisinin-dorduncusu-icin-sponsorluk-anlasmasi-yapildi\\\/\",\"url\":\"https:\\\/\\\/kuzeyinsesi.org\\\/index.php\\\/2024\\\/07\\\/13\\\/hayatimiza-deger-katan-kadinlarimiz-sergisinin-dorduncusu-icin-sponsorluk-anlasmasi-yapildi\\\/\",\"name\":\"Hayat\u0131m\u0131za De\u011fer Katan Kad\u0131nlar\u0131m\u0131z sergisinin d\u00f6rd\u00fcnc\u00fcs\u00fc i\u00e7in sponsorluk anla\u015fmas\u0131 yap\u0131ld\u0131 - Kuzeyin Sesi\",\"isPartOf\":{\"@id\":\"https:\\\/\\\/kuzeyinsesi.org\\\/#website\"},\"primaryImageOfPage\":{\"@id\":\"https:\\\/\\\/kuzeyinsesi.org\\\/index.php\\\/2024\\\/07\\\/13\\\/hayatimiza-deger-katan-kadinlarimiz-sergisinin-dorduncusu-icin-sponsorluk-anlasmasi-yapildi\\\/#primaryimage\"},\"image\":{\"@id\":\"https:\\\/\\\/kuzeyinsesi.org\\\/index.php\\\/2024\\\/07\\\/13\\\/hayatimiza-deger-katan-kadinlarimiz-sergisinin-dorduncusu-icin-sponsorluk-anlasmasi-yapildi\\\/#primaryimage\"},\"thumbnailUrl\":\"https:\\\/\\\/kuzeyinsesi.org\\\/wp-content\\\/uploads\\\/2024\\\/07\\\/koder-garanti-bbva-ziyaret-imza.jpeg\",\"datePublished\":\"2024-07-13T13:12:35+00:00\",\"author\":{\"@id\":\"https:\\\/\\\/kuzeyinsesi.org\\\/#\\\/schema\\\/person\\\/9f859689cdf01485597712386e37f5aa\"},\"breadcrumb\":{\"@id\":\"https:\\\/\\\/kuzeyinsesi.org\\\/index.php\\\/2024\\\/07\\\/13\\\/hayatimiza-deger-katan-kadinlarimiz-sergisinin-dorduncusu-icin-sponsorluk-anlasmasi-yapildi\\\/#breadcrumb\"},\"inLanguage\":\"tr\",\"potentialAction\":[{\"@type\":\"ReadAction\",\"target\":[\"https:\\\/\\\/kuzeyinsesi.org\\\/index.php\\\/2024\\\/07\\\/13\\\/hayatimiza-deger-katan-kadinlarimiz-sergisinin-dorduncusu-icin-sponsorluk-anlasmasi-yapildi\\\/\"]}]},{\"@type\":\"ImageObject\",\"inLanguage\":\"tr\",\"@id\":\"https:\\\/\\\/kuzeyinsesi.org\\\/index.php\\\/2024\\\/07\\\/13\\\/hayatimiza-deger-katan-kadinlarimiz-sergisinin-dorduncusu-icin-sponsorluk-anlasmasi-yapildi\\\/#primaryimage\",\"url\":\"https:\\\/\\\/kuzeyinsesi.org\\\/wp-content\\\/uploads\\\/2024\\\/07\\\/koder-garanti-bbva-ziyaret-imza.jpeg\",\"contentUrl\":\"https:\\\/\\\/kuzeyinsesi.org\\\/wp-content\\\/uploads\\\/2024\\\/07\\\/koder-garanti-bbva-ziyaret-imza.jpeg\",\"width\":1600,\"height\":1200},{\"@type\":\"BreadcrumbList\",\"@id\":\"https:\\\/\\\/kuzeyinsesi.org\\\/index.php\\\/2024\\\/07\\\/13\\\/hayatimiza-deger-katan-kadinlarimiz-sergisinin-dorduncusu-icin-sponsorluk-anlasmasi-yapildi\\\/#breadcrumb\",\"itemListElement\":[{\"@type\":\"ListItem\",\"position\":1,\"name\":\"Anasayfa\",\"item\":\"https:\\\/\\\/kuzeyinsesi.org\\\/\"},{\"@type\":\"ListItem\",\"position\":2,\"name\":\"Hayat\u0131m\u0131za De\u011fer Katan Kad\u0131nlar\u0131m\u0131z sergisinin d\u00f6rd\u00fcnc\u00fcs\u00fc i\u00e7in sponsorluk anla\u015fmas\u0131 yap\u0131ld\u0131\"}]},{\"@type\":\"WebSite\",\"@id\":\"https:\\\/\\\/kuzeyinsesi.org\\\/#website\",\"url\":\"https:\\\/\\\/kuzeyinsesi.org\\\/\",\"name\":\"Kuzeyin Sesi\",\"description\":\"Do\u011fru Haberin Adresi\",\"potentialAction\":[{\"@type\":\"SearchAction\",\"target\":{\"@type\":\"EntryPoint\",\"urlTemplate\":\"https:\\\/\\\/kuzeyinsesi.org\\\/?s={search_term_string}\"},\"query-input\":{\"@type\":\"PropertyValueSpecification\",\"valueRequired\":true,\"valueName\":\"search_term_string\"}}],\"inLanguage\":\"tr\"},{\"@type\":\"Person\",\"@id\":\"https:\\\/\\\/kuzeyinsesi.org\\\/#\\\/schema\\\/person\\\/9f859689cdf01485597712386e37f5aa\",\"name\":\"Kuzeyin Sesi\",\"image\":{\"@type\":\"ImageObject\",\"inLanguage\":\"tr\",\"@id\":\"https:\\\/\\\/secure.gravatar.com\\\/avatar\\\/bab33852abfd8b282518d6ed81826833d77c3c882d9ab608add591ccace47a44?s=96&d=mm&r=g\",\"url\":\"https:\\\/\\\/secure.gravatar.com\\\/avatar\\\/bab33852abfd8b282518d6ed81826833d77c3c882d9ab608add591ccace47a44?s=96&d=mm&r=g\",\"contentUrl\":\"https:\\\/\\\/secure.gravatar.com\\\/avatar\\\/bab33852abfd8b282518d6ed81826833d77c3c882d9ab608add591ccace47a44?s=96&d=mm&r=g\",\"caption\":\"Kuzeyin Sesi\"},\"sameAs\":[\"https:\\\/\\\/kuzeyinsesi.org\"],\"url\":\"https:\\\/\\\/kuzeyinsesi.org\\\/index.php\\\/author\\\/guven\\\/\"}]}<\/script>\n<!-- \/ Yoast SEO plugin. -->","yoast_head_json":{"title":"Hayat\u0131m\u0131za De\u011fer Katan Kad\u0131nlar\u0131m\u0131z sergisinin d\u00f6rd\u00fcnc\u00fcs\u00fc i\u00e7in sponsorluk anla\u015fmas\u0131 yap\u0131ld\u0131 - Kuzeyin Sesi","robots":{"index":"index","follow":"follow","max-snippet":"max-snippet:-1","max-image-preview":"max-image-preview:large","max-video-preview":"max-video-preview:-1"},"canonical":"https:\/\/kuzeyinsesi.org\/index.php\/2024\/07\/13\/hayatimiza-deger-katan-kadinlarimiz-sergisinin-dorduncusu-icin-sponsorluk-anlasmasi-yapildi\/","og_locale":"tr_TR","og_type":"article","og_title":"Hayat\u0131m\u0131za De\u011fer Katan Kad\u0131nlar\u0131m\u0131z sergisinin d\u00f6rd\u00fcnc\u00fcs\u00fc i\u00e7in sponsorluk anla\u015fmas\u0131 yap\u0131ld\u0131 - Kuzeyin Sesi","og_description":"K\u0131br\u0131s Kad\u0131n \u00d6yk\u00fcleri Derne\u011fi (K\u00d6DER) taraf\u0131ndan haz\u0131rlanan \u201cHayat\u0131m\u0131za De\u011fer Katan Kad\u0131nlar\u0131m\u0131z\u201d kitab\u0131n\u0131n d\u00f6rd\u00fcnc\u00fcs\u00fcnde yer alacak foto\u011fraflar\u0131n sergilenece\u011fi 4. \u201cHayat\u0131m\u0131za De\u011fer Katan Kad\u0131nlar\u0131m\u0131z-41 Kad\u0131n-41 Hayat\u201d Foto\u011fraf Sergisi i\u00e7in sponsorluk anla\u015fmas\u0131 imzaland\u0131. Dernekten verilen bilgiye g\u00f6re, sergiyle ilgili sponsorluk anla\u015fmas\u0131na K\u00d6DER Ba\u015fkan\u0131 \u015eenay Ekingen ile Garanti BBVA KKTC \u00dclke M\u00fcd\u00fcr\u00fc Elif Alt\u0131nkol imza koydu. A\u00e7\u0131klamada, serginin bu [&hellip;]","og_url":"https:\/\/kuzeyinsesi.org\/index.php\/2024\/07\/13\/hayatimiza-deger-katan-kadinlarimiz-sergisinin-dorduncusu-icin-sponsorluk-anlasmasi-yapildi\/","og_site_name":"Kuzeyin Sesi","article_publisher":"https:\/\/www.facebook.com\/kuzeyinsesii","article_published_time":"2024-07-13T13:12:35+00:00","og_image":[{"url":"https:\/\/brtk.net\/wp-content\/uploads\/2024\/07\/13\/koder-garanti-bbva-ziyaret-imza.jpeg?ver=f290887329331fa2eea53ad5f33a7715","type":"","width":"","height":""}],"author":"Kuzeyin Sesi","twitter_card":"summary_large_image","twitter_creator":"@kuzeyinsesii","twitter_site":"@kuzeyinsesii","twitter_misc":{"Yazan:":"Kuzeyin Sesi","Tahmini okuma s\u00fcresi":"1 dakika"},"schema":{"@context":"https:\/\/schema.org","@graph":[{"@type":"Article","@id":"https:\/\/kuzeyinsesi.org\/index.php\/2024\/07\/13\/hayatimiza-deger-katan-kadinlarimiz-sergisinin-dorduncusu-icin-sponsorluk-anlasmasi-yapildi\/#article","isPartOf":{"@id":"https:\/\/kuzeyinsesi.org\/index.php\/2024\/07\/13\/hayatimiza-deger-katan-kadinlarimiz-sergisinin-dorduncusu-icin-sponsorluk-anlasmasi-yapildi\/"},"author":{"name":"Kuzeyin Sesi","@id":"https:\/\/kuzeyinsesi.org\/#\/schema\/person\/9f859689cdf01485597712386e37f5aa"},"headline":"Hayat\u0131m\u0131za De\u011fer Katan Kad\u0131nlar\u0131m\u0131z sergisinin d\u00f6rd\u00fcnc\u00fcs\u00fc i\u00e7in sponsorluk anla\u015fmas\u0131 yap\u0131ld\u0131","datePublished":"2024-07-13T13:12:35+00:00","mainEntityOfPage":{"@id":"https:\/\/kuzeyinsesi.org\/index.php\/2024\/07\/13\/hayatimiza-deger-katan-kadinlarimiz-sergisinin-dorduncusu-icin-sponsorluk-anlasmasi-yapildi\/"},"wordCount":152,"commentCount":0,"image":{"@id":"https:\/\/kuzeyinsesi.org\/index.php\/2024\/07\/13\/hayatimiza-deger-katan-kadinlarimiz-sergisinin-dorduncusu-icin-sponsorluk-anlasmasi-yapildi\/#primaryimage"},"thumbnailUrl":"https:\/\/kuzeyinsesi.org\/wp-content\/uploads\/2024\/07\/koder-garanti-bbva-ziyaret-imza.jpeg","articleSection":["Ya\u015fam"],"inLanguage":"tr","potentialAction":[{"@type":"CommentAction","name":"Comment","target":["https:\/\/kuzeyinsesi.org\/index.php\/2024\/07\/13\/hayatimiza-deger-katan-kadinlarimiz-sergisinin-dorduncusu-icin-sponsorluk-anlasmasi-yapildi\/#respond"]}]},{"@type":"WebPage","@id":"https:\/\/kuzeyinsesi.org\/index.php\/2024\/07\/13\/hayatimiza-deger-katan-kadinlarimiz-sergisinin-dorduncusu-icin-sponsorluk-anlasmasi-yapildi\/","url":"https:\/\/kuzeyinsesi.org\/index.php\/2024\/07\/13\/hayatimiza-deger-katan-kadinlarimiz-sergisinin-dorduncusu-icin-sponsorluk-anlasmasi-yapildi\/","name":"Hayat\u0131m\u0131za De\u011fer Katan Kad\u0131nlar\u0131m\u0131z sergisinin d\u00f6rd\u00fcnc\u00fcs\u00fc i\u00e7in sponsorluk anla\u015fmas\u0131 yap\u0131ld\u0131 - Kuzeyin Sesi","isPartOf":{"@id":"https:\/\/kuzeyinsesi.org\/#website"},"primaryImageOfPage":{"@id":"https:\/\/kuzeyinsesi.org\/index.php\/2024\/07\/13\/hayatimiza-deger-katan-kadinlarimiz-sergisinin-dorduncusu-icin-sponsorluk-anlasmasi-yapildi\/#primaryimage"},"image":{"@id":"https:\/\/kuzeyinsesi.org\/index.php\/2024\/07\/13\/hayatimiza-deger-katan-kadinlarimiz-sergisinin-dorduncusu-icin-sponsorluk-anlasmasi-yapildi\/#primaryimage"},"thumbnailUrl":"https:\/\/kuzeyinsesi.org\/wp-content\/uploads\/2024\/07\/koder-garanti-bbva-ziyaret-imza.jpeg","datePublished":"2024-07-13T13:12:35+00:00","author":{"@id":"https:\/\/kuzeyinsesi.org\/#\/schema\/person\/9f859689cdf01485597712386e37f5aa"},"breadcrumb":{"@id":"https:\/\/kuzeyinsesi.org\/index.php\/2024\/07\/13\/hayatimiza-deger-katan-kadinlarimiz-sergisinin-dorduncusu-icin-sponsorluk-anlasmasi-yapildi\/#breadcrumb"},"inLanguage":"tr","potentialAction":[{"@type":"ReadAction","target":["https:\/\/kuzeyinsesi.org\/index.php\/2024\/07\/13\/hayatimiza-deger-katan-kadinlarimiz-sergisinin-dorduncusu-icin-sponsorluk-anlasmasi-yapildi\/"]}]},{"@type":"ImageObject","inLanguage":"tr","@id":"https:\/\/kuzeyinsesi.org\/index.php\/2024\/07\/13\/hayatimiza-deger-katan-kadinlarimiz-sergisinin-dorduncusu-icin-sponsorluk-anlasmasi-yapildi\/#primaryimage","url":"https:\/\/kuzeyinsesi.org\/wp-content\/uploads\/2024\/07\/koder-garanti-bbva-ziyaret-imza.jpeg","contentUrl":"https:\/\/kuzeyinsesi.org\/wp-content\/uploads\/2024\/07\/koder-garanti-bbva-ziyaret-imza.jpeg","width":1600,"height":1200},{"@type":"BreadcrumbList","@id":"https:\/\/kuzeyinsesi.org\/index.php\/2024\/07\/13\/hayatimiza-deger-katan-kadinlarimiz-sergisinin-dorduncusu-icin-sponsorluk-anlasmasi-yapildi\/#breadcrumb","itemListElement":[{"@type":"ListItem","position":1,"name":"Anasayfa","item":"https:\/\/kuzeyinsesi.org\/"},{"@type":"ListItem","position":2,"name":"Hayat\u0131m\u0131za De\u011fer Katan Kad\u0131nlar\u0131m\u0131z sergisinin d\u00f6rd\u00fcnc\u00fcs\u00fc i\u00e7in sponsorluk anla\u015fmas\u0131 yap\u0131ld\u0131"}]},{"@type":"WebSite","@id":"https:\/\/kuzeyinsesi.org\/#website","url":"https:\/\/kuzeyinsesi.org\/","name":"Kuzeyin Sesi","description":"Do\u011fru Haberin Adresi","potentialAction":[{"@type":"SearchAction","target":{"@type":"EntryPoint","urlTemplate":"https:\/\/kuzeyinsesi.org\/?s={search_term_string}"},"query-input":{"@type":"PropertyValueSpecification","valueRequired":true,"valueName":"search_term_string"}}],"inLanguage":"tr"},{"@type":"Person","@id":"https:\/\/kuzeyinsesi.org\/#\/schema\/person\/9f859689cdf01485597712386e37f5aa","name":"Kuzeyin Sesi","image":{"@type":"ImageObject","inLanguage":"tr","@id":"https:\/\/secure.gravatar.com\/avatar\/bab33852abfd8b282518d6ed81826833d77c3c882d9ab608add591ccace47a44?s=96&d=mm&r=g","url":"https:\/\/secure.gravatar.com\/avatar\/bab33852abfd8b282518d6ed81826833d77c3c882d9ab608add591ccace47a44?s=96&d=mm&r=g","contentUrl":"https:\/\/secure.gravatar.com\/avatar\/bab33852abfd8b282518d6ed81826833d77c3c882d9ab608add591ccace47a44?s=96&d=mm&r=g","caption":"Kuzeyin Sesi"},"sameAs":["https:\/\/kuzeyinsesi.org"],"url":"https:\/\/kuzeyinsesi.org\/index.php\/author\/guven\/"}]}},"_links":{"self":[{"href":"https:\/\/kuzeyinsesi.org\/index.php\/wp-json\/wp\/v2\/posts\/6297","targetHints":{"allow":["GET"]}}],"collection":[{"href":"https:\/\/kuzeyinsesi.org\/index.php\/wp-json\/wp\/v2\/posts"}],"about":[{"href":"https:\/\/kuzeyinsesi.org\/index.php\/wp-json\/wp\/v2\/types\/post"}],"author":[{"embeddable":true,"href":"https:\/\/kuzeyinsesi.org\/index.php\/wp-json\/wp\/v2\/users\/1"}],"replies":[{"embeddable":true,"href":"https:\/\/kuzeyinsesi.org\/index.php\/wp-json\/wp\/v2\/comments?post=6297"}],"version-history":[{"count":0,"href":"https:\/\/kuzeyinsesi.org\/index.php\/wp-json\/wp\/v2\/posts\/6297\/revisions"}],"wp:featuredmedia":[{"embeddable":true,"href":"https:\/\/kuzeyinsesi.org\/index.php\/wp-json\/wp\/v2\/media\/6298"}],"wp:attachment":[{"href":"https:\/\/kuzeyinsesi.org\/index.php\/wp-json\/wp\/v2\/media?parent=6297"}],"wp:term":[{"taxonomy":"category","embeddable":true,"href":"https:\/\/kuzeyinsesi.org\/index.php\/wp-json\/wp\/v2\/categories?post=6297"},{"taxonomy":"post_tag","embeddable":true,"href":"https:\/\/kuzeyinsesi.org\/index.php\/wp-json\/wp\/v2\/tags?post=6297"}],"curies":[{"name":"wp","href":"https:\/\/api.w.org\/{rel}","templated":true}]}}