{"id":6221,"date":"2024-07-11T14:50:54","date_gmt":"2024-07-11T11:50:54","guid":{"rendered":"https:\/\/kuzeyinsesi.org\/index.php\/2024\/07\/11\/metin-turan-changwon-uluslararasi-edebiyat-odulunu-kazandi\/"},"modified":"2024-07-11T14:50:54","modified_gmt":"2024-07-11T11:50:54","slug":"metin-turan-changwon-uluslararasi-edebiyat-odulunu-kazandi","status":"publish","type":"post","link":"https:\/\/kuzeyinsesi.org\/index.php\/2024\/07\/11\/metin-turan-changwon-uluslararasi-edebiyat-odulunu-kazandi\/","title":{"rendered":"Metin Turan, Changwon Uluslararas\u0131 Edebiyat \u00d6d\u00fcl\u00fc\u2019n\u00fc kazand\u0131"},"content":{"rendered":"<div>\n<div class=\"mariselle-image-container center\">\n                                            <\/div>\n<p>K\u0131br\u0131s Balkanlar Avrasya T\u00fcrk Edebiyatlar\u0131 Kurumu (KIBATEK) Ba\u015fkan\u0131 \u015fair Metin Turan G\u00fcney Kore\u2019nin Changwon Uluslararas\u0131 Edebiyat \u00d6d\u00fcl\u00fc\u2019n\u00fc ald\u0131.<\/p>\n<p>KIBATEK\u2019ten yap\u0131lan a\u00e7\u0131klamaya g\u00f6re \u00f6d\u00fcl, \u201cinsan\u0131n e\u015fsiz ruhuna dayanan d\u00fc\u015f\u00fcnce ve ona olan inanc\u0131 \u015fiir yarat\u0131m\u0131 ve ele\u015ftirisi yoluyla ba\u015far\u0131yla somutla\u015ft\u0131ran ve uygulayan\u201d \u015fair ve ele\u015ftirmenlere takdim ediliyor.<\/p>\n<p>10-14 Ekim 2024 tarihleri aras\u0131nda Kore\u2019de yap\u0131lacak \u00f6d\u00fcl t\u00f6reninde, Metin Turan\u2019a para \u00f6d\u00fcl\u00fcn\u00fcn yan\u0131 s\u0131ra alt\u0131n madalya verilecek. Turan, Hyupsung \u00dcniversitesi\u2019nde \u201cBug\u00fcn\u00fcn D\u00fcnyas\u0131nda Edebiyat\u201d ba\u015fl\u0131kl\u0131 bir konferans verecek ve ard\u0131ndan Changwon Uluslararas\u0131 Edebiyat Festivalinde \u00f6d\u00fcl konu\u015fmas\u0131n\u0131 yaparak \u015fiirlerini payla\u015facak. G\u00fcn\u00fcn an\u0131s\u0131na, Turan\u2019\u0131n konferans metni ve \u015fiirleri T\u00fcrk\u00e7e, Korece ve \u0130ngilizce olarak kitap halinde yay\u0131nlanacak.<\/p>\n<\/p><\/div>\n<p><script async\n                    defer\n                    crossorigin=\"anonymous\"\n                    src=\"https:\/\/connect.facebook.net\/tr_TR\/sdk.js#xfbml=1&#038;version=v3.3\"\n            ><\/script><\/p>\n","protected":false},"excerpt":{"rendered":"<p>K\u0131br\u0131s Balkanlar Avrasya T\u00fcrk Edebiyatlar\u0131 Kurumu (KIBATEK) Ba\u015fkan\u0131 \u015fair Metin Turan G\u00fcney Kore\u2019nin Changwon Uluslararas\u0131 Edebiyat \u00d6d\u00fcl\u00fc\u2019n\u00fc ald\u0131. KIBATEK\u2019ten yap\u0131lan a\u00e7\u0131klamaya g\u00f6re \u00f6d\u00fcl, \u201cinsan\u0131n e\u015fsiz ruhuna dayanan d\u00fc\u015f\u00fcnce ve ona olan inanc\u0131 \u015fiir yarat\u0131m\u0131 ve ele\u015ftirisi yoluyla ba\u015far\u0131yla somutla\u015ft\u0131ran ve uygulayan\u201d \u015fair ve ele\u015ftirmenlere takdim ediliyor. 10-14 Ekim 2024 tarihleri aras\u0131nda Kore\u2019de yap\u0131lacak \u00f6d\u00fcl t\u00f6reninde, [&hellip;]<\/p>\n","protected":false},"author":1,"featured_media":6222,"comment_status":"open","ping_status":"open","sticky":false,"template":"","format":"standard","meta":{"jnews-multi-image_gallery":[],"jnews_single_post":[],"jnews_primary_category":[],"jnews_social_meta":[],"jnews_override_counter":[],"footnotes":""},"categories":[6],"tags":[],"class_list":["post-6221","post","type-post","status-publish","format-standard","has-post-thumbnail","hentry","category-yasam"],"yoast_head":"<!-- This site is optimized with the Yoast SEO plugin v27.5 - https:\/\/yoast.com\/product\/yoast-seo-wordpress\/ -->\n<title>Metin Turan, Changwon Uluslararas\u0131 Edebiyat \u00d6d\u00fcl\u00fc\u2019n\u00fc kazand\u0131 - Kuzeyin Sesi<\/title>\n<meta name=\"robots\" content=\"index, follow, max-snippet:-1, max-image-preview:large, max-video-preview:-1\" \/>\n<link rel=\"canonical\" href=\"https:\/\/kuzeyinsesi.org\/index.php\/2024\/07\/11\/metin-turan-changwon-uluslararasi-edebiyat-odulunu-kazandi\/\" \/>\n<meta property=\"og:locale\" content=\"tr_TR\" \/>\n<meta property=\"og:type\" content=\"article\" \/>\n<meta property=\"og:title\" content=\"Metin Turan, Changwon Uluslararas\u0131 Edebiyat \u00d6d\u00fcl\u00fc\u2019n\u00fc kazand\u0131 - Kuzeyin Sesi\" \/>\n<meta property=\"og:description\" content=\"K\u0131br\u0131s Balkanlar Avrasya T\u00fcrk Edebiyatlar\u0131 Kurumu (KIBATEK) Ba\u015fkan\u0131 \u015fair Metin Turan G\u00fcney Kore\u2019nin Changwon Uluslararas\u0131 Edebiyat \u00d6d\u00fcl\u00fc\u2019n\u00fc ald\u0131. KIBATEK\u2019ten yap\u0131lan a\u00e7\u0131klamaya g\u00f6re \u00f6d\u00fcl, \u201cinsan\u0131n e\u015fsiz ruhuna dayanan d\u00fc\u015f\u00fcnce ve ona olan inanc\u0131 \u015fiir yarat\u0131m\u0131 ve ele\u015ftirisi yoluyla ba\u015far\u0131yla somutla\u015ft\u0131ran ve uygulayan\u201d \u015fair ve ele\u015ftirmenlere takdim ediliyor. 10-14 Ekim 2024 tarihleri aras\u0131nda Kore\u2019de yap\u0131lacak \u00f6d\u00fcl t\u00f6reninde, [&hellip;]\" \/>\n<meta property=\"og:url\" content=\"https:\/\/kuzeyinsesi.org\/index.php\/2024\/07\/11\/metin-turan-changwon-uluslararasi-edebiyat-odulunu-kazandi\/\" \/>\n<meta property=\"og:site_name\" content=\"Kuzeyin Sesi\" \/>\n<meta property=\"article:publisher\" content=\"https:\/\/www.facebook.com\/kuzeyinsesii\" \/>\n<meta property=\"article:published_time\" content=\"2024-07-11T11:50:54+00:00\" \/>\n<meta property=\"og:image\" content=\"https:\/\/brtk.net\/wp-content\/uploads\/2024\/07\/11\/kibatek-baskani-odul-aldi.jpg?ver=3d6fffd83e5621fee59c7ab635835f14\" \/>\n<meta name=\"author\" content=\"Kuzeyin Sesi\" \/>\n<meta name=\"twitter:card\" content=\"summary_large_image\" \/>\n<meta name=\"twitter:creator\" content=\"@kuzeyinsesii\" \/>\n<meta name=\"twitter:site\" content=\"@kuzeyinsesii\" \/>\n<meta name=\"twitter:label1\" content=\"Yazan:\" \/>\n\t<meta name=\"twitter:data1\" content=\"Kuzeyin Sesi\" \/>\n\t<meta name=\"twitter:label2\" content=\"Tahmini okuma s\u00fcresi\" \/>\n\t<meta name=\"twitter:data2\" content=\"1 dakika\" \/>\n<script type=\"application\/ld+json\" class=\"yoast-schema-graph\">{\"@context\":\"https:\\\/\\\/schema.org\",\"@graph\":[{\"@type\":\"Article\",\"@id\":\"https:\\\/\\\/kuzeyinsesi.org\\\/index.php\\\/2024\\\/07\\\/11\\\/metin-turan-changwon-uluslararasi-edebiyat-odulunu-kazandi\\\/#article\",\"isPartOf\":{\"@id\":\"https:\\\/\\\/kuzeyinsesi.org\\\/index.php\\\/2024\\\/07\\\/11\\\/metin-turan-changwon-uluslararasi-edebiyat-odulunu-kazandi\\\/\"},\"author\":{\"name\":\"Kuzeyin Sesi\",\"@id\":\"https:\\\/\\\/kuzeyinsesi.org\\\/#\\\/schema\\\/person\\\/9f859689cdf01485597712386e37f5aa\"},\"headline\":\"Metin Turan, Changwon Uluslararas\u0131 Edebiyat \u00d6d\u00fcl\u00fc\u2019n\u00fc kazand\u0131\",\"datePublished\":\"2024-07-11T11:50:54+00:00\",\"mainEntityOfPage\":{\"@id\":\"https:\\\/\\\/kuzeyinsesi.org\\\/index.php\\\/2024\\\/07\\\/11\\\/metin-turan-changwon-uluslararasi-edebiyat-odulunu-kazandi\\\/\"},\"wordCount\":162,\"commentCount\":0,\"image\":{\"@id\":\"https:\\\/\\\/kuzeyinsesi.org\\\/index.php\\\/2024\\\/07\\\/11\\\/metin-turan-changwon-uluslararasi-edebiyat-odulunu-kazandi\\\/#primaryimage\"},\"thumbnailUrl\":\"https:\\\/\\\/kuzeyinsesi.org\\\/wp-content\\\/uploads\\\/2024\\\/07\\\/kibatek-baskani-odul-aldi.jpg\",\"articleSection\":[\"Ya\u015fam\"],\"inLanguage\":\"tr\",\"potentialAction\":[{\"@type\":\"CommentAction\",\"name\":\"Comment\",\"target\":[\"https:\\\/\\\/kuzeyinsesi.org\\\/index.php\\\/2024\\\/07\\\/11\\\/metin-turan-changwon-uluslararasi-edebiyat-odulunu-kazandi\\\/#respond\"]}]},{\"@type\":\"WebPage\",\"@id\":\"https:\\\/\\\/kuzeyinsesi.org\\\/index.php\\\/2024\\\/07\\\/11\\\/metin-turan-changwon-uluslararasi-edebiyat-odulunu-kazandi\\\/\",\"url\":\"https:\\\/\\\/kuzeyinsesi.org\\\/index.php\\\/2024\\\/07\\\/11\\\/metin-turan-changwon-uluslararasi-edebiyat-odulunu-kazandi\\\/\",\"name\":\"Metin Turan, Changwon Uluslararas\u0131 Edebiyat \u00d6d\u00fcl\u00fc\u2019n\u00fc kazand\u0131 - Kuzeyin Sesi\",\"isPartOf\":{\"@id\":\"https:\\\/\\\/kuzeyinsesi.org\\\/#website\"},\"primaryImageOfPage\":{\"@id\":\"https:\\\/\\\/kuzeyinsesi.org\\\/index.php\\\/2024\\\/07\\\/11\\\/metin-turan-changwon-uluslararasi-edebiyat-odulunu-kazandi\\\/#primaryimage\"},\"image\":{\"@id\":\"https:\\\/\\\/kuzeyinsesi.org\\\/index.php\\\/2024\\\/07\\\/11\\\/metin-turan-changwon-uluslararasi-edebiyat-odulunu-kazandi\\\/#primaryimage\"},\"thumbnailUrl\":\"https:\\\/\\\/kuzeyinsesi.org\\\/wp-content\\\/uploads\\\/2024\\\/07\\\/kibatek-baskani-odul-aldi.jpg\",\"datePublished\":\"2024-07-11T11:50:54+00:00\",\"author\":{\"@id\":\"https:\\\/\\\/kuzeyinsesi.org\\\/#\\\/schema\\\/person\\\/9f859689cdf01485597712386e37f5aa\"},\"breadcrumb\":{\"@id\":\"https:\\\/\\\/kuzeyinsesi.org\\\/index.php\\\/2024\\\/07\\\/11\\\/metin-turan-changwon-uluslararasi-edebiyat-odulunu-kazandi\\\/#breadcrumb\"},\"inLanguage\":\"tr\",\"potentialAction\":[{\"@type\":\"ReadAction\",\"target\":[\"https:\\\/\\\/kuzeyinsesi.org\\\/index.php\\\/2024\\\/07\\\/11\\\/metin-turan-changwon-uluslararasi-edebiyat-odulunu-kazandi\\\/\"]}]},{\"@type\":\"ImageObject\",\"inLanguage\":\"tr\",\"@id\":\"https:\\\/\\\/kuzeyinsesi.org\\\/index.php\\\/2024\\\/07\\\/11\\\/metin-turan-changwon-uluslararasi-edebiyat-odulunu-kazandi\\\/#primaryimage\",\"url\":\"https:\\\/\\\/kuzeyinsesi.org\\\/wp-content\\\/uploads\\\/2024\\\/07\\\/kibatek-baskani-odul-aldi.jpg\",\"contentUrl\":\"https:\\\/\\\/kuzeyinsesi.org\\\/wp-content\\\/uploads\\\/2024\\\/07\\\/kibatek-baskani-odul-aldi.jpg\",\"width\":1385,\"height\":931},{\"@type\":\"BreadcrumbList\",\"@id\":\"https:\\\/\\\/kuzeyinsesi.org\\\/index.php\\\/2024\\\/07\\\/11\\\/metin-turan-changwon-uluslararasi-edebiyat-odulunu-kazandi\\\/#breadcrumb\",\"itemListElement\":[{\"@type\":\"ListItem\",\"position\":1,\"name\":\"Anasayfa\",\"item\":\"https:\\\/\\\/kuzeyinsesi.org\\\/\"},{\"@type\":\"ListItem\",\"position\":2,\"name\":\"Metin Turan, Changwon Uluslararas\u0131 Edebiyat \u00d6d\u00fcl\u00fc\u2019n\u00fc kazand\u0131\"}]},{\"@type\":\"WebSite\",\"@id\":\"https:\\\/\\\/kuzeyinsesi.org\\\/#website\",\"url\":\"https:\\\/\\\/kuzeyinsesi.org\\\/\",\"name\":\"Kuzeyin Sesi\",\"description\":\"Do\u011fru Haberin Adresi\",\"potentialAction\":[{\"@type\":\"SearchAction\",\"target\":{\"@type\":\"EntryPoint\",\"urlTemplate\":\"https:\\\/\\\/kuzeyinsesi.org\\\/?s={search_term_string}\"},\"query-input\":{\"@type\":\"PropertyValueSpecification\",\"valueRequired\":true,\"valueName\":\"search_term_string\"}}],\"inLanguage\":\"tr\"},{\"@type\":\"Person\",\"@id\":\"https:\\\/\\\/kuzeyinsesi.org\\\/#\\\/schema\\\/person\\\/9f859689cdf01485597712386e37f5aa\",\"name\":\"Kuzeyin Sesi\",\"image\":{\"@type\":\"ImageObject\",\"inLanguage\":\"tr\",\"@id\":\"https:\\\/\\\/secure.gravatar.com\\\/avatar\\\/bab33852abfd8b282518d6ed81826833d77c3c882d9ab608add591ccace47a44?s=96&d=mm&r=g\",\"url\":\"https:\\\/\\\/secure.gravatar.com\\\/avatar\\\/bab33852abfd8b282518d6ed81826833d77c3c882d9ab608add591ccace47a44?s=96&d=mm&r=g\",\"contentUrl\":\"https:\\\/\\\/secure.gravatar.com\\\/avatar\\\/bab33852abfd8b282518d6ed81826833d77c3c882d9ab608add591ccace47a44?s=96&d=mm&r=g\",\"caption\":\"Kuzeyin Sesi\"},\"sameAs\":[\"https:\\\/\\\/kuzeyinsesi.org\"],\"url\":\"https:\\\/\\\/kuzeyinsesi.org\\\/index.php\\\/author\\\/guven\\\/\"}]}<\/script>\n<!-- \/ Yoast SEO plugin. -->","yoast_head_json":{"title":"Metin Turan, Changwon Uluslararas\u0131 Edebiyat \u00d6d\u00fcl\u00fc\u2019n\u00fc kazand\u0131 - Kuzeyin Sesi","robots":{"index":"index","follow":"follow","max-snippet":"max-snippet:-1","max-image-preview":"max-image-preview:large","max-video-preview":"max-video-preview:-1"},"canonical":"https:\/\/kuzeyinsesi.org\/index.php\/2024\/07\/11\/metin-turan-changwon-uluslararasi-edebiyat-odulunu-kazandi\/","og_locale":"tr_TR","og_type":"article","og_title":"Metin Turan, Changwon Uluslararas\u0131 Edebiyat \u00d6d\u00fcl\u00fc\u2019n\u00fc kazand\u0131 - Kuzeyin Sesi","og_description":"K\u0131br\u0131s Balkanlar Avrasya T\u00fcrk Edebiyatlar\u0131 Kurumu (KIBATEK) Ba\u015fkan\u0131 \u015fair Metin Turan G\u00fcney Kore\u2019nin Changwon Uluslararas\u0131 Edebiyat \u00d6d\u00fcl\u00fc\u2019n\u00fc ald\u0131. KIBATEK\u2019ten yap\u0131lan a\u00e7\u0131klamaya g\u00f6re \u00f6d\u00fcl, \u201cinsan\u0131n e\u015fsiz ruhuna dayanan d\u00fc\u015f\u00fcnce ve ona olan inanc\u0131 \u015fiir yarat\u0131m\u0131 ve ele\u015ftirisi yoluyla ba\u015far\u0131yla somutla\u015ft\u0131ran ve uygulayan\u201d \u015fair ve ele\u015ftirmenlere takdim ediliyor. 10-14 Ekim 2024 tarihleri aras\u0131nda Kore\u2019de yap\u0131lacak \u00f6d\u00fcl t\u00f6reninde, [&hellip;]","og_url":"https:\/\/kuzeyinsesi.org\/index.php\/2024\/07\/11\/metin-turan-changwon-uluslararasi-edebiyat-odulunu-kazandi\/","og_site_name":"Kuzeyin Sesi","article_publisher":"https:\/\/www.facebook.com\/kuzeyinsesii","article_published_time":"2024-07-11T11:50:54+00:00","og_image":[{"url":"https:\/\/brtk.net\/wp-content\/uploads\/2024\/07\/11\/kibatek-baskani-odul-aldi.jpg?ver=3d6fffd83e5621fee59c7ab635835f14","type":"","width":"","height":""}],"author":"Kuzeyin Sesi","twitter_card":"summary_large_image","twitter_creator":"@kuzeyinsesii","twitter_site":"@kuzeyinsesii","twitter_misc":{"Yazan:":"Kuzeyin Sesi","Tahmini okuma s\u00fcresi":"1 dakika"},"schema":{"@context":"https:\/\/schema.org","@graph":[{"@type":"Article","@id":"https:\/\/kuzeyinsesi.org\/index.php\/2024\/07\/11\/metin-turan-changwon-uluslararasi-edebiyat-odulunu-kazandi\/#article","isPartOf":{"@id":"https:\/\/kuzeyinsesi.org\/index.php\/2024\/07\/11\/metin-turan-changwon-uluslararasi-edebiyat-odulunu-kazandi\/"},"author":{"name":"Kuzeyin Sesi","@id":"https:\/\/kuzeyinsesi.org\/#\/schema\/person\/9f859689cdf01485597712386e37f5aa"},"headline":"Metin Turan, Changwon Uluslararas\u0131 Edebiyat \u00d6d\u00fcl\u00fc\u2019n\u00fc kazand\u0131","datePublished":"2024-07-11T11:50:54+00:00","mainEntityOfPage":{"@id":"https:\/\/kuzeyinsesi.org\/index.php\/2024\/07\/11\/metin-turan-changwon-uluslararasi-edebiyat-odulunu-kazandi\/"},"wordCount":162,"commentCount":0,"image":{"@id":"https:\/\/kuzeyinsesi.org\/index.php\/2024\/07\/11\/metin-turan-changwon-uluslararasi-edebiyat-odulunu-kazandi\/#primaryimage"},"thumbnailUrl":"https:\/\/kuzeyinsesi.org\/wp-content\/uploads\/2024\/07\/kibatek-baskani-odul-aldi.jpg","articleSection":["Ya\u015fam"],"inLanguage":"tr","potentialAction":[{"@type":"CommentAction","name":"Comment","target":["https:\/\/kuzeyinsesi.org\/index.php\/2024\/07\/11\/metin-turan-changwon-uluslararasi-edebiyat-odulunu-kazandi\/#respond"]}]},{"@type":"WebPage","@id":"https:\/\/kuzeyinsesi.org\/index.php\/2024\/07\/11\/metin-turan-changwon-uluslararasi-edebiyat-odulunu-kazandi\/","url":"https:\/\/kuzeyinsesi.org\/index.php\/2024\/07\/11\/metin-turan-changwon-uluslararasi-edebiyat-odulunu-kazandi\/","name":"Metin Turan, Changwon Uluslararas\u0131 Edebiyat \u00d6d\u00fcl\u00fc\u2019n\u00fc kazand\u0131 - Kuzeyin Sesi","isPartOf":{"@id":"https:\/\/kuzeyinsesi.org\/#website"},"primaryImageOfPage":{"@id":"https:\/\/kuzeyinsesi.org\/index.php\/2024\/07\/11\/metin-turan-changwon-uluslararasi-edebiyat-odulunu-kazandi\/#primaryimage"},"image":{"@id":"https:\/\/kuzeyinsesi.org\/index.php\/2024\/07\/11\/metin-turan-changwon-uluslararasi-edebiyat-odulunu-kazandi\/#primaryimage"},"thumbnailUrl":"https:\/\/kuzeyinsesi.org\/wp-content\/uploads\/2024\/07\/kibatek-baskani-odul-aldi.jpg","datePublished":"2024-07-11T11:50:54+00:00","author":{"@id":"https:\/\/kuzeyinsesi.org\/#\/schema\/person\/9f859689cdf01485597712386e37f5aa"},"breadcrumb":{"@id":"https:\/\/kuzeyinsesi.org\/index.php\/2024\/07\/11\/metin-turan-changwon-uluslararasi-edebiyat-odulunu-kazandi\/#breadcrumb"},"inLanguage":"tr","potentialAction":[{"@type":"ReadAction","target":["https:\/\/kuzeyinsesi.org\/index.php\/2024\/07\/11\/metin-turan-changwon-uluslararasi-edebiyat-odulunu-kazandi\/"]}]},{"@type":"ImageObject","inLanguage":"tr","@id":"https:\/\/kuzeyinsesi.org\/index.php\/2024\/07\/11\/metin-turan-changwon-uluslararasi-edebiyat-odulunu-kazandi\/#primaryimage","url":"https:\/\/kuzeyinsesi.org\/wp-content\/uploads\/2024\/07\/kibatek-baskani-odul-aldi.jpg","contentUrl":"https:\/\/kuzeyinsesi.org\/wp-content\/uploads\/2024\/07\/kibatek-baskani-odul-aldi.jpg","width":1385,"height":931},{"@type":"BreadcrumbList","@id":"https:\/\/kuzeyinsesi.org\/index.php\/2024\/07\/11\/metin-turan-changwon-uluslararasi-edebiyat-odulunu-kazandi\/#breadcrumb","itemListElement":[{"@type":"ListItem","position":1,"name":"Anasayfa","item":"https:\/\/kuzeyinsesi.org\/"},{"@type":"ListItem","position":2,"name":"Metin Turan, Changwon Uluslararas\u0131 Edebiyat \u00d6d\u00fcl\u00fc\u2019n\u00fc kazand\u0131"}]},{"@type":"WebSite","@id":"https:\/\/kuzeyinsesi.org\/#website","url":"https:\/\/kuzeyinsesi.org\/","name":"Kuzeyin Sesi","description":"Do\u011fru Haberin Adresi","potentialAction":[{"@type":"SearchAction","target":{"@type":"EntryPoint","urlTemplate":"https:\/\/kuzeyinsesi.org\/?s={search_term_string}"},"query-input":{"@type":"PropertyValueSpecification","valueRequired":true,"valueName":"search_term_string"}}],"inLanguage":"tr"},{"@type":"Person","@id":"https:\/\/kuzeyinsesi.org\/#\/schema\/person\/9f859689cdf01485597712386e37f5aa","name":"Kuzeyin Sesi","image":{"@type":"ImageObject","inLanguage":"tr","@id":"https:\/\/secure.gravatar.com\/avatar\/bab33852abfd8b282518d6ed81826833d77c3c882d9ab608add591ccace47a44?s=96&d=mm&r=g","url":"https:\/\/secure.gravatar.com\/avatar\/bab33852abfd8b282518d6ed81826833d77c3c882d9ab608add591ccace47a44?s=96&d=mm&r=g","contentUrl":"https:\/\/secure.gravatar.com\/avatar\/bab33852abfd8b282518d6ed81826833d77c3c882d9ab608add591ccace47a44?s=96&d=mm&r=g","caption":"Kuzeyin Sesi"},"sameAs":["https:\/\/kuzeyinsesi.org"],"url":"https:\/\/kuzeyinsesi.org\/index.php\/author\/guven\/"}]}},"_links":{"self":[{"href":"https:\/\/kuzeyinsesi.org\/index.php\/wp-json\/wp\/v2\/posts\/6221","targetHints":{"allow":["GET"]}}],"collection":[{"href":"https:\/\/kuzeyinsesi.org\/index.php\/wp-json\/wp\/v2\/posts"}],"about":[{"href":"https:\/\/kuzeyinsesi.org\/index.php\/wp-json\/wp\/v2\/types\/post"}],"author":[{"embeddable":true,"href":"https:\/\/kuzeyinsesi.org\/index.php\/wp-json\/wp\/v2\/users\/1"}],"replies":[{"embeddable":true,"href":"https:\/\/kuzeyinsesi.org\/index.php\/wp-json\/wp\/v2\/comments?post=6221"}],"version-history":[{"count":0,"href":"https:\/\/kuzeyinsesi.org\/index.php\/wp-json\/wp\/v2\/posts\/6221\/revisions"}],"wp:featuredmedia":[{"embeddable":true,"href":"https:\/\/kuzeyinsesi.org\/index.php\/wp-json\/wp\/v2\/media\/6222"}],"wp:attachment":[{"href":"https:\/\/kuzeyinsesi.org\/index.php\/wp-json\/wp\/v2\/media?parent=6221"}],"wp:term":[{"taxonomy":"category","embeddable":true,"href":"https:\/\/kuzeyinsesi.org\/index.php\/wp-json\/wp\/v2\/categories?post=6221"},{"taxonomy":"post_tag","embeddable":true,"href":"https:\/\/kuzeyinsesi.org\/index.php\/wp-json\/wp\/v2\/tags?post=6221"}],"curies":[{"name":"wp","href":"https:\/\/api.w.org\/{rel}","templated":true}]}}