{"id":6168,"date":"2024-07-10T18:52:17","date_gmt":"2024-07-10T15:52:17","guid":{"rendered":"https:\/\/kuzeyinsesi.org\/index.php\/2024\/07\/10\/dikmende-11-mesale-festivalinde-bu-gece-gala-gecesi-yapilacak\/"},"modified":"2024-07-10T18:52:17","modified_gmt":"2024-07-10T15:52:17","slug":"dikmende-11-mesale-festivalinde-bu-gece-gala-gecesi-yapilacak","status":"publish","type":"post","link":"https:\/\/kuzeyinsesi.org\/index.php\/2024\/07\/10\/dikmende-11-mesale-festivalinde-bu-gece-gala-gecesi-yapilacak\/","title":{"rendered":"Dikmen\u2019de 11 Me\u015fale Festivali\u2019nde bu gece gala gecesi yap\u0131lacak"},"content":{"rendered":"<div>\n<div class=\"mariselle-image-container none\">\n                                            <\/div>\n<p style=\"font-weight: 300;\">11 Me\u015fale Festivali, bu ak\u015fam d\u00fczenlenecek gala gecesiyle Dikmen\u2019de devam edecek.<\/p>\n<p style=\"font-weight: 300;\">Dikmen Belediyesi\u2019nden verilen bilgiye g\u00f6re, 5 Temmuz\u2019da Da\u011fyolu\u2019nda ba\u015flayan ve Dikmen\u2019e ba\u011fl\u0131 k\u00f6ylerde s\u0131ras\u0131yla d\u00fczenlenen festival, bu ak\u015famki kortej y\u00fcr\u00fcy\u00fc\u015f\u00fcyle birlikte Dikmen merkezde cumartesi ak\u015fam\u0131na kadar \u00e7e\u015fitli organizasyonlar ve konserlerle s\u00fcrecek.<\/p>\n<p style=\"font-weight: 300;\">K\u0131br\u0131s k\u00fclt\u00fcr\u00fcn\u00fc ve geleneklerini ya\u015fatmay\u0131 ama\u00e7layan festivalin en \u00f6nemli gecelerinden biri oldu\u011fu belirtilen gala gecesine bir\u00e7ok belediye ba\u015fkan\u0131, milletvekili ve \u00f6nemli konuklar\u0131n kat\u0131lmas\u0131n\u0131n beklendi\u011fi kaydedildi.<\/p>\n<p style=\"font-weight: 300;\">Konserler, g\u00f6steriler ve yar\u0131\u015fmalar yap\u0131lan festivalin bu ak\u015famki kortej y\u00fcr\u00fcy\u00fc\u015f\u00fc, Dikmen merkezinden ba\u015flayarak festival alan\u0131na kadar devam edecek.<\/p>\n<p style=\"font-weight: 300;\">Gala gecesinde, H\u00fcseyin Saltan, Salt, Frekans, Reva, Ahmet Evan gibi isimler sahne alacak. Festival boyunca \u00e7e\u015fitli yar\u0131\u015fmalar ve g\u00f6steriler de d\u00fczenlenecek.<\/p>\n<\/p><\/div>\n<p><script async\n                    defer\n                    crossorigin=\"anonymous\"\n                    src=\"https:\/\/connect.facebook.net\/tr_TR\/sdk.js#xfbml=1&#038;version=v3.3\"\n            ><\/script><\/p>\n","protected":false},"excerpt":{"rendered":"<p>11 Me\u015fale Festivali, bu ak\u015fam d\u00fczenlenecek gala gecesiyle Dikmen\u2019de devam edecek. Dikmen Belediyesi\u2019nden verilen bilgiye g\u00f6re, 5 Temmuz\u2019da Da\u011fyolu\u2019nda ba\u015flayan ve Dikmen\u2019e ba\u011fl\u0131 k\u00f6ylerde s\u0131ras\u0131yla d\u00fczenlenen festival, bu ak\u015famki kortej y\u00fcr\u00fcy\u00fc\u015f\u00fcyle birlikte Dikmen merkezde cumartesi ak\u015fam\u0131na kadar \u00e7e\u015fitli organizasyonlar ve konserlerle s\u00fcrecek. K\u0131br\u0131s k\u00fclt\u00fcr\u00fcn\u00fc ve geleneklerini ya\u015fatmay\u0131 ama\u00e7layan festivalin en \u00f6nemli gecelerinden biri oldu\u011fu belirtilen [&hellip;]<\/p>\n","protected":false},"author":1,"featured_media":6169,"comment_status":"open","ping_status":"open","sticky":false,"template":"","format":"standard","meta":{"jnews-multi-image_gallery":[],"jnews_single_post":[],"jnews_primary_category":[],"jnews_social_meta":[],"jnews_override_counter":[],"footnotes":""},"categories":[6],"tags":[],"class_list":["post-6168","post","type-post","status-publish","format-standard","has-post-thumbnail","hentry","category-yasam"],"yoast_head":"<!-- This site is optimized with the Yoast SEO plugin v27.5 - https:\/\/yoast.com\/product\/yoast-seo-wordpress\/ -->\n<title>Dikmen\u2019de 11 Me\u015fale Festivali\u2019nde bu gece gala gecesi yap\u0131lacak - Kuzeyin Sesi<\/title>\n<meta name=\"robots\" content=\"index, follow, max-snippet:-1, max-image-preview:large, max-video-preview:-1\" \/>\n<link rel=\"canonical\" href=\"https:\/\/kuzeyinsesi.org\/index.php\/2024\/07\/10\/dikmende-11-mesale-festivalinde-bu-gece-gala-gecesi-yapilacak\/\" \/>\n<meta property=\"og:locale\" content=\"tr_TR\" \/>\n<meta property=\"og:type\" content=\"article\" \/>\n<meta property=\"og:title\" content=\"Dikmen\u2019de 11 Me\u015fale Festivali\u2019nde bu gece gala gecesi yap\u0131lacak - Kuzeyin Sesi\" \/>\n<meta property=\"og:description\" content=\"11 Me\u015fale Festivali, bu ak\u015fam d\u00fczenlenecek gala gecesiyle Dikmen\u2019de devam edecek. Dikmen Belediyesi\u2019nden verilen bilgiye g\u00f6re, 5 Temmuz\u2019da Da\u011fyolu\u2019nda ba\u015flayan ve Dikmen\u2019e ba\u011fl\u0131 k\u00f6ylerde s\u0131ras\u0131yla d\u00fczenlenen festival, bu ak\u015famki kortej y\u00fcr\u00fcy\u00fc\u015f\u00fcyle birlikte Dikmen merkezde cumartesi ak\u015fam\u0131na kadar \u00e7e\u015fitli organizasyonlar ve konserlerle s\u00fcrecek. K\u0131br\u0131s k\u00fclt\u00fcr\u00fcn\u00fc ve geleneklerini ya\u015fatmay\u0131 ama\u00e7layan festivalin en \u00f6nemli gecelerinden biri oldu\u011fu belirtilen [&hellip;]\" \/>\n<meta property=\"og:url\" content=\"https:\/\/kuzeyinsesi.org\/index.php\/2024\/07\/10\/dikmende-11-mesale-festivalinde-bu-gece-gala-gecesi-yapilacak\/\" \/>\n<meta property=\"og:site_name\" content=\"Kuzeyin Sesi\" \/>\n<meta property=\"article:publisher\" content=\"https:\/\/www.facebook.com\/kuzeyinsesii\" \/>\n<meta property=\"article:published_time\" content=\"2024-07-10T15:52:17+00:00\" \/>\n<meta property=\"og:image\" content=\"https:\/\/brtk.net\/wp-content\/uploads\/2024\/07\/10\/mesale-festivali3.jpg?ver=7132c28208c198002dc6717ac328391f\" \/>\n<meta name=\"author\" content=\"Kuzeyin Sesi\" \/>\n<meta name=\"twitter:card\" content=\"summary_large_image\" \/>\n<meta name=\"twitter:creator\" content=\"@kuzeyinsesii\" \/>\n<meta name=\"twitter:site\" content=\"@kuzeyinsesii\" \/>\n<meta name=\"twitter:label1\" content=\"Yazan:\" \/>\n\t<meta name=\"twitter:data1\" content=\"Kuzeyin Sesi\" \/>\n\t<meta name=\"twitter:label2\" content=\"Tahmini okuma s\u00fcresi\" \/>\n\t<meta name=\"twitter:data2\" content=\"1 dakika\" \/>\n<script type=\"application\/ld+json\" class=\"yoast-schema-graph\">{\"@context\":\"https:\\\/\\\/schema.org\",\"@graph\":[{\"@type\":\"Article\",\"@id\":\"https:\\\/\\\/kuzeyinsesi.org\\\/index.php\\\/2024\\\/07\\\/10\\\/dikmende-11-mesale-festivalinde-bu-gece-gala-gecesi-yapilacak\\\/#article\",\"isPartOf\":{\"@id\":\"https:\\\/\\\/kuzeyinsesi.org\\\/index.php\\\/2024\\\/07\\\/10\\\/dikmende-11-mesale-festivalinde-bu-gece-gala-gecesi-yapilacak\\\/\"},\"author\":{\"name\":\"Kuzeyin Sesi\",\"@id\":\"https:\\\/\\\/kuzeyinsesi.org\\\/#\\\/schema\\\/person\\\/9f859689cdf01485597712386e37f5aa\"},\"headline\":\"Dikmen\u2019de 11 Me\u015fale Festivali\u2019nde bu gece gala gecesi yap\u0131lacak\",\"datePublished\":\"2024-07-10T15:52:17+00:00\",\"mainEntityOfPage\":{\"@id\":\"https:\\\/\\\/kuzeyinsesi.org\\\/index.php\\\/2024\\\/07\\\/10\\\/dikmende-11-mesale-festivalinde-bu-gece-gala-gecesi-yapilacak\\\/\"},\"wordCount\":168,\"commentCount\":0,\"image\":{\"@id\":\"https:\\\/\\\/kuzeyinsesi.org\\\/index.php\\\/2024\\\/07\\\/10\\\/dikmende-11-mesale-festivalinde-bu-gece-gala-gecesi-yapilacak\\\/#primaryimage\"},\"thumbnailUrl\":\"https:\\\/\\\/kuzeyinsesi.org\\\/wp-content\\\/uploads\\\/2024\\\/07\\\/mesale-festivali3.jpg\",\"articleSection\":[\"Ya\u015fam\"],\"inLanguage\":\"tr\",\"potentialAction\":[{\"@type\":\"CommentAction\",\"name\":\"Comment\",\"target\":[\"https:\\\/\\\/kuzeyinsesi.org\\\/index.php\\\/2024\\\/07\\\/10\\\/dikmende-11-mesale-festivalinde-bu-gece-gala-gecesi-yapilacak\\\/#respond\"]}]},{\"@type\":\"WebPage\",\"@id\":\"https:\\\/\\\/kuzeyinsesi.org\\\/index.php\\\/2024\\\/07\\\/10\\\/dikmende-11-mesale-festivalinde-bu-gece-gala-gecesi-yapilacak\\\/\",\"url\":\"https:\\\/\\\/kuzeyinsesi.org\\\/index.php\\\/2024\\\/07\\\/10\\\/dikmende-11-mesale-festivalinde-bu-gece-gala-gecesi-yapilacak\\\/\",\"name\":\"Dikmen\u2019de 11 Me\u015fale Festivali\u2019nde bu gece gala gecesi yap\u0131lacak - Kuzeyin Sesi\",\"isPartOf\":{\"@id\":\"https:\\\/\\\/kuzeyinsesi.org\\\/#website\"},\"primaryImageOfPage\":{\"@id\":\"https:\\\/\\\/kuzeyinsesi.org\\\/index.php\\\/2024\\\/07\\\/10\\\/dikmende-11-mesale-festivalinde-bu-gece-gala-gecesi-yapilacak\\\/#primaryimage\"},\"image\":{\"@id\":\"https:\\\/\\\/kuzeyinsesi.org\\\/index.php\\\/2024\\\/07\\\/10\\\/dikmende-11-mesale-festivalinde-bu-gece-gala-gecesi-yapilacak\\\/#primaryimage\"},\"thumbnailUrl\":\"https:\\\/\\\/kuzeyinsesi.org\\\/wp-content\\\/uploads\\\/2024\\\/07\\\/mesale-festivali3.jpg\",\"datePublished\":\"2024-07-10T15:52:17+00:00\",\"author\":{\"@id\":\"https:\\\/\\\/kuzeyinsesi.org\\\/#\\\/schema\\\/person\\\/9f859689cdf01485597712386e37f5aa\"},\"breadcrumb\":{\"@id\":\"https:\\\/\\\/kuzeyinsesi.org\\\/index.php\\\/2024\\\/07\\\/10\\\/dikmende-11-mesale-festivalinde-bu-gece-gala-gecesi-yapilacak\\\/#breadcrumb\"},\"inLanguage\":\"tr\",\"potentialAction\":[{\"@type\":\"ReadAction\",\"target\":[\"https:\\\/\\\/kuzeyinsesi.org\\\/index.php\\\/2024\\\/07\\\/10\\\/dikmende-11-mesale-festivalinde-bu-gece-gala-gecesi-yapilacak\\\/\"]}]},{\"@type\":\"ImageObject\",\"inLanguage\":\"tr\",\"@id\":\"https:\\\/\\\/kuzeyinsesi.org\\\/index.php\\\/2024\\\/07\\\/10\\\/dikmende-11-mesale-festivalinde-bu-gece-gala-gecesi-yapilacak\\\/#primaryimage\",\"url\":\"https:\\\/\\\/kuzeyinsesi.org\\\/wp-content\\\/uploads\\\/2024\\\/07\\\/mesale-festivali3.jpg\",\"contentUrl\":\"https:\\\/\\\/kuzeyinsesi.org\\\/wp-content\\\/uploads\\\/2024\\\/07\\\/mesale-festivali3.jpg\",\"width\":928,\"height\":555},{\"@type\":\"BreadcrumbList\",\"@id\":\"https:\\\/\\\/kuzeyinsesi.org\\\/index.php\\\/2024\\\/07\\\/10\\\/dikmende-11-mesale-festivalinde-bu-gece-gala-gecesi-yapilacak\\\/#breadcrumb\",\"itemListElement\":[{\"@type\":\"ListItem\",\"position\":1,\"name\":\"Anasayfa\",\"item\":\"https:\\\/\\\/kuzeyinsesi.org\\\/\"},{\"@type\":\"ListItem\",\"position\":2,\"name\":\"Dikmen\u2019de 11 Me\u015fale Festivali\u2019nde bu gece gala gecesi yap\u0131lacak\"}]},{\"@type\":\"WebSite\",\"@id\":\"https:\\\/\\\/kuzeyinsesi.org\\\/#website\",\"url\":\"https:\\\/\\\/kuzeyinsesi.org\\\/\",\"name\":\"Kuzeyin Sesi\",\"description\":\"Do\u011fru Haberin Adresi\",\"potentialAction\":[{\"@type\":\"SearchAction\",\"target\":{\"@type\":\"EntryPoint\",\"urlTemplate\":\"https:\\\/\\\/kuzeyinsesi.org\\\/?s={search_term_string}\"},\"query-input\":{\"@type\":\"PropertyValueSpecification\",\"valueRequired\":true,\"valueName\":\"search_term_string\"}}],\"inLanguage\":\"tr\"},{\"@type\":\"Person\",\"@id\":\"https:\\\/\\\/kuzeyinsesi.org\\\/#\\\/schema\\\/person\\\/9f859689cdf01485597712386e37f5aa\",\"name\":\"Kuzeyin Sesi\",\"image\":{\"@type\":\"ImageObject\",\"inLanguage\":\"tr\",\"@id\":\"https:\\\/\\\/secure.gravatar.com\\\/avatar\\\/bab33852abfd8b282518d6ed81826833d77c3c882d9ab608add591ccace47a44?s=96&d=mm&r=g\",\"url\":\"https:\\\/\\\/secure.gravatar.com\\\/avatar\\\/bab33852abfd8b282518d6ed81826833d77c3c882d9ab608add591ccace47a44?s=96&d=mm&r=g\",\"contentUrl\":\"https:\\\/\\\/secure.gravatar.com\\\/avatar\\\/bab33852abfd8b282518d6ed81826833d77c3c882d9ab608add591ccace47a44?s=96&d=mm&r=g\",\"caption\":\"Kuzeyin Sesi\"},\"sameAs\":[\"https:\\\/\\\/kuzeyinsesi.org\"],\"url\":\"https:\\\/\\\/kuzeyinsesi.org\\\/index.php\\\/author\\\/guven\\\/\"}]}<\/script>\n<!-- \/ Yoast SEO plugin. -->","yoast_head_json":{"title":"Dikmen\u2019de 11 Me\u015fale Festivali\u2019nde bu gece gala gecesi yap\u0131lacak - Kuzeyin Sesi","robots":{"index":"index","follow":"follow","max-snippet":"max-snippet:-1","max-image-preview":"max-image-preview:large","max-video-preview":"max-video-preview:-1"},"canonical":"https:\/\/kuzeyinsesi.org\/index.php\/2024\/07\/10\/dikmende-11-mesale-festivalinde-bu-gece-gala-gecesi-yapilacak\/","og_locale":"tr_TR","og_type":"article","og_title":"Dikmen\u2019de 11 Me\u015fale Festivali\u2019nde bu gece gala gecesi yap\u0131lacak - Kuzeyin Sesi","og_description":"11 Me\u015fale Festivali, bu ak\u015fam d\u00fczenlenecek gala gecesiyle Dikmen\u2019de devam edecek. Dikmen Belediyesi\u2019nden verilen bilgiye g\u00f6re, 5 Temmuz\u2019da Da\u011fyolu\u2019nda ba\u015flayan ve Dikmen\u2019e ba\u011fl\u0131 k\u00f6ylerde s\u0131ras\u0131yla d\u00fczenlenen festival, bu ak\u015famki kortej y\u00fcr\u00fcy\u00fc\u015f\u00fcyle birlikte Dikmen merkezde cumartesi ak\u015fam\u0131na kadar \u00e7e\u015fitli organizasyonlar ve konserlerle s\u00fcrecek. K\u0131br\u0131s k\u00fclt\u00fcr\u00fcn\u00fc ve geleneklerini ya\u015fatmay\u0131 ama\u00e7layan festivalin en \u00f6nemli gecelerinden biri oldu\u011fu belirtilen [&hellip;]","og_url":"https:\/\/kuzeyinsesi.org\/index.php\/2024\/07\/10\/dikmende-11-mesale-festivalinde-bu-gece-gala-gecesi-yapilacak\/","og_site_name":"Kuzeyin Sesi","article_publisher":"https:\/\/www.facebook.com\/kuzeyinsesii","article_published_time":"2024-07-10T15:52:17+00:00","og_image":[{"url":"https:\/\/brtk.net\/wp-content\/uploads\/2024\/07\/10\/mesale-festivali3.jpg?ver=7132c28208c198002dc6717ac328391f","type":"","width":"","height":""}],"author":"Kuzeyin Sesi","twitter_card":"summary_large_image","twitter_creator":"@kuzeyinsesii","twitter_site":"@kuzeyinsesii","twitter_misc":{"Yazan:":"Kuzeyin Sesi","Tahmini okuma s\u00fcresi":"1 dakika"},"schema":{"@context":"https:\/\/schema.org","@graph":[{"@type":"Article","@id":"https:\/\/kuzeyinsesi.org\/index.php\/2024\/07\/10\/dikmende-11-mesale-festivalinde-bu-gece-gala-gecesi-yapilacak\/#article","isPartOf":{"@id":"https:\/\/kuzeyinsesi.org\/index.php\/2024\/07\/10\/dikmende-11-mesale-festivalinde-bu-gece-gala-gecesi-yapilacak\/"},"author":{"name":"Kuzeyin Sesi","@id":"https:\/\/kuzeyinsesi.org\/#\/schema\/person\/9f859689cdf01485597712386e37f5aa"},"headline":"Dikmen\u2019de 11 Me\u015fale Festivali\u2019nde bu gece gala gecesi yap\u0131lacak","datePublished":"2024-07-10T15:52:17+00:00","mainEntityOfPage":{"@id":"https:\/\/kuzeyinsesi.org\/index.php\/2024\/07\/10\/dikmende-11-mesale-festivalinde-bu-gece-gala-gecesi-yapilacak\/"},"wordCount":168,"commentCount":0,"image":{"@id":"https:\/\/kuzeyinsesi.org\/index.php\/2024\/07\/10\/dikmende-11-mesale-festivalinde-bu-gece-gala-gecesi-yapilacak\/#primaryimage"},"thumbnailUrl":"https:\/\/kuzeyinsesi.org\/wp-content\/uploads\/2024\/07\/mesale-festivali3.jpg","articleSection":["Ya\u015fam"],"inLanguage":"tr","potentialAction":[{"@type":"CommentAction","name":"Comment","target":["https:\/\/kuzeyinsesi.org\/index.php\/2024\/07\/10\/dikmende-11-mesale-festivalinde-bu-gece-gala-gecesi-yapilacak\/#respond"]}]},{"@type":"WebPage","@id":"https:\/\/kuzeyinsesi.org\/index.php\/2024\/07\/10\/dikmende-11-mesale-festivalinde-bu-gece-gala-gecesi-yapilacak\/","url":"https:\/\/kuzeyinsesi.org\/index.php\/2024\/07\/10\/dikmende-11-mesale-festivalinde-bu-gece-gala-gecesi-yapilacak\/","name":"Dikmen\u2019de 11 Me\u015fale Festivali\u2019nde bu gece gala gecesi yap\u0131lacak - Kuzeyin Sesi","isPartOf":{"@id":"https:\/\/kuzeyinsesi.org\/#website"},"primaryImageOfPage":{"@id":"https:\/\/kuzeyinsesi.org\/index.php\/2024\/07\/10\/dikmende-11-mesale-festivalinde-bu-gece-gala-gecesi-yapilacak\/#primaryimage"},"image":{"@id":"https:\/\/kuzeyinsesi.org\/index.php\/2024\/07\/10\/dikmende-11-mesale-festivalinde-bu-gece-gala-gecesi-yapilacak\/#primaryimage"},"thumbnailUrl":"https:\/\/kuzeyinsesi.org\/wp-content\/uploads\/2024\/07\/mesale-festivali3.jpg","datePublished":"2024-07-10T15:52:17+00:00","author":{"@id":"https:\/\/kuzeyinsesi.org\/#\/schema\/person\/9f859689cdf01485597712386e37f5aa"},"breadcrumb":{"@id":"https:\/\/kuzeyinsesi.org\/index.php\/2024\/07\/10\/dikmende-11-mesale-festivalinde-bu-gece-gala-gecesi-yapilacak\/#breadcrumb"},"inLanguage":"tr","potentialAction":[{"@type":"ReadAction","target":["https:\/\/kuzeyinsesi.org\/index.php\/2024\/07\/10\/dikmende-11-mesale-festivalinde-bu-gece-gala-gecesi-yapilacak\/"]}]},{"@type":"ImageObject","inLanguage":"tr","@id":"https:\/\/kuzeyinsesi.org\/index.php\/2024\/07\/10\/dikmende-11-mesale-festivalinde-bu-gece-gala-gecesi-yapilacak\/#primaryimage","url":"https:\/\/kuzeyinsesi.org\/wp-content\/uploads\/2024\/07\/mesale-festivali3.jpg","contentUrl":"https:\/\/kuzeyinsesi.org\/wp-content\/uploads\/2024\/07\/mesale-festivali3.jpg","width":928,"height":555},{"@type":"BreadcrumbList","@id":"https:\/\/kuzeyinsesi.org\/index.php\/2024\/07\/10\/dikmende-11-mesale-festivalinde-bu-gece-gala-gecesi-yapilacak\/#breadcrumb","itemListElement":[{"@type":"ListItem","position":1,"name":"Anasayfa","item":"https:\/\/kuzeyinsesi.org\/"},{"@type":"ListItem","position":2,"name":"Dikmen\u2019de 11 Me\u015fale Festivali\u2019nde bu gece gala gecesi yap\u0131lacak"}]},{"@type":"WebSite","@id":"https:\/\/kuzeyinsesi.org\/#website","url":"https:\/\/kuzeyinsesi.org\/","name":"Kuzeyin Sesi","description":"Do\u011fru Haberin Adresi","potentialAction":[{"@type":"SearchAction","target":{"@type":"EntryPoint","urlTemplate":"https:\/\/kuzeyinsesi.org\/?s={search_term_string}"},"query-input":{"@type":"PropertyValueSpecification","valueRequired":true,"valueName":"search_term_string"}}],"inLanguage":"tr"},{"@type":"Person","@id":"https:\/\/kuzeyinsesi.org\/#\/schema\/person\/9f859689cdf01485597712386e37f5aa","name":"Kuzeyin Sesi","image":{"@type":"ImageObject","inLanguage":"tr","@id":"https:\/\/secure.gravatar.com\/avatar\/bab33852abfd8b282518d6ed81826833d77c3c882d9ab608add591ccace47a44?s=96&d=mm&r=g","url":"https:\/\/secure.gravatar.com\/avatar\/bab33852abfd8b282518d6ed81826833d77c3c882d9ab608add591ccace47a44?s=96&d=mm&r=g","contentUrl":"https:\/\/secure.gravatar.com\/avatar\/bab33852abfd8b282518d6ed81826833d77c3c882d9ab608add591ccace47a44?s=96&d=mm&r=g","caption":"Kuzeyin Sesi"},"sameAs":["https:\/\/kuzeyinsesi.org"],"url":"https:\/\/kuzeyinsesi.org\/index.php\/author\/guven\/"}]}},"_links":{"self":[{"href":"https:\/\/kuzeyinsesi.org\/index.php\/wp-json\/wp\/v2\/posts\/6168","targetHints":{"allow":["GET"]}}],"collection":[{"href":"https:\/\/kuzeyinsesi.org\/index.php\/wp-json\/wp\/v2\/posts"}],"about":[{"href":"https:\/\/kuzeyinsesi.org\/index.php\/wp-json\/wp\/v2\/types\/post"}],"author":[{"embeddable":true,"href":"https:\/\/kuzeyinsesi.org\/index.php\/wp-json\/wp\/v2\/users\/1"}],"replies":[{"embeddable":true,"href":"https:\/\/kuzeyinsesi.org\/index.php\/wp-json\/wp\/v2\/comments?post=6168"}],"version-history":[{"count":0,"href":"https:\/\/kuzeyinsesi.org\/index.php\/wp-json\/wp\/v2\/posts\/6168\/revisions"}],"wp:featuredmedia":[{"embeddable":true,"href":"https:\/\/kuzeyinsesi.org\/index.php\/wp-json\/wp\/v2\/media\/6169"}],"wp:attachment":[{"href":"https:\/\/kuzeyinsesi.org\/index.php\/wp-json\/wp\/v2\/media?parent=6168"}],"wp:term":[{"taxonomy":"category","embeddable":true,"href":"https:\/\/kuzeyinsesi.org\/index.php\/wp-json\/wp\/v2\/categories?post=6168"},{"taxonomy":"post_tag","embeddable":true,"href":"https:\/\/kuzeyinsesi.org\/index.php\/wp-json\/wp\/v2\/tags?post=6168"}],"curies":[{"name":"wp","href":"https:\/\/api.w.org\/{rel}","templated":true}]}}