{"id":6166,"date":"2024-07-10T17:51:23","date_gmt":"2024-07-10T14:51:23","guid":{"rendered":"https:\/\/kuzeyinsesi.org\/index.php\/2024\/07\/10\/salamis-antik-tiyatroda-buena-vista-social-club-stari-eliades-ochoa-sahne-aldi\/"},"modified":"2024-07-10T17:51:23","modified_gmt":"2024-07-10T14:51:23","slug":"salamis-antik-tiyatroda-buena-vista-social-club-stari-eliades-ochoa-sahne-aldi","status":"publish","type":"post","link":"https:\/\/kuzeyinsesi.org\/index.php\/2024\/07\/10\/salamis-antik-tiyatroda-buena-vista-social-club-stari-eliades-ochoa-sahne-aldi\/","title":{"rendered":"Salamis Antik Tiyatro\u2019da Buena Vista Social Club Star\u0131 Eliades Ochoa sahne ald\u0131"},"content":{"rendered":"<div>\n<div class=\"mariselle-image-container none\">\n                                            <\/div>\n<p style=\"font-weight: 300;\">Uluslararas\u0131 Ma\u011fusa K\u00fclt\u00fcr Sanat Festivali\u2019nde Salamis Antik Tiyatro\u2019da Grammy \u00d6d\u00fcl\u00fc sahibi Buena Vista Social Club\u2019\u0131n y\u0131ld\u0131z\u0131 Eliades Ochoa sahne ald\u0131.<\/p>\n<p style=\"font-weight: 300;\">Gazima\u011fusa Belediyesi\u2019nden verilen bilgiye g\u00f6re, geleneksel K\u00fcba m\u00fczi\u011fi temsilcilerinden Eliades Ochoa \u201cK\u00fcbal\u0131 Johnny Cash\u201d olarak da biliniyor.<\/p>\n<p style=\"font-weight: 300;\"><span style=\"font-weight: 300 !important;\">\u00a0<\/span>Gazima\u011fusa Belediye Ba\u015fkan\u0131 S\u00fcleyman Ulu\u00e7ay, konser sonunda d\u00fcnyaca \u00fcnl\u00fc gruba \u0130spanyolca \u00a0\u201cHo\u015f geldiniz, \u00e7ok g\u00fczeldi, te\u015fekk\u00fcr ederiz\u201d dedi ve hediye takdim etti.<\/p>\n<p style=\"font-weight: 300;\">-La Casa De Papel\u2019in sesi Cec\u0131l\u0131a Krull 11 Temmuz\u2019da<\/p>\n<p style=\"font-weight: 300;\">Pop\u00fcler dizi La Casa De Papel\u2019de seslendirdi\u011fi jenerik \u015fark\u0131s\u0131 \u201cMy Life Is Going On\u201d ile t\u00fcm d\u00fcnyada bir milyar\u0131n \u00fczerinde dinlenen, 2019 y\u0131l\u0131nda \u201cHard\u201d isimli single\u2019\u0131n\u0131n ard\u0131ndan 2020 y\u0131l\u0131nda yay\u0131nlad\u0131\u011f\u0131 \u201cLosing My Mind\u201d \u015fark\u0131s\u0131n\u0131 seslendiren Cecilia Krull ise yar\u0131n ak\u015fam Othello Kalesi\u2019nde sahne alacak.<\/p>\n<\/p><\/div>\n<p><script async\n                    defer\n                    crossorigin=\"anonymous\"\n                    src=\"https:\/\/connect.facebook.net\/tr_TR\/sdk.js#xfbml=1&#038;version=v3.3\"\n            ><\/script><\/p>\n","protected":false},"excerpt":{"rendered":"<p>Uluslararas\u0131 Ma\u011fusa K\u00fclt\u00fcr Sanat Festivali\u2019nde Salamis Antik Tiyatro\u2019da Grammy \u00d6d\u00fcl\u00fc sahibi Buena Vista Social Club\u2019\u0131n y\u0131ld\u0131z\u0131 Eliades Ochoa sahne ald\u0131. Gazima\u011fusa Belediyesi\u2019nden verilen bilgiye g\u00f6re, geleneksel K\u00fcba m\u00fczi\u011fi temsilcilerinden Eliades Ochoa \u201cK\u00fcbal\u0131 Johnny Cash\u201d olarak da biliniyor. \u00a0Gazima\u011fusa Belediye Ba\u015fkan\u0131 S\u00fcleyman Ulu\u00e7ay, konser sonunda d\u00fcnyaca \u00fcnl\u00fc gruba \u0130spanyolca \u00a0\u201cHo\u015f geldiniz, \u00e7ok g\u00fczeldi, te\u015fekk\u00fcr ederiz\u201d dedi [&hellip;]<\/p>\n","protected":false},"author":1,"featured_media":6167,"comment_status":"open","ping_status":"open","sticky":false,"template":"","format":"standard","meta":{"jnews-multi-image_gallery":[],"jnews_single_post":[],"jnews_primary_category":[],"jnews_social_meta":[],"jnews_override_counter":[],"footnotes":""},"categories":[6],"tags":[],"class_list":["post-6166","post","type-post","status-publish","format-standard","has-post-thumbnail","hentry","category-yasam"],"yoast_head":"<!-- This site is optimized with the Yoast SEO plugin v27.5 - https:\/\/yoast.com\/product\/yoast-seo-wordpress\/ -->\n<title>Salamis Antik Tiyatro\u2019da Buena Vista Social Club Star\u0131 Eliades Ochoa sahne ald\u0131 - Kuzeyin Sesi<\/title>\n<meta name=\"robots\" content=\"index, follow, max-snippet:-1, max-image-preview:large, max-video-preview:-1\" \/>\n<link rel=\"canonical\" href=\"https:\/\/kuzeyinsesi.org\/index.php\/2024\/07\/10\/salamis-antik-tiyatroda-buena-vista-social-club-stari-eliades-ochoa-sahne-aldi\/\" \/>\n<meta property=\"og:locale\" content=\"tr_TR\" \/>\n<meta property=\"og:type\" content=\"article\" \/>\n<meta property=\"og:title\" content=\"Salamis Antik Tiyatro\u2019da Buena Vista Social Club Star\u0131 Eliades Ochoa sahne ald\u0131 - Kuzeyin Sesi\" \/>\n<meta property=\"og:description\" content=\"Uluslararas\u0131 Ma\u011fusa K\u00fclt\u00fcr Sanat Festivali\u2019nde Salamis Antik Tiyatro\u2019da Grammy \u00d6d\u00fcl\u00fc sahibi Buena Vista Social Club\u2019\u0131n y\u0131ld\u0131z\u0131 Eliades Ochoa sahne ald\u0131. Gazima\u011fusa Belediyesi\u2019nden verilen bilgiye g\u00f6re, geleneksel K\u00fcba m\u00fczi\u011fi temsilcilerinden Eliades Ochoa \u201cK\u00fcbal\u0131 Johnny Cash\u201d olarak da biliniyor. \u00a0Gazima\u011fusa Belediye Ba\u015fkan\u0131 S\u00fcleyman Ulu\u00e7ay, konser sonunda d\u00fcnyaca \u00fcnl\u00fc gruba \u0130spanyolca \u00a0\u201cHo\u015f geldiniz, \u00e7ok g\u00fczeldi, te\u015fekk\u00fcr ederiz\u201d dedi [&hellip;]\" \/>\n<meta property=\"og:url\" content=\"https:\/\/kuzeyinsesi.org\/index.php\/2024\/07\/10\/salamis-antik-tiyatroda-buena-vista-social-club-stari-eliades-ochoa-sahne-aldi\/\" \/>\n<meta property=\"og:site_name\" content=\"Kuzeyin Sesi\" \/>\n<meta property=\"article:publisher\" content=\"https:\/\/www.facebook.com\/kuzeyinsesii\" \/>\n<meta property=\"article:published_time\" content=\"2024-07-10T14:51:23+00:00\" \/>\n<meta property=\"og:image\" content=\"https:\/\/brtk.net\/wp-content\/uploads\/2024\/07\/10\/eliades-ochoa-5-.jpg?ver=c8b2a5762e4472859e9d212ca05986ae\" \/>\n<meta name=\"author\" content=\"Kuzeyin Sesi\" \/>\n<meta name=\"twitter:card\" content=\"summary_large_image\" \/>\n<meta name=\"twitter:creator\" content=\"@kuzeyinsesii\" \/>\n<meta name=\"twitter:site\" content=\"@kuzeyinsesii\" \/>\n<meta name=\"twitter:label1\" content=\"Yazan:\" \/>\n\t<meta name=\"twitter:data1\" content=\"Kuzeyin Sesi\" \/>\n\t<meta name=\"twitter:label2\" content=\"Tahmini okuma s\u00fcresi\" \/>\n\t<meta name=\"twitter:data2\" content=\"1 dakika\" \/>\n<script type=\"application\/ld+json\" class=\"yoast-schema-graph\">{\"@context\":\"https:\\\/\\\/schema.org\",\"@graph\":[{\"@type\":\"Article\",\"@id\":\"https:\\\/\\\/kuzeyinsesi.org\\\/index.php\\\/2024\\\/07\\\/10\\\/salamis-antik-tiyatroda-buena-vista-social-club-stari-eliades-ochoa-sahne-aldi\\\/#article\",\"isPartOf\":{\"@id\":\"https:\\\/\\\/kuzeyinsesi.org\\\/index.php\\\/2024\\\/07\\\/10\\\/salamis-antik-tiyatroda-buena-vista-social-club-stari-eliades-ochoa-sahne-aldi\\\/\"},\"author\":{\"name\":\"Kuzeyin Sesi\",\"@id\":\"https:\\\/\\\/kuzeyinsesi.org\\\/#\\\/schema\\\/person\\\/9f859689cdf01485597712386e37f5aa\"},\"headline\":\"Salamis Antik Tiyatro\u2019da Buena Vista Social Club Star\u0131 Eliades Ochoa sahne ald\u0131\",\"datePublished\":\"2024-07-10T14:51:23+00:00\",\"mainEntityOfPage\":{\"@id\":\"https:\\\/\\\/kuzeyinsesi.org\\\/index.php\\\/2024\\\/07\\\/10\\\/salamis-antik-tiyatroda-buena-vista-social-club-stari-eliades-ochoa-sahne-aldi\\\/\"},\"wordCount\":170,\"commentCount\":0,\"image\":{\"@id\":\"https:\\\/\\\/kuzeyinsesi.org\\\/index.php\\\/2024\\\/07\\\/10\\\/salamis-antik-tiyatroda-buena-vista-social-club-stari-eliades-ochoa-sahne-aldi\\\/#primaryimage\"},\"thumbnailUrl\":\"https:\\\/\\\/kuzeyinsesi.org\\\/wp-content\\\/uploads\\\/2024\\\/07\\\/eliades-ochoa-5-.jpg\",\"articleSection\":[\"Ya\u015fam\"],\"inLanguage\":\"tr\",\"potentialAction\":[{\"@type\":\"CommentAction\",\"name\":\"Comment\",\"target\":[\"https:\\\/\\\/kuzeyinsesi.org\\\/index.php\\\/2024\\\/07\\\/10\\\/salamis-antik-tiyatroda-buena-vista-social-club-stari-eliades-ochoa-sahne-aldi\\\/#respond\"]}]},{\"@type\":\"WebPage\",\"@id\":\"https:\\\/\\\/kuzeyinsesi.org\\\/index.php\\\/2024\\\/07\\\/10\\\/salamis-antik-tiyatroda-buena-vista-social-club-stari-eliades-ochoa-sahne-aldi\\\/\",\"url\":\"https:\\\/\\\/kuzeyinsesi.org\\\/index.php\\\/2024\\\/07\\\/10\\\/salamis-antik-tiyatroda-buena-vista-social-club-stari-eliades-ochoa-sahne-aldi\\\/\",\"name\":\"Salamis Antik Tiyatro\u2019da Buena Vista Social Club Star\u0131 Eliades Ochoa sahne ald\u0131 - Kuzeyin Sesi\",\"isPartOf\":{\"@id\":\"https:\\\/\\\/kuzeyinsesi.org\\\/#website\"},\"primaryImageOfPage\":{\"@id\":\"https:\\\/\\\/kuzeyinsesi.org\\\/index.php\\\/2024\\\/07\\\/10\\\/salamis-antik-tiyatroda-buena-vista-social-club-stari-eliades-ochoa-sahne-aldi\\\/#primaryimage\"},\"image\":{\"@id\":\"https:\\\/\\\/kuzeyinsesi.org\\\/index.php\\\/2024\\\/07\\\/10\\\/salamis-antik-tiyatroda-buena-vista-social-club-stari-eliades-ochoa-sahne-aldi\\\/#primaryimage\"},\"thumbnailUrl\":\"https:\\\/\\\/kuzeyinsesi.org\\\/wp-content\\\/uploads\\\/2024\\\/07\\\/eliades-ochoa-5-.jpg\",\"datePublished\":\"2024-07-10T14:51:23+00:00\",\"author\":{\"@id\":\"https:\\\/\\\/kuzeyinsesi.org\\\/#\\\/schema\\\/person\\\/9f859689cdf01485597712386e37f5aa\"},\"breadcrumb\":{\"@id\":\"https:\\\/\\\/kuzeyinsesi.org\\\/index.php\\\/2024\\\/07\\\/10\\\/salamis-antik-tiyatroda-buena-vista-social-club-stari-eliades-ochoa-sahne-aldi\\\/#breadcrumb\"},\"inLanguage\":\"tr\",\"potentialAction\":[{\"@type\":\"ReadAction\",\"target\":[\"https:\\\/\\\/kuzeyinsesi.org\\\/index.php\\\/2024\\\/07\\\/10\\\/salamis-antik-tiyatroda-buena-vista-social-club-stari-eliades-ochoa-sahne-aldi\\\/\"]}]},{\"@type\":\"ImageObject\",\"inLanguage\":\"tr\",\"@id\":\"https:\\\/\\\/kuzeyinsesi.org\\\/index.php\\\/2024\\\/07\\\/10\\\/salamis-antik-tiyatroda-buena-vista-social-club-stari-eliades-ochoa-sahne-aldi\\\/#primaryimage\",\"url\":\"https:\\\/\\\/kuzeyinsesi.org\\\/wp-content\\\/uploads\\\/2024\\\/07\\\/eliades-ochoa-5-.jpg\",\"contentUrl\":\"https:\\\/\\\/kuzeyinsesi.org\\\/wp-content\\\/uploads\\\/2024\\\/07\\\/eliades-ochoa-5-.jpg\",\"width\":929,\"height\":508},{\"@type\":\"BreadcrumbList\",\"@id\":\"https:\\\/\\\/kuzeyinsesi.org\\\/index.php\\\/2024\\\/07\\\/10\\\/salamis-antik-tiyatroda-buena-vista-social-club-stari-eliades-ochoa-sahne-aldi\\\/#breadcrumb\",\"itemListElement\":[{\"@type\":\"ListItem\",\"position\":1,\"name\":\"Anasayfa\",\"item\":\"https:\\\/\\\/kuzeyinsesi.org\\\/\"},{\"@type\":\"ListItem\",\"position\":2,\"name\":\"Salamis Antik Tiyatro\u2019da Buena Vista Social Club Star\u0131 Eliades Ochoa sahne ald\u0131\"}]},{\"@type\":\"WebSite\",\"@id\":\"https:\\\/\\\/kuzeyinsesi.org\\\/#website\",\"url\":\"https:\\\/\\\/kuzeyinsesi.org\\\/\",\"name\":\"Kuzeyin Sesi\",\"description\":\"Do\u011fru Haberin Adresi\",\"potentialAction\":[{\"@type\":\"SearchAction\",\"target\":{\"@type\":\"EntryPoint\",\"urlTemplate\":\"https:\\\/\\\/kuzeyinsesi.org\\\/?s={search_term_string}\"},\"query-input\":{\"@type\":\"PropertyValueSpecification\",\"valueRequired\":true,\"valueName\":\"search_term_string\"}}],\"inLanguage\":\"tr\"},{\"@type\":\"Person\",\"@id\":\"https:\\\/\\\/kuzeyinsesi.org\\\/#\\\/schema\\\/person\\\/9f859689cdf01485597712386e37f5aa\",\"name\":\"Kuzeyin Sesi\",\"image\":{\"@type\":\"ImageObject\",\"inLanguage\":\"tr\",\"@id\":\"https:\\\/\\\/secure.gravatar.com\\\/avatar\\\/bab33852abfd8b282518d6ed81826833d77c3c882d9ab608add591ccace47a44?s=96&d=mm&r=g\",\"url\":\"https:\\\/\\\/secure.gravatar.com\\\/avatar\\\/bab33852abfd8b282518d6ed81826833d77c3c882d9ab608add591ccace47a44?s=96&d=mm&r=g\",\"contentUrl\":\"https:\\\/\\\/secure.gravatar.com\\\/avatar\\\/bab33852abfd8b282518d6ed81826833d77c3c882d9ab608add591ccace47a44?s=96&d=mm&r=g\",\"caption\":\"Kuzeyin Sesi\"},\"sameAs\":[\"https:\\\/\\\/kuzeyinsesi.org\"],\"url\":\"https:\\\/\\\/kuzeyinsesi.org\\\/index.php\\\/author\\\/guven\\\/\"}]}<\/script>\n<!-- \/ Yoast SEO plugin. -->","yoast_head_json":{"title":"Salamis Antik Tiyatro\u2019da Buena Vista Social Club Star\u0131 Eliades Ochoa sahne ald\u0131 - Kuzeyin Sesi","robots":{"index":"index","follow":"follow","max-snippet":"max-snippet:-1","max-image-preview":"max-image-preview:large","max-video-preview":"max-video-preview:-1"},"canonical":"https:\/\/kuzeyinsesi.org\/index.php\/2024\/07\/10\/salamis-antik-tiyatroda-buena-vista-social-club-stari-eliades-ochoa-sahne-aldi\/","og_locale":"tr_TR","og_type":"article","og_title":"Salamis Antik Tiyatro\u2019da Buena Vista Social Club Star\u0131 Eliades Ochoa sahne ald\u0131 - Kuzeyin Sesi","og_description":"Uluslararas\u0131 Ma\u011fusa K\u00fclt\u00fcr Sanat Festivali\u2019nde Salamis Antik Tiyatro\u2019da Grammy \u00d6d\u00fcl\u00fc sahibi Buena Vista Social Club\u2019\u0131n y\u0131ld\u0131z\u0131 Eliades Ochoa sahne ald\u0131. Gazima\u011fusa Belediyesi\u2019nden verilen bilgiye g\u00f6re, geleneksel K\u00fcba m\u00fczi\u011fi temsilcilerinden Eliades Ochoa \u201cK\u00fcbal\u0131 Johnny Cash\u201d olarak da biliniyor. \u00a0Gazima\u011fusa Belediye Ba\u015fkan\u0131 S\u00fcleyman Ulu\u00e7ay, konser sonunda d\u00fcnyaca \u00fcnl\u00fc gruba \u0130spanyolca \u00a0\u201cHo\u015f geldiniz, \u00e7ok g\u00fczeldi, te\u015fekk\u00fcr ederiz\u201d dedi [&hellip;]","og_url":"https:\/\/kuzeyinsesi.org\/index.php\/2024\/07\/10\/salamis-antik-tiyatroda-buena-vista-social-club-stari-eliades-ochoa-sahne-aldi\/","og_site_name":"Kuzeyin Sesi","article_publisher":"https:\/\/www.facebook.com\/kuzeyinsesii","article_published_time":"2024-07-10T14:51:23+00:00","og_image":[{"url":"https:\/\/brtk.net\/wp-content\/uploads\/2024\/07\/10\/eliades-ochoa-5-.jpg?ver=c8b2a5762e4472859e9d212ca05986ae","type":"","width":"","height":""}],"author":"Kuzeyin Sesi","twitter_card":"summary_large_image","twitter_creator":"@kuzeyinsesii","twitter_site":"@kuzeyinsesii","twitter_misc":{"Yazan:":"Kuzeyin Sesi","Tahmini okuma s\u00fcresi":"1 dakika"},"schema":{"@context":"https:\/\/schema.org","@graph":[{"@type":"Article","@id":"https:\/\/kuzeyinsesi.org\/index.php\/2024\/07\/10\/salamis-antik-tiyatroda-buena-vista-social-club-stari-eliades-ochoa-sahne-aldi\/#article","isPartOf":{"@id":"https:\/\/kuzeyinsesi.org\/index.php\/2024\/07\/10\/salamis-antik-tiyatroda-buena-vista-social-club-stari-eliades-ochoa-sahne-aldi\/"},"author":{"name":"Kuzeyin Sesi","@id":"https:\/\/kuzeyinsesi.org\/#\/schema\/person\/9f859689cdf01485597712386e37f5aa"},"headline":"Salamis Antik Tiyatro\u2019da Buena Vista Social Club Star\u0131 Eliades Ochoa sahne ald\u0131","datePublished":"2024-07-10T14:51:23+00:00","mainEntityOfPage":{"@id":"https:\/\/kuzeyinsesi.org\/index.php\/2024\/07\/10\/salamis-antik-tiyatroda-buena-vista-social-club-stari-eliades-ochoa-sahne-aldi\/"},"wordCount":170,"commentCount":0,"image":{"@id":"https:\/\/kuzeyinsesi.org\/index.php\/2024\/07\/10\/salamis-antik-tiyatroda-buena-vista-social-club-stari-eliades-ochoa-sahne-aldi\/#primaryimage"},"thumbnailUrl":"https:\/\/kuzeyinsesi.org\/wp-content\/uploads\/2024\/07\/eliades-ochoa-5-.jpg","articleSection":["Ya\u015fam"],"inLanguage":"tr","potentialAction":[{"@type":"CommentAction","name":"Comment","target":["https:\/\/kuzeyinsesi.org\/index.php\/2024\/07\/10\/salamis-antik-tiyatroda-buena-vista-social-club-stari-eliades-ochoa-sahne-aldi\/#respond"]}]},{"@type":"WebPage","@id":"https:\/\/kuzeyinsesi.org\/index.php\/2024\/07\/10\/salamis-antik-tiyatroda-buena-vista-social-club-stari-eliades-ochoa-sahne-aldi\/","url":"https:\/\/kuzeyinsesi.org\/index.php\/2024\/07\/10\/salamis-antik-tiyatroda-buena-vista-social-club-stari-eliades-ochoa-sahne-aldi\/","name":"Salamis Antik Tiyatro\u2019da Buena Vista Social Club Star\u0131 Eliades Ochoa sahne ald\u0131 - Kuzeyin Sesi","isPartOf":{"@id":"https:\/\/kuzeyinsesi.org\/#website"},"primaryImageOfPage":{"@id":"https:\/\/kuzeyinsesi.org\/index.php\/2024\/07\/10\/salamis-antik-tiyatroda-buena-vista-social-club-stari-eliades-ochoa-sahne-aldi\/#primaryimage"},"image":{"@id":"https:\/\/kuzeyinsesi.org\/index.php\/2024\/07\/10\/salamis-antik-tiyatroda-buena-vista-social-club-stari-eliades-ochoa-sahne-aldi\/#primaryimage"},"thumbnailUrl":"https:\/\/kuzeyinsesi.org\/wp-content\/uploads\/2024\/07\/eliades-ochoa-5-.jpg","datePublished":"2024-07-10T14:51:23+00:00","author":{"@id":"https:\/\/kuzeyinsesi.org\/#\/schema\/person\/9f859689cdf01485597712386e37f5aa"},"breadcrumb":{"@id":"https:\/\/kuzeyinsesi.org\/index.php\/2024\/07\/10\/salamis-antik-tiyatroda-buena-vista-social-club-stari-eliades-ochoa-sahne-aldi\/#breadcrumb"},"inLanguage":"tr","potentialAction":[{"@type":"ReadAction","target":["https:\/\/kuzeyinsesi.org\/index.php\/2024\/07\/10\/salamis-antik-tiyatroda-buena-vista-social-club-stari-eliades-ochoa-sahne-aldi\/"]}]},{"@type":"ImageObject","inLanguage":"tr","@id":"https:\/\/kuzeyinsesi.org\/index.php\/2024\/07\/10\/salamis-antik-tiyatroda-buena-vista-social-club-stari-eliades-ochoa-sahne-aldi\/#primaryimage","url":"https:\/\/kuzeyinsesi.org\/wp-content\/uploads\/2024\/07\/eliades-ochoa-5-.jpg","contentUrl":"https:\/\/kuzeyinsesi.org\/wp-content\/uploads\/2024\/07\/eliades-ochoa-5-.jpg","width":929,"height":508},{"@type":"BreadcrumbList","@id":"https:\/\/kuzeyinsesi.org\/index.php\/2024\/07\/10\/salamis-antik-tiyatroda-buena-vista-social-club-stari-eliades-ochoa-sahne-aldi\/#breadcrumb","itemListElement":[{"@type":"ListItem","position":1,"name":"Anasayfa","item":"https:\/\/kuzeyinsesi.org\/"},{"@type":"ListItem","position":2,"name":"Salamis Antik Tiyatro\u2019da Buena Vista Social Club Star\u0131 Eliades Ochoa sahne ald\u0131"}]},{"@type":"WebSite","@id":"https:\/\/kuzeyinsesi.org\/#website","url":"https:\/\/kuzeyinsesi.org\/","name":"Kuzeyin Sesi","description":"Do\u011fru Haberin Adresi","potentialAction":[{"@type":"SearchAction","target":{"@type":"EntryPoint","urlTemplate":"https:\/\/kuzeyinsesi.org\/?s={search_term_string}"},"query-input":{"@type":"PropertyValueSpecification","valueRequired":true,"valueName":"search_term_string"}}],"inLanguage":"tr"},{"@type":"Person","@id":"https:\/\/kuzeyinsesi.org\/#\/schema\/person\/9f859689cdf01485597712386e37f5aa","name":"Kuzeyin Sesi","image":{"@type":"ImageObject","inLanguage":"tr","@id":"https:\/\/secure.gravatar.com\/avatar\/bab33852abfd8b282518d6ed81826833d77c3c882d9ab608add591ccace47a44?s=96&d=mm&r=g","url":"https:\/\/secure.gravatar.com\/avatar\/bab33852abfd8b282518d6ed81826833d77c3c882d9ab608add591ccace47a44?s=96&d=mm&r=g","contentUrl":"https:\/\/secure.gravatar.com\/avatar\/bab33852abfd8b282518d6ed81826833d77c3c882d9ab608add591ccace47a44?s=96&d=mm&r=g","caption":"Kuzeyin Sesi"},"sameAs":["https:\/\/kuzeyinsesi.org"],"url":"https:\/\/kuzeyinsesi.org\/index.php\/author\/guven\/"}]}},"_links":{"self":[{"href":"https:\/\/kuzeyinsesi.org\/index.php\/wp-json\/wp\/v2\/posts\/6166","targetHints":{"allow":["GET"]}}],"collection":[{"href":"https:\/\/kuzeyinsesi.org\/index.php\/wp-json\/wp\/v2\/posts"}],"about":[{"href":"https:\/\/kuzeyinsesi.org\/index.php\/wp-json\/wp\/v2\/types\/post"}],"author":[{"embeddable":true,"href":"https:\/\/kuzeyinsesi.org\/index.php\/wp-json\/wp\/v2\/users\/1"}],"replies":[{"embeddable":true,"href":"https:\/\/kuzeyinsesi.org\/index.php\/wp-json\/wp\/v2\/comments?post=6166"}],"version-history":[{"count":0,"href":"https:\/\/kuzeyinsesi.org\/index.php\/wp-json\/wp\/v2\/posts\/6166\/revisions"}],"wp:featuredmedia":[{"embeddable":true,"href":"https:\/\/kuzeyinsesi.org\/index.php\/wp-json\/wp\/v2\/media\/6167"}],"wp:attachment":[{"href":"https:\/\/kuzeyinsesi.org\/index.php\/wp-json\/wp\/v2\/media?parent=6166"}],"wp:term":[{"taxonomy":"category","embeddable":true,"href":"https:\/\/kuzeyinsesi.org\/index.php\/wp-json\/wp\/v2\/categories?post=6166"},{"taxonomy":"post_tag","embeddable":true,"href":"https:\/\/kuzeyinsesi.org\/index.php\/wp-json\/wp\/v2\/tags?post=6166"}],"curies":[{"name":"wp","href":"https:\/\/api.w.org\/{rel}","templated":true}]}}