{"id":6154,"date":"2024-07-10T16:49:15","date_gmt":"2024-07-10T13:49:15","guid":{"rendered":"https:\/\/kuzeyinsesi.org\/index.php\/2024\/07\/10\/13-uluslararasi-karikatur-yarismasi-secici-kuruluna-veda-gecesi\/"},"modified":"2024-07-10T16:49:15","modified_gmt":"2024-07-10T13:49:15","slug":"13-uluslararasi-karikatur-yarismasi-secici-kuruluna-veda-gecesi","status":"publish","type":"post","link":"https:\/\/kuzeyinsesi.org\/index.php\/2024\/07\/10\/13-uluslararasi-karikatur-yarismasi-secici-kuruluna-veda-gecesi\/","title":{"rendered":"13. Uluslararas\u0131 Karikat\u00fcr Yar\u0131\u015fmas\u0131 se\u00e7ici kuruluna veda gecesi"},"content":{"rendered":"<div>\n<div class=\"mariselle-image-container none\">\n                                            <\/div>\n<p style=\"font-weight: 300;\">Girne Belediye Ba\u015fkan\u0131 Murat \u015eenkul, onursal ba\u015fkan s\u0131fat\u0131yla 13. Uluslararas\u0131 Karikat\u00fcr Yar\u0131\u015fmas\u0131\u2019nda de\u011ferlendirme yapan uluslararas\u0131 se\u00e7ici kurul \u00fcyelerine Girne Dome Otel\u2019de bir veda gecesi d\u00fczenledi.<\/p>\n<p style=\"font-weight: 300;\">Girne Belediyesi\u2019nden yap\u0131lan a\u00e7\u0131klamaya g\u00f6re \u015eenkul, veda gecesinde yapt\u0131\u011f\u0131 konu\u015fmada Uluslararas\u0131 Se\u00e7ici Kurul \u00dcyeleri\u2019ne katk\u0131lar\u0131ndan dolay\u0131 te\u015fekk\u00fcr ederek, \u015fu ifadeleri kulland\u0131: \u201cGirne \u015fehrindeki yo\u011fun sorunlardan dolay\u0131, onursal ba\u015fkan olarak se\u00e7ici kurul \u00e7al\u0131\u015fmalar\u0131na kat\u0131lamad\u0131m. Ancak, itiraz s\u00fcresi sonunda \u00f6d\u00fcl kazanacak karikat\u00fcrleri merakla bekliyorum. Uluslararas\u0131 Karikat\u00fcr Yar\u0131\u015fmas\u0131, Girne \u015fehrini ve zeytin \u00fcr\u00fcn\u00fcn\u00fc d\u00fcnyaya tan\u0131tan \u00f6nemli bir etkinliktir. Gelecek y\u0131llarda, teknik ve ekonomik sorunlar\u0131 a\u015farak bu etkinli\u011fi daha iyi bir noktaya ta\u015f\u0131yaca\u011f\u0131z. Se\u00e7ici kurul \u00fcyesi olarak g\u00f6rev yapan t\u00fcm arkada\u015flara te\u015fekk\u00fcr ederim.\u201d<\/p>\n<p style=\"font-weight: 300;\">Konu\u015fmalar\u0131n ard\u0131ndan, Girne Belediye Ba\u015fkan\u0131 Murat \u015eenkul ve Girne Belediyesi Meclis \u00dcyeleri, se\u00e7ici kurul \u00fcyelerine plaket takdim etti.<\/p>\n<\/p><\/div>\n<p><script async\n                    defer\n                    crossorigin=\"anonymous\"\n                    src=\"https:\/\/connect.facebook.net\/tr_TR\/sdk.js#xfbml=1&#038;version=v3.3\"\n            ><\/script><\/p>\n","protected":false},"excerpt":{"rendered":"<p>Girne Belediye Ba\u015fkan\u0131 Murat \u015eenkul, onursal ba\u015fkan s\u0131fat\u0131yla 13. Uluslararas\u0131 Karikat\u00fcr Yar\u0131\u015fmas\u0131\u2019nda de\u011ferlendirme yapan uluslararas\u0131 se\u00e7ici kurul \u00fcyelerine Girne Dome Otel\u2019de bir veda gecesi d\u00fczenledi. Girne Belediyesi\u2019nden yap\u0131lan a\u00e7\u0131klamaya g\u00f6re \u015eenkul, veda gecesinde yapt\u0131\u011f\u0131 konu\u015fmada Uluslararas\u0131 Se\u00e7ici Kurul \u00dcyeleri\u2019ne katk\u0131lar\u0131ndan dolay\u0131 te\u015fekk\u00fcr ederek, \u015fu ifadeleri kulland\u0131: \u201cGirne \u015fehrindeki yo\u011fun sorunlardan dolay\u0131, onursal ba\u015fkan olarak se\u00e7ici [&hellip;]<\/p>\n","protected":false},"author":1,"featured_media":6155,"comment_status":"open","ping_status":"open","sticky":false,"template":"","format":"standard","meta":{"jnews-multi-image_gallery":[],"jnews_single_post":[],"jnews_primary_category":[],"jnews_social_meta":[],"jnews_override_counter":[],"footnotes":""},"categories":[6],"tags":[],"class_list":["post-6154","post","type-post","status-publish","format-standard","has-post-thumbnail","hentry","category-yasam"],"yoast_head":"<!-- This site is optimized with the Yoast SEO plugin v27.5 - https:\/\/yoast.com\/product\/yoast-seo-wordpress\/ -->\n<title>13. Uluslararas\u0131 Karikat\u00fcr Yar\u0131\u015fmas\u0131 se\u00e7ici kuruluna veda gecesi - Kuzeyin Sesi<\/title>\n<meta name=\"robots\" content=\"index, follow, max-snippet:-1, max-image-preview:large, max-video-preview:-1\" \/>\n<link rel=\"canonical\" href=\"https:\/\/kuzeyinsesi.org\/index.php\/2024\/07\/10\/13-uluslararasi-karikatur-yarismasi-secici-kuruluna-veda-gecesi\/\" \/>\n<meta property=\"og:locale\" content=\"tr_TR\" \/>\n<meta property=\"og:type\" content=\"article\" \/>\n<meta property=\"og:title\" content=\"13. Uluslararas\u0131 Karikat\u00fcr Yar\u0131\u015fmas\u0131 se\u00e7ici kuruluna veda gecesi - Kuzeyin Sesi\" \/>\n<meta property=\"og:description\" content=\"Girne Belediye Ba\u015fkan\u0131 Murat \u015eenkul, onursal ba\u015fkan s\u0131fat\u0131yla 13. Uluslararas\u0131 Karikat\u00fcr Yar\u0131\u015fmas\u0131\u2019nda de\u011ferlendirme yapan uluslararas\u0131 se\u00e7ici kurul \u00fcyelerine Girne Dome Otel\u2019de bir veda gecesi d\u00fczenledi. Girne Belediyesi\u2019nden yap\u0131lan a\u00e7\u0131klamaya g\u00f6re \u015eenkul, veda gecesinde yapt\u0131\u011f\u0131 konu\u015fmada Uluslararas\u0131 Se\u00e7ici Kurul \u00dcyeleri\u2019ne katk\u0131lar\u0131ndan dolay\u0131 te\u015fekk\u00fcr ederek, \u015fu ifadeleri kulland\u0131: \u201cGirne \u015fehrindeki yo\u011fun sorunlardan dolay\u0131, onursal ba\u015fkan olarak se\u00e7ici [&hellip;]\" \/>\n<meta property=\"og:url\" content=\"https:\/\/kuzeyinsesi.org\/index.php\/2024\/07\/10\/13-uluslararasi-karikatur-yarismasi-secici-kuruluna-veda-gecesi\/\" \/>\n<meta property=\"og:site_name\" content=\"Kuzeyin Sesi\" \/>\n<meta property=\"article:publisher\" content=\"https:\/\/www.facebook.com\/kuzeyinsesii\" \/>\n<meta property=\"article:published_time\" content=\"2024-07-10T13:49:15+00:00\" \/>\n<meta property=\"og:image\" content=\"https:\/\/brtk.net\/wp-content\/uploads\/2024\/07\/10\/13-uluslararasi-karikatur-yarismasi4.jpg?ver=4b6c8d7ecb97fff495e98f23e906d2da\" \/>\n<meta name=\"author\" content=\"Kuzeyin Sesi\" \/>\n<meta name=\"twitter:card\" content=\"summary_large_image\" \/>\n<meta name=\"twitter:creator\" content=\"@kuzeyinsesii\" \/>\n<meta name=\"twitter:site\" content=\"@kuzeyinsesii\" \/>\n<meta name=\"twitter:label1\" content=\"Yazan:\" \/>\n\t<meta name=\"twitter:data1\" content=\"Kuzeyin Sesi\" \/>\n\t<meta name=\"twitter:label2\" content=\"Tahmini okuma s\u00fcresi\" \/>\n\t<meta name=\"twitter:data2\" content=\"1 dakika\" \/>\n<script type=\"application\/ld+json\" class=\"yoast-schema-graph\">{\"@context\":\"https:\\\/\\\/schema.org\",\"@graph\":[{\"@type\":\"Article\",\"@id\":\"https:\\\/\\\/kuzeyinsesi.org\\\/index.php\\\/2024\\\/07\\\/10\\\/13-uluslararasi-karikatur-yarismasi-secici-kuruluna-veda-gecesi\\\/#article\",\"isPartOf\":{\"@id\":\"https:\\\/\\\/kuzeyinsesi.org\\\/index.php\\\/2024\\\/07\\\/10\\\/13-uluslararasi-karikatur-yarismasi-secici-kuruluna-veda-gecesi\\\/\"},\"author\":{\"name\":\"Kuzeyin Sesi\",\"@id\":\"https:\\\/\\\/kuzeyinsesi.org\\\/#\\\/schema\\\/person\\\/9f859689cdf01485597712386e37f5aa\"},\"headline\":\"13. Uluslararas\u0131 Karikat\u00fcr Yar\u0131\u015fmas\u0131 se\u00e7ici kuruluna veda gecesi\",\"datePublished\":\"2024-07-10T13:49:15+00:00\",\"mainEntityOfPage\":{\"@id\":\"https:\\\/\\\/kuzeyinsesi.org\\\/index.php\\\/2024\\\/07\\\/10\\\/13-uluslararasi-karikatur-yarismasi-secici-kuruluna-veda-gecesi\\\/\"},\"wordCount\":185,\"commentCount\":0,\"image\":{\"@id\":\"https:\\\/\\\/kuzeyinsesi.org\\\/index.php\\\/2024\\\/07\\\/10\\\/13-uluslararasi-karikatur-yarismasi-secici-kuruluna-veda-gecesi\\\/#primaryimage\"},\"thumbnailUrl\":\"https:\\\/\\\/kuzeyinsesi.org\\\/wp-content\\\/uploads\\\/2024\\\/07\\\/13-uluslararasi-karikatur-yarismasi4.jpg\",\"articleSection\":[\"Ya\u015fam\"],\"inLanguage\":\"tr\",\"potentialAction\":[{\"@type\":\"CommentAction\",\"name\":\"Comment\",\"target\":[\"https:\\\/\\\/kuzeyinsesi.org\\\/index.php\\\/2024\\\/07\\\/10\\\/13-uluslararasi-karikatur-yarismasi-secici-kuruluna-veda-gecesi\\\/#respond\"]}]},{\"@type\":\"WebPage\",\"@id\":\"https:\\\/\\\/kuzeyinsesi.org\\\/index.php\\\/2024\\\/07\\\/10\\\/13-uluslararasi-karikatur-yarismasi-secici-kuruluna-veda-gecesi\\\/\",\"url\":\"https:\\\/\\\/kuzeyinsesi.org\\\/index.php\\\/2024\\\/07\\\/10\\\/13-uluslararasi-karikatur-yarismasi-secici-kuruluna-veda-gecesi\\\/\",\"name\":\"13. Uluslararas\u0131 Karikat\u00fcr Yar\u0131\u015fmas\u0131 se\u00e7ici kuruluna veda gecesi - Kuzeyin Sesi\",\"isPartOf\":{\"@id\":\"https:\\\/\\\/kuzeyinsesi.org\\\/#website\"},\"primaryImageOfPage\":{\"@id\":\"https:\\\/\\\/kuzeyinsesi.org\\\/index.php\\\/2024\\\/07\\\/10\\\/13-uluslararasi-karikatur-yarismasi-secici-kuruluna-veda-gecesi\\\/#primaryimage\"},\"image\":{\"@id\":\"https:\\\/\\\/kuzeyinsesi.org\\\/index.php\\\/2024\\\/07\\\/10\\\/13-uluslararasi-karikatur-yarismasi-secici-kuruluna-veda-gecesi\\\/#primaryimage\"},\"thumbnailUrl\":\"https:\\\/\\\/kuzeyinsesi.org\\\/wp-content\\\/uploads\\\/2024\\\/07\\\/13-uluslararasi-karikatur-yarismasi4.jpg\",\"datePublished\":\"2024-07-10T13:49:15+00:00\",\"author\":{\"@id\":\"https:\\\/\\\/kuzeyinsesi.org\\\/#\\\/schema\\\/person\\\/9f859689cdf01485597712386e37f5aa\"},\"breadcrumb\":{\"@id\":\"https:\\\/\\\/kuzeyinsesi.org\\\/index.php\\\/2024\\\/07\\\/10\\\/13-uluslararasi-karikatur-yarismasi-secici-kuruluna-veda-gecesi\\\/#breadcrumb\"},\"inLanguage\":\"tr\",\"potentialAction\":[{\"@type\":\"ReadAction\",\"target\":[\"https:\\\/\\\/kuzeyinsesi.org\\\/index.php\\\/2024\\\/07\\\/10\\\/13-uluslararasi-karikatur-yarismasi-secici-kuruluna-veda-gecesi\\\/\"]}]},{\"@type\":\"ImageObject\",\"inLanguage\":\"tr\",\"@id\":\"https:\\\/\\\/kuzeyinsesi.org\\\/index.php\\\/2024\\\/07\\\/10\\\/13-uluslararasi-karikatur-yarismasi-secici-kuruluna-veda-gecesi\\\/#primaryimage\",\"url\":\"https:\\\/\\\/kuzeyinsesi.org\\\/wp-content\\\/uploads\\\/2024\\\/07\\\/13-uluslararasi-karikatur-yarismasi4.jpg\",\"contentUrl\":\"https:\\\/\\\/kuzeyinsesi.org\\\/wp-content\\\/uploads\\\/2024\\\/07\\\/13-uluslararasi-karikatur-yarismasi4.jpg\",\"width\":930,\"height\":518},{\"@type\":\"BreadcrumbList\",\"@id\":\"https:\\\/\\\/kuzeyinsesi.org\\\/index.php\\\/2024\\\/07\\\/10\\\/13-uluslararasi-karikatur-yarismasi-secici-kuruluna-veda-gecesi\\\/#breadcrumb\",\"itemListElement\":[{\"@type\":\"ListItem\",\"position\":1,\"name\":\"Anasayfa\",\"item\":\"https:\\\/\\\/kuzeyinsesi.org\\\/\"},{\"@type\":\"ListItem\",\"position\":2,\"name\":\"13. Uluslararas\u0131 Karikat\u00fcr Yar\u0131\u015fmas\u0131 se\u00e7ici kuruluna veda gecesi\"}]},{\"@type\":\"WebSite\",\"@id\":\"https:\\\/\\\/kuzeyinsesi.org\\\/#website\",\"url\":\"https:\\\/\\\/kuzeyinsesi.org\\\/\",\"name\":\"Kuzeyin Sesi\",\"description\":\"Do\u011fru Haberin Adresi\",\"potentialAction\":[{\"@type\":\"SearchAction\",\"target\":{\"@type\":\"EntryPoint\",\"urlTemplate\":\"https:\\\/\\\/kuzeyinsesi.org\\\/?s={search_term_string}\"},\"query-input\":{\"@type\":\"PropertyValueSpecification\",\"valueRequired\":true,\"valueName\":\"search_term_string\"}}],\"inLanguage\":\"tr\"},{\"@type\":\"Person\",\"@id\":\"https:\\\/\\\/kuzeyinsesi.org\\\/#\\\/schema\\\/person\\\/9f859689cdf01485597712386e37f5aa\",\"name\":\"Kuzeyin Sesi\",\"image\":{\"@type\":\"ImageObject\",\"inLanguage\":\"tr\",\"@id\":\"https:\\\/\\\/secure.gravatar.com\\\/avatar\\\/bab33852abfd8b282518d6ed81826833d77c3c882d9ab608add591ccace47a44?s=96&d=mm&r=g\",\"url\":\"https:\\\/\\\/secure.gravatar.com\\\/avatar\\\/bab33852abfd8b282518d6ed81826833d77c3c882d9ab608add591ccace47a44?s=96&d=mm&r=g\",\"contentUrl\":\"https:\\\/\\\/secure.gravatar.com\\\/avatar\\\/bab33852abfd8b282518d6ed81826833d77c3c882d9ab608add591ccace47a44?s=96&d=mm&r=g\",\"caption\":\"Kuzeyin Sesi\"},\"sameAs\":[\"https:\\\/\\\/kuzeyinsesi.org\"],\"url\":\"https:\\\/\\\/kuzeyinsesi.org\\\/index.php\\\/author\\\/guven\\\/\"}]}<\/script>\n<!-- \/ Yoast SEO plugin. -->","yoast_head_json":{"title":"13. Uluslararas\u0131 Karikat\u00fcr Yar\u0131\u015fmas\u0131 se\u00e7ici kuruluna veda gecesi - Kuzeyin Sesi","robots":{"index":"index","follow":"follow","max-snippet":"max-snippet:-1","max-image-preview":"max-image-preview:large","max-video-preview":"max-video-preview:-1"},"canonical":"https:\/\/kuzeyinsesi.org\/index.php\/2024\/07\/10\/13-uluslararasi-karikatur-yarismasi-secici-kuruluna-veda-gecesi\/","og_locale":"tr_TR","og_type":"article","og_title":"13. Uluslararas\u0131 Karikat\u00fcr Yar\u0131\u015fmas\u0131 se\u00e7ici kuruluna veda gecesi - Kuzeyin Sesi","og_description":"Girne Belediye Ba\u015fkan\u0131 Murat \u015eenkul, onursal ba\u015fkan s\u0131fat\u0131yla 13. Uluslararas\u0131 Karikat\u00fcr Yar\u0131\u015fmas\u0131\u2019nda de\u011ferlendirme yapan uluslararas\u0131 se\u00e7ici kurul \u00fcyelerine Girne Dome Otel\u2019de bir veda gecesi d\u00fczenledi. Girne Belediyesi\u2019nden yap\u0131lan a\u00e7\u0131klamaya g\u00f6re \u015eenkul, veda gecesinde yapt\u0131\u011f\u0131 konu\u015fmada Uluslararas\u0131 Se\u00e7ici Kurul \u00dcyeleri\u2019ne katk\u0131lar\u0131ndan dolay\u0131 te\u015fekk\u00fcr ederek, \u015fu ifadeleri kulland\u0131: \u201cGirne \u015fehrindeki yo\u011fun sorunlardan dolay\u0131, onursal ba\u015fkan olarak se\u00e7ici [&hellip;]","og_url":"https:\/\/kuzeyinsesi.org\/index.php\/2024\/07\/10\/13-uluslararasi-karikatur-yarismasi-secici-kuruluna-veda-gecesi\/","og_site_name":"Kuzeyin Sesi","article_publisher":"https:\/\/www.facebook.com\/kuzeyinsesii","article_published_time":"2024-07-10T13:49:15+00:00","og_image":[{"url":"https:\/\/brtk.net\/wp-content\/uploads\/2024\/07\/10\/13-uluslararasi-karikatur-yarismasi4.jpg?ver=4b6c8d7ecb97fff495e98f23e906d2da","type":"","width":"","height":""}],"author":"Kuzeyin Sesi","twitter_card":"summary_large_image","twitter_creator":"@kuzeyinsesii","twitter_site":"@kuzeyinsesii","twitter_misc":{"Yazan:":"Kuzeyin Sesi","Tahmini okuma s\u00fcresi":"1 dakika"},"schema":{"@context":"https:\/\/schema.org","@graph":[{"@type":"Article","@id":"https:\/\/kuzeyinsesi.org\/index.php\/2024\/07\/10\/13-uluslararasi-karikatur-yarismasi-secici-kuruluna-veda-gecesi\/#article","isPartOf":{"@id":"https:\/\/kuzeyinsesi.org\/index.php\/2024\/07\/10\/13-uluslararasi-karikatur-yarismasi-secici-kuruluna-veda-gecesi\/"},"author":{"name":"Kuzeyin Sesi","@id":"https:\/\/kuzeyinsesi.org\/#\/schema\/person\/9f859689cdf01485597712386e37f5aa"},"headline":"13. Uluslararas\u0131 Karikat\u00fcr Yar\u0131\u015fmas\u0131 se\u00e7ici kuruluna veda gecesi","datePublished":"2024-07-10T13:49:15+00:00","mainEntityOfPage":{"@id":"https:\/\/kuzeyinsesi.org\/index.php\/2024\/07\/10\/13-uluslararasi-karikatur-yarismasi-secici-kuruluna-veda-gecesi\/"},"wordCount":185,"commentCount":0,"image":{"@id":"https:\/\/kuzeyinsesi.org\/index.php\/2024\/07\/10\/13-uluslararasi-karikatur-yarismasi-secici-kuruluna-veda-gecesi\/#primaryimage"},"thumbnailUrl":"https:\/\/kuzeyinsesi.org\/wp-content\/uploads\/2024\/07\/13-uluslararasi-karikatur-yarismasi4.jpg","articleSection":["Ya\u015fam"],"inLanguage":"tr","potentialAction":[{"@type":"CommentAction","name":"Comment","target":["https:\/\/kuzeyinsesi.org\/index.php\/2024\/07\/10\/13-uluslararasi-karikatur-yarismasi-secici-kuruluna-veda-gecesi\/#respond"]}]},{"@type":"WebPage","@id":"https:\/\/kuzeyinsesi.org\/index.php\/2024\/07\/10\/13-uluslararasi-karikatur-yarismasi-secici-kuruluna-veda-gecesi\/","url":"https:\/\/kuzeyinsesi.org\/index.php\/2024\/07\/10\/13-uluslararasi-karikatur-yarismasi-secici-kuruluna-veda-gecesi\/","name":"13. Uluslararas\u0131 Karikat\u00fcr Yar\u0131\u015fmas\u0131 se\u00e7ici kuruluna veda gecesi - Kuzeyin Sesi","isPartOf":{"@id":"https:\/\/kuzeyinsesi.org\/#website"},"primaryImageOfPage":{"@id":"https:\/\/kuzeyinsesi.org\/index.php\/2024\/07\/10\/13-uluslararasi-karikatur-yarismasi-secici-kuruluna-veda-gecesi\/#primaryimage"},"image":{"@id":"https:\/\/kuzeyinsesi.org\/index.php\/2024\/07\/10\/13-uluslararasi-karikatur-yarismasi-secici-kuruluna-veda-gecesi\/#primaryimage"},"thumbnailUrl":"https:\/\/kuzeyinsesi.org\/wp-content\/uploads\/2024\/07\/13-uluslararasi-karikatur-yarismasi4.jpg","datePublished":"2024-07-10T13:49:15+00:00","author":{"@id":"https:\/\/kuzeyinsesi.org\/#\/schema\/person\/9f859689cdf01485597712386e37f5aa"},"breadcrumb":{"@id":"https:\/\/kuzeyinsesi.org\/index.php\/2024\/07\/10\/13-uluslararasi-karikatur-yarismasi-secici-kuruluna-veda-gecesi\/#breadcrumb"},"inLanguage":"tr","potentialAction":[{"@type":"ReadAction","target":["https:\/\/kuzeyinsesi.org\/index.php\/2024\/07\/10\/13-uluslararasi-karikatur-yarismasi-secici-kuruluna-veda-gecesi\/"]}]},{"@type":"ImageObject","inLanguage":"tr","@id":"https:\/\/kuzeyinsesi.org\/index.php\/2024\/07\/10\/13-uluslararasi-karikatur-yarismasi-secici-kuruluna-veda-gecesi\/#primaryimage","url":"https:\/\/kuzeyinsesi.org\/wp-content\/uploads\/2024\/07\/13-uluslararasi-karikatur-yarismasi4.jpg","contentUrl":"https:\/\/kuzeyinsesi.org\/wp-content\/uploads\/2024\/07\/13-uluslararasi-karikatur-yarismasi4.jpg","width":930,"height":518},{"@type":"BreadcrumbList","@id":"https:\/\/kuzeyinsesi.org\/index.php\/2024\/07\/10\/13-uluslararasi-karikatur-yarismasi-secici-kuruluna-veda-gecesi\/#breadcrumb","itemListElement":[{"@type":"ListItem","position":1,"name":"Anasayfa","item":"https:\/\/kuzeyinsesi.org\/"},{"@type":"ListItem","position":2,"name":"13. Uluslararas\u0131 Karikat\u00fcr Yar\u0131\u015fmas\u0131 se\u00e7ici kuruluna veda gecesi"}]},{"@type":"WebSite","@id":"https:\/\/kuzeyinsesi.org\/#website","url":"https:\/\/kuzeyinsesi.org\/","name":"Kuzeyin Sesi","description":"Do\u011fru Haberin Adresi","potentialAction":[{"@type":"SearchAction","target":{"@type":"EntryPoint","urlTemplate":"https:\/\/kuzeyinsesi.org\/?s={search_term_string}"},"query-input":{"@type":"PropertyValueSpecification","valueRequired":true,"valueName":"search_term_string"}}],"inLanguage":"tr"},{"@type":"Person","@id":"https:\/\/kuzeyinsesi.org\/#\/schema\/person\/9f859689cdf01485597712386e37f5aa","name":"Kuzeyin Sesi","image":{"@type":"ImageObject","inLanguage":"tr","@id":"https:\/\/secure.gravatar.com\/avatar\/bab33852abfd8b282518d6ed81826833d77c3c882d9ab608add591ccace47a44?s=96&d=mm&r=g","url":"https:\/\/secure.gravatar.com\/avatar\/bab33852abfd8b282518d6ed81826833d77c3c882d9ab608add591ccace47a44?s=96&d=mm&r=g","contentUrl":"https:\/\/secure.gravatar.com\/avatar\/bab33852abfd8b282518d6ed81826833d77c3c882d9ab608add591ccace47a44?s=96&d=mm&r=g","caption":"Kuzeyin Sesi"},"sameAs":["https:\/\/kuzeyinsesi.org"],"url":"https:\/\/kuzeyinsesi.org\/index.php\/author\/guven\/"}]}},"_links":{"self":[{"href":"https:\/\/kuzeyinsesi.org\/index.php\/wp-json\/wp\/v2\/posts\/6154","targetHints":{"allow":["GET"]}}],"collection":[{"href":"https:\/\/kuzeyinsesi.org\/index.php\/wp-json\/wp\/v2\/posts"}],"about":[{"href":"https:\/\/kuzeyinsesi.org\/index.php\/wp-json\/wp\/v2\/types\/post"}],"author":[{"embeddable":true,"href":"https:\/\/kuzeyinsesi.org\/index.php\/wp-json\/wp\/v2\/users\/1"}],"replies":[{"embeddable":true,"href":"https:\/\/kuzeyinsesi.org\/index.php\/wp-json\/wp\/v2\/comments?post=6154"}],"version-history":[{"count":0,"href":"https:\/\/kuzeyinsesi.org\/index.php\/wp-json\/wp\/v2\/posts\/6154\/revisions"}],"wp:featuredmedia":[{"embeddable":true,"href":"https:\/\/kuzeyinsesi.org\/index.php\/wp-json\/wp\/v2\/media\/6155"}],"wp:attachment":[{"href":"https:\/\/kuzeyinsesi.org\/index.php\/wp-json\/wp\/v2\/media?parent=6154"}],"wp:term":[{"taxonomy":"category","embeddable":true,"href":"https:\/\/kuzeyinsesi.org\/index.php\/wp-json\/wp\/v2\/categories?post=6154"},{"taxonomy":"post_tag","embeddable":true,"href":"https:\/\/kuzeyinsesi.org\/index.php\/wp-json\/wp\/v2\/tags?post=6154"}],"curies":[{"name":"wp","href":"https:\/\/api.w.org\/{rel}","templated":true}]}}