{"id":6091,"date":"2024-07-09T16:16:40","date_gmt":"2024-07-09T13:16:40","guid":{"rendered":"https:\/\/kuzeyinsesi.org\/index.php\/2024\/07\/09\/oztoprak-tek-sahidi-cumbezdi-defilesiyle-magusadaydi\/"},"modified":"2024-07-09T16:16:40","modified_gmt":"2024-07-09T13:16:40","slug":"oztoprak-tek-sahidi-cumbezdi-defilesiyle-magusadaydi","status":"publish","type":"post","link":"https:\/\/kuzeyinsesi.org\/index.php\/2024\/07\/09\/oztoprak-tek-sahidi-cumbezdi-defilesiyle-magusadaydi\/","title":{"rendered":"\u00d6ztoprak \u201cTek \u015eahidi C\u00fcmbezdi\u201d defilesiyle Ma\u011fusa\u2019dayd\u0131"},"content":{"rendered":"<div>\n<div class=\"mariselle-image-container none\">\n                                            <\/div>\n<p>\u00a0Gazima\u011fusa Belediyesi\u2019nin bu y\u0131l 24\u2019\u00fcnc\u00fcs\u00fcn\u00fc d\u00fczenledi\u011fi Uluslararas\u0131 Ma\u011fusa K\u00fclt\u00fcr Sanat Festivali \u201cTek \u015eahidi C\u00fcmbezdi\u201d defilesiyle K\u0131br\u0131sl\u0131 moda ve tasar\u0131m sanat\u00e7\u0131s\u0131 Abdullah \u00d6ztoprak\u2019\u0131 a\u011f\u0131rlad\u0131.<\/p>\n<p>Ma\u011fusa\u2019n\u0131n tarihi ve ada k\u00fclt\u00fcr\u00fcn\u00fcn anlat\u0131ld\u0131\u011f\u0131, \u00f6zel g\u00f6rsel ve teknik efektler e\u015fli\u011finde model, oyuncu, dans\u00e7\u0131 ve \u015fark\u0131c\u0131lar\u0131n da yer ald\u0131\u011f\u0131 defile, Abdullah \u00d6ztoprak \u015fiirleriyle hikayelendirildi.<\/p>\n<p>Gazima\u011fusa Belediyesi\u2019nden verilen bilgiye g\u00f6re, Gazima\u011fusa\u2019da Raif Rauf Denkta\u015f Kongre Salonu\u2019nda d\u00fcn ak\u015fam yap\u0131lan defile sonras\u0131nda sahneye \u00e7\u0131kan \u00d6ztoprak\u2019a Gazima\u011fusa Belediye Ba\u015fkan\u0131 S\u00fcleyman Ulu\u00e7ay taraf\u0131ndan hediye takdim edildi.<\/p>\n<p>Ulu\u00e7ay \u00fcnl\u00fc modac\u0131ya \u00f6zel g\u00f6sterisi i\u00e7in te\u015fekk\u00fcr ederek ileriki d\u00f6nemlerde de \u00d6ztoprak\u2019\u0131n \u00e7al\u0131\u015fmalar\u0131na ev sahipli\u011fi yapmaya haz\u0131r olduklar\u0131n\u0131 kaydetti.<\/p>\n<p>Abdullah \u00d6ztoprak ise \u201cTek \u015eahidi C\u00fcmbezdi\u2019\u2019eseriyle K\u0131br\u0131sl\u0131 T\u00fcrklerin sesini yurt d\u0131\u015f\u0131nda da duyurmaya devam edece\u011fini s\u00f6yledi.\u00a0<\/p>\n<p>\u00d6te yandan\u00a0m\u00fczik tarihinin efsane gruplar\u0131ndan biri olarak nitelendirilen Buena Vista Social Club\u2019\u0131n y\u0131ld\u0131z\u0131, Grammy \u00d6d\u00fcll\u00fc Eliades Ochoa, 24. Uluslararas\u0131 Ma\u011fusa K\u00fclt\u00fcr Sanat Festivali kapsam\u0131nda yar\u0131n ak\u015fam Salamis Antik Tiyatro\u2019da dinleyicileriyle bulu\u015facak.<\/p>\n<\/p><\/div>\n<p><script async\n                    defer\n                    crossorigin=\"anonymous\"\n                    src=\"https:\/\/connect.facebook.net\/tr_TR\/sdk.js#xfbml=1&#038;version=v3.3\"\n            ><\/script><\/p>\n","protected":false},"excerpt":{"rendered":"<p>\u00a0Gazima\u011fusa Belediyesi\u2019nin bu y\u0131l 24\u2019\u00fcnc\u00fcs\u00fcn\u00fc d\u00fczenledi\u011fi Uluslararas\u0131 Ma\u011fusa K\u00fclt\u00fcr Sanat Festivali \u201cTek \u015eahidi C\u00fcmbezdi\u201d defilesiyle K\u0131br\u0131sl\u0131 moda ve tasar\u0131m sanat\u00e7\u0131s\u0131 Abdullah \u00d6ztoprak\u2019\u0131 a\u011f\u0131rlad\u0131. Ma\u011fusa\u2019n\u0131n tarihi ve ada k\u00fclt\u00fcr\u00fcn\u00fcn anlat\u0131ld\u0131\u011f\u0131, \u00f6zel g\u00f6rsel ve teknik efektler e\u015fli\u011finde model, oyuncu, dans\u00e7\u0131 ve \u015fark\u0131c\u0131lar\u0131n da yer ald\u0131\u011f\u0131 defile, Abdullah \u00d6ztoprak \u015fiirleriyle hikayelendirildi. Gazima\u011fusa Belediyesi\u2019nden verilen bilgiye g\u00f6re, Gazima\u011fusa\u2019da Raif [&hellip;]<\/p>\n","protected":false},"author":1,"featured_media":6092,"comment_status":"open","ping_status":"open","sticky":false,"template":"","format":"standard","meta":{"jnews-multi-image_gallery":[],"jnews_single_post":[],"jnews_primary_category":[],"jnews_social_meta":[],"jnews_override_counter":[],"footnotes":""},"categories":[6],"tags":[],"class_list":["post-6091","post","type-post","status-publish","format-standard","has-post-thumbnail","hentry","category-yasam"],"yoast_head":"<!-- This site is optimized with the Yoast SEO plugin v27.5 - https:\/\/yoast.com\/product\/yoast-seo-wordpress\/ -->\n<title>\u00d6ztoprak \u201cTek \u015eahidi C\u00fcmbezdi\u201d defilesiyle Ma\u011fusa\u2019dayd\u0131 - Kuzeyin Sesi<\/title>\n<meta name=\"robots\" content=\"index, follow, max-snippet:-1, max-image-preview:large, max-video-preview:-1\" \/>\n<link rel=\"canonical\" href=\"https:\/\/kuzeyinsesi.org\/index.php\/2024\/07\/09\/oztoprak-tek-sahidi-cumbezdi-defilesiyle-magusadaydi\/\" \/>\n<meta property=\"og:locale\" content=\"tr_TR\" \/>\n<meta property=\"og:type\" content=\"article\" \/>\n<meta property=\"og:title\" content=\"\u00d6ztoprak \u201cTek \u015eahidi C\u00fcmbezdi\u201d defilesiyle Ma\u011fusa\u2019dayd\u0131 - Kuzeyin Sesi\" \/>\n<meta property=\"og:description\" content=\"\u00a0Gazima\u011fusa Belediyesi\u2019nin bu y\u0131l 24\u2019\u00fcnc\u00fcs\u00fcn\u00fc d\u00fczenledi\u011fi Uluslararas\u0131 Ma\u011fusa K\u00fclt\u00fcr Sanat Festivali \u201cTek \u015eahidi C\u00fcmbezdi\u201d defilesiyle K\u0131br\u0131sl\u0131 moda ve tasar\u0131m sanat\u00e7\u0131s\u0131 Abdullah \u00d6ztoprak\u2019\u0131 a\u011f\u0131rlad\u0131. Ma\u011fusa\u2019n\u0131n tarihi ve ada k\u00fclt\u00fcr\u00fcn\u00fcn anlat\u0131ld\u0131\u011f\u0131, \u00f6zel g\u00f6rsel ve teknik efektler e\u015fli\u011finde model, oyuncu, dans\u00e7\u0131 ve \u015fark\u0131c\u0131lar\u0131n da yer ald\u0131\u011f\u0131 defile, Abdullah \u00d6ztoprak \u015fiirleriyle hikayelendirildi. Gazima\u011fusa Belediyesi\u2019nden verilen bilgiye g\u00f6re, Gazima\u011fusa\u2019da Raif [&hellip;]\" \/>\n<meta property=\"og:url\" content=\"https:\/\/kuzeyinsesi.org\/index.php\/2024\/07\/09\/oztoprak-tek-sahidi-cumbezdi-defilesiyle-magusadaydi\/\" \/>\n<meta property=\"og:site_name\" content=\"Kuzeyin Sesi\" \/>\n<meta property=\"article:publisher\" content=\"https:\/\/www.facebook.com\/kuzeyinsesii\" \/>\n<meta property=\"article:published_time\" content=\"2024-07-09T13:16:40+00:00\" \/>\n<meta property=\"og:image\" content=\"https:\/\/brtk.net\/wp-content\/uploads\/2024\/07\/08\/tek-sahidi-cumbezdi-2--scaled.jpg?ver=45fd5d527264aa08e6b311ca95426ac3\" \/>\n<meta name=\"author\" content=\"Kuzeyin Sesi\" \/>\n<meta name=\"twitter:card\" content=\"summary_large_image\" \/>\n<meta name=\"twitter:creator\" content=\"@kuzeyinsesii\" \/>\n<meta name=\"twitter:site\" content=\"@kuzeyinsesii\" \/>\n<meta name=\"twitter:label1\" content=\"Yazan:\" \/>\n\t<meta name=\"twitter:data1\" content=\"Kuzeyin Sesi\" \/>\n\t<meta name=\"twitter:label2\" content=\"Tahmini okuma s\u00fcresi\" \/>\n\t<meta name=\"twitter:data2\" content=\"1 dakika\" \/>\n<script type=\"application\/ld+json\" class=\"yoast-schema-graph\">{\"@context\":\"https:\\\/\\\/schema.org\",\"@graph\":[{\"@type\":\"Article\",\"@id\":\"https:\\\/\\\/kuzeyinsesi.org\\\/index.php\\\/2024\\\/07\\\/09\\\/oztoprak-tek-sahidi-cumbezdi-defilesiyle-magusadaydi\\\/#article\",\"isPartOf\":{\"@id\":\"https:\\\/\\\/kuzeyinsesi.org\\\/index.php\\\/2024\\\/07\\\/09\\\/oztoprak-tek-sahidi-cumbezdi-defilesiyle-magusadaydi\\\/\"},\"author\":{\"name\":\"Kuzeyin Sesi\",\"@id\":\"https:\\\/\\\/kuzeyinsesi.org\\\/#\\\/schema\\\/person\\\/9f859689cdf01485597712386e37f5aa\"},\"headline\":\"\u00d6ztoprak \u201cTek \u015eahidi C\u00fcmbezdi\u201d defilesiyle Ma\u011fusa\u2019dayd\u0131\",\"datePublished\":\"2024-07-09T13:16:40+00:00\",\"mainEntityOfPage\":{\"@id\":\"https:\\\/\\\/kuzeyinsesi.org\\\/index.php\\\/2024\\\/07\\\/09\\\/oztoprak-tek-sahidi-cumbezdi-defilesiyle-magusadaydi\\\/\"},\"wordCount\":232,\"commentCount\":0,\"image\":{\"@id\":\"https:\\\/\\\/kuzeyinsesi.org\\\/index.php\\\/2024\\\/07\\\/09\\\/oztoprak-tek-sahidi-cumbezdi-defilesiyle-magusadaydi\\\/#primaryimage\"},\"thumbnailUrl\":\"https:\\\/\\\/kuzeyinsesi.org\\\/wp-content\\\/uploads\\\/2024\\\/07\\\/tek-sahidi-cumbezdi-2-scaled.jpg\",\"articleSection\":[\"Ya\u015fam\"],\"inLanguage\":\"tr\",\"potentialAction\":[{\"@type\":\"CommentAction\",\"name\":\"Comment\",\"target\":[\"https:\\\/\\\/kuzeyinsesi.org\\\/index.php\\\/2024\\\/07\\\/09\\\/oztoprak-tek-sahidi-cumbezdi-defilesiyle-magusadaydi\\\/#respond\"]}]},{\"@type\":\"WebPage\",\"@id\":\"https:\\\/\\\/kuzeyinsesi.org\\\/index.php\\\/2024\\\/07\\\/09\\\/oztoprak-tek-sahidi-cumbezdi-defilesiyle-magusadaydi\\\/\",\"url\":\"https:\\\/\\\/kuzeyinsesi.org\\\/index.php\\\/2024\\\/07\\\/09\\\/oztoprak-tek-sahidi-cumbezdi-defilesiyle-magusadaydi\\\/\",\"name\":\"\u00d6ztoprak \u201cTek \u015eahidi C\u00fcmbezdi\u201d defilesiyle Ma\u011fusa\u2019dayd\u0131 - Kuzeyin Sesi\",\"isPartOf\":{\"@id\":\"https:\\\/\\\/kuzeyinsesi.org\\\/#website\"},\"primaryImageOfPage\":{\"@id\":\"https:\\\/\\\/kuzeyinsesi.org\\\/index.php\\\/2024\\\/07\\\/09\\\/oztoprak-tek-sahidi-cumbezdi-defilesiyle-magusadaydi\\\/#primaryimage\"},\"image\":{\"@id\":\"https:\\\/\\\/kuzeyinsesi.org\\\/index.php\\\/2024\\\/07\\\/09\\\/oztoprak-tek-sahidi-cumbezdi-defilesiyle-magusadaydi\\\/#primaryimage\"},\"thumbnailUrl\":\"https:\\\/\\\/kuzeyinsesi.org\\\/wp-content\\\/uploads\\\/2024\\\/07\\\/tek-sahidi-cumbezdi-2-scaled.jpg\",\"datePublished\":\"2024-07-09T13:16:40+00:00\",\"author\":{\"@id\":\"https:\\\/\\\/kuzeyinsesi.org\\\/#\\\/schema\\\/person\\\/9f859689cdf01485597712386e37f5aa\"},\"breadcrumb\":{\"@id\":\"https:\\\/\\\/kuzeyinsesi.org\\\/index.php\\\/2024\\\/07\\\/09\\\/oztoprak-tek-sahidi-cumbezdi-defilesiyle-magusadaydi\\\/#breadcrumb\"},\"inLanguage\":\"tr\",\"potentialAction\":[{\"@type\":\"ReadAction\",\"target\":[\"https:\\\/\\\/kuzeyinsesi.org\\\/index.php\\\/2024\\\/07\\\/09\\\/oztoprak-tek-sahidi-cumbezdi-defilesiyle-magusadaydi\\\/\"]}]},{\"@type\":\"ImageObject\",\"inLanguage\":\"tr\",\"@id\":\"https:\\\/\\\/kuzeyinsesi.org\\\/index.php\\\/2024\\\/07\\\/09\\\/oztoprak-tek-sahidi-cumbezdi-defilesiyle-magusadaydi\\\/#primaryimage\",\"url\":\"https:\\\/\\\/kuzeyinsesi.org\\\/wp-content\\\/uploads\\\/2024\\\/07\\\/tek-sahidi-cumbezdi-2-scaled.jpg\",\"contentUrl\":\"https:\\\/\\\/kuzeyinsesi.org\\\/wp-content\\\/uploads\\\/2024\\\/07\\\/tek-sahidi-cumbezdi-2-scaled.jpg\",\"width\":2560,\"height\":1707},{\"@type\":\"BreadcrumbList\",\"@id\":\"https:\\\/\\\/kuzeyinsesi.org\\\/index.php\\\/2024\\\/07\\\/09\\\/oztoprak-tek-sahidi-cumbezdi-defilesiyle-magusadaydi\\\/#breadcrumb\",\"itemListElement\":[{\"@type\":\"ListItem\",\"position\":1,\"name\":\"Anasayfa\",\"item\":\"https:\\\/\\\/kuzeyinsesi.org\\\/\"},{\"@type\":\"ListItem\",\"position\":2,\"name\":\"\u00d6ztoprak \u201cTek \u015eahidi C\u00fcmbezdi\u201d defilesiyle Ma\u011fusa\u2019dayd\u0131\"}]},{\"@type\":\"WebSite\",\"@id\":\"https:\\\/\\\/kuzeyinsesi.org\\\/#website\",\"url\":\"https:\\\/\\\/kuzeyinsesi.org\\\/\",\"name\":\"Kuzeyin Sesi\",\"description\":\"Do\u011fru Haberin Adresi\",\"potentialAction\":[{\"@type\":\"SearchAction\",\"target\":{\"@type\":\"EntryPoint\",\"urlTemplate\":\"https:\\\/\\\/kuzeyinsesi.org\\\/?s={search_term_string}\"},\"query-input\":{\"@type\":\"PropertyValueSpecification\",\"valueRequired\":true,\"valueName\":\"search_term_string\"}}],\"inLanguage\":\"tr\"},{\"@type\":\"Person\",\"@id\":\"https:\\\/\\\/kuzeyinsesi.org\\\/#\\\/schema\\\/person\\\/9f859689cdf01485597712386e37f5aa\",\"name\":\"Kuzeyin Sesi\",\"image\":{\"@type\":\"ImageObject\",\"inLanguage\":\"tr\",\"@id\":\"https:\\\/\\\/secure.gravatar.com\\\/avatar\\\/bab33852abfd8b282518d6ed81826833d77c3c882d9ab608add591ccace47a44?s=96&d=mm&r=g\",\"url\":\"https:\\\/\\\/secure.gravatar.com\\\/avatar\\\/bab33852abfd8b282518d6ed81826833d77c3c882d9ab608add591ccace47a44?s=96&d=mm&r=g\",\"contentUrl\":\"https:\\\/\\\/secure.gravatar.com\\\/avatar\\\/bab33852abfd8b282518d6ed81826833d77c3c882d9ab608add591ccace47a44?s=96&d=mm&r=g\",\"caption\":\"Kuzeyin Sesi\"},\"sameAs\":[\"https:\\\/\\\/kuzeyinsesi.org\"],\"url\":\"https:\\\/\\\/kuzeyinsesi.org\\\/index.php\\\/author\\\/guven\\\/\"}]}<\/script>\n<!-- \/ Yoast SEO plugin. -->","yoast_head_json":{"title":"\u00d6ztoprak \u201cTek \u015eahidi C\u00fcmbezdi\u201d defilesiyle Ma\u011fusa\u2019dayd\u0131 - Kuzeyin Sesi","robots":{"index":"index","follow":"follow","max-snippet":"max-snippet:-1","max-image-preview":"max-image-preview:large","max-video-preview":"max-video-preview:-1"},"canonical":"https:\/\/kuzeyinsesi.org\/index.php\/2024\/07\/09\/oztoprak-tek-sahidi-cumbezdi-defilesiyle-magusadaydi\/","og_locale":"tr_TR","og_type":"article","og_title":"\u00d6ztoprak \u201cTek \u015eahidi C\u00fcmbezdi\u201d defilesiyle Ma\u011fusa\u2019dayd\u0131 - Kuzeyin Sesi","og_description":"\u00a0Gazima\u011fusa Belediyesi\u2019nin bu y\u0131l 24\u2019\u00fcnc\u00fcs\u00fcn\u00fc d\u00fczenledi\u011fi Uluslararas\u0131 Ma\u011fusa K\u00fclt\u00fcr Sanat Festivali \u201cTek \u015eahidi C\u00fcmbezdi\u201d defilesiyle K\u0131br\u0131sl\u0131 moda ve tasar\u0131m sanat\u00e7\u0131s\u0131 Abdullah \u00d6ztoprak\u2019\u0131 a\u011f\u0131rlad\u0131. Ma\u011fusa\u2019n\u0131n tarihi ve ada k\u00fclt\u00fcr\u00fcn\u00fcn anlat\u0131ld\u0131\u011f\u0131, \u00f6zel g\u00f6rsel ve teknik efektler e\u015fli\u011finde model, oyuncu, dans\u00e7\u0131 ve \u015fark\u0131c\u0131lar\u0131n da yer ald\u0131\u011f\u0131 defile, Abdullah \u00d6ztoprak \u015fiirleriyle hikayelendirildi. Gazima\u011fusa Belediyesi\u2019nden verilen bilgiye g\u00f6re, Gazima\u011fusa\u2019da Raif [&hellip;]","og_url":"https:\/\/kuzeyinsesi.org\/index.php\/2024\/07\/09\/oztoprak-tek-sahidi-cumbezdi-defilesiyle-magusadaydi\/","og_site_name":"Kuzeyin Sesi","article_publisher":"https:\/\/www.facebook.com\/kuzeyinsesii","article_published_time":"2024-07-09T13:16:40+00:00","og_image":[{"url":"https:\/\/brtk.net\/wp-content\/uploads\/2024\/07\/08\/tek-sahidi-cumbezdi-2--scaled.jpg?ver=45fd5d527264aa08e6b311ca95426ac3","type":"","width":"","height":""}],"author":"Kuzeyin Sesi","twitter_card":"summary_large_image","twitter_creator":"@kuzeyinsesii","twitter_site":"@kuzeyinsesii","twitter_misc":{"Yazan:":"Kuzeyin Sesi","Tahmini okuma s\u00fcresi":"1 dakika"},"schema":{"@context":"https:\/\/schema.org","@graph":[{"@type":"Article","@id":"https:\/\/kuzeyinsesi.org\/index.php\/2024\/07\/09\/oztoprak-tek-sahidi-cumbezdi-defilesiyle-magusadaydi\/#article","isPartOf":{"@id":"https:\/\/kuzeyinsesi.org\/index.php\/2024\/07\/09\/oztoprak-tek-sahidi-cumbezdi-defilesiyle-magusadaydi\/"},"author":{"name":"Kuzeyin Sesi","@id":"https:\/\/kuzeyinsesi.org\/#\/schema\/person\/9f859689cdf01485597712386e37f5aa"},"headline":"\u00d6ztoprak \u201cTek \u015eahidi C\u00fcmbezdi\u201d defilesiyle Ma\u011fusa\u2019dayd\u0131","datePublished":"2024-07-09T13:16:40+00:00","mainEntityOfPage":{"@id":"https:\/\/kuzeyinsesi.org\/index.php\/2024\/07\/09\/oztoprak-tek-sahidi-cumbezdi-defilesiyle-magusadaydi\/"},"wordCount":232,"commentCount":0,"image":{"@id":"https:\/\/kuzeyinsesi.org\/index.php\/2024\/07\/09\/oztoprak-tek-sahidi-cumbezdi-defilesiyle-magusadaydi\/#primaryimage"},"thumbnailUrl":"https:\/\/kuzeyinsesi.org\/wp-content\/uploads\/2024\/07\/tek-sahidi-cumbezdi-2-scaled.jpg","articleSection":["Ya\u015fam"],"inLanguage":"tr","potentialAction":[{"@type":"CommentAction","name":"Comment","target":["https:\/\/kuzeyinsesi.org\/index.php\/2024\/07\/09\/oztoprak-tek-sahidi-cumbezdi-defilesiyle-magusadaydi\/#respond"]}]},{"@type":"WebPage","@id":"https:\/\/kuzeyinsesi.org\/index.php\/2024\/07\/09\/oztoprak-tek-sahidi-cumbezdi-defilesiyle-magusadaydi\/","url":"https:\/\/kuzeyinsesi.org\/index.php\/2024\/07\/09\/oztoprak-tek-sahidi-cumbezdi-defilesiyle-magusadaydi\/","name":"\u00d6ztoprak \u201cTek \u015eahidi C\u00fcmbezdi\u201d defilesiyle Ma\u011fusa\u2019dayd\u0131 - Kuzeyin Sesi","isPartOf":{"@id":"https:\/\/kuzeyinsesi.org\/#website"},"primaryImageOfPage":{"@id":"https:\/\/kuzeyinsesi.org\/index.php\/2024\/07\/09\/oztoprak-tek-sahidi-cumbezdi-defilesiyle-magusadaydi\/#primaryimage"},"image":{"@id":"https:\/\/kuzeyinsesi.org\/index.php\/2024\/07\/09\/oztoprak-tek-sahidi-cumbezdi-defilesiyle-magusadaydi\/#primaryimage"},"thumbnailUrl":"https:\/\/kuzeyinsesi.org\/wp-content\/uploads\/2024\/07\/tek-sahidi-cumbezdi-2-scaled.jpg","datePublished":"2024-07-09T13:16:40+00:00","author":{"@id":"https:\/\/kuzeyinsesi.org\/#\/schema\/person\/9f859689cdf01485597712386e37f5aa"},"breadcrumb":{"@id":"https:\/\/kuzeyinsesi.org\/index.php\/2024\/07\/09\/oztoprak-tek-sahidi-cumbezdi-defilesiyle-magusadaydi\/#breadcrumb"},"inLanguage":"tr","potentialAction":[{"@type":"ReadAction","target":["https:\/\/kuzeyinsesi.org\/index.php\/2024\/07\/09\/oztoprak-tek-sahidi-cumbezdi-defilesiyle-magusadaydi\/"]}]},{"@type":"ImageObject","inLanguage":"tr","@id":"https:\/\/kuzeyinsesi.org\/index.php\/2024\/07\/09\/oztoprak-tek-sahidi-cumbezdi-defilesiyle-magusadaydi\/#primaryimage","url":"https:\/\/kuzeyinsesi.org\/wp-content\/uploads\/2024\/07\/tek-sahidi-cumbezdi-2-scaled.jpg","contentUrl":"https:\/\/kuzeyinsesi.org\/wp-content\/uploads\/2024\/07\/tek-sahidi-cumbezdi-2-scaled.jpg","width":2560,"height":1707},{"@type":"BreadcrumbList","@id":"https:\/\/kuzeyinsesi.org\/index.php\/2024\/07\/09\/oztoprak-tek-sahidi-cumbezdi-defilesiyle-magusadaydi\/#breadcrumb","itemListElement":[{"@type":"ListItem","position":1,"name":"Anasayfa","item":"https:\/\/kuzeyinsesi.org\/"},{"@type":"ListItem","position":2,"name":"\u00d6ztoprak \u201cTek \u015eahidi C\u00fcmbezdi\u201d defilesiyle Ma\u011fusa\u2019dayd\u0131"}]},{"@type":"WebSite","@id":"https:\/\/kuzeyinsesi.org\/#website","url":"https:\/\/kuzeyinsesi.org\/","name":"Kuzeyin Sesi","description":"Do\u011fru Haberin Adresi","potentialAction":[{"@type":"SearchAction","target":{"@type":"EntryPoint","urlTemplate":"https:\/\/kuzeyinsesi.org\/?s={search_term_string}"},"query-input":{"@type":"PropertyValueSpecification","valueRequired":true,"valueName":"search_term_string"}}],"inLanguage":"tr"},{"@type":"Person","@id":"https:\/\/kuzeyinsesi.org\/#\/schema\/person\/9f859689cdf01485597712386e37f5aa","name":"Kuzeyin Sesi","image":{"@type":"ImageObject","inLanguage":"tr","@id":"https:\/\/secure.gravatar.com\/avatar\/bab33852abfd8b282518d6ed81826833d77c3c882d9ab608add591ccace47a44?s=96&d=mm&r=g","url":"https:\/\/secure.gravatar.com\/avatar\/bab33852abfd8b282518d6ed81826833d77c3c882d9ab608add591ccace47a44?s=96&d=mm&r=g","contentUrl":"https:\/\/secure.gravatar.com\/avatar\/bab33852abfd8b282518d6ed81826833d77c3c882d9ab608add591ccace47a44?s=96&d=mm&r=g","caption":"Kuzeyin Sesi"},"sameAs":["https:\/\/kuzeyinsesi.org"],"url":"https:\/\/kuzeyinsesi.org\/index.php\/author\/guven\/"}]}},"_links":{"self":[{"href":"https:\/\/kuzeyinsesi.org\/index.php\/wp-json\/wp\/v2\/posts\/6091","targetHints":{"allow":["GET"]}}],"collection":[{"href":"https:\/\/kuzeyinsesi.org\/index.php\/wp-json\/wp\/v2\/posts"}],"about":[{"href":"https:\/\/kuzeyinsesi.org\/index.php\/wp-json\/wp\/v2\/types\/post"}],"author":[{"embeddable":true,"href":"https:\/\/kuzeyinsesi.org\/index.php\/wp-json\/wp\/v2\/users\/1"}],"replies":[{"embeddable":true,"href":"https:\/\/kuzeyinsesi.org\/index.php\/wp-json\/wp\/v2\/comments?post=6091"}],"version-history":[{"count":0,"href":"https:\/\/kuzeyinsesi.org\/index.php\/wp-json\/wp\/v2\/posts\/6091\/revisions"}],"wp:featuredmedia":[{"embeddable":true,"href":"https:\/\/kuzeyinsesi.org\/index.php\/wp-json\/wp\/v2\/media\/6092"}],"wp:attachment":[{"href":"https:\/\/kuzeyinsesi.org\/index.php\/wp-json\/wp\/v2\/media?parent=6091"}],"wp:term":[{"taxonomy":"category","embeddable":true,"href":"https:\/\/kuzeyinsesi.org\/index.php\/wp-json\/wp\/v2\/categories?post=6091"},{"taxonomy":"post_tag","embeddable":true,"href":"https:\/\/kuzeyinsesi.org\/index.php\/wp-json\/wp\/v2\/tags?post=6091"}],"curies":[{"name":"wp","href":"https:\/\/api.w.org\/{rel}","templated":true}]}}