{"id":6042,"date":"2024-07-08T14:20:33","date_gmt":"2024-07-08T11:20:33","guid":{"rendered":"https:\/\/kuzeyinsesi.org\/index.php\/2024\/07\/08\/geleneksel-iskele-festivali-simge-sagin-konseri-ile-tamamlandi\/"},"modified":"2024-07-08T14:20:33","modified_gmt":"2024-07-08T11:20:33","slug":"geleneksel-iskele-festivali-simge-sagin-konseri-ile-tamamlandi","status":"publish","type":"post","link":"https:\/\/kuzeyinsesi.org\/index.php\/2024\/07\/08\/geleneksel-iskele-festivali-simge-sagin-konseri-ile-tamamlandi\/","title":{"rendered":"Geleneksel \u0130skele Festivali Simge Sa\u011f\u0131n konseri ile tamamland\u0131"},"content":{"rendered":"<div>\n<div class=\"mariselle-image-container none\">\n                                            <\/div>\n<p>Geleneksel \u0130skele Festivali, Simge Sa\u011f\u0131n konseri ile tamamland\u0131.<\/p>\n<p>Belediye\u2019den yap\u0131lan yaz\u0131l\u0131 a\u00e7\u0131klamaya g\u00f6re, 28 Haziran\u2019da Edip Akbayram konseri ile ba\u015flayan 52. Geleneksel \u0130skele Festivali, Simge Sa\u011f\u0131n konseri ile sona erdi.<\/p>\n<p>Be\u015f y\u0131l aran\u0131n ard\u0131ndan renkleri ve k\u00fclt\u00fcrleri yeniden \u0130skele\u2019de bulu\u015fturan \u0130skele Belediyesi\u2019nin bu y\u0131l 52.\u2019sini d\u00fczenledi\u011fi Geleneksel \u0130skele Festivali, 10 g\u00fcn s\u00fcrd\u00fc.<\/p>\n<p>Festival b\u00fcnyesinde, bu y\u0131l 27.\u2019si d\u00fczenlenen \u0130skele Belediyesi Uluslararas\u0131 Halk Danslar\u0131 Festivali, Larnakal\u0131lar Gecesi, Karadenizliler Gecesi, \u0130skele Rallisi, Benon Dervi\u015fler Bisiklet Yar\u0131\u015fmas\u0131, Tenis Turnuvas\u0131, Minikler Hal\u0131 Saha Turnuvas\u0131, Sporting Yar\u0131\u015fmas\u0131, Satran\u00e7 Turnuvas\u0131, Darts Yar\u0131\u015fmas\u0131, \u0130skele Ok\u00e7uluk Yar\u0131\u015fmas\u0131, Ya\u011fl\u0131 Direk Bayrak Kapma ve Dalma Yar\u0131\u015fmas\u0131, Tavla Turnuvas\u0131, Olta ile Bal\u0131k Avlama Yar\u0131\u015fmas\u0131, K\u0131br\u0131s Mutfa\u011f\u0131ndan Lezzetler Yar\u0131\u015fmas\u0131, Geleneksel K\u0131br\u0131s T\u00fcrk Gecesi ve \u00c7ocuk \u015eenli\u011fi yer ald\u0131.<\/p>\n<p>\u0130skele Festivali konserlere de ev sahipli\u011fi yapt\u0131. A\u00e7\u0131l\u0131\u015f\u0131nda Edip Akbayra\u2019\u0131n sahne ald\u0131\u011f\u0131 festivalde, Grup Otantik, Mert Demir, Yahya, \u0130brahim Kur\u015finiler, Sel\u00e7uk Balc\u0131 ve Simge Sa\u011f\u0131n da konser verdi.<\/p>\n<\/p><\/div>\n<p><script async\n                    defer\n                    crossorigin=\"anonymous\"\n                    src=\"https:\/\/connect.facebook.net\/tr_TR\/sdk.js#xfbml=1&#038;version=v3.3\"\n            ><\/script><\/p>\n","protected":false},"excerpt":{"rendered":"<p>Geleneksel \u0130skele Festivali, Simge Sa\u011f\u0131n konseri ile tamamland\u0131. Belediye\u2019den yap\u0131lan yaz\u0131l\u0131 a\u00e7\u0131klamaya g\u00f6re, 28 Haziran\u2019da Edip Akbayram konseri ile ba\u015flayan 52. Geleneksel \u0130skele Festivali, Simge Sa\u011f\u0131n konseri ile sona erdi. Be\u015f y\u0131l aran\u0131n ard\u0131ndan renkleri ve k\u00fclt\u00fcrleri yeniden \u0130skele\u2019de bulu\u015fturan \u0130skele Belediyesi\u2019nin bu y\u0131l 52.\u2019sini d\u00fczenledi\u011fi Geleneksel \u0130skele Festivali, 10 g\u00fcn s\u00fcrd\u00fc. Festival b\u00fcnyesinde, bu [&hellip;]<\/p>\n","protected":false},"author":1,"featured_media":6043,"comment_status":"open","ping_status":"open","sticky":false,"template":"","format":"standard","meta":{"jnews-multi-image_gallery":[],"jnews_single_post":[],"jnews_primary_category":[],"jnews_social_meta":[],"jnews_override_counter":[],"footnotes":""},"categories":[6],"tags":[],"class_list":["post-6042","post","type-post","status-publish","format-standard","has-post-thumbnail","hentry","category-yasam"],"yoast_head":"<!-- This site is optimized with the Yoast SEO plugin v27.5 - https:\/\/yoast.com\/product\/yoast-seo-wordpress\/ -->\n<title>Geleneksel \u0130skele Festivali Simge Sa\u011f\u0131n konseri ile tamamland\u0131 - Kuzeyin Sesi<\/title>\n<meta name=\"robots\" content=\"index, follow, max-snippet:-1, max-image-preview:large, max-video-preview:-1\" \/>\n<link rel=\"canonical\" href=\"https:\/\/kuzeyinsesi.org\/index.php\/2024\/07\/08\/geleneksel-iskele-festivali-simge-sagin-konseri-ile-tamamlandi\/\" \/>\n<meta property=\"og:locale\" content=\"tr_TR\" \/>\n<meta property=\"og:type\" content=\"article\" \/>\n<meta property=\"og:title\" content=\"Geleneksel \u0130skele Festivali Simge Sa\u011f\u0131n konseri ile tamamland\u0131 - Kuzeyin Sesi\" \/>\n<meta property=\"og:description\" content=\"Geleneksel \u0130skele Festivali, Simge Sa\u011f\u0131n konseri ile tamamland\u0131. Belediye\u2019den yap\u0131lan yaz\u0131l\u0131 a\u00e7\u0131klamaya g\u00f6re, 28 Haziran\u2019da Edip Akbayram konseri ile ba\u015flayan 52. Geleneksel \u0130skele Festivali, Simge Sa\u011f\u0131n konseri ile sona erdi. Be\u015f y\u0131l aran\u0131n ard\u0131ndan renkleri ve k\u00fclt\u00fcrleri yeniden \u0130skele\u2019de bulu\u015fturan \u0130skele Belediyesi\u2019nin bu y\u0131l 52.\u2019sini d\u00fczenledi\u011fi Geleneksel \u0130skele Festivali, 10 g\u00fcn s\u00fcrd\u00fc. Festival b\u00fcnyesinde, bu [&hellip;]\" \/>\n<meta property=\"og:url\" content=\"https:\/\/kuzeyinsesi.org\/index.php\/2024\/07\/08\/geleneksel-iskele-festivali-simge-sagin-konseri-ile-tamamlandi\/\" \/>\n<meta property=\"og:site_name\" content=\"Kuzeyin Sesi\" \/>\n<meta property=\"article:publisher\" content=\"https:\/\/www.facebook.com\/kuzeyinsesii\" \/>\n<meta property=\"article:published_time\" content=\"2024-07-08T11:20:33+00:00\" \/>\n<meta property=\"og:image\" content=\"https:\/\/brtk.net\/wp-content\/uploads\/2024\/07\/08\/52-geleneksel-iskele-festivali-sona-erdi-1.jpg?ver=55348e07c2ec5f6fea1a010088c8af11\" \/>\n<meta name=\"author\" content=\"Kuzeyin Sesi\" \/>\n<meta name=\"twitter:card\" content=\"summary_large_image\" \/>\n<meta name=\"twitter:creator\" content=\"@kuzeyinsesii\" \/>\n<meta name=\"twitter:site\" content=\"@kuzeyinsesii\" \/>\n<meta name=\"twitter:label1\" content=\"Yazan:\" \/>\n\t<meta name=\"twitter:data1\" content=\"Kuzeyin Sesi\" \/>\n\t<meta name=\"twitter:label2\" content=\"Tahmini okuma s\u00fcresi\" \/>\n\t<meta name=\"twitter:data2\" content=\"1 dakika\" \/>\n<script type=\"application\/ld+json\" class=\"yoast-schema-graph\">{\"@context\":\"https:\\\/\\\/schema.org\",\"@graph\":[{\"@type\":\"Article\",\"@id\":\"https:\\\/\\\/kuzeyinsesi.org\\\/index.php\\\/2024\\\/07\\\/08\\\/geleneksel-iskele-festivali-simge-sagin-konseri-ile-tamamlandi\\\/#article\",\"isPartOf\":{\"@id\":\"https:\\\/\\\/kuzeyinsesi.org\\\/index.php\\\/2024\\\/07\\\/08\\\/geleneksel-iskele-festivali-simge-sagin-konseri-ile-tamamlandi\\\/\"},\"author\":{\"name\":\"Kuzeyin Sesi\",\"@id\":\"https:\\\/\\\/kuzeyinsesi.org\\\/#\\\/schema\\\/person\\\/9f859689cdf01485597712386e37f5aa\"},\"headline\":\"Geleneksel \u0130skele Festivali Simge Sa\u011f\u0131n konseri ile tamamland\u0131\",\"datePublished\":\"2024-07-08T11:20:33+00:00\",\"mainEntityOfPage\":{\"@id\":\"https:\\\/\\\/kuzeyinsesi.org\\\/index.php\\\/2024\\\/07\\\/08\\\/geleneksel-iskele-festivali-simge-sagin-konseri-ile-tamamlandi\\\/\"},\"wordCount\":201,\"commentCount\":0,\"image\":{\"@id\":\"https:\\\/\\\/kuzeyinsesi.org\\\/index.php\\\/2024\\\/07\\\/08\\\/geleneksel-iskele-festivali-simge-sagin-konseri-ile-tamamlandi\\\/#primaryimage\"},\"thumbnailUrl\":\"https:\\\/\\\/kuzeyinsesi.org\\\/wp-content\\\/uploads\\\/2024\\\/07\\\/52-geleneksel-iskele-festivali-sona-erdi-1.jpg\",\"articleSection\":[\"Ya\u015fam\"],\"inLanguage\":\"tr\",\"potentialAction\":[{\"@type\":\"CommentAction\",\"name\":\"Comment\",\"target\":[\"https:\\\/\\\/kuzeyinsesi.org\\\/index.php\\\/2024\\\/07\\\/08\\\/geleneksel-iskele-festivali-simge-sagin-konseri-ile-tamamlandi\\\/#respond\"]}]},{\"@type\":\"WebPage\",\"@id\":\"https:\\\/\\\/kuzeyinsesi.org\\\/index.php\\\/2024\\\/07\\\/08\\\/geleneksel-iskele-festivali-simge-sagin-konseri-ile-tamamlandi\\\/\",\"url\":\"https:\\\/\\\/kuzeyinsesi.org\\\/index.php\\\/2024\\\/07\\\/08\\\/geleneksel-iskele-festivali-simge-sagin-konseri-ile-tamamlandi\\\/\",\"name\":\"Geleneksel \u0130skele Festivali Simge Sa\u011f\u0131n konseri ile tamamland\u0131 - Kuzeyin Sesi\",\"isPartOf\":{\"@id\":\"https:\\\/\\\/kuzeyinsesi.org\\\/#website\"},\"primaryImageOfPage\":{\"@id\":\"https:\\\/\\\/kuzeyinsesi.org\\\/index.php\\\/2024\\\/07\\\/08\\\/geleneksel-iskele-festivali-simge-sagin-konseri-ile-tamamlandi\\\/#primaryimage\"},\"image\":{\"@id\":\"https:\\\/\\\/kuzeyinsesi.org\\\/index.php\\\/2024\\\/07\\\/08\\\/geleneksel-iskele-festivali-simge-sagin-konseri-ile-tamamlandi\\\/#primaryimage\"},\"thumbnailUrl\":\"https:\\\/\\\/kuzeyinsesi.org\\\/wp-content\\\/uploads\\\/2024\\\/07\\\/52-geleneksel-iskele-festivali-sona-erdi-1.jpg\",\"datePublished\":\"2024-07-08T11:20:33+00:00\",\"author\":{\"@id\":\"https:\\\/\\\/kuzeyinsesi.org\\\/#\\\/schema\\\/person\\\/9f859689cdf01485597712386e37f5aa\"},\"breadcrumb\":{\"@id\":\"https:\\\/\\\/kuzeyinsesi.org\\\/index.php\\\/2024\\\/07\\\/08\\\/geleneksel-iskele-festivali-simge-sagin-konseri-ile-tamamlandi\\\/#breadcrumb\"},\"inLanguage\":\"tr\",\"potentialAction\":[{\"@type\":\"ReadAction\",\"target\":[\"https:\\\/\\\/kuzeyinsesi.org\\\/index.php\\\/2024\\\/07\\\/08\\\/geleneksel-iskele-festivali-simge-sagin-konseri-ile-tamamlandi\\\/\"]}]},{\"@type\":\"ImageObject\",\"inLanguage\":\"tr\",\"@id\":\"https:\\\/\\\/kuzeyinsesi.org\\\/index.php\\\/2024\\\/07\\\/08\\\/geleneksel-iskele-festivali-simge-sagin-konseri-ile-tamamlandi\\\/#primaryimage\",\"url\":\"https:\\\/\\\/kuzeyinsesi.org\\\/wp-content\\\/uploads\\\/2024\\\/07\\\/52-geleneksel-iskele-festivali-sona-erdi-1.jpg\",\"contentUrl\":\"https:\\\/\\\/kuzeyinsesi.org\\\/wp-content\\\/uploads\\\/2024\\\/07\\\/52-geleneksel-iskele-festivali-sona-erdi-1.jpg\",\"width\":928,\"height\":504},{\"@type\":\"BreadcrumbList\",\"@id\":\"https:\\\/\\\/kuzeyinsesi.org\\\/index.php\\\/2024\\\/07\\\/08\\\/geleneksel-iskele-festivali-simge-sagin-konseri-ile-tamamlandi\\\/#breadcrumb\",\"itemListElement\":[{\"@type\":\"ListItem\",\"position\":1,\"name\":\"Anasayfa\",\"item\":\"https:\\\/\\\/kuzeyinsesi.org\\\/\"},{\"@type\":\"ListItem\",\"position\":2,\"name\":\"Geleneksel \u0130skele Festivali Simge Sa\u011f\u0131n konseri ile tamamland\u0131\"}]},{\"@type\":\"WebSite\",\"@id\":\"https:\\\/\\\/kuzeyinsesi.org\\\/#website\",\"url\":\"https:\\\/\\\/kuzeyinsesi.org\\\/\",\"name\":\"Kuzeyin Sesi\",\"description\":\"Do\u011fru Haberin Adresi\",\"potentialAction\":[{\"@type\":\"SearchAction\",\"target\":{\"@type\":\"EntryPoint\",\"urlTemplate\":\"https:\\\/\\\/kuzeyinsesi.org\\\/?s={search_term_string}\"},\"query-input\":{\"@type\":\"PropertyValueSpecification\",\"valueRequired\":true,\"valueName\":\"search_term_string\"}}],\"inLanguage\":\"tr\"},{\"@type\":\"Person\",\"@id\":\"https:\\\/\\\/kuzeyinsesi.org\\\/#\\\/schema\\\/person\\\/9f859689cdf01485597712386e37f5aa\",\"name\":\"Kuzeyin Sesi\",\"image\":{\"@type\":\"ImageObject\",\"inLanguage\":\"tr\",\"@id\":\"https:\\\/\\\/secure.gravatar.com\\\/avatar\\\/bab33852abfd8b282518d6ed81826833d77c3c882d9ab608add591ccace47a44?s=96&d=mm&r=g\",\"url\":\"https:\\\/\\\/secure.gravatar.com\\\/avatar\\\/bab33852abfd8b282518d6ed81826833d77c3c882d9ab608add591ccace47a44?s=96&d=mm&r=g\",\"contentUrl\":\"https:\\\/\\\/secure.gravatar.com\\\/avatar\\\/bab33852abfd8b282518d6ed81826833d77c3c882d9ab608add591ccace47a44?s=96&d=mm&r=g\",\"caption\":\"Kuzeyin Sesi\"},\"sameAs\":[\"https:\\\/\\\/kuzeyinsesi.org\"],\"url\":\"https:\\\/\\\/kuzeyinsesi.org\\\/index.php\\\/author\\\/guven\\\/\"}]}<\/script>\n<!-- \/ Yoast SEO plugin. -->","yoast_head_json":{"title":"Geleneksel \u0130skele Festivali Simge Sa\u011f\u0131n konseri ile tamamland\u0131 - Kuzeyin Sesi","robots":{"index":"index","follow":"follow","max-snippet":"max-snippet:-1","max-image-preview":"max-image-preview:large","max-video-preview":"max-video-preview:-1"},"canonical":"https:\/\/kuzeyinsesi.org\/index.php\/2024\/07\/08\/geleneksel-iskele-festivali-simge-sagin-konseri-ile-tamamlandi\/","og_locale":"tr_TR","og_type":"article","og_title":"Geleneksel \u0130skele Festivali Simge Sa\u011f\u0131n konseri ile tamamland\u0131 - Kuzeyin Sesi","og_description":"Geleneksel \u0130skele Festivali, Simge Sa\u011f\u0131n konseri ile tamamland\u0131. Belediye\u2019den yap\u0131lan yaz\u0131l\u0131 a\u00e7\u0131klamaya g\u00f6re, 28 Haziran\u2019da Edip Akbayram konseri ile ba\u015flayan 52. Geleneksel \u0130skele Festivali, Simge Sa\u011f\u0131n konseri ile sona erdi. Be\u015f y\u0131l aran\u0131n ard\u0131ndan renkleri ve k\u00fclt\u00fcrleri yeniden \u0130skele\u2019de bulu\u015fturan \u0130skele Belediyesi\u2019nin bu y\u0131l 52.\u2019sini d\u00fczenledi\u011fi Geleneksel \u0130skele Festivali, 10 g\u00fcn s\u00fcrd\u00fc. Festival b\u00fcnyesinde, bu [&hellip;]","og_url":"https:\/\/kuzeyinsesi.org\/index.php\/2024\/07\/08\/geleneksel-iskele-festivali-simge-sagin-konseri-ile-tamamlandi\/","og_site_name":"Kuzeyin Sesi","article_publisher":"https:\/\/www.facebook.com\/kuzeyinsesii","article_published_time":"2024-07-08T11:20:33+00:00","og_image":[{"url":"https:\/\/brtk.net\/wp-content\/uploads\/2024\/07\/08\/52-geleneksel-iskele-festivali-sona-erdi-1.jpg?ver=55348e07c2ec5f6fea1a010088c8af11","type":"","width":"","height":""}],"author":"Kuzeyin Sesi","twitter_card":"summary_large_image","twitter_creator":"@kuzeyinsesii","twitter_site":"@kuzeyinsesii","twitter_misc":{"Yazan:":"Kuzeyin Sesi","Tahmini okuma s\u00fcresi":"1 dakika"},"schema":{"@context":"https:\/\/schema.org","@graph":[{"@type":"Article","@id":"https:\/\/kuzeyinsesi.org\/index.php\/2024\/07\/08\/geleneksel-iskele-festivali-simge-sagin-konseri-ile-tamamlandi\/#article","isPartOf":{"@id":"https:\/\/kuzeyinsesi.org\/index.php\/2024\/07\/08\/geleneksel-iskele-festivali-simge-sagin-konseri-ile-tamamlandi\/"},"author":{"name":"Kuzeyin Sesi","@id":"https:\/\/kuzeyinsesi.org\/#\/schema\/person\/9f859689cdf01485597712386e37f5aa"},"headline":"Geleneksel \u0130skele Festivali Simge Sa\u011f\u0131n konseri ile tamamland\u0131","datePublished":"2024-07-08T11:20:33+00:00","mainEntityOfPage":{"@id":"https:\/\/kuzeyinsesi.org\/index.php\/2024\/07\/08\/geleneksel-iskele-festivali-simge-sagin-konseri-ile-tamamlandi\/"},"wordCount":201,"commentCount":0,"image":{"@id":"https:\/\/kuzeyinsesi.org\/index.php\/2024\/07\/08\/geleneksel-iskele-festivali-simge-sagin-konseri-ile-tamamlandi\/#primaryimage"},"thumbnailUrl":"https:\/\/kuzeyinsesi.org\/wp-content\/uploads\/2024\/07\/52-geleneksel-iskele-festivali-sona-erdi-1.jpg","articleSection":["Ya\u015fam"],"inLanguage":"tr","potentialAction":[{"@type":"CommentAction","name":"Comment","target":["https:\/\/kuzeyinsesi.org\/index.php\/2024\/07\/08\/geleneksel-iskele-festivali-simge-sagin-konseri-ile-tamamlandi\/#respond"]}]},{"@type":"WebPage","@id":"https:\/\/kuzeyinsesi.org\/index.php\/2024\/07\/08\/geleneksel-iskele-festivali-simge-sagin-konseri-ile-tamamlandi\/","url":"https:\/\/kuzeyinsesi.org\/index.php\/2024\/07\/08\/geleneksel-iskele-festivali-simge-sagin-konseri-ile-tamamlandi\/","name":"Geleneksel \u0130skele Festivali Simge Sa\u011f\u0131n konseri ile tamamland\u0131 - Kuzeyin Sesi","isPartOf":{"@id":"https:\/\/kuzeyinsesi.org\/#website"},"primaryImageOfPage":{"@id":"https:\/\/kuzeyinsesi.org\/index.php\/2024\/07\/08\/geleneksel-iskele-festivali-simge-sagin-konseri-ile-tamamlandi\/#primaryimage"},"image":{"@id":"https:\/\/kuzeyinsesi.org\/index.php\/2024\/07\/08\/geleneksel-iskele-festivali-simge-sagin-konseri-ile-tamamlandi\/#primaryimage"},"thumbnailUrl":"https:\/\/kuzeyinsesi.org\/wp-content\/uploads\/2024\/07\/52-geleneksel-iskele-festivali-sona-erdi-1.jpg","datePublished":"2024-07-08T11:20:33+00:00","author":{"@id":"https:\/\/kuzeyinsesi.org\/#\/schema\/person\/9f859689cdf01485597712386e37f5aa"},"breadcrumb":{"@id":"https:\/\/kuzeyinsesi.org\/index.php\/2024\/07\/08\/geleneksel-iskele-festivali-simge-sagin-konseri-ile-tamamlandi\/#breadcrumb"},"inLanguage":"tr","potentialAction":[{"@type":"ReadAction","target":["https:\/\/kuzeyinsesi.org\/index.php\/2024\/07\/08\/geleneksel-iskele-festivali-simge-sagin-konseri-ile-tamamlandi\/"]}]},{"@type":"ImageObject","inLanguage":"tr","@id":"https:\/\/kuzeyinsesi.org\/index.php\/2024\/07\/08\/geleneksel-iskele-festivali-simge-sagin-konseri-ile-tamamlandi\/#primaryimage","url":"https:\/\/kuzeyinsesi.org\/wp-content\/uploads\/2024\/07\/52-geleneksel-iskele-festivali-sona-erdi-1.jpg","contentUrl":"https:\/\/kuzeyinsesi.org\/wp-content\/uploads\/2024\/07\/52-geleneksel-iskele-festivali-sona-erdi-1.jpg","width":928,"height":504},{"@type":"BreadcrumbList","@id":"https:\/\/kuzeyinsesi.org\/index.php\/2024\/07\/08\/geleneksel-iskele-festivali-simge-sagin-konseri-ile-tamamlandi\/#breadcrumb","itemListElement":[{"@type":"ListItem","position":1,"name":"Anasayfa","item":"https:\/\/kuzeyinsesi.org\/"},{"@type":"ListItem","position":2,"name":"Geleneksel \u0130skele Festivali Simge Sa\u011f\u0131n konseri ile tamamland\u0131"}]},{"@type":"WebSite","@id":"https:\/\/kuzeyinsesi.org\/#website","url":"https:\/\/kuzeyinsesi.org\/","name":"Kuzeyin Sesi","description":"Do\u011fru Haberin Adresi","potentialAction":[{"@type":"SearchAction","target":{"@type":"EntryPoint","urlTemplate":"https:\/\/kuzeyinsesi.org\/?s={search_term_string}"},"query-input":{"@type":"PropertyValueSpecification","valueRequired":true,"valueName":"search_term_string"}}],"inLanguage":"tr"},{"@type":"Person","@id":"https:\/\/kuzeyinsesi.org\/#\/schema\/person\/9f859689cdf01485597712386e37f5aa","name":"Kuzeyin Sesi","image":{"@type":"ImageObject","inLanguage":"tr","@id":"https:\/\/secure.gravatar.com\/avatar\/bab33852abfd8b282518d6ed81826833d77c3c882d9ab608add591ccace47a44?s=96&d=mm&r=g","url":"https:\/\/secure.gravatar.com\/avatar\/bab33852abfd8b282518d6ed81826833d77c3c882d9ab608add591ccace47a44?s=96&d=mm&r=g","contentUrl":"https:\/\/secure.gravatar.com\/avatar\/bab33852abfd8b282518d6ed81826833d77c3c882d9ab608add591ccace47a44?s=96&d=mm&r=g","caption":"Kuzeyin Sesi"},"sameAs":["https:\/\/kuzeyinsesi.org"],"url":"https:\/\/kuzeyinsesi.org\/index.php\/author\/guven\/"}]}},"_links":{"self":[{"href":"https:\/\/kuzeyinsesi.org\/index.php\/wp-json\/wp\/v2\/posts\/6042","targetHints":{"allow":["GET"]}}],"collection":[{"href":"https:\/\/kuzeyinsesi.org\/index.php\/wp-json\/wp\/v2\/posts"}],"about":[{"href":"https:\/\/kuzeyinsesi.org\/index.php\/wp-json\/wp\/v2\/types\/post"}],"author":[{"embeddable":true,"href":"https:\/\/kuzeyinsesi.org\/index.php\/wp-json\/wp\/v2\/users\/1"}],"replies":[{"embeddable":true,"href":"https:\/\/kuzeyinsesi.org\/index.php\/wp-json\/wp\/v2\/comments?post=6042"}],"version-history":[{"count":0,"href":"https:\/\/kuzeyinsesi.org\/index.php\/wp-json\/wp\/v2\/posts\/6042\/revisions"}],"wp:featuredmedia":[{"embeddable":true,"href":"https:\/\/kuzeyinsesi.org\/index.php\/wp-json\/wp\/v2\/media\/6043"}],"wp:attachment":[{"href":"https:\/\/kuzeyinsesi.org\/index.php\/wp-json\/wp\/v2\/media?parent=6042"}],"wp:term":[{"taxonomy":"category","embeddable":true,"href":"https:\/\/kuzeyinsesi.org\/index.php\/wp-json\/wp\/v2\/categories?post=6042"},{"taxonomy":"post_tag","embeddable":true,"href":"https:\/\/kuzeyinsesi.org\/index.php\/wp-json\/wp\/v2\/tags?post=6042"}],"curies":[{"name":"wp","href":"https:\/\/api.w.org\/{rel}","templated":true}]}}