{"id":5966,"date":"2024-07-06T16:15:38","date_gmt":"2024-07-06T13:15:38","guid":{"rendered":"https:\/\/kuzeyinsesi.org\/index.php\/2024\/07\/06\/52-iskele-festivali-28-karadenizliler-gecesi-ile-devam-etti\/"},"modified":"2024-07-06T16:15:38","modified_gmt":"2024-07-06T13:15:38","slug":"52-iskele-festivali-28-karadenizliler-gecesi-ile-devam-etti","status":"publish","type":"post","link":"https:\/\/kuzeyinsesi.org\/index.php\/2024\/07\/06\/52-iskele-festivali-28-karadenizliler-gecesi-ile-devam-etti\/","title":{"rendered":"52. \u0130skele Festivali 28. Karadenizliler Gecesi ile devam etti"},"content":{"rendered":"<div>\n<div class=\"mariselle-image-container center\">\n                                            <\/div>\n<p>\n52. Geleneksel \u0130skele Festivali bu y\u0131l 28.\u2019si d\u00fczenlenen Karadenizliler Gecesi ile devam etti.<\/p>\n<p>\u0130skele Belediyesi\u2019nden verilen bilgiye g\u00f6re,sayg\u0131 duru\u015fu ve \u0130stiklal Mar\u015f\u0131\u2019n\u0131n okunmas\u0131yla ba\u015flayan gecede Karadeniz K\u00fclt\u00fcr Derne\u011fi Kuzeyin Y\u0131ld\u0131zlar\u0131 Horon Ekibi ile \u0130skele Belediyesi Y\u0131ld\u0131zlar Halk Danslar\u0131 Toplulu\u011fu g\u00f6steri sundu. Karadenizli \u015fark\u0131c\u0131 Sel\u00e7uk Balc\u0131 da sahne ald\u0131.<\/p>\n<p>\u0130skele A\u00e7\u0131k Hava K\u00fclt\u00fcr Merkezi\u2019ndeki geceye, \u0130skele Belediye Ba\u015fkan\u0131 Hasan Sad\u0131ko\u011flu ve meclis \u00fcyelerinin yan\u0131 s\u0131ra Karadeniz K\u00fclt\u00fcr Derne\u011fi Ba\u015fkan\u0131 Murat Civelek, Yenibo\u011fazi\u00e7i Belediye Ba\u015fkan\u0131 Katip Demir ve di\u011fer baz\u0131 yetkililer de kat\u0131ld\u0131. <\/p>\n<p>\u0130skele Belediye Ba\u015fkan\u0131 Hasan Sad\u0131ko\u011flu etkinlikte yapt\u0131\u011f\u0131 konu\u015fmas\u0131nda, 5 y\u0131ll\u0131k bir aran\u0131n ard\u0131ndan adan\u0131n d\u00f6rt bir yan\u0131ndan Karadenizlileri ve Karadeniz sevdal\u0131lar\u0131n\u0131, \u0130skele\u2019de, \u0130skele Festivali\u2019nde a\u011f\u0131rl\u0131yor olmaktan duydu\u011fu mutlulu\u011fu ve heyecan\u0131 dile getirdi.<\/p>\n<div class=\"mariselle-image-container center\">\n                <img decoding=\"async\" width=\"1600\" height=\"1066\" class=\"lazy-image\" alt=\"\" sizes=\"(max-width: 1600px) 100vw, 1600px\" src=\"https:\/\/brtk.net\/wp-content\/uploads\/2024\/07\/06\/karadenizliler-gecesii-4.jpg?ver=dacee3d92a2416dd0606217d001c8d32\" srcset=\"https:\/\/brtk.net\/wp-content\/uploads\/2024\/07\/06\/karadenizliler-gecesii-4.jpg?ver=dacee3d92a2416dd0606217d001c8d32 1600w, https:\/\/brtk.net\/wp-content\/uploads\/2024\/07\/06\/karadenizliler-gecesii-4-300x200.jpg?ver=536bfa438887493e34f17d4099c7c0f7 300w, https:\/\/brtk.net\/wp-content\/uploads\/2024\/07\/06\/karadenizliler-gecesii-4-1024x682.jpg?ver=536bfa438887493e34f17d4099c7c0f7 1024w, https:\/\/brtk.net\/wp-content\/uploads\/2024\/07\/06\/karadenizliler-gecesii-4-768x512.jpg?ver=536bfa438887493e34f17d4099c7c0f7 768w, https:\/\/brtk.net\/wp-content\/uploads\/2024\/07\/06\/karadenizliler-gecesii-4-1536x1023.jpg?ver=0f468f214a722461efc953902c4c2a45 1536w\"\/>                            <\/div>\n<p>5 y\u0131ll\u0131k aran\u0131n ard\u0131ndan 28 Haziran\u2019da ba\u015flayan ve bu y\u0131l 52.\u2019si d\u00fczenlenen Geleneksel \u0130skele Festivali, yar\u0131n sona erecek. Sabahtan ak\u015fama kadar yine bir\u00e7ok etkinli\u011fin olaca\u011f\u0131 festivalin kapan\u0131\u015f konserini ise Simge Sa\u011f\u0131n verecek. \u0130skele Ecevit Meydan\u0131\u2019nda saat 22.00\u2019de ba\u015flayacak konser \u00fccretsiz izlenebilecek.<\/p>\n<\/p><\/div>\n<p><script async\n                    defer\n                    crossorigin=\"anonymous\"\n                    src=\"https:\/\/connect.facebook.net\/tr_TR\/sdk.js#xfbml=1&#038;version=v3.3\"\n            ><\/script><\/p>\n","protected":false},"excerpt":{"rendered":"<p>52. Geleneksel \u0130skele Festivali bu y\u0131l 28.\u2019si d\u00fczenlenen Karadenizliler Gecesi ile devam etti. \u0130skele Belediyesi\u2019nden verilen bilgiye g\u00f6re,sayg\u0131 duru\u015fu ve \u0130stiklal Mar\u015f\u0131\u2019n\u0131n okunmas\u0131yla ba\u015flayan gecede Karadeniz K\u00fclt\u00fcr Derne\u011fi Kuzeyin Y\u0131ld\u0131zlar\u0131 Horon Ekibi ile \u0130skele Belediyesi Y\u0131ld\u0131zlar Halk Danslar\u0131 Toplulu\u011fu g\u00f6steri sundu. Karadenizli \u015fark\u0131c\u0131 Sel\u00e7uk Balc\u0131 da sahne ald\u0131. \u0130skele A\u00e7\u0131k Hava K\u00fclt\u00fcr Merkezi\u2019ndeki geceye, \u0130skele [&hellip;]<\/p>\n","protected":false},"author":1,"featured_media":5967,"comment_status":"open","ping_status":"open","sticky":false,"template":"","format":"standard","meta":{"jnews-multi-image_gallery":[],"jnews_single_post":[],"jnews_primary_category":[],"jnews_social_meta":[],"jnews_override_counter":[],"footnotes":""},"categories":[6],"tags":[],"class_list":["post-5966","post","type-post","status-publish","format-standard","has-post-thumbnail","hentry","category-yasam"],"yoast_head":"<!-- This site is optimized with the Yoast SEO plugin v27.5 - https:\/\/yoast.com\/product\/yoast-seo-wordpress\/ -->\n<title>52. \u0130skele Festivali 28. Karadenizliler Gecesi ile devam etti - Kuzeyin Sesi<\/title>\n<meta name=\"robots\" content=\"index, follow, max-snippet:-1, max-image-preview:large, max-video-preview:-1\" \/>\n<link rel=\"canonical\" href=\"https:\/\/kuzeyinsesi.org\/index.php\/2024\/07\/06\/52-iskele-festivali-28-karadenizliler-gecesi-ile-devam-etti\/\" \/>\n<meta property=\"og:locale\" content=\"tr_TR\" \/>\n<meta property=\"og:type\" content=\"article\" \/>\n<meta property=\"og:title\" content=\"52. \u0130skele Festivali 28. Karadenizliler Gecesi ile devam etti - Kuzeyin Sesi\" \/>\n<meta property=\"og:description\" content=\"52. Geleneksel \u0130skele Festivali bu y\u0131l 28.\u2019si d\u00fczenlenen Karadenizliler Gecesi ile devam etti. \u0130skele Belediyesi\u2019nden verilen bilgiye g\u00f6re,sayg\u0131 duru\u015fu ve \u0130stiklal Mar\u015f\u0131\u2019n\u0131n okunmas\u0131yla ba\u015flayan gecede Karadeniz K\u00fclt\u00fcr Derne\u011fi Kuzeyin Y\u0131ld\u0131zlar\u0131 Horon Ekibi ile \u0130skele Belediyesi Y\u0131ld\u0131zlar Halk Danslar\u0131 Toplulu\u011fu g\u00f6steri sundu. Karadenizli \u015fark\u0131c\u0131 Sel\u00e7uk Balc\u0131 da sahne ald\u0131. \u0130skele A\u00e7\u0131k Hava K\u00fclt\u00fcr Merkezi\u2019ndeki geceye, \u0130skele [&hellip;]\" \/>\n<meta property=\"og:url\" content=\"https:\/\/kuzeyinsesi.org\/index.php\/2024\/07\/06\/52-iskele-festivali-28-karadenizliler-gecesi-ile-devam-etti\/\" \/>\n<meta property=\"og:site_name\" content=\"Kuzeyin Sesi\" \/>\n<meta property=\"article:publisher\" content=\"https:\/\/www.facebook.com\/kuzeyinsesii\" \/>\n<meta property=\"article:published_time\" content=\"2024-07-06T13:15:38+00:00\" \/>\n<meta property=\"og:image\" content=\"https:\/\/brtk.net\/wp-content\/uploads\/2024\/07\/06\/karadenizliler-gecesi-7.jpg?ver=490915cdc7d14da5936451b01a8e7315\" \/>\n<meta name=\"author\" content=\"Kuzeyin Sesi\" \/>\n<meta name=\"twitter:card\" content=\"summary_large_image\" \/>\n<meta name=\"twitter:creator\" content=\"@kuzeyinsesii\" \/>\n<meta name=\"twitter:site\" content=\"@kuzeyinsesii\" \/>\n<meta name=\"twitter:label1\" content=\"Yazan:\" \/>\n\t<meta name=\"twitter:data1\" content=\"Kuzeyin Sesi\" \/>\n\t<meta name=\"twitter:label2\" content=\"Tahmini okuma s\u00fcresi\" \/>\n\t<meta name=\"twitter:data2\" content=\"1 dakika\" \/>\n<script type=\"application\/ld+json\" class=\"yoast-schema-graph\">{\"@context\":\"https:\\\/\\\/schema.org\",\"@graph\":[{\"@type\":\"Article\",\"@id\":\"https:\\\/\\\/kuzeyinsesi.org\\\/index.php\\\/2024\\\/07\\\/06\\\/52-iskele-festivali-28-karadenizliler-gecesi-ile-devam-etti\\\/#article\",\"isPartOf\":{\"@id\":\"https:\\\/\\\/kuzeyinsesi.org\\\/index.php\\\/2024\\\/07\\\/06\\\/52-iskele-festivali-28-karadenizliler-gecesi-ile-devam-etti\\\/\"},\"author\":{\"name\":\"Kuzeyin Sesi\",\"@id\":\"https:\\\/\\\/kuzeyinsesi.org\\\/#\\\/schema\\\/person\\\/9f859689cdf01485597712386e37f5aa\"},\"headline\":\"52. \u0130skele Festivali 28. Karadenizliler Gecesi ile devam etti\",\"datePublished\":\"2024-07-06T13:15:38+00:00\",\"mainEntityOfPage\":{\"@id\":\"https:\\\/\\\/kuzeyinsesi.org\\\/index.php\\\/2024\\\/07\\\/06\\\/52-iskele-festivali-28-karadenizliler-gecesi-ile-devam-etti\\\/\"},\"wordCount\":230,\"commentCount\":0,\"image\":{\"@id\":\"https:\\\/\\\/kuzeyinsesi.org\\\/index.php\\\/2024\\\/07\\\/06\\\/52-iskele-festivali-28-karadenizliler-gecesi-ile-devam-etti\\\/#primaryimage\"},\"thumbnailUrl\":\"https:\\\/\\\/kuzeyinsesi.org\\\/wp-content\\\/uploads\\\/2024\\\/07\\\/karadenizliler-gecesi-7.jpg\",\"articleSection\":[\"Ya\u015fam\"],\"inLanguage\":\"tr\",\"potentialAction\":[{\"@type\":\"CommentAction\",\"name\":\"Comment\",\"target\":[\"https:\\\/\\\/kuzeyinsesi.org\\\/index.php\\\/2024\\\/07\\\/06\\\/52-iskele-festivali-28-karadenizliler-gecesi-ile-devam-etti\\\/#respond\"]}]},{\"@type\":\"WebPage\",\"@id\":\"https:\\\/\\\/kuzeyinsesi.org\\\/index.php\\\/2024\\\/07\\\/06\\\/52-iskele-festivali-28-karadenizliler-gecesi-ile-devam-etti\\\/\",\"url\":\"https:\\\/\\\/kuzeyinsesi.org\\\/index.php\\\/2024\\\/07\\\/06\\\/52-iskele-festivali-28-karadenizliler-gecesi-ile-devam-etti\\\/\",\"name\":\"52. \u0130skele Festivali 28. Karadenizliler Gecesi ile devam etti - Kuzeyin Sesi\",\"isPartOf\":{\"@id\":\"https:\\\/\\\/kuzeyinsesi.org\\\/#website\"},\"primaryImageOfPage\":{\"@id\":\"https:\\\/\\\/kuzeyinsesi.org\\\/index.php\\\/2024\\\/07\\\/06\\\/52-iskele-festivali-28-karadenizliler-gecesi-ile-devam-etti\\\/#primaryimage\"},\"image\":{\"@id\":\"https:\\\/\\\/kuzeyinsesi.org\\\/index.php\\\/2024\\\/07\\\/06\\\/52-iskele-festivali-28-karadenizliler-gecesi-ile-devam-etti\\\/#primaryimage\"},\"thumbnailUrl\":\"https:\\\/\\\/kuzeyinsesi.org\\\/wp-content\\\/uploads\\\/2024\\\/07\\\/karadenizliler-gecesi-7.jpg\",\"datePublished\":\"2024-07-06T13:15:38+00:00\",\"author\":{\"@id\":\"https:\\\/\\\/kuzeyinsesi.org\\\/#\\\/schema\\\/person\\\/9f859689cdf01485597712386e37f5aa\"},\"breadcrumb\":{\"@id\":\"https:\\\/\\\/kuzeyinsesi.org\\\/index.php\\\/2024\\\/07\\\/06\\\/52-iskele-festivali-28-karadenizliler-gecesi-ile-devam-etti\\\/#breadcrumb\"},\"inLanguage\":\"tr\",\"potentialAction\":[{\"@type\":\"ReadAction\",\"target\":[\"https:\\\/\\\/kuzeyinsesi.org\\\/index.php\\\/2024\\\/07\\\/06\\\/52-iskele-festivali-28-karadenizliler-gecesi-ile-devam-etti\\\/\"]}]},{\"@type\":\"ImageObject\",\"inLanguage\":\"tr\",\"@id\":\"https:\\\/\\\/kuzeyinsesi.org\\\/index.php\\\/2024\\\/07\\\/06\\\/52-iskele-festivali-28-karadenizliler-gecesi-ile-devam-etti\\\/#primaryimage\",\"url\":\"https:\\\/\\\/kuzeyinsesi.org\\\/wp-content\\\/uploads\\\/2024\\\/07\\\/karadenizliler-gecesi-7.jpg\",\"contentUrl\":\"https:\\\/\\\/kuzeyinsesi.org\\\/wp-content\\\/uploads\\\/2024\\\/07\\\/karadenizliler-gecesi-7.jpg\",\"width\":1600,\"height\":1066},{\"@type\":\"BreadcrumbList\",\"@id\":\"https:\\\/\\\/kuzeyinsesi.org\\\/index.php\\\/2024\\\/07\\\/06\\\/52-iskele-festivali-28-karadenizliler-gecesi-ile-devam-etti\\\/#breadcrumb\",\"itemListElement\":[{\"@type\":\"ListItem\",\"position\":1,\"name\":\"Anasayfa\",\"item\":\"https:\\\/\\\/kuzeyinsesi.org\\\/\"},{\"@type\":\"ListItem\",\"position\":2,\"name\":\"52. \u0130skele Festivali 28. Karadenizliler Gecesi ile devam etti\"}]},{\"@type\":\"WebSite\",\"@id\":\"https:\\\/\\\/kuzeyinsesi.org\\\/#website\",\"url\":\"https:\\\/\\\/kuzeyinsesi.org\\\/\",\"name\":\"Kuzeyin Sesi\",\"description\":\"Do\u011fru Haberin Adresi\",\"potentialAction\":[{\"@type\":\"SearchAction\",\"target\":{\"@type\":\"EntryPoint\",\"urlTemplate\":\"https:\\\/\\\/kuzeyinsesi.org\\\/?s={search_term_string}\"},\"query-input\":{\"@type\":\"PropertyValueSpecification\",\"valueRequired\":true,\"valueName\":\"search_term_string\"}}],\"inLanguage\":\"tr\"},{\"@type\":\"Person\",\"@id\":\"https:\\\/\\\/kuzeyinsesi.org\\\/#\\\/schema\\\/person\\\/9f859689cdf01485597712386e37f5aa\",\"name\":\"Kuzeyin Sesi\",\"image\":{\"@type\":\"ImageObject\",\"inLanguage\":\"tr\",\"@id\":\"https:\\\/\\\/secure.gravatar.com\\\/avatar\\\/bab33852abfd8b282518d6ed81826833d77c3c882d9ab608add591ccace47a44?s=96&d=mm&r=g\",\"url\":\"https:\\\/\\\/secure.gravatar.com\\\/avatar\\\/bab33852abfd8b282518d6ed81826833d77c3c882d9ab608add591ccace47a44?s=96&d=mm&r=g\",\"contentUrl\":\"https:\\\/\\\/secure.gravatar.com\\\/avatar\\\/bab33852abfd8b282518d6ed81826833d77c3c882d9ab608add591ccace47a44?s=96&d=mm&r=g\",\"caption\":\"Kuzeyin Sesi\"},\"sameAs\":[\"https:\\\/\\\/kuzeyinsesi.org\"],\"url\":\"https:\\\/\\\/kuzeyinsesi.org\\\/index.php\\\/author\\\/guven\\\/\"}]}<\/script>\n<!-- \/ Yoast SEO plugin. -->","yoast_head_json":{"title":"52. \u0130skele Festivali 28. Karadenizliler Gecesi ile devam etti - Kuzeyin Sesi","robots":{"index":"index","follow":"follow","max-snippet":"max-snippet:-1","max-image-preview":"max-image-preview:large","max-video-preview":"max-video-preview:-1"},"canonical":"https:\/\/kuzeyinsesi.org\/index.php\/2024\/07\/06\/52-iskele-festivali-28-karadenizliler-gecesi-ile-devam-etti\/","og_locale":"tr_TR","og_type":"article","og_title":"52. \u0130skele Festivali 28. Karadenizliler Gecesi ile devam etti - Kuzeyin Sesi","og_description":"52. Geleneksel \u0130skele Festivali bu y\u0131l 28.\u2019si d\u00fczenlenen Karadenizliler Gecesi ile devam etti. \u0130skele Belediyesi\u2019nden verilen bilgiye g\u00f6re,sayg\u0131 duru\u015fu ve \u0130stiklal Mar\u015f\u0131\u2019n\u0131n okunmas\u0131yla ba\u015flayan gecede Karadeniz K\u00fclt\u00fcr Derne\u011fi Kuzeyin Y\u0131ld\u0131zlar\u0131 Horon Ekibi ile \u0130skele Belediyesi Y\u0131ld\u0131zlar Halk Danslar\u0131 Toplulu\u011fu g\u00f6steri sundu. Karadenizli \u015fark\u0131c\u0131 Sel\u00e7uk Balc\u0131 da sahne ald\u0131. \u0130skele A\u00e7\u0131k Hava K\u00fclt\u00fcr Merkezi\u2019ndeki geceye, \u0130skele [&hellip;]","og_url":"https:\/\/kuzeyinsesi.org\/index.php\/2024\/07\/06\/52-iskele-festivali-28-karadenizliler-gecesi-ile-devam-etti\/","og_site_name":"Kuzeyin Sesi","article_publisher":"https:\/\/www.facebook.com\/kuzeyinsesii","article_published_time":"2024-07-06T13:15:38+00:00","og_image":[{"url":"https:\/\/brtk.net\/wp-content\/uploads\/2024\/07\/06\/karadenizliler-gecesi-7.jpg?ver=490915cdc7d14da5936451b01a8e7315","type":"","width":"","height":""}],"author":"Kuzeyin Sesi","twitter_card":"summary_large_image","twitter_creator":"@kuzeyinsesii","twitter_site":"@kuzeyinsesii","twitter_misc":{"Yazan:":"Kuzeyin Sesi","Tahmini okuma s\u00fcresi":"1 dakika"},"schema":{"@context":"https:\/\/schema.org","@graph":[{"@type":"Article","@id":"https:\/\/kuzeyinsesi.org\/index.php\/2024\/07\/06\/52-iskele-festivali-28-karadenizliler-gecesi-ile-devam-etti\/#article","isPartOf":{"@id":"https:\/\/kuzeyinsesi.org\/index.php\/2024\/07\/06\/52-iskele-festivali-28-karadenizliler-gecesi-ile-devam-etti\/"},"author":{"name":"Kuzeyin Sesi","@id":"https:\/\/kuzeyinsesi.org\/#\/schema\/person\/9f859689cdf01485597712386e37f5aa"},"headline":"52. \u0130skele Festivali 28. Karadenizliler Gecesi ile devam etti","datePublished":"2024-07-06T13:15:38+00:00","mainEntityOfPage":{"@id":"https:\/\/kuzeyinsesi.org\/index.php\/2024\/07\/06\/52-iskele-festivali-28-karadenizliler-gecesi-ile-devam-etti\/"},"wordCount":230,"commentCount":0,"image":{"@id":"https:\/\/kuzeyinsesi.org\/index.php\/2024\/07\/06\/52-iskele-festivali-28-karadenizliler-gecesi-ile-devam-etti\/#primaryimage"},"thumbnailUrl":"https:\/\/kuzeyinsesi.org\/wp-content\/uploads\/2024\/07\/karadenizliler-gecesi-7.jpg","articleSection":["Ya\u015fam"],"inLanguage":"tr","potentialAction":[{"@type":"CommentAction","name":"Comment","target":["https:\/\/kuzeyinsesi.org\/index.php\/2024\/07\/06\/52-iskele-festivali-28-karadenizliler-gecesi-ile-devam-etti\/#respond"]}]},{"@type":"WebPage","@id":"https:\/\/kuzeyinsesi.org\/index.php\/2024\/07\/06\/52-iskele-festivali-28-karadenizliler-gecesi-ile-devam-etti\/","url":"https:\/\/kuzeyinsesi.org\/index.php\/2024\/07\/06\/52-iskele-festivali-28-karadenizliler-gecesi-ile-devam-etti\/","name":"52. \u0130skele Festivali 28. Karadenizliler Gecesi ile devam etti - Kuzeyin Sesi","isPartOf":{"@id":"https:\/\/kuzeyinsesi.org\/#website"},"primaryImageOfPage":{"@id":"https:\/\/kuzeyinsesi.org\/index.php\/2024\/07\/06\/52-iskele-festivali-28-karadenizliler-gecesi-ile-devam-etti\/#primaryimage"},"image":{"@id":"https:\/\/kuzeyinsesi.org\/index.php\/2024\/07\/06\/52-iskele-festivali-28-karadenizliler-gecesi-ile-devam-etti\/#primaryimage"},"thumbnailUrl":"https:\/\/kuzeyinsesi.org\/wp-content\/uploads\/2024\/07\/karadenizliler-gecesi-7.jpg","datePublished":"2024-07-06T13:15:38+00:00","author":{"@id":"https:\/\/kuzeyinsesi.org\/#\/schema\/person\/9f859689cdf01485597712386e37f5aa"},"breadcrumb":{"@id":"https:\/\/kuzeyinsesi.org\/index.php\/2024\/07\/06\/52-iskele-festivali-28-karadenizliler-gecesi-ile-devam-etti\/#breadcrumb"},"inLanguage":"tr","potentialAction":[{"@type":"ReadAction","target":["https:\/\/kuzeyinsesi.org\/index.php\/2024\/07\/06\/52-iskele-festivali-28-karadenizliler-gecesi-ile-devam-etti\/"]}]},{"@type":"ImageObject","inLanguage":"tr","@id":"https:\/\/kuzeyinsesi.org\/index.php\/2024\/07\/06\/52-iskele-festivali-28-karadenizliler-gecesi-ile-devam-etti\/#primaryimage","url":"https:\/\/kuzeyinsesi.org\/wp-content\/uploads\/2024\/07\/karadenizliler-gecesi-7.jpg","contentUrl":"https:\/\/kuzeyinsesi.org\/wp-content\/uploads\/2024\/07\/karadenizliler-gecesi-7.jpg","width":1600,"height":1066},{"@type":"BreadcrumbList","@id":"https:\/\/kuzeyinsesi.org\/index.php\/2024\/07\/06\/52-iskele-festivali-28-karadenizliler-gecesi-ile-devam-etti\/#breadcrumb","itemListElement":[{"@type":"ListItem","position":1,"name":"Anasayfa","item":"https:\/\/kuzeyinsesi.org\/"},{"@type":"ListItem","position":2,"name":"52. \u0130skele Festivali 28. Karadenizliler Gecesi ile devam etti"}]},{"@type":"WebSite","@id":"https:\/\/kuzeyinsesi.org\/#website","url":"https:\/\/kuzeyinsesi.org\/","name":"Kuzeyin Sesi","description":"Do\u011fru Haberin Adresi","potentialAction":[{"@type":"SearchAction","target":{"@type":"EntryPoint","urlTemplate":"https:\/\/kuzeyinsesi.org\/?s={search_term_string}"},"query-input":{"@type":"PropertyValueSpecification","valueRequired":true,"valueName":"search_term_string"}}],"inLanguage":"tr"},{"@type":"Person","@id":"https:\/\/kuzeyinsesi.org\/#\/schema\/person\/9f859689cdf01485597712386e37f5aa","name":"Kuzeyin Sesi","image":{"@type":"ImageObject","inLanguage":"tr","@id":"https:\/\/secure.gravatar.com\/avatar\/bab33852abfd8b282518d6ed81826833d77c3c882d9ab608add591ccace47a44?s=96&d=mm&r=g","url":"https:\/\/secure.gravatar.com\/avatar\/bab33852abfd8b282518d6ed81826833d77c3c882d9ab608add591ccace47a44?s=96&d=mm&r=g","contentUrl":"https:\/\/secure.gravatar.com\/avatar\/bab33852abfd8b282518d6ed81826833d77c3c882d9ab608add591ccace47a44?s=96&d=mm&r=g","caption":"Kuzeyin Sesi"},"sameAs":["https:\/\/kuzeyinsesi.org"],"url":"https:\/\/kuzeyinsesi.org\/index.php\/author\/guven\/"}]}},"_links":{"self":[{"href":"https:\/\/kuzeyinsesi.org\/index.php\/wp-json\/wp\/v2\/posts\/5966","targetHints":{"allow":["GET"]}}],"collection":[{"href":"https:\/\/kuzeyinsesi.org\/index.php\/wp-json\/wp\/v2\/posts"}],"about":[{"href":"https:\/\/kuzeyinsesi.org\/index.php\/wp-json\/wp\/v2\/types\/post"}],"author":[{"embeddable":true,"href":"https:\/\/kuzeyinsesi.org\/index.php\/wp-json\/wp\/v2\/users\/1"}],"replies":[{"embeddable":true,"href":"https:\/\/kuzeyinsesi.org\/index.php\/wp-json\/wp\/v2\/comments?post=5966"}],"version-history":[{"count":0,"href":"https:\/\/kuzeyinsesi.org\/index.php\/wp-json\/wp\/v2\/posts\/5966\/revisions"}],"wp:featuredmedia":[{"embeddable":true,"href":"https:\/\/kuzeyinsesi.org\/index.php\/wp-json\/wp\/v2\/media\/5967"}],"wp:attachment":[{"href":"https:\/\/kuzeyinsesi.org\/index.php\/wp-json\/wp\/v2\/media?parent=5966"}],"wp:term":[{"taxonomy":"category","embeddable":true,"href":"https:\/\/kuzeyinsesi.org\/index.php\/wp-json\/wp\/v2\/categories?post=5966"},{"taxonomy":"post_tag","embeddable":true,"href":"https:\/\/kuzeyinsesi.org\/index.php\/wp-json\/wp\/v2\/tags?post=5966"}],"curies":[{"name":"wp","href":"https:\/\/api.w.org\/{rel}","templated":true}]}}