{"id":5891,"date":"2024-07-05T13:18:43","date_gmt":"2024-07-05T10:18:43","guid":{"rendered":"https:\/\/kuzeyinsesi.org\/index.php\/2024\/07\/05\/larnakalilar-gecesi-larnakalilar-ile-iskelelileri-festivalde-bulusturdu\/"},"modified":"2024-07-05T13:18:43","modified_gmt":"2024-07-05T10:18:43","slug":"larnakalilar-gecesi-larnakalilar-ile-iskelelileri-festivalde-bulusturdu","status":"publish","type":"post","link":"https:\/\/kuzeyinsesi.org\/index.php\/2024\/07\/05\/larnakalilar-gecesi-larnakalilar-ile-iskelelileri-festivalde-bulusturdu\/","title":{"rendered":"Larnakal\u0131lar gecesi, Larnakal\u0131lar ile \u0130skelelileri festivalde bulu\u015fturdu"},"content":{"rendered":"<div>\n<div class=\"mariselle-image-container none\">\n                                            <\/div>\n<p>\u0130skele Festivali kapsam\u0131nda d\u00fcn \u201cLarnakal\u0131lar Gecesi\u201d d\u00fczenlendi.<\/p>\n<p>Larnakal\u0131lar\u2019a \u00f6zg\u00fc nohutlu, tavuklu pilav ile hurmal\u0131 Acuva tatl\u0131s\u0131n\u0131n da\u011f\u0131t\u0131ld\u0131\u011f\u0131 Larnakal\u0131lar Gecesi\u2019nin onur konu\u011fu \u0130brahim Kur\u015finiler ile Yahya ve orkestras\u0131 oldu.<\/p>\n<p>Geceye Cumhurba\u015fkan\u0131 Vekili, Cumhuriyet Meclisi Ba\u015fkan\u0131 Zorlu T\u00f6re de kat\u0131ld\u0131.<\/p>\n<p>-Mente\u015fo\u011flu: \u201cAmac\u0131m\u0131z; k\u00fclt\u00fcr\u00fc ya\u015fatmak ve ge\u00e7mi\u015fi anmak\u201d<\/p>\n<p>\u0130skele Belediyesi\u2019nden verilen bilgiye g\u00f6re, Larnakal\u0131lar Derne\u011fi Ba\u015fkan\u0131 Zarif\u015fen Mente\u015fo\u011flu gecede yapt\u0131\u011f\u0131 konu\u015fmada, her zaman yanlar\u0131nda olan, gecenin d\u00fczenlenmesi i\u00e7in de her t\u00fcrl\u00fc\u011f\u00fc deste\u011fi sa\u011flayan \u0130skele Belediye Ba\u015fkan\u0131 Hasan Sad\u0131ko\u011flu\u2019na, meclis \u00fcyelerine ve personeline te\u015fekk\u00fcr etti.<\/p>\n<p>Mente\u015fo\u011flu konu\u015fmas\u0131n\u0131n sonunda ise \u0130skele Belediye Ba\u015fkan\u0131 Hasan Sad\u0131ko\u011flu\u2019na te\u015fekk\u00fcr plaketi taktim etti.<\/p>\n<p>-Sad\u0131ko\u011flu: \u201cGe\u00e7mi\u015ften g\u00fcn\u00fcm\u00fcze \u0131\u015f\u0131k tutmas\u0131 a\u00e7\u0131s\u0131ndan \u00e7ok k\u0131ymetli\u201d<\/p>\n<p>\u0130skele Belediye Ba\u015fkan\u0131 Hasan Sad\u0131ko\u011flu da konu\u015fmas\u0131nda ge\u00e7mi\u015ften g\u00fcn\u00fcm\u00fcze festivalin bu kadar talep g\u00f6rmesini, her y\u0131l b\u00fcy\u00fck bir \u00f6zlem ve heyecanla beklenmesini de festival b\u00fcnyesinde yer alan gecelere ba\u011flad\u0131.<\/p>\n<p>Larnakal\u0131lar Gecesi\u2019nin de ge\u00e7mi\u015ften g\u00fcn\u00fcm\u00fcze \u0131\u015f\u0131k tutan ve bu \u0131\u015f\u0131\u011f\u0131 gelece\u011fe de ta\u015f\u0131nmas\u0131 a\u00e7\u0131s\u0131ndan \u00e7ok k\u0131ymetli ve de\u011ferli bulduklar\u0131n\u0131n alt\u0131n\u0131 \u00e7izen Sad\u0131ko\u011flu, gecenin haz\u0131rlanmas\u0131nda eme\u011fi ge\u00e7en Larnakal\u0131lar Derne\u011fi\u2019ne, \u0130skele Belediyesi meclis \u00fcyelerine ve personeline te\u015fekk\u00fcr etti, ebediyete intikal etmi\u015f Larnakal\u0131lar\u2019a da Allahtan rahmet diledi.<\/p>\n<p>-T\u00f6re: \u201cLarnaka\u2019daki hat\u0131ralar\u0131m\u0131z ilk g\u00fcnk\u00fc canl\u0131l\u0131\u011f\u0131n\u0131 koruyor\u201d<\/p>\n<p>Larnakal\u0131lar Gecesi\u2019ne kat\u0131lan Cumhurba\u015fkan\u0131 Vekili ve Meclis Ba\u015fkan\u0131 Zorlu T\u00f6re, Larnaka\u2019n\u0131n ulusal m\u00fccadele d\u00f6neminde en \u00e7ok \u015fehit veren b\u00f6lgelerden oldu\u011funun da alt\u0131n\u0131 \u00e7izdi.<\/p>\n<p>T\u00fcm \u015fehitlere Allah\u2019tan rahmet dileyen T\u00f6re, \u015fehitler olmadan bir toplumun olamayaca\u011f\u0131n\u0131 ve \u00f6zg\u00fcrl\u00fc\u011fe kavu\u015famayaca\u011f\u0131n\u0131 da vurgulad\u0131.<\/p>\n<p>Cumhurba\u015fkan\u0131 Vekili T\u00f6re, Kay\u0131p Otob\u00fcs \u015fehitlerini de hat\u0131rlatarak, \u0130skele Belediyesi taraf\u0131ndan yap\u0131lan ve 13 May\u0131s\u2019ta a\u00e7\u0131l\u0131\u015f\u0131 ger\u00e7ekle\u015fen Kay\u0131p Otob\u00fcs An\u0131t\u0131\u2019yla da hat\u0131ralar\u0131n yeniden canland\u0131\u011f\u0131n\u0131, canl\u0131 da tutmak mecburiyetinde olduklar\u0131n\u0131 s\u00f6yledi.<\/p>\n<p>-An\u0131 plaketleri verildi<\/p>\n<p>Larnakal\u0131lar Gecesi\u2019nde Larnakal\u0131lar Derne\u011fi Onursal Ba\u015fkan\u0131 G\u00f6ksel Saydam ile kurucu ba\u015fkan\u0131\u00a0Ayten Akmen\u2019e plaket takdimi de yap\u0131ld\u0131. Gecede \u0130skele Belediyesi Halk Danslar\u0131 Toplulu\u011fu, K\u0131br\u0131s k\u00fclt\u00fcr\u00fcn\u00fcn par\u00e7as\u0131 k\u0131na gecesini canland\u0131rd\u0131.<\/p>\n<p>-\u0130brahim Kur\u015finiler ve Yahya sahne ald\u0131<\/p>\n<p>\u0130skele\u2019nin y\u00f6resel lezzetlerinden olan nohutlu pilav ve hurmal\u0131 \u201cAcuva\u201d tatl\u0131s\u0131n\u0131n yan\u0131 s\u0131ra kuruyemi\u015f i\u015fe \u00e7\u00f6rek ve hellimin ikram edildi\u011fi gecede,\u00a0Aksoy H\u00fcseyin Ruso ile H\u00fcseyin Garip Larnaka temal\u0131 s\u00f6yle\u015filerde bulundu, \u015fiirler okudu.<\/p>\n<p>Gecenin onur konu\u011fu, duayen isim \u0130brahim Kur\u015finiler ile Yahya ve orkestras\u0131n\u0131n konseri de be\u011feni toplad\u0131.<\/p>\n<p>Gecede \u00f6zel kaplar i\u00e7inde misafirlere da\u011f\u0131t\u0131lan nohutlu pilavlar\u0131n konuldu\u011fu kaplar\u0131n baz\u0131lar\u0131n\u0131n alt\u0131nda \u201ckazand\u0131n\u0131z\u201d ifadeleri yer ald\u0131 ve \u015fansl\u0131lara, \u0130skele b\u00f6lgesindeki otellerden konaklama hediye edildi.<\/p>\n<\/p><\/div>\n<p><script async\n                    defer\n                    crossorigin=\"anonymous\"\n                    src=\"https:\/\/connect.facebook.net\/tr_TR\/sdk.js#xfbml=1&#038;version=v3.3\"\n            ><\/script><\/p>\n","protected":false},"excerpt":{"rendered":"<p>\u0130skele Festivali kapsam\u0131nda d\u00fcn \u201cLarnakal\u0131lar Gecesi\u201d d\u00fczenlendi. Larnakal\u0131lar\u2019a \u00f6zg\u00fc nohutlu, tavuklu pilav ile hurmal\u0131 Acuva tatl\u0131s\u0131n\u0131n da\u011f\u0131t\u0131ld\u0131\u011f\u0131 Larnakal\u0131lar Gecesi\u2019nin onur konu\u011fu \u0130brahim Kur\u015finiler ile Yahya ve orkestras\u0131 oldu. Geceye Cumhurba\u015fkan\u0131 Vekili, Cumhuriyet Meclisi Ba\u015fkan\u0131 Zorlu T\u00f6re de kat\u0131ld\u0131. -Mente\u015fo\u011flu: \u201cAmac\u0131m\u0131z; k\u00fclt\u00fcr\u00fc ya\u015fatmak ve ge\u00e7mi\u015fi anmak\u201d \u0130skele Belediyesi\u2019nden verilen bilgiye g\u00f6re, Larnakal\u0131lar Derne\u011fi Ba\u015fkan\u0131 Zarif\u015fen Mente\u015fo\u011flu [&hellip;]<\/p>\n","protected":false},"author":1,"featured_media":5892,"comment_status":"open","ping_status":"open","sticky":false,"template":"","format":"standard","meta":{"jnews-multi-image_gallery":[],"jnews_single_post":[],"jnews_primary_category":[],"jnews_social_meta":[],"jnews_override_counter":[],"footnotes":""},"categories":[6],"tags":[],"class_list":["post-5891","post","type-post","status-publish","format-standard","has-post-thumbnail","hentry","category-yasam"],"yoast_head":"<!-- This site is optimized with the Yoast SEO plugin v27.5 - https:\/\/yoast.com\/product\/yoast-seo-wordpress\/ -->\n<title>Larnakal\u0131lar gecesi, Larnakal\u0131lar ile \u0130skelelileri festivalde bulu\u015fturdu - Kuzeyin Sesi<\/title>\n<meta name=\"robots\" content=\"index, follow, max-snippet:-1, max-image-preview:large, max-video-preview:-1\" \/>\n<link rel=\"canonical\" href=\"https:\/\/kuzeyinsesi.org\/index.php\/2024\/07\/05\/larnakalilar-gecesi-larnakalilar-ile-iskelelileri-festivalde-bulusturdu\/\" \/>\n<meta property=\"og:locale\" content=\"tr_TR\" \/>\n<meta property=\"og:type\" content=\"article\" \/>\n<meta property=\"og:title\" content=\"Larnakal\u0131lar gecesi, Larnakal\u0131lar ile \u0130skelelileri festivalde bulu\u015fturdu - Kuzeyin Sesi\" \/>\n<meta property=\"og:description\" content=\"\u0130skele Festivali kapsam\u0131nda d\u00fcn \u201cLarnakal\u0131lar Gecesi\u201d d\u00fczenlendi. Larnakal\u0131lar\u2019a \u00f6zg\u00fc nohutlu, tavuklu pilav ile hurmal\u0131 Acuva tatl\u0131s\u0131n\u0131n da\u011f\u0131t\u0131ld\u0131\u011f\u0131 Larnakal\u0131lar Gecesi\u2019nin onur konu\u011fu \u0130brahim Kur\u015finiler ile Yahya ve orkestras\u0131 oldu. Geceye Cumhurba\u015fkan\u0131 Vekili, Cumhuriyet Meclisi Ba\u015fkan\u0131 Zorlu T\u00f6re de kat\u0131ld\u0131. -Mente\u015fo\u011flu: \u201cAmac\u0131m\u0131z; k\u00fclt\u00fcr\u00fc ya\u015fatmak ve ge\u00e7mi\u015fi anmak\u201d \u0130skele Belediyesi\u2019nden verilen bilgiye g\u00f6re, Larnakal\u0131lar Derne\u011fi Ba\u015fkan\u0131 Zarif\u015fen Mente\u015fo\u011flu [&hellip;]\" \/>\n<meta property=\"og:url\" content=\"https:\/\/kuzeyinsesi.org\/index.php\/2024\/07\/05\/larnakalilar-gecesi-larnakalilar-ile-iskelelileri-festivalde-bulusturdu\/\" \/>\n<meta property=\"og:site_name\" content=\"Kuzeyin Sesi\" \/>\n<meta property=\"article:publisher\" content=\"https:\/\/www.facebook.com\/kuzeyinsesii\" \/>\n<meta property=\"article:published_time\" content=\"2024-07-05T10:18:43+00:00\" \/>\n<meta property=\"og:image\" content=\"https:\/\/brtk.net\/wp-content\/uploads\/2024\/07\/05\/larnakalilar-gecesi-7.jpg?ver=160c80e5f72a92c51f50e661c6395315\" \/>\n<meta name=\"author\" content=\"Kuzeyin Sesi\" \/>\n<meta name=\"twitter:card\" content=\"summary_large_image\" \/>\n<meta name=\"twitter:creator\" content=\"@kuzeyinsesii\" \/>\n<meta name=\"twitter:site\" content=\"@kuzeyinsesii\" \/>\n<meta name=\"twitter:label1\" content=\"Yazan:\" \/>\n\t<meta name=\"twitter:data1\" content=\"Kuzeyin Sesi\" \/>\n\t<meta name=\"twitter:label2\" content=\"Tahmini okuma s\u00fcresi\" \/>\n\t<meta name=\"twitter:data2\" content=\"3 dakika\" \/>\n<script type=\"application\/ld+json\" class=\"yoast-schema-graph\">{\"@context\":\"https:\\\/\\\/schema.org\",\"@graph\":[{\"@type\":\"Article\",\"@id\":\"https:\\\/\\\/kuzeyinsesi.org\\\/index.php\\\/2024\\\/07\\\/05\\\/larnakalilar-gecesi-larnakalilar-ile-iskelelileri-festivalde-bulusturdu\\\/#article\",\"isPartOf\":{\"@id\":\"https:\\\/\\\/kuzeyinsesi.org\\\/index.php\\\/2024\\\/07\\\/05\\\/larnakalilar-gecesi-larnakalilar-ile-iskelelileri-festivalde-bulusturdu\\\/\"},\"author\":{\"name\":\"Kuzeyin Sesi\",\"@id\":\"https:\\\/\\\/kuzeyinsesi.org\\\/#\\\/schema\\\/person\\\/9f859689cdf01485597712386e37f5aa\"},\"headline\":\"Larnakal\u0131lar gecesi, Larnakal\u0131lar ile \u0130skelelileri festivalde bulu\u015fturdu\",\"datePublished\":\"2024-07-05T10:18:43+00:00\",\"mainEntityOfPage\":{\"@id\":\"https:\\\/\\\/kuzeyinsesi.org\\\/index.php\\\/2024\\\/07\\\/05\\\/larnakalilar-gecesi-larnakalilar-ile-iskelelileri-festivalde-bulusturdu\\\/\"},\"wordCount\":585,\"commentCount\":0,\"image\":{\"@id\":\"https:\\\/\\\/kuzeyinsesi.org\\\/index.php\\\/2024\\\/07\\\/05\\\/larnakalilar-gecesi-larnakalilar-ile-iskelelileri-festivalde-bulusturdu\\\/#primaryimage\"},\"thumbnailUrl\":\"https:\\\/\\\/kuzeyinsesi.org\\\/wp-content\\\/uploads\\\/2024\\\/07\\\/larnakalilar-gecesi-7.jpg\",\"articleSection\":[\"Ya\u015fam\"],\"inLanguage\":\"tr\",\"potentialAction\":[{\"@type\":\"CommentAction\",\"name\":\"Comment\",\"target\":[\"https:\\\/\\\/kuzeyinsesi.org\\\/index.php\\\/2024\\\/07\\\/05\\\/larnakalilar-gecesi-larnakalilar-ile-iskelelileri-festivalde-bulusturdu\\\/#respond\"]}]},{\"@type\":\"WebPage\",\"@id\":\"https:\\\/\\\/kuzeyinsesi.org\\\/index.php\\\/2024\\\/07\\\/05\\\/larnakalilar-gecesi-larnakalilar-ile-iskelelileri-festivalde-bulusturdu\\\/\",\"url\":\"https:\\\/\\\/kuzeyinsesi.org\\\/index.php\\\/2024\\\/07\\\/05\\\/larnakalilar-gecesi-larnakalilar-ile-iskelelileri-festivalde-bulusturdu\\\/\",\"name\":\"Larnakal\u0131lar gecesi, Larnakal\u0131lar ile \u0130skelelileri festivalde bulu\u015fturdu - Kuzeyin Sesi\",\"isPartOf\":{\"@id\":\"https:\\\/\\\/kuzeyinsesi.org\\\/#website\"},\"primaryImageOfPage\":{\"@id\":\"https:\\\/\\\/kuzeyinsesi.org\\\/index.php\\\/2024\\\/07\\\/05\\\/larnakalilar-gecesi-larnakalilar-ile-iskelelileri-festivalde-bulusturdu\\\/#primaryimage\"},\"image\":{\"@id\":\"https:\\\/\\\/kuzeyinsesi.org\\\/index.php\\\/2024\\\/07\\\/05\\\/larnakalilar-gecesi-larnakalilar-ile-iskelelileri-festivalde-bulusturdu\\\/#primaryimage\"},\"thumbnailUrl\":\"https:\\\/\\\/kuzeyinsesi.org\\\/wp-content\\\/uploads\\\/2024\\\/07\\\/larnakalilar-gecesi-7.jpg\",\"datePublished\":\"2024-07-05T10:18:43+00:00\",\"author\":{\"@id\":\"https:\\\/\\\/kuzeyinsesi.org\\\/#\\\/schema\\\/person\\\/9f859689cdf01485597712386e37f5aa\"},\"breadcrumb\":{\"@id\":\"https:\\\/\\\/kuzeyinsesi.org\\\/index.php\\\/2024\\\/07\\\/05\\\/larnakalilar-gecesi-larnakalilar-ile-iskelelileri-festivalde-bulusturdu\\\/#breadcrumb\"},\"inLanguage\":\"tr\",\"potentialAction\":[{\"@type\":\"ReadAction\",\"target\":[\"https:\\\/\\\/kuzeyinsesi.org\\\/index.php\\\/2024\\\/07\\\/05\\\/larnakalilar-gecesi-larnakalilar-ile-iskelelileri-festivalde-bulusturdu\\\/\"]}]},{\"@type\":\"ImageObject\",\"inLanguage\":\"tr\",\"@id\":\"https:\\\/\\\/kuzeyinsesi.org\\\/index.php\\\/2024\\\/07\\\/05\\\/larnakalilar-gecesi-larnakalilar-ile-iskelelileri-festivalde-bulusturdu\\\/#primaryimage\",\"url\":\"https:\\\/\\\/kuzeyinsesi.org\\\/wp-content\\\/uploads\\\/2024\\\/07\\\/larnakalilar-gecesi-7.jpg\",\"contentUrl\":\"https:\\\/\\\/kuzeyinsesi.org\\\/wp-content\\\/uploads\\\/2024\\\/07\\\/larnakalilar-gecesi-7.jpg\",\"width\":929,\"height\":501},{\"@type\":\"BreadcrumbList\",\"@id\":\"https:\\\/\\\/kuzeyinsesi.org\\\/index.php\\\/2024\\\/07\\\/05\\\/larnakalilar-gecesi-larnakalilar-ile-iskelelileri-festivalde-bulusturdu\\\/#breadcrumb\",\"itemListElement\":[{\"@type\":\"ListItem\",\"position\":1,\"name\":\"Anasayfa\",\"item\":\"https:\\\/\\\/kuzeyinsesi.org\\\/\"},{\"@type\":\"ListItem\",\"position\":2,\"name\":\"Larnakal\u0131lar gecesi, Larnakal\u0131lar ile \u0130skelelileri festivalde bulu\u015fturdu\"}]},{\"@type\":\"WebSite\",\"@id\":\"https:\\\/\\\/kuzeyinsesi.org\\\/#website\",\"url\":\"https:\\\/\\\/kuzeyinsesi.org\\\/\",\"name\":\"Kuzeyin Sesi\",\"description\":\"Do\u011fru Haberin Adresi\",\"potentialAction\":[{\"@type\":\"SearchAction\",\"target\":{\"@type\":\"EntryPoint\",\"urlTemplate\":\"https:\\\/\\\/kuzeyinsesi.org\\\/?s={search_term_string}\"},\"query-input\":{\"@type\":\"PropertyValueSpecification\",\"valueRequired\":true,\"valueName\":\"search_term_string\"}}],\"inLanguage\":\"tr\"},{\"@type\":\"Person\",\"@id\":\"https:\\\/\\\/kuzeyinsesi.org\\\/#\\\/schema\\\/person\\\/9f859689cdf01485597712386e37f5aa\",\"name\":\"Kuzeyin Sesi\",\"image\":{\"@type\":\"ImageObject\",\"inLanguage\":\"tr\",\"@id\":\"https:\\\/\\\/secure.gravatar.com\\\/avatar\\\/bab33852abfd8b282518d6ed81826833d77c3c882d9ab608add591ccace47a44?s=96&d=mm&r=g\",\"url\":\"https:\\\/\\\/secure.gravatar.com\\\/avatar\\\/bab33852abfd8b282518d6ed81826833d77c3c882d9ab608add591ccace47a44?s=96&d=mm&r=g\",\"contentUrl\":\"https:\\\/\\\/secure.gravatar.com\\\/avatar\\\/bab33852abfd8b282518d6ed81826833d77c3c882d9ab608add591ccace47a44?s=96&d=mm&r=g\",\"caption\":\"Kuzeyin Sesi\"},\"sameAs\":[\"https:\\\/\\\/kuzeyinsesi.org\"],\"url\":\"https:\\\/\\\/kuzeyinsesi.org\\\/index.php\\\/author\\\/guven\\\/\"}]}<\/script>\n<!-- \/ Yoast SEO plugin. -->","yoast_head_json":{"title":"Larnakal\u0131lar gecesi, Larnakal\u0131lar ile \u0130skelelileri festivalde bulu\u015fturdu - Kuzeyin Sesi","robots":{"index":"index","follow":"follow","max-snippet":"max-snippet:-1","max-image-preview":"max-image-preview:large","max-video-preview":"max-video-preview:-1"},"canonical":"https:\/\/kuzeyinsesi.org\/index.php\/2024\/07\/05\/larnakalilar-gecesi-larnakalilar-ile-iskelelileri-festivalde-bulusturdu\/","og_locale":"tr_TR","og_type":"article","og_title":"Larnakal\u0131lar gecesi, Larnakal\u0131lar ile \u0130skelelileri festivalde bulu\u015fturdu - Kuzeyin Sesi","og_description":"\u0130skele Festivali kapsam\u0131nda d\u00fcn \u201cLarnakal\u0131lar Gecesi\u201d d\u00fczenlendi. Larnakal\u0131lar\u2019a \u00f6zg\u00fc nohutlu, tavuklu pilav ile hurmal\u0131 Acuva tatl\u0131s\u0131n\u0131n da\u011f\u0131t\u0131ld\u0131\u011f\u0131 Larnakal\u0131lar Gecesi\u2019nin onur konu\u011fu \u0130brahim Kur\u015finiler ile Yahya ve orkestras\u0131 oldu. Geceye Cumhurba\u015fkan\u0131 Vekili, Cumhuriyet Meclisi Ba\u015fkan\u0131 Zorlu T\u00f6re de kat\u0131ld\u0131. -Mente\u015fo\u011flu: \u201cAmac\u0131m\u0131z; k\u00fclt\u00fcr\u00fc ya\u015fatmak ve ge\u00e7mi\u015fi anmak\u201d \u0130skele Belediyesi\u2019nden verilen bilgiye g\u00f6re, Larnakal\u0131lar Derne\u011fi Ba\u015fkan\u0131 Zarif\u015fen Mente\u015fo\u011flu [&hellip;]","og_url":"https:\/\/kuzeyinsesi.org\/index.php\/2024\/07\/05\/larnakalilar-gecesi-larnakalilar-ile-iskelelileri-festivalde-bulusturdu\/","og_site_name":"Kuzeyin Sesi","article_publisher":"https:\/\/www.facebook.com\/kuzeyinsesii","article_published_time":"2024-07-05T10:18:43+00:00","og_image":[{"url":"https:\/\/brtk.net\/wp-content\/uploads\/2024\/07\/05\/larnakalilar-gecesi-7.jpg?ver=160c80e5f72a92c51f50e661c6395315","type":"","width":"","height":""}],"author":"Kuzeyin Sesi","twitter_card":"summary_large_image","twitter_creator":"@kuzeyinsesii","twitter_site":"@kuzeyinsesii","twitter_misc":{"Yazan:":"Kuzeyin Sesi","Tahmini okuma s\u00fcresi":"3 dakika"},"schema":{"@context":"https:\/\/schema.org","@graph":[{"@type":"Article","@id":"https:\/\/kuzeyinsesi.org\/index.php\/2024\/07\/05\/larnakalilar-gecesi-larnakalilar-ile-iskelelileri-festivalde-bulusturdu\/#article","isPartOf":{"@id":"https:\/\/kuzeyinsesi.org\/index.php\/2024\/07\/05\/larnakalilar-gecesi-larnakalilar-ile-iskelelileri-festivalde-bulusturdu\/"},"author":{"name":"Kuzeyin Sesi","@id":"https:\/\/kuzeyinsesi.org\/#\/schema\/person\/9f859689cdf01485597712386e37f5aa"},"headline":"Larnakal\u0131lar gecesi, Larnakal\u0131lar ile \u0130skelelileri festivalde bulu\u015fturdu","datePublished":"2024-07-05T10:18:43+00:00","mainEntityOfPage":{"@id":"https:\/\/kuzeyinsesi.org\/index.php\/2024\/07\/05\/larnakalilar-gecesi-larnakalilar-ile-iskelelileri-festivalde-bulusturdu\/"},"wordCount":585,"commentCount":0,"image":{"@id":"https:\/\/kuzeyinsesi.org\/index.php\/2024\/07\/05\/larnakalilar-gecesi-larnakalilar-ile-iskelelileri-festivalde-bulusturdu\/#primaryimage"},"thumbnailUrl":"https:\/\/kuzeyinsesi.org\/wp-content\/uploads\/2024\/07\/larnakalilar-gecesi-7.jpg","articleSection":["Ya\u015fam"],"inLanguage":"tr","potentialAction":[{"@type":"CommentAction","name":"Comment","target":["https:\/\/kuzeyinsesi.org\/index.php\/2024\/07\/05\/larnakalilar-gecesi-larnakalilar-ile-iskelelileri-festivalde-bulusturdu\/#respond"]}]},{"@type":"WebPage","@id":"https:\/\/kuzeyinsesi.org\/index.php\/2024\/07\/05\/larnakalilar-gecesi-larnakalilar-ile-iskelelileri-festivalde-bulusturdu\/","url":"https:\/\/kuzeyinsesi.org\/index.php\/2024\/07\/05\/larnakalilar-gecesi-larnakalilar-ile-iskelelileri-festivalde-bulusturdu\/","name":"Larnakal\u0131lar gecesi, Larnakal\u0131lar ile \u0130skelelileri festivalde bulu\u015fturdu - Kuzeyin Sesi","isPartOf":{"@id":"https:\/\/kuzeyinsesi.org\/#website"},"primaryImageOfPage":{"@id":"https:\/\/kuzeyinsesi.org\/index.php\/2024\/07\/05\/larnakalilar-gecesi-larnakalilar-ile-iskelelileri-festivalde-bulusturdu\/#primaryimage"},"image":{"@id":"https:\/\/kuzeyinsesi.org\/index.php\/2024\/07\/05\/larnakalilar-gecesi-larnakalilar-ile-iskelelileri-festivalde-bulusturdu\/#primaryimage"},"thumbnailUrl":"https:\/\/kuzeyinsesi.org\/wp-content\/uploads\/2024\/07\/larnakalilar-gecesi-7.jpg","datePublished":"2024-07-05T10:18:43+00:00","author":{"@id":"https:\/\/kuzeyinsesi.org\/#\/schema\/person\/9f859689cdf01485597712386e37f5aa"},"breadcrumb":{"@id":"https:\/\/kuzeyinsesi.org\/index.php\/2024\/07\/05\/larnakalilar-gecesi-larnakalilar-ile-iskelelileri-festivalde-bulusturdu\/#breadcrumb"},"inLanguage":"tr","potentialAction":[{"@type":"ReadAction","target":["https:\/\/kuzeyinsesi.org\/index.php\/2024\/07\/05\/larnakalilar-gecesi-larnakalilar-ile-iskelelileri-festivalde-bulusturdu\/"]}]},{"@type":"ImageObject","inLanguage":"tr","@id":"https:\/\/kuzeyinsesi.org\/index.php\/2024\/07\/05\/larnakalilar-gecesi-larnakalilar-ile-iskelelileri-festivalde-bulusturdu\/#primaryimage","url":"https:\/\/kuzeyinsesi.org\/wp-content\/uploads\/2024\/07\/larnakalilar-gecesi-7.jpg","contentUrl":"https:\/\/kuzeyinsesi.org\/wp-content\/uploads\/2024\/07\/larnakalilar-gecesi-7.jpg","width":929,"height":501},{"@type":"BreadcrumbList","@id":"https:\/\/kuzeyinsesi.org\/index.php\/2024\/07\/05\/larnakalilar-gecesi-larnakalilar-ile-iskelelileri-festivalde-bulusturdu\/#breadcrumb","itemListElement":[{"@type":"ListItem","position":1,"name":"Anasayfa","item":"https:\/\/kuzeyinsesi.org\/"},{"@type":"ListItem","position":2,"name":"Larnakal\u0131lar gecesi, Larnakal\u0131lar ile \u0130skelelileri festivalde bulu\u015fturdu"}]},{"@type":"WebSite","@id":"https:\/\/kuzeyinsesi.org\/#website","url":"https:\/\/kuzeyinsesi.org\/","name":"Kuzeyin Sesi","description":"Do\u011fru Haberin Adresi","potentialAction":[{"@type":"SearchAction","target":{"@type":"EntryPoint","urlTemplate":"https:\/\/kuzeyinsesi.org\/?s={search_term_string}"},"query-input":{"@type":"PropertyValueSpecification","valueRequired":true,"valueName":"search_term_string"}}],"inLanguage":"tr"},{"@type":"Person","@id":"https:\/\/kuzeyinsesi.org\/#\/schema\/person\/9f859689cdf01485597712386e37f5aa","name":"Kuzeyin Sesi","image":{"@type":"ImageObject","inLanguage":"tr","@id":"https:\/\/secure.gravatar.com\/avatar\/bab33852abfd8b282518d6ed81826833d77c3c882d9ab608add591ccace47a44?s=96&d=mm&r=g","url":"https:\/\/secure.gravatar.com\/avatar\/bab33852abfd8b282518d6ed81826833d77c3c882d9ab608add591ccace47a44?s=96&d=mm&r=g","contentUrl":"https:\/\/secure.gravatar.com\/avatar\/bab33852abfd8b282518d6ed81826833d77c3c882d9ab608add591ccace47a44?s=96&d=mm&r=g","caption":"Kuzeyin Sesi"},"sameAs":["https:\/\/kuzeyinsesi.org"],"url":"https:\/\/kuzeyinsesi.org\/index.php\/author\/guven\/"}]}},"_links":{"self":[{"href":"https:\/\/kuzeyinsesi.org\/index.php\/wp-json\/wp\/v2\/posts\/5891","targetHints":{"allow":["GET"]}}],"collection":[{"href":"https:\/\/kuzeyinsesi.org\/index.php\/wp-json\/wp\/v2\/posts"}],"about":[{"href":"https:\/\/kuzeyinsesi.org\/index.php\/wp-json\/wp\/v2\/types\/post"}],"author":[{"embeddable":true,"href":"https:\/\/kuzeyinsesi.org\/index.php\/wp-json\/wp\/v2\/users\/1"}],"replies":[{"embeddable":true,"href":"https:\/\/kuzeyinsesi.org\/index.php\/wp-json\/wp\/v2\/comments?post=5891"}],"version-history":[{"count":0,"href":"https:\/\/kuzeyinsesi.org\/index.php\/wp-json\/wp\/v2\/posts\/5891\/revisions"}],"wp:featuredmedia":[{"embeddable":true,"href":"https:\/\/kuzeyinsesi.org\/index.php\/wp-json\/wp\/v2\/media\/5892"}],"wp:attachment":[{"href":"https:\/\/kuzeyinsesi.org\/index.php\/wp-json\/wp\/v2\/media?parent=5891"}],"wp:term":[{"taxonomy":"category","embeddable":true,"href":"https:\/\/kuzeyinsesi.org\/index.php\/wp-json\/wp\/v2\/categories?post=5891"},{"taxonomy":"post_tag","embeddable":true,"href":"https:\/\/kuzeyinsesi.org\/index.php\/wp-json\/wp\/v2\/tags?post=5891"}],"curies":[{"name":"wp","href":"https:\/\/api.w.org\/{rel}","templated":true}]}}