{"id":5883,"date":"2024-07-05T12:17:56","date_gmt":"2024-07-05T09:17:56","guid":{"rendered":"https:\/\/kuzeyinsesi.org\/index.php\/2024\/07\/05\/13-uluslararasi-karikatur-yarismasina-40-ulkeden-149-cizer-543-eserle-katildi\/"},"modified":"2024-07-05T12:17:56","modified_gmt":"2024-07-05T09:17:56","slug":"13-uluslararasi-karikatur-yarismasina-40-ulkeden-149-cizer-543-eserle-katildi","status":"publish","type":"post","link":"https:\/\/kuzeyinsesi.org\/index.php\/2024\/07\/05\/13-uluslararasi-karikatur-yarismasina-40-ulkeden-149-cizer-543-eserle-katildi\/","title":{"rendered":"13. Uluslararas\u0131 Karikat\u00fcr Yar\u0131\u015fmas\u0131\u2019na 40 \u00fclkeden 149 \u00e7izer 543 eserle kat\u0131ld\u0131"},"content":{"rendered":"<div>\n<p style=\"font-weight: 300;\"><span style=\"font-weight: 300 !important;\"><\/p>\n<div class=\"mariselle-image-container none\">\n                                            <\/div>\n<p><\/span><\/p>\n<p style=\"font-weight: 300;\"><span style=\"font-weight: 300 !important;\">\u00a040 \u00fclkeden 149 \u00e7izerin 543 eserle kat\u0131ld\u0131\u011f\u0131 13. Uluslararas\u0131 Karikat\u00fcr Yar\u0131\u015fmas\u0131\u2019nda se\u00e7ici kurul karar\u0131n\u0131 verdi.<\/span><span style=\"font-weight: 300 !important;\">\u00a0 \u00d6d\u00fcl aday adaylar\u0131n\u0131n belirleyen kurul y<\/span><span style=\"font-weight: 300 !important;\">ar\u0131\u015fman\u0131n kazananlar\u0131n\u013110 g\u00fcn i\u00e7inde duyuracak.<\/span><\/p>\n<p style=\"font-weight: 300;\"><span style=\"font-weight: 300 !important;\">Girne Belediyesi\u2019nden verilen bilgiye g\u00f6re, Girne Belediyesi ile K\u0131br\u0131s T\u00fcrk Karikat\u00fcrc\u00fcler Derne\u011fi taraf\u0131ndan 23. Uluslararas\u0131 Zeytin Festivali \u2013 Zeytin Mizah \u015eenli\u011fi 2024 kapsam\u0131nda d\u00fczenlenen \u201cZeytin\u201d ve \u201cSerbest\u201d konulu 13. Uluslararas\u0131 Karikat\u00fcr Yar\u0131\u015fmas\u0131\u2019na 40 \u00fclkeden 149 \u00e7izer, 543 eserle kat\u0131ld\u0131.<\/span><\/p>\n<p style=\"font-weight: 300;\"><span style=\"font-weight: 300 !important;\">Girne Belediye Ba\u015fkan\u0131 Murat \u015eenkul\u2019un onursal ba\u015fkanl\u0131\u011f\u0131nda, M. Serhan Gazio\u011flu (K\u0131br\u0131s), Kemal \u00d6zyurt (T\u00fcrkiye), Elif Atamaz (K\u0131br\u0131s), Olena Tsuranova (Ukrayna), Fahriye \u00c7\u0131takl\u0131 (T\u00fcrkiye), Musa Kayra (K\u0131br\u0131s), Zafer Tutkulu (K\u0131br\u0131s), Sergii Riabokon (Ukrayna) ve H\u00fcseyin \u00c7akmak\u2019tan (K\u0131br\u0131s) olu\u015fan Uluslararas\u0131 Se\u00e7ici Kurul \u00dcyeleri eserleri 1 \u2013 4 Temmuz tarihleri aras\u0131nda de\u011ferlendirdi.<\/span><\/p>\n<p style=\"font-weight: 300;\"><span style=\"font-weight: 300 !important;\">Uluslararas\u0131 Se\u00e7ici Kurul \u00dcyeleri, \u201cZeytin\u201d ve \u201cSerbest\u201d konulu dallarda toplam 46 eseri \u201c\u00d6d\u00fcl Aday Aday\u0131\u201d olarak belirleyerek oylad\u0131. \u201c\u00d6d\u00fcl Aday Aday\u0131\u201d olarak belirlenen eserler, taklit ya da kopya olup olmad\u0131klar\u0131n\u0131n belirlenebilmesi i\u00e7in bir s\u00fcre ask\u0131da kalacak. Kesin sonu\u00e7lar 10 g\u00fcn i\u00e7inde a\u00e7\u0131klanacak.<\/span><\/p>\n<p>\u00a0<\/p>\n<\/p><\/div>\n<p><script async\n                    defer\n                    crossorigin=\"anonymous\"\n                    src=\"https:\/\/connect.facebook.net\/tr_TR\/sdk.js#xfbml=1&#038;version=v3.3\"\n            ><\/script><\/p>\n","protected":false},"excerpt":{"rendered":"<p>\u00a040 \u00fclkeden 149 \u00e7izerin 543 eserle kat\u0131ld\u0131\u011f\u0131 13. Uluslararas\u0131 Karikat\u00fcr Yar\u0131\u015fmas\u0131\u2019nda se\u00e7ici kurul karar\u0131n\u0131 verdi.\u00a0 \u00d6d\u00fcl aday adaylar\u0131n\u0131n belirleyen kurul yar\u0131\u015fman\u0131n kazananlar\u0131n\u013110 g\u00fcn i\u00e7inde duyuracak. Girne Belediyesi\u2019nden verilen bilgiye g\u00f6re, Girne Belediyesi ile K\u0131br\u0131s T\u00fcrk Karikat\u00fcrc\u00fcler Derne\u011fi taraf\u0131ndan 23. Uluslararas\u0131 Zeytin Festivali \u2013 Zeytin Mizah \u015eenli\u011fi 2024 kapsam\u0131nda d\u00fczenlenen \u201cZeytin\u201d ve \u201cSerbest\u201d konulu 13. Uluslararas\u0131 [&hellip;]<\/p>\n","protected":false},"author":1,"featured_media":5884,"comment_status":"open","ping_status":"open","sticky":false,"template":"","format":"standard","meta":{"jnews-multi-image_gallery":[],"jnews_single_post":[],"jnews_primary_category":[],"jnews_social_meta":[],"jnews_override_counter":[],"footnotes":""},"categories":[6],"tags":[],"class_list":["post-5883","post","type-post","status-publish","format-standard","has-post-thumbnail","hentry","category-yasam"],"yoast_head":"<!-- This site is optimized with the Yoast SEO plugin v27.5 - https:\/\/yoast.com\/product\/yoast-seo-wordpress\/ -->\n<title>13. Uluslararas\u0131 Karikat\u00fcr Yar\u0131\u015fmas\u0131\u2019na 40 \u00fclkeden 149 \u00e7izer 543 eserle kat\u0131ld\u0131 - Kuzeyin Sesi<\/title>\n<meta name=\"robots\" content=\"index, follow, max-snippet:-1, max-image-preview:large, max-video-preview:-1\" \/>\n<link rel=\"canonical\" href=\"https:\/\/kuzeyinsesi.org\/index.php\/2024\/07\/05\/13-uluslararasi-karikatur-yarismasina-40-ulkeden-149-cizer-543-eserle-katildi\/\" \/>\n<meta property=\"og:locale\" content=\"tr_TR\" \/>\n<meta property=\"og:type\" content=\"article\" \/>\n<meta property=\"og:title\" content=\"13. Uluslararas\u0131 Karikat\u00fcr Yar\u0131\u015fmas\u0131\u2019na 40 \u00fclkeden 149 \u00e7izer 543 eserle kat\u0131ld\u0131 - Kuzeyin Sesi\" \/>\n<meta property=\"og:description\" content=\"\u00a040 \u00fclkeden 149 \u00e7izerin 543 eserle kat\u0131ld\u0131\u011f\u0131 13. Uluslararas\u0131 Karikat\u00fcr Yar\u0131\u015fmas\u0131\u2019nda se\u00e7ici kurul karar\u0131n\u0131 verdi.\u00a0 \u00d6d\u00fcl aday adaylar\u0131n\u0131n belirleyen kurul yar\u0131\u015fman\u0131n kazananlar\u0131n\u013110 g\u00fcn i\u00e7inde duyuracak. Girne Belediyesi\u2019nden verilen bilgiye g\u00f6re, Girne Belediyesi ile K\u0131br\u0131s T\u00fcrk Karikat\u00fcrc\u00fcler Derne\u011fi taraf\u0131ndan 23. Uluslararas\u0131 Zeytin Festivali \u2013 Zeytin Mizah \u015eenli\u011fi 2024 kapsam\u0131nda d\u00fczenlenen \u201cZeytin\u201d ve \u201cSerbest\u201d konulu 13. Uluslararas\u0131 [&hellip;]\" \/>\n<meta property=\"og:url\" content=\"https:\/\/kuzeyinsesi.org\/index.php\/2024\/07\/05\/13-uluslararasi-karikatur-yarismasina-40-ulkeden-149-cizer-543-eserle-katildi\/\" \/>\n<meta property=\"og:site_name\" content=\"Kuzeyin Sesi\" \/>\n<meta property=\"article:publisher\" content=\"https:\/\/www.facebook.com\/kuzeyinsesii\" \/>\n<meta property=\"article:published_time\" content=\"2024-07-05T09:17:56+00:00\" \/>\n<meta property=\"og:image\" content=\"https:\/\/brtk.net\/wp-content\/uploads\/2024\/07\/05\/girne-belediyesi-3-9.jpg?ver=20d27e195dbc85e179460721888cebe9\" \/>\n<meta name=\"author\" content=\"Kuzeyin Sesi\" \/>\n<meta name=\"twitter:card\" content=\"summary_large_image\" \/>\n<meta name=\"twitter:creator\" content=\"@kuzeyinsesii\" \/>\n<meta name=\"twitter:site\" content=\"@kuzeyinsesii\" \/>\n<meta name=\"twitter:label1\" content=\"Yazan:\" \/>\n\t<meta name=\"twitter:data1\" content=\"Kuzeyin Sesi\" \/>\n\t<meta name=\"twitter:label2\" content=\"Tahmini okuma s\u00fcresi\" \/>\n\t<meta name=\"twitter:data2\" content=\"1 dakika\" \/>\n<script type=\"application\/ld+json\" class=\"yoast-schema-graph\">{\"@context\":\"https:\\\/\\\/schema.org\",\"@graph\":[{\"@type\":\"Article\",\"@id\":\"https:\\\/\\\/kuzeyinsesi.org\\\/index.php\\\/2024\\\/07\\\/05\\\/13-uluslararasi-karikatur-yarismasina-40-ulkeden-149-cizer-543-eserle-katildi\\\/#article\",\"isPartOf\":{\"@id\":\"https:\\\/\\\/kuzeyinsesi.org\\\/index.php\\\/2024\\\/07\\\/05\\\/13-uluslararasi-karikatur-yarismasina-40-ulkeden-149-cizer-543-eserle-katildi\\\/\"},\"author\":{\"name\":\"Kuzeyin Sesi\",\"@id\":\"https:\\\/\\\/kuzeyinsesi.org\\\/#\\\/schema\\\/person\\\/9f859689cdf01485597712386e37f5aa\"},\"headline\":\"13. Uluslararas\u0131 Karikat\u00fcr Yar\u0131\u015fmas\u0131\u2019na 40 \u00fclkeden 149 \u00e7izer 543 eserle kat\u0131ld\u0131\",\"datePublished\":\"2024-07-05T09:17:56+00:00\",\"mainEntityOfPage\":{\"@id\":\"https:\\\/\\\/kuzeyinsesi.org\\\/index.php\\\/2024\\\/07\\\/05\\\/13-uluslararasi-karikatur-yarismasina-40-ulkeden-149-cizer-543-eserle-katildi\\\/\"},\"wordCount\":217,\"commentCount\":0,\"image\":{\"@id\":\"https:\\\/\\\/kuzeyinsesi.org\\\/index.php\\\/2024\\\/07\\\/05\\\/13-uluslararasi-karikatur-yarismasina-40-ulkeden-149-cizer-543-eserle-katildi\\\/#primaryimage\"},\"thumbnailUrl\":\"https:\\\/\\\/kuzeyinsesi.org\\\/wp-content\\\/uploads\\\/2024\\\/07\\\/girne-belediyesi-3-9.jpg\",\"articleSection\":[\"Ya\u015fam\"],\"inLanguage\":\"tr\",\"potentialAction\":[{\"@type\":\"CommentAction\",\"name\":\"Comment\",\"target\":[\"https:\\\/\\\/kuzeyinsesi.org\\\/index.php\\\/2024\\\/07\\\/05\\\/13-uluslararasi-karikatur-yarismasina-40-ulkeden-149-cizer-543-eserle-katildi\\\/#respond\"]}]},{\"@type\":\"WebPage\",\"@id\":\"https:\\\/\\\/kuzeyinsesi.org\\\/index.php\\\/2024\\\/07\\\/05\\\/13-uluslararasi-karikatur-yarismasina-40-ulkeden-149-cizer-543-eserle-katildi\\\/\",\"url\":\"https:\\\/\\\/kuzeyinsesi.org\\\/index.php\\\/2024\\\/07\\\/05\\\/13-uluslararasi-karikatur-yarismasina-40-ulkeden-149-cizer-543-eserle-katildi\\\/\",\"name\":\"13. Uluslararas\u0131 Karikat\u00fcr Yar\u0131\u015fmas\u0131\u2019na 40 \u00fclkeden 149 \u00e7izer 543 eserle kat\u0131ld\u0131 - Kuzeyin Sesi\",\"isPartOf\":{\"@id\":\"https:\\\/\\\/kuzeyinsesi.org\\\/#website\"},\"primaryImageOfPage\":{\"@id\":\"https:\\\/\\\/kuzeyinsesi.org\\\/index.php\\\/2024\\\/07\\\/05\\\/13-uluslararasi-karikatur-yarismasina-40-ulkeden-149-cizer-543-eserle-katildi\\\/#primaryimage\"},\"image\":{\"@id\":\"https:\\\/\\\/kuzeyinsesi.org\\\/index.php\\\/2024\\\/07\\\/05\\\/13-uluslararasi-karikatur-yarismasina-40-ulkeden-149-cizer-543-eserle-katildi\\\/#primaryimage\"},\"thumbnailUrl\":\"https:\\\/\\\/kuzeyinsesi.org\\\/wp-content\\\/uploads\\\/2024\\\/07\\\/girne-belediyesi-3-9.jpg\",\"datePublished\":\"2024-07-05T09:17:56+00:00\",\"author\":{\"@id\":\"https:\\\/\\\/kuzeyinsesi.org\\\/#\\\/schema\\\/person\\\/9f859689cdf01485597712386e37f5aa\"},\"breadcrumb\":{\"@id\":\"https:\\\/\\\/kuzeyinsesi.org\\\/index.php\\\/2024\\\/07\\\/05\\\/13-uluslararasi-karikatur-yarismasina-40-ulkeden-149-cizer-543-eserle-katildi\\\/#breadcrumb\"},\"inLanguage\":\"tr\",\"potentialAction\":[{\"@type\":\"ReadAction\",\"target\":[\"https:\\\/\\\/kuzeyinsesi.org\\\/index.php\\\/2024\\\/07\\\/05\\\/13-uluslararasi-karikatur-yarismasina-40-ulkeden-149-cizer-543-eserle-katildi\\\/\"]}]},{\"@type\":\"ImageObject\",\"inLanguage\":\"tr\",\"@id\":\"https:\\\/\\\/kuzeyinsesi.org\\\/index.php\\\/2024\\\/07\\\/05\\\/13-uluslararasi-karikatur-yarismasina-40-ulkeden-149-cizer-543-eserle-katildi\\\/#primaryimage\",\"url\":\"https:\\\/\\\/kuzeyinsesi.org\\\/wp-content\\\/uploads\\\/2024\\\/07\\\/girne-belediyesi-3-9.jpg\",\"contentUrl\":\"https:\\\/\\\/kuzeyinsesi.org\\\/wp-content\\\/uploads\\\/2024\\\/07\\\/girne-belediyesi-3-9.jpg\",\"width\":928,\"height\":581},{\"@type\":\"BreadcrumbList\",\"@id\":\"https:\\\/\\\/kuzeyinsesi.org\\\/index.php\\\/2024\\\/07\\\/05\\\/13-uluslararasi-karikatur-yarismasina-40-ulkeden-149-cizer-543-eserle-katildi\\\/#breadcrumb\",\"itemListElement\":[{\"@type\":\"ListItem\",\"position\":1,\"name\":\"Anasayfa\",\"item\":\"https:\\\/\\\/kuzeyinsesi.org\\\/\"},{\"@type\":\"ListItem\",\"position\":2,\"name\":\"13. Uluslararas\u0131 Karikat\u00fcr Yar\u0131\u015fmas\u0131\u2019na 40 \u00fclkeden 149 \u00e7izer 543 eserle kat\u0131ld\u0131\"}]},{\"@type\":\"WebSite\",\"@id\":\"https:\\\/\\\/kuzeyinsesi.org\\\/#website\",\"url\":\"https:\\\/\\\/kuzeyinsesi.org\\\/\",\"name\":\"Kuzeyin Sesi\",\"description\":\"Do\u011fru Haberin Adresi\",\"potentialAction\":[{\"@type\":\"SearchAction\",\"target\":{\"@type\":\"EntryPoint\",\"urlTemplate\":\"https:\\\/\\\/kuzeyinsesi.org\\\/?s={search_term_string}\"},\"query-input\":{\"@type\":\"PropertyValueSpecification\",\"valueRequired\":true,\"valueName\":\"search_term_string\"}}],\"inLanguage\":\"tr\"},{\"@type\":\"Person\",\"@id\":\"https:\\\/\\\/kuzeyinsesi.org\\\/#\\\/schema\\\/person\\\/9f859689cdf01485597712386e37f5aa\",\"name\":\"Kuzeyin Sesi\",\"image\":{\"@type\":\"ImageObject\",\"inLanguage\":\"tr\",\"@id\":\"https:\\\/\\\/secure.gravatar.com\\\/avatar\\\/bab33852abfd8b282518d6ed81826833d77c3c882d9ab608add591ccace47a44?s=96&d=mm&r=g\",\"url\":\"https:\\\/\\\/secure.gravatar.com\\\/avatar\\\/bab33852abfd8b282518d6ed81826833d77c3c882d9ab608add591ccace47a44?s=96&d=mm&r=g\",\"contentUrl\":\"https:\\\/\\\/secure.gravatar.com\\\/avatar\\\/bab33852abfd8b282518d6ed81826833d77c3c882d9ab608add591ccace47a44?s=96&d=mm&r=g\",\"caption\":\"Kuzeyin Sesi\"},\"sameAs\":[\"https:\\\/\\\/kuzeyinsesi.org\"],\"url\":\"https:\\\/\\\/kuzeyinsesi.org\\\/index.php\\\/author\\\/guven\\\/\"}]}<\/script>\n<!-- \/ Yoast SEO plugin. -->","yoast_head_json":{"title":"13. Uluslararas\u0131 Karikat\u00fcr Yar\u0131\u015fmas\u0131\u2019na 40 \u00fclkeden 149 \u00e7izer 543 eserle kat\u0131ld\u0131 - Kuzeyin Sesi","robots":{"index":"index","follow":"follow","max-snippet":"max-snippet:-1","max-image-preview":"max-image-preview:large","max-video-preview":"max-video-preview:-1"},"canonical":"https:\/\/kuzeyinsesi.org\/index.php\/2024\/07\/05\/13-uluslararasi-karikatur-yarismasina-40-ulkeden-149-cizer-543-eserle-katildi\/","og_locale":"tr_TR","og_type":"article","og_title":"13. Uluslararas\u0131 Karikat\u00fcr Yar\u0131\u015fmas\u0131\u2019na 40 \u00fclkeden 149 \u00e7izer 543 eserle kat\u0131ld\u0131 - Kuzeyin Sesi","og_description":"\u00a040 \u00fclkeden 149 \u00e7izerin 543 eserle kat\u0131ld\u0131\u011f\u0131 13. Uluslararas\u0131 Karikat\u00fcr Yar\u0131\u015fmas\u0131\u2019nda se\u00e7ici kurul karar\u0131n\u0131 verdi.\u00a0 \u00d6d\u00fcl aday adaylar\u0131n\u0131n belirleyen kurul yar\u0131\u015fman\u0131n kazananlar\u0131n\u013110 g\u00fcn i\u00e7inde duyuracak. Girne Belediyesi\u2019nden verilen bilgiye g\u00f6re, Girne Belediyesi ile K\u0131br\u0131s T\u00fcrk Karikat\u00fcrc\u00fcler Derne\u011fi taraf\u0131ndan 23. Uluslararas\u0131 Zeytin Festivali \u2013 Zeytin Mizah \u015eenli\u011fi 2024 kapsam\u0131nda d\u00fczenlenen \u201cZeytin\u201d ve \u201cSerbest\u201d konulu 13. Uluslararas\u0131 [&hellip;]","og_url":"https:\/\/kuzeyinsesi.org\/index.php\/2024\/07\/05\/13-uluslararasi-karikatur-yarismasina-40-ulkeden-149-cizer-543-eserle-katildi\/","og_site_name":"Kuzeyin Sesi","article_publisher":"https:\/\/www.facebook.com\/kuzeyinsesii","article_published_time":"2024-07-05T09:17:56+00:00","og_image":[{"url":"https:\/\/brtk.net\/wp-content\/uploads\/2024\/07\/05\/girne-belediyesi-3-9.jpg?ver=20d27e195dbc85e179460721888cebe9","type":"","width":"","height":""}],"author":"Kuzeyin Sesi","twitter_card":"summary_large_image","twitter_creator":"@kuzeyinsesii","twitter_site":"@kuzeyinsesii","twitter_misc":{"Yazan:":"Kuzeyin Sesi","Tahmini okuma s\u00fcresi":"1 dakika"},"schema":{"@context":"https:\/\/schema.org","@graph":[{"@type":"Article","@id":"https:\/\/kuzeyinsesi.org\/index.php\/2024\/07\/05\/13-uluslararasi-karikatur-yarismasina-40-ulkeden-149-cizer-543-eserle-katildi\/#article","isPartOf":{"@id":"https:\/\/kuzeyinsesi.org\/index.php\/2024\/07\/05\/13-uluslararasi-karikatur-yarismasina-40-ulkeden-149-cizer-543-eserle-katildi\/"},"author":{"name":"Kuzeyin Sesi","@id":"https:\/\/kuzeyinsesi.org\/#\/schema\/person\/9f859689cdf01485597712386e37f5aa"},"headline":"13. Uluslararas\u0131 Karikat\u00fcr Yar\u0131\u015fmas\u0131\u2019na 40 \u00fclkeden 149 \u00e7izer 543 eserle kat\u0131ld\u0131","datePublished":"2024-07-05T09:17:56+00:00","mainEntityOfPage":{"@id":"https:\/\/kuzeyinsesi.org\/index.php\/2024\/07\/05\/13-uluslararasi-karikatur-yarismasina-40-ulkeden-149-cizer-543-eserle-katildi\/"},"wordCount":217,"commentCount":0,"image":{"@id":"https:\/\/kuzeyinsesi.org\/index.php\/2024\/07\/05\/13-uluslararasi-karikatur-yarismasina-40-ulkeden-149-cizer-543-eserle-katildi\/#primaryimage"},"thumbnailUrl":"https:\/\/kuzeyinsesi.org\/wp-content\/uploads\/2024\/07\/girne-belediyesi-3-9.jpg","articleSection":["Ya\u015fam"],"inLanguage":"tr","potentialAction":[{"@type":"CommentAction","name":"Comment","target":["https:\/\/kuzeyinsesi.org\/index.php\/2024\/07\/05\/13-uluslararasi-karikatur-yarismasina-40-ulkeden-149-cizer-543-eserle-katildi\/#respond"]}]},{"@type":"WebPage","@id":"https:\/\/kuzeyinsesi.org\/index.php\/2024\/07\/05\/13-uluslararasi-karikatur-yarismasina-40-ulkeden-149-cizer-543-eserle-katildi\/","url":"https:\/\/kuzeyinsesi.org\/index.php\/2024\/07\/05\/13-uluslararasi-karikatur-yarismasina-40-ulkeden-149-cizer-543-eserle-katildi\/","name":"13. Uluslararas\u0131 Karikat\u00fcr Yar\u0131\u015fmas\u0131\u2019na 40 \u00fclkeden 149 \u00e7izer 543 eserle kat\u0131ld\u0131 - Kuzeyin Sesi","isPartOf":{"@id":"https:\/\/kuzeyinsesi.org\/#website"},"primaryImageOfPage":{"@id":"https:\/\/kuzeyinsesi.org\/index.php\/2024\/07\/05\/13-uluslararasi-karikatur-yarismasina-40-ulkeden-149-cizer-543-eserle-katildi\/#primaryimage"},"image":{"@id":"https:\/\/kuzeyinsesi.org\/index.php\/2024\/07\/05\/13-uluslararasi-karikatur-yarismasina-40-ulkeden-149-cizer-543-eserle-katildi\/#primaryimage"},"thumbnailUrl":"https:\/\/kuzeyinsesi.org\/wp-content\/uploads\/2024\/07\/girne-belediyesi-3-9.jpg","datePublished":"2024-07-05T09:17:56+00:00","author":{"@id":"https:\/\/kuzeyinsesi.org\/#\/schema\/person\/9f859689cdf01485597712386e37f5aa"},"breadcrumb":{"@id":"https:\/\/kuzeyinsesi.org\/index.php\/2024\/07\/05\/13-uluslararasi-karikatur-yarismasina-40-ulkeden-149-cizer-543-eserle-katildi\/#breadcrumb"},"inLanguage":"tr","potentialAction":[{"@type":"ReadAction","target":["https:\/\/kuzeyinsesi.org\/index.php\/2024\/07\/05\/13-uluslararasi-karikatur-yarismasina-40-ulkeden-149-cizer-543-eserle-katildi\/"]}]},{"@type":"ImageObject","inLanguage":"tr","@id":"https:\/\/kuzeyinsesi.org\/index.php\/2024\/07\/05\/13-uluslararasi-karikatur-yarismasina-40-ulkeden-149-cizer-543-eserle-katildi\/#primaryimage","url":"https:\/\/kuzeyinsesi.org\/wp-content\/uploads\/2024\/07\/girne-belediyesi-3-9.jpg","contentUrl":"https:\/\/kuzeyinsesi.org\/wp-content\/uploads\/2024\/07\/girne-belediyesi-3-9.jpg","width":928,"height":581},{"@type":"BreadcrumbList","@id":"https:\/\/kuzeyinsesi.org\/index.php\/2024\/07\/05\/13-uluslararasi-karikatur-yarismasina-40-ulkeden-149-cizer-543-eserle-katildi\/#breadcrumb","itemListElement":[{"@type":"ListItem","position":1,"name":"Anasayfa","item":"https:\/\/kuzeyinsesi.org\/"},{"@type":"ListItem","position":2,"name":"13. Uluslararas\u0131 Karikat\u00fcr Yar\u0131\u015fmas\u0131\u2019na 40 \u00fclkeden 149 \u00e7izer 543 eserle kat\u0131ld\u0131"}]},{"@type":"WebSite","@id":"https:\/\/kuzeyinsesi.org\/#website","url":"https:\/\/kuzeyinsesi.org\/","name":"Kuzeyin Sesi","description":"Do\u011fru Haberin Adresi","potentialAction":[{"@type":"SearchAction","target":{"@type":"EntryPoint","urlTemplate":"https:\/\/kuzeyinsesi.org\/?s={search_term_string}"},"query-input":{"@type":"PropertyValueSpecification","valueRequired":true,"valueName":"search_term_string"}}],"inLanguage":"tr"},{"@type":"Person","@id":"https:\/\/kuzeyinsesi.org\/#\/schema\/person\/9f859689cdf01485597712386e37f5aa","name":"Kuzeyin Sesi","image":{"@type":"ImageObject","inLanguage":"tr","@id":"https:\/\/secure.gravatar.com\/avatar\/bab33852abfd8b282518d6ed81826833d77c3c882d9ab608add591ccace47a44?s=96&d=mm&r=g","url":"https:\/\/secure.gravatar.com\/avatar\/bab33852abfd8b282518d6ed81826833d77c3c882d9ab608add591ccace47a44?s=96&d=mm&r=g","contentUrl":"https:\/\/secure.gravatar.com\/avatar\/bab33852abfd8b282518d6ed81826833d77c3c882d9ab608add591ccace47a44?s=96&d=mm&r=g","caption":"Kuzeyin Sesi"},"sameAs":["https:\/\/kuzeyinsesi.org"],"url":"https:\/\/kuzeyinsesi.org\/index.php\/author\/guven\/"}]}},"_links":{"self":[{"href":"https:\/\/kuzeyinsesi.org\/index.php\/wp-json\/wp\/v2\/posts\/5883","targetHints":{"allow":["GET"]}}],"collection":[{"href":"https:\/\/kuzeyinsesi.org\/index.php\/wp-json\/wp\/v2\/posts"}],"about":[{"href":"https:\/\/kuzeyinsesi.org\/index.php\/wp-json\/wp\/v2\/types\/post"}],"author":[{"embeddable":true,"href":"https:\/\/kuzeyinsesi.org\/index.php\/wp-json\/wp\/v2\/users\/1"}],"replies":[{"embeddable":true,"href":"https:\/\/kuzeyinsesi.org\/index.php\/wp-json\/wp\/v2\/comments?post=5883"}],"version-history":[{"count":0,"href":"https:\/\/kuzeyinsesi.org\/index.php\/wp-json\/wp\/v2\/posts\/5883\/revisions"}],"wp:featuredmedia":[{"embeddable":true,"href":"https:\/\/kuzeyinsesi.org\/index.php\/wp-json\/wp\/v2\/media\/5884"}],"wp:attachment":[{"href":"https:\/\/kuzeyinsesi.org\/index.php\/wp-json\/wp\/v2\/media?parent=5883"}],"wp:term":[{"taxonomy":"category","embeddable":true,"href":"https:\/\/kuzeyinsesi.org\/index.php\/wp-json\/wp\/v2\/categories?post=5883"},{"taxonomy":"post_tag","embeddable":true,"href":"https:\/\/kuzeyinsesi.org\/index.php\/wp-json\/wp\/v2\/tags?post=5883"}],"curies":[{"name":"wp","href":"https:\/\/api.w.org\/{rel}","templated":true}]}}