{"id":5879,"date":"2024-07-05T11:13:39","date_gmt":"2024-07-05T08:13:39","guid":{"rendered":"https:\/\/kuzeyinsesi.org\/index.php\/2024\/07\/05\/engeli-yasamak-sergisi-sali-gunu-aciliyor\/"},"modified":"2024-07-05T11:13:39","modified_gmt":"2024-07-05T08:13:39","slug":"engeli-yasamak-sergisi-sali-gunu-aciliyor","status":"publish","type":"post","link":"https:\/\/kuzeyinsesi.org\/index.php\/2024\/07\/05\/engeli-yasamak-sergisi-sali-gunu-aciliyor\/","title":{"rendered":"\u201cEngeli Ya\u015famak\u201d sergisi Sal\u0131 g\u00fcn\u00fc a\u00e7\u0131l\u0131yor"},"content":{"rendered":"<div>\n<blockquote>\n<div class=\"mariselle-image-container none\">\n                                            <\/div>\n<\/blockquote>\n<p style=\"font-weight: 300;\">K\u0131br\u0131s T\u00fcrk Foto\u011fraf Derne\u011fi \u00fcyelerinin foto\u011fraflar\u0131ndan olu\u015fan \u201cEngeli Ya\u015famak\u201d sergisi Sal\u0131 g\u00fcn\u00fc Lefko\u015fa Atat\u00fcrk K\u00fclt\u00fcr Merkezi\u2019nde a\u00e7\u0131l\u0131yor.<\/p>\n<p style=\"font-weight: 300;\">A\u00e7\u0131l\u0131\u015f\u0131 saat 20.00\u2019de yap\u0131lacak sergi 19 Temmuz\u2019a kadar ziyaret edilebilecek. Serginin l\u00fcrat\u00f6rl\u00fc\u011f\u00fcn\u00fc \u0130smail G\u00f6k\u00e7e\u2019nin yapt\u0131.<\/p>\n<p>\u00a0<\/p>\n<\/p><\/div>\n<p><script async\n                    defer\n                    crossorigin=\"anonymous\"\n                    src=\"https:\/\/connect.facebook.net\/tr_TR\/sdk.js#xfbml=1&#038;version=v3.3\"\n            ><\/script><\/p>\n","protected":false},"excerpt":{"rendered":"<p>K\u0131br\u0131s T\u00fcrk Foto\u011fraf Derne\u011fi \u00fcyelerinin foto\u011fraflar\u0131ndan olu\u015fan \u201cEngeli Ya\u015famak\u201d sergisi Sal\u0131 g\u00fcn\u00fc Lefko\u015fa Atat\u00fcrk K\u00fclt\u00fcr Merkezi\u2019nde a\u00e7\u0131l\u0131yor. A\u00e7\u0131l\u0131\u015f\u0131 saat 20.00\u2019de yap\u0131lacak sergi 19 Temmuz\u2019a kadar ziyaret edilebilecek. Serginin l\u00fcrat\u00f6rl\u00fc\u011f\u00fcn\u00fc \u0130smail G\u00f6k\u00e7e\u2019nin yapt\u0131. \u00a0<\/p>\n","protected":false},"author":1,"featured_media":5880,"comment_status":"open","ping_status":"open","sticky":false,"template":"","format":"standard","meta":{"jnews-multi-image_gallery":[],"jnews_single_post":[],"jnews_primary_category":[],"jnews_social_meta":[],"jnews_override_counter":[],"footnotes":""},"categories":[6],"tags":[],"class_list":["post-5879","post","type-post","status-publish","format-standard","has-post-thumbnail","hentry","category-yasam"],"yoast_head":"<!-- This site is optimized with the Yoast SEO plugin v27.5 - https:\/\/yoast.com\/product\/yoast-seo-wordpress\/ -->\n<title>\u201cEngeli Ya\u015famak\u201d sergisi Sal\u0131 g\u00fcn\u00fc a\u00e7\u0131l\u0131yor - Kuzeyin Sesi<\/title>\n<meta name=\"robots\" content=\"index, follow, max-snippet:-1, max-image-preview:large, max-video-preview:-1\" \/>\n<link rel=\"canonical\" href=\"https:\/\/kuzeyinsesi.org\/index.php\/2024\/07\/05\/engeli-yasamak-sergisi-sali-gunu-aciliyor\/\" \/>\n<meta property=\"og:locale\" content=\"tr_TR\" \/>\n<meta property=\"og:type\" content=\"article\" \/>\n<meta property=\"og:title\" content=\"\u201cEngeli Ya\u015famak\u201d sergisi Sal\u0131 g\u00fcn\u00fc a\u00e7\u0131l\u0131yor - Kuzeyin Sesi\" \/>\n<meta property=\"og:description\" content=\"K\u0131br\u0131s T\u00fcrk Foto\u011fraf Derne\u011fi \u00fcyelerinin foto\u011fraflar\u0131ndan olu\u015fan \u201cEngeli Ya\u015famak\u201d sergisi Sal\u0131 g\u00fcn\u00fc Lefko\u015fa Atat\u00fcrk K\u00fclt\u00fcr Merkezi\u2019nde a\u00e7\u0131l\u0131yor. A\u00e7\u0131l\u0131\u015f\u0131 saat 20.00\u2019de yap\u0131lacak sergi 19 Temmuz\u2019a kadar ziyaret edilebilecek. Serginin l\u00fcrat\u00f6rl\u00fc\u011f\u00fcn\u00fc \u0130smail G\u00f6k\u00e7e\u2019nin yapt\u0131. \u00a0\" \/>\n<meta property=\"og:url\" content=\"https:\/\/kuzeyinsesi.org\/index.php\/2024\/07\/05\/engeli-yasamak-sergisi-sali-gunu-aciliyor\/\" \/>\n<meta property=\"og:site_name\" content=\"Kuzeyin Sesi\" \/>\n<meta property=\"article:publisher\" content=\"https:\/\/www.facebook.com\/kuzeyinsesii\" \/>\n<meta property=\"article:published_time\" content=\"2024-07-05T08:13:39+00:00\" \/>\n<meta property=\"og:image\" content=\"https:\/\/brtk.net\/wp-content\/uploads\/2024\/07\/05\/foder-sergi.jpeg?ver=3513edcfa52478529fa7acdc83d25a7c\" \/>\n<meta name=\"author\" content=\"Kuzeyin Sesi\" \/>\n<meta name=\"twitter:card\" content=\"summary_large_image\" \/>\n<meta name=\"twitter:creator\" content=\"@kuzeyinsesii\" \/>\n<meta name=\"twitter:site\" content=\"@kuzeyinsesii\" \/>\n<meta name=\"twitter:label1\" content=\"Yazan:\" \/>\n\t<meta name=\"twitter:data1\" content=\"Kuzeyin Sesi\" \/>\n<script type=\"application\/ld+json\" class=\"yoast-schema-graph\">{\"@context\":\"https:\\\/\\\/schema.org\",\"@graph\":[{\"@type\":\"Article\",\"@id\":\"https:\\\/\\\/kuzeyinsesi.org\\\/index.php\\\/2024\\\/07\\\/05\\\/engeli-yasamak-sergisi-sali-gunu-aciliyor\\\/#article\",\"isPartOf\":{\"@id\":\"https:\\\/\\\/kuzeyinsesi.org\\\/index.php\\\/2024\\\/07\\\/05\\\/engeli-yasamak-sergisi-sali-gunu-aciliyor\\\/\"},\"author\":{\"name\":\"Kuzeyin Sesi\",\"@id\":\"https:\\\/\\\/kuzeyinsesi.org\\\/#\\\/schema\\\/person\\\/9f859689cdf01485597712386e37f5aa\"},\"headline\":\"\u201cEngeli Ya\u015famak\u201d sergisi Sal\u0131 g\u00fcn\u00fc a\u00e7\u0131l\u0131yor\",\"datePublished\":\"2024-07-05T08:13:39+00:00\",\"mainEntityOfPage\":{\"@id\":\"https:\\\/\\\/kuzeyinsesi.org\\\/index.php\\\/2024\\\/07\\\/05\\\/engeli-yasamak-sergisi-sali-gunu-aciliyor\\\/\"},\"wordCount\":67,\"commentCount\":0,\"image\":{\"@id\":\"https:\\\/\\\/kuzeyinsesi.org\\\/index.php\\\/2024\\\/07\\\/05\\\/engeli-yasamak-sergisi-sali-gunu-aciliyor\\\/#primaryimage\"},\"thumbnailUrl\":\"https:\\\/\\\/kuzeyinsesi.org\\\/wp-content\\\/uploads\\\/2024\\\/07\\\/foder-sergi.jpeg\",\"articleSection\":[\"Ya\u015fam\"],\"inLanguage\":\"tr\",\"potentialAction\":[{\"@type\":\"CommentAction\",\"name\":\"Comment\",\"target\":[\"https:\\\/\\\/kuzeyinsesi.org\\\/index.php\\\/2024\\\/07\\\/05\\\/engeli-yasamak-sergisi-sali-gunu-aciliyor\\\/#respond\"]}]},{\"@type\":\"WebPage\",\"@id\":\"https:\\\/\\\/kuzeyinsesi.org\\\/index.php\\\/2024\\\/07\\\/05\\\/engeli-yasamak-sergisi-sali-gunu-aciliyor\\\/\",\"url\":\"https:\\\/\\\/kuzeyinsesi.org\\\/index.php\\\/2024\\\/07\\\/05\\\/engeli-yasamak-sergisi-sali-gunu-aciliyor\\\/\",\"name\":\"\u201cEngeli Ya\u015famak\u201d sergisi Sal\u0131 g\u00fcn\u00fc a\u00e7\u0131l\u0131yor - Kuzeyin Sesi\",\"isPartOf\":{\"@id\":\"https:\\\/\\\/kuzeyinsesi.org\\\/#website\"},\"primaryImageOfPage\":{\"@id\":\"https:\\\/\\\/kuzeyinsesi.org\\\/index.php\\\/2024\\\/07\\\/05\\\/engeli-yasamak-sergisi-sali-gunu-aciliyor\\\/#primaryimage\"},\"image\":{\"@id\":\"https:\\\/\\\/kuzeyinsesi.org\\\/index.php\\\/2024\\\/07\\\/05\\\/engeli-yasamak-sergisi-sali-gunu-aciliyor\\\/#primaryimage\"},\"thumbnailUrl\":\"https:\\\/\\\/kuzeyinsesi.org\\\/wp-content\\\/uploads\\\/2024\\\/07\\\/foder-sergi.jpeg\",\"datePublished\":\"2024-07-05T08:13:39+00:00\",\"author\":{\"@id\":\"https:\\\/\\\/kuzeyinsesi.org\\\/#\\\/schema\\\/person\\\/9f859689cdf01485597712386e37f5aa\"},\"breadcrumb\":{\"@id\":\"https:\\\/\\\/kuzeyinsesi.org\\\/index.php\\\/2024\\\/07\\\/05\\\/engeli-yasamak-sergisi-sali-gunu-aciliyor\\\/#breadcrumb\"},\"inLanguage\":\"tr\",\"potentialAction\":[{\"@type\":\"ReadAction\",\"target\":[\"https:\\\/\\\/kuzeyinsesi.org\\\/index.php\\\/2024\\\/07\\\/05\\\/engeli-yasamak-sergisi-sali-gunu-aciliyor\\\/\"]}]},{\"@type\":\"ImageObject\",\"inLanguage\":\"tr\",\"@id\":\"https:\\\/\\\/kuzeyinsesi.org\\\/index.php\\\/2024\\\/07\\\/05\\\/engeli-yasamak-sergisi-sali-gunu-aciliyor\\\/#primaryimage\",\"url\":\"https:\\\/\\\/kuzeyinsesi.org\\\/wp-content\\\/uploads\\\/2024\\\/07\\\/foder-sergi.jpeg\",\"contentUrl\":\"https:\\\/\\\/kuzeyinsesi.org\\\/wp-content\\\/uploads\\\/2024\\\/07\\\/foder-sergi.jpeg\",\"width\":1241,\"height\":650},{\"@type\":\"BreadcrumbList\",\"@id\":\"https:\\\/\\\/kuzeyinsesi.org\\\/index.php\\\/2024\\\/07\\\/05\\\/engeli-yasamak-sergisi-sali-gunu-aciliyor\\\/#breadcrumb\",\"itemListElement\":[{\"@type\":\"ListItem\",\"position\":1,\"name\":\"Anasayfa\",\"item\":\"https:\\\/\\\/kuzeyinsesi.org\\\/\"},{\"@type\":\"ListItem\",\"position\":2,\"name\":\"\u201cEngeli Ya\u015famak\u201d sergisi Sal\u0131 g\u00fcn\u00fc a\u00e7\u0131l\u0131yor\"}]},{\"@type\":\"WebSite\",\"@id\":\"https:\\\/\\\/kuzeyinsesi.org\\\/#website\",\"url\":\"https:\\\/\\\/kuzeyinsesi.org\\\/\",\"name\":\"Kuzeyin Sesi\",\"description\":\"Do\u011fru Haberin Adresi\",\"potentialAction\":[{\"@type\":\"SearchAction\",\"target\":{\"@type\":\"EntryPoint\",\"urlTemplate\":\"https:\\\/\\\/kuzeyinsesi.org\\\/?s={search_term_string}\"},\"query-input\":{\"@type\":\"PropertyValueSpecification\",\"valueRequired\":true,\"valueName\":\"search_term_string\"}}],\"inLanguage\":\"tr\"},{\"@type\":\"Person\",\"@id\":\"https:\\\/\\\/kuzeyinsesi.org\\\/#\\\/schema\\\/person\\\/9f859689cdf01485597712386e37f5aa\",\"name\":\"Kuzeyin Sesi\",\"image\":{\"@type\":\"ImageObject\",\"inLanguage\":\"tr\",\"@id\":\"https:\\\/\\\/secure.gravatar.com\\\/avatar\\\/bab33852abfd8b282518d6ed81826833d77c3c882d9ab608add591ccace47a44?s=96&d=mm&r=g\",\"url\":\"https:\\\/\\\/secure.gravatar.com\\\/avatar\\\/bab33852abfd8b282518d6ed81826833d77c3c882d9ab608add591ccace47a44?s=96&d=mm&r=g\",\"contentUrl\":\"https:\\\/\\\/secure.gravatar.com\\\/avatar\\\/bab33852abfd8b282518d6ed81826833d77c3c882d9ab608add591ccace47a44?s=96&d=mm&r=g\",\"caption\":\"Kuzeyin Sesi\"},\"sameAs\":[\"https:\\\/\\\/kuzeyinsesi.org\"],\"url\":\"https:\\\/\\\/kuzeyinsesi.org\\\/index.php\\\/author\\\/guven\\\/\"}]}<\/script>\n<!-- \/ Yoast SEO plugin. -->","yoast_head_json":{"title":"\u201cEngeli Ya\u015famak\u201d sergisi Sal\u0131 g\u00fcn\u00fc a\u00e7\u0131l\u0131yor - Kuzeyin Sesi","robots":{"index":"index","follow":"follow","max-snippet":"max-snippet:-1","max-image-preview":"max-image-preview:large","max-video-preview":"max-video-preview:-1"},"canonical":"https:\/\/kuzeyinsesi.org\/index.php\/2024\/07\/05\/engeli-yasamak-sergisi-sali-gunu-aciliyor\/","og_locale":"tr_TR","og_type":"article","og_title":"\u201cEngeli Ya\u015famak\u201d sergisi Sal\u0131 g\u00fcn\u00fc a\u00e7\u0131l\u0131yor - Kuzeyin Sesi","og_description":"K\u0131br\u0131s T\u00fcrk Foto\u011fraf Derne\u011fi \u00fcyelerinin foto\u011fraflar\u0131ndan olu\u015fan \u201cEngeli Ya\u015famak\u201d sergisi Sal\u0131 g\u00fcn\u00fc Lefko\u015fa Atat\u00fcrk K\u00fclt\u00fcr Merkezi\u2019nde a\u00e7\u0131l\u0131yor. A\u00e7\u0131l\u0131\u015f\u0131 saat 20.00\u2019de yap\u0131lacak sergi 19 Temmuz\u2019a kadar ziyaret edilebilecek. Serginin l\u00fcrat\u00f6rl\u00fc\u011f\u00fcn\u00fc \u0130smail G\u00f6k\u00e7e\u2019nin yapt\u0131. \u00a0","og_url":"https:\/\/kuzeyinsesi.org\/index.php\/2024\/07\/05\/engeli-yasamak-sergisi-sali-gunu-aciliyor\/","og_site_name":"Kuzeyin Sesi","article_publisher":"https:\/\/www.facebook.com\/kuzeyinsesii","article_published_time":"2024-07-05T08:13:39+00:00","og_image":[{"url":"https:\/\/brtk.net\/wp-content\/uploads\/2024\/07\/05\/foder-sergi.jpeg?ver=3513edcfa52478529fa7acdc83d25a7c","type":"","width":"","height":""}],"author":"Kuzeyin Sesi","twitter_card":"summary_large_image","twitter_creator":"@kuzeyinsesii","twitter_site":"@kuzeyinsesii","twitter_misc":{"Yazan:":"Kuzeyin Sesi"},"schema":{"@context":"https:\/\/schema.org","@graph":[{"@type":"Article","@id":"https:\/\/kuzeyinsesi.org\/index.php\/2024\/07\/05\/engeli-yasamak-sergisi-sali-gunu-aciliyor\/#article","isPartOf":{"@id":"https:\/\/kuzeyinsesi.org\/index.php\/2024\/07\/05\/engeli-yasamak-sergisi-sali-gunu-aciliyor\/"},"author":{"name":"Kuzeyin Sesi","@id":"https:\/\/kuzeyinsesi.org\/#\/schema\/person\/9f859689cdf01485597712386e37f5aa"},"headline":"\u201cEngeli Ya\u015famak\u201d sergisi Sal\u0131 g\u00fcn\u00fc a\u00e7\u0131l\u0131yor","datePublished":"2024-07-05T08:13:39+00:00","mainEntityOfPage":{"@id":"https:\/\/kuzeyinsesi.org\/index.php\/2024\/07\/05\/engeli-yasamak-sergisi-sali-gunu-aciliyor\/"},"wordCount":67,"commentCount":0,"image":{"@id":"https:\/\/kuzeyinsesi.org\/index.php\/2024\/07\/05\/engeli-yasamak-sergisi-sali-gunu-aciliyor\/#primaryimage"},"thumbnailUrl":"https:\/\/kuzeyinsesi.org\/wp-content\/uploads\/2024\/07\/foder-sergi.jpeg","articleSection":["Ya\u015fam"],"inLanguage":"tr","potentialAction":[{"@type":"CommentAction","name":"Comment","target":["https:\/\/kuzeyinsesi.org\/index.php\/2024\/07\/05\/engeli-yasamak-sergisi-sali-gunu-aciliyor\/#respond"]}]},{"@type":"WebPage","@id":"https:\/\/kuzeyinsesi.org\/index.php\/2024\/07\/05\/engeli-yasamak-sergisi-sali-gunu-aciliyor\/","url":"https:\/\/kuzeyinsesi.org\/index.php\/2024\/07\/05\/engeli-yasamak-sergisi-sali-gunu-aciliyor\/","name":"\u201cEngeli Ya\u015famak\u201d sergisi Sal\u0131 g\u00fcn\u00fc a\u00e7\u0131l\u0131yor - Kuzeyin Sesi","isPartOf":{"@id":"https:\/\/kuzeyinsesi.org\/#website"},"primaryImageOfPage":{"@id":"https:\/\/kuzeyinsesi.org\/index.php\/2024\/07\/05\/engeli-yasamak-sergisi-sali-gunu-aciliyor\/#primaryimage"},"image":{"@id":"https:\/\/kuzeyinsesi.org\/index.php\/2024\/07\/05\/engeli-yasamak-sergisi-sali-gunu-aciliyor\/#primaryimage"},"thumbnailUrl":"https:\/\/kuzeyinsesi.org\/wp-content\/uploads\/2024\/07\/foder-sergi.jpeg","datePublished":"2024-07-05T08:13:39+00:00","author":{"@id":"https:\/\/kuzeyinsesi.org\/#\/schema\/person\/9f859689cdf01485597712386e37f5aa"},"breadcrumb":{"@id":"https:\/\/kuzeyinsesi.org\/index.php\/2024\/07\/05\/engeli-yasamak-sergisi-sali-gunu-aciliyor\/#breadcrumb"},"inLanguage":"tr","potentialAction":[{"@type":"ReadAction","target":["https:\/\/kuzeyinsesi.org\/index.php\/2024\/07\/05\/engeli-yasamak-sergisi-sali-gunu-aciliyor\/"]}]},{"@type":"ImageObject","inLanguage":"tr","@id":"https:\/\/kuzeyinsesi.org\/index.php\/2024\/07\/05\/engeli-yasamak-sergisi-sali-gunu-aciliyor\/#primaryimage","url":"https:\/\/kuzeyinsesi.org\/wp-content\/uploads\/2024\/07\/foder-sergi.jpeg","contentUrl":"https:\/\/kuzeyinsesi.org\/wp-content\/uploads\/2024\/07\/foder-sergi.jpeg","width":1241,"height":650},{"@type":"BreadcrumbList","@id":"https:\/\/kuzeyinsesi.org\/index.php\/2024\/07\/05\/engeli-yasamak-sergisi-sali-gunu-aciliyor\/#breadcrumb","itemListElement":[{"@type":"ListItem","position":1,"name":"Anasayfa","item":"https:\/\/kuzeyinsesi.org\/"},{"@type":"ListItem","position":2,"name":"\u201cEngeli Ya\u015famak\u201d sergisi Sal\u0131 g\u00fcn\u00fc a\u00e7\u0131l\u0131yor"}]},{"@type":"WebSite","@id":"https:\/\/kuzeyinsesi.org\/#website","url":"https:\/\/kuzeyinsesi.org\/","name":"Kuzeyin Sesi","description":"Do\u011fru Haberin Adresi","potentialAction":[{"@type":"SearchAction","target":{"@type":"EntryPoint","urlTemplate":"https:\/\/kuzeyinsesi.org\/?s={search_term_string}"},"query-input":{"@type":"PropertyValueSpecification","valueRequired":true,"valueName":"search_term_string"}}],"inLanguage":"tr"},{"@type":"Person","@id":"https:\/\/kuzeyinsesi.org\/#\/schema\/person\/9f859689cdf01485597712386e37f5aa","name":"Kuzeyin Sesi","image":{"@type":"ImageObject","inLanguage":"tr","@id":"https:\/\/secure.gravatar.com\/avatar\/bab33852abfd8b282518d6ed81826833d77c3c882d9ab608add591ccace47a44?s=96&d=mm&r=g","url":"https:\/\/secure.gravatar.com\/avatar\/bab33852abfd8b282518d6ed81826833d77c3c882d9ab608add591ccace47a44?s=96&d=mm&r=g","contentUrl":"https:\/\/secure.gravatar.com\/avatar\/bab33852abfd8b282518d6ed81826833d77c3c882d9ab608add591ccace47a44?s=96&d=mm&r=g","caption":"Kuzeyin Sesi"},"sameAs":["https:\/\/kuzeyinsesi.org"],"url":"https:\/\/kuzeyinsesi.org\/index.php\/author\/guven\/"}]}},"_links":{"self":[{"href":"https:\/\/kuzeyinsesi.org\/index.php\/wp-json\/wp\/v2\/posts\/5879","targetHints":{"allow":["GET"]}}],"collection":[{"href":"https:\/\/kuzeyinsesi.org\/index.php\/wp-json\/wp\/v2\/posts"}],"about":[{"href":"https:\/\/kuzeyinsesi.org\/index.php\/wp-json\/wp\/v2\/types\/post"}],"author":[{"embeddable":true,"href":"https:\/\/kuzeyinsesi.org\/index.php\/wp-json\/wp\/v2\/users\/1"}],"replies":[{"embeddable":true,"href":"https:\/\/kuzeyinsesi.org\/index.php\/wp-json\/wp\/v2\/comments?post=5879"}],"version-history":[{"count":0,"href":"https:\/\/kuzeyinsesi.org\/index.php\/wp-json\/wp\/v2\/posts\/5879\/revisions"}],"wp:featuredmedia":[{"embeddable":true,"href":"https:\/\/kuzeyinsesi.org\/index.php\/wp-json\/wp\/v2\/media\/5880"}],"wp:attachment":[{"href":"https:\/\/kuzeyinsesi.org\/index.php\/wp-json\/wp\/v2\/media?parent=5879"}],"wp:term":[{"taxonomy":"category","embeddable":true,"href":"https:\/\/kuzeyinsesi.org\/index.php\/wp-json\/wp\/v2\/categories?post=5879"},{"taxonomy":"post_tag","embeddable":true,"href":"https:\/\/kuzeyinsesi.org\/index.php\/wp-json\/wp\/v2\/tags?post=5879"}],"curies":[{"name":"wp","href":"https:\/\/api.w.org\/{rel}","templated":true}]}}