{"id":5847,"date":"2024-07-04T13:09:35","date_gmt":"2024-07-04T10:09:35","guid":{"rendered":"https:\/\/kuzeyinsesi.org\/index.php\/2024\/07\/04\/52-iskele-festivali-devam-ediyor\/"},"modified":"2024-07-04T13:09:35","modified_gmt":"2024-07-04T10:09:35","slug":"52-iskele-festivali-devam-ediyor","status":"publish","type":"post","link":"https:\/\/kuzeyinsesi.org\/index.php\/2024\/07\/04\/52-iskele-festivali-devam-ediyor\/","title":{"rendered":"52. \u0130skele Festivali devam ediyor"},"content":{"rendered":"<div>\n<div class=\"mariselle-image-container center\">\n                                            <\/div>\n<p>52. Geleneksel \u0130skele Festivali d\u00fcn K\u0131br\u0131s Mutfa\u011f\u0131ndan Lezzetler Yar\u0131\u015fmas\u0131 ve geleneksel K\u0131br\u0131s T\u00fcrk Gecesi ile devam etti.<\/p>\n<p>\u0130skele Belediyesinden verilen bilgiye g\u00f6re, Halk Danslar\u0131 Festivaline kat\u0131lan konuk \u00fclkelerin de yak\u0131ndan izledi\u011fi etkinlik, \u00f6zel tatlar\u0131n ikram\u0131yla son buldu.<\/p>\n<p>\u0130skele Belediyesi K\u00fclt\u00fcr Evi\u2019nde yap\u0131lan ve 8 ki\u015finin kat\u0131ld\u0131\u011f\u0131 yar\u0131\u015fman\u0131n j\u00fcrisinde \u0130skele Belediyesi Asba\u015fkan\u0131 Halil Dericio\u011flu, Kubilay A\u015f\u0131k, Osman Berkel, S\u00fcmer Musalar, Tanya Kilitkayal\u0131 ve U\u011fur Y\u0131lmaz g\u00f6rev yapt\u0131.<\/p>\n<p>K\u0131br\u0131s Mutfa\u011f\u0131na ait yemeklerin yer ald\u0131\u011f\u0131 yar\u0131\u015fmada birincili\u011fi ve 5 bin liral\u0131k para \u00f6d\u00fcl\u00fcn\u00fc \u201cMolehiya &amp; Pilav\u201d ve \u201cK\u00f6y \u00c7\u00f6re\u011fi &amp; Gabbar Tur\u015fusu\u201d ile Sevtap A\u015f\u0131k kazand\u0131. 3 bin liral\u0131k ikincilik \u00f6d\u00fcl\u00fc ise \u201cBumbar &amp; Bulgur Pilav\u0131\u201d ile yar\u0131\u015fan Sercan Akdemir\u2019e, 2 bin liral\u0131k \u00fc\u00e7\u00fcnc\u00fcl\u00fck \u00f6d\u00fcl\u00fc ise \u201cF\u0131r\u0131n Makarna\u201ds\u0131yla Ye\u015fim Kral\u2019a gitti.  Yar\u0131\u015fmada j\u00fcri \u00f6zel \u00f6d\u00fcl\u00fcn\u00fc ise \u201cSo\u011fanbast\u0131 &amp; Makarna\u201d ile Melisa Aylan\u00e7 ald\u0131.<\/p>\n<p>Festival kapsam\u0131nda d\u00fczenlenen k\u0131na gecesinde \u201cdamat t\u0131ra\u015f\u0131\u201d ve \u201ck\u0131na yak\u0131m\u0131\u201d canland\u0131r\u0131ld\u0131.<\/p>\n<\/p><\/div>\n<p><script async\n                    defer\n                    crossorigin=\"anonymous\"\n                    src=\"https:\/\/connect.facebook.net\/tr_TR\/sdk.js#xfbml=1&#038;version=v3.3\"\n            ><\/script><\/p>\n","protected":false},"excerpt":{"rendered":"<p>52. Geleneksel \u0130skele Festivali d\u00fcn K\u0131br\u0131s Mutfa\u011f\u0131ndan Lezzetler Yar\u0131\u015fmas\u0131 ve geleneksel K\u0131br\u0131s T\u00fcrk Gecesi ile devam etti. \u0130skele Belediyesinden verilen bilgiye g\u00f6re, Halk Danslar\u0131 Festivaline kat\u0131lan konuk \u00fclkelerin de yak\u0131ndan izledi\u011fi etkinlik, \u00f6zel tatlar\u0131n ikram\u0131yla son buldu. \u0130skele Belediyesi K\u00fclt\u00fcr Evi\u2019nde yap\u0131lan ve 8 ki\u015finin kat\u0131ld\u0131\u011f\u0131 yar\u0131\u015fman\u0131n j\u00fcrisinde \u0130skele Belediyesi Asba\u015fkan\u0131 Halil Dericio\u011flu, Kubilay A\u015f\u0131k, [&hellip;]<\/p>\n","protected":false},"author":1,"featured_media":5848,"comment_status":"open","ping_status":"open","sticky":false,"template":"","format":"standard","meta":{"jnews-multi-image_gallery":[],"jnews_single_post":[],"jnews_primary_category":[],"jnews_social_meta":[],"jnews_override_counter":[],"footnotes":""},"categories":[6],"tags":[],"class_list":["post-5847","post","type-post","status-publish","format-standard","has-post-thumbnail","hentry","category-yasam"],"yoast_head":"<!-- This site is optimized with the Yoast SEO plugin v27.5 - https:\/\/yoast.com\/product\/yoast-seo-wordpress\/ -->\n<title>52. \u0130skele Festivali devam ediyor - Kuzeyin Sesi<\/title>\n<meta name=\"robots\" content=\"index, follow, max-snippet:-1, max-image-preview:large, max-video-preview:-1\" \/>\n<link rel=\"canonical\" href=\"https:\/\/kuzeyinsesi.org\/index.php\/2024\/07\/04\/52-iskele-festivali-devam-ediyor\/\" \/>\n<meta property=\"og:locale\" content=\"tr_TR\" \/>\n<meta property=\"og:type\" content=\"article\" \/>\n<meta property=\"og:title\" content=\"52. \u0130skele Festivali devam ediyor - Kuzeyin Sesi\" \/>\n<meta property=\"og:description\" content=\"52. Geleneksel \u0130skele Festivali d\u00fcn K\u0131br\u0131s Mutfa\u011f\u0131ndan Lezzetler Yar\u0131\u015fmas\u0131 ve geleneksel K\u0131br\u0131s T\u00fcrk Gecesi ile devam etti. \u0130skele Belediyesinden verilen bilgiye g\u00f6re, Halk Danslar\u0131 Festivaline kat\u0131lan konuk \u00fclkelerin de yak\u0131ndan izledi\u011fi etkinlik, \u00f6zel tatlar\u0131n ikram\u0131yla son buldu. \u0130skele Belediyesi K\u00fclt\u00fcr Evi\u2019nde yap\u0131lan ve 8 ki\u015finin kat\u0131ld\u0131\u011f\u0131 yar\u0131\u015fman\u0131n j\u00fcrisinde \u0130skele Belediyesi Asba\u015fkan\u0131 Halil Dericio\u011flu, Kubilay A\u015f\u0131k, [&hellip;]\" \/>\n<meta property=\"og:url\" content=\"https:\/\/kuzeyinsesi.org\/index.php\/2024\/07\/04\/52-iskele-festivali-devam-ediyor\/\" \/>\n<meta property=\"og:site_name\" content=\"Kuzeyin Sesi\" \/>\n<meta property=\"article:publisher\" content=\"https:\/\/www.facebook.com\/kuzeyinsesii\" \/>\n<meta property=\"article:published_time\" content=\"2024-07-04T10:09:35+00:00\" \/>\n<meta property=\"og:image\" content=\"https:\/\/brtk.net\/wp-content\/uploads\/2024\/07\/04\/14dgs.jpg?ver=d990d8435ae4ad60db0765e54ca31c83\" \/>\n<meta name=\"author\" content=\"Kuzeyin Sesi\" \/>\n<meta name=\"twitter:card\" content=\"summary_large_image\" \/>\n<meta name=\"twitter:creator\" content=\"@kuzeyinsesii\" \/>\n<meta name=\"twitter:site\" content=\"@kuzeyinsesii\" \/>\n<meta name=\"twitter:label1\" content=\"Yazan:\" \/>\n\t<meta name=\"twitter:data1\" content=\"Kuzeyin Sesi\" \/>\n\t<meta name=\"twitter:label2\" content=\"Tahmini okuma s\u00fcresi\" \/>\n\t<meta name=\"twitter:data2\" content=\"1 dakika\" \/>\n<script type=\"application\/ld+json\" class=\"yoast-schema-graph\">{\"@context\":\"https:\\\/\\\/schema.org\",\"@graph\":[{\"@type\":\"Article\",\"@id\":\"https:\\\/\\\/kuzeyinsesi.org\\\/index.php\\\/2024\\\/07\\\/04\\\/52-iskele-festivali-devam-ediyor\\\/#article\",\"isPartOf\":{\"@id\":\"https:\\\/\\\/kuzeyinsesi.org\\\/index.php\\\/2024\\\/07\\\/04\\\/52-iskele-festivali-devam-ediyor\\\/\"},\"author\":{\"name\":\"Kuzeyin Sesi\",\"@id\":\"https:\\\/\\\/kuzeyinsesi.org\\\/#\\\/schema\\\/person\\\/9f859689cdf01485597712386e37f5aa\"},\"headline\":\"52. \u0130skele Festivali devam ediyor\",\"datePublished\":\"2024-07-04T10:09:35+00:00\",\"mainEntityOfPage\":{\"@id\":\"https:\\\/\\\/kuzeyinsesi.org\\\/index.php\\\/2024\\\/07\\\/04\\\/52-iskele-festivali-devam-ediyor\\\/\"},\"wordCount\":209,\"commentCount\":0,\"image\":{\"@id\":\"https:\\\/\\\/kuzeyinsesi.org\\\/index.php\\\/2024\\\/07\\\/04\\\/52-iskele-festivali-devam-ediyor\\\/#primaryimage\"},\"thumbnailUrl\":\"https:\\\/\\\/kuzeyinsesi.org\\\/wp-content\\\/uploads\\\/2024\\\/07\\\/14dgs.jpg\",\"articleSection\":[\"Ya\u015fam\"],\"inLanguage\":\"tr\",\"potentialAction\":[{\"@type\":\"CommentAction\",\"name\":\"Comment\",\"target\":[\"https:\\\/\\\/kuzeyinsesi.org\\\/index.php\\\/2024\\\/07\\\/04\\\/52-iskele-festivali-devam-ediyor\\\/#respond\"]}]},{\"@type\":\"WebPage\",\"@id\":\"https:\\\/\\\/kuzeyinsesi.org\\\/index.php\\\/2024\\\/07\\\/04\\\/52-iskele-festivali-devam-ediyor\\\/\",\"url\":\"https:\\\/\\\/kuzeyinsesi.org\\\/index.php\\\/2024\\\/07\\\/04\\\/52-iskele-festivali-devam-ediyor\\\/\",\"name\":\"52. \u0130skele Festivali devam ediyor - Kuzeyin Sesi\",\"isPartOf\":{\"@id\":\"https:\\\/\\\/kuzeyinsesi.org\\\/#website\"},\"primaryImageOfPage\":{\"@id\":\"https:\\\/\\\/kuzeyinsesi.org\\\/index.php\\\/2024\\\/07\\\/04\\\/52-iskele-festivali-devam-ediyor\\\/#primaryimage\"},\"image\":{\"@id\":\"https:\\\/\\\/kuzeyinsesi.org\\\/index.php\\\/2024\\\/07\\\/04\\\/52-iskele-festivali-devam-ediyor\\\/#primaryimage\"},\"thumbnailUrl\":\"https:\\\/\\\/kuzeyinsesi.org\\\/wp-content\\\/uploads\\\/2024\\\/07\\\/14dgs.jpg\",\"datePublished\":\"2024-07-04T10:09:35+00:00\",\"author\":{\"@id\":\"https:\\\/\\\/kuzeyinsesi.org\\\/#\\\/schema\\\/person\\\/9f859689cdf01485597712386e37f5aa\"},\"breadcrumb\":{\"@id\":\"https:\\\/\\\/kuzeyinsesi.org\\\/index.php\\\/2024\\\/07\\\/04\\\/52-iskele-festivali-devam-ediyor\\\/#breadcrumb\"},\"inLanguage\":\"tr\",\"potentialAction\":[{\"@type\":\"ReadAction\",\"target\":[\"https:\\\/\\\/kuzeyinsesi.org\\\/index.php\\\/2024\\\/07\\\/04\\\/52-iskele-festivali-devam-ediyor\\\/\"]}]},{\"@type\":\"ImageObject\",\"inLanguage\":\"tr\",\"@id\":\"https:\\\/\\\/kuzeyinsesi.org\\\/index.php\\\/2024\\\/07\\\/04\\\/52-iskele-festivali-devam-ediyor\\\/#primaryimage\",\"url\":\"https:\\\/\\\/kuzeyinsesi.org\\\/wp-content\\\/uploads\\\/2024\\\/07\\\/14dgs.jpg\",\"contentUrl\":\"https:\\\/\\\/kuzeyinsesi.org\\\/wp-content\\\/uploads\\\/2024\\\/07\\\/14dgs.jpg\",\"width\":1600,\"height\":1066},{\"@type\":\"BreadcrumbList\",\"@id\":\"https:\\\/\\\/kuzeyinsesi.org\\\/index.php\\\/2024\\\/07\\\/04\\\/52-iskele-festivali-devam-ediyor\\\/#breadcrumb\",\"itemListElement\":[{\"@type\":\"ListItem\",\"position\":1,\"name\":\"Anasayfa\",\"item\":\"https:\\\/\\\/kuzeyinsesi.org\\\/\"},{\"@type\":\"ListItem\",\"position\":2,\"name\":\"52. \u0130skele Festivali devam ediyor\"}]},{\"@type\":\"WebSite\",\"@id\":\"https:\\\/\\\/kuzeyinsesi.org\\\/#website\",\"url\":\"https:\\\/\\\/kuzeyinsesi.org\\\/\",\"name\":\"Kuzeyin Sesi\",\"description\":\"Do\u011fru Haberin Adresi\",\"potentialAction\":[{\"@type\":\"SearchAction\",\"target\":{\"@type\":\"EntryPoint\",\"urlTemplate\":\"https:\\\/\\\/kuzeyinsesi.org\\\/?s={search_term_string}\"},\"query-input\":{\"@type\":\"PropertyValueSpecification\",\"valueRequired\":true,\"valueName\":\"search_term_string\"}}],\"inLanguage\":\"tr\"},{\"@type\":\"Person\",\"@id\":\"https:\\\/\\\/kuzeyinsesi.org\\\/#\\\/schema\\\/person\\\/9f859689cdf01485597712386e37f5aa\",\"name\":\"Kuzeyin Sesi\",\"image\":{\"@type\":\"ImageObject\",\"inLanguage\":\"tr\",\"@id\":\"https:\\\/\\\/secure.gravatar.com\\\/avatar\\\/bab33852abfd8b282518d6ed81826833d77c3c882d9ab608add591ccace47a44?s=96&d=mm&r=g\",\"url\":\"https:\\\/\\\/secure.gravatar.com\\\/avatar\\\/bab33852abfd8b282518d6ed81826833d77c3c882d9ab608add591ccace47a44?s=96&d=mm&r=g\",\"contentUrl\":\"https:\\\/\\\/secure.gravatar.com\\\/avatar\\\/bab33852abfd8b282518d6ed81826833d77c3c882d9ab608add591ccace47a44?s=96&d=mm&r=g\",\"caption\":\"Kuzeyin Sesi\"},\"sameAs\":[\"https:\\\/\\\/kuzeyinsesi.org\"],\"url\":\"https:\\\/\\\/kuzeyinsesi.org\\\/index.php\\\/author\\\/guven\\\/\"}]}<\/script>\n<!-- \/ Yoast SEO plugin. -->","yoast_head_json":{"title":"52. \u0130skele Festivali devam ediyor - Kuzeyin Sesi","robots":{"index":"index","follow":"follow","max-snippet":"max-snippet:-1","max-image-preview":"max-image-preview:large","max-video-preview":"max-video-preview:-1"},"canonical":"https:\/\/kuzeyinsesi.org\/index.php\/2024\/07\/04\/52-iskele-festivali-devam-ediyor\/","og_locale":"tr_TR","og_type":"article","og_title":"52. \u0130skele Festivali devam ediyor - Kuzeyin Sesi","og_description":"52. Geleneksel \u0130skele Festivali d\u00fcn K\u0131br\u0131s Mutfa\u011f\u0131ndan Lezzetler Yar\u0131\u015fmas\u0131 ve geleneksel K\u0131br\u0131s T\u00fcrk Gecesi ile devam etti. \u0130skele Belediyesinden verilen bilgiye g\u00f6re, Halk Danslar\u0131 Festivaline kat\u0131lan konuk \u00fclkelerin de yak\u0131ndan izledi\u011fi etkinlik, \u00f6zel tatlar\u0131n ikram\u0131yla son buldu. \u0130skele Belediyesi K\u00fclt\u00fcr Evi\u2019nde yap\u0131lan ve 8 ki\u015finin kat\u0131ld\u0131\u011f\u0131 yar\u0131\u015fman\u0131n j\u00fcrisinde \u0130skele Belediyesi Asba\u015fkan\u0131 Halil Dericio\u011flu, Kubilay A\u015f\u0131k, [&hellip;]","og_url":"https:\/\/kuzeyinsesi.org\/index.php\/2024\/07\/04\/52-iskele-festivali-devam-ediyor\/","og_site_name":"Kuzeyin Sesi","article_publisher":"https:\/\/www.facebook.com\/kuzeyinsesii","article_published_time":"2024-07-04T10:09:35+00:00","og_image":[{"url":"https:\/\/brtk.net\/wp-content\/uploads\/2024\/07\/04\/14dgs.jpg?ver=d990d8435ae4ad60db0765e54ca31c83","type":"","width":"","height":""}],"author":"Kuzeyin Sesi","twitter_card":"summary_large_image","twitter_creator":"@kuzeyinsesii","twitter_site":"@kuzeyinsesii","twitter_misc":{"Yazan:":"Kuzeyin Sesi","Tahmini okuma s\u00fcresi":"1 dakika"},"schema":{"@context":"https:\/\/schema.org","@graph":[{"@type":"Article","@id":"https:\/\/kuzeyinsesi.org\/index.php\/2024\/07\/04\/52-iskele-festivali-devam-ediyor\/#article","isPartOf":{"@id":"https:\/\/kuzeyinsesi.org\/index.php\/2024\/07\/04\/52-iskele-festivali-devam-ediyor\/"},"author":{"name":"Kuzeyin Sesi","@id":"https:\/\/kuzeyinsesi.org\/#\/schema\/person\/9f859689cdf01485597712386e37f5aa"},"headline":"52. \u0130skele Festivali devam ediyor","datePublished":"2024-07-04T10:09:35+00:00","mainEntityOfPage":{"@id":"https:\/\/kuzeyinsesi.org\/index.php\/2024\/07\/04\/52-iskele-festivali-devam-ediyor\/"},"wordCount":209,"commentCount":0,"image":{"@id":"https:\/\/kuzeyinsesi.org\/index.php\/2024\/07\/04\/52-iskele-festivali-devam-ediyor\/#primaryimage"},"thumbnailUrl":"https:\/\/kuzeyinsesi.org\/wp-content\/uploads\/2024\/07\/14dgs.jpg","articleSection":["Ya\u015fam"],"inLanguage":"tr","potentialAction":[{"@type":"CommentAction","name":"Comment","target":["https:\/\/kuzeyinsesi.org\/index.php\/2024\/07\/04\/52-iskele-festivali-devam-ediyor\/#respond"]}]},{"@type":"WebPage","@id":"https:\/\/kuzeyinsesi.org\/index.php\/2024\/07\/04\/52-iskele-festivali-devam-ediyor\/","url":"https:\/\/kuzeyinsesi.org\/index.php\/2024\/07\/04\/52-iskele-festivali-devam-ediyor\/","name":"52. \u0130skele Festivali devam ediyor - Kuzeyin Sesi","isPartOf":{"@id":"https:\/\/kuzeyinsesi.org\/#website"},"primaryImageOfPage":{"@id":"https:\/\/kuzeyinsesi.org\/index.php\/2024\/07\/04\/52-iskele-festivali-devam-ediyor\/#primaryimage"},"image":{"@id":"https:\/\/kuzeyinsesi.org\/index.php\/2024\/07\/04\/52-iskele-festivali-devam-ediyor\/#primaryimage"},"thumbnailUrl":"https:\/\/kuzeyinsesi.org\/wp-content\/uploads\/2024\/07\/14dgs.jpg","datePublished":"2024-07-04T10:09:35+00:00","author":{"@id":"https:\/\/kuzeyinsesi.org\/#\/schema\/person\/9f859689cdf01485597712386e37f5aa"},"breadcrumb":{"@id":"https:\/\/kuzeyinsesi.org\/index.php\/2024\/07\/04\/52-iskele-festivali-devam-ediyor\/#breadcrumb"},"inLanguage":"tr","potentialAction":[{"@type":"ReadAction","target":["https:\/\/kuzeyinsesi.org\/index.php\/2024\/07\/04\/52-iskele-festivali-devam-ediyor\/"]}]},{"@type":"ImageObject","inLanguage":"tr","@id":"https:\/\/kuzeyinsesi.org\/index.php\/2024\/07\/04\/52-iskele-festivali-devam-ediyor\/#primaryimage","url":"https:\/\/kuzeyinsesi.org\/wp-content\/uploads\/2024\/07\/14dgs.jpg","contentUrl":"https:\/\/kuzeyinsesi.org\/wp-content\/uploads\/2024\/07\/14dgs.jpg","width":1600,"height":1066},{"@type":"BreadcrumbList","@id":"https:\/\/kuzeyinsesi.org\/index.php\/2024\/07\/04\/52-iskele-festivali-devam-ediyor\/#breadcrumb","itemListElement":[{"@type":"ListItem","position":1,"name":"Anasayfa","item":"https:\/\/kuzeyinsesi.org\/"},{"@type":"ListItem","position":2,"name":"52. \u0130skele Festivali devam ediyor"}]},{"@type":"WebSite","@id":"https:\/\/kuzeyinsesi.org\/#website","url":"https:\/\/kuzeyinsesi.org\/","name":"Kuzeyin Sesi","description":"Do\u011fru Haberin Adresi","potentialAction":[{"@type":"SearchAction","target":{"@type":"EntryPoint","urlTemplate":"https:\/\/kuzeyinsesi.org\/?s={search_term_string}"},"query-input":{"@type":"PropertyValueSpecification","valueRequired":true,"valueName":"search_term_string"}}],"inLanguage":"tr"},{"@type":"Person","@id":"https:\/\/kuzeyinsesi.org\/#\/schema\/person\/9f859689cdf01485597712386e37f5aa","name":"Kuzeyin Sesi","image":{"@type":"ImageObject","inLanguage":"tr","@id":"https:\/\/secure.gravatar.com\/avatar\/bab33852abfd8b282518d6ed81826833d77c3c882d9ab608add591ccace47a44?s=96&d=mm&r=g","url":"https:\/\/secure.gravatar.com\/avatar\/bab33852abfd8b282518d6ed81826833d77c3c882d9ab608add591ccace47a44?s=96&d=mm&r=g","contentUrl":"https:\/\/secure.gravatar.com\/avatar\/bab33852abfd8b282518d6ed81826833d77c3c882d9ab608add591ccace47a44?s=96&d=mm&r=g","caption":"Kuzeyin Sesi"},"sameAs":["https:\/\/kuzeyinsesi.org"],"url":"https:\/\/kuzeyinsesi.org\/index.php\/author\/guven\/"}]}},"_links":{"self":[{"href":"https:\/\/kuzeyinsesi.org\/index.php\/wp-json\/wp\/v2\/posts\/5847","targetHints":{"allow":["GET"]}}],"collection":[{"href":"https:\/\/kuzeyinsesi.org\/index.php\/wp-json\/wp\/v2\/posts"}],"about":[{"href":"https:\/\/kuzeyinsesi.org\/index.php\/wp-json\/wp\/v2\/types\/post"}],"author":[{"embeddable":true,"href":"https:\/\/kuzeyinsesi.org\/index.php\/wp-json\/wp\/v2\/users\/1"}],"replies":[{"embeddable":true,"href":"https:\/\/kuzeyinsesi.org\/index.php\/wp-json\/wp\/v2\/comments?post=5847"}],"version-history":[{"count":0,"href":"https:\/\/kuzeyinsesi.org\/index.php\/wp-json\/wp\/v2\/posts\/5847\/revisions"}],"wp:featuredmedia":[{"embeddable":true,"href":"https:\/\/kuzeyinsesi.org\/index.php\/wp-json\/wp\/v2\/media\/5848"}],"wp:attachment":[{"href":"https:\/\/kuzeyinsesi.org\/index.php\/wp-json\/wp\/v2\/media?parent=5847"}],"wp:term":[{"taxonomy":"category","embeddable":true,"href":"https:\/\/kuzeyinsesi.org\/index.php\/wp-json\/wp\/v2\/categories?post=5847"},{"taxonomy":"post_tag","embeddable":true,"href":"https:\/\/kuzeyinsesi.org\/index.php\/wp-json\/wp\/v2\/tags?post=5847"}],"curies":[{"name":"wp","href":"https:\/\/api.w.org\/{rel}","templated":true}]}}