{"id":581,"date":"2024-04-26T15:27:17","date_gmt":"2024-04-26T12:27:17","guid":{"rendered":"https:\/\/kuzeyinsesi.com\/index.php\/2024\/04\/26\/azerbaycan-uadden-ermenistanin-karabagdaki-suclarini-incelemesini-istedi\/"},"modified":"2024-04-26T15:27:17","modified_gmt":"2024-04-26T12:27:17","slug":"azerbaycan-uadden-ermenistanin-karabagdaki-suclarini-incelemesini-istedi","status":"publish","type":"post","link":"https:\/\/kuzeyinsesi.org\/index.php\/2024\/04\/26\/azerbaycan-uadden-ermenistanin-karabagdaki-suclarini-incelemesini-istedi\/","title":{"rendered":"Azerbaycan, UAD&#039;den Ermenistan&#039;\u0131n Karaba\u011f&#039;daki su\u00e7lar\u0131n\u0131 incelemesini istedi"},"content":{"rendered":"<p><\/p>\n<div>\n<p>&#13;<br \/>\n\t<a href=\"https:\/\/www.trthaber.com\/etiket\/azerbaycan\/\" target=\"_blank\" rel=\"noopener\">Azerbaycan<\/a> taraf\u0131ndan Birle\u015fmi\u015f Milletlerin (BM) yarg\u0131 organ\u0131 UAD nezdinde &#8220;Her T\u00fcrl\u00fc Irk Ayr\u0131mc\u0131l\u0131\u011f\u0131n\u0131n Ortadan Kald\u0131r\u0131lmas\u0131na \u0130li\u015fkin Uluslararas\u0131 S\u00f6zle\u015fme&#8221;nin ihlal edildi\u011fi iddias\u0131yla Ermenistan&#8217;a kar\u015f\u0131 a\u00e7\u0131lan davada, Divan&#8217;\u0131n yarg\u0131 yetkisine ili\u015fkin duru\u015fmalar tamamland\u0131.<\/p>\n<p>&#13;<br \/>\n\tHollanda&#8217;n\u0131n Lahey kentinde bulunan Bar\u0131\u015f Saray\u0131&#8217;nda yap\u0131lan ve bug\u00fcn sona eren duru\u015fmalarda, Azerbaycan&#8217;\u0131n avukatlar\u0131, Ermenistan&#8217;\u0131n Karaba\u011f&#8217;\u0131 i\u015fgali s\u00fcrecinde Azerbaycan T\u00fcrklerine kar\u015f\u0131 etnik temizlik yapt\u0131\u011f\u0131na ili\u015fkin su\u00e7lamalar\u0131n ele al\u0131nd\u0131\u011f\u0131 davan\u0131n esastan g\u00f6r\u00fclmesi gerekti\u011fini ve Divan&#8217;\u0131n yarg\u0131 yetkisi oldu\u011funu belirtti.<\/p>\n<p>&#13;<br \/>\n\tAzerbaycan&#8217;\u0131n avukatlar\u0131ndan Uluslararas\u0131 <a href=\"https:\/\/www.trthaber.com\/etiket\/hukuk\/\" target=\"_blank\" rel=\"noopener\">Hukuk<\/a> Profes\u00f6r\u00fc Vaughan Lowe, Ermenistan&#8217;\u0131n &#8220;davan\u0131n reddedilmesi&#8221; talebinin ge\u00e7erli nedenlere dayanmad\u0131\u011f\u0131n\u0131 kaydederek, &#8220;Ermenistan, Azerbaycan&#8217;\u0131n davas\u0131n\u0131 \u00e7arp\u0131t\u0131yor.&#8221; dedi.<\/p>\n<p>&#13;<br \/>\n\tErmenistan&#8217;\u0131n, Azerbaycan&#8217;\u0131n su\u00e7lamalar\u0131n\u0131 yalanlayamad\u0131\u011f\u0131n\u0131 ve bunun yerine Divan&#8217;\u0131n yarg\u0131 yetkisine itiraz etti\u011fini ifade eden Lowe, Divan&#8217;dan \u00f6zellikle Karaba\u011f&#8217;\u0131n i\u015fgali s\u00fcrecinde Ermenistan&#8217;\u0131n i\u015fledi\u011fi \u0131rk ayr\u0131mc\u0131l\u0131\u011f\u0131, etnik temizlik, mala el koyma, do\u011fal kaynaklar\u0131n s\u00f6m\u00fcr\u00fclmesi, \u00e7evreye zarar verilmesi ve di\u011fer su\u00e7lar\u0131n esastan ele al\u0131nmas\u0131n\u0131 istedi.<\/p>\n<p>&#13;<br \/>\n\tLowe, Azerbaycanl\u0131lar\u0131n u\u011frad\u0131\u011f\u0131 zarar\u0131n tazmin edilmesinin yolunun Ermenistan&#8217;\u0131n s\u00f6z konusu ihlallerinin tespitiyle m\u00fcmk\u00fcn oldu\u011funu belirtti.<\/p>\n<p>&#13;<br \/>\n\tLowe&#8217;den sonra Azerbaycan ad\u0131na k\u00fcrs\u00fcye \u00e7\u0131kan Uluslararas\u0131 hukuk profes\u00f6r\u00fc Stephan Talmon, Azerbaycan&#8217;\u0131n a\u00e7t\u0131\u011f\u0131 davan\u0131n beklenen ve \u00f6ng\u00f6r\u00fclen bir dava oldu\u011funu vurgulayarak, \u015funlar\u0131 s\u00f6yledi:<\/p>\n<p>&#13;<br \/>\n\t&#8220;Kendimize \u015fu soruyu sormam\u0131z gerekir: Bir ba\u015fka \u00fclkenin topraklar\u0131n\u0131n be\u015fte birini i\u015fgal eden, yakla\u015f\u0131k 23 bin insan\u0131n \u00f6l\u00fcm\u00fcne neden olan, takriben 3 bin 900 ki\u015finin ortadan kaybolmas\u0131na neden olan, 1 milyon insan\u0131 yerinden eden, mallar\u0131na el koyup k\u00fclt\u00fcr\u00fcn\u00fc yok eden ve do\u011fal kaynaklar\u0131n\u0131 s\u00f6m\u00fcren bir \u00fclke nas\u0131l olur da kendisine dava a\u00e7\u0131lmamas\u0131n\u0131 makul bir \u015fekilde bekleyebilir? Bu m\u00fcmk\u00fcn de\u011fil ancak <a href=\"https:\/\/www.trthaber.com\/etiket\/ermenistan\/\" target=\"_blank\" rel=\"noopener\">Ermenistan<\/a> son birka\u00e7 g\u00fcnk\u00fc duru\u015fmalarda tam olarak bunu yap\u0131yor.&#8221;<\/p>\n<p>&#13;<br \/>\n\tAzerbaycan&#8217;\u0131n avukatlar\u0131ndan Samuel Wordsworth, Ermenistan&#8217;\u0131n, Karaba\u011f&#8217;a yerle\u015ftirdi\u011fi may\u0131nlar ve bubi tuzaklar\u0131yla Azerbaycan T\u00fcrklerinin topraklar\u0131na d\u00f6nme hakk\u0131n\u0131 engelledi\u011fini ve bunun Azerbaycanl\u0131lara y\u00f6nelik \u0131rk ayr\u0131mc\u0131l\u0131\u011f\u0131 anlam\u0131na geldi\u011fini anlatt\u0131.<\/p>\n<p>&#13;<br \/>\n\tAzerbaycan avukatlar\u0131ndan Sean Aughey, Ermenistan&#8217;\u0131n &#8220;may\u0131nlar\u0131n askeri a\u00e7\u0131dan savunma ama\u00e7l\u0131 yerle\u015ftirildi\u011fi&#8221; iddialar\u0131n\u0131n ge\u00e7erli olmad\u0131\u011f\u0131na dikkati \u00e7ekti.<\/p>\n<p>&#13;<br \/>\n\tAughey, s\u00f6z konusu may\u0131nlar\u0131n bulundu\u011fu alanlar\u0131n askeri b\u00f6lgelerin d\u0131\u015f\u0131ndaki Kalbacar ve La\u00e7in b\u00f6lgesindeki sivillerin yerle\u015fim yerlerinde tespit edildi\u011fini ve askeri ama\u00e7la d\u00f6\u015fenmi\u015f olmas\u0131n\u0131n m\u00fcmk\u00fcn olmad\u0131\u011f\u0131n\u0131 anlatt\u0131.<\/p>\n<p>&#13;<br \/>\n\tCenevre \u00dcniversitesinden uluslararas\u0131 hukuk profes\u00f6r\u00fc Laurence Boisson De Chazournes, Ermenistan&#8217;\u0131n, 1991&#8217;den Karaba\u011f&#8217;\u0131n kurtar\u0131lmas\u0131na kadar Azerbaycan T\u00fcrklerine y\u00f6nelik k\u00fclt\u00fcrel unsurlar\u0131 bilin\u00e7li \u015fekilde yok etti\u011fini ve bunu yaparken \u00e7evreye a\u011f\u0131r tahribat verdi\u011fini vurgulad\u0131.<\/p>\n<p>&#13;<br \/>\n\tBoisson De Chazournes, Ermenistan&#8217;\u0131n itirazlar\u0131n\u0131n reddedilmesi ve davan\u0131n esastan g\u00f6r\u00fclmesi gerekti\u011fini ifade etti.<\/p>\n<p>&#13;<br \/>\n\tErmenistan&#8217;\u0131n avukatlar\u0131, d\u00fcn yap\u0131lan duru\u015fmada UAD&#8217;nin davaya bakmaya konu ve zaman bak\u0131m\u0131ndan yetkisi olmad\u0131\u011f\u0131n\u0131 belirterek, Azerbaycan&#8217;\u0131n a\u00e7t\u0131\u011f\u0131 davan\u0131n yetkisizlik sebebiyle d\u00fc\u015f\u00fcr\u00fclmesini istemi\u015fti.<\/p>\n<p>&#13;<br \/>\n\t<strong>Divan yarg\u0131\u00e7lar\u0131 m\u00fczakereye ba\u015flad\u0131<\/strong><\/p>\n<p>&#13;<br \/>\n\tBug\u00fcn sona eren duru\u015fmalar\u0131n ard\u0131ndan, Divan hakimleri m\u00fczakereye ba\u015flayarak, Ermenistan&#8217;\u0131n i\u015fledi\u011fi su\u00e7lar\u0131 Irk Ayr\u0131mc\u0131l\u0131\u011f\u0131 S\u00f6zle\u015fmesi kapsam\u0131nda ele almak i\u00e7in Divan&#8217;\u0131n yarg\u0131 yetkisi olup olmad\u0131\u011f\u0131na ve davan\u0131n esastan g\u00f6r\u00fcl\u00fcp g\u00f6r\u00fclmeyece\u011fine karar verecek.<\/p>\n<p>&#13;<br \/>\n\tDivan, Ermenistan&#8217;\u0131n baz\u0131 itirazlar\u0131n\u0131 kabul etse dahi, Azerbaycan&#8217;\u0131n iddialar\u0131n\u0131n bir k\u0131sm\u0131 i\u00e7in de olsa davan\u0131n esas\u0131na girilmesine karar verebiliyor.<\/p>\n<p>&#13;<br \/>\n\tDivan&#8217;\u0131n yarg\u0131 yetkisine ili\u015fkin kararlar\u0131 genellikle 1-2 y\u0131ll\u0131k s\u00fcrelerde verdi\u011fi g\u00f6r\u00fcl\u00fcyor.<\/p>\n<p>&#13;<br \/>\n\t<strong>\u0130ki \u00fclke aras\u0131ndaki kar\u015f\u0131l\u0131kl\u0131 dava<\/strong><\/p>\n<p>&#13;<br \/>\n\t\u0130ki \u00fclke birbirine kar\u015f\u0131 kar\u015f\u0131l\u0131kl\u0131 ayn\u0131 davay\u0131 a\u00e7t\u0131.<\/p>\n<p>&#13;<br \/>\n\tErmenistan, 16 Eyl\u00fcl 2021&#8217;de &#8220;Her T\u00fcrl\u00fc Irk Ayr\u0131mc\u0131l\u0131\u011f\u0131n\u0131n Ortadan Kald\u0131r\u0131lmas\u0131na \u0130li\u015fkin Uluslararas\u0131 S\u00f6zle\u015fme&#8221;nin ihlal edildi\u011fi iddias\u0131yla Azerbaycan aleyhine UAD&#8217;de dava a\u00e7t\u0131.<\/p>\n<p>&#13;<br \/>\n\tErmenistan&#8217;\u0131n Azerbaycan aleyhine iddialar\u0131, Azerbaycanl\u0131lar\u0131n &#8220;Vatan Muharebesi&#8221; dedi\u011fi, Eyl\u00fcl 2020&#8217;de ba\u015flayarak 44 g\u00fcn s\u00fcren 2. Karaba\u011f Sava\u015f\u0131 ve sonras\u0131nda ya\u015fananlar\u0131 kaps\u0131yor.<\/p>\n<p>&#13;<br \/>\n\tAzerbaycan, 21 Nisan 2023&#8217;te, mahkemenin yarg\u0131 yetkisine ili\u015fkin \u00f6n itirazlarda bulundu ve 15-19 Nisan&#8217;daki duru\u015fmalarda Azerbaycan, Ermenistan&#8217;\u0131n gerekli kabul edilebilirlik \u015fartlar\u0131 olu\u015fmadan siyasi ama\u00e7la dava a\u00e7t\u0131\u011f\u0131n\u0131 ve UAD nezdindeki dava a\u00e7ma amac\u0131n\u0131 k\u00f6t\u00fcye kulland\u0131\u011f\u0131n\u0131 belirterek, davan\u0131n reddini istedi.<\/p>\n<p>&#13;<br \/>\n\tAzerbaycan&#8217;\u0131n 23 Eyl\u00fcl 2021&#8217;de Ermenistan&#8217;a kar\u015f\u0131 a\u00e7t\u0131\u011f\u0131 ve yine Irk Ayr\u0131mc\u0131l\u0131\u011f\u0131 S\u00f6zle\u015fmesi&#8217;nin ihlaline dayanan ikinci dava ise 1991&#8217;de ba\u015flayan Ermenistan&#8217;\u0131n 30 y\u0131l\u0131 a\u015fk\u0131n s\u00fcre i\u015fgali alt\u0131nda kalan Karaba\u011f&#8217;\u0131n kurtar\u0131lmas\u0131na kadarki s\u00fcre\u00e7te ya\u015fanan ihlalleri ele al\u0131yor.<\/p>\n<p>&#13;<br \/>\n\tErmenistan, 22 Nisan&#8217;da ba\u015flayan ve bug\u00fcn sona eren duru\u015fmalarda Divan&#8217;dan Azerbaycan&#8217;\u0131n davas\u0131n\u0131 yarg\u0131 yetkisinin yoklu\u011fu nedeniyle reddetmesini talep etti.<\/p>\n<\/p><\/div>\n","protected":false},"excerpt":{"rendered":"<p>&#13; Azerbaycan taraf\u0131ndan Birle\u015fmi\u015f Milletlerin (BM) yarg\u0131 organ\u0131 UAD nezdinde &#8220;Her T\u00fcrl\u00fc Irk Ayr\u0131mc\u0131l\u0131\u011f\u0131n\u0131n Ortadan Kald\u0131r\u0131lmas\u0131na \u0130li\u015fkin Uluslararas\u0131 S\u00f6zle\u015fme&#8221;nin ihlal edildi\u011fi iddias\u0131yla Ermenistan&#8217;a kar\u015f\u0131 a\u00e7\u0131lan davada, Divan&#8217;\u0131n yarg\u0131 yetkisine ili\u015fkin duru\u015fmalar tamamland\u0131. &#13; Hollanda&#8217;n\u0131n Lahey kentinde bulunan Bar\u0131\u015f Saray\u0131&#8217;nda yap\u0131lan ve bug\u00fcn sona eren duru\u015fmalarda, Azerbaycan&#8217;\u0131n avukatlar\u0131, Ermenistan&#8217;\u0131n Karaba\u011f&#8217;\u0131 i\u015fgali s\u00fcrecinde Azerbaycan T\u00fcrklerine kar\u015f\u0131 etnik [&hellip;]<\/p>\n","protected":false},"author":1,"featured_media":582,"comment_status":"open","ping_status":"open","sticky":false,"template":"","format":"standard","meta":{"jnews-multi-image_gallery":[],"jnews_single_post":[],"jnews_primary_category":[],"jnews_social_meta":[],"jnews_override_counter":[],"footnotes":""},"categories":[2],"tags":[],"class_list":["post-581","post","type-post","status-publish","format-standard","has-post-thumbnail","hentry","category-dunya"],"yoast_head":"<!-- This site is optimized with the Yoast SEO plugin v27.5 - https:\/\/yoast.com\/product\/yoast-seo-wordpress\/ -->\n<title>Azerbaycan, UAD&#039;den Ermenistan&#039;\u0131n Karaba\u011f&#039;daki su\u00e7lar\u0131n\u0131 incelemesini istedi - Kuzeyin Sesi<\/title>\n<meta name=\"robots\" content=\"index, follow, max-snippet:-1, max-image-preview:large, max-video-preview:-1\" \/>\n<link rel=\"canonical\" href=\"https:\/\/kuzeyinsesi.org\/index.php\/2024\/04\/26\/azerbaycan-uadden-ermenistanin-karabagdaki-suclarini-incelemesini-istedi\/\" \/>\n<meta property=\"og:locale\" content=\"tr_TR\" \/>\n<meta property=\"og:type\" content=\"article\" \/>\n<meta property=\"og:title\" content=\"Azerbaycan, UAD&#039;den Ermenistan&#039;\u0131n Karaba\u011f&#039;daki su\u00e7lar\u0131n\u0131 incelemesini istedi - Kuzeyin Sesi\" \/>\n<meta property=\"og:description\" content=\"&#013; Azerbaycan taraf\u0131ndan Birle\u015fmi\u015f Milletlerin (BM) yarg\u0131 organ\u0131 UAD nezdinde &#8220;Her T\u00fcrl\u00fc Irk Ayr\u0131mc\u0131l\u0131\u011f\u0131n\u0131n Ortadan Kald\u0131r\u0131lmas\u0131na \u0130li\u015fkin Uluslararas\u0131 S\u00f6zle\u015fme&#8221;nin ihlal edildi\u011fi iddias\u0131yla Ermenistan&#8217;a kar\u015f\u0131 a\u00e7\u0131lan davada, Divan&#8217;\u0131n yarg\u0131 yetkisine ili\u015fkin duru\u015fmalar tamamland\u0131. &#013; Hollanda&#8217;n\u0131n Lahey kentinde bulunan Bar\u0131\u015f Saray\u0131&#8217;nda yap\u0131lan ve bug\u00fcn sona eren duru\u015fmalarda, Azerbaycan&#8217;\u0131n avukatlar\u0131, Ermenistan&#8217;\u0131n Karaba\u011f&#8217;\u0131 i\u015fgali s\u00fcrecinde Azerbaycan T\u00fcrklerine kar\u015f\u0131 etnik [&hellip;]\" \/>\n<meta property=\"og:url\" content=\"https:\/\/kuzeyinsesi.org\/index.php\/2024\/04\/26\/azerbaycan-uadden-ermenistanin-karabagdaki-suclarini-incelemesini-istedi\/\" \/>\n<meta property=\"og:site_name\" content=\"Kuzeyin Sesi\" \/>\n<meta property=\"article:publisher\" content=\"https:\/\/www.facebook.com\/kuzeyinsesii\" \/>\n<meta property=\"article:published_time\" content=\"2024-04-26T12:27:17+00:00\" \/>\n<meta property=\"og:image\" content=\"https:\/\/kuzeyinsesi.org\/wp-content\/uploads\/2024\/04\/azerbaycan-asker-gozlem-noktasi-aa-1476376.jpg\" \/>\n\t<meta property=\"og:image:width\" content=\"1280\" \/>\n\t<meta property=\"og:image:height\" content=\"720\" \/>\n\t<meta property=\"og:image:type\" content=\"image\/jpeg\" \/>\n<meta name=\"author\" content=\"Kuzeyin Sesi\" \/>\n<meta name=\"twitter:card\" content=\"summary_large_image\" \/>\n<meta name=\"twitter:creator\" content=\"@kuzeyinsesii\" \/>\n<meta name=\"twitter:site\" content=\"@kuzeyinsesii\" \/>\n<meta name=\"twitter:label1\" content=\"Yazan:\" \/>\n\t<meta name=\"twitter:data1\" content=\"Kuzeyin Sesi\" \/>\n\t<meta name=\"twitter:label2\" content=\"Tahmini okuma s\u00fcresi\" \/>\n\t<meta name=\"twitter:data2\" content=\"5 dakika\" \/>\n<script type=\"application\/ld+json\" class=\"yoast-schema-graph\">{\"@context\":\"https:\\\/\\\/schema.org\",\"@graph\":[{\"@type\":\"Article\",\"@id\":\"https:\\\/\\\/kuzeyinsesi.org\\\/index.php\\\/2024\\\/04\\\/26\\\/azerbaycan-uadden-ermenistanin-karabagdaki-suclarini-incelemesini-istedi\\\/#article\",\"isPartOf\":{\"@id\":\"https:\\\/\\\/kuzeyinsesi.org\\\/index.php\\\/2024\\\/04\\\/26\\\/azerbaycan-uadden-ermenistanin-karabagdaki-suclarini-incelemesini-istedi\\\/\"},\"author\":{\"name\":\"Kuzeyin Sesi\",\"@id\":\"https:\\\/\\\/kuzeyinsesi.org\\\/#\\\/schema\\\/person\\\/9f859689cdf01485597712386e37f5aa\"},\"headline\":\"Azerbaycan, UAD&#039;den Ermenistan&#039;\u0131n Karaba\u011f&#039;daki su\u00e7lar\u0131n\u0131 incelemesini istedi\",\"datePublished\":\"2024-04-26T12:27:17+00:00\",\"mainEntityOfPage\":{\"@id\":\"https:\\\/\\\/kuzeyinsesi.org\\\/index.php\\\/2024\\\/04\\\/26\\\/azerbaycan-uadden-ermenistanin-karabagdaki-suclarini-incelemesini-istedi\\\/\"},\"wordCount\":924,\"commentCount\":0,\"image\":{\"@id\":\"https:\\\/\\\/kuzeyinsesi.org\\\/index.php\\\/2024\\\/04\\\/26\\\/azerbaycan-uadden-ermenistanin-karabagdaki-suclarini-incelemesini-istedi\\\/#primaryimage\"},\"thumbnailUrl\":\"https:\\\/\\\/kuzeyinsesi.org\\\/wp-content\\\/uploads\\\/2024\\\/04\\\/azerbaycan-asker-gozlem-noktasi-aa-1476376.jpg\",\"articleSection\":[\"D\u00fcnya\"],\"inLanguage\":\"tr\",\"potentialAction\":[{\"@type\":\"CommentAction\",\"name\":\"Comment\",\"target\":[\"https:\\\/\\\/kuzeyinsesi.org\\\/index.php\\\/2024\\\/04\\\/26\\\/azerbaycan-uadden-ermenistanin-karabagdaki-suclarini-incelemesini-istedi\\\/#respond\"]}]},{\"@type\":\"WebPage\",\"@id\":\"https:\\\/\\\/kuzeyinsesi.org\\\/index.php\\\/2024\\\/04\\\/26\\\/azerbaycan-uadden-ermenistanin-karabagdaki-suclarini-incelemesini-istedi\\\/\",\"url\":\"https:\\\/\\\/kuzeyinsesi.org\\\/index.php\\\/2024\\\/04\\\/26\\\/azerbaycan-uadden-ermenistanin-karabagdaki-suclarini-incelemesini-istedi\\\/\",\"name\":\"Azerbaycan, UAD&#039;den Ermenistan&#039;\u0131n Karaba\u011f&#039;daki su\u00e7lar\u0131n\u0131 incelemesini istedi - Kuzeyin Sesi\",\"isPartOf\":{\"@id\":\"https:\\\/\\\/kuzeyinsesi.org\\\/#website\"},\"primaryImageOfPage\":{\"@id\":\"https:\\\/\\\/kuzeyinsesi.org\\\/index.php\\\/2024\\\/04\\\/26\\\/azerbaycan-uadden-ermenistanin-karabagdaki-suclarini-incelemesini-istedi\\\/#primaryimage\"},\"image\":{\"@id\":\"https:\\\/\\\/kuzeyinsesi.org\\\/index.php\\\/2024\\\/04\\\/26\\\/azerbaycan-uadden-ermenistanin-karabagdaki-suclarini-incelemesini-istedi\\\/#primaryimage\"},\"thumbnailUrl\":\"https:\\\/\\\/kuzeyinsesi.org\\\/wp-content\\\/uploads\\\/2024\\\/04\\\/azerbaycan-asker-gozlem-noktasi-aa-1476376.jpg\",\"datePublished\":\"2024-04-26T12:27:17+00:00\",\"author\":{\"@id\":\"https:\\\/\\\/kuzeyinsesi.org\\\/#\\\/schema\\\/person\\\/9f859689cdf01485597712386e37f5aa\"},\"breadcrumb\":{\"@id\":\"https:\\\/\\\/kuzeyinsesi.org\\\/index.php\\\/2024\\\/04\\\/26\\\/azerbaycan-uadden-ermenistanin-karabagdaki-suclarini-incelemesini-istedi\\\/#breadcrumb\"},\"inLanguage\":\"tr\",\"potentialAction\":[{\"@type\":\"ReadAction\",\"target\":[\"https:\\\/\\\/kuzeyinsesi.org\\\/index.php\\\/2024\\\/04\\\/26\\\/azerbaycan-uadden-ermenistanin-karabagdaki-suclarini-incelemesini-istedi\\\/\"]}]},{\"@type\":\"ImageObject\",\"inLanguage\":\"tr\",\"@id\":\"https:\\\/\\\/kuzeyinsesi.org\\\/index.php\\\/2024\\\/04\\\/26\\\/azerbaycan-uadden-ermenistanin-karabagdaki-suclarini-incelemesini-istedi\\\/#primaryimage\",\"url\":\"https:\\\/\\\/kuzeyinsesi.org\\\/wp-content\\\/uploads\\\/2024\\\/04\\\/azerbaycan-asker-gozlem-noktasi-aa-1476376.jpg\",\"contentUrl\":\"https:\\\/\\\/kuzeyinsesi.org\\\/wp-content\\\/uploads\\\/2024\\\/04\\\/azerbaycan-asker-gozlem-noktasi-aa-1476376.jpg\",\"width\":1280,\"height\":720},{\"@type\":\"BreadcrumbList\",\"@id\":\"https:\\\/\\\/kuzeyinsesi.org\\\/index.php\\\/2024\\\/04\\\/26\\\/azerbaycan-uadden-ermenistanin-karabagdaki-suclarini-incelemesini-istedi\\\/#breadcrumb\",\"itemListElement\":[{\"@type\":\"ListItem\",\"position\":1,\"name\":\"Anasayfa\",\"item\":\"https:\\\/\\\/kuzeyinsesi.org\\\/\"},{\"@type\":\"ListItem\",\"position\":2,\"name\":\"Azerbaycan, UAD&#039;den Ermenistan&#039;\u0131n Karaba\u011f&#039;daki su\u00e7lar\u0131n\u0131 incelemesini istedi\"}]},{\"@type\":\"WebSite\",\"@id\":\"https:\\\/\\\/kuzeyinsesi.org\\\/#website\",\"url\":\"https:\\\/\\\/kuzeyinsesi.org\\\/\",\"name\":\"Kuzeyin Sesi\",\"description\":\"Do\u011fru Haberin Adresi\",\"potentialAction\":[{\"@type\":\"SearchAction\",\"target\":{\"@type\":\"EntryPoint\",\"urlTemplate\":\"https:\\\/\\\/kuzeyinsesi.org\\\/?s={search_term_string}\"},\"query-input\":{\"@type\":\"PropertyValueSpecification\",\"valueRequired\":true,\"valueName\":\"search_term_string\"}}],\"inLanguage\":\"tr\"},{\"@type\":\"Person\",\"@id\":\"https:\\\/\\\/kuzeyinsesi.org\\\/#\\\/schema\\\/person\\\/9f859689cdf01485597712386e37f5aa\",\"name\":\"Kuzeyin Sesi\",\"image\":{\"@type\":\"ImageObject\",\"inLanguage\":\"tr\",\"@id\":\"https:\\\/\\\/secure.gravatar.com\\\/avatar\\\/bab33852abfd8b282518d6ed81826833d77c3c882d9ab608add591ccace47a44?s=96&d=mm&r=g\",\"url\":\"https:\\\/\\\/secure.gravatar.com\\\/avatar\\\/bab33852abfd8b282518d6ed81826833d77c3c882d9ab608add591ccace47a44?s=96&d=mm&r=g\",\"contentUrl\":\"https:\\\/\\\/secure.gravatar.com\\\/avatar\\\/bab33852abfd8b282518d6ed81826833d77c3c882d9ab608add591ccace47a44?s=96&d=mm&r=g\",\"caption\":\"Kuzeyin Sesi\"},\"sameAs\":[\"https:\\\/\\\/kuzeyinsesi.org\"],\"url\":\"https:\\\/\\\/kuzeyinsesi.org\\\/index.php\\\/author\\\/guven\\\/\"}]}<\/script>\n<!-- \/ Yoast SEO plugin. -->","yoast_head_json":{"title":"Azerbaycan, UAD&#039;den Ermenistan&#039;\u0131n Karaba\u011f&#039;daki su\u00e7lar\u0131n\u0131 incelemesini istedi - Kuzeyin Sesi","robots":{"index":"index","follow":"follow","max-snippet":"max-snippet:-1","max-image-preview":"max-image-preview:large","max-video-preview":"max-video-preview:-1"},"canonical":"https:\/\/kuzeyinsesi.org\/index.php\/2024\/04\/26\/azerbaycan-uadden-ermenistanin-karabagdaki-suclarini-incelemesini-istedi\/","og_locale":"tr_TR","og_type":"article","og_title":"Azerbaycan, UAD&#039;den Ermenistan&#039;\u0131n Karaba\u011f&#039;daki su\u00e7lar\u0131n\u0131 incelemesini istedi - Kuzeyin Sesi","og_description":"&#13; Azerbaycan taraf\u0131ndan Birle\u015fmi\u015f Milletlerin (BM) yarg\u0131 organ\u0131 UAD nezdinde &#8220;Her T\u00fcrl\u00fc Irk Ayr\u0131mc\u0131l\u0131\u011f\u0131n\u0131n Ortadan Kald\u0131r\u0131lmas\u0131na \u0130li\u015fkin Uluslararas\u0131 S\u00f6zle\u015fme&#8221;nin ihlal edildi\u011fi iddias\u0131yla Ermenistan&#8217;a kar\u015f\u0131 a\u00e7\u0131lan davada, Divan&#8217;\u0131n yarg\u0131 yetkisine ili\u015fkin duru\u015fmalar tamamland\u0131. &#13; Hollanda&#8217;n\u0131n Lahey kentinde bulunan Bar\u0131\u015f Saray\u0131&#8217;nda yap\u0131lan ve bug\u00fcn sona eren duru\u015fmalarda, Azerbaycan&#8217;\u0131n avukatlar\u0131, Ermenistan&#8217;\u0131n Karaba\u011f&#8217;\u0131 i\u015fgali s\u00fcrecinde Azerbaycan T\u00fcrklerine kar\u015f\u0131 etnik [&hellip;]","og_url":"https:\/\/kuzeyinsesi.org\/index.php\/2024\/04\/26\/azerbaycan-uadden-ermenistanin-karabagdaki-suclarini-incelemesini-istedi\/","og_site_name":"Kuzeyin Sesi","article_publisher":"https:\/\/www.facebook.com\/kuzeyinsesii","article_published_time":"2024-04-26T12:27:17+00:00","og_image":[{"width":1280,"height":720,"url":"https:\/\/kuzeyinsesi.org\/wp-content\/uploads\/2024\/04\/azerbaycan-asker-gozlem-noktasi-aa-1476376.jpg","type":"image\/jpeg"}],"author":"Kuzeyin Sesi","twitter_card":"summary_large_image","twitter_creator":"@kuzeyinsesii","twitter_site":"@kuzeyinsesii","twitter_misc":{"Yazan:":"Kuzeyin Sesi","Tahmini okuma s\u00fcresi":"5 dakika"},"schema":{"@context":"https:\/\/schema.org","@graph":[{"@type":"Article","@id":"https:\/\/kuzeyinsesi.org\/index.php\/2024\/04\/26\/azerbaycan-uadden-ermenistanin-karabagdaki-suclarini-incelemesini-istedi\/#article","isPartOf":{"@id":"https:\/\/kuzeyinsesi.org\/index.php\/2024\/04\/26\/azerbaycan-uadden-ermenistanin-karabagdaki-suclarini-incelemesini-istedi\/"},"author":{"name":"Kuzeyin Sesi","@id":"https:\/\/kuzeyinsesi.org\/#\/schema\/person\/9f859689cdf01485597712386e37f5aa"},"headline":"Azerbaycan, UAD&#039;den Ermenistan&#039;\u0131n Karaba\u011f&#039;daki su\u00e7lar\u0131n\u0131 incelemesini istedi","datePublished":"2024-04-26T12:27:17+00:00","mainEntityOfPage":{"@id":"https:\/\/kuzeyinsesi.org\/index.php\/2024\/04\/26\/azerbaycan-uadden-ermenistanin-karabagdaki-suclarini-incelemesini-istedi\/"},"wordCount":924,"commentCount":0,"image":{"@id":"https:\/\/kuzeyinsesi.org\/index.php\/2024\/04\/26\/azerbaycan-uadden-ermenistanin-karabagdaki-suclarini-incelemesini-istedi\/#primaryimage"},"thumbnailUrl":"https:\/\/kuzeyinsesi.org\/wp-content\/uploads\/2024\/04\/azerbaycan-asker-gozlem-noktasi-aa-1476376.jpg","articleSection":["D\u00fcnya"],"inLanguage":"tr","potentialAction":[{"@type":"CommentAction","name":"Comment","target":["https:\/\/kuzeyinsesi.org\/index.php\/2024\/04\/26\/azerbaycan-uadden-ermenistanin-karabagdaki-suclarini-incelemesini-istedi\/#respond"]}]},{"@type":"WebPage","@id":"https:\/\/kuzeyinsesi.org\/index.php\/2024\/04\/26\/azerbaycan-uadden-ermenistanin-karabagdaki-suclarini-incelemesini-istedi\/","url":"https:\/\/kuzeyinsesi.org\/index.php\/2024\/04\/26\/azerbaycan-uadden-ermenistanin-karabagdaki-suclarini-incelemesini-istedi\/","name":"Azerbaycan, UAD&#039;den Ermenistan&#039;\u0131n Karaba\u011f&#039;daki su\u00e7lar\u0131n\u0131 incelemesini istedi - Kuzeyin Sesi","isPartOf":{"@id":"https:\/\/kuzeyinsesi.org\/#website"},"primaryImageOfPage":{"@id":"https:\/\/kuzeyinsesi.org\/index.php\/2024\/04\/26\/azerbaycan-uadden-ermenistanin-karabagdaki-suclarini-incelemesini-istedi\/#primaryimage"},"image":{"@id":"https:\/\/kuzeyinsesi.org\/index.php\/2024\/04\/26\/azerbaycan-uadden-ermenistanin-karabagdaki-suclarini-incelemesini-istedi\/#primaryimage"},"thumbnailUrl":"https:\/\/kuzeyinsesi.org\/wp-content\/uploads\/2024\/04\/azerbaycan-asker-gozlem-noktasi-aa-1476376.jpg","datePublished":"2024-04-26T12:27:17+00:00","author":{"@id":"https:\/\/kuzeyinsesi.org\/#\/schema\/person\/9f859689cdf01485597712386e37f5aa"},"breadcrumb":{"@id":"https:\/\/kuzeyinsesi.org\/index.php\/2024\/04\/26\/azerbaycan-uadden-ermenistanin-karabagdaki-suclarini-incelemesini-istedi\/#breadcrumb"},"inLanguage":"tr","potentialAction":[{"@type":"ReadAction","target":["https:\/\/kuzeyinsesi.org\/index.php\/2024\/04\/26\/azerbaycan-uadden-ermenistanin-karabagdaki-suclarini-incelemesini-istedi\/"]}]},{"@type":"ImageObject","inLanguage":"tr","@id":"https:\/\/kuzeyinsesi.org\/index.php\/2024\/04\/26\/azerbaycan-uadden-ermenistanin-karabagdaki-suclarini-incelemesini-istedi\/#primaryimage","url":"https:\/\/kuzeyinsesi.org\/wp-content\/uploads\/2024\/04\/azerbaycan-asker-gozlem-noktasi-aa-1476376.jpg","contentUrl":"https:\/\/kuzeyinsesi.org\/wp-content\/uploads\/2024\/04\/azerbaycan-asker-gozlem-noktasi-aa-1476376.jpg","width":1280,"height":720},{"@type":"BreadcrumbList","@id":"https:\/\/kuzeyinsesi.org\/index.php\/2024\/04\/26\/azerbaycan-uadden-ermenistanin-karabagdaki-suclarini-incelemesini-istedi\/#breadcrumb","itemListElement":[{"@type":"ListItem","position":1,"name":"Anasayfa","item":"https:\/\/kuzeyinsesi.org\/"},{"@type":"ListItem","position":2,"name":"Azerbaycan, UAD&#039;den Ermenistan&#039;\u0131n Karaba\u011f&#039;daki su\u00e7lar\u0131n\u0131 incelemesini istedi"}]},{"@type":"WebSite","@id":"https:\/\/kuzeyinsesi.org\/#website","url":"https:\/\/kuzeyinsesi.org\/","name":"Kuzeyin Sesi","description":"Do\u011fru Haberin Adresi","potentialAction":[{"@type":"SearchAction","target":{"@type":"EntryPoint","urlTemplate":"https:\/\/kuzeyinsesi.org\/?s={search_term_string}"},"query-input":{"@type":"PropertyValueSpecification","valueRequired":true,"valueName":"search_term_string"}}],"inLanguage":"tr"},{"@type":"Person","@id":"https:\/\/kuzeyinsesi.org\/#\/schema\/person\/9f859689cdf01485597712386e37f5aa","name":"Kuzeyin Sesi","image":{"@type":"ImageObject","inLanguage":"tr","@id":"https:\/\/secure.gravatar.com\/avatar\/bab33852abfd8b282518d6ed81826833d77c3c882d9ab608add591ccace47a44?s=96&d=mm&r=g","url":"https:\/\/secure.gravatar.com\/avatar\/bab33852abfd8b282518d6ed81826833d77c3c882d9ab608add591ccace47a44?s=96&d=mm&r=g","contentUrl":"https:\/\/secure.gravatar.com\/avatar\/bab33852abfd8b282518d6ed81826833d77c3c882d9ab608add591ccace47a44?s=96&d=mm&r=g","caption":"Kuzeyin Sesi"},"sameAs":["https:\/\/kuzeyinsesi.org"],"url":"https:\/\/kuzeyinsesi.org\/index.php\/author\/guven\/"}]}},"_links":{"self":[{"href":"https:\/\/kuzeyinsesi.org\/index.php\/wp-json\/wp\/v2\/posts\/581","targetHints":{"allow":["GET"]}}],"collection":[{"href":"https:\/\/kuzeyinsesi.org\/index.php\/wp-json\/wp\/v2\/posts"}],"about":[{"href":"https:\/\/kuzeyinsesi.org\/index.php\/wp-json\/wp\/v2\/types\/post"}],"author":[{"embeddable":true,"href":"https:\/\/kuzeyinsesi.org\/index.php\/wp-json\/wp\/v2\/users\/1"}],"replies":[{"embeddable":true,"href":"https:\/\/kuzeyinsesi.org\/index.php\/wp-json\/wp\/v2\/comments?post=581"}],"version-history":[{"count":0,"href":"https:\/\/kuzeyinsesi.org\/index.php\/wp-json\/wp\/v2\/posts\/581\/revisions"}],"wp:featuredmedia":[{"embeddable":true,"href":"https:\/\/kuzeyinsesi.org\/index.php\/wp-json\/wp\/v2\/media\/582"}],"wp:attachment":[{"href":"https:\/\/kuzeyinsesi.org\/index.php\/wp-json\/wp\/v2\/media?parent=581"}],"wp:term":[{"taxonomy":"category","embeddable":true,"href":"https:\/\/kuzeyinsesi.org\/index.php\/wp-json\/wp\/v2\/categories?post=581"},{"taxonomy":"post_tag","embeddable":true,"href":"https:\/\/kuzeyinsesi.org\/index.php\/wp-json\/wp\/v2\/tags?post=581"}],"curies":[{"name":"wp","href":"https:\/\/api.w.org\/{rel}","templated":true}]}}