{"id":5767,"date":"2024-07-03T16:22:29","date_gmt":"2024-07-03T13:22:29","guid":{"rendered":"https:\/\/kuzeyinsesi.org\/index.php\/2024\/07\/03\/othello-kalesinde-uc-farkli-grup-sahne-aldi\/"},"modified":"2024-07-03T16:22:29","modified_gmt":"2024-07-03T13:22:29","slug":"othello-kalesinde-uc-farkli-grup-sahne-aldi","status":"publish","type":"post","link":"https:\/\/kuzeyinsesi.org\/index.php\/2024\/07\/03\/othello-kalesinde-uc-farkli-grup-sahne-aldi\/","title":{"rendered":"Othello Kalesi\u2019nde \u00fc\u00e7 farkl\u0131 grup sahne ald\u0131"},"content":{"rendered":"<div>\n<div class=\"mariselle-image-container center\">\n                                            <\/div>\n<p>Gazima\u011fusa Belediyesi\u2019nin bu y\u0131l Alt\u0131n Sponsor Ark\u0131n Group, \u0130leti\u015fim Sponsoru Kuzey K\u0131br\u0131s Turkcell\u2019in katk\u0131lar\u0131yla 24\u2019\u00fcnc\u00fcs\u00fcn\u00fc d\u00fczenledi\u011fi Uluslararas\u0131 Ma\u011fusa K\u00fclt\u00fcr Sanat Festivali devam ediyor. D\u00fcn ak\u015fam Othello Kalesi\u2019nde \u00fc\u00e7 farkl\u0131 m\u00fczik grubu sahne ald\u0131.<\/p>\n<p>Belediyeden yap\u0131lan a\u00e7\u0131klamaya g\u00f6re, Othello Kalesi\u2019nin d\u0131\u015f bah\u00e7e alan\u0131nda kurulan sahnede, Cemre Arca ve The Beez, Island Seeds ve Buzz Ayaz konserleri yer ald\u0131.<\/p>\n<p>K\u0131br\u0131sl\u0131 Rum ve K\u0131br\u0131sl\u0131 T\u00fcrk m\u00fczisyenlerin bir araya geldi\u011fi gecede, \u0130ngilizce, T\u00fcrk\u00e7e ve Rumca dillerinde evrensel m\u00fczik ve \u00f6zg\u00fcn besteler seslendirildi.<\/p>\n<p><strong>-\u201cRichard\u201d yar\u0131n ak\u015fam Salamis Antik Tiyatro\u2019da<\/strong><\/p>\n<p>Festival kapsam\u0131nda Okan Bay\u00fclgen\u2019in, Shakespeare\u2019in \u00fcnl\u00fc tragedyas\u0131ndan esinlenerek, yaz\u0131p y\u00f6netti\u011fi \u201cRichard\u201d yar\u0131n ak\u015fam KKTC\u2019de ilk kez sahnelenecek.<\/p>\n<p>Bay\u00fclgen, Shakespeare\u2019in Richard\u2019\u0131na bu yeni y\u00fczy\u0131l\u0131n ilk \u00e7eyre\u011finden bak\u0131yor. Modern filozoflar\u0131n yakla\u015f\u0131mlar\u0131n\u0131 ele alarak, Richard\u2019\u0131n \u00f6tekili\u011fini, Shakespeare\u2019in Richard\u2019\u0131 ele al\u0131\u015f\u0131n\u0131 tart\u0131\u015fmaya a\u00e7\u0131yor.<\/p>\n<p>Bay\u00fclgen\u2019in \u201cRichard\u201d karakterini canland\u0131rd\u0131\u011f\u0131 oyun, Net Sanat \u2013 Kabare Dada ortak yap\u0131m\u0131\u2026<\/p>\n<\/p><\/div>\n<p><script async\n                    defer\n                    crossorigin=\"anonymous\"\n                    src=\"https:\/\/connect.facebook.net\/tr_TR\/sdk.js#xfbml=1&#038;version=v3.3\"\n            ><\/script><\/p>\n","protected":false},"excerpt":{"rendered":"<p>Gazima\u011fusa Belediyesi\u2019nin bu y\u0131l Alt\u0131n Sponsor Ark\u0131n Group, \u0130leti\u015fim Sponsoru Kuzey K\u0131br\u0131s Turkcell\u2019in katk\u0131lar\u0131yla 24\u2019\u00fcnc\u00fcs\u00fcn\u00fc d\u00fczenledi\u011fi Uluslararas\u0131 Ma\u011fusa K\u00fclt\u00fcr Sanat Festivali devam ediyor. D\u00fcn ak\u015fam Othello Kalesi\u2019nde \u00fc\u00e7 farkl\u0131 m\u00fczik grubu sahne ald\u0131. Belediyeden yap\u0131lan a\u00e7\u0131klamaya g\u00f6re, Othello Kalesi\u2019nin d\u0131\u015f bah\u00e7e alan\u0131nda kurulan sahnede, Cemre Arca ve The Beez, Island Seeds ve Buzz Ayaz konserleri [&hellip;]<\/p>\n","protected":false},"author":1,"featured_media":5768,"comment_status":"open","ping_status":"open","sticky":false,"template":"","format":"standard","meta":{"jnews-multi-image_gallery":[],"jnews_single_post":[],"jnews_primary_category":[],"jnews_social_meta":[],"jnews_override_counter":[],"footnotes":""},"categories":[6],"tags":[],"class_list":["post-5767","post","type-post","status-publish","format-standard","has-post-thumbnail","hentry","category-yasam"],"yoast_head":"<!-- This site is optimized with the Yoast SEO plugin v27.5 - https:\/\/yoast.com\/product\/yoast-seo-wordpress\/ -->\n<title>Othello Kalesi\u2019nde \u00fc\u00e7 farkl\u0131 grup sahne ald\u0131 - Kuzeyin Sesi<\/title>\n<meta name=\"robots\" content=\"index, follow, max-snippet:-1, max-image-preview:large, max-video-preview:-1\" \/>\n<link rel=\"canonical\" href=\"https:\/\/kuzeyinsesi.org\/index.php\/2024\/07\/03\/othello-kalesinde-uc-farkli-grup-sahne-aldi\/\" \/>\n<meta property=\"og:locale\" content=\"tr_TR\" \/>\n<meta property=\"og:type\" content=\"article\" \/>\n<meta property=\"og:title\" content=\"Othello Kalesi\u2019nde \u00fc\u00e7 farkl\u0131 grup sahne ald\u0131 - Kuzeyin Sesi\" \/>\n<meta property=\"og:description\" content=\"Gazima\u011fusa Belediyesi\u2019nin bu y\u0131l Alt\u0131n Sponsor Ark\u0131n Group, \u0130leti\u015fim Sponsoru Kuzey K\u0131br\u0131s Turkcell\u2019in katk\u0131lar\u0131yla 24\u2019\u00fcnc\u00fcs\u00fcn\u00fc d\u00fczenledi\u011fi Uluslararas\u0131 Ma\u011fusa K\u00fclt\u00fcr Sanat Festivali devam ediyor. D\u00fcn ak\u015fam Othello Kalesi\u2019nde \u00fc\u00e7 farkl\u0131 m\u00fczik grubu sahne ald\u0131. Belediyeden yap\u0131lan a\u00e7\u0131klamaya g\u00f6re, Othello Kalesi\u2019nin d\u0131\u015f bah\u00e7e alan\u0131nda kurulan sahnede, Cemre Arca ve The Beez, Island Seeds ve Buzz Ayaz konserleri [&hellip;]\" \/>\n<meta property=\"og:url\" content=\"https:\/\/kuzeyinsesi.org\/index.php\/2024\/07\/03\/othello-kalesinde-uc-farkli-grup-sahne-aldi\/\" \/>\n<meta property=\"og:site_name\" content=\"Kuzeyin Sesi\" \/>\n<meta property=\"article:publisher\" content=\"https:\/\/www.facebook.com\/kuzeyinsesii\" \/>\n<meta property=\"article:published_time\" content=\"2024-07-03T13:22:29+00:00\" \/>\n<meta property=\"og:image\" content=\"https:\/\/kuzeyinsesi.org\/wp-content\/uploads\/2024\/07\/1414-scaled.jpg\" \/>\n\t<meta property=\"og:image:width\" content=\"2560\" \/>\n\t<meta property=\"og:image:height\" content=\"1707\" \/>\n\t<meta property=\"og:image:type\" content=\"image\/jpeg\" \/>\n<meta name=\"author\" content=\"Kuzeyin Sesi\" \/>\n<meta name=\"twitter:card\" content=\"summary_large_image\" \/>\n<meta name=\"twitter:creator\" content=\"@kuzeyinsesii\" \/>\n<meta name=\"twitter:site\" content=\"@kuzeyinsesii\" \/>\n<meta name=\"twitter:label1\" content=\"Yazan:\" \/>\n\t<meta name=\"twitter:data1\" content=\"Kuzeyin Sesi\" \/>\n\t<meta name=\"twitter:label2\" content=\"Tahmini okuma s\u00fcresi\" \/>\n\t<meta name=\"twitter:data2\" content=\"1 dakika\" \/>\n<script type=\"application\/ld+json\" class=\"yoast-schema-graph\">{\"@context\":\"https:\\\/\\\/schema.org\",\"@graph\":[{\"@type\":\"Article\",\"@id\":\"https:\\\/\\\/kuzeyinsesi.org\\\/index.php\\\/2024\\\/07\\\/03\\\/othello-kalesinde-uc-farkli-grup-sahne-aldi\\\/#article\",\"isPartOf\":{\"@id\":\"https:\\\/\\\/kuzeyinsesi.org\\\/index.php\\\/2024\\\/07\\\/03\\\/othello-kalesinde-uc-farkli-grup-sahne-aldi\\\/\"},\"author\":{\"name\":\"Kuzeyin Sesi\",\"@id\":\"https:\\\/\\\/kuzeyinsesi.org\\\/#\\\/schema\\\/person\\\/9f859689cdf01485597712386e37f5aa\"},\"headline\":\"Othello Kalesi\u2019nde \u00fc\u00e7 farkl\u0131 grup sahne ald\u0131\",\"datePublished\":\"2024-07-03T13:22:29+00:00\",\"mainEntityOfPage\":{\"@id\":\"https:\\\/\\\/kuzeyinsesi.org\\\/index.php\\\/2024\\\/07\\\/03\\\/othello-kalesinde-uc-farkli-grup-sahne-aldi\\\/\"},\"wordCount\":215,\"commentCount\":0,\"image\":{\"@id\":\"https:\\\/\\\/kuzeyinsesi.org\\\/index.php\\\/2024\\\/07\\\/03\\\/othello-kalesinde-uc-farkli-grup-sahne-aldi\\\/#primaryimage\"},\"thumbnailUrl\":\"https:\\\/\\\/kuzeyinsesi.org\\\/wp-content\\\/uploads\\\/2024\\\/07\\\/1414-scaled.jpg\",\"articleSection\":[\"Ya\u015fam\"],\"inLanguage\":\"tr\",\"potentialAction\":[{\"@type\":\"CommentAction\",\"name\":\"Comment\",\"target\":[\"https:\\\/\\\/kuzeyinsesi.org\\\/index.php\\\/2024\\\/07\\\/03\\\/othello-kalesinde-uc-farkli-grup-sahne-aldi\\\/#respond\"]}]},{\"@type\":\"WebPage\",\"@id\":\"https:\\\/\\\/kuzeyinsesi.org\\\/index.php\\\/2024\\\/07\\\/03\\\/othello-kalesinde-uc-farkli-grup-sahne-aldi\\\/\",\"url\":\"https:\\\/\\\/kuzeyinsesi.org\\\/index.php\\\/2024\\\/07\\\/03\\\/othello-kalesinde-uc-farkli-grup-sahne-aldi\\\/\",\"name\":\"Othello Kalesi\u2019nde \u00fc\u00e7 farkl\u0131 grup sahne ald\u0131 - Kuzeyin Sesi\",\"isPartOf\":{\"@id\":\"https:\\\/\\\/kuzeyinsesi.org\\\/#website\"},\"primaryImageOfPage\":{\"@id\":\"https:\\\/\\\/kuzeyinsesi.org\\\/index.php\\\/2024\\\/07\\\/03\\\/othello-kalesinde-uc-farkli-grup-sahne-aldi\\\/#primaryimage\"},\"image\":{\"@id\":\"https:\\\/\\\/kuzeyinsesi.org\\\/index.php\\\/2024\\\/07\\\/03\\\/othello-kalesinde-uc-farkli-grup-sahne-aldi\\\/#primaryimage\"},\"thumbnailUrl\":\"https:\\\/\\\/kuzeyinsesi.org\\\/wp-content\\\/uploads\\\/2024\\\/07\\\/1414-scaled.jpg\",\"datePublished\":\"2024-07-03T13:22:29+00:00\",\"author\":{\"@id\":\"https:\\\/\\\/kuzeyinsesi.org\\\/#\\\/schema\\\/person\\\/9f859689cdf01485597712386e37f5aa\"},\"breadcrumb\":{\"@id\":\"https:\\\/\\\/kuzeyinsesi.org\\\/index.php\\\/2024\\\/07\\\/03\\\/othello-kalesinde-uc-farkli-grup-sahne-aldi\\\/#breadcrumb\"},\"inLanguage\":\"tr\",\"potentialAction\":[{\"@type\":\"ReadAction\",\"target\":[\"https:\\\/\\\/kuzeyinsesi.org\\\/index.php\\\/2024\\\/07\\\/03\\\/othello-kalesinde-uc-farkli-grup-sahne-aldi\\\/\"]}]},{\"@type\":\"ImageObject\",\"inLanguage\":\"tr\",\"@id\":\"https:\\\/\\\/kuzeyinsesi.org\\\/index.php\\\/2024\\\/07\\\/03\\\/othello-kalesinde-uc-farkli-grup-sahne-aldi\\\/#primaryimage\",\"url\":\"https:\\\/\\\/kuzeyinsesi.org\\\/wp-content\\\/uploads\\\/2024\\\/07\\\/1414-scaled.jpg\",\"contentUrl\":\"https:\\\/\\\/kuzeyinsesi.org\\\/wp-content\\\/uploads\\\/2024\\\/07\\\/1414-scaled.jpg\",\"width\":2560,\"height\":1707},{\"@type\":\"BreadcrumbList\",\"@id\":\"https:\\\/\\\/kuzeyinsesi.org\\\/index.php\\\/2024\\\/07\\\/03\\\/othello-kalesinde-uc-farkli-grup-sahne-aldi\\\/#breadcrumb\",\"itemListElement\":[{\"@type\":\"ListItem\",\"position\":1,\"name\":\"Anasayfa\",\"item\":\"https:\\\/\\\/kuzeyinsesi.org\\\/\"},{\"@type\":\"ListItem\",\"position\":2,\"name\":\"Othello Kalesi\u2019nde \u00fc\u00e7 farkl\u0131 grup sahne ald\u0131\"}]},{\"@type\":\"WebSite\",\"@id\":\"https:\\\/\\\/kuzeyinsesi.org\\\/#website\",\"url\":\"https:\\\/\\\/kuzeyinsesi.org\\\/\",\"name\":\"Kuzeyin Sesi\",\"description\":\"Do\u011fru Haberin Adresi\",\"potentialAction\":[{\"@type\":\"SearchAction\",\"target\":{\"@type\":\"EntryPoint\",\"urlTemplate\":\"https:\\\/\\\/kuzeyinsesi.org\\\/?s={search_term_string}\"},\"query-input\":{\"@type\":\"PropertyValueSpecification\",\"valueRequired\":true,\"valueName\":\"search_term_string\"}}],\"inLanguage\":\"tr\"},{\"@type\":\"Person\",\"@id\":\"https:\\\/\\\/kuzeyinsesi.org\\\/#\\\/schema\\\/person\\\/9f859689cdf01485597712386e37f5aa\",\"name\":\"Kuzeyin Sesi\",\"image\":{\"@type\":\"ImageObject\",\"inLanguage\":\"tr\",\"@id\":\"https:\\\/\\\/secure.gravatar.com\\\/avatar\\\/bab33852abfd8b282518d6ed81826833d77c3c882d9ab608add591ccace47a44?s=96&d=mm&r=g\",\"url\":\"https:\\\/\\\/secure.gravatar.com\\\/avatar\\\/bab33852abfd8b282518d6ed81826833d77c3c882d9ab608add591ccace47a44?s=96&d=mm&r=g\",\"contentUrl\":\"https:\\\/\\\/secure.gravatar.com\\\/avatar\\\/bab33852abfd8b282518d6ed81826833d77c3c882d9ab608add591ccace47a44?s=96&d=mm&r=g\",\"caption\":\"Kuzeyin Sesi\"},\"sameAs\":[\"https:\\\/\\\/kuzeyinsesi.org\"],\"url\":\"https:\\\/\\\/kuzeyinsesi.org\\\/index.php\\\/author\\\/guven\\\/\"}]}<\/script>\n<!-- \/ Yoast SEO plugin. -->","yoast_head_json":{"title":"Othello Kalesi\u2019nde \u00fc\u00e7 farkl\u0131 grup sahne ald\u0131 - Kuzeyin Sesi","robots":{"index":"index","follow":"follow","max-snippet":"max-snippet:-1","max-image-preview":"max-image-preview:large","max-video-preview":"max-video-preview:-1"},"canonical":"https:\/\/kuzeyinsesi.org\/index.php\/2024\/07\/03\/othello-kalesinde-uc-farkli-grup-sahne-aldi\/","og_locale":"tr_TR","og_type":"article","og_title":"Othello Kalesi\u2019nde \u00fc\u00e7 farkl\u0131 grup sahne ald\u0131 - Kuzeyin Sesi","og_description":"Gazima\u011fusa Belediyesi\u2019nin bu y\u0131l Alt\u0131n Sponsor Ark\u0131n Group, \u0130leti\u015fim Sponsoru Kuzey K\u0131br\u0131s Turkcell\u2019in katk\u0131lar\u0131yla 24\u2019\u00fcnc\u00fcs\u00fcn\u00fc d\u00fczenledi\u011fi Uluslararas\u0131 Ma\u011fusa K\u00fclt\u00fcr Sanat Festivali devam ediyor. D\u00fcn ak\u015fam Othello Kalesi\u2019nde \u00fc\u00e7 farkl\u0131 m\u00fczik grubu sahne ald\u0131. Belediyeden yap\u0131lan a\u00e7\u0131klamaya g\u00f6re, Othello Kalesi\u2019nin d\u0131\u015f bah\u00e7e alan\u0131nda kurulan sahnede, Cemre Arca ve The Beez, Island Seeds ve Buzz Ayaz konserleri [&hellip;]","og_url":"https:\/\/kuzeyinsesi.org\/index.php\/2024\/07\/03\/othello-kalesinde-uc-farkli-grup-sahne-aldi\/","og_site_name":"Kuzeyin Sesi","article_publisher":"https:\/\/www.facebook.com\/kuzeyinsesii","article_published_time":"2024-07-03T13:22:29+00:00","og_image":[{"width":2560,"height":1707,"url":"https:\/\/kuzeyinsesi.org\/wp-content\/uploads\/2024\/07\/1414-scaled.jpg","type":"image\/jpeg"}],"author":"Kuzeyin Sesi","twitter_card":"summary_large_image","twitter_creator":"@kuzeyinsesii","twitter_site":"@kuzeyinsesii","twitter_misc":{"Yazan:":"Kuzeyin Sesi","Tahmini okuma s\u00fcresi":"1 dakika"},"schema":{"@context":"https:\/\/schema.org","@graph":[{"@type":"Article","@id":"https:\/\/kuzeyinsesi.org\/index.php\/2024\/07\/03\/othello-kalesinde-uc-farkli-grup-sahne-aldi\/#article","isPartOf":{"@id":"https:\/\/kuzeyinsesi.org\/index.php\/2024\/07\/03\/othello-kalesinde-uc-farkli-grup-sahne-aldi\/"},"author":{"name":"Kuzeyin Sesi","@id":"https:\/\/kuzeyinsesi.org\/#\/schema\/person\/9f859689cdf01485597712386e37f5aa"},"headline":"Othello Kalesi\u2019nde \u00fc\u00e7 farkl\u0131 grup sahne ald\u0131","datePublished":"2024-07-03T13:22:29+00:00","mainEntityOfPage":{"@id":"https:\/\/kuzeyinsesi.org\/index.php\/2024\/07\/03\/othello-kalesinde-uc-farkli-grup-sahne-aldi\/"},"wordCount":215,"commentCount":0,"image":{"@id":"https:\/\/kuzeyinsesi.org\/index.php\/2024\/07\/03\/othello-kalesinde-uc-farkli-grup-sahne-aldi\/#primaryimage"},"thumbnailUrl":"https:\/\/kuzeyinsesi.org\/wp-content\/uploads\/2024\/07\/1414-scaled.jpg","articleSection":["Ya\u015fam"],"inLanguage":"tr","potentialAction":[{"@type":"CommentAction","name":"Comment","target":["https:\/\/kuzeyinsesi.org\/index.php\/2024\/07\/03\/othello-kalesinde-uc-farkli-grup-sahne-aldi\/#respond"]}]},{"@type":"WebPage","@id":"https:\/\/kuzeyinsesi.org\/index.php\/2024\/07\/03\/othello-kalesinde-uc-farkli-grup-sahne-aldi\/","url":"https:\/\/kuzeyinsesi.org\/index.php\/2024\/07\/03\/othello-kalesinde-uc-farkli-grup-sahne-aldi\/","name":"Othello Kalesi\u2019nde \u00fc\u00e7 farkl\u0131 grup sahne ald\u0131 - Kuzeyin Sesi","isPartOf":{"@id":"https:\/\/kuzeyinsesi.org\/#website"},"primaryImageOfPage":{"@id":"https:\/\/kuzeyinsesi.org\/index.php\/2024\/07\/03\/othello-kalesinde-uc-farkli-grup-sahne-aldi\/#primaryimage"},"image":{"@id":"https:\/\/kuzeyinsesi.org\/index.php\/2024\/07\/03\/othello-kalesinde-uc-farkli-grup-sahne-aldi\/#primaryimage"},"thumbnailUrl":"https:\/\/kuzeyinsesi.org\/wp-content\/uploads\/2024\/07\/1414-scaled.jpg","datePublished":"2024-07-03T13:22:29+00:00","author":{"@id":"https:\/\/kuzeyinsesi.org\/#\/schema\/person\/9f859689cdf01485597712386e37f5aa"},"breadcrumb":{"@id":"https:\/\/kuzeyinsesi.org\/index.php\/2024\/07\/03\/othello-kalesinde-uc-farkli-grup-sahne-aldi\/#breadcrumb"},"inLanguage":"tr","potentialAction":[{"@type":"ReadAction","target":["https:\/\/kuzeyinsesi.org\/index.php\/2024\/07\/03\/othello-kalesinde-uc-farkli-grup-sahne-aldi\/"]}]},{"@type":"ImageObject","inLanguage":"tr","@id":"https:\/\/kuzeyinsesi.org\/index.php\/2024\/07\/03\/othello-kalesinde-uc-farkli-grup-sahne-aldi\/#primaryimage","url":"https:\/\/kuzeyinsesi.org\/wp-content\/uploads\/2024\/07\/1414-scaled.jpg","contentUrl":"https:\/\/kuzeyinsesi.org\/wp-content\/uploads\/2024\/07\/1414-scaled.jpg","width":2560,"height":1707},{"@type":"BreadcrumbList","@id":"https:\/\/kuzeyinsesi.org\/index.php\/2024\/07\/03\/othello-kalesinde-uc-farkli-grup-sahne-aldi\/#breadcrumb","itemListElement":[{"@type":"ListItem","position":1,"name":"Anasayfa","item":"https:\/\/kuzeyinsesi.org\/"},{"@type":"ListItem","position":2,"name":"Othello Kalesi\u2019nde \u00fc\u00e7 farkl\u0131 grup sahne ald\u0131"}]},{"@type":"WebSite","@id":"https:\/\/kuzeyinsesi.org\/#website","url":"https:\/\/kuzeyinsesi.org\/","name":"Kuzeyin Sesi","description":"Do\u011fru Haberin Adresi","potentialAction":[{"@type":"SearchAction","target":{"@type":"EntryPoint","urlTemplate":"https:\/\/kuzeyinsesi.org\/?s={search_term_string}"},"query-input":{"@type":"PropertyValueSpecification","valueRequired":true,"valueName":"search_term_string"}}],"inLanguage":"tr"},{"@type":"Person","@id":"https:\/\/kuzeyinsesi.org\/#\/schema\/person\/9f859689cdf01485597712386e37f5aa","name":"Kuzeyin Sesi","image":{"@type":"ImageObject","inLanguage":"tr","@id":"https:\/\/secure.gravatar.com\/avatar\/bab33852abfd8b282518d6ed81826833d77c3c882d9ab608add591ccace47a44?s=96&d=mm&r=g","url":"https:\/\/secure.gravatar.com\/avatar\/bab33852abfd8b282518d6ed81826833d77c3c882d9ab608add591ccace47a44?s=96&d=mm&r=g","contentUrl":"https:\/\/secure.gravatar.com\/avatar\/bab33852abfd8b282518d6ed81826833d77c3c882d9ab608add591ccace47a44?s=96&d=mm&r=g","caption":"Kuzeyin Sesi"},"sameAs":["https:\/\/kuzeyinsesi.org"],"url":"https:\/\/kuzeyinsesi.org\/index.php\/author\/guven\/"}]}},"_links":{"self":[{"href":"https:\/\/kuzeyinsesi.org\/index.php\/wp-json\/wp\/v2\/posts\/5767","targetHints":{"allow":["GET"]}}],"collection":[{"href":"https:\/\/kuzeyinsesi.org\/index.php\/wp-json\/wp\/v2\/posts"}],"about":[{"href":"https:\/\/kuzeyinsesi.org\/index.php\/wp-json\/wp\/v2\/types\/post"}],"author":[{"embeddable":true,"href":"https:\/\/kuzeyinsesi.org\/index.php\/wp-json\/wp\/v2\/users\/1"}],"replies":[{"embeddable":true,"href":"https:\/\/kuzeyinsesi.org\/index.php\/wp-json\/wp\/v2\/comments?post=5767"}],"version-history":[{"count":0,"href":"https:\/\/kuzeyinsesi.org\/index.php\/wp-json\/wp\/v2\/posts\/5767\/revisions"}],"wp:featuredmedia":[{"embeddable":true,"href":"https:\/\/kuzeyinsesi.org\/index.php\/wp-json\/wp\/v2\/media\/5768"}],"wp:attachment":[{"href":"https:\/\/kuzeyinsesi.org\/index.php\/wp-json\/wp\/v2\/media?parent=5767"}],"wp:term":[{"taxonomy":"category","embeddable":true,"href":"https:\/\/kuzeyinsesi.org\/index.php\/wp-json\/wp\/v2\/categories?post=5767"},{"taxonomy":"post_tag","embeddable":true,"href":"https:\/\/kuzeyinsesi.org\/index.php\/wp-json\/wp\/v2\/tags?post=5767"}],"curies":[{"name":"wp","href":"https:\/\/api.w.org\/{rel}","templated":true}]}}