{"id":5747,"date":"2024-07-03T13:18:29","date_gmt":"2024-07-03T10:18:29","guid":{"rendered":"https:\/\/kuzeyinsesi.org\/index.php\/2024\/07\/03\/art-for-social-action-hibe-programi-icin-secilen-kisi-ve-kuruluslar-aciklandi\/"},"modified":"2024-07-03T13:18:29","modified_gmt":"2024-07-03T10:18:29","slug":"art-for-social-action-hibe-programi-icin-secilen-kisi-ve-kuruluslar-aciklandi","status":"publish","type":"post","link":"https:\/\/kuzeyinsesi.org\/index.php\/2024\/07\/03\/art-for-social-action-hibe-programi-icin-secilen-kisi-ve-kuruluslar-aciklandi\/","title":{"rendered":"\u201cArt for Social Action\u201d Hibe Program\u0131 i\u00e7in se\u00e7ilen ki\u015fi ve kurulu\u015flar a\u00e7\u0131kland\u0131"},"content":{"rendered":"<div>\n<div class=\"mariselle-image-container center\">\n                                            <\/div>\n<p>\u201cArts for Social Action\u201d (ASA) Hibe Program\u0131 i\u00e7in se\u00e7ilen ki\u015fi ve kurulu\u015flar a\u00e7\u0131kland\u0131.<\/p>\n<p>ASA Hibe Program\u0131\u2019ndan yap\u0131lan a\u00e7\u0131klamada, 40 bin euro mali yard\u0131mla \u00f6d\u00fcllendirilen projeler \u015funlard\u0131r:<\/p>\n<p>\u201cInvisible Work: Sanat\u00e7\u0131 Andriana Lagoudes ve Generations for Change (GFC), K\u0131br\u0131s\u2019\u0131n i\u015fg\u00fcc\u00fc piyasas\u0131nda m\u00fclteci ve g\u00f6\u00e7menlerin kar\u015f\u0131la\u015ft\u0131\u011f\u0131 zorluklara dikkat \u00e7ekiyor. Ara\u015ft\u0131rmaya dayal\u0131 bu proje, bu deneyimleri yans\u0131tan ve \u0131rk\u00e7\u0131l\u0131k kar\u015f\u0131t\u0131 \u00e7abalar\u0131 te\u015fvik eden g\u00f6rsel materyaller yaratmay\u0131 ama\u00e7l\u0131yor.<\/p>\n<p>We Are Not Ghosts: D6 ve \u015fair Nafia Akdeniz\u2019in ortak \u00e7al\u0131\u015fmas\u0131 olan bu ses y\u00fcr\u00fcy\u00fc\u015f\u00fc, Akdeniz\u2019in yerinden edilme \u00fczerine yazd\u0131\u011f\u0131 \u015fiirleri i\u00e7eriyor. Bu \u015fiirlere \u00e7evrimi\u00e7i platform ve Mara\u015f\u2019taki QR kodlar\u0131 arac\u0131l\u0131\u011f\u0131yla eri\u015filebiliyor. Proje, Ma\u011fusa\/Varo\u015fa\u2019n\u0131n tarihinin insan\u00fczerindeki etkisini ara\u015ft\u0131r\u0131yor ve s\u00fcr\u00fckleyici dinleme deneyimleri arac\u0131l\u0131\u011f\u0131yla yeni anlay\u0131\u015flar\u0131 te\u015fvik etmeyi ama\u00e7l\u0131yor.<\/p>\n<p>Queer Reconciliation in Cyprus: Kuir K\u0131br\u0131s Derne\u011fi ve sanat\u00e7\u0131 Nurtane Karagil taraf\u0131ndan y\u00fcr\u00fct\u00fclen bu proje, Gazima\u011fusa\u2019da sanat, at\u00f6lye \u00e7al\u0131\u015fmalar\u0131 ve kampanyalar arac\u0131l\u0131\u011f\u0131yla LGBT\u0130+ haklar\u0131n\u0131 ve kapsay\u0131c\u0131l\u0131\u011f\u0131n\u0131 te\u015fvik etmektedir. Mural \u00e7al\u0131\u015fmalar\u0131 ve sosyal medya kampanyalar\u0131 toplumsal normlara meydan okuyor ve sosyal adalet konusunda diyalo\u011fu te\u015fvik ediyor.<\/p>\n<p>Weave &amp; Reveal: Sanat\u00e7\u0131lar Nun\u00e9 Tounjikian ve Evita Brolisa tekstil at\u0131klar\u0131n\u0131 canl\u0131 bir sanat enstalasyonuna d\u00f6n\u00fc\u015ft\u00fcr\u00fcyor. Ortak dokuma seanslar\u0131 arac\u0131l\u0131\u011f\u0131yla proje, zanaatk\u00e2rl\u0131\u011f\u0131n ve kolektif eylemin de\u011ferini vurguluyor ve \u00e7evre ve insan haklar\u0131 kayg\u0131lar\u0131n\u0131 ele al\u0131yor.<\/p>\n<p>From Hope to Home: \u201cHope for Children\u201d CRC Policy Center ve sanat\u00e7\u0131 Stefanos Papadas, \u00e7ok duyulu bir g\u00f6rsel-i\u015fitsel enstalasyon arac\u0131l\u0131\u011f\u0131yla koruyucu aile bak\u0131m\u0131 konusunda fark\u0131ndal\u0131k yarat\u0131yor. Yolculuk, empati ve \u00e7ocuk g\u00fcvenli\u011fine ba\u011fl\u0131l\u0131\u011f\u0131 te\u015fvik etmeyi ama\u00e7layan e\u011fitici bir y\u00fcr\u00fcy\u00fc\u015f ve canl\u0131 m\u00fczik i\u00e7eriyor.<\/p>\n<p>Bridge Builders: Sanat\u00e7\u0131lar Eisa Baddour ve Rictus Franck, K\u0131br\u0131s\u2019taki g\u00f6\u00e7menlerin sanatsal yolculuklar\u0131n\u0131 sergileyen ortak bir proje arac\u0131l\u0131\u011f\u0131yla empati ve anlay\u0131\u015f\u0131 te\u015fvik ediyor. Proje, daha kapsay\u0131c\u0131 bir toplumu savunmak i\u00e7in multidisipliner bir yakla\u015f\u0131m\u0131 bir araya getiriyor.<\/p>\n<p>Reflect on Nature: Sanat\u00e7\u0131 Christina Zaris ve SPOT Alagadi Koruma Merkezi, ziyaret\u00e7ileri K\u0131br\u0131s deniz ya\u015fam\u0131 hakk\u0131nda e\u011fitmek i\u00e7in a\u00e7\u0131k havada s\u00fcr\u00fckleyici bir enstalasyon yaratt\u0131. Proje, koruma merkezinin bah\u00e7esindeki a\u011fa\u00e7lar aras\u0131nda d\u00f6n\u00fc\u015ft\u00fcr\u00fcc\u00fc bir deneyim sunarak ziyaret\u00e7ilere vah\u015fi ya\u015fam\u0131 koruma konusunda ilham vermeyi ama\u00e7l\u0131yor.\u201d<\/p>\n<\/p><\/div>\n<p><script async\n                    defer\n                    crossorigin=\"anonymous\"\n                    src=\"https:\/\/connect.facebook.net\/tr_TR\/sdk.js#xfbml=1&#038;version=v3.3\"\n            ><\/script><\/p>\n","protected":false},"excerpt":{"rendered":"<p>\u201cArts for Social Action\u201d (ASA) Hibe Program\u0131 i\u00e7in se\u00e7ilen ki\u015fi ve kurulu\u015flar a\u00e7\u0131kland\u0131. ASA Hibe Program\u0131\u2019ndan yap\u0131lan a\u00e7\u0131klamada, 40 bin euro mali yard\u0131mla \u00f6d\u00fcllendirilen projeler \u015funlard\u0131r: \u201cInvisible Work: Sanat\u00e7\u0131 Andriana Lagoudes ve Generations for Change (GFC), K\u0131br\u0131s\u2019\u0131n i\u015fg\u00fcc\u00fc piyasas\u0131nda m\u00fclteci ve g\u00f6\u00e7menlerin kar\u015f\u0131la\u015ft\u0131\u011f\u0131 zorluklara dikkat \u00e7ekiyor. Ara\u015ft\u0131rmaya dayal\u0131 bu proje, bu deneyimleri yans\u0131tan ve \u0131rk\u00e7\u0131l\u0131k [&hellip;]<\/p>\n","protected":false},"author":1,"featured_media":5748,"comment_status":"open","ping_status":"open","sticky":false,"template":"","format":"standard","meta":{"jnews-multi-image_gallery":[],"jnews_single_post":[],"jnews_primary_category":[],"jnews_social_meta":[],"jnews_override_counter":[],"footnotes":""},"categories":[6],"tags":[],"class_list":["post-5747","post","type-post","status-publish","format-standard","has-post-thumbnail","hentry","category-yasam"],"yoast_head":"<!-- This site is optimized with the Yoast SEO plugin v27.5 - https:\/\/yoast.com\/product\/yoast-seo-wordpress\/ -->\n<title>\u201cArt for Social Action\u201d Hibe Program\u0131 i\u00e7in se\u00e7ilen ki\u015fi ve kurulu\u015flar a\u00e7\u0131kland\u0131 - Kuzeyin Sesi<\/title>\n<meta name=\"robots\" content=\"index, follow, max-snippet:-1, max-image-preview:large, max-video-preview:-1\" \/>\n<link rel=\"canonical\" href=\"https:\/\/kuzeyinsesi.org\/index.php\/2024\/07\/03\/art-for-social-action-hibe-programi-icin-secilen-kisi-ve-kuruluslar-aciklandi\/\" \/>\n<meta property=\"og:locale\" content=\"tr_TR\" \/>\n<meta property=\"og:type\" content=\"article\" \/>\n<meta property=\"og:title\" content=\"\u201cArt for Social Action\u201d Hibe Program\u0131 i\u00e7in se\u00e7ilen ki\u015fi ve kurulu\u015flar a\u00e7\u0131kland\u0131 - Kuzeyin Sesi\" \/>\n<meta property=\"og:description\" content=\"\u201cArts for Social Action\u201d (ASA) Hibe Program\u0131 i\u00e7in se\u00e7ilen ki\u015fi ve kurulu\u015flar a\u00e7\u0131kland\u0131. ASA Hibe Program\u0131\u2019ndan yap\u0131lan a\u00e7\u0131klamada, 40 bin euro mali yard\u0131mla \u00f6d\u00fcllendirilen projeler \u015funlard\u0131r: \u201cInvisible Work: Sanat\u00e7\u0131 Andriana Lagoudes ve Generations for Change (GFC), K\u0131br\u0131s\u2019\u0131n i\u015fg\u00fcc\u00fc piyasas\u0131nda m\u00fclteci ve g\u00f6\u00e7menlerin kar\u015f\u0131la\u015ft\u0131\u011f\u0131 zorluklara dikkat \u00e7ekiyor. Ara\u015ft\u0131rmaya dayal\u0131 bu proje, bu deneyimleri yans\u0131tan ve \u0131rk\u00e7\u0131l\u0131k [&hellip;]\" \/>\n<meta property=\"og:url\" content=\"https:\/\/kuzeyinsesi.org\/index.php\/2024\/07\/03\/art-for-social-action-hibe-programi-icin-secilen-kisi-ve-kuruluslar-aciklandi\/\" \/>\n<meta property=\"og:site_name\" content=\"Kuzeyin Sesi\" \/>\n<meta property=\"article:publisher\" content=\"https:\/\/www.facebook.com\/kuzeyinsesii\" \/>\n<meta property=\"article:published_time\" content=\"2024-07-03T10:18:29+00:00\" \/>\n<meta property=\"og:image\" content=\"https:\/\/kuzeyinsesi.org\/wp-content\/uploads\/2024\/07\/ekran-goruntusu-168-.jpeg\" \/>\n\t<meta property=\"og:image:width\" content=\"1029\" \/>\n\t<meta property=\"og:image:height\" content=\"530\" \/>\n\t<meta property=\"og:image:type\" content=\"image\/jpeg\" \/>\n<meta name=\"author\" content=\"Kuzeyin Sesi\" \/>\n<meta name=\"twitter:card\" content=\"summary_large_image\" \/>\n<meta name=\"twitter:creator\" content=\"@kuzeyinsesii\" \/>\n<meta name=\"twitter:site\" content=\"@kuzeyinsesii\" \/>\n<meta name=\"twitter:label1\" content=\"Yazan:\" \/>\n\t<meta name=\"twitter:data1\" content=\"Kuzeyin Sesi\" \/>\n\t<meta name=\"twitter:label2\" content=\"Tahmini okuma s\u00fcresi\" \/>\n\t<meta name=\"twitter:data2\" content=\"2 dakika\" \/>\n<script type=\"application\/ld+json\" class=\"yoast-schema-graph\">{\"@context\":\"https:\\\/\\\/schema.org\",\"@graph\":[{\"@type\":\"Article\",\"@id\":\"https:\\\/\\\/kuzeyinsesi.org\\\/index.php\\\/2024\\\/07\\\/03\\\/art-for-social-action-hibe-programi-icin-secilen-kisi-ve-kuruluslar-aciklandi\\\/#article\",\"isPartOf\":{\"@id\":\"https:\\\/\\\/kuzeyinsesi.org\\\/index.php\\\/2024\\\/07\\\/03\\\/art-for-social-action-hibe-programi-icin-secilen-kisi-ve-kuruluslar-aciklandi\\\/\"},\"author\":{\"name\":\"Kuzeyin Sesi\",\"@id\":\"https:\\\/\\\/kuzeyinsesi.org\\\/#\\\/schema\\\/person\\\/9f859689cdf01485597712386e37f5aa\"},\"headline\":\"\u201cArt for Social Action\u201d Hibe Program\u0131 i\u00e7in se\u00e7ilen ki\u015fi ve kurulu\u015flar a\u00e7\u0131kland\u0131\",\"datePublished\":\"2024-07-03T10:18:29+00:00\",\"mainEntityOfPage\":{\"@id\":\"https:\\\/\\\/kuzeyinsesi.org\\\/index.php\\\/2024\\\/07\\\/03\\\/art-for-social-action-hibe-programi-icin-secilen-kisi-ve-kuruluslar-aciklandi\\\/\"},\"wordCount\":475,\"commentCount\":0,\"image\":{\"@id\":\"https:\\\/\\\/kuzeyinsesi.org\\\/index.php\\\/2024\\\/07\\\/03\\\/art-for-social-action-hibe-programi-icin-secilen-kisi-ve-kuruluslar-aciklandi\\\/#primaryimage\"},\"thumbnailUrl\":\"https:\\\/\\\/kuzeyinsesi.org\\\/wp-content\\\/uploads\\\/2024\\\/07\\\/ekran-goruntusu-168-.jpeg\",\"articleSection\":[\"Ya\u015fam\"],\"inLanguage\":\"tr\",\"potentialAction\":[{\"@type\":\"CommentAction\",\"name\":\"Comment\",\"target\":[\"https:\\\/\\\/kuzeyinsesi.org\\\/index.php\\\/2024\\\/07\\\/03\\\/art-for-social-action-hibe-programi-icin-secilen-kisi-ve-kuruluslar-aciklandi\\\/#respond\"]}]},{\"@type\":\"WebPage\",\"@id\":\"https:\\\/\\\/kuzeyinsesi.org\\\/index.php\\\/2024\\\/07\\\/03\\\/art-for-social-action-hibe-programi-icin-secilen-kisi-ve-kuruluslar-aciklandi\\\/\",\"url\":\"https:\\\/\\\/kuzeyinsesi.org\\\/index.php\\\/2024\\\/07\\\/03\\\/art-for-social-action-hibe-programi-icin-secilen-kisi-ve-kuruluslar-aciklandi\\\/\",\"name\":\"\u201cArt for Social Action\u201d Hibe Program\u0131 i\u00e7in se\u00e7ilen ki\u015fi ve kurulu\u015flar a\u00e7\u0131kland\u0131 - Kuzeyin Sesi\",\"isPartOf\":{\"@id\":\"https:\\\/\\\/kuzeyinsesi.org\\\/#website\"},\"primaryImageOfPage\":{\"@id\":\"https:\\\/\\\/kuzeyinsesi.org\\\/index.php\\\/2024\\\/07\\\/03\\\/art-for-social-action-hibe-programi-icin-secilen-kisi-ve-kuruluslar-aciklandi\\\/#primaryimage\"},\"image\":{\"@id\":\"https:\\\/\\\/kuzeyinsesi.org\\\/index.php\\\/2024\\\/07\\\/03\\\/art-for-social-action-hibe-programi-icin-secilen-kisi-ve-kuruluslar-aciklandi\\\/#primaryimage\"},\"thumbnailUrl\":\"https:\\\/\\\/kuzeyinsesi.org\\\/wp-content\\\/uploads\\\/2024\\\/07\\\/ekran-goruntusu-168-.jpeg\",\"datePublished\":\"2024-07-03T10:18:29+00:00\",\"author\":{\"@id\":\"https:\\\/\\\/kuzeyinsesi.org\\\/#\\\/schema\\\/person\\\/9f859689cdf01485597712386e37f5aa\"},\"breadcrumb\":{\"@id\":\"https:\\\/\\\/kuzeyinsesi.org\\\/index.php\\\/2024\\\/07\\\/03\\\/art-for-social-action-hibe-programi-icin-secilen-kisi-ve-kuruluslar-aciklandi\\\/#breadcrumb\"},\"inLanguage\":\"tr\",\"potentialAction\":[{\"@type\":\"ReadAction\",\"target\":[\"https:\\\/\\\/kuzeyinsesi.org\\\/index.php\\\/2024\\\/07\\\/03\\\/art-for-social-action-hibe-programi-icin-secilen-kisi-ve-kuruluslar-aciklandi\\\/\"]}]},{\"@type\":\"ImageObject\",\"inLanguage\":\"tr\",\"@id\":\"https:\\\/\\\/kuzeyinsesi.org\\\/index.php\\\/2024\\\/07\\\/03\\\/art-for-social-action-hibe-programi-icin-secilen-kisi-ve-kuruluslar-aciklandi\\\/#primaryimage\",\"url\":\"https:\\\/\\\/kuzeyinsesi.org\\\/wp-content\\\/uploads\\\/2024\\\/07\\\/ekran-goruntusu-168-.jpeg\",\"contentUrl\":\"https:\\\/\\\/kuzeyinsesi.org\\\/wp-content\\\/uploads\\\/2024\\\/07\\\/ekran-goruntusu-168-.jpeg\",\"width\":1029,\"height\":530},{\"@type\":\"BreadcrumbList\",\"@id\":\"https:\\\/\\\/kuzeyinsesi.org\\\/index.php\\\/2024\\\/07\\\/03\\\/art-for-social-action-hibe-programi-icin-secilen-kisi-ve-kuruluslar-aciklandi\\\/#breadcrumb\",\"itemListElement\":[{\"@type\":\"ListItem\",\"position\":1,\"name\":\"Anasayfa\",\"item\":\"https:\\\/\\\/kuzeyinsesi.org\\\/\"},{\"@type\":\"ListItem\",\"position\":2,\"name\":\"\u201cArt for Social Action\u201d Hibe Program\u0131 i\u00e7in se\u00e7ilen ki\u015fi ve kurulu\u015flar a\u00e7\u0131kland\u0131\"}]},{\"@type\":\"WebSite\",\"@id\":\"https:\\\/\\\/kuzeyinsesi.org\\\/#website\",\"url\":\"https:\\\/\\\/kuzeyinsesi.org\\\/\",\"name\":\"Kuzeyin Sesi\",\"description\":\"Do\u011fru Haberin Adresi\",\"potentialAction\":[{\"@type\":\"SearchAction\",\"target\":{\"@type\":\"EntryPoint\",\"urlTemplate\":\"https:\\\/\\\/kuzeyinsesi.org\\\/?s={search_term_string}\"},\"query-input\":{\"@type\":\"PropertyValueSpecification\",\"valueRequired\":true,\"valueName\":\"search_term_string\"}}],\"inLanguage\":\"tr\"},{\"@type\":\"Person\",\"@id\":\"https:\\\/\\\/kuzeyinsesi.org\\\/#\\\/schema\\\/person\\\/9f859689cdf01485597712386e37f5aa\",\"name\":\"Kuzeyin Sesi\",\"image\":{\"@type\":\"ImageObject\",\"inLanguage\":\"tr\",\"@id\":\"https:\\\/\\\/secure.gravatar.com\\\/avatar\\\/bab33852abfd8b282518d6ed81826833d77c3c882d9ab608add591ccace47a44?s=96&d=mm&r=g\",\"url\":\"https:\\\/\\\/secure.gravatar.com\\\/avatar\\\/bab33852abfd8b282518d6ed81826833d77c3c882d9ab608add591ccace47a44?s=96&d=mm&r=g\",\"contentUrl\":\"https:\\\/\\\/secure.gravatar.com\\\/avatar\\\/bab33852abfd8b282518d6ed81826833d77c3c882d9ab608add591ccace47a44?s=96&d=mm&r=g\",\"caption\":\"Kuzeyin Sesi\"},\"sameAs\":[\"https:\\\/\\\/kuzeyinsesi.org\"],\"url\":\"https:\\\/\\\/kuzeyinsesi.org\\\/index.php\\\/author\\\/guven\\\/\"}]}<\/script>\n<!-- \/ Yoast SEO plugin. -->","yoast_head_json":{"title":"\u201cArt for Social Action\u201d Hibe Program\u0131 i\u00e7in se\u00e7ilen ki\u015fi ve kurulu\u015flar a\u00e7\u0131kland\u0131 - Kuzeyin Sesi","robots":{"index":"index","follow":"follow","max-snippet":"max-snippet:-1","max-image-preview":"max-image-preview:large","max-video-preview":"max-video-preview:-1"},"canonical":"https:\/\/kuzeyinsesi.org\/index.php\/2024\/07\/03\/art-for-social-action-hibe-programi-icin-secilen-kisi-ve-kuruluslar-aciklandi\/","og_locale":"tr_TR","og_type":"article","og_title":"\u201cArt for Social Action\u201d Hibe Program\u0131 i\u00e7in se\u00e7ilen ki\u015fi ve kurulu\u015flar a\u00e7\u0131kland\u0131 - Kuzeyin Sesi","og_description":"\u201cArts for Social Action\u201d (ASA) Hibe Program\u0131 i\u00e7in se\u00e7ilen ki\u015fi ve kurulu\u015flar a\u00e7\u0131kland\u0131. ASA Hibe Program\u0131\u2019ndan yap\u0131lan a\u00e7\u0131klamada, 40 bin euro mali yard\u0131mla \u00f6d\u00fcllendirilen projeler \u015funlard\u0131r: \u201cInvisible Work: Sanat\u00e7\u0131 Andriana Lagoudes ve Generations for Change (GFC), K\u0131br\u0131s\u2019\u0131n i\u015fg\u00fcc\u00fc piyasas\u0131nda m\u00fclteci ve g\u00f6\u00e7menlerin kar\u015f\u0131la\u015ft\u0131\u011f\u0131 zorluklara dikkat \u00e7ekiyor. Ara\u015ft\u0131rmaya dayal\u0131 bu proje, bu deneyimleri yans\u0131tan ve \u0131rk\u00e7\u0131l\u0131k [&hellip;]","og_url":"https:\/\/kuzeyinsesi.org\/index.php\/2024\/07\/03\/art-for-social-action-hibe-programi-icin-secilen-kisi-ve-kuruluslar-aciklandi\/","og_site_name":"Kuzeyin Sesi","article_publisher":"https:\/\/www.facebook.com\/kuzeyinsesii","article_published_time":"2024-07-03T10:18:29+00:00","og_image":[{"width":1029,"height":530,"url":"https:\/\/kuzeyinsesi.org\/wp-content\/uploads\/2024\/07\/ekran-goruntusu-168-.jpeg","type":"image\/jpeg"}],"author":"Kuzeyin Sesi","twitter_card":"summary_large_image","twitter_creator":"@kuzeyinsesii","twitter_site":"@kuzeyinsesii","twitter_misc":{"Yazan:":"Kuzeyin Sesi","Tahmini okuma s\u00fcresi":"2 dakika"},"schema":{"@context":"https:\/\/schema.org","@graph":[{"@type":"Article","@id":"https:\/\/kuzeyinsesi.org\/index.php\/2024\/07\/03\/art-for-social-action-hibe-programi-icin-secilen-kisi-ve-kuruluslar-aciklandi\/#article","isPartOf":{"@id":"https:\/\/kuzeyinsesi.org\/index.php\/2024\/07\/03\/art-for-social-action-hibe-programi-icin-secilen-kisi-ve-kuruluslar-aciklandi\/"},"author":{"name":"Kuzeyin Sesi","@id":"https:\/\/kuzeyinsesi.org\/#\/schema\/person\/9f859689cdf01485597712386e37f5aa"},"headline":"\u201cArt for Social Action\u201d Hibe Program\u0131 i\u00e7in se\u00e7ilen ki\u015fi ve kurulu\u015flar a\u00e7\u0131kland\u0131","datePublished":"2024-07-03T10:18:29+00:00","mainEntityOfPage":{"@id":"https:\/\/kuzeyinsesi.org\/index.php\/2024\/07\/03\/art-for-social-action-hibe-programi-icin-secilen-kisi-ve-kuruluslar-aciklandi\/"},"wordCount":475,"commentCount":0,"image":{"@id":"https:\/\/kuzeyinsesi.org\/index.php\/2024\/07\/03\/art-for-social-action-hibe-programi-icin-secilen-kisi-ve-kuruluslar-aciklandi\/#primaryimage"},"thumbnailUrl":"https:\/\/kuzeyinsesi.org\/wp-content\/uploads\/2024\/07\/ekran-goruntusu-168-.jpeg","articleSection":["Ya\u015fam"],"inLanguage":"tr","potentialAction":[{"@type":"CommentAction","name":"Comment","target":["https:\/\/kuzeyinsesi.org\/index.php\/2024\/07\/03\/art-for-social-action-hibe-programi-icin-secilen-kisi-ve-kuruluslar-aciklandi\/#respond"]}]},{"@type":"WebPage","@id":"https:\/\/kuzeyinsesi.org\/index.php\/2024\/07\/03\/art-for-social-action-hibe-programi-icin-secilen-kisi-ve-kuruluslar-aciklandi\/","url":"https:\/\/kuzeyinsesi.org\/index.php\/2024\/07\/03\/art-for-social-action-hibe-programi-icin-secilen-kisi-ve-kuruluslar-aciklandi\/","name":"\u201cArt for Social Action\u201d Hibe Program\u0131 i\u00e7in se\u00e7ilen ki\u015fi ve kurulu\u015flar a\u00e7\u0131kland\u0131 - Kuzeyin Sesi","isPartOf":{"@id":"https:\/\/kuzeyinsesi.org\/#website"},"primaryImageOfPage":{"@id":"https:\/\/kuzeyinsesi.org\/index.php\/2024\/07\/03\/art-for-social-action-hibe-programi-icin-secilen-kisi-ve-kuruluslar-aciklandi\/#primaryimage"},"image":{"@id":"https:\/\/kuzeyinsesi.org\/index.php\/2024\/07\/03\/art-for-social-action-hibe-programi-icin-secilen-kisi-ve-kuruluslar-aciklandi\/#primaryimage"},"thumbnailUrl":"https:\/\/kuzeyinsesi.org\/wp-content\/uploads\/2024\/07\/ekran-goruntusu-168-.jpeg","datePublished":"2024-07-03T10:18:29+00:00","author":{"@id":"https:\/\/kuzeyinsesi.org\/#\/schema\/person\/9f859689cdf01485597712386e37f5aa"},"breadcrumb":{"@id":"https:\/\/kuzeyinsesi.org\/index.php\/2024\/07\/03\/art-for-social-action-hibe-programi-icin-secilen-kisi-ve-kuruluslar-aciklandi\/#breadcrumb"},"inLanguage":"tr","potentialAction":[{"@type":"ReadAction","target":["https:\/\/kuzeyinsesi.org\/index.php\/2024\/07\/03\/art-for-social-action-hibe-programi-icin-secilen-kisi-ve-kuruluslar-aciklandi\/"]}]},{"@type":"ImageObject","inLanguage":"tr","@id":"https:\/\/kuzeyinsesi.org\/index.php\/2024\/07\/03\/art-for-social-action-hibe-programi-icin-secilen-kisi-ve-kuruluslar-aciklandi\/#primaryimage","url":"https:\/\/kuzeyinsesi.org\/wp-content\/uploads\/2024\/07\/ekran-goruntusu-168-.jpeg","contentUrl":"https:\/\/kuzeyinsesi.org\/wp-content\/uploads\/2024\/07\/ekran-goruntusu-168-.jpeg","width":1029,"height":530},{"@type":"BreadcrumbList","@id":"https:\/\/kuzeyinsesi.org\/index.php\/2024\/07\/03\/art-for-social-action-hibe-programi-icin-secilen-kisi-ve-kuruluslar-aciklandi\/#breadcrumb","itemListElement":[{"@type":"ListItem","position":1,"name":"Anasayfa","item":"https:\/\/kuzeyinsesi.org\/"},{"@type":"ListItem","position":2,"name":"\u201cArt for Social Action\u201d Hibe Program\u0131 i\u00e7in se\u00e7ilen ki\u015fi ve kurulu\u015flar a\u00e7\u0131kland\u0131"}]},{"@type":"WebSite","@id":"https:\/\/kuzeyinsesi.org\/#website","url":"https:\/\/kuzeyinsesi.org\/","name":"Kuzeyin Sesi","description":"Do\u011fru Haberin Adresi","potentialAction":[{"@type":"SearchAction","target":{"@type":"EntryPoint","urlTemplate":"https:\/\/kuzeyinsesi.org\/?s={search_term_string}"},"query-input":{"@type":"PropertyValueSpecification","valueRequired":true,"valueName":"search_term_string"}}],"inLanguage":"tr"},{"@type":"Person","@id":"https:\/\/kuzeyinsesi.org\/#\/schema\/person\/9f859689cdf01485597712386e37f5aa","name":"Kuzeyin Sesi","image":{"@type":"ImageObject","inLanguage":"tr","@id":"https:\/\/secure.gravatar.com\/avatar\/bab33852abfd8b282518d6ed81826833d77c3c882d9ab608add591ccace47a44?s=96&d=mm&r=g","url":"https:\/\/secure.gravatar.com\/avatar\/bab33852abfd8b282518d6ed81826833d77c3c882d9ab608add591ccace47a44?s=96&d=mm&r=g","contentUrl":"https:\/\/secure.gravatar.com\/avatar\/bab33852abfd8b282518d6ed81826833d77c3c882d9ab608add591ccace47a44?s=96&d=mm&r=g","caption":"Kuzeyin Sesi"},"sameAs":["https:\/\/kuzeyinsesi.org"],"url":"https:\/\/kuzeyinsesi.org\/index.php\/author\/guven\/"}]}},"_links":{"self":[{"href":"https:\/\/kuzeyinsesi.org\/index.php\/wp-json\/wp\/v2\/posts\/5747","targetHints":{"allow":["GET"]}}],"collection":[{"href":"https:\/\/kuzeyinsesi.org\/index.php\/wp-json\/wp\/v2\/posts"}],"about":[{"href":"https:\/\/kuzeyinsesi.org\/index.php\/wp-json\/wp\/v2\/types\/post"}],"author":[{"embeddable":true,"href":"https:\/\/kuzeyinsesi.org\/index.php\/wp-json\/wp\/v2\/users\/1"}],"replies":[{"embeddable":true,"href":"https:\/\/kuzeyinsesi.org\/index.php\/wp-json\/wp\/v2\/comments?post=5747"}],"version-history":[{"count":0,"href":"https:\/\/kuzeyinsesi.org\/index.php\/wp-json\/wp\/v2\/posts\/5747\/revisions"}],"wp:featuredmedia":[{"embeddable":true,"href":"https:\/\/kuzeyinsesi.org\/index.php\/wp-json\/wp\/v2\/media\/5748"}],"wp:attachment":[{"href":"https:\/\/kuzeyinsesi.org\/index.php\/wp-json\/wp\/v2\/media?parent=5747"}],"wp:term":[{"taxonomy":"category","embeddable":true,"href":"https:\/\/kuzeyinsesi.org\/index.php\/wp-json\/wp\/v2\/categories?post=5747"},{"taxonomy":"post_tag","embeddable":true,"href":"https:\/\/kuzeyinsesi.org\/index.php\/wp-json\/wp\/v2\/tags?post=5747"}],"curies":[{"name":"wp","href":"https:\/\/api.w.org\/{rel}","templated":true}]}}