{"id":5739,"date":"2024-07-03T12:17:57","date_gmt":"2024-07-03T09:17:57","guid":{"rendered":"https:\/\/kuzeyinsesi.org\/index.php\/2024\/07\/03\/yenierenkoy-halk-plajinda-1-yaz-festivali-duzenlenecek\/"},"modified":"2024-07-03T12:17:57","modified_gmt":"2024-07-03T09:17:57","slug":"yenierenkoy-halk-plajinda-1-yaz-festivali-duzenlenecek","status":"publish","type":"post","link":"https:\/\/kuzeyinsesi.org\/index.php\/2024\/07\/03\/yenierenkoy-halk-plajinda-1-yaz-festivali-duzenlenecek\/","title":{"rendered":"Yenierenk\u00f6y Halk Plaj\u0131\u2019nda 1. Yaz Festivali d\u00fczenlenecek"},"content":{"rendered":"<div>\n<div class=\"mariselle-image-container center\">\n                                            <\/div>\n<p> Erenk\u00f6y-Karpaz Belediyesi 1.Yaz Festivali 5-7 Temmuz tarihleri aras\u0131nda Yenierenk\u00f6y Halk Plaj\u0131\u2019nda ger\u00e7ekle\u015ftirilecek. <\/p>\n<p>Belediye\u2019den yap\u0131lan yaz\u0131l\u0131 a\u00e7\u0131klamaya g\u00f6re, \u200b3 g\u00fcn s\u00fcrecek festivalde plaj etkinlikleri ve turnuvalar\u0131n yan\u0131 s\u0131ra Grup Otantik Konseri yer alacak.\u200b <\/p>\n<p>Festivalde, T\u00fcrkiye\u2019nin sanat\u00e7\u0131s\u0131 Sena \u015eener ve Rap sanat\u00e7\u0131s\u0131 Motive konser verecek. <\/p>\n<p>\u200bSena \u015eener konseri ile ba\u015flayacak 1.Yaz Festivali\u2019nde dans g\u00f6sterileri, halk danslar\u0131n\u0131n yan\u0131 s\u0131ra Kumdan Heykel etkinli\u011fi, Survivor \u00c7ocuk, Tavla turnuvas\u0131, Plaj Voleybolu, Satran\u00e7 Turnuvas\u0131, \u00c7ocuk ve Sanat etkinlikleri de yap\u0131lacak. <\/p>\n<p>Festival de ayr\u0131ca, Diamoonte Jimnastik Kul\u00fcb\u00fc \u00f6\u011frencilerinin dans g\u00f6sterileri de yer alacak. <\/p>\n<p>Ayr\u0131ca b\u00f6lgenin halk danslar\u0131 ekiplerinden YENDER \u00c7ocuk Halk Danslar\u0131 Toplulu\u011fu, Yenierenk\u00f6y \u0130lkokulu Dans Grubu ve YENDER Master Kad\u0131nlar\u0131 \u00fclkenin yerel k\u00fclt\u00fcr\u00fcn\u00fc sahneye ta\u015f\u0131yacak.<\/p>\n<\/p><\/div>\n<p><script async\n                    defer\n                    crossorigin=\"anonymous\"\n                    src=\"https:\/\/connect.facebook.net\/tr_TR\/sdk.js#xfbml=1&#038;version=v3.3\"\n            ><\/script><\/p>\n","protected":false},"excerpt":{"rendered":"<p>Erenk\u00f6y-Karpaz Belediyesi 1.Yaz Festivali 5-7 Temmuz tarihleri aras\u0131nda Yenierenk\u00f6y Halk Plaj\u0131\u2019nda ger\u00e7ekle\u015ftirilecek. Belediye\u2019den yap\u0131lan yaz\u0131l\u0131 a\u00e7\u0131klamaya g\u00f6re, \u200b3 g\u00fcn s\u00fcrecek festivalde plaj etkinlikleri ve turnuvalar\u0131n yan\u0131 s\u0131ra Grup Otantik Konseri yer alacak.\u200b Festivalde, T\u00fcrkiye\u2019nin sanat\u00e7\u0131s\u0131 Sena \u015eener ve Rap sanat\u00e7\u0131s\u0131 Motive konser verecek. \u200bSena \u015eener konseri ile ba\u015flayacak 1.Yaz Festivali\u2019nde dans g\u00f6sterileri, halk danslar\u0131n\u0131n yan\u0131 [&hellip;]<\/p>\n","protected":false},"author":1,"featured_media":5740,"comment_status":"open","ping_status":"open","sticky":false,"template":"","format":"standard","meta":{"jnews-multi-image_gallery":[],"jnews_single_post":[],"jnews_primary_category":[],"jnews_social_meta":[],"jnews_override_counter":[],"footnotes":""},"categories":[6],"tags":[],"class_list":["post-5739","post","type-post","status-publish","format-standard","has-post-thumbnail","hentry","category-yasam"],"yoast_head":"<!-- This site is optimized with the Yoast SEO plugin v27.5 - https:\/\/yoast.com\/product\/yoast-seo-wordpress\/ -->\n<title>Yenierenk\u00f6y Halk Plaj\u0131\u2019nda 1. Yaz Festivali d\u00fczenlenecek - Kuzeyin Sesi<\/title>\n<meta name=\"robots\" content=\"index, follow, max-snippet:-1, max-image-preview:large, max-video-preview:-1\" \/>\n<link rel=\"canonical\" href=\"https:\/\/kuzeyinsesi.org\/index.php\/2024\/07\/03\/yenierenkoy-halk-plajinda-1-yaz-festivali-duzenlenecek\/\" \/>\n<meta property=\"og:locale\" content=\"tr_TR\" \/>\n<meta property=\"og:type\" content=\"article\" \/>\n<meta property=\"og:title\" content=\"Yenierenk\u00f6y Halk Plaj\u0131\u2019nda 1. Yaz Festivali d\u00fczenlenecek - Kuzeyin Sesi\" \/>\n<meta property=\"og:description\" content=\"Erenk\u00f6y-Karpaz Belediyesi 1.Yaz Festivali 5-7 Temmuz tarihleri aras\u0131nda Yenierenk\u00f6y Halk Plaj\u0131\u2019nda ger\u00e7ekle\u015ftirilecek. Belediye\u2019den yap\u0131lan yaz\u0131l\u0131 a\u00e7\u0131klamaya g\u00f6re, \u200b3 g\u00fcn s\u00fcrecek festivalde plaj etkinlikleri ve turnuvalar\u0131n yan\u0131 s\u0131ra Grup Otantik Konseri yer alacak.\u200b Festivalde, T\u00fcrkiye\u2019nin sanat\u00e7\u0131s\u0131 Sena \u015eener ve Rap sanat\u00e7\u0131s\u0131 Motive konser verecek. \u200bSena \u015eener konseri ile ba\u015flayacak 1.Yaz Festivali\u2019nde dans g\u00f6sterileri, halk danslar\u0131n\u0131n yan\u0131 [&hellip;]\" \/>\n<meta property=\"og:url\" content=\"https:\/\/kuzeyinsesi.org\/index.php\/2024\/07\/03\/yenierenkoy-halk-plajinda-1-yaz-festivali-duzenlenecek\/\" \/>\n<meta property=\"og:site_name\" content=\"Kuzeyin Sesi\" \/>\n<meta property=\"article:publisher\" content=\"https:\/\/www.facebook.com\/kuzeyinsesii\" \/>\n<meta property=\"article:published_time\" content=\"2024-07-03T09:17:57+00:00\" \/>\n<meta property=\"og:image\" content=\"https:\/\/kuzeyinsesi.org\/wp-content\/uploads\/2024\/07\/erenkoy-festivali.jpg\" \/>\n\t<meta property=\"og:image:width\" content=\"1170\" \/>\n\t<meta property=\"og:image:height\" content=\"707\" \/>\n\t<meta property=\"og:image:type\" content=\"image\/jpeg\" \/>\n<meta name=\"author\" content=\"Kuzeyin Sesi\" \/>\n<meta name=\"twitter:card\" content=\"summary_large_image\" \/>\n<meta name=\"twitter:creator\" content=\"@kuzeyinsesii\" \/>\n<meta name=\"twitter:site\" content=\"@kuzeyinsesii\" \/>\n<meta name=\"twitter:label1\" content=\"Yazan:\" \/>\n\t<meta name=\"twitter:data1\" content=\"Kuzeyin Sesi\" \/>\n\t<meta name=\"twitter:label2\" content=\"Tahmini okuma s\u00fcresi\" \/>\n\t<meta name=\"twitter:data2\" content=\"1 dakika\" \/>\n<script type=\"application\/ld+json\" class=\"yoast-schema-graph\">{\"@context\":\"https:\\\/\\\/schema.org\",\"@graph\":[{\"@type\":\"Article\",\"@id\":\"https:\\\/\\\/kuzeyinsesi.org\\\/index.php\\\/2024\\\/07\\\/03\\\/yenierenkoy-halk-plajinda-1-yaz-festivali-duzenlenecek\\\/#article\",\"isPartOf\":{\"@id\":\"https:\\\/\\\/kuzeyinsesi.org\\\/index.php\\\/2024\\\/07\\\/03\\\/yenierenkoy-halk-plajinda-1-yaz-festivali-duzenlenecek\\\/\"},\"author\":{\"name\":\"Kuzeyin Sesi\",\"@id\":\"https:\\\/\\\/kuzeyinsesi.org\\\/#\\\/schema\\\/person\\\/9f859689cdf01485597712386e37f5aa\"},\"headline\":\"Yenierenk\u00f6y Halk Plaj\u0131\u2019nda 1. Yaz Festivali d\u00fczenlenecek\",\"datePublished\":\"2024-07-03T09:17:57+00:00\",\"mainEntityOfPage\":{\"@id\":\"https:\\\/\\\/kuzeyinsesi.org\\\/index.php\\\/2024\\\/07\\\/03\\\/yenierenkoy-halk-plajinda-1-yaz-festivali-duzenlenecek\\\/\"},\"wordCount\":155,\"commentCount\":0,\"image\":{\"@id\":\"https:\\\/\\\/kuzeyinsesi.org\\\/index.php\\\/2024\\\/07\\\/03\\\/yenierenkoy-halk-plajinda-1-yaz-festivali-duzenlenecek\\\/#primaryimage\"},\"thumbnailUrl\":\"https:\\\/\\\/kuzeyinsesi.org\\\/wp-content\\\/uploads\\\/2024\\\/07\\\/erenkoy-festivali.jpg\",\"articleSection\":[\"Ya\u015fam\"],\"inLanguage\":\"tr\",\"potentialAction\":[{\"@type\":\"CommentAction\",\"name\":\"Comment\",\"target\":[\"https:\\\/\\\/kuzeyinsesi.org\\\/index.php\\\/2024\\\/07\\\/03\\\/yenierenkoy-halk-plajinda-1-yaz-festivali-duzenlenecek\\\/#respond\"]}]},{\"@type\":\"WebPage\",\"@id\":\"https:\\\/\\\/kuzeyinsesi.org\\\/index.php\\\/2024\\\/07\\\/03\\\/yenierenkoy-halk-plajinda-1-yaz-festivali-duzenlenecek\\\/\",\"url\":\"https:\\\/\\\/kuzeyinsesi.org\\\/index.php\\\/2024\\\/07\\\/03\\\/yenierenkoy-halk-plajinda-1-yaz-festivali-duzenlenecek\\\/\",\"name\":\"Yenierenk\u00f6y Halk Plaj\u0131\u2019nda 1. Yaz Festivali d\u00fczenlenecek - Kuzeyin Sesi\",\"isPartOf\":{\"@id\":\"https:\\\/\\\/kuzeyinsesi.org\\\/#website\"},\"primaryImageOfPage\":{\"@id\":\"https:\\\/\\\/kuzeyinsesi.org\\\/index.php\\\/2024\\\/07\\\/03\\\/yenierenkoy-halk-plajinda-1-yaz-festivali-duzenlenecek\\\/#primaryimage\"},\"image\":{\"@id\":\"https:\\\/\\\/kuzeyinsesi.org\\\/index.php\\\/2024\\\/07\\\/03\\\/yenierenkoy-halk-plajinda-1-yaz-festivali-duzenlenecek\\\/#primaryimage\"},\"thumbnailUrl\":\"https:\\\/\\\/kuzeyinsesi.org\\\/wp-content\\\/uploads\\\/2024\\\/07\\\/erenkoy-festivali.jpg\",\"datePublished\":\"2024-07-03T09:17:57+00:00\",\"author\":{\"@id\":\"https:\\\/\\\/kuzeyinsesi.org\\\/#\\\/schema\\\/person\\\/9f859689cdf01485597712386e37f5aa\"},\"breadcrumb\":{\"@id\":\"https:\\\/\\\/kuzeyinsesi.org\\\/index.php\\\/2024\\\/07\\\/03\\\/yenierenkoy-halk-plajinda-1-yaz-festivali-duzenlenecek\\\/#breadcrumb\"},\"inLanguage\":\"tr\",\"potentialAction\":[{\"@type\":\"ReadAction\",\"target\":[\"https:\\\/\\\/kuzeyinsesi.org\\\/index.php\\\/2024\\\/07\\\/03\\\/yenierenkoy-halk-plajinda-1-yaz-festivali-duzenlenecek\\\/\"]}]},{\"@type\":\"ImageObject\",\"inLanguage\":\"tr\",\"@id\":\"https:\\\/\\\/kuzeyinsesi.org\\\/index.php\\\/2024\\\/07\\\/03\\\/yenierenkoy-halk-plajinda-1-yaz-festivali-duzenlenecek\\\/#primaryimage\",\"url\":\"https:\\\/\\\/kuzeyinsesi.org\\\/wp-content\\\/uploads\\\/2024\\\/07\\\/erenkoy-festivali.jpg\",\"contentUrl\":\"https:\\\/\\\/kuzeyinsesi.org\\\/wp-content\\\/uploads\\\/2024\\\/07\\\/erenkoy-festivali.jpg\",\"width\":1170,\"height\":707},{\"@type\":\"BreadcrumbList\",\"@id\":\"https:\\\/\\\/kuzeyinsesi.org\\\/index.php\\\/2024\\\/07\\\/03\\\/yenierenkoy-halk-plajinda-1-yaz-festivali-duzenlenecek\\\/#breadcrumb\",\"itemListElement\":[{\"@type\":\"ListItem\",\"position\":1,\"name\":\"Anasayfa\",\"item\":\"https:\\\/\\\/kuzeyinsesi.org\\\/\"},{\"@type\":\"ListItem\",\"position\":2,\"name\":\"Yenierenk\u00f6y Halk Plaj\u0131\u2019nda 1. Yaz Festivali d\u00fczenlenecek\"}]},{\"@type\":\"WebSite\",\"@id\":\"https:\\\/\\\/kuzeyinsesi.org\\\/#website\",\"url\":\"https:\\\/\\\/kuzeyinsesi.org\\\/\",\"name\":\"Kuzeyin Sesi\",\"description\":\"Do\u011fru Haberin Adresi\",\"potentialAction\":[{\"@type\":\"SearchAction\",\"target\":{\"@type\":\"EntryPoint\",\"urlTemplate\":\"https:\\\/\\\/kuzeyinsesi.org\\\/?s={search_term_string}\"},\"query-input\":{\"@type\":\"PropertyValueSpecification\",\"valueRequired\":true,\"valueName\":\"search_term_string\"}}],\"inLanguage\":\"tr\"},{\"@type\":\"Person\",\"@id\":\"https:\\\/\\\/kuzeyinsesi.org\\\/#\\\/schema\\\/person\\\/9f859689cdf01485597712386e37f5aa\",\"name\":\"Kuzeyin Sesi\",\"image\":{\"@type\":\"ImageObject\",\"inLanguage\":\"tr\",\"@id\":\"https:\\\/\\\/secure.gravatar.com\\\/avatar\\\/bab33852abfd8b282518d6ed81826833d77c3c882d9ab608add591ccace47a44?s=96&d=mm&r=g\",\"url\":\"https:\\\/\\\/secure.gravatar.com\\\/avatar\\\/bab33852abfd8b282518d6ed81826833d77c3c882d9ab608add591ccace47a44?s=96&d=mm&r=g\",\"contentUrl\":\"https:\\\/\\\/secure.gravatar.com\\\/avatar\\\/bab33852abfd8b282518d6ed81826833d77c3c882d9ab608add591ccace47a44?s=96&d=mm&r=g\",\"caption\":\"Kuzeyin Sesi\"},\"sameAs\":[\"https:\\\/\\\/kuzeyinsesi.org\"],\"url\":\"https:\\\/\\\/kuzeyinsesi.org\\\/index.php\\\/author\\\/guven\\\/\"}]}<\/script>\n<!-- \/ Yoast SEO plugin. -->","yoast_head_json":{"title":"Yenierenk\u00f6y Halk Plaj\u0131\u2019nda 1. Yaz Festivali d\u00fczenlenecek - Kuzeyin Sesi","robots":{"index":"index","follow":"follow","max-snippet":"max-snippet:-1","max-image-preview":"max-image-preview:large","max-video-preview":"max-video-preview:-1"},"canonical":"https:\/\/kuzeyinsesi.org\/index.php\/2024\/07\/03\/yenierenkoy-halk-plajinda-1-yaz-festivali-duzenlenecek\/","og_locale":"tr_TR","og_type":"article","og_title":"Yenierenk\u00f6y Halk Plaj\u0131\u2019nda 1. Yaz Festivali d\u00fczenlenecek - Kuzeyin Sesi","og_description":"Erenk\u00f6y-Karpaz Belediyesi 1.Yaz Festivali 5-7 Temmuz tarihleri aras\u0131nda Yenierenk\u00f6y Halk Plaj\u0131\u2019nda ger\u00e7ekle\u015ftirilecek. Belediye\u2019den yap\u0131lan yaz\u0131l\u0131 a\u00e7\u0131klamaya g\u00f6re, \u200b3 g\u00fcn s\u00fcrecek festivalde plaj etkinlikleri ve turnuvalar\u0131n yan\u0131 s\u0131ra Grup Otantik Konseri yer alacak.\u200b Festivalde, T\u00fcrkiye\u2019nin sanat\u00e7\u0131s\u0131 Sena \u015eener ve Rap sanat\u00e7\u0131s\u0131 Motive konser verecek. \u200bSena \u015eener konseri ile ba\u015flayacak 1.Yaz Festivali\u2019nde dans g\u00f6sterileri, halk danslar\u0131n\u0131n yan\u0131 [&hellip;]","og_url":"https:\/\/kuzeyinsesi.org\/index.php\/2024\/07\/03\/yenierenkoy-halk-plajinda-1-yaz-festivali-duzenlenecek\/","og_site_name":"Kuzeyin Sesi","article_publisher":"https:\/\/www.facebook.com\/kuzeyinsesii","article_published_time":"2024-07-03T09:17:57+00:00","og_image":[{"width":1170,"height":707,"url":"https:\/\/kuzeyinsesi.org\/wp-content\/uploads\/2024\/07\/erenkoy-festivali.jpg","type":"image\/jpeg"}],"author":"Kuzeyin Sesi","twitter_card":"summary_large_image","twitter_creator":"@kuzeyinsesii","twitter_site":"@kuzeyinsesii","twitter_misc":{"Yazan:":"Kuzeyin Sesi","Tahmini okuma s\u00fcresi":"1 dakika"},"schema":{"@context":"https:\/\/schema.org","@graph":[{"@type":"Article","@id":"https:\/\/kuzeyinsesi.org\/index.php\/2024\/07\/03\/yenierenkoy-halk-plajinda-1-yaz-festivali-duzenlenecek\/#article","isPartOf":{"@id":"https:\/\/kuzeyinsesi.org\/index.php\/2024\/07\/03\/yenierenkoy-halk-plajinda-1-yaz-festivali-duzenlenecek\/"},"author":{"name":"Kuzeyin Sesi","@id":"https:\/\/kuzeyinsesi.org\/#\/schema\/person\/9f859689cdf01485597712386e37f5aa"},"headline":"Yenierenk\u00f6y Halk Plaj\u0131\u2019nda 1. Yaz Festivali d\u00fczenlenecek","datePublished":"2024-07-03T09:17:57+00:00","mainEntityOfPage":{"@id":"https:\/\/kuzeyinsesi.org\/index.php\/2024\/07\/03\/yenierenkoy-halk-plajinda-1-yaz-festivali-duzenlenecek\/"},"wordCount":155,"commentCount":0,"image":{"@id":"https:\/\/kuzeyinsesi.org\/index.php\/2024\/07\/03\/yenierenkoy-halk-plajinda-1-yaz-festivali-duzenlenecek\/#primaryimage"},"thumbnailUrl":"https:\/\/kuzeyinsesi.org\/wp-content\/uploads\/2024\/07\/erenkoy-festivali.jpg","articleSection":["Ya\u015fam"],"inLanguage":"tr","potentialAction":[{"@type":"CommentAction","name":"Comment","target":["https:\/\/kuzeyinsesi.org\/index.php\/2024\/07\/03\/yenierenkoy-halk-plajinda-1-yaz-festivali-duzenlenecek\/#respond"]}]},{"@type":"WebPage","@id":"https:\/\/kuzeyinsesi.org\/index.php\/2024\/07\/03\/yenierenkoy-halk-plajinda-1-yaz-festivali-duzenlenecek\/","url":"https:\/\/kuzeyinsesi.org\/index.php\/2024\/07\/03\/yenierenkoy-halk-plajinda-1-yaz-festivali-duzenlenecek\/","name":"Yenierenk\u00f6y Halk Plaj\u0131\u2019nda 1. Yaz Festivali d\u00fczenlenecek - Kuzeyin Sesi","isPartOf":{"@id":"https:\/\/kuzeyinsesi.org\/#website"},"primaryImageOfPage":{"@id":"https:\/\/kuzeyinsesi.org\/index.php\/2024\/07\/03\/yenierenkoy-halk-plajinda-1-yaz-festivali-duzenlenecek\/#primaryimage"},"image":{"@id":"https:\/\/kuzeyinsesi.org\/index.php\/2024\/07\/03\/yenierenkoy-halk-plajinda-1-yaz-festivali-duzenlenecek\/#primaryimage"},"thumbnailUrl":"https:\/\/kuzeyinsesi.org\/wp-content\/uploads\/2024\/07\/erenkoy-festivali.jpg","datePublished":"2024-07-03T09:17:57+00:00","author":{"@id":"https:\/\/kuzeyinsesi.org\/#\/schema\/person\/9f859689cdf01485597712386e37f5aa"},"breadcrumb":{"@id":"https:\/\/kuzeyinsesi.org\/index.php\/2024\/07\/03\/yenierenkoy-halk-plajinda-1-yaz-festivali-duzenlenecek\/#breadcrumb"},"inLanguage":"tr","potentialAction":[{"@type":"ReadAction","target":["https:\/\/kuzeyinsesi.org\/index.php\/2024\/07\/03\/yenierenkoy-halk-plajinda-1-yaz-festivali-duzenlenecek\/"]}]},{"@type":"ImageObject","inLanguage":"tr","@id":"https:\/\/kuzeyinsesi.org\/index.php\/2024\/07\/03\/yenierenkoy-halk-plajinda-1-yaz-festivali-duzenlenecek\/#primaryimage","url":"https:\/\/kuzeyinsesi.org\/wp-content\/uploads\/2024\/07\/erenkoy-festivali.jpg","contentUrl":"https:\/\/kuzeyinsesi.org\/wp-content\/uploads\/2024\/07\/erenkoy-festivali.jpg","width":1170,"height":707},{"@type":"BreadcrumbList","@id":"https:\/\/kuzeyinsesi.org\/index.php\/2024\/07\/03\/yenierenkoy-halk-plajinda-1-yaz-festivali-duzenlenecek\/#breadcrumb","itemListElement":[{"@type":"ListItem","position":1,"name":"Anasayfa","item":"https:\/\/kuzeyinsesi.org\/"},{"@type":"ListItem","position":2,"name":"Yenierenk\u00f6y Halk Plaj\u0131\u2019nda 1. Yaz Festivali d\u00fczenlenecek"}]},{"@type":"WebSite","@id":"https:\/\/kuzeyinsesi.org\/#website","url":"https:\/\/kuzeyinsesi.org\/","name":"Kuzeyin Sesi","description":"Do\u011fru Haberin Adresi","potentialAction":[{"@type":"SearchAction","target":{"@type":"EntryPoint","urlTemplate":"https:\/\/kuzeyinsesi.org\/?s={search_term_string}"},"query-input":{"@type":"PropertyValueSpecification","valueRequired":true,"valueName":"search_term_string"}}],"inLanguage":"tr"},{"@type":"Person","@id":"https:\/\/kuzeyinsesi.org\/#\/schema\/person\/9f859689cdf01485597712386e37f5aa","name":"Kuzeyin Sesi","image":{"@type":"ImageObject","inLanguage":"tr","@id":"https:\/\/secure.gravatar.com\/avatar\/bab33852abfd8b282518d6ed81826833d77c3c882d9ab608add591ccace47a44?s=96&d=mm&r=g","url":"https:\/\/secure.gravatar.com\/avatar\/bab33852abfd8b282518d6ed81826833d77c3c882d9ab608add591ccace47a44?s=96&d=mm&r=g","contentUrl":"https:\/\/secure.gravatar.com\/avatar\/bab33852abfd8b282518d6ed81826833d77c3c882d9ab608add591ccace47a44?s=96&d=mm&r=g","caption":"Kuzeyin Sesi"},"sameAs":["https:\/\/kuzeyinsesi.org"],"url":"https:\/\/kuzeyinsesi.org\/index.php\/author\/guven\/"}]}},"_links":{"self":[{"href":"https:\/\/kuzeyinsesi.org\/index.php\/wp-json\/wp\/v2\/posts\/5739","targetHints":{"allow":["GET"]}}],"collection":[{"href":"https:\/\/kuzeyinsesi.org\/index.php\/wp-json\/wp\/v2\/posts"}],"about":[{"href":"https:\/\/kuzeyinsesi.org\/index.php\/wp-json\/wp\/v2\/types\/post"}],"author":[{"embeddable":true,"href":"https:\/\/kuzeyinsesi.org\/index.php\/wp-json\/wp\/v2\/users\/1"}],"replies":[{"embeddable":true,"href":"https:\/\/kuzeyinsesi.org\/index.php\/wp-json\/wp\/v2\/comments?post=5739"}],"version-history":[{"count":0,"href":"https:\/\/kuzeyinsesi.org\/index.php\/wp-json\/wp\/v2\/posts\/5739\/revisions"}],"wp:featuredmedia":[{"embeddable":true,"href":"https:\/\/kuzeyinsesi.org\/index.php\/wp-json\/wp\/v2\/media\/5740"}],"wp:attachment":[{"href":"https:\/\/kuzeyinsesi.org\/index.php\/wp-json\/wp\/v2\/media?parent=5739"}],"wp:term":[{"taxonomy":"category","embeddable":true,"href":"https:\/\/kuzeyinsesi.org\/index.php\/wp-json\/wp\/v2\/categories?post=5739"},{"taxonomy":"post_tag","embeddable":true,"href":"https:\/\/kuzeyinsesi.org\/index.php\/wp-json\/wp\/v2\/tags?post=5739"}],"curies":[{"name":"wp","href":"https:\/\/api.w.org\/{rel}","templated":true}]}}