{"id":5712,"date":"2024-07-02T19:52:24","date_gmt":"2024-07-02T16:52:24","guid":{"rendered":"https:\/\/kuzeyinsesi.com\/index.php\/2024\/07\/02\/tarihsel-diyalog-ve-arastirma-derneginden-teaching-for-peace-odulu-icin-basvuru-cagrisi\/"},"modified":"2024-07-02T19:52:24","modified_gmt":"2024-07-02T16:52:24","slug":"tarihsel-diyalog-ve-arastirma-derneginden-teaching-for-peace-odulu-icin-basvuru-cagrisi","status":"publish","type":"post","link":"https:\/\/kuzeyinsesi.org\/index.php\/2024\/07\/02\/tarihsel-diyalog-ve-arastirma-derneginden-teaching-for-peace-odulu-icin-basvuru-cagrisi\/","title":{"rendered":"Tarihsel Diyalog ve Ara\u015ft\u0131rma Derne\u011fi\u2019nden \u201cTeaching for Peace\u201d \u00f6d\u00fcl\u00fc i\u00e7in ba\u015fvuru \u00e7a\u011fr\u0131s\u0131"},"content":{"rendered":"<div>\n<div class=\"mariselle-image-container center\">\n                                            <\/div>\n<p>Turizm ve Folklor Ara\u015ft\u0131rmalar\u0131 Derne\u011fi (TUFAD) 37. TUFAG Uluslararas\u0131 Halk Danslar\u0131 Festivali\u2019ne kat\u0131lmak \u00fczere Yalova\u2019ya gitti.<\/p>\n<p>TUFAD\u2019dan yap\u0131lan yaz\u0131l\u0131 a\u00e7\u0131klamaya g\u00f6re, Alt\u0131n Karanfil Halk Danslar\u0131 Yar\u0131\u015fmas\u0131\u2019n\u0131n 25\u2019incisi d\u00fczenlenecek Yalova\u2019daki Festival, bug\u00fcn ba\u015flad\u0131 ve 7 Temmuz\u2019a kadar s\u00fcrecek. TUFAD festivale, 28 ki\u015filik y\u00f6netici ve oyuncu kadrosuyla kat\u0131l\u0131yor.<\/p>\n<p>TUFAD a\u00e7\u0131klamas\u0131nda, festival i\u00e7in sponsorluk sa\u011flayan Ali Aky\u00f6n, Burhan G\u00fclery\u00fcz, Kaan Motors, Arzum Seyehat, HMS Ltd ve Meri\u00e7 S\u00fct \u00dcr\u00fcnleri\u2019ne te\u015fekk\u00fcr edildi.<\/p>\n<p>Festivaldeki g\u00f6sterilerinin ard\u0131ndan ard\u0131ndan ekip 8 Temmuz Pazartesi \u00fclkeye d\u00f6necek.<\/p>\n<\/p><\/div>\n<p><script async\n                    defer\n                    crossorigin=\"anonymous\"\n                    src=\"https:\/\/connect.facebook.net\/tr_TR\/sdk.js#xfbml=1&#038;version=v3.3\"\n            ><\/script><\/p>\n","protected":false},"excerpt":{"rendered":"<p>Turizm ve Folklor Ara\u015ft\u0131rmalar\u0131 Derne\u011fi (TUFAD) 37. TUFAG Uluslararas\u0131 Halk Danslar\u0131 Festivali\u2019ne kat\u0131lmak \u00fczere Yalova\u2019ya gitti. TUFAD\u2019dan yap\u0131lan yaz\u0131l\u0131 a\u00e7\u0131klamaya g\u00f6re, Alt\u0131n Karanfil Halk Danslar\u0131 Yar\u0131\u015fmas\u0131\u2019n\u0131n 25\u2019incisi d\u00fczenlenecek Yalova\u2019daki Festival, bug\u00fcn ba\u015flad\u0131 ve 7 Temmuz\u2019a kadar s\u00fcrecek. TUFAD festivale, 28 ki\u015filik y\u00f6netici ve oyuncu kadrosuyla kat\u0131l\u0131yor. TUFAD a\u00e7\u0131klamas\u0131nda, festival i\u00e7in sponsorluk sa\u011flayan Ali Aky\u00f6n, Burhan [&hellip;]<\/p>\n","protected":false},"author":1,"featured_media":5713,"comment_status":"open","ping_status":"open","sticky":false,"template":"","format":"standard","meta":{"jnews-multi-image_gallery":[],"jnews_single_post":[],"jnews_primary_category":[],"jnews_social_meta":[],"jnews_override_counter":[],"footnotes":""},"categories":[6],"tags":[],"class_list":["post-5712","post","type-post","status-publish","format-standard","has-post-thumbnail","hentry","category-yasam"],"yoast_head":"<!-- This site is optimized with the Yoast SEO plugin v27.5 - https:\/\/yoast.com\/product\/yoast-seo-wordpress\/ -->\n<title>Tarihsel Diyalog ve Ara\u015ft\u0131rma Derne\u011fi\u2019nden \u201cTeaching for Peace\u201d \u00f6d\u00fcl\u00fc i\u00e7in ba\u015fvuru \u00e7a\u011fr\u0131s\u0131 - Kuzeyin Sesi<\/title>\n<meta name=\"robots\" content=\"index, follow, max-snippet:-1, max-image-preview:large, max-video-preview:-1\" \/>\n<link rel=\"canonical\" href=\"https:\/\/kuzeyinsesi.org\/index.php\/2024\/07\/02\/tarihsel-diyalog-ve-arastirma-derneginden-teaching-for-peace-odulu-icin-basvuru-cagrisi\/\" \/>\n<meta property=\"og:locale\" content=\"tr_TR\" \/>\n<meta property=\"og:type\" content=\"article\" \/>\n<meta property=\"og:title\" content=\"Tarihsel Diyalog ve Ara\u015ft\u0131rma Derne\u011fi\u2019nden \u201cTeaching for Peace\u201d \u00f6d\u00fcl\u00fc i\u00e7in ba\u015fvuru \u00e7a\u011fr\u0131s\u0131 - Kuzeyin Sesi\" \/>\n<meta property=\"og:description\" content=\"Turizm ve Folklor Ara\u015ft\u0131rmalar\u0131 Derne\u011fi (TUFAD) 37. TUFAG Uluslararas\u0131 Halk Danslar\u0131 Festivali\u2019ne kat\u0131lmak \u00fczere Yalova\u2019ya gitti. TUFAD\u2019dan yap\u0131lan yaz\u0131l\u0131 a\u00e7\u0131klamaya g\u00f6re, Alt\u0131n Karanfil Halk Danslar\u0131 Yar\u0131\u015fmas\u0131\u2019n\u0131n 25\u2019incisi d\u00fczenlenecek Yalova\u2019daki Festival, bug\u00fcn ba\u015flad\u0131 ve 7 Temmuz\u2019a kadar s\u00fcrecek. TUFAD festivale, 28 ki\u015filik y\u00f6netici ve oyuncu kadrosuyla kat\u0131l\u0131yor. TUFAD a\u00e7\u0131klamas\u0131nda, festival i\u00e7in sponsorluk sa\u011flayan Ali Aky\u00f6n, Burhan [&hellip;]\" \/>\n<meta property=\"og:url\" content=\"https:\/\/kuzeyinsesi.org\/index.php\/2024\/07\/02\/tarihsel-diyalog-ve-arastirma-derneginden-teaching-for-peace-odulu-icin-basvuru-cagrisi\/\" \/>\n<meta property=\"og:site_name\" content=\"Kuzeyin Sesi\" \/>\n<meta property=\"article:publisher\" content=\"https:\/\/www.facebook.com\/kuzeyinsesii\" \/>\n<meta property=\"article:published_time\" content=\"2024-07-02T16:52:24+00:00\" \/>\n<meta property=\"og:image\" content=\"https:\/\/kuzeyinsesi.org\/wp-content\/uploads\/2024\/07\/9898989.webp.webp\" \/>\n\t<meta property=\"og:image:width\" content=\"1280\" \/>\n\t<meta property=\"og:image:height\" content=\"720\" \/>\n\t<meta property=\"og:image:type\" content=\"image\/webp\" \/>\n<meta name=\"author\" content=\"Kuzeyin Sesi\" \/>\n<meta name=\"twitter:card\" content=\"summary_large_image\" \/>\n<meta name=\"twitter:creator\" content=\"@kuzeyinsesii\" \/>\n<meta name=\"twitter:site\" content=\"@kuzeyinsesii\" \/>\n<meta name=\"twitter:label1\" content=\"Yazan:\" \/>\n\t<meta name=\"twitter:data1\" content=\"Kuzeyin Sesi\" \/>\n\t<meta name=\"twitter:label2\" content=\"Tahmini okuma s\u00fcresi\" \/>\n\t<meta name=\"twitter:data2\" content=\"1 dakika\" \/>\n<script type=\"application\/ld+json\" class=\"yoast-schema-graph\">{\"@context\":\"https:\\\/\\\/schema.org\",\"@graph\":[{\"@type\":\"Article\",\"@id\":\"https:\\\/\\\/kuzeyinsesi.org\\\/index.php\\\/2024\\\/07\\\/02\\\/tarihsel-diyalog-ve-arastirma-derneginden-teaching-for-peace-odulu-icin-basvuru-cagrisi\\\/#article\",\"isPartOf\":{\"@id\":\"https:\\\/\\\/kuzeyinsesi.org\\\/index.php\\\/2024\\\/07\\\/02\\\/tarihsel-diyalog-ve-arastirma-derneginden-teaching-for-peace-odulu-icin-basvuru-cagrisi\\\/\"},\"author\":{\"name\":\"Kuzeyin Sesi\",\"@id\":\"https:\\\/\\\/kuzeyinsesi.org\\\/#\\\/schema\\\/person\\\/9f859689cdf01485597712386e37f5aa\"},\"headline\":\"Tarihsel Diyalog ve Ara\u015ft\u0131rma Derne\u011fi\u2019nden \u201cTeaching for Peace\u201d \u00f6d\u00fcl\u00fc i\u00e7in ba\u015fvuru \u00e7a\u011fr\u0131s\u0131\",\"datePublished\":\"2024-07-02T16:52:24+00:00\",\"mainEntityOfPage\":{\"@id\":\"https:\\\/\\\/kuzeyinsesi.org\\\/index.php\\\/2024\\\/07\\\/02\\\/tarihsel-diyalog-ve-arastirma-derneginden-teaching-for-peace-odulu-icin-basvuru-cagrisi\\\/\"},\"wordCount\":136,\"commentCount\":0,\"image\":{\"@id\":\"https:\\\/\\\/kuzeyinsesi.org\\\/index.php\\\/2024\\\/07\\\/02\\\/tarihsel-diyalog-ve-arastirma-derneginden-teaching-for-peace-odulu-icin-basvuru-cagrisi\\\/#primaryimage\"},\"thumbnailUrl\":\"https:\\\/\\\/kuzeyinsesi.org\\\/wp-content\\\/uploads\\\/2024\\\/07\\\/9898989.webp.webp\",\"articleSection\":[\"Ya\u015fam\"],\"inLanguage\":\"tr\",\"potentialAction\":[{\"@type\":\"CommentAction\",\"name\":\"Comment\",\"target\":[\"https:\\\/\\\/kuzeyinsesi.org\\\/index.php\\\/2024\\\/07\\\/02\\\/tarihsel-diyalog-ve-arastirma-derneginden-teaching-for-peace-odulu-icin-basvuru-cagrisi\\\/#respond\"]}]},{\"@type\":\"WebPage\",\"@id\":\"https:\\\/\\\/kuzeyinsesi.org\\\/index.php\\\/2024\\\/07\\\/02\\\/tarihsel-diyalog-ve-arastirma-derneginden-teaching-for-peace-odulu-icin-basvuru-cagrisi\\\/\",\"url\":\"https:\\\/\\\/kuzeyinsesi.org\\\/index.php\\\/2024\\\/07\\\/02\\\/tarihsel-diyalog-ve-arastirma-derneginden-teaching-for-peace-odulu-icin-basvuru-cagrisi\\\/\",\"name\":\"Tarihsel Diyalog ve Ara\u015ft\u0131rma Derne\u011fi\u2019nden \u201cTeaching for Peace\u201d \u00f6d\u00fcl\u00fc i\u00e7in ba\u015fvuru \u00e7a\u011fr\u0131s\u0131 - Kuzeyin Sesi\",\"isPartOf\":{\"@id\":\"https:\\\/\\\/kuzeyinsesi.org\\\/#website\"},\"primaryImageOfPage\":{\"@id\":\"https:\\\/\\\/kuzeyinsesi.org\\\/index.php\\\/2024\\\/07\\\/02\\\/tarihsel-diyalog-ve-arastirma-derneginden-teaching-for-peace-odulu-icin-basvuru-cagrisi\\\/#primaryimage\"},\"image\":{\"@id\":\"https:\\\/\\\/kuzeyinsesi.org\\\/index.php\\\/2024\\\/07\\\/02\\\/tarihsel-diyalog-ve-arastirma-derneginden-teaching-for-peace-odulu-icin-basvuru-cagrisi\\\/#primaryimage\"},\"thumbnailUrl\":\"https:\\\/\\\/kuzeyinsesi.org\\\/wp-content\\\/uploads\\\/2024\\\/07\\\/9898989.webp.webp\",\"datePublished\":\"2024-07-02T16:52:24+00:00\",\"author\":{\"@id\":\"https:\\\/\\\/kuzeyinsesi.org\\\/#\\\/schema\\\/person\\\/9f859689cdf01485597712386e37f5aa\"},\"breadcrumb\":{\"@id\":\"https:\\\/\\\/kuzeyinsesi.org\\\/index.php\\\/2024\\\/07\\\/02\\\/tarihsel-diyalog-ve-arastirma-derneginden-teaching-for-peace-odulu-icin-basvuru-cagrisi\\\/#breadcrumb\"},\"inLanguage\":\"tr\",\"potentialAction\":[{\"@type\":\"ReadAction\",\"target\":[\"https:\\\/\\\/kuzeyinsesi.org\\\/index.php\\\/2024\\\/07\\\/02\\\/tarihsel-diyalog-ve-arastirma-derneginden-teaching-for-peace-odulu-icin-basvuru-cagrisi\\\/\"]}]},{\"@type\":\"ImageObject\",\"inLanguage\":\"tr\",\"@id\":\"https:\\\/\\\/kuzeyinsesi.org\\\/index.php\\\/2024\\\/07\\\/02\\\/tarihsel-diyalog-ve-arastirma-derneginden-teaching-for-peace-odulu-icin-basvuru-cagrisi\\\/#primaryimage\",\"url\":\"https:\\\/\\\/kuzeyinsesi.org\\\/wp-content\\\/uploads\\\/2024\\\/07\\\/9898989.webp.webp\",\"contentUrl\":\"https:\\\/\\\/kuzeyinsesi.org\\\/wp-content\\\/uploads\\\/2024\\\/07\\\/9898989.webp.webp\",\"width\":1280,\"height\":720},{\"@type\":\"BreadcrumbList\",\"@id\":\"https:\\\/\\\/kuzeyinsesi.org\\\/index.php\\\/2024\\\/07\\\/02\\\/tarihsel-diyalog-ve-arastirma-derneginden-teaching-for-peace-odulu-icin-basvuru-cagrisi\\\/#breadcrumb\",\"itemListElement\":[{\"@type\":\"ListItem\",\"position\":1,\"name\":\"Anasayfa\",\"item\":\"https:\\\/\\\/kuzeyinsesi.org\\\/\"},{\"@type\":\"ListItem\",\"position\":2,\"name\":\"Tarihsel Diyalog ve Ara\u015ft\u0131rma Derne\u011fi\u2019nden \u201cTeaching for Peace\u201d \u00f6d\u00fcl\u00fc i\u00e7in ba\u015fvuru \u00e7a\u011fr\u0131s\u0131\"}]},{\"@type\":\"WebSite\",\"@id\":\"https:\\\/\\\/kuzeyinsesi.org\\\/#website\",\"url\":\"https:\\\/\\\/kuzeyinsesi.org\\\/\",\"name\":\"Kuzeyin Sesi\",\"description\":\"Do\u011fru Haberin Adresi\",\"potentialAction\":[{\"@type\":\"SearchAction\",\"target\":{\"@type\":\"EntryPoint\",\"urlTemplate\":\"https:\\\/\\\/kuzeyinsesi.org\\\/?s={search_term_string}\"},\"query-input\":{\"@type\":\"PropertyValueSpecification\",\"valueRequired\":true,\"valueName\":\"search_term_string\"}}],\"inLanguage\":\"tr\"},{\"@type\":\"Person\",\"@id\":\"https:\\\/\\\/kuzeyinsesi.org\\\/#\\\/schema\\\/person\\\/9f859689cdf01485597712386e37f5aa\",\"name\":\"Kuzeyin Sesi\",\"image\":{\"@type\":\"ImageObject\",\"inLanguage\":\"tr\",\"@id\":\"https:\\\/\\\/secure.gravatar.com\\\/avatar\\\/bab33852abfd8b282518d6ed81826833d77c3c882d9ab608add591ccace47a44?s=96&d=mm&r=g\",\"url\":\"https:\\\/\\\/secure.gravatar.com\\\/avatar\\\/bab33852abfd8b282518d6ed81826833d77c3c882d9ab608add591ccace47a44?s=96&d=mm&r=g\",\"contentUrl\":\"https:\\\/\\\/secure.gravatar.com\\\/avatar\\\/bab33852abfd8b282518d6ed81826833d77c3c882d9ab608add591ccace47a44?s=96&d=mm&r=g\",\"caption\":\"Kuzeyin Sesi\"},\"sameAs\":[\"https:\\\/\\\/kuzeyinsesi.org\"],\"url\":\"https:\\\/\\\/kuzeyinsesi.org\\\/index.php\\\/author\\\/guven\\\/\"}]}<\/script>\n<!-- \/ Yoast SEO plugin. -->","yoast_head_json":{"title":"Tarihsel Diyalog ve Ara\u015ft\u0131rma Derne\u011fi\u2019nden \u201cTeaching for Peace\u201d \u00f6d\u00fcl\u00fc i\u00e7in ba\u015fvuru \u00e7a\u011fr\u0131s\u0131 - Kuzeyin Sesi","robots":{"index":"index","follow":"follow","max-snippet":"max-snippet:-1","max-image-preview":"max-image-preview:large","max-video-preview":"max-video-preview:-1"},"canonical":"https:\/\/kuzeyinsesi.org\/index.php\/2024\/07\/02\/tarihsel-diyalog-ve-arastirma-derneginden-teaching-for-peace-odulu-icin-basvuru-cagrisi\/","og_locale":"tr_TR","og_type":"article","og_title":"Tarihsel Diyalog ve Ara\u015ft\u0131rma Derne\u011fi\u2019nden \u201cTeaching for Peace\u201d \u00f6d\u00fcl\u00fc i\u00e7in ba\u015fvuru \u00e7a\u011fr\u0131s\u0131 - Kuzeyin Sesi","og_description":"Turizm ve Folklor Ara\u015ft\u0131rmalar\u0131 Derne\u011fi (TUFAD) 37. TUFAG Uluslararas\u0131 Halk Danslar\u0131 Festivali\u2019ne kat\u0131lmak \u00fczere Yalova\u2019ya gitti. TUFAD\u2019dan yap\u0131lan yaz\u0131l\u0131 a\u00e7\u0131klamaya g\u00f6re, Alt\u0131n Karanfil Halk Danslar\u0131 Yar\u0131\u015fmas\u0131\u2019n\u0131n 25\u2019incisi d\u00fczenlenecek Yalova\u2019daki Festival, bug\u00fcn ba\u015flad\u0131 ve 7 Temmuz\u2019a kadar s\u00fcrecek. TUFAD festivale, 28 ki\u015filik y\u00f6netici ve oyuncu kadrosuyla kat\u0131l\u0131yor. TUFAD a\u00e7\u0131klamas\u0131nda, festival i\u00e7in sponsorluk sa\u011flayan Ali Aky\u00f6n, Burhan [&hellip;]","og_url":"https:\/\/kuzeyinsesi.org\/index.php\/2024\/07\/02\/tarihsel-diyalog-ve-arastirma-derneginden-teaching-for-peace-odulu-icin-basvuru-cagrisi\/","og_site_name":"Kuzeyin Sesi","article_publisher":"https:\/\/www.facebook.com\/kuzeyinsesii","article_published_time":"2024-07-02T16:52:24+00:00","og_image":[{"width":1280,"height":720,"url":"https:\/\/kuzeyinsesi.org\/wp-content\/uploads\/2024\/07\/9898989.webp.webp","type":"image\/webp"}],"author":"Kuzeyin Sesi","twitter_card":"summary_large_image","twitter_creator":"@kuzeyinsesii","twitter_site":"@kuzeyinsesii","twitter_misc":{"Yazan:":"Kuzeyin Sesi","Tahmini okuma s\u00fcresi":"1 dakika"},"schema":{"@context":"https:\/\/schema.org","@graph":[{"@type":"Article","@id":"https:\/\/kuzeyinsesi.org\/index.php\/2024\/07\/02\/tarihsel-diyalog-ve-arastirma-derneginden-teaching-for-peace-odulu-icin-basvuru-cagrisi\/#article","isPartOf":{"@id":"https:\/\/kuzeyinsesi.org\/index.php\/2024\/07\/02\/tarihsel-diyalog-ve-arastirma-derneginden-teaching-for-peace-odulu-icin-basvuru-cagrisi\/"},"author":{"name":"Kuzeyin Sesi","@id":"https:\/\/kuzeyinsesi.org\/#\/schema\/person\/9f859689cdf01485597712386e37f5aa"},"headline":"Tarihsel Diyalog ve Ara\u015ft\u0131rma Derne\u011fi\u2019nden \u201cTeaching for Peace\u201d \u00f6d\u00fcl\u00fc i\u00e7in ba\u015fvuru \u00e7a\u011fr\u0131s\u0131","datePublished":"2024-07-02T16:52:24+00:00","mainEntityOfPage":{"@id":"https:\/\/kuzeyinsesi.org\/index.php\/2024\/07\/02\/tarihsel-diyalog-ve-arastirma-derneginden-teaching-for-peace-odulu-icin-basvuru-cagrisi\/"},"wordCount":136,"commentCount":0,"image":{"@id":"https:\/\/kuzeyinsesi.org\/index.php\/2024\/07\/02\/tarihsel-diyalog-ve-arastirma-derneginden-teaching-for-peace-odulu-icin-basvuru-cagrisi\/#primaryimage"},"thumbnailUrl":"https:\/\/kuzeyinsesi.org\/wp-content\/uploads\/2024\/07\/9898989.webp.webp","articleSection":["Ya\u015fam"],"inLanguage":"tr","potentialAction":[{"@type":"CommentAction","name":"Comment","target":["https:\/\/kuzeyinsesi.org\/index.php\/2024\/07\/02\/tarihsel-diyalog-ve-arastirma-derneginden-teaching-for-peace-odulu-icin-basvuru-cagrisi\/#respond"]}]},{"@type":"WebPage","@id":"https:\/\/kuzeyinsesi.org\/index.php\/2024\/07\/02\/tarihsel-diyalog-ve-arastirma-derneginden-teaching-for-peace-odulu-icin-basvuru-cagrisi\/","url":"https:\/\/kuzeyinsesi.org\/index.php\/2024\/07\/02\/tarihsel-diyalog-ve-arastirma-derneginden-teaching-for-peace-odulu-icin-basvuru-cagrisi\/","name":"Tarihsel Diyalog ve Ara\u015ft\u0131rma Derne\u011fi\u2019nden \u201cTeaching for Peace\u201d \u00f6d\u00fcl\u00fc i\u00e7in ba\u015fvuru \u00e7a\u011fr\u0131s\u0131 - Kuzeyin Sesi","isPartOf":{"@id":"https:\/\/kuzeyinsesi.org\/#website"},"primaryImageOfPage":{"@id":"https:\/\/kuzeyinsesi.org\/index.php\/2024\/07\/02\/tarihsel-diyalog-ve-arastirma-derneginden-teaching-for-peace-odulu-icin-basvuru-cagrisi\/#primaryimage"},"image":{"@id":"https:\/\/kuzeyinsesi.org\/index.php\/2024\/07\/02\/tarihsel-diyalog-ve-arastirma-derneginden-teaching-for-peace-odulu-icin-basvuru-cagrisi\/#primaryimage"},"thumbnailUrl":"https:\/\/kuzeyinsesi.org\/wp-content\/uploads\/2024\/07\/9898989.webp.webp","datePublished":"2024-07-02T16:52:24+00:00","author":{"@id":"https:\/\/kuzeyinsesi.org\/#\/schema\/person\/9f859689cdf01485597712386e37f5aa"},"breadcrumb":{"@id":"https:\/\/kuzeyinsesi.org\/index.php\/2024\/07\/02\/tarihsel-diyalog-ve-arastirma-derneginden-teaching-for-peace-odulu-icin-basvuru-cagrisi\/#breadcrumb"},"inLanguage":"tr","potentialAction":[{"@type":"ReadAction","target":["https:\/\/kuzeyinsesi.org\/index.php\/2024\/07\/02\/tarihsel-diyalog-ve-arastirma-derneginden-teaching-for-peace-odulu-icin-basvuru-cagrisi\/"]}]},{"@type":"ImageObject","inLanguage":"tr","@id":"https:\/\/kuzeyinsesi.org\/index.php\/2024\/07\/02\/tarihsel-diyalog-ve-arastirma-derneginden-teaching-for-peace-odulu-icin-basvuru-cagrisi\/#primaryimage","url":"https:\/\/kuzeyinsesi.org\/wp-content\/uploads\/2024\/07\/9898989.webp.webp","contentUrl":"https:\/\/kuzeyinsesi.org\/wp-content\/uploads\/2024\/07\/9898989.webp.webp","width":1280,"height":720},{"@type":"BreadcrumbList","@id":"https:\/\/kuzeyinsesi.org\/index.php\/2024\/07\/02\/tarihsel-diyalog-ve-arastirma-derneginden-teaching-for-peace-odulu-icin-basvuru-cagrisi\/#breadcrumb","itemListElement":[{"@type":"ListItem","position":1,"name":"Anasayfa","item":"https:\/\/kuzeyinsesi.org\/"},{"@type":"ListItem","position":2,"name":"Tarihsel Diyalog ve Ara\u015ft\u0131rma Derne\u011fi\u2019nden \u201cTeaching for Peace\u201d \u00f6d\u00fcl\u00fc i\u00e7in ba\u015fvuru \u00e7a\u011fr\u0131s\u0131"}]},{"@type":"WebSite","@id":"https:\/\/kuzeyinsesi.org\/#website","url":"https:\/\/kuzeyinsesi.org\/","name":"Kuzeyin Sesi","description":"Do\u011fru Haberin Adresi","potentialAction":[{"@type":"SearchAction","target":{"@type":"EntryPoint","urlTemplate":"https:\/\/kuzeyinsesi.org\/?s={search_term_string}"},"query-input":{"@type":"PropertyValueSpecification","valueRequired":true,"valueName":"search_term_string"}}],"inLanguage":"tr"},{"@type":"Person","@id":"https:\/\/kuzeyinsesi.org\/#\/schema\/person\/9f859689cdf01485597712386e37f5aa","name":"Kuzeyin Sesi","image":{"@type":"ImageObject","inLanguage":"tr","@id":"https:\/\/secure.gravatar.com\/avatar\/bab33852abfd8b282518d6ed81826833d77c3c882d9ab608add591ccace47a44?s=96&d=mm&r=g","url":"https:\/\/secure.gravatar.com\/avatar\/bab33852abfd8b282518d6ed81826833d77c3c882d9ab608add591ccace47a44?s=96&d=mm&r=g","contentUrl":"https:\/\/secure.gravatar.com\/avatar\/bab33852abfd8b282518d6ed81826833d77c3c882d9ab608add591ccace47a44?s=96&d=mm&r=g","caption":"Kuzeyin Sesi"},"sameAs":["https:\/\/kuzeyinsesi.org"],"url":"https:\/\/kuzeyinsesi.org\/index.php\/author\/guven\/"}]}},"_links":{"self":[{"href":"https:\/\/kuzeyinsesi.org\/index.php\/wp-json\/wp\/v2\/posts\/5712","targetHints":{"allow":["GET"]}}],"collection":[{"href":"https:\/\/kuzeyinsesi.org\/index.php\/wp-json\/wp\/v2\/posts"}],"about":[{"href":"https:\/\/kuzeyinsesi.org\/index.php\/wp-json\/wp\/v2\/types\/post"}],"author":[{"embeddable":true,"href":"https:\/\/kuzeyinsesi.org\/index.php\/wp-json\/wp\/v2\/users\/1"}],"replies":[{"embeddable":true,"href":"https:\/\/kuzeyinsesi.org\/index.php\/wp-json\/wp\/v2\/comments?post=5712"}],"version-history":[{"count":0,"href":"https:\/\/kuzeyinsesi.org\/index.php\/wp-json\/wp\/v2\/posts\/5712\/revisions"}],"wp:featuredmedia":[{"embeddable":true,"href":"https:\/\/kuzeyinsesi.org\/index.php\/wp-json\/wp\/v2\/media\/5713"}],"wp:attachment":[{"href":"https:\/\/kuzeyinsesi.org\/index.php\/wp-json\/wp\/v2\/media?parent=5712"}],"wp:term":[{"taxonomy":"category","embeddable":true,"href":"https:\/\/kuzeyinsesi.org\/index.php\/wp-json\/wp\/v2\/categories?post=5712"},{"taxonomy":"post_tag","embeddable":true,"href":"https:\/\/kuzeyinsesi.org\/index.php\/wp-json\/wp\/v2\/tags?post=5712"}],"curies":[{"name":"wp","href":"https:\/\/api.w.org\/{rel}","templated":true}]}}