{"id":5704,"date":"2024-07-02T18:49:28","date_gmt":"2024-07-02T15:49:28","guid":{"rendered":"https:\/\/kuzeyinsesi.com\/index.php\/2024\/07\/02\/cagdas-muzik-dernegi-girnede-yardim-konseri-verdi\/"},"modified":"2024-07-02T18:49:28","modified_gmt":"2024-07-02T15:49:28","slug":"cagdas-muzik-dernegi-girnede-yardim-konseri-verdi","status":"publish","type":"post","link":"https:\/\/kuzeyinsesi.org\/index.php\/2024\/07\/02\/cagdas-muzik-dernegi-girnede-yardim-konseri-verdi\/","title":{"rendered":"\u00c7a\u011fda\u015f M\u00fczik Derne\u011fi Girne\u2019de yard\u0131m konseri verdi"},"content":{"rendered":"<div>\n<div class=\"mariselle-image-container center\">\n                                            <\/div>\n<p>\u00c7a\u011fda\u015f M\u00fczik Derne\u011fi, d\u00fcn ak\u015fam Girne\u2019de konser verdi. Konser geliri Dr. Burhan Nalbanto\u011flu Devlet Hastanesi \u00c7ocuk Onkoloji Servisi\u2019ne ba\u011f\u0131\u015flanacak.<\/p>\n<p>Dernek\u2019ten verilen bilgiye g\u00f6re, Girne Amfi Tiyatro\u2019da yer alan konserde TRT sanat\u00e7\u0131lar\u0131 Ay\u015fe Ekiz, \u00c7i\u011fdem G\u00fcrdal, Mustafa Demiro\u011flu, Esra \u0130\u00e7\u00f6z ve Nusret Y\u0131lmaz; saz sanat\u00e7\u0131lar\u0131, yerel sanat\u00e7\u0131lardan Ayhan Ba\u015fkal ve Cemal \u00d6zg\u00fcrsel; \u00c7a\u011fda\u015f Gen\u00e7ler Orkestras\u0131 ve Ladies Fusion Dans Grubu sahne ald\u0131.<\/p>\n<p>Konser, Dernek Ba\u015fkan\u0131 ve Koro \u015eefi Ersin T\u00fcnay\u2019\u0131n 40. sanat y\u0131l\u0131 \u00e7er\u00e7evesinde d\u00fczenlendi.<\/p>\n<p>Ersin T\u00fcnay, konuyla ilgili a\u00e7\u0131klamas\u0131nda \u201cHi\u00e7 bir \u00e7ocu\u011fun hayalleri yar\u0131m kalmas\u0131n slogan\u0131yla\u201d hedefe ula\u015ft\u0131klar\u0131n\u0131 belirtti ve katk\u0131 koyan herkese te\u015fekk\u00fcr etti.<\/p>\n<\/p><\/div>\n<p><script async\n                    defer\n                    crossorigin=\"anonymous\"\n                    src=\"https:\/\/connect.facebook.net\/tr_TR\/sdk.js#xfbml=1&#038;version=v3.3\"\n            ><\/script><\/p>\n","protected":false},"excerpt":{"rendered":"<p>\u00c7a\u011fda\u015f M\u00fczik Derne\u011fi, d\u00fcn ak\u015fam Girne\u2019de konser verdi. Konser geliri Dr. Burhan Nalbanto\u011flu Devlet Hastanesi \u00c7ocuk Onkoloji Servisi\u2019ne ba\u011f\u0131\u015flanacak. Dernek\u2019ten verilen bilgiye g\u00f6re, Girne Amfi Tiyatro\u2019da yer alan konserde TRT sanat\u00e7\u0131lar\u0131 Ay\u015fe Ekiz, \u00c7i\u011fdem G\u00fcrdal, Mustafa Demiro\u011flu, Esra \u0130\u00e7\u00f6z ve Nusret Y\u0131lmaz; saz sanat\u00e7\u0131lar\u0131, yerel sanat\u00e7\u0131lardan Ayhan Ba\u015fkal ve Cemal \u00d6zg\u00fcrsel; \u00c7a\u011fda\u015f Gen\u00e7ler Orkestras\u0131 ve [&hellip;]<\/p>\n","protected":false},"author":1,"featured_media":5705,"comment_status":"open","ping_status":"open","sticky":false,"template":"","format":"standard","meta":{"jnews-multi-image_gallery":[],"jnews_single_post":[],"jnews_primary_category":[],"jnews_social_meta":[],"jnews_override_counter":[],"footnotes":""},"categories":[6],"tags":[],"class_list":["post-5704","post","type-post","status-publish","format-standard","has-post-thumbnail","hentry","category-yasam"],"yoast_head":"<!-- This site is optimized with the Yoast SEO plugin v27.5 - https:\/\/yoast.com\/product\/yoast-seo-wordpress\/ -->\n<title>\u00c7a\u011fda\u015f M\u00fczik Derne\u011fi Girne\u2019de yard\u0131m konseri verdi - Kuzeyin Sesi<\/title>\n<meta name=\"robots\" content=\"index, follow, max-snippet:-1, max-image-preview:large, max-video-preview:-1\" \/>\n<link rel=\"canonical\" href=\"https:\/\/kuzeyinsesi.org\/index.php\/2024\/07\/02\/cagdas-muzik-dernegi-girnede-yardim-konseri-verdi\/\" \/>\n<meta property=\"og:locale\" content=\"tr_TR\" \/>\n<meta property=\"og:type\" content=\"article\" \/>\n<meta property=\"og:title\" content=\"\u00c7a\u011fda\u015f M\u00fczik Derne\u011fi Girne\u2019de yard\u0131m konseri verdi - Kuzeyin Sesi\" \/>\n<meta property=\"og:description\" content=\"\u00c7a\u011fda\u015f M\u00fczik Derne\u011fi, d\u00fcn ak\u015fam Girne\u2019de konser verdi. Konser geliri Dr. Burhan Nalbanto\u011flu Devlet Hastanesi \u00c7ocuk Onkoloji Servisi\u2019ne ba\u011f\u0131\u015flanacak. Dernek\u2019ten verilen bilgiye g\u00f6re, Girne Amfi Tiyatro\u2019da yer alan konserde TRT sanat\u00e7\u0131lar\u0131 Ay\u015fe Ekiz, \u00c7i\u011fdem G\u00fcrdal, Mustafa Demiro\u011flu, Esra \u0130\u00e7\u00f6z ve Nusret Y\u0131lmaz; saz sanat\u00e7\u0131lar\u0131, yerel sanat\u00e7\u0131lardan Ayhan Ba\u015fkal ve Cemal \u00d6zg\u00fcrsel; \u00c7a\u011fda\u015f Gen\u00e7ler Orkestras\u0131 ve [&hellip;]\" \/>\n<meta property=\"og:url\" content=\"https:\/\/kuzeyinsesi.org\/index.php\/2024\/07\/02\/cagdas-muzik-dernegi-girnede-yardim-konseri-verdi\/\" \/>\n<meta property=\"og:site_name\" content=\"Kuzeyin Sesi\" \/>\n<meta property=\"article:publisher\" content=\"https:\/\/www.facebook.com\/kuzeyinsesii\" \/>\n<meta property=\"article:published_time\" content=\"2024-07-02T15:49:28+00:00\" \/>\n<meta property=\"og:image\" content=\"https:\/\/kuzeyinsesi.org\/wp-content\/uploads\/2024\/07\/342342.jpg\" \/>\n\t<meta property=\"og:image:width\" content=\"1562\" \/>\n\t<meta property=\"og:image:height\" content=\"885\" \/>\n\t<meta property=\"og:image:type\" content=\"image\/jpeg\" \/>\n<meta name=\"author\" content=\"Kuzeyin Sesi\" \/>\n<meta name=\"twitter:card\" content=\"summary_large_image\" \/>\n<meta name=\"twitter:creator\" content=\"@kuzeyinsesii\" \/>\n<meta name=\"twitter:site\" content=\"@kuzeyinsesii\" \/>\n<meta name=\"twitter:label1\" content=\"Yazan:\" \/>\n\t<meta name=\"twitter:data1\" content=\"Kuzeyin Sesi\" \/>\n\t<meta name=\"twitter:label2\" content=\"Tahmini okuma s\u00fcresi\" \/>\n\t<meta name=\"twitter:data2\" content=\"1 dakika\" \/>\n<script type=\"application\/ld+json\" class=\"yoast-schema-graph\">{\"@context\":\"https:\\\/\\\/schema.org\",\"@graph\":[{\"@type\":\"Article\",\"@id\":\"https:\\\/\\\/kuzeyinsesi.org\\\/index.php\\\/2024\\\/07\\\/02\\\/cagdas-muzik-dernegi-girnede-yardim-konseri-verdi\\\/#article\",\"isPartOf\":{\"@id\":\"https:\\\/\\\/kuzeyinsesi.org\\\/index.php\\\/2024\\\/07\\\/02\\\/cagdas-muzik-dernegi-girnede-yardim-konseri-verdi\\\/\"},\"author\":{\"name\":\"Kuzeyin Sesi\",\"@id\":\"https:\\\/\\\/kuzeyinsesi.org\\\/#\\\/schema\\\/person\\\/9f859689cdf01485597712386e37f5aa\"},\"headline\":\"\u00c7a\u011fda\u015f M\u00fczik Derne\u011fi Girne\u2019de yard\u0131m konseri verdi\",\"datePublished\":\"2024-07-02T15:49:28+00:00\",\"mainEntityOfPage\":{\"@id\":\"https:\\\/\\\/kuzeyinsesi.org\\\/index.php\\\/2024\\\/07\\\/02\\\/cagdas-muzik-dernegi-girnede-yardim-konseri-verdi\\\/\"},\"wordCount\":148,\"commentCount\":0,\"image\":{\"@id\":\"https:\\\/\\\/kuzeyinsesi.org\\\/index.php\\\/2024\\\/07\\\/02\\\/cagdas-muzik-dernegi-girnede-yardim-konseri-verdi\\\/#primaryimage\"},\"thumbnailUrl\":\"https:\\\/\\\/kuzeyinsesi.org\\\/wp-content\\\/uploads\\\/2024\\\/07\\\/342342.jpg\",\"articleSection\":[\"Ya\u015fam\"],\"inLanguage\":\"tr\",\"potentialAction\":[{\"@type\":\"CommentAction\",\"name\":\"Comment\",\"target\":[\"https:\\\/\\\/kuzeyinsesi.org\\\/index.php\\\/2024\\\/07\\\/02\\\/cagdas-muzik-dernegi-girnede-yardim-konseri-verdi\\\/#respond\"]}]},{\"@type\":\"WebPage\",\"@id\":\"https:\\\/\\\/kuzeyinsesi.org\\\/index.php\\\/2024\\\/07\\\/02\\\/cagdas-muzik-dernegi-girnede-yardim-konseri-verdi\\\/\",\"url\":\"https:\\\/\\\/kuzeyinsesi.org\\\/index.php\\\/2024\\\/07\\\/02\\\/cagdas-muzik-dernegi-girnede-yardim-konseri-verdi\\\/\",\"name\":\"\u00c7a\u011fda\u015f M\u00fczik Derne\u011fi Girne\u2019de yard\u0131m konseri verdi - Kuzeyin Sesi\",\"isPartOf\":{\"@id\":\"https:\\\/\\\/kuzeyinsesi.org\\\/#website\"},\"primaryImageOfPage\":{\"@id\":\"https:\\\/\\\/kuzeyinsesi.org\\\/index.php\\\/2024\\\/07\\\/02\\\/cagdas-muzik-dernegi-girnede-yardim-konseri-verdi\\\/#primaryimage\"},\"image\":{\"@id\":\"https:\\\/\\\/kuzeyinsesi.org\\\/index.php\\\/2024\\\/07\\\/02\\\/cagdas-muzik-dernegi-girnede-yardim-konseri-verdi\\\/#primaryimage\"},\"thumbnailUrl\":\"https:\\\/\\\/kuzeyinsesi.org\\\/wp-content\\\/uploads\\\/2024\\\/07\\\/342342.jpg\",\"datePublished\":\"2024-07-02T15:49:28+00:00\",\"author\":{\"@id\":\"https:\\\/\\\/kuzeyinsesi.org\\\/#\\\/schema\\\/person\\\/9f859689cdf01485597712386e37f5aa\"},\"breadcrumb\":{\"@id\":\"https:\\\/\\\/kuzeyinsesi.org\\\/index.php\\\/2024\\\/07\\\/02\\\/cagdas-muzik-dernegi-girnede-yardim-konseri-verdi\\\/#breadcrumb\"},\"inLanguage\":\"tr\",\"potentialAction\":[{\"@type\":\"ReadAction\",\"target\":[\"https:\\\/\\\/kuzeyinsesi.org\\\/index.php\\\/2024\\\/07\\\/02\\\/cagdas-muzik-dernegi-girnede-yardim-konseri-verdi\\\/\"]}]},{\"@type\":\"ImageObject\",\"inLanguage\":\"tr\",\"@id\":\"https:\\\/\\\/kuzeyinsesi.org\\\/index.php\\\/2024\\\/07\\\/02\\\/cagdas-muzik-dernegi-girnede-yardim-konseri-verdi\\\/#primaryimage\",\"url\":\"https:\\\/\\\/kuzeyinsesi.org\\\/wp-content\\\/uploads\\\/2024\\\/07\\\/342342.jpg\",\"contentUrl\":\"https:\\\/\\\/kuzeyinsesi.org\\\/wp-content\\\/uploads\\\/2024\\\/07\\\/342342.jpg\",\"width\":1562,\"height\":885},{\"@type\":\"BreadcrumbList\",\"@id\":\"https:\\\/\\\/kuzeyinsesi.org\\\/index.php\\\/2024\\\/07\\\/02\\\/cagdas-muzik-dernegi-girnede-yardim-konseri-verdi\\\/#breadcrumb\",\"itemListElement\":[{\"@type\":\"ListItem\",\"position\":1,\"name\":\"Anasayfa\",\"item\":\"https:\\\/\\\/kuzeyinsesi.org\\\/\"},{\"@type\":\"ListItem\",\"position\":2,\"name\":\"\u00c7a\u011fda\u015f M\u00fczik Derne\u011fi Girne\u2019de yard\u0131m konseri verdi\"}]},{\"@type\":\"WebSite\",\"@id\":\"https:\\\/\\\/kuzeyinsesi.org\\\/#website\",\"url\":\"https:\\\/\\\/kuzeyinsesi.org\\\/\",\"name\":\"Kuzeyin Sesi\",\"description\":\"Do\u011fru Haberin Adresi\",\"potentialAction\":[{\"@type\":\"SearchAction\",\"target\":{\"@type\":\"EntryPoint\",\"urlTemplate\":\"https:\\\/\\\/kuzeyinsesi.org\\\/?s={search_term_string}\"},\"query-input\":{\"@type\":\"PropertyValueSpecification\",\"valueRequired\":true,\"valueName\":\"search_term_string\"}}],\"inLanguage\":\"tr\"},{\"@type\":\"Person\",\"@id\":\"https:\\\/\\\/kuzeyinsesi.org\\\/#\\\/schema\\\/person\\\/9f859689cdf01485597712386e37f5aa\",\"name\":\"Kuzeyin Sesi\",\"image\":{\"@type\":\"ImageObject\",\"inLanguage\":\"tr\",\"@id\":\"https:\\\/\\\/secure.gravatar.com\\\/avatar\\\/bab33852abfd8b282518d6ed81826833d77c3c882d9ab608add591ccace47a44?s=96&d=mm&r=g\",\"url\":\"https:\\\/\\\/secure.gravatar.com\\\/avatar\\\/bab33852abfd8b282518d6ed81826833d77c3c882d9ab608add591ccace47a44?s=96&d=mm&r=g\",\"contentUrl\":\"https:\\\/\\\/secure.gravatar.com\\\/avatar\\\/bab33852abfd8b282518d6ed81826833d77c3c882d9ab608add591ccace47a44?s=96&d=mm&r=g\",\"caption\":\"Kuzeyin Sesi\"},\"sameAs\":[\"https:\\\/\\\/kuzeyinsesi.org\"],\"url\":\"https:\\\/\\\/kuzeyinsesi.org\\\/index.php\\\/author\\\/guven\\\/\"}]}<\/script>\n<!-- \/ Yoast SEO plugin. -->","yoast_head_json":{"title":"\u00c7a\u011fda\u015f M\u00fczik Derne\u011fi Girne\u2019de yard\u0131m konseri verdi - Kuzeyin Sesi","robots":{"index":"index","follow":"follow","max-snippet":"max-snippet:-1","max-image-preview":"max-image-preview:large","max-video-preview":"max-video-preview:-1"},"canonical":"https:\/\/kuzeyinsesi.org\/index.php\/2024\/07\/02\/cagdas-muzik-dernegi-girnede-yardim-konseri-verdi\/","og_locale":"tr_TR","og_type":"article","og_title":"\u00c7a\u011fda\u015f M\u00fczik Derne\u011fi Girne\u2019de yard\u0131m konseri verdi - Kuzeyin Sesi","og_description":"\u00c7a\u011fda\u015f M\u00fczik Derne\u011fi, d\u00fcn ak\u015fam Girne\u2019de konser verdi. Konser geliri Dr. Burhan Nalbanto\u011flu Devlet Hastanesi \u00c7ocuk Onkoloji Servisi\u2019ne ba\u011f\u0131\u015flanacak. Dernek\u2019ten verilen bilgiye g\u00f6re, Girne Amfi Tiyatro\u2019da yer alan konserde TRT sanat\u00e7\u0131lar\u0131 Ay\u015fe Ekiz, \u00c7i\u011fdem G\u00fcrdal, Mustafa Demiro\u011flu, Esra \u0130\u00e7\u00f6z ve Nusret Y\u0131lmaz; saz sanat\u00e7\u0131lar\u0131, yerel sanat\u00e7\u0131lardan Ayhan Ba\u015fkal ve Cemal \u00d6zg\u00fcrsel; \u00c7a\u011fda\u015f Gen\u00e7ler Orkestras\u0131 ve [&hellip;]","og_url":"https:\/\/kuzeyinsesi.org\/index.php\/2024\/07\/02\/cagdas-muzik-dernegi-girnede-yardim-konseri-verdi\/","og_site_name":"Kuzeyin Sesi","article_publisher":"https:\/\/www.facebook.com\/kuzeyinsesii","article_published_time":"2024-07-02T15:49:28+00:00","og_image":[{"width":1562,"height":885,"url":"https:\/\/kuzeyinsesi.org\/wp-content\/uploads\/2024\/07\/342342.jpg","type":"image\/jpeg"}],"author":"Kuzeyin Sesi","twitter_card":"summary_large_image","twitter_creator":"@kuzeyinsesii","twitter_site":"@kuzeyinsesii","twitter_misc":{"Yazan:":"Kuzeyin Sesi","Tahmini okuma s\u00fcresi":"1 dakika"},"schema":{"@context":"https:\/\/schema.org","@graph":[{"@type":"Article","@id":"https:\/\/kuzeyinsesi.org\/index.php\/2024\/07\/02\/cagdas-muzik-dernegi-girnede-yardim-konseri-verdi\/#article","isPartOf":{"@id":"https:\/\/kuzeyinsesi.org\/index.php\/2024\/07\/02\/cagdas-muzik-dernegi-girnede-yardim-konseri-verdi\/"},"author":{"name":"Kuzeyin Sesi","@id":"https:\/\/kuzeyinsesi.org\/#\/schema\/person\/9f859689cdf01485597712386e37f5aa"},"headline":"\u00c7a\u011fda\u015f M\u00fczik Derne\u011fi Girne\u2019de yard\u0131m konseri verdi","datePublished":"2024-07-02T15:49:28+00:00","mainEntityOfPage":{"@id":"https:\/\/kuzeyinsesi.org\/index.php\/2024\/07\/02\/cagdas-muzik-dernegi-girnede-yardim-konseri-verdi\/"},"wordCount":148,"commentCount":0,"image":{"@id":"https:\/\/kuzeyinsesi.org\/index.php\/2024\/07\/02\/cagdas-muzik-dernegi-girnede-yardim-konseri-verdi\/#primaryimage"},"thumbnailUrl":"https:\/\/kuzeyinsesi.org\/wp-content\/uploads\/2024\/07\/342342.jpg","articleSection":["Ya\u015fam"],"inLanguage":"tr","potentialAction":[{"@type":"CommentAction","name":"Comment","target":["https:\/\/kuzeyinsesi.org\/index.php\/2024\/07\/02\/cagdas-muzik-dernegi-girnede-yardim-konseri-verdi\/#respond"]}]},{"@type":"WebPage","@id":"https:\/\/kuzeyinsesi.org\/index.php\/2024\/07\/02\/cagdas-muzik-dernegi-girnede-yardim-konseri-verdi\/","url":"https:\/\/kuzeyinsesi.org\/index.php\/2024\/07\/02\/cagdas-muzik-dernegi-girnede-yardim-konseri-verdi\/","name":"\u00c7a\u011fda\u015f M\u00fczik Derne\u011fi Girne\u2019de yard\u0131m konseri verdi - Kuzeyin Sesi","isPartOf":{"@id":"https:\/\/kuzeyinsesi.org\/#website"},"primaryImageOfPage":{"@id":"https:\/\/kuzeyinsesi.org\/index.php\/2024\/07\/02\/cagdas-muzik-dernegi-girnede-yardim-konseri-verdi\/#primaryimage"},"image":{"@id":"https:\/\/kuzeyinsesi.org\/index.php\/2024\/07\/02\/cagdas-muzik-dernegi-girnede-yardim-konseri-verdi\/#primaryimage"},"thumbnailUrl":"https:\/\/kuzeyinsesi.org\/wp-content\/uploads\/2024\/07\/342342.jpg","datePublished":"2024-07-02T15:49:28+00:00","author":{"@id":"https:\/\/kuzeyinsesi.org\/#\/schema\/person\/9f859689cdf01485597712386e37f5aa"},"breadcrumb":{"@id":"https:\/\/kuzeyinsesi.org\/index.php\/2024\/07\/02\/cagdas-muzik-dernegi-girnede-yardim-konseri-verdi\/#breadcrumb"},"inLanguage":"tr","potentialAction":[{"@type":"ReadAction","target":["https:\/\/kuzeyinsesi.org\/index.php\/2024\/07\/02\/cagdas-muzik-dernegi-girnede-yardim-konseri-verdi\/"]}]},{"@type":"ImageObject","inLanguage":"tr","@id":"https:\/\/kuzeyinsesi.org\/index.php\/2024\/07\/02\/cagdas-muzik-dernegi-girnede-yardim-konseri-verdi\/#primaryimage","url":"https:\/\/kuzeyinsesi.org\/wp-content\/uploads\/2024\/07\/342342.jpg","contentUrl":"https:\/\/kuzeyinsesi.org\/wp-content\/uploads\/2024\/07\/342342.jpg","width":1562,"height":885},{"@type":"BreadcrumbList","@id":"https:\/\/kuzeyinsesi.org\/index.php\/2024\/07\/02\/cagdas-muzik-dernegi-girnede-yardim-konseri-verdi\/#breadcrumb","itemListElement":[{"@type":"ListItem","position":1,"name":"Anasayfa","item":"https:\/\/kuzeyinsesi.org\/"},{"@type":"ListItem","position":2,"name":"\u00c7a\u011fda\u015f M\u00fczik Derne\u011fi Girne\u2019de yard\u0131m konseri verdi"}]},{"@type":"WebSite","@id":"https:\/\/kuzeyinsesi.org\/#website","url":"https:\/\/kuzeyinsesi.org\/","name":"Kuzeyin Sesi","description":"Do\u011fru Haberin Adresi","potentialAction":[{"@type":"SearchAction","target":{"@type":"EntryPoint","urlTemplate":"https:\/\/kuzeyinsesi.org\/?s={search_term_string}"},"query-input":{"@type":"PropertyValueSpecification","valueRequired":true,"valueName":"search_term_string"}}],"inLanguage":"tr"},{"@type":"Person","@id":"https:\/\/kuzeyinsesi.org\/#\/schema\/person\/9f859689cdf01485597712386e37f5aa","name":"Kuzeyin Sesi","image":{"@type":"ImageObject","inLanguage":"tr","@id":"https:\/\/secure.gravatar.com\/avatar\/bab33852abfd8b282518d6ed81826833d77c3c882d9ab608add591ccace47a44?s=96&d=mm&r=g","url":"https:\/\/secure.gravatar.com\/avatar\/bab33852abfd8b282518d6ed81826833d77c3c882d9ab608add591ccace47a44?s=96&d=mm&r=g","contentUrl":"https:\/\/secure.gravatar.com\/avatar\/bab33852abfd8b282518d6ed81826833d77c3c882d9ab608add591ccace47a44?s=96&d=mm&r=g","caption":"Kuzeyin Sesi"},"sameAs":["https:\/\/kuzeyinsesi.org"],"url":"https:\/\/kuzeyinsesi.org\/index.php\/author\/guven\/"}]}},"_links":{"self":[{"href":"https:\/\/kuzeyinsesi.org\/index.php\/wp-json\/wp\/v2\/posts\/5704","targetHints":{"allow":["GET"]}}],"collection":[{"href":"https:\/\/kuzeyinsesi.org\/index.php\/wp-json\/wp\/v2\/posts"}],"about":[{"href":"https:\/\/kuzeyinsesi.org\/index.php\/wp-json\/wp\/v2\/types\/post"}],"author":[{"embeddable":true,"href":"https:\/\/kuzeyinsesi.org\/index.php\/wp-json\/wp\/v2\/users\/1"}],"replies":[{"embeddable":true,"href":"https:\/\/kuzeyinsesi.org\/index.php\/wp-json\/wp\/v2\/comments?post=5704"}],"version-history":[{"count":0,"href":"https:\/\/kuzeyinsesi.org\/index.php\/wp-json\/wp\/v2\/posts\/5704\/revisions"}],"wp:featuredmedia":[{"embeddable":true,"href":"https:\/\/kuzeyinsesi.org\/index.php\/wp-json\/wp\/v2\/media\/5705"}],"wp:attachment":[{"href":"https:\/\/kuzeyinsesi.org\/index.php\/wp-json\/wp\/v2\/media?parent=5704"}],"wp:term":[{"taxonomy":"category","embeddable":true,"href":"https:\/\/kuzeyinsesi.org\/index.php\/wp-json\/wp\/v2\/categories?post=5704"},{"taxonomy":"post_tag","embeddable":true,"href":"https:\/\/kuzeyinsesi.org\/index.php\/wp-json\/wp\/v2\/tags?post=5704"}],"curies":[{"name":"wp","href":"https:\/\/api.w.org\/{rel}","templated":true}]}}