{"id":5686,"date":"2024-07-02T15:46:19","date_gmt":"2024-07-02T12:46:19","guid":{"rendered":"https:\/\/kuzeyinsesi.com\/index.php\/2024\/07\/02\/iskele-belediyesi-halk-danslari-festivalinde-tanitim-gosterileri-sahnelendi\/"},"modified":"2024-07-02T15:46:19","modified_gmt":"2024-07-02T12:46:19","slug":"iskele-belediyesi-halk-danslari-festivalinde-tanitim-gosterileri-sahnelendi","status":"publish","type":"post","link":"https:\/\/kuzeyinsesi.org\/index.php\/2024\/07\/02\/iskele-belediyesi-halk-danslari-festivalinde-tanitim-gosterileri-sahnelendi\/","title":{"rendered":"\u0130skele Belediyesi halk danslar\u0131 festivalinde tan\u0131t\u0131m g\u00f6sterileri sahnelendi"},"content":{"rendered":"<div>\n<div class=\"mariselle-image-container none\">\n                                            <\/div>\n<p>Geleneksel \u0130skele Festivali kapsam\u0131nda d\u00fczenlenen Uluslararas\u0131 Halk Danslar\u0131 Festivali\u2019nde ekipler, d\u00fcn gece tan\u0131t\u0131m g\u00f6sterilerini sahneledi.<\/p>\n<p>\u0130skele Belediyesinden verilen bilgiye g\u00f6re, \u0130skele Belediyesi Halk Danslar\u0131 Toplulu\u011funun ev sahipli\u011finde 27\u2019ncisi d\u00fczenlenen Uluslararas\u0131 Halk Danslar\u0131 Festivaline T\u00fcrkiye,\u00a0Rusya, Bolivya, Macaristan, \u0130ran ve Uruguay\u2019dan ekipler kat\u0131l\u0131yor.<\/p>\n<p>T\u00fcrkiye, Rusya, Bolivya, Macaristan, \u0130ran ve Uruguay halk danslar\u0131 ekiplerinin tan\u0131t\u0131m g\u00f6sterileri \u0130skele Belediyesi A\u00e7\u0131k Hava K\u00fclt\u00fcr Merkezi\u2019nde yer ald\u0131.<\/p>\n<p>Tan\u0131t\u0131m g\u00f6sterilerini Macaristan parlamentosundan Balazs Bona ve e\u015fi, \u0130skele Belediyesi Meclis \u00dcyelerinden Ahmet Orun, M\u00fcrsel Altunta\u015f ve Seymen Y\u0131lmaz; \u0130skele Belediyesi Halk Danslar\u0131 Y\u00f6netmeni ve CIOFF KKTC Ba\u015fkan\u0131 \u00d6zlem Kadira\u011fa da izledi.<\/p>\n<p>\u0130skele Belediyesi 27\u2019nci Uluslararas\u0131 Halk Danslar\u0131 Festivali\u2019nin Gala Gecesi bu ak\u015fam yer alacak. \u0130skele Belediyesi A\u00e7\u0131k Hava K\u00fclt\u00fcr Merkezi\u2019ndeki g\u00f6steriler saat 21.00\u2019da ba\u015flayacak.<\/p>\n<p>Festivale kat\u0131lan\u00a0halk danslar\u0131 ekipleri,\u00a0\u0130skele Belediye Ba\u015fkan\u0131 Hasan Sad\u0131ko\u011flu\u2019nu makam\u0131nda ziyaret etti. Ekipler, Sad\u0131ko\u011flu\u2019na \u00fclkelerine \u00f6zg\u00fc hediyeler takdim etti. Konuklar g\u00f6r\u00fc\u015fmede \u0130skele Festivali\u2019nin bir par\u00e7as\u0131 olmaktan duyduklar\u0131 memnuniyeti dile getirdi. G\u00f6r\u00fc\u015fmede \u00d6zlem Kadira\u011fa da haz\u0131r bulundu.<\/p>\n<\/p><\/div>\n<p><script async\n                    defer\n                    crossorigin=\"anonymous\"\n                    src=\"https:\/\/connect.facebook.net\/tr_TR\/sdk.js#xfbml=1&#038;version=v3.3\"\n            ><\/script><\/p>\n","protected":false},"excerpt":{"rendered":"<p>Geleneksel \u0130skele Festivali kapsam\u0131nda d\u00fczenlenen Uluslararas\u0131 Halk Danslar\u0131 Festivali\u2019nde ekipler, d\u00fcn gece tan\u0131t\u0131m g\u00f6sterilerini sahneledi. \u0130skele Belediyesinden verilen bilgiye g\u00f6re, \u0130skele Belediyesi Halk Danslar\u0131 Toplulu\u011funun ev sahipli\u011finde 27\u2019ncisi d\u00fczenlenen Uluslararas\u0131 Halk Danslar\u0131 Festivaline T\u00fcrkiye,\u00a0Rusya, Bolivya, Macaristan, \u0130ran ve Uruguay\u2019dan ekipler kat\u0131l\u0131yor. T\u00fcrkiye, Rusya, Bolivya, Macaristan, \u0130ran ve Uruguay halk danslar\u0131 ekiplerinin tan\u0131t\u0131m g\u00f6sterileri \u0130skele Belediyesi [&hellip;]<\/p>\n","protected":false},"author":1,"featured_media":5687,"comment_status":"open","ping_status":"open","sticky":false,"template":"","format":"standard","meta":{"jnews-multi-image_gallery":[],"jnews_single_post":[],"jnews_primary_category":[],"jnews_social_meta":[],"jnews_override_counter":[],"footnotes":""},"categories":[6],"tags":[],"class_list":["post-5686","post","type-post","status-publish","format-standard","has-post-thumbnail","hentry","category-yasam"],"yoast_head":"<!-- This site is optimized with the Yoast SEO plugin v27.5 - https:\/\/yoast.com\/product\/yoast-seo-wordpress\/ -->\n<title>\u0130skele Belediyesi halk danslar\u0131 festivalinde tan\u0131t\u0131m g\u00f6sterileri sahnelendi - Kuzeyin Sesi<\/title>\n<meta name=\"robots\" content=\"index, follow, max-snippet:-1, max-image-preview:large, max-video-preview:-1\" \/>\n<link rel=\"canonical\" href=\"https:\/\/kuzeyinsesi.org\/index.php\/2024\/07\/02\/iskele-belediyesi-halk-danslari-festivalinde-tanitim-gosterileri-sahnelendi\/\" \/>\n<meta property=\"og:locale\" content=\"tr_TR\" \/>\n<meta property=\"og:type\" content=\"article\" \/>\n<meta property=\"og:title\" content=\"\u0130skele Belediyesi halk danslar\u0131 festivalinde tan\u0131t\u0131m g\u00f6sterileri sahnelendi - Kuzeyin Sesi\" \/>\n<meta property=\"og:description\" content=\"Geleneksel \u0130skele Festivali kapsam\u0131nda d\u00fczenlenen Uluslararas\u0131 Halk Danslar\u0131 Festivali\u2019nde ekipler, d\u00fcn gece tan\u0131t\u0131m g\u00f6sterilerini sahneledi. \u0130skele Belediyesinden verilen bilgiye g\u00f6re, \u0130skele Belediyesi Halk Danslar\u0131 Toplulu\u011funun ev sahipli\u011finde 27\u2019ncisi d\u00fczenlenen Uluslararas\u0131 Halk Danslar\u0131 Festivaline T\u00fcrkiye,\u00a0Rusya, Bolivya, Macaristan, \u0130ran ve Uruguay\u2019dan ekipler kat\u0131l\u0131yor. T\u00fcrkiye, Rusya, Bolivya, Macaristan, \u0130ran ve Uruguay halk danslar\u0131 ekiplerinin tan\u0131t\u0131m g\u00f6sterileri \u0130skele Belediyesi [&hellip;]\" \/>\n<meta property=\"og:url\" content=\"https:\/\/kuzeyinsesi.org\/index.php\/2024\/07\/02\/iskele-belediyesi-halk-danslari-festivalinde-tanitim-gosterileri-sahnelendi\/\" \/>\n<meta property=\"og:site_name\" content=\"Kuzeyin Sesi\" \/>\n<meta property=\"article:publisher\" content=\"https:\/\/www.facebook.com\/kuzeyinsesii\" \/>\n<meta property=\"article:published_time\" content=\"2024-07-02T12:46:19+00:00\" \/>\n<meta property=\"og:image\" content=\"https:\/\/kuzeyinsesi.org\/wp-content\/uploads\/2024\/07\/iskele-festivali-konuk-ulkeler-3-.jpg\" \/>\n\t<meta property=\"og:image:width\" content=\"1600\" \/>\n\t<meta property=\"og:image:height\" content=\"1066\" \/>\n\t<meta property=\"og:image:type\" content=\"image\/jpeg\" \/>\n<meta name=\"author\" content=\"Kuzeyin Sesi\" \/>\n<meta name=\"twitter:card\" content=\"summary_large_image\" \/>\n<meta name=\"twitter:creator\" content=\"@kuzeyinsesii\" \/>\n<meta name=\"twitter:site\" content=\"@kuzeyinsesii\" \/>\n<meta name=\"twitter:label1\" content=\"Yazan:\" \/>\n\t<meta name=\"twitter:data1\" content=\"Kuzeyin Sesi\" \/>\n\t<meta name=\"twitter:label2\" content=\"Tahmini okuma s\u00fcresi\" \/>\n\t<meta name=\"twitter:data2\" content=\"1 dakika\" \/>\n<script type=\"application\/ld+json\" class=\"yoast-schema-graph\">{\"@context\":\"https:\\\/\\\/schema.org\",\"@graph\":[{\"@type\":\"Article\",\"@id\":\"https:\\\/\\\/kuzeyinsesi.org\\\/index.php\\\/2024\\\/07\\\/02\\\/iskele-belediyesi-halk-danslari-festivalinde-tanitim-gosterileri-sahnelendi\\\/#article\",\"isPartOf\":{\"@id\":\"https:\\\/\\\/kuzeyinsesi.org\\\/index.php\\\/2024\\\/07\\\/02\\\/iskele-belediyesi-halk-danslari-festivalinde-tanitim-gosterileri-sahnelendi\\\/\"},\"author\":{\"name\":\"Kuzeyin Sesi\",\"@id\":\"https:\\\/\\\/kuzeyinsesi.org\\\/#\\\/schema\\\/person\\\/9f859689cdf01485597712386e37f5aa\"},\"headline\":\"\u0130skele Belediyesi halk danslar\u0131 festivalinde tan\u0131t\u0131m g\u00f6sterileri sahnelendi\",\"datePublished\":\"2024-07-02T12:46:19+00:00\",\"mainEntityOfPage\":{\"@id\":\"https:\\\/\\\/kuzeyinsesi.org\\\/index.php\\\/2024\\\/07\\\/02\\\/iskele-belediyesi-halk-danslari-festivalinde-tanitim-gosterileri-sahnelendi\\\/\"},\"wordCount\":222,\"commentCount\":0,\"image\":{\"@id\":\"https:\\\/\\\/kuzeyinsesi.org\\\/index.php\\\/2024\\\/07\\\/02\\\/iskele-belediyesi-halk-danslari-festivalinde-tanitim-gosterileri-sahnelendi\\\/#primaryimage\"},\"thumbnailUrl\":\"https:\\\/\\\/kuzeyinsesi.org\\\/wp-content\\\/uploads\\\/2024\\\/07\\\/iskele-festivali-konuk-ulkeler-3-.jpg\",\"articleSection\":[\"Ya\u015fam\"],\"inLanguage\":\"tr\",\"potentialAction\":[{\"@type\":\"CommentAction\",\"name\":\"Comment\",\"target\":[\"https:\\\/\\\/kuzeyinsesi.org\\\/index.php\\\/2024\\\/07\\\/02\\\/iskele-belediyesi-halk-danslari-festivalinde-tanitim-gosterileri-sahnelendi\\\/#respond\"]}]},{\"@type\":\"WebPage\",\"@id\":\"https:\\\/\\\/kuzeyinsesi.org\\\/index.php\\\/2024\\\/07\\\/02\\\/iskele-belediyesi-halk-danslari-festivalinde-tanitim-gosterileri-sahnelendi\\\/\",\"url\":\"https:\\\/\\\/kuzeyinsesi.org\\\/index.php\\\/2024\\\/07\\\/02\\\/iskele-belediyesi-halk-danslari-festivalinde-tanitim-gosterileri-sahnelendi\\\/\",\"name\":\"\u0130skele Belediyesi halk danslar\u0131 festivalinde tan\u0131t\u0131m g\u00f6sterileri sahnelendi - Kuzeyin Sesi\",\"isPartOf\":{\"@id\":\"https:\\\/\\\/kuzeyinsesi.org\\\/#website\"},\"primaryImageOfPage\":{\"@id\":\"https:\\\/\\\/kuzeyinsesi.org\\\/index.php\\\/2024\\\/07\\\/02\\\/iskele-belediyesi-halk-danslari-festivalinde-tanitim-gosterileri-sahnelendi\\\/#primaryimage\"},\"image\":{\"@id\":\"https:\\\/\\\/kuzeyinsesi.org\\\/index.php\\\/2024\\\/07\\\/02\\\/iskele-belediyesi-halk-danslari-festivalinde-tanitim-gosterileri-sahnelendi\\\/#primaryimage\"},\"thumbnailUrl\":\"https:\\\/\\\/kuzeyinsesi.org\\\/wp-content\\\/uploads\\\/2024\\\/07\\\/iskele-festivali-konuk-ulkeler-3-.jpg\",\"datePublished\":\"2024-07-02T12:46:19+00:00\",\"author\":{\"@id\":\"https:\\\/\\\/kuzeyinsesi.org\\\/#\\\/schema\\\/person\\\/9f859689cdf01485597712386e37f5aa\"},\"breadcrumb\":{\"@id\":\"https:\\\/\\\/kuzeyinsesi.org\\\/index.php\\\/2024\\\/07\\\/02\\\/iskele-belediyesi-halk-danslari-festivalinde-tanitim-gosterileri-sahnelendi\\\/#breadcrumb\"},\"inLanguage\":\"tr\",\"potentialAction\":[{\"@type\":\"ReadAction\",\"target\":[\"https:\\\/\\\/kuzeyinsesi.org\\\/index.php\\\/2024\\\/07\\\/02\\\/iskele-belediyesi-halk-danslari-festivalinde-tanitim-gosterileri-sahnelendi\\\/\"]}]},{\"@type\":\"ImageObject\",\"inLanguage\":\"tr\",\"@id\":\"https:\\\/\\\/kuzeyinsesi.org\\\/index.php\\\/2024\\\/07\\\/02\\\/iskele-belediyesi-halk-danslari-festivalinde-tanitim-gosterileri-sahnelendi\\\/#primaryimage\",\"url\":\"https:\\\/\\\/kuzeyinsesi.org\\\/wp-content\\\/uploads\\\/2024\\\/07\\\/iskele-festivali-konuk-ulkeler-3-.jpg\",\"contentUrl\":\"https:\\\/\\\/kuzeyinsesi.org\\\/wp-content\\\/uploads\\\/2024\\\/07\\\/iskele-festivali-konuk-ulkeler-3-.jpg\",\"width\":1600,\"height\":1066},{\"@type\":\"BreadcrumbList\",\"@id\":\"https:\\\/\\\/kuzeyinsesi.org\\\/index.php\\\/2024\\\/07\\\/02\\\/iskele-belediyesi-halk-danslari-festivalinde-tanitim-gosterileri-sahnelendi\\\/#breadcrumb\",\"itemListElement\":[{\"@type\":\"ListItem\",\"position\":1,\"name\":\"Anasayfa\",\"item\":\"https:\\\/\\\/kuzeyinsesi.org\\\/\"},{\"@type\":\"ListItem\",\"position\":2,\"name\":\"\u0130skele Belediyesi halk danslar\u0131 festivalinde tan\u0131t\u0131m g\u00f6sterileri sahnelendi\"}]},{\"@type\":\"WebSite\",\"@id\":\"https:\\\/\\\/kuzeyinsesi.org\\\/#website\",\"url\":\"https:\\\/\\\/kuzeyinsesi.org\\\/\",\"name\":\"Kuzeyin Sesi\",\"description\":\"Do\u011fru Haberin Adresi\",\"potentialAction\":[{\"@type\":\"SearchAction\",\"target\":{\"@type\":\"EntryPoint\",\"urlTemplate\":\"https:\\\/\\\/kuzeyinsesi.org\\\/?s={search_term_string}\"},\"query-input\":{\"@type\":\"PropertyValueSpecification\",\"valueRequired\":true,\"valueName\":\"search_term_string\"}}],\"inLanguage\":\"tr\"},{\"@type\":\"Person\",\"@id\":\"https:\\\/\\\/kuzeyinsesi.org\\\/#\\\/schema\\\/person\\\/9f859689cdf01485597712386e37f5aa\",\"name\":\"Kuzeyin Sesi\",\"image\":{\"@type\":\"ImageObject\",\"inLanguage\":\"tr\",\"@id\":\"https:\\\/\\\/secure.gravatar.com\\\/avatar\\\/bab33852abfd8b282518d6ed81826833d77c3c882d9ab608add591ccace47a44?s=96&d=mm&r=g\",\"url\":\"https:\\\/\\\/secure.gravatar.com\\\/avatar\\\/bab33852abfd8b282518d6ed81826833d77c3c882d9ab608add591ccace47a44?s=96&d=mm&r=g\",\"contentUrl\":\"https:\\\/\\\/secure.gravatar.com\\\/avatar\\\/bab33852abfd8b282518d6ed81826833d77c3c882d9ab608add591ccace47a44?s=96&d=mm&r=g\",\"caption\":\"Kuzeyin Sesi\"},\"sameAs\":[\"https:\\\/\\\/kuzeyinsesi.org\"],\"url\":\"https:\\\/\\\/kuzeyinsesi.org\\\/index.php\\\/author\\\/guven\\\/\"}]}<\/script>\n<!-- \/ Yoast SEO plugin. -->","yoast_head_json":{"title":"\u0130skele Belediyesi halk danslar\u0131 festivalinde tan\u0131t\u0131m g\u00f6sterileri sahnelendi - Kuzeyin Sesi","robots":{"index":"index","follow":"follow","max-snippet":"max-snippet:-1","max-image-preview":"max-image-preview:large","max-video-preview":"max-video-preview:-1"},"canonical":"https:\/\/kuzeyinsesi.org\/index.php\/2024\/07\/02\/iskele-belediyesi-halk-danslari-festivalinde-tanitim-gosterileri-sahnelendi\/","og_locale":"tr_TR","og_type":"article","og_title":"\u0130skele Belediyesi halk danslar\u0131 festivalinde tan\u0131t\u0131m g\u00f6sterileri sahnelendi - Kuzeyin Sesi","og_description":"Geleneksel \u0130skele Festivali kapsam\u0131nda d\u00fczenlenen Uluslararas\u0131 Halk Danslar\u0131 Festivali\u2019nde ekipler, d\u00fcn gece tan\u0131t\u0131m g\u00f6sterilerini sahneledi. \u0130skele Belediyesinden verilen bilgiye g\u00f6re, \u0130skele Belediyesi Halk Danslar\u0131 Toplulu\u011funun ev sahipli\u011finde 27\u2019ncisi d\u00fczenlenen Uluslararas\u0131 Halk Danslar\u0131 Festivaline T\u00fcrkiye,\u00a0Rusya, Bolivya, Macaristan, \u0130ran ve Uruguay\u2019dan ekipler kat\u0131l\u0131yor. T\u00fcrkiye, Rusya, Bolivya, Macaristan, \u0130ran ve Uruguay halk danslar\u0131 ekiplerinin tan\u0131t\u0131m g\u00f6sterileri \u0130skele Belediyesi [&hellip;]","og_url":"https:\/\/kuzeyinsesi.org\/index.php\/2024\/07\/02\/iskele-belediyesi-halk-danslari-festivalinde-tanitim-gosterileri-sahnelendi\/","og_site_name":"Kuzeyin Sesi","article_publisher":"https:\/\/www.facebook.com\/kuzeyinsesii","article_published_time":"2024-07-02T12:46:19+00:00","og_image":[{"width":1600,"height":1066,"url":"https:\/\/kuzeyinsesi.org\/wp-content\/uploads\/2024\/07\/iskele-festivali-konuk-ulkeler-3-.jpg","type":"image\/jpeg"}],"author":"Kuzeyin Sesi","twitter_card":"summary_large_image","twitter_creator":"@kuzeyinsesii","twitter_site":"@kuzeyinsesii","twitter_misc":{"Yazan:":"Kuzeyin Sesi","Tahmini okuma s\u00fcresi":"1 dakika"},"schema":{"@context":"https:\/\/schema.org","@graph":[{"@type":"Article","@id":"https:\/\/kuzeyinsesi.org\/index.php\/2024\/07\/02\/iskele-belediyesi-halk-danslari-festivalinde-tanitim-gosterileri-sahnelendi\/#article","isPartOf":{"@id":"https:\/\/kuzeyinsesi.org\/index.php\/2024\/07\/02\/iskele-belediyesi-halk-danslari-festivalinde-tanitim-gosterileri-sahnelendi\/"},"author":{"name":"Kuzeyin Sesi","@id":"https:\/\/kuzeyinsesi.org\/#\/schema\/person\/9f859689cdf01485597712386e37f5aa"},"headline":"\u0130skele Belediyesi halk danslar\u0131 festivalinde tan\u0131t\u0131m g\u00f6sterileri sahnelendi","datePublished":"2024-07-02T12:46:19+00:00","mainEntityOfPage":{"@id":"https:\/\/kuzeyinsesi.org\/index.php\/2024\/07\/02\/iskele-belediyesi-halk-danslari-festivalinde-tanitim-gosterileri-sahnelendi\/"},"wordCount":222,"commentCount":0,"image":{"@id":"https:\/\/kuzeyinsesi.org\/index.php\/2024\/07\/02\/iskele-belediyesi-halk-danslari-festivalinde-tanitim-gosterileri-sahnelendi\/#primaryimage"},"thumbnailUrl":"https:\/\/kuzeyinsesi.org\/wp-content\/uploads\/2024\/07\/iskele-festivali-konuk-ulkeler-3-.jpg","articleSection":["Ya\u015fam"],"inLanguage":"tr","potentialAction":[{"@type":"CommentAction","name":"Comment","target":["https:\/\/kuzeyinsesi.org\/index.php\/2024\/07\/02\/iskele-belediyesi-halk-danslari-festivalinde-tanitim-gosterileri-sahnelendi\/#respond"]}]},{"@type":"WebPage","@id":"https:\/\/kuzeyinsesi.org\/index.php\/2024\/07\/02\/iskele-belediyesi-halk-danslari-festivalinde-tanitim-gosterileri-sahnelendi\/","url":"https:\/\/kuzeyinsesi.org\/index.php\/2024\/07\/02\/iskele-belediyesi-halk-danslari-festivalinde-tanitim-gosterileri-sahnelendi\/","name":"\u0130skele Belediyesi halk danslar\u0131 festivalinde tan\u0131t\u0131m g\u00f6sterileri sahnelendi - Kuzeyin Sesi","isPartOf":{"@id":"https:\/\/kuzeyinsesi.org\/#website"},"primaryImageOfPage":{"@id":"https:\/\/kuzeyinsesi.org\/index.php\/2024\/07\/02\/iskele-belediyesi-halk-danslari-festivalinde-tanitim-gosterileri-sahnelendi\/#primaryimage"},"image":{"@id":"https:\/\/kuzeyinsesi.org\/index.php\/2024\/07\/02\/iskele-belediyesi-halk-danslari-festivalinde-tanitim-gosterileri-sahnelendi\/#primaryimage"},"thumbnailUrl":"https:\/\/kuzeyinsesi.org\/wp-content\/uploads\/2024\/07\/iskele-festivali-konuk-ulkeler-3-.jpg","datePublished":"2024-07-02T12:46:19+00:00","author":{"@id":"https:\/\/kuzeyinsesi.org\/#\/schema\/person\/9f859689cdf01485597712386e37f5aa"},"breadcrumb":{"@id":"https:\/\/kuzeyinsesi.org\/index.php\/2024\/07\/02\/iskele-belediyesi-halk-danslari-festivalinde-tanitim-gosterileri-sahnelendi\/#breadcrumb"},"inLanguage":"tr","potentialAction":[{"@type":"ReadAction","target":["https:\/\/kuzeyinsesi.org\/index.php\/2024\/07\/02\/iskele-belediyesi-halk-danslari-festivalinde-tanitim-gosterileri-sahnelendi\/"]}]},{"@type":"ImageObject","inLanguage":"tr","@id":"https:\/\/kuzeyinsesi.org\/index.php\/2024\/07\/02\/iskele-belediyesi-halk-danslari-festivalinde-tanitim-gosterileri-sahnelendi\/#primaryimage","url":"https:\/\/kuzeyinsesi.org\/wp-content\/uploads\/2024\/07\/iskele-festivali-konuk-ulkeler-3-.jpg","contentUrl":"https:\/\/kuzeyinsesi.org\/wp-content\/uploads\/2024\/07\/iskele-festivali-konuk-ulkeler-3-.jpg","width":1600,"height":1066},{"@type":"BreadcrumbList","@id":"https:\/\/kuzeyinsesi.org\/index.php\/2024\/07\/02\/iskele-belediyesi-halk-danslari-festivalinde-tanitim-gosterileri-sahnelendi\/#breadcrumb","itemListElement":[{"@type":"ListItem","position":1,"name":"Anasayfa","item":"https:\/\/kuzeyinsesi.org\/"},{"@type":"ListItem","position":2,"name":"\u0130skele Belediyesi halk danslar\u0131 festivalinde tan\u0131t\u0131m g\u00f6sterileri sahnelendi"}]},{"@type":"WebSite","@id":"https:\/\/kuzeyinsesi.org\/#website","url":"https:\/\/kuzeyinsesi.org\/","name":"Kuzeyin Sesi","description":"Do\u011fru Haberin Adresi","potentialAction":[{"@type":"SearchAction","target":{"@type":"EntryPoint","urlTemplate":"https:\/\/kuzeyinsesi.org\/?s={search_term_string}"},"query-input":{"@type":"PropertyValueSpecification","valueRequired":true,"valueName":"search_term_string"}}],"inLanguage":"tr"},{"@type":"Person","@id":"https:\/\/kuzeyinsesi.org\/#\/schema\/person\/9f859689cdf01485597712386e37f5aa","name":"Kuzeyin Sesi","image":{"@type":"ImageObject","inLanguage":"tr","@id":"https:\/\/secure.gravatar.com\/avatar\/bab33852abfd8b282518d6ed81826833d77c3c882d9ab608add591ccace47a44?s=96&d=mm&r=g","url":"https:\/\/secure.gravatar.com\/avatar\/bab33852abfd8b282518d6ed81826833d77c3c882d9ab608add591ccace47a44?s=96&d=mm&r=g","contentUrl":"https:\/\/secure.gravatar.com\/avatar\/bab33852abfd8b282518d6ed81826833d77c3c882d9ab608add591ccace47a44?s=96&d=mm&r=g","caption":"Kuzeyin Sesi"},"sameAs":["https:\/\/kuzeyinsesi.org"],"url":"https:\/\/kuzeyinsesi.org\/index.php\/author\/guven\/"}]}},"_links":{"self":[{"href":"https:\/\/kuzeyinsesi.org\/index.php\/wp-json\/wp\/v2\/posts\/5686","targetHints":{"allow":["GET"]}}],"collection":[{"href":"https:\/\/kuzeyinsesi.org\/index.php\/wp-json\/wp\/v2\/posts"}],"about":[{"href":"https:\/\/kuzeyinsesi.org\/index.php\/wp-json\/wp\/v2\/types\/post"}],"author":[{"embeddable":true,"href":"https:\/\/kuzeyinsesi.org\/index.php\/wp-json\/wp\/v2\/users\/1"}],"replies":[{"embeddable":true,"href":"https:\/\/kuzeyinsesi.org\/index.php\/wp-json\/wp\/v2\/comments?post=5686"}],"version-history":[{"count":0,"href":"https:\/\/kuzeyinsesi.org\/index.php\/wp-json\/wp\/v2\/posts\/5686\/revisions"}],"wp:featuredmedia":[{"embeddable":true,"href":"https:\/\/kuzeyinsesi.org\/index.php\/wp-json\/wp\/v2\/media\/5687"}],"wp:attachment":[{"href":"https:\/\/kuzeyinsesi.org\/index.php\/wp-json\/wp\/v2\/media?parent=5686"}],"wp:term":[{"taxonomy":"category","embeddable":true,"href":"https:\/\/kuzeyinsesi.org\/index.php\/wp-json\/wp\/v2\/categories?post=5686"},{"taxonomy":"post_tag","embeddable":true,"href":"https:\/\/kuzeyinsesi.org\/index.php\/wp-json\/wp\/v2\/tags?post=5686"}],"curies":[{"name":"wp","href":"https:\/\/api.w.org\/{rel}","templated":true}]}}