{"id":5672,"date":"2024-07-02T12:43:39","date_gmt":"2024-07-02T09:43:39","guid":{"rendered":"https:\/\/kuzeyinsesi.com\/index.php\/2024\/07\/02\/soprano-demetra-george-mustafaoglu-21-temmuzda-bel-paz-rekreasyon-alaninda-sahne-alacak\/"},"modified":"2024-07-02T12:43:39","modified_gmt":"2024-07-02T09:43:39","slug":"soprano-demetra-george-mustafaoglu-21-temmuzda-bel-paz-rekreasyon-alaninda-sahne-alacak","status":"publish","type":"post","link":"https:\/\/kuzeyinsesi.org\/index.php\/2024\/07\/02\/soprano-demetra-george-mustafaoglu-21-temmuzda-bel-paz-rekreasyon-alaninda-sahne-alacak\/","title":{"rendered":"Soprano Demetra George Mustafao\u011flu, 21 Temmuz\u2019da Bel-Paz Rekreasyon Alan\u0131\u2019nda sahne alacak"},"content":{"rendered":"<div>\n<div class=\"mariselle-image-container center\">\n                                            <\/div>\n<p> Amerika Birle\u015fik Devletleri\u2019nin (ABD) sevilen, \u00fcnl\u00fc m\u00fczik el\u00e7ilerinden biri olan soprano Demetra George Mustafao\u011flu, Broadway M\u00fczikali eserleri ve pop\u00fcler eserlerle Girne\u2019de sahne alacak.<\/p>\n<p>Girne Belediyesi\u2019nden verilen bilgiye g\u00f6re, Girne Belediyesi Hayvan Bar\u0131na\u011f\u0131 ve Rehabilitasyon Merkezi yarar\u0131na verilecek yard\u0131m konseri, 21 Temmuz Pazar g\u00fcn\u00fc saat 20.00\u2019de Bel-Paz Rekreasyon Alan\u0131\u2019nda (Girne-Alsancak \u00c7evre Yolu, Mr. Pound Plus kar\u015f\u0131s\u0131) yer alacak.<\/p>\n<p>250 T\u00fcrk Liras\u0131 olarak belirlenen konser bilet sat\u0131\u015flar\u0131ndan elde edilecek gelir Girne Belediyesi Hayvan Bar\u0131na\u011f\u0131 ve Rehabilitasyon Merkezi\u2019ne ba\u011f\u0131\u015flanacak.<\/p>\n<p>Biletler, www.kibrisbiletcim.com adresinden ve Girne Belediyesi Hizmet Binas\u0131\u2019ndan temin edebilecek.<\/p>\n<\/p><\/div>\n<p><script async\n                    defer\n                    crossorigin=\"anonymous\"\n                    src=\"https:\/\/connect.facebook.net\/tr_TR\/sdk.js#xfbml=1&#038;version=v3.3\"\n            ><\/script><\/p>\n","protected":false},"excerpt":{"rendered":"<p>Amerika Birle\u015fik Devletleri\u2019nin (ABD) sevilen, \u00fcnl\u00fc m\u00fczik el\u00e7ilerinden biri olan soprano Demetra George Mustafao\u011flu, Broadway M\u00fczikali eserleri ve pop\u00fcler eserlerle Girne\u2019de sahne alacak. Girne Belediyesi\u2019nden verilen bilgiye g\u00f6re, Girne Belediyesi Hayvan Bar\u0131na\u011f\u0131 ve Rehabilitasyon Merkezi yarar\u0131na verilecek yard\u0131m konseri, 21 Temmuz Pazar g\u00fcn\u00fc saat 20.00\u2019de Bel-Paz Rekreasyon Alan\u0131\u2019nda (Girne-Alsancak \u00c7evre Yolu, Mr. Pound Plus kar\u015f\u0131s\u0131) [&hellip;]<\/p>\n","protected":false},"author":1,"featured_media":5673,"comment_status":"open","ping_status":"open","sticky":false,"template":"","format":"standard","meta":{"jnews-multi-image_gallery":[],"jnews_single_post":[],"jnews_primary_category":[],"jnews_social_meta":[],"jnews_override_counter":[],"footnotes":""},"categories":[6],"tags":[],"class_list":["post-5672","post","type-post","status-publish","format-standard","has-post-thumbnail","hentry","category-yasam"],"yoast_head":"<!-- This site is optimized with the Yoast SEO plugin v27.5 - https:\/\/yoast.com\/product\/yoast-seo-wordpress\/ -->\n<title>Soprano Demetra George Mustafao\u011flu, 21 Temmuz\u2019da Bel-Paz Rekreasyon Alan\u0131\u2019nda sahne alacak - Kuzeyin Sesi<\/title>\n<meta name=\"robots\" content=\"index, follow, max-snippet:-1, max-image-preview:large, max-video-preview:-1\" \/>\n<link rel=\"canonical\" href=\"https:\/\/kuzeyinsesi.org\/index.php\/2024\/07\/02\/soprano-demetra-george-mustafaoglu-21-temmuzda-bel-paz-rekreasyon-alaninda-sahne-alacak\/\" \/>\n<meta property=\"og:locale\" content=\"tr_TR\" \/>\n<meta property=\"og:type\" content=\"article\" \/>\n<meta property=\"og:title\" content=\"Soprano Demetra George Mustafao\u011flu, 21 Temmuz\u2019da Bel-Paz Rekreasyon Alan\u0131\u2019nda sahne alacak - Kuzeyin Sesi\" \/>\n<meta property=\"og:description\" content=\"Amerika Birle\u015fik Devletleri\u2019nin (ABD) sevilen, \u00fcnl\u00fc m\u00fczik el\u00e7ilerinden biri olan soprano Demetra George Mustafao\u011flu, Broadway M\u00fczikali eserleri ve pop\u00fcler eserlerle Girne\u2019de sahne alacak. Girne Belediyesi\u2019nden verilen bilgiye g\u00f6re, Girne Belediyesi Hayvan Bar\u0131na\u011f\u0131 ve Rehabilitasyon Merkezi yarar\u0131na verilecek yard\u0131m konseri, 21 Temmuz Pazar g\u00fcn\u00fc saat 20.00\u2019de Bel-Paz Rekreasyon Alan\u0131\u2019nda (Girne-Alsancak \u00c7evre Yolu, Mr. Pound Plus kar\u015f\u0131s\u0131) [&hellip;]\" \/>\n<meta property=\"og:url\" content=\"https:\/\/kuzeyinsesi.org\/index.php\/2024\/07\/02\/soprano-demetra-george-mustafaoglu-21-temmuzda-bel-paz-rekreasyon-alaninda-sahne-alacak\/\" \/>\n<meta property=\"og:site_name\" content=\"Kuzeyin Sesi\" \/>\n<meta property=\"article:publisher\" content=\"https:\/\/www.facebook.com\/kuzeyinsesii\" \/>\n<meta property=\"article:published_time\" content=\"2024-07-02T09:43:39+00:00\" \/>\n<meta property=\"og:image\" content=\"https:\/\/kuzeyinsesi.org\/wp-content\/uploads\/2024\/07\/qweqq.jpeg\" \/>\n\t<meta property=\"og:image:width\" content=\"710\" \/>\n\t<meta property=\"og:image:height\" content=\"355\" \/>\n\t<meta property=\"og:image:type\" content=\"image\/jpeg\" \/>\n<meta name=\"author\" content=\"Kuzeyin Sesi\" \/>\n<meta name=\"twitter:card\" content=\"summary_large_image\" \/>\n<meta name=\"twitter:creator\" content=\"@kuzeyinsesii\" \/>\n<meta name=\"twitter:site\" content=\"@kuzeyinsesii\" \/>\n<meta name=\"twitter:label1\" content=\"Yazan:\" \/>\n\t<meta name=\"twitter:data1\" content=\"Kuzeyin Sesi\" \/>\n\t<meta name=\"twitter:label2\" content=\"Tahmini okuma s\u00fcresi\" \/>\n\t<meta name=\"twitter:data2\" content=\"1 dakika\" \/>\n<script type=\"application\/ld+json\" class=\"yoast-schema-graph\">{\"@context\":\"https:\\\/\\\/schema.org\",\"@graph\":[{\"@type\":\"Article\",\"@id\":\"https:\\\/\\\/kuzeyinsesi.org\\\/index.php\\\/2024\\\/07\\\/02\\\/soprano-demetra-george-mustafaoglu-21-temmuzda-bel-paz-rekreasyon-alaninda-sahne-alacak\\\/#article\",\"isPartOf\":{\"@id\":\"https:\\\/\\\/kuzeyinsesi.org\\\/index.php\\\/2024\\\/07\\\/02\\\/soprano-demetra-george-mustafaoglu-21-temmuzda-bel-paz-rekreasyon-alaninda-sahne-alacak\\\/\"},\"author\":{\"name\":\"Kuzeyin Sesi\",\"@id\":\"https:\\\/\\\/kuzeyinsesi.org\\\/#\\\/schema\\\/person\\\/9f859689cdf01485597712386e37f5aa\"},\"headline\":\"Soprano Demetra George Mustafao\u011flu, 21 Temmuz\u2019da Bel-Paz Rekreasyon Alan\u0131\u2019nda sahne alacak\",\"datePublished\":\"2024-07-02T09:43:39+00:00\",\"mainEntityOfPage\":{\"@id\":\"https:\\\/\\\/kuzeyinsesi.org\\\/index.php\\\/2024\\\/07\\\/02\\\/soprano-demetra-george-mustafaoglu-21-temmuzda-bel-paz-rekreasyon-alaninda-sahne-alacak\\\/\"},\"wordCount\":122,\"commentCount\":0,\"image\":{\"@id\":\"https:\\\/\\\/kuzeyinsesi.org\\\/index.php\\\/2024\\\/07\\\/02\\\/soprano-demetra-george-mustafaoglu-21-temmuzda-bel-paz-rekreasyon-alaninda-sahne-alacak\\\/#primaryimage\"},\"thumbnailUrl\":\"https:\\\/\\\/kuzeyinsesi.org\\\/wp-content\\\/uploads\\\/2024\\\/07\\\/qweqq.jpeg\",\"articleSection\":[\"Ya\u015fam\"],\"inLanguage\":\"tr\",\"potentialAction\":[{\"@type\":\"CommentAction\",\"name\":\"Comment\",\"target\":[\"https:\\\/\\\/kuzeyinsesi.org\\\/index.php\\\/2024\\\/07\\\/02\\\/soprano-demetra-george-mustafaoglu-21-temmuzda-bel-paz-rekreasyon-alaninda-sahne-alacak\\\/#respond\"]}]},{\"@type\":\"WebPage\",\"@id\":\"https:\\\/\\\/kuzeyinsesi.org\\\/index.php\\\/2024\\\/07\\\/02\\\/soprano-demetra-george-mustafaoglu-21-temmuzda-bel-paz-rekreasyon-alaninda-sahne-alacak\\\/\",\"url\":\"https:\\\/\\\/kuzeyinsesi.org\\\/index.php\\\/2024\\\/07\\\/02\\\/soprano-demetra-george-mustafaoglu-21-temmuzda-bel-paz-rekreasyon-alaninda-sahne-alacak\\\/\",\"name\":\"Soprano Demetra George Mustafao\u011flu, 21 Temmuz\u2019da Bel-Paz Rekreasyon Alan\u0131\u2019nda sahne alacak - Kuzeyin Sesi\",\"isPartOf\":{\"@id\":\"https:\\\/\\\/kuzeyinsesi.org\\\/#website\"},\"primaryImageOfPage\":{\"@id\":\"https:\\\/\\\/kuzeyinsesi.org\\\/index.php\\\/2024\\\/07\\\/02\\\/soprano-demetra-george-mustafaoglu-21-temmuzda-bel-paz-rekreasyon-alaninda-sahne-alacak\\\/#primaryimage\"},\"image\":{\"@id\":\"https:\\\/\\\/kuzeyinsesi.org\\\/index.php\\\/2024\\\/07\\\/02\\\/soprano-demetra-george-mustafaoglu-21-temmuzda-bel-paz-rekreasyon-alaninda-sahne-alacak\\\/#primaryimage\"},\"thumbnailUrl\":\"https:\\\/\\\/kuzeyinsesi.org\\\/wp-content\\\/uploads\\\/2024\\\/07\\\/qweqq.jpeg\",\"datePublished\":\"2024-07-02T09:43:39+00:00\",\"author\":{\"@id\":\"https:\\\/\\\/kuzeyinsesi.org\\\/#\\\/schema\\\/person\\\/9f859689cdf01485597712386e37f5aa\"},\"breadcrumb\":{\"@id\":\"https:\\\/\\\/kuzeyinsesi.org\\\/index.php\\\/2024\\\/07\\\/02\\\/soprano-demetra-george-mustafaoglu-21-temmuzda-bel-paz-rekreasyon-alaninda-sahne-alacak\\\/#breadcrumb\"},\"inLanguage\":\"tr\",\"potentialAction\":[{\"@type\":\"ReadAction\",\"target\":[\"https:\\\/\\\/kuzeyinsesi.org\\\/index.php\\\/2024\\\/07\\\/02\\\/soprano-demetra-george-mustafaoglu-21-temmuzda-bel-paz-rekreasyon-alaninda-sahne-alacak\\\/\"]}]},{\"@type\":\"ImageObject\",\"inLanguage\":\"tr\",\"@id\":\"https:\\\/\\\/kuzeyinsesi.org\\\/index.php\\\/2024\\\/07\\\/02\\\/soprano-demetra-george-mustafaoglu-21-temmuzda-bel-paz-rekreasyon-alaninda-sahne-alacak\\\/#primaryimage\",\"url\":\"https:\\\/\\\/kuzeyinsesi.org\\\/wp-content\\\/uploads\\\/2024\\\/07\\\/qweqq.jpeg\",\"contentUrl\":\"https:\\\/\\\/kuzeyinsesi.org\\\/wp-content\\\/uploads\\\/2024\\\/07\\\/qweqq.jpeg\",\"width\":710,\"height\":355},{\"@type\":\"BreadcrumbList\",\"@id\":\"https:\\\/\\\/kuzeyinsesi.org\\\/index.php\\\/2024\\\/07\\\/02\\\/soprano-demetra-george-mustafaoglu-21-temmuzda-bel-paz-rekreasyon-alaninda-sahne-alacak\\\/#breadcrumb\",\"itemListElement\":[{\"@type\":\"ListItem\",\"position\":1,\"name\":\"Anasayfa\",\"item\":\"https:\\\/\\\/kuzeyinsesi.org\\\/\"},{\"@type\":\"ListItem\",\"position\":2,\"name\":\"Soprano Demetra George Mustafao\u011flu, 21 Temmuz\u2019da Bel-Paz Rekreasyon Alan\u0131\u2019nda sahne alacak\"}]},{\"@type\":\"WebSite\",\"@id\":\"https:\\\/\\\/kuzeyinsesi.org\\\/#website\",\"url\":\"https:\\\/\\\/kuzeyinsesi.org\\\/\",\"name\":\"Kuzeyin Sesi\",\"description\":\"Do\u011fru Haberin Adresi\",\"potentialAction\":[{\"@type\":\"SearchAction\",\"target\":{\"@type\":\"EntryPoint\",\"urlTemplate\":\"https:\\\/\\\/kuzeyinsesi.org\\\/?s={search_term_string}\"},\"query-input\":{\"@type\":\"PropertyValueSpecification\",\"valueRequired\":true,\"valueName\":\"search_term_string\"}}],\"inLanguage\":\"tr\"},{\"@type\":\"Person\",\"@id\":\"https:\\\/\\\/kuzeyinsesi.org\\\/#\\\/schema\\\/person\\\/9f859689cdf01485597712386e37f5aa\",\"name\":\"Kuzeyin Sesi\",\"image\":{\"@type\":\"ImageObject\",\"inLanguage\":\"tr\",\"@id\":\"https:\\\/\\\/secure.gravatar.com\\\/avatar\\\/bab33852abfd8b282518d6ed81826833d77c3c882d9ab608add591ccace47a44?s=96&d=mm&r=g\",\"url\":\"https:\\\/\\\/secure.gravatar.com\\\/avatar\\\/bab33852abfd8b282518d6ed81826833d77c3c882d9ab608add591ccace47a44?s=96&d=mm&r=g\",\"contentUrl\":\"https:\\\/\\\/secure.gravatar.com\\\/avatar\\\/bab33852abfd8b282518d6ed81826833d77c3c882d9ab608add591ccace47a44?s=96&d=mm&r=g\",\"caption\":\"Kuzeyin Sesi\"},\"sameAs\":[\"https:\\\/\\\/kuzeyinsesi.org\"],\"url\":\"https:\\\/\\\/kuzeyinsesi.org\\\/index.php\\\/author\\\/guven\\\/\"}]}<\/script>\n<!-- \/ Yoast SEO plugin. -->","yoast_head_json":{"title":"Soprano Demetra George Mustafao\u011flu, 21 Temmuz\u2019da Bel-Paz Rekreasyon Alan\u0131\u2019nda sahne alacak - Kuzeyin Sesi","robots":{"index":"index","follow":"follow","max-snippet":"max-snippet:-1","max-image-preview":"max-image-preview:large","max-video-preview":"max-video-preview:-1"},"canonical":"https:\/\/kuzeyinsesi.org\/index.php\/2024\/07\/02\/soprano-demetra-george-mustafaoglu-21-temmuzda-bel-paz-rekreasyon-alaninda-sahne-alacak\/","og_locale":"tr_TR","og_type":"article","og_title":"Soprano Demetra George Mustafao\u011flu, 21 Temmuz\u2019da Bel-Paz Rekreasyon Alan\u0131\u2019nda sahne alacak - Kuzeyin Sesi","og_description":"Amerika Birle\u015fik Devletleri\u2019nin (ABD) sevilen, \u00fcnl\u00fc m\u00fczik el\u00e7ilerinden biri olan soprano Demetra George Mustafao\u011flu, Broadway M\u00fczikali eserleri ve pop\u00fcler eserlerle Girne\u2019de sahne alacak. Girne Belediyesi\u2019nden verilen bilgiye g\u00f6re, Girne Belediyesi Hayvan Bar\u0131na\u011f\u0131 ve Rehabilitasyon Merkezi yarar\u0131na verilecek yard\u0131m konseri, 21 Temmuz Pazar g\u00fcn\u00fc saat 20.00\u2019de Bel-Paz Rekreasyon Alan\u0131\u2019nda (Girne-Alsancak \u00c7evre Yolu, Mr. Pound Plus kar\u015f\u0131s\u0131) [&hellip;]","og_url":"https:\/\/kuzeyinsesi.org\/index.php\/2024\/07\/02\/soprano-demetra-george-mustafaoglu-21-temmuzda-bel-paz-rekreasyon-alaninda-sahne-alacak\/","og_site_name":"Kuzeyin Sesi","article_publisher":"https:\/\/www.facebook.com\/kuzeyinsesii","article_published_time":"2024-07-02T09:43:39+00:00","og_image":[{"width":710,"height":355,"url":"https:\/\/kuzeyinsesi.org\/wp-content\/uploads\/2024\/07\/qweqq.jpeg","type":"image\/jpeg"}],"author":"Kuzeyin Sesi","twitter_card":"summary_large_image","twitter_creator":"@kuzeyinsesii","twitter_site":"@kuzeyinsesii","twitter_misc":{"Yazan:":"Kuzeyin Sesi","Tahmini okuma s\u00fcresi":"1 dakika"},"schema":{"@context":"https:\/\/schema.org","@graph":[{"@type":"Article","@id":"https:\/\/kuzeyinsesi.org\/index.php\/2024\/07\/02\/soprano-demetra-george-mustafaoglu-21-temmuzda-bel-paz-rekreasyon-alaninda-sahne-alacak\/#article","isPartOf":{"@id":"https:\/\/kuzeyinsesi.org\/index.php\/2024\/07\/02\/soprano-demetra-george-mustafaoglu-21-temmuzda-bel-paz-rekreasyon-alaninda-sahne-alacak\/"},"author":{"name":"Kuzeyin Sesi","@id":"https:\/\/kuzeyinsesi.org\/#\/schema\/person\/9f859689cdf01485597712386e37f5aa"},"headline":"Soprano Demetra George Mustafao\u011flu, 21 Temmuz\u2019da Bel-Paz Rekreasyon Alan\u0131\u2019nda sahne alacak","datePublished":"2024-07-02T09:43:39+00:00","mainEntityOfPage":{"@id":"https:\/\/kuzeyinsesi.org\/index.php\/2024\/07\/02\/soprano-demetra-george-mustafaoglu-21-temmuzda-bel-paz-rekreasyon-alaninda-sahne-alacak\/"},"wordCount":122,"commentCount":0,"image":{"@id":"https:\/\/kuzeyinsesi.org\/index.php\/2024\/07\/02\/soprano-demetra-george-mustafaoglu-21-temmuzda-bel-paz-rekreasyon-alaninda-sahne-alacak\/#primaryimage"},"thumbnailUrl":"https:\/\/kuzeyinsesi.org\/wp-content\/uploads\/2024\/07\/qweqq.jpeg","articleSection":["Ya\u015fam"],"inLanguage":"tr","potentialAction":[{"@type":"CommentAction","name":"Comment","target":["https:\/\/kuzeyinsesi.org\/index.php\/2024\/07\/02\/soprano-demetra-george-mustafaoglu-21-temmuzda-bel-paz-rekreasyon-alaninda-sahne-alacak\/#respond"]}]},{"@type":"WebPage","@id":"https:\/\/kuzeyinsesi.org\/index.php\/2024\/07\/02\/soprano-demetra-george-mustafaoglu-21-temmuzda-bel-paz-rekreasyon-alaninda-sahne-alacak\/","url":"https:\/\/kuzeyinsesi.org\/index.php\/2024\/07\/02\/soprano-demetra-george-mustafaoglu-21-temmuzda-bel-paz-rekreasyon-alaninda-sahne-alacak\/","name":"Soprano Demetra George Mustafao\u011flu, 21 Temmuz\u2019da Bel-Paz Rekreasyon Alan\u0131\u2019nda sahne alacak - Kuzeyin Sesi","isPartOf":{"@id":"https:\/\/kuzeyinsesi.org\/#website"},"primaryImageOfPage":{"@id":"https:\/\/kuzeyinsesi.org\/index.php\/2024\/07\/02\/soprano-demetra-george-mustafaoglu-21-temmuzda-bel-paz-rekreasyon-alaninda-sahne-alacak\/#primaryimage"},"image":{"@id":"https:\/\/kuzeyinsesi.org\/index.php\/2024\/07\/02\/soprano-demetra-george-mustafaoglu-21-temmuzda-bel-paz-rekreasyon-alaninda-sahne-alacak\/#primaryimage"},"thumbnailUrl":"https:\/\/kuzeyinsesi.org\/wp-content\/uploads\/2024\/07\/qweqq.jpeg","datePublished":"2024-07-02T09:43:39+00:00","author":{"@id":"https:\/\/kuzeyinsesi.org\/#\/schema\/person\/9f859689cdf01485597712386e37f5aa"},"breadcrumb":{"@id":"https:\/\/kuzeyinsesi.org\/index.php\/2024\/07\/02\/soprano-demetra-george-mustafaoglu-21-temmuzda-bel-paz-rekreasyon-alaninda-sahne-alacak\/#breadcrumb"},"inLanguage":"tr","potentialAction":[{"@type":"ReadAction","target":["https:\/\/kuzeyinsesi.org\/index.php\/2024\/07\/02\/soprano-demetra-george-mustafaoglu-21-temmuzda-bel-paz-rekreasyon-alaninda-sahne-alacak\/"]}]},{"@type":"ImageObject","inLanguage":"tr","@id":"https:\/\/kuzeyinsesi.org\/index.php\/2024\/07\/02\/soprano-demetra-george-mustafaoglu-21-temmuzda-bel-paz-rekreasyon-alaninda-sahne-alacak\/#primaryimage","url":"https:\/\/kuzeyinsesi.org\/wp-content\/uploads\/2024\/07\/qweqq.jpeg","contentUrl":"https:\/\/kuzeyinsesi.org\/wp-content\/uploads\/2024\/07\/qweqq.jpeg","width":710,"height":355},{"@type":"BreadcrumbList","@id":"https:\/\/kuzeyinsesi.org\/index.php\/2024\/07\/02\/soprano-demetra-george-mustafaoglu-21-temmuzda-bel-paz-rekreasyon-alaninda-sahne-alacak\/#breadcrumb","itemListElement":[{"@type":"ListItem","position":1,"name":"Anasayfa","item":"https:\/\/kuzeyinsesi.org\/"},{"@type":"ListItem","position":2,"name":"Soprano Demetra George Mustafao\u011flu, 21 Temmuz\u2019da Bel-Paz Rekreasyon Alan\u0131\u2019nda sahne alacak"}]},{"@type":"WebSite","@id":"https:\/\/kuzeyinsesi.org\/#website","url":"https:\/\/kuzeyinsesi.org\/","name":"Kuzeyin Sesi","description":"Do\u011fru Haberin Adresi","potentialAction":[{"@type":"SearchAction","target":{"@type":"EntryPoint","urlTemplate":"https:\/\/kuzeyinsesi.org\/?s={search_term_string}"},"query-input":{"@type":"PropertyValueSpecification","valueRequired":true,"valueName":"search_term_string"}}],"inLanguage":"tr"},{"@type":"Person","@id":"https:\/\/kuzeyinsesi.org\/#\/schema\/person\/9f859689cdf01485597712386e37f5aa","name":"Kuzeyin Sesi","image":{"@type":"ImageObject","inLanguage":"tr","@id":"https:\/\/secure.gravatar.com\/avatar\/bab33852abfd8b282518d6ed81826833d77c3c882d9ab608add591ccace47a44?s=96&d=mm&r=g","url":"https:\/\/secure.gravatar.com\/avatar\/bab33852abfd8b282518d6ed81826833d77c3c882d9ab608add591ccace47a44?s=96&d=mm&r=g","contentUrl":"https:\/\/secure.gravatar.com\/avatar\/bab33852abfd8b282518d6ed81826833d77c3c882d9ab608add591ccace47a44?s=96&d=mm&r=g","caption":"Kuzeyin Sesi"},"sameAs":["https:\/\/kuzeyinsesi.org"],"url":"https:\/\/kuzeyinsesi.org\/index.php\/author\/guven\/"}]}},"_links":{"self":[{"href":"https:\/\/kuzeyinsesi.org\/index.php\/wp-json\/wp\/v2\/posts\/5672","targetHints":{"allow":["GET"]}}],"collection":[{"href":"https:\/\/kuzeyinsesi.org\/index.php\/wp-json\/wp\/v2\/posts"}],"about":[{"href":"https:\/\/kuzeyinsesi.org\/index.php\/wp-json\/wp\/v2\/types\/post"}],"author":[{"embeddable":true,"href":"https:\/\/kuzeyinsesi.org\/index.php\/wp-json\/wp\/v2\/users\/1"}],"replies":[{"embeddable":true,"href":"https:\/\/kuzeyinsesi.org\/index.php\/wp-json\/wp\/v2\/comments?post=5672"}],"version-history":[{"count":0,"href":"https:\/\/kuzeyinsesi.org\/index.php\/wp-json\/wp\/v2\/posts\/5672\/revisions"}],"wp:featuredmedia":[{"embeddable":true,"href":"https:\/\/kuzeyinsesi.org\/index.php\/wp-json\/wp\/v2\/media\/5673"}],"wp:attachment":[{"href":"https:\/\/kuzeyinsesi.org\/index.php\/wp-json\/wp\/v2\/media?parent=5672"}],"wp:term":[{"taxonomy":"category","embeddable":true,"href":"https:\/\/kuzeyinsesi.org\/index.php\/wp-json\/wp\/v2\/categories?post=5672"},{"taxonomy":"post_tag","embeddable":true,"href":"https:\/\/kuzeyinsesi.org\/index.php\/wp-json\/wp\/v2\/tags?post=5672"}],"curies":[{"name":"wp","href":"https:\/\/api.w.org\/{rel}","templated":true}]}}