{"id":5647,"date":"2024-07-01T20:19:37","date_gmt":"2024-07-01T17:19:37","guid":{"rendered":"https:\/\/kuzeyinsesi.com\/index.php\/2024\/07\/01\/52-geleneksel-iskele-festivali-geleneksel-kostum-defilesi-ile-bay-ve-bayan-festival-guzeli-secimi-ile-devam-etti\/"},"modified":"2024-07-01T20:19:37","modified_gmt":"2024-07-01T17:19:37","slug":"52-geleneksel-iskele-festivali-geleneksel-kostum-defilesi-ile-bay-ve-bayan-festival-guzeli-secimi-ile-devam-etti","status":"publish","type":"post","link":"https:\/\/kuzeyinsesi.org\/index.php\/2024\/07\/01\/52-geleneksel-iskele-festivali-geleneksel-kostum-defilesi-ile-bay-ve-bayan-festival-guzeli-secimi-ile-devam-etti\/","title":{"rendered":"52. Geleneksel \u0130skele Festivali, geleneksel kost\u00fcm defilesi ile Bay ve Bayan Festival G\u00fczeli se\u00e7imi ile devam etti"},"content":{"rendered":"<div>\n<div class=\"mariselle-image-container center\">\n                                            <\/div>\n<p>\n52. Geleneksel \u0130skele Festivali d\u00fcn ak\u015fam geleneksel kost\u00fcm defilesi ile bay ve bayan festival g\u00fczeli se\u00e7imi ile devam etti.<\/p>\n<p>Belediye\u2019den yap\u0131lan yaz\u0131l\u0131 a\u00e7\u0131klamaya g\u00f6re, bu y\u0131l 27. ya\u015f\u0131n\u0131 kutlayan \u0130skele Belediyesi Halk Danslar\u0131 Festivali, KKTC\u2019nin yan\u0131 s\u0131ra T\u00fcrkiye, Macaristan, Bolivya, \u0130ran, Uruguay ve Rusya ekiplerini \u0130skele\u2019de bulu\u015fturdu.<\/p>\n<p>Festivalin bu y\u0131lki erkek ve kad\u0131n festival g\u00fczeli \u00f6d\u00fclleri Macaristan\u2019a gitti. <\/p>\n<p>Erkek Festival G\u00fczeli Macaristan\u2019dan yar\u0131\u015fan Laszlo Bazso\u2019ya, Kad\u0131n Festival G\u00fczeli de yine Macaristan ekibinden yar\u0131\u015fan Violetta Juhasz\u2019a gitti.<\/p>\n<p>Birincilik \u00f6d\u00fclleri \u0130skele Belediyesi Asba\u015fkan\u0131 Halil Dericio\u011flu ile Meclis \u00dcyesi Ahmet Orun taraf\u0131ndan verildi.<\/p>\n<p>Bayan festival g\u00fczelleri \u015f\u00f6yle: \u201c1. Violetta Juhasz \u2013 Macaristan, 2. Aldana Van Velthoven \u2013 Uruguay, 3. Sutormina Victoria \u2013 Rusya.\u201d<\/p>\n<p>Bay festival g\u00fczelleri ise \u015f\u00f6yle: \u201c1.Laszlo Bazso \u2013 Macaristan, 2. Diadichkin Georgi \u2013 Rusya,<\/p>\n<p>3. Richar Carrasco \u2013Uruguay.\u201d<\/p>\n<p>\u0130skele A\u00e7\u0131k Hava K\u00fclt\u00fcr Merkezi\u2019nde yer alan gecede en iyi erkek kost\u00fcm \u00f6d\u00fcl\u00fc ise Macaristan ve Rusya\u2019n\u0131n oldu.<\/p>\n<p>\u00d6te yandan, Bayan \u0130skele G\u00fczeli Macaristan\u2019dan Eszter Mohos; Bay \u0130skele G\u00fczeli T\u00fcrkiye\u2019den Tuna Toprak; Bayan Bas\u0131n G\u00fczeli Rusya\u2019dan Sutormina Victoria; Bay Bas\u0131n G\u00fczeli de Macaristan\u2019dan Laszlo Bazso;  Bayan Ven\u00fcs Beach G\u00fczeli Rusya\u2019dan Khovrich Arina; Bay Ven\u00fcs Beach G\u00fczeli de Bolivya\u2019dan Pablo Grandi Sardon; Bayan Saebina G\u00fczeli \u0130ran\u2019dan Mahdeye Mohammadi; Bay Saebina G\u00fczeli de Macaristan\u2019dan Norbert Biro oldu.<\/p>\n<\/p><\/div>\n<p><script async\n                    defer\n                    crossorigin=\"anonymous\"\n                    src=\"https:\/\/connect.facebook.net\/tr_TR\/sdk.js#xfbml=1&#038;version=v3.3\"\n            ><\/script><\/p>\n","protected":false},"excerpt":{"rendered":"<p>52. Geleneksel \u0130skele Festivali d\u00fcn ak\u015fam geleneksel kost\u00fcm defilesi ile bay ve bayan festival g\u00fczeli se\u00e7imi ile devam etti. Belediye\u2019den yap\u0131lan yaz\u0131l\u0131 a\u00e7\u0131klamaya g\u00f6re, bu y\u0131l 27. ya\u015f\u0131n\u0131 kutlayan \u0130skele Belediyesi Halk Danslar\u0131 Festivali, KKTC\u2019nin yan\u0131 s\u0131ra T\u00fcrkiye, Macaristan, Bolivya, \u0130ran, Uruguay ve Rusya ekiplerini \u0130skele\u2019de bulu\u015fturdu. Festivalin bu y\u0131lki erkek ve kad\u0131n festival g\u00fczeli [&hellip;]<\/p>\n","protected":false},"author":1,"featured_media":5648,"comment_status":"open","ping_status":"open","sticky":false,"template":"","format":"standard","meta":{"jnews-multi-image_gallery":[],"jnews_single_post":[],"jnews_primary_category":[],"jnews_social_meta":[],"jnews_override_counter":[],"footnotes":""},"categories":[6],"tags":[],"class_list":["post-5647","post","type-post","status-publish","format-standard","has-post-thumbnail","hentry","category-yasam"],"yoast_head":"<!-- This site is optimized with the Yoast SEO plugin v27.5 - https:\/\/yoast.com\/product\/yoast-seo-wordpress\/ -->\n<title>52. Geleneksel \u0130skele Festivali, geleneksel kost\u00fcm defilesi ile Bay ve Bayan Festival G\u00fczeli se\u00e7imi ile devam etti - Kuzeyin Sesi<\/title>\n<meta name=\"robots\" content=\"index, follow, max-snippet:-1, max-image-preview:large, max-video-preview:-1\" \/>\n<link rel=\"canonical\" href=\"https:\/\/kuzeyinsesi.org\/index.php\/2024\/07\/01\/52-geleneksel-iskele-festivali-geleneksel-kostum-defilesi-ile-bay-ve-bayan-festival-guzeli-secimi-ile-devam-etti\/\" \/>\n<meta property=\"og:locale\" content=\"tr_TR\" \/>\n<meta property=\"og:type\" content=\"article\" \/>\n<meta property=\"og:title\" content=\"52. Geleneksel \u0130skele Festivali, geleneksel kost\u00fcm defilesi ile Bay ve Bayan Festival G\u00fczeli se\u00e7imi ile devam etti - Kuzeyin Sesi\" \/>\n<meta property=\"og:description\" content=\"52. Geleneksel \u0130skele Festivali d\u00fcn ak\u015fam geleneksel kost\u00fcm defilesi ile bay ve bayan festival g\u00fczeli se\u00e7imi ile devam etti. Belediye\u2019den yap\u0131lan yaz\u0131l\u0131 a\u00e7\u0131klamaya g\u00f6re, bu y\u0131l 27. ya\u015f\u0131n\u0131 kutlayan \u0130skele Belediyesi Halk Danslar\u0131 Festivali, KKTC\u2019nin yan\u0131 s\u0131ra T\u00fcrkiye, Macaristan, Bolivya, \u0130ran, Uruguay ve Rusya ekiplerini \u0130skele\u2019de bulu\u015fturdu. Festivalin bu y\u0131lki erkek ve kad\u0131n festival g\u00fczeli [&hellip;]\" \/>\n<meta property=\"og:url\" content=\"https:\/\/kuzeyinsesi.org\/index.php\/2024\/07\/01\/52-geleneksel-iskele-festivali-geleneksel-kostum-defilesi-ile-bay-ve-bayan-festival-guzeli-secimi-ile-devam-etti\/\" \/>\n<meta property=\"og:site_name\" content=\"Kuzeyin Sesi\" \/>\n<meta property=\"article:publisher\" content=\"https:\/\/www.facebook.com\/kuzeyinsesii\" \/>\n<meta property=\"article:published_time\" content=\"2024-07-01T17:19:37+00:00\" \/>\n<meta property=\"og:image\" content=\"https:\/\/kuzeyinsesi.org\/wp-content\/uploads\/2024\/07\/halk-danslari-kostum-ve-festival-guzelleri-3.jpg\" \/>\n\t<meta property=\"og:image:width\" content=\"1600\" \/>\n\t<meta property=\"og:image:height\" content=\"1066\" \/>\n\t<meta property=\"og:image:type\" content=\"image\/jpeg\" \/>\n<meta name=\"author\" content=\"Kuzeyin Sesi\" \/>\n<meta name=\"twitter:card\" content=\"summary_large_image\" \/>\n<meta name=\"twitter:creator\" content=\"@kuzeyinsesii\" \/>\n<meta name=\"twitter:site\" content=\"@kuzeyinsesii\" \/>\n<meta name=\"twitter:label1\" content=\"Yazan:\" \/>\n\t<meta name=\"twitter:data1\" content=\"Kuzeyin Sesi\" \/>\n\t<meta name=\"twitter:label2\" content=\"Tahmini okuma s\u00fcresi\" \/>\n\t<meta name=\"twitter:data2\" content=\"1 dakika\" \/>\n<script type=\"application\/ld+json\" class=\"yoast-schema-graph\">{\"@context\":\"https:\\\/\\\/schema.org\",\"@graph\":[{\"@type\":\"Article\",\"@id\":\"https:\\\/\\\/kuzeyinsesi.org\\\/index.php\\\/2024\\\/07\\\/01\\\/52-geleneksel-iskele-festivali-geleneksel-kostum-defilesi-ile-bay-ve-bayan-festival-guzeli-secimi-ile-devam-etti\\\/#article\",\"isPartOf\":{\"@id\":\"https:\\\/\\\/kuzeyinsesi.org\\\/index.php\\\/2024\\\/07\\\/01\\\/52-geleneksel-iskele-festivali-geleneksel-kostum-defilesi-ile-bay-ve-bayan-festival-guzeli-secimi-ile-devam-etti\\\/\"},\"author\":{\"name\":\"Kuzeyin Sesi\",\"@id\":\"https:\\\/\\\/kuzeyinsesi.org\\\/#\\\/schema\\\/person\\\/9f859689cdf01485597712386e37f5aa\"},\"headline\":\"52. Geleneksel \u0130skele Festivali, geleneksel kost\u00fcm defilesi ile Bay ve Bayan Festival G\u00fczeli se\u00e7imi ile devam etti\",\"datePublished\":\"2024-07-01T17:19:37+00:00\",\"mainEntityOfPage\":{\"@id\":\"https:\\\/\\\/kuzeyinsesi.org\\\/index.php\\\/2024\\\/07\\\/01\\\/52-geleneksel-iskele-festivali-geleneksel-kostum-defilesi-ile-bay-ve-bayan-festival-guzeli-secimi-ile-devam-etti\\\/\"},\"wordCount\":275,\"commentCount\":0,\"image\":{\"@id\":\"https:\\\/\\\/kuzeyinsesi.org\\\/index.php\\\/2024\\\/07\\\/01\\\/52-geleneksel-iskele-festivali-geleneksel-kostum-defilesi-ile-bay-ve-bayan-festival-guzeli-secimi-ile-devam-etti\\\/#primaryimage\"},\"thumbnailUrl\":\"https:\\\/\\\/kuzeyinsesi.org\\\/wp-content\\\/uploads\\\/2024\\\/07\\\/halk-danslari-kostum-ve-festival-guzelleri-3.jpg\",\"articleSection\":[\"Ya\u015fam\"],\"inLanguage\":\"tr\",\"potentialAction\":[{\"@type\":\"CommentAction\",\"name\":\"Comment\",\"target\":[\"https:\\\/\\\/kuzeyinsesi.org\\\/index.php\\\/2024\\\/07\\\/01\\\/52-geleneksel-iskele-festivali-geleneksel-kostum-defilesi-ile-bay-ve-bayan-festival-guzeli-secimi-ile-devam-etti\\\/#respond\"]}]},{\"@type\":\"WebPage\",\"@id\":\"https:\\\/\\\/kuzeyinsesi.org\\\/index.php\\\/2024\\\/07\\\/01\\\/52-geleneksel-iskele-festivali-geleneksel-kostum-defilesi-ile-bay-ve-bayan-festival-guzeli-secimi-ile-devam-etti\\\/\",\"url\":\"https:\\\/\\\/kuzeyinsesi.org\\\/index.php\\\/2024\\\/07\\\/01\\\/52-geleneksel-iskele-festivali-geleneksel-kostum-defilesi-ile-bay-ve-bayan-festival-guzeli-secimi-ile-devam-etti\\\/\",\"name\":\"52. Geleneksel \u0130skele Festivali, geleneksel kost\u00fcm defilesi ile Bay ve Bayan Festival G\u00fczeli se\u00e7imi ile devam etti - Kuzeyin Sesi\",\"isPartOf\":{\"@id\":\"https:\\\/\\\/kuzeyinsesi.org\\\/#website\"},\"primaryImageOfPage\":{\"@id\":\"https:\\\/\\\/kuzeyinsesi.org\\\/index.php\\\/2024\\\/07\\\/01\\\/52-geleneksel-iskele-festivali-geleneksel-kostum-defilesi-ile-bay-ve-bayan-festival-guzeli-secimi-ile-devam-etti\\\/#primaryimage\"},\"image\":{\"@id\":\"https:\\\/\\\/kuzeyinsesi.org\\\/index.php\\\/2024\\\/07\\\/01\\\/52-geleneksel-iskele-festivali-geleneksel-kostum-defilesi-ile-bay-ve-bayan-festival-guzeli-secimi-ile-devam-etti\\\/#primaryimage\"},\"thumbnailUrl\":\"https:\\\/\\\/kuzeyinsesi.org\\\/wp-content\\\/uploads\\\/2024\\\/07\\\/halk-danslari-kostum-ve-festival-guzelleri-3.jpg\",\"datePublished\":\"2024-07-01T17:19:37+00:00\",\"author\":{\"@id\":\"https:\\\/\\\/kuzeyinsesi.org\\\/#\\\/schema\\\/person\\\/9f859689cdf01485597712386e37f5aa\"},\"breadcrumb\":{\"@id\":\"https:\\\/\\\/kuzeyinsesi.org\\\/index.php\\\/2024\\\/07\\\/01\\\/52-geleneksel-iskele-festivali-geleneksel-kostum-defilesi-ile-bay-ve-bayan-festival-guzeli-secimi-ile-devam-etti\\\/#breadcrumb\"},\"inLanguage\":\"tr\",\"potentialAction\":[{\"@type\":\"ReadAction\",\"target\":[\"https:\\\/\\\/kuzeyinsesi.org\\\/index.php\\\/2024\\\/07\\\/01\\\/52-geleneksel-iskele-festivali-geleneksel-kostum-defilesi-ile-bay-ve-bayan-festival-guzeli-secimi-ile-devam-etti\\\/\"]}]},{\"@type\":\"ImageObject\",\"inLanguage\":\"tr\",\"@id\":\"https:\\\/\\\/kuzeyinsesi.org\\\/index.php\\\/2024\\\/07\\\/01\\\/52-geleneksel-iskele-festivali-geleneksel-kostum-defilesi-ile-bay-ve-bayan-festival-guzeli-secimi-ile-devam-etti\\\/#primaryimage\",\"url\":\"https:\\\/\\\/kuzeyinsesi.org\\\/wp-content\\\/uploads\\\/2024\\\/07\\\/halk-danslari-kostum-ve-festival-guzelleri-3.jpg\",\"contentUrl\":\"https:\\\/\\\/kuzeyinsesi.org\\\/wp-content\\\/uploads\\\/2024\\\/07\\\/halk-danslari-kostum-ve-festival-guzelleri-3.jpg\",\"width\":1600,\"height\":1066},{\"@type\":\"BreadcrumbList\",\"@id\":\"https:\\\/\\\/kuzeyinsesi.org\\\/index.php\\\/2024\\\/07\\\/01\\\/52-geleneksel-iskele-festivali-geleneksel-kostum-defilesi-ile-bay-ve-bayan-festival-guzeli-secimi-ile-devam-etti\\\/#breadcrumb\",\"itemListElement\":[{\"@type\":\"ListItem\",\"position\":1,\"name\":\"Anasayfa\",\"item\":\"https:\\\/\\\/kuzeyinsesi.org\\\/\"},{\"@type\":\"ListItem\",\"position\":2,\"name\":\"52. Geleneksel \u0130skele Festivali, geleneksel kost\u00fcm defilesi ile Bay ve Bayan Festival G\u00fczeli se\u00e7imi ile devam etti\"}]},{\"@type\":\"WebSite\",\"@id\":\"https:\\\/\\\/kuzeyinsesi.org\\\/#website\",\"url\":\"https:\\\/\\\/kuzeyinsesi.org\\\/\",\"name\":\"Kuzeyin Sesi\",\"description\":\"Do\u011fru Haberin Adresi\",\"potentialAction\":[{\"@type\":\"SearchAction\",\"target\":{\"@type\":\"EntryPoint\",\"urlTemplate\":\"https:\\\/\\\/kuzeyinsesi.org\\\/?s={search_term_string}\"},\"query-input\":{\"@type\":\"PropertyValueSpecification\",\"valueRequired\":true,\"valueName\":\"search_term_string\"}}],\"inLanguage\":\"tr\"},{\"@type\":\"Person\",\"@id\":\"https:\\\/\\\/kuzeyinsesi.org\\\/#\\\/schema\\\/person\\\/9f859689cdf01485597712386e37f5aa\",\"name\":\"Kuzeyin Sesi\",\"image\":{\"@type\":\"ImageObject\",\"inLanguage\":\"tr\",\"@id\":\"https:\\\/\\\/secure.gravatar.com\\\/avatar\\\/bab33852abfd8b282518d6ed81826833d77c3c882d9ab608add591ccace47a44?s=96&d=mm&r=g\",\"url\":\"https:\\\/\\\/secure.gravatar.com\\\/avatar\\\/bab33852abfd8b282518d6ed81826833d77c3c882d9ab608add591ccace47a44?s=96&d=mm&r=g\",\"contentUrl\":\"https:\\\/\\\/secure.gravatar.com\\\/avatar\\\/bab33852abfd8b282518d6ed81826833d77c3c882d9ab608add591ccace47a44?s=96&d=mm&r=g\",\"caption\":\"Kuzeyin Sesi\"},\"sameAs\":[\"https:\\\/\\\/kuzeyinsesi.org\"],\"url\":\"https:\\\/\\\/kuzeyinsesi.org\\\/index.php\\\/author\\\/guven\\\/\"}]}<\/script>\n<!-- \/ Yoast SEO plugin. -->","yoast_head_json":{"title":"52. Geleneksel \u0130skele Festivali, geleneksel kost\u00fcm defilesi ile Bay ve Bayan Festival G\u00fczeli se\u00e7imi ile devam etti - Kuzeyin Sesi","robots":{"index":"index","follow":"follow","max-snippet":"max-snippet:-1","max-image-preview":"max-image-preview:large","max-video-preview":"max-video-preview:-1"},"canonical":"https:\/\/kuzeyinsesi.org\/index.php\/2024\/07\/01\/52-geleneksel-iskele-festivali-geleneksel-kostum-defilesi-ile-bay-ve-bayan-festival-guzeli-secimi-ile-devam-etti\/","og_locale":"tr_TR","og_type":"article","og_title":"52. Geleneksel \u0130skele Festivali, geleneksel kost\u00fcm defilesi ile Bay ve Bayan Festival G\u00fczeli se\u00e7imi ile devam etti - Kuzeyin Sesi","og_description":"52. Geleneksel \u0130skele Festivali d\u00fcn ak\u015fam geleneksel kost\u00fcm defilesi ile bay ve bayan festival g\u00fczeli se\u00e7imi ile devam etti. Belediye\u2019den yap\u0131lan yaz\u0131l\u0131 a\u00e7\u0131klamaya g\u00f6re, bu y\u0131l 27. ya\u015f\u0131n\u0131 kutlayan \u0130skele Belediyesi Halk Danslar\u0131 Festivali, KKTC\u2019nin yan\u0131 s\u0131ra T\u00fcrkiye, Macaristan, Bolivya, \u0130ran, Uruguay ve Rusya ekiplerini \u0130skele\u2019de bulu\u015fturdu. Festivalin bu y\u0131lki erkek ve kad\u0131n festival g\u00fczeli [&hellip;]","og_url":"https:\/\/kuzeyinsesi.org\/index.php\/2024\/07\/01\/52-geleneksel-iskele-festivali-geleneksel-kostum-defilesi-ile-bay-ve-bayan-festival-guzeli-secimi-ile-devam-etti\/","og_site_name":"Kuzeyin Sesi","article_publisher":"https:\/\/www.facebook.com\/kuzeyinsesii","article_published_time":"2024-07-01T17:19:37+00:00","og_image":[{"width":1600,"height":1066,"url":"https:\/\/kuzeyinsesi.org\/wp-content\/uploads\/2024\/07\/halk-danslari-kostum-ve-festival-guzelleri-3.jpg","type":"image\/jpeg"}],"author":"Kuzeyin Sesi","twitter_card":"summary_large_image","twitter_creator":"@kuzeyinsesii","twitter_site":"@kuzeyinsesii","twitter_misc":{"Yazan:":"Kuzeyin Sesi","Tahmini okuma s\u00fcresi":"1 dakika"},"schema":{"@context":"https:\/\/schema.org","@graph":[{"@type":"Article","@id":"https:\/\/kuzeyinsesi.org\/index.php\/2024\/07\/01\/52-geleneksel-iskele-festivali-geleneksel-kostum-defilesi-ile-bay-ve-bayan-festival-guzeli-secimi-ile-devam-etti\/#article","isPartOf":{"@id":"https:\/\/kuzeyinsesi.org\/index.php\/2024\/07\/01\/52-geleneksel-iskele-festivali-geleneksel-kostum-defilesi-ile-bay-ve-bayan-festival-guzeli-secimi-ile-devam-etti\/"},"author":{"name":"Kuzeyin Sesi","@id":"https:\/\/kuzeyinsesi.org\/#\/schema\/person\/9f859689cdf01485597712386e37f5aa"},"headline":"52. Geleneksel \u0130skele Festivali, geleneksel kost\u00fcm defilesi ile Bay ve Bayan Festival G\u00fczeli se\u00e7imi ile devam etti","datePublished":"2024-07-01T17:19:37+00:00","mainEntityOfPage":{"@id":"https:\/\/kuzeyinsesi.org\/index.php\/2024\/07\/01\/52-geleneksel-iskele-festivali-geleneksel-kostum-defilesi-ile-bay-ve-bayan-festival-guzeli-secimi-ile-devam-etti\/"},"wordCount":275,"commentCount":0,"image":{"@id":"https:\/\/kuzeyinsesi.org\/index.php\/2024\/07\/01\/52-geleneksel-iskele-festivali-geleneksel-kostum-defilesi-ile-bay-ve-bayan-festival-guzeli-secimi-ile-devam-etti\/#primaryimage"},"thumbnailUrl":"https:\/\/kuzeyinsesi.org\/wp-content\/uploads\/2024\/07\/halk-danslari-kostum-ve-festival-guzelleri-3.jpg","articleSection":["Ya\u015fam"],"inLanguage":"tr","potentialAction":[{"@type":"CommentAction","name":"Comment","target":["https:\/\/kuzeyinsesi.org\/index.php\/2024\/07\/01\/52-geleneksel-iskele-festivali-geleneksel-kostum-defilesi-ile-bay-ve-bayan-festival-guzeli-secimi-ile-devam-etti\/#respond"]}]},{"@type":"WebPage","@id":"https:\/\/kuzeyinsesi.org\/index.php\/2024\/07\/01\/52-geleneksel-iskele-festivali-geleneksel-kostum-defilesi-ile-bay-ve-bayan-festival-guzeli-secimi-ile-devam-etti\/","url":"https:\/\/kuzeyinsesi.org\/index.php\/2024\/07\/01\/52-geleneksel-iskele-festivali-geleneksel-kostum-defilesi-ile-bay-ve-bayan-festival-guzeli-secimi-ile-devam-etti\/","name":"52. Geleneksel \u0130skele Festivali, geleneksel kost\u00fcm defilesi ile Bay ve Bayan Festival G\u00fczeli se\u00e7imi ile devam etti - Kuzeyin Sesi","isPartOf":{"@id":"https:\/\/kuzeyinsesi.org\/#website"},"primaryImageOfPage":{"@id":"https:\/\/kuzeyinsesi.org\/index.php\/2024\/07\/01\/52-geleneksel-iskele-festivali-geleneksel-kostum-defilesi-ile-bay-ve-bayan-festival-guzeli-secimi-ile-devam-etti\/#primaryimage"},"image":{"@id":"https:\/\/kuzeyinsesi.org\/index.php\/2024\/07\/01\/52-geleneksel-iskele-festivali-geleneksel-kostum-defilesi-ile-bay-ve-bayan-festival-guzeli-secimi-ile-devam-etti\/#primaryimage"},"thumbnailUrl":"https:\/\/kuzeyinsesi.org\/wp-content\/uploads\/2024\/07\/halk-danslari-kostum-ve-festival-guzelleri-3.jpg","datePublished":"2024-07-01T17:19:37+00:00","author":{"@id":"https:\/\/kuzeyinsesi.org\/#\/schema\/person\/9f859689cdf01485597712386e37f5aa"},"breadcrumb":{"@id":"https:\/\/kuzeyinsesi.org\/index.php\/2024\/07\/01\/52-geleneksel-iskele-festivali-geleneksel-kostum-defilesi-ile-bay-ve-bayan-festival-guzeli-secimi-ile-devam-etti\/#breadcrumb"},"inLanguage":"tr","potentialAction":[{"@type":"ReadAction","target":["https:\/\/kuzeyinsesi.org\/index.php\/2024\/07\/01\/52-geleneksel-iskele-festivali-geleneksel-kostum-defilesi-ile-bay-ve-bayan-festival-guzeli-secimi-ile-devam-etti\/"]}]},{"@type":"ImageObject","inLanguage":"tr","@id":"https:\/\/kuzeyinsesi.org\/index.php\/2024\/07\/01\/52-geleneksel-iskele-festivali-geleneksel-kostum-defilesi-ile-bay-ve-bayan-festival-guzeli-secimi-ile-devam-etti\/#primaryimage","url":"https:\/\/kuzeyinsesi.org\/wp-content\/uploads\/2024\/07\/halk-danslari-kostum-ve-festival-guzelleri-3.jpg","contentUrl":"https:\/\/kuzeyinsesi.org\/wp-content\/uploads\/2024\/07\/halk-danslari-kostum-ve-festival-guzelleri-3.jpg","width":1600,"height":1066},{"@type":"BreadcrumbList","@id":"https:\/\/kuzeyinsesi.org\/index.php\/2024\/07\/01\/52-geleneksel-iskele-festivali-geleneksel-kostum-defilesi-ile-bay-ve-bayan-festival-guzeli-secimi-ile-devam-etti\/#breadcrumb","itemListElement":[{"@type":"ListItem","position":1,"name":"Anasayfa","item":"https:\/\/kuzeyinsesi.org\/"},{"@type":"ListItem","position":2,"name":"52. Geleneksel \u0130skele Festivali, geleneksel kost\u00fcm defilesi ile Bay ve Bayan Festival G\u00fczeli se\u00e7imi ile devam etti"}]},{"@type":"WebSite","@id":"https:\/\/kuzeyinsesi.org\/#website","url":"https:\/\/kuzeyinsesi.org\/","name":"Kuzeyin Sesi","description":"Do\u011fru Haberin Adresi","potentialAction":[{"@type":"SearchAction","target":{"@type":"EntryPoint","urlTemplate":"https:\/\/kuzeyinsesi.org\/?s={search_term_string}"},"query-input":{"@type":"PropertyValueSpecification","valueRequired":true,"valueName":"search_term_string"}}],"inLanguage":"tr"},{"@type":"Person","@id":"https:\/\/kuzeyinsesi.org\/#\/schema\/person\/9f859689cdf01485597712386e37f5aa","name":"Kuzeyin Sesi","image":{"@type":"ImageObject","inLanguage":"tr","@id":"https:\/\/secure.gravatar.com\/avatar\/bab33852abfd8b282518d6ed81826833d77c3c882d9ab608add591ccace47a44?s=96&d=mm&r=g","url":"https:\/\/secure.gravatar.com\/avatar\/bab33852abfd8b282518d6ed81826833d77c3c882d9ab608add591ccace47a44?s=96&d=mm&r=g","contentUrl":"https:\/\/secure.gravatar.com\/avatar\/bab33852abfd8b282518d6ed81826833d77c3c882d9ab608add591ccace47a44?s=96&d=mm&r=g","caption":"Kuzeyin Sesi"},"sameAs":["https:\/\/kuzeyinsesi.org"],"url":"https:\/\/kuzeyinsesi.org\/index.php\/author\/guven\/"}]}},"_links":{"self":[{"href":"https:\/\/kuzeyinsesi.org\/index.php\/wp-json\/wp\/v2\/posts\/5647","targetHints":{"allow":["GET"]}}],"collection":[{"href":"https:\/\/kuzeyinsesi.org\/index.php\/wp-json\/wp\/v2\/posts"}],"about":[{"href":"https:\/\/kuzeyinsesi.org\/index.php\/wp-json\/wp\/v2\/types\/post"}],"author":[{"embeddable":true,"href":"https:\/\/kuzeyinsesi.org\/index.php\/wp-json\/wp\/v2\/users\/1"}],"replies":[{"embeddable":true,"href":"https:\/\/kuzeyinsesi.org\/index.php\/wp-json\/wp\/v2\/comments?post=5647"}],"version-history":[{"count":0,"href":"https:\/\/kuzeyinsesi.org\/index.php\/wp-json\/wp\/v2\/posts\/5647\/revisions"}],"wp:featuredmedia":[{"embeddable":true,"href":"https:\/\/kuzeyinsesi.org\/index.php\/wp-json\/wp\/v2\/media\/5648"}],"wp:attachment":[{"href":"https:\/\/kuzeyinsesi.org\/index.php\/wp-json\/wp\/v2\/media?parent=5647"}],"wp:term":[{"taxonomy":"category","embeddable":true,"href":"https:\/\/kuzeyinsesi.org\/index.php\/wp-json\/wp\/v2\/categories?post=5647"},{"taxonomy":"post_tag","embeddable":true,"href":"https:\/\/kuzeyinsesi.org\/index.php\/wp-json\/wp\/v2\/tags?post=5647"}],"curies":[{"name":"wp","href":"https:\/\/api.w.org\/{rel}","templated":true}]}}