{"id":5639,"date":"2024-07-01T19:18:25","date_gmt":"2024-07-01T16:18:25","guid":{"rendered":"https:\/\/kuzeyinsesi.com\/index.php\/2024\/07\/01\/girne-belediyesinin-3-farkli-yas-kategorisinden-olusan-genclik-korosu-calismalara-basladi\/"},"modified":"2024-07-01T19:18:25","modified_gmt":"2024-07-01T16:18:25","slug":"girne-belediyesinin-3-farkli-yas-kategorisinden-olusan-genclik-korosu-calismalara-basladi","status":"publish","type":"post","link":"https:\/\/kuzeyinsesi.org\/index.php\/2024\/07\/01\/girne-belediyesinin-3-farkli-yas-kategorisinden-olusan-genclik-korosu-calismalara-basladi\/","title":{"rendered":"Girne Belediyesi\u2019nin, 3 farkl\u0131 ya\u015f kategorisinden olu\u015fan Gen\u00e7lik Korosu \u00e7al\u0131\u015fmalara ba\u015flad\u0131"},"content":{"rendered":"<div>\n<div class=\"mariselle-image-container center\">\n                                            <\/div>\n<p>\nGirne Belediyesi\u2019nin, 3 farkl\u0131 ya\u015f kategorisinden olu\u015fan Gen\u00e7lik Korosu \u00e7al\u0131\u015fmalar\u0131na ba\u015flad\u0131.<\/p>\n<p>Belediye\u2019den yap\u0131lan yaz\u0131l\u0131 a\u00e7\u0131klamada, \u00c7ok Sesli Yeti\u015fkin Korosu yan\u0131nda, 9-11 ya\u015f grubu \u00e7ocuklardan olu\u015fan \u00c7ocuk Korosu ve 12-17 ya\u015f grubu gen\u00e7lerden olu\u015fan Gen\u00e7lik Korosu\u2019nun ger\u00e7ekle\u015ftirilen se\u00e7meler sonucunda \u00e7al\u0131\u015fmalar\u0131na ba\u015flad\u0131\u011f\u0131 belirtildi.<\/p>\n<p>A\u00e7\u0131klamada, Girne Belediyesi Yeni Hizmet Binas\u0131\u2019nda ba\u015flayan \u00e7al\u0131\u015fmalar\u0131n, tamamen g\u00f6n\u00fcll\u00fclerden olu\u015fan bir ekip y\u00f6netiminde devam etti\u011fi kaydedildi.<\/p>\n<p>Girne Belediyesi \u00c7ok Sesli Korosu, Girne Belediyesi \u00c7ok Sesli Koro \u015eefi Y\u0131lmaz Taner\u2019in katk\u0131lar\u0131yla e\u011fitmenler R\u00fcyam Tokatl\u0131o\u011flu, Buket Aknar ve Tien\u015fan \u00c7aydaml\u0131, piyanist Mistral \u00c7aydaml\u0131 ve \u015ean E\u011fitmeni Umut Cem Erten ile \u00e7al\u0131\u015fmalar\u0131n\u0131 s\u00fcrd\u00fcr\u00fcyor.<\/p>\n<p>A\u00e7\u0131klamada, koro \u00e7al\u0131\u015fmalar\u0131na kat\u0131lmak isteyen \u00e7ocuk ve gen\u00e7lerin 0533 849 89 47 veya 650 01 00 telefonundan ayr\u0131nt\u0131l\u0131 bilgi alabilecekleri belirtildi.<\/p>\n<\/p><\/div>\n<p><script async\n                    defer\n                    crossorigin=\"anonymous\"\n                    src=\"https:\/\/connect.facebook.net\/tr_TR\/sdk.js#xfbml=1&#038;version=v3.3\"\n            ><\/script><\/p>\n","protected":false},"excerpt":{"rendered":"<p>Girne Belediyesi\u2019nin, 3 farkl\u0131 ya\u015f kategorisinden olu\u015fan Gen\u00e7lik Korosu \u00e7al\u0131\u015fmalar\u0131na ba\u015flad\u0131. Belediye\u2019den yap\u0131lan yaz\u0131l\u0131 a\u00e7\u0131klamada, \u00c7ok Sesli Yeti\u015fkin Korosu yan\u0131nda, 9-11 ya\u015f grubu \u00e7ocuklardan olu\u015fan \u00c7ocuk Korosu ve 12-17 ya\u015f grubu gen\u00e7lerden olu\u015fan Gen\u00e7lik Korosu\u2019nun ger\u00e7ekle\u015ftirilen se\u00e7meler sonucunda \u00e7al\u0131\u015fmalar\u0131na ba\u015flad\u0131\u011f\u0131 belirtildi. A\u00e7\u0131klamada, Girne Belediyesi Yeni Hizmet Binas\u0131\u2019nda ba\u015flayan \u00e7al\u0131\u015fmalar\u0131n, tamamen g\u00f6n\u00fcll\u00fclerden olu\u015fan bir ekip y\u00f6netiminde [&hellip;]<\/p>\n","protected":false},"author":1,"featured_media":5640,"comment_status":"open","ping_status":"open","sticky":false,"template":"","format":"standard","meta":{"jnews-multi-image_gallery":[],"jnews_single_post":[],"jnews_primary_category":[],"jnews_social_meta":[],"jnews_override_counter":[],"footnotes":""},"categories":[6],"tags":[],"class_list":["post-5639","post","type-post","status-publish","format-standard","has-post-thumbnail","hentry","category-yasam"],"yoast_head":"<!-- This site is optimized with the Yoast SEO plugin v27.5 - https:\/\/yoast.com\/product\/yoast-seo-wordpress\/ -->\n<title>Girne Belediyesi\u2019nin, 3 farkl\u0131 ya\u015f kategorisinden olu\u015fan Gen\u00e7lik Korosu \u00e7al\u0131\u015fmalara ba\u015flad\u0131 - Kuzeyin Sesi<\/title>\n<meta name=\"robots\" content=\"index, follow, max-snippet:-1, max-image-preview:large, max-video-preview:-1\" \/>\n<link rel=\"canonical\" href=\"https:\/\/kuzeyinsesi.org\/index.php\/2024\/07\/01\/girne-belediyesinin-3-farkli-yas-kategorisinden-olusan-genclik-korosu-calismalara-basladi\/\" \/>\n<meta property=\"og:locale\" content=\"tr_TR\" \/>\n<meta property=\"og:type\" content=\"article\" \/>\n<meta property=\"og:title\" content=\"Girne Belediyesi\u2019nin, 3 farkl\u0131 ya\u015f kategorisinden olu\u015fan Gen\u00e7lik Korosu \u00e7al\u0131\u015fmalara ba\u015flad\u0131 - Kuzeyin Sesi\" \/>\n<meta property=\"og:description\" content=\"Girne Belediyesi\u2019nin, 3 farkl\u0131 ya\u015f kategorisinden olu\u015fan Gen\u00e7lik Korosu \u00e7al\u0131\u015fmalar\u0131na ba\u015flad\u0131. Belediye\u2019den yap\u0131lan yaz\u0131l\u0131 a\u00e7\u0131klamada, \u00c7ok Sesli Yeti\u015fkin Korosu yan\u0131nda, 9-11 ya\u015f grubu \u00e7ocuklardan olu\u015fan \u00c7ocuk Korosu ve 12-17 ya\u015f grubu gen\u00e7lerden olu\u015fan Gen\u00e7lik Korosu\u2019nun ger\u00e7ekle\u015ftirilen se\u00e7meler sonucunda \u00e7al\u0131\u015fmalar\u0131na ba\u015flad\u0131\u011f\u0131 belirtildi. A\u00e7\u0131klamada, Girne Belediyesi Yeni Hizmet Binas\u0131\u2019nda ba\u015flayan \u00e7al\u0131\u015fmalar\u0131n, tamamen g\u00f6n\u00fcll\u00fclerden olu\u015fan bir ekip y\u00f6netiminde [&hellip;]\" \/>\n<meta property=\"og:url\" content=\"https:\/\/kuzeyinsesi.org\/index.php\/2024\/07\/01\/girne-belediyesinin-3-farkli-yas-kategorisinden-olusan-genclik-korosu-calismalara-basladi\/\" \/>\n<meta property=\"og:site_name\" content=\"Kuzeyin Sesi\" \/>\n<meta property=\"article:publisher\" content=\"https:\/\/www.facebook.com\/kuzeyinsesii\" \/>\n<meta property=\"article:published_time\" content=\"2024-07-01T16:18:25+00:00\" \/>\n<meta property=\"og:image\" content=\"https:\/\/kuzeyinsesi.org\/wp-content\/uploads\/2024\/07\/girne-belediyesi-3-4-scaled.jpg\" \/>\n\t<meta property=\"og:image:width\" content=\"2560\" \/>\n\t<meta property=\"og:image:height\" content=\"1707\" \/>\n\t<meta property=\"og:image:type\" content=\"image\/jpeg\" \/>\n<meta name=\"author\" content=\"Kuzeyin Sesi\" \/>\n<meta name=\"twitter:card\" content=\"summary_large_image\" \/>\n<meta name=\"twitter:creator\" content=\"@kuzeyinsesii\" \/>\n<meta name=\"twitter:site\" content=\"@kuzeyinsesii\" \/>\n<meta name=\"twitter:label1\" content=\"Yazan:\" \/>\n\t<meta name=\"twitter:data1\" content=\"Kuzeyin Sesi\" \/>\n\t<meta name=\"twitter:label2\" content=\"Tahmini okuma s\u00fcresi\" \/>\n\t<meta name=\"twitter:data2\" content=\"1 dakika\" \/>\n<script type=\"application\/ld+json\" class=\"yoast-schema-graph\">{\"@context\":\"https:\\\/\\\/schema.org\",\"@graph\":[{\"@type\":\"Article\",\"@id\":\"https:\\\/\\\/kuzeyinsesi.org\\\/index.php\\\/2024\\\/07\\\/01\\\/girne-belediyesinin-3-farkli-yas-kategorisinden-olusan-genclik-korosu-calismalara-basladi\\\/#article\",\"isPartOf\":{\"@id\":\"https:\\\/\\\/kuzeyinsesi.org\\\/index.php\\\/2024\\\/07\\\/01\\\/girne-belediyesinin-3-farkli-yas-kategorisinden-olusan-genclik-korosu-calismalara-basladi\\\/\"},\"author\":{\"name\":\"Kuzeyin Sesi\",\"@id\":\"https:\\\/\\\/kuzeyinsesi.org\\\/#\\\/schema\\\/person\\\/9f859689cdf01485597712386e37f5aa\"},\"headline\":\"Girne Belediyesi\u2019nin, 3 farkl\u0131 ya\u015f kategorisinden olu\u015fan Gen\u00e7lik Korosu \u00e7al\u0131\u015fmalara ba\u015flad\u0131\",\"datePublished\":\"2024-07-01T16:18:25+00:00\",\"mainEntityOfPage\":{\"@id\":\"https:\\\/\\\/kuzeyinsesi.org\\\/index.php\\\/2024\\\/07\\\/01\\\/girne-belediyesinin-3-farkli-yas-kategorisinden-olusan-genclik-korosu-calismalara-basladi\\\/\"},\"wordCount\":176,\"commentCount\":0,\"image\":{\"@id\":\"https:\\\/\\\/kuzeyinsesi.org\\\/index.php\\\/2024\\\/07\\\/01\\\/girne-belediyesinin-3-farkli-yas-kategorisinden-olusan-genclik-korosu-calismalara-basladi\\\/#primaryimage\"},\"thumbnailUrl\":\"https:\\\/\\\/kuzeyinsesi.org\\\/wp-content\\\/uploads\\\/2024\\\/07\\\/girne-belediyesi-3-4-scaled.jpg\",\"articleSection\":[\"Ya\u015fam\"],\"inLanguage\":\"tr\",\"potentialAction\":[{\"@type\":\"CommentAction\",\"name\":\"Comment\",\"target\":[\"https:\\\/\\\/kuzeyinsesi.org\\\/index.php\\\/2024\\\/07\\\/01\\\/girne-belediyesinin-3-farkli-yas-kategorisinden-olusan-genclik-korosu-calismalara-basladi\\\/#respond\"]}]},{\"@type\":\"WebPage\",\"@id\":\"https:\\\/\\\/kuzeyinsesi.org\\\/index.php\\\/2024\\\/07\\\/01\\\/girne-belediyesinin-3-farkli-yas-kategorisinden-olusan-genclik-korosu-calismalara-basladi\\\/\",\"url\":\"https:\\\/\\\/kuzeyinsesi.org\\\/index.php\\\/2024\\\/07\\\/01\\\/girne-belediyesinin-3-farkli-yas-kategorisinden-olusan-genclik-korosu-calismalara-basladi\\\/\",\"name\":\"Girne Belediyesi\u2019nin, 3 farkl\u0131 ya\u015f kategorisinden olu\u015fan Gen\u00e7lik Korosu \u00e7al\u0131\u015fmalara ba\u015flad\u0131 - Kuzeyin Sesi\",\"isPartOf\":{\"@id\":\"https:\\\/\\\/kuzeyinsesi.org\\\/#website\"},\"primaryImageOfPage\":{\"@id\":\"https:\\\/\\\/kuzeyinsesi.org\\\/index.php\\\/2024\\\/07\\\/01\\\/girne-belediyesinin-3-farkli-yas-kategorisinden-olusan-genclik-korosu-calismalara-basladi\\\/#primaryimage\"},\"image\":{\"@id\":\"https:\\\/\\\/kuzeyinsesi.org\\\/index.php\\\/2024\\\/07\\\/01\\\/girne-belediyesinin-3-farkli-yas-kategorisinden-olusan-genclik-korosu-calismalara-basladi\\\/#primaryimage\"},\"thumbnailUrl\":\"https:\\\/\\\/kuzeyinsesi.org\\\/wp-content\\\/uploads\\\/2024\\\/07\\\/girne-belediyesi-3-4-scaled.jpg\",\"datePublished\":\"2024-07-01T16:18:25+00:00\",\"author\":{\"@id\":\"https:\\\/\\\/kuzeyinsesi.org\\\/#\\\/schema\\\/person\\\/9f859689cdf01485597712386e37f5aa\"},\"breadcrumb\":{\"@id\":\"https:\\\/\\\/kuzeyinsesi.org\\\/index.php\\\/2024\\\/07\\\/01\\\/girne-belediyesinin-3-farkli-yas-kategorisinden-olusan-genclik-korosu-calismalara-basladi\\\/#breadcrumb\"},\"inLanguage\":\"tr\",\"potentialAction\":[{\"@type\":\"ReadAction\",\"target\":[\"https:\\\/\\\/kuzeyinsesi.org\\\/index.php\\\/2024\\\/07\\\/01\\\/girne-belediyesinin-3-farkli-yas-kategorisinden-olusan-genclik-korosu-calismalara-basladi\\\/\"]}]},{\"@type\":\"ImageObject\",\"inLanguage\":\"tr\",\"@id\":\"https:\\\/\\\/kuzeyinsesi.org\\\/index.php\\\/2024\\\/07\\\/01\\\/girne-belediyesinin-3-farkli-yas-kategorisinden-olusan-genclik-korosu-calismalara-basladi\\\/#primaryimage\",\"url\":\"https:\\\/\\\/kuzeyinsesi.org\\\/wp-content\\\/uploads\\\/2024\\\/07\\\/girne-belediyesi-3-4-scaled.jpg\",\"contentUrl\":\"https:\\\/\\\/kuzeyinsesi.org\\\/wp-content\\\/uploads\\\/2024\\\/07\\\/girne-belediyesi-3-4-scaled.jpg\",\"width\":2560,\"height\":1707},{\"@type\":\"BreadcrumbList\",\"@id\":\"https:\\\/\\\/kuzeyinsesi.org\\\/index.php\\\/2024\\\/07\\\/01\\\/girne-belediyesinin-3-farkli-yas-kategorisinden-olusan-genclik-korosu-calismalara-basladi\\\/#breadcrumb\",\"itemListElement\":[{\"@type\":\"ListItem\",\"position\":1,\"name\":\"Anasayfa\",\"item\":\"https:\\\/\\\/kuzeyinsesi.org\\\/\"},{\"@type\":\"ListItem\",\"position\":2,\"name\":\"Girne Belediyesi\u2019nin, 3 farkl\u0131 ya\u015f kategorisinden olu\u015fan Gen\u00e7lik Korosu \u00e7al\u0131\u015fmalara ba\u015flad\u0131\"}]},{\"@type\":\"WebSite\",\"@id\":\"https:\\\/\\\/kuzeyinsesi.org\\\/#website\",\"url\":\"https:\\\/\\\/kuzeyinsesi.org\\\/\",\"name\":\"Kuzeyin Sesi\",\"description\":\"Do\u011fru Haberin Adresi\",\"potentialAction\":[{\"@type\":\"SearchAction\",\"target\":{\"@type\":\"EntryPoint\",\"urlTemplate\":\"https:\\\/\\\/kuzeyinsesi.org\\\/?s={search_term_string}\"},\"query-input\":{\"@type\":\"PropertyValueSpecification\",\"valueRequired\":true,\"valueName\":\"search_term_string\"}}],\"inLanguage\":\"tr\"},{\"@type\":\"Person\",\"@id\":\"https:\\\/\\\/kuzeyinsesi.org\\\/#\\\/schema\\\/person\\\/9f859689cdf01485597712386e37f5aa\",\"name\":\"Kuzeyin Sesi\",\"image\":{\"@type\":\"ImageObject\",\"inLanguage\":\"tr\",\"@id\":\"https:\\\/\\\/secure.gravatar.com\\\/avatar\\\/bab33852abfd8b282518d6ed81826833d77c3c882d9ab608add591ccace47a44?s=96&d=mm&r=g\",\"url\":\"https:\\\/\\\/secure.gravatar.com\\\/avatar\\\/bab33852abfd8b282518d6ed81826833d77c3c882d9ab608add591ccace47a44?s=96&d=mm&r=g\",\"contentUrl\":\"https:\\\/\\\/secure.gravatar.com\\\/avatar\\\/bab33852abfd8b282518d6ed81826833d77c3c882d9ab608add591ccace47a44?s=96&d=mm&r=g\",\"caption\":\"Kuzeyin Sesi\"},\"sameAs\":[\"https:\\\/\\\/kuzeyinsesi.org\"],\"url\":\"https:\\\/\\\/kuzeyinsesi.org\\\/index.php\\\/author\\\/guven\\\/\"}]}<\/script>\n<!-- \/ Yoast SEO plugin. -->","yoast_head_json":{"title":"Girne Belediyesi\u2019nin, 3 farkl\u0131 ya\u015f kategorisinden olu\u015fan Gen\u00e7lik Korosu \u00e7al\u0131\u015fmalara ba\u015flad\u0131 - Kuzeyin Sesi","robots":{"index":"index","follow":"follow","max-snippet":"max-snippet:-1","max-image-preview":"max-image-preview:large","max-video-preview":"max-video-preview:-1"},"canonical":"https:\/\/kuzeyinsesi.org\/index.php\/2024\/07\/01\/girne-belediyesinin-3-farkli-yas-kategorisinden-olusan-genclik-korosu-calismalara-basladi\/","og_locale":"tr_TR","og_type":"article","og_title":"Girne Belediyesi\u2019nin, 3 farkl\u0131 ya\u015f kategorisinden olu\u015fan Gen\u00e7lik Korosu \u00e7al\u0131\u015fmalara ba\u015flad\u0131 - Kuzeyin Sesi","og_description":"Girne Belediyesi\u2019nin, 3 farkl\u0131 ya\u015f kategorisinden olu\u015fan Gen\u00e7lik Korosu \u00e7al\u0131\u015fmalar\u0131na ba\u015flad\u0131. Belediye\u2019den yap\u0131lan yaz\u0131l\u0131 a\u00e7\u0131klamada, \u00c7ok Sesli Yeti\u015fkin Korosu yan\u0131nda, 9-11 ya\u015f grubu \u00e7ocuklardan olu\u015fan \u00c7ocuk Korosu ve 12-17 ya\u015f grubu gen\u00e7lerden olu\u015fan Gen\u00e7lik Korosu\u2019nun ger\u00e7ekle\u015ftirilen se\u00e7meler sonucunda \u00e7al\u0131\u015fmalar\u0131na ba\u015flad\u0131\u011f\u0131 belirtildi. A\u00e7\u0131klamada, Girne Belediyesi Yeni Hizmet Binas\u0131\u2019nda ba\u015flayan \u00e7al\u0131\u015fmalar\u0131n, tamamen g\u00f6n\u00fcll\u00fclerden olu\u015fan bir ekip y\u00f6netiminde [&hellip;]","og_url":"https:\/\/kuzeyinsesi.org\/index.php\/2024\/07\/01\/girne-belediyesinin-3-farkli-yas-kategorisinden-olusan-genclik-korosu-calismalara-basladi\/","og_site_name":"Kuzeyin Sesi","article_publisher":"https:\/\/www.facebook.com\/kuzeyinsesii","article_published_time":"2024-07-01T16:18:25+00:00","og_image":[{"width":2560,"height":1707,"url":"https:\/\/kuzeyinsesi.org\/wp-content\/uploads\/2024\/07\/girne-belediyesi-3-4-scaled.jpg","type":"image\/jpeg"}],"author":"Kuzeyin Sesi","twitter_card":"summary_large_image","twitter_creator":"@kuzeyinsesii","twitter_site":"@kuzeyinsesii","twitter_misc":{"Yazan:":"Kuzeyin Sesi","Tahmini okuma s\u00fcresi":"1 dakika"},"schema":{"@context":"https:\/\/schema.org","@graph":[{"@type":"Article","@id":"https:\/\/kuzeyinsesi.org\/index.php\/2024\/07\/01\/girne-belediyesinin-3-farkli-yas-kategorisinden-olusan-genclik-korosu-calismalara-basladi\/#article","isPartOf":{"@id":"https:\/\/kuzeyinsesi.org\/index.php\/2024\/07\/01\/girne-belediyesinin-3-farkli-yas-kategorisinden-olusan-genclik-korosu-calismalara-basladi\/"},"author":{"name":"Kuzeyin Sesi","@id":"https:\/\/kuzeyinsesi.org\/#\/schema\/person\/9f859689cdf01485597712386e37f5aa"},"headline":"Girne Belediyesi\u2019nin, 3 farkl\u0131 ya\u015f kategorisinden olu\u015fan Gen\u00e7lik Korosu \u00e7al\u0131\u015fmalara ba\u015flad\u0131","datePublished":"2024-07-01T16:18:25+00:00","mainEntityOfPage":{"@id":"https:\/\/kuzeyinsesi.org\/index.php\/2024\/07\/01\/girne-belediyesinin-3-farkli-yas-kategorisinden-olusan-genclik-korosu-calismalara-basladi\/"},"wordCount":176,"commentCount":0,"image":{"@id":"https:\/\/kuzeyinsesi.org\/index.php\/2024\/07\/01\/girne-belediyesinin-3-farkli-yas-kategorisinden-olusan-genclik-korosu-calismalara-basladi\/#primaryimage"},"thumbnailUrl":"https:\/\/kuzeyinsesi.org\/wp-content\/uploads\/2024\/07\/girne-belediyesi-3-4-scaled.jpg","articleSection":["Ya\u015fam"],"inLanguage":"tr","potentialAction":[{"@type":"CommentAction","name":"Comment","target":["https:\/\/kuzeyinsesi.org\/index.php\/2024\/07\/01\/girne-belediyesinin-3-farkli-yas-kategorisinden-olusan-genclik-korosu-calismalara-basladi\/#respond"]}]},{"@type":"WebPage","@id":"https:\/\/kuzeyinsesi.org\/index.php\/2024\/07\/01\/girne-belediyesinin-3-farkli-yas-kategorisinden-olusan-genclik-korosu-calismalara-basladi\/","url":"https:\/\/kuzeyinsesi.org\/index.php\/2024\/07\/01\/girne-belediyesinin-3-farkli-yas-kategorisinden-olusan-genclik-korosu-calismalara-basladi\/","name":"Girne Belediyesi\u2019nin, 3 farkl\u0131 ya\u015f kategorisinden olu\u015fan Gen\u00e7lik Korosu \u00e7al\u0131\u015fmalara ba\u015flad\u0131 - Kuzeyin Sesi","isPartOf":{"@id":"https:\/\/kuzeyinsesi.org\/#website"},"primaryImageOfPage":{"@id":"https:\/\/kuzeyinsesi.org\/index.php\/2024\/07\/01\/girne-belediyesinin-3-farkli-yas-kategorisinden-olusan-genclik-korosu-calismalara-basladi\/#primaryimage"},"image":{"@id":"https:\/\/kuzeyinsesi.org\/index.php\/2024\/07\/01\/girne-belediyesinin-3-farkli-yas-kategorisinden-olusan-genclik-korosu-calismalara-basladi\/#primaryimage"},"thumbnailUrl":"https:\/\/kuzeyinsesi.org\/wp-content\/uploads\/2024\/07\/girne-belediyesi-3-4-scaled.jpg","datePublished":"2024-07-01T16:18:25+00:00","author":{"@id":"https:\/\/kuzeyinsesi.org\/#\/schema\/person\/9f859689cdf01485597712386e37f5aa"},"breadcrumb":{"@id":"https:\/\/kuzeyinsesi.org\/index.php\/2024\/07\/01\/girne-belediyesinin-3-farkli-yas-kategorisinden-olusan-genclik-korosu-calismalara-basladi\/#breadcrumb"},"inLanguage":"tr","potentialAction":[{"@type":"ReadAction","target":["https:\/\/kuzeyinsesi.org\/index.php\/2024\/07\/01\/girne-belediyesinin-3-farkli-yas-kategorisinden-olusan-genclik-korosu-calismalara-basladi\/"]}]},{"@type":"ImageObject","inLanguage":"tr","@id":"https:\/\/kuzeyinsesi.org\/index.php\/2024\/07\/01\/girne-belediyesinin-3-farkli-yas-kategorisinden-olusan-genclik-korosu-calismalara-basladi\/#primaryimage","url":"https:\/\/kuzeyinsesi.org\/wp-content\/uploads\/2024\/07\/girne-belediyesi-3-4-scaled.jpg","contentUrl":"https:\/\/kuzeyinsesi.org\/wp-content\/uploads\/2024\/07\/girne-belediyesi-3-4-scaled.jpg","width":2560,"height":1707},{"@type":"BreadcrumbList","@id":"https:\/\/kuzeyinsesi.org\/index.php\/2024\/07\/01\/girne-belediyesinin-3-farkli-yas-kategorisinden-olusan-genclik-korosu-calismalara-basladi\/#breadcrumb","itemListElement":[{"@type":"ListItem","position":1,"name":"Anasayfa","item":"https:\/\/kuzeyinsesi.org\/"},{"@type":"ListItem","position":2,"name":"Girne Belediyesi\u2019nin, 3 farkl\u0131 ya\u015f kategorisinden olu\u015fan Gen\u00e7lik Korosu \u00e7al\u0131\u015fmalara ba\u015flad\u0131"}]},{"@type":"WebSite","@id":"https:\/\/kuzeyinsesi.org\/#website","url":"https:\/\/kuzeyinsesi.org\/","name":"Kuzeyin Sesi","description":"Do\u011fru Haberin Adresi","potentialAction":[{"@type":"SearchAction","target":{"@type":"EntryPoint","urlTemplate":"https:\/\/kuzeyinsesi.org\/?s={search_term_string}"},"query-input":{"@type":"PropertyValueSpecification","valueRequired":true,"valueName":"search_term_string"}}],"inLanguage":"tr"},{"@type":"Person","@id":"https:\/\/kuzeyinsesi.org\/#\/schema\/person\/9f859689cdf01485597712386e37f5aa","name":"Kuzeyin Sesi","image":{"@type":"ImageObject","inLanguage":"tr","@id":"https:\/\/secure.gravatar.com\/avatar\/bab33852abfd8b282518d6ed81826833d77c3c882d9ab608add591ccace47a44?s=96&d=mm&r=g","url":"https:\/\/secure.gravatar.com\/avatar\/bab33852abfd8b282518d6ed81826833d77c3c882d9ab608add591ccace47a44?s=96&d=mm&r=g","contentUrl":"https:\/\/secure.gravatar.com\/avatar\/bab33852abfd8b282518d6ed81826833d77c3c882d9ab608add591ccace47a44?s=96&d=mm&r=g","caption":"Kuzeyin Sesi"},"sameAs":["https:\/\/kuzeyinsesi.org"],"url":"https:\/\/kuzeyinsesi.org\/index.php\/author\/guven\/"}]}},"_links":{"self":[{"href":"https:\/\/kuzeyinsesi.org\/index.php\/wp-json\/wp\/v2\/posts\/5639","targetHints":{"allow":["GET"]}}],"collection":[{"href":"https:\/\/kuzeyinsesi.org\/index.php\/wp-json\/wp\/v2\/posts"}],"about":[{"href":"https:\/\/kuzeyinsesi.org\/index.php\/wp-json\/wp\/v2\/types\/post"}],"author":[{"embeddable":true,"href":"https:\/\/kuzeyinsesi.org\/index.php\/wp-json\/wp\/v2\/users\/1"}],"replies":[{"embeddable":true,"href":"https:\/\/kuzeyinsesi.org\/index.php\/wp-json\/wp\/v2\/comments?post=5639"}],"version-history":[{"count":0,"href":"https:\/\/kuzeyinsesi.org\/index.php\/wp-json\/wp\/v2\/posts\/5639\/revisions"}],"wp:featuredmedia":[{"embeddable":true,"href":"https:\/\/kuzeyinsesi.org\/index.php\/wp-json\/wp\/v2\/media\/5640"}],"wp:attachment":[{"href":"https:\/\/kuzeyinsesi.org\/index.php\/wp-json\/wp\/v2\/media?parent=5639"}],"wp:term":[{"taxonomy":"category","embeddable":true,"href":"https:\/\/kuzeyinsesi.org\/index.php\/wp-json\/wp\/v2\/categories?post=5639"},{"taxonomy":"post_tag","embeddable":true,"href":"https:\/\/kuzeyinsesi.org\/index.php\/wp-json\/wp\/v2\/tags?post=5639"}],"curies":[{"name":"wp","href":"https:\/\/api.w.org\/{rel}","templated":true}]}}