{"id":5631,"date":"2024-07-01T18:16:32","date_gmt":"2024-07-01T15:16:32","guid":{"rendered":"https:\/\/kuzeyinsesi.com\/index.php\/2024\/07\/01\/13-uluslararasi-karikatur-ve-mizah-senligi-yarismasi-2024-secici-kurulu-tanitildi\/"},"modified":"2024-07-01T18:16:32","modified_gmt":"2024-07-01T15:16:32","slug":"13-uluslararasi-karikatur-ve-mizah-senligi-yarismasi-2024-secici-kurulu-tanitildi","status":"publish","type":"post","link":"https:\/\/kuzeyinsesi.org\/index.php\/2024\/07\/01\/13-uluslararasi-karikatur-ve-mizah-senligi-yarismasi-2024-secici-kurulu-tanitildi\/","title":{"rendered":"13.Uluslararas\u0131 Karikat\u00fcr ve Mizah \u015eenli\u011fi Yar\u0131\u015fmas\u0131 2024 Se\u00e7ici Kurulu tan\u0131t\u0131ld\u0131"},"content":{"rendered":"<div>\n<div class=\"mariselle-image-container center\">\n                                            <\/div>\n<p>\nGirne Belediyesi ile K\u0131br\u0131s T\u00fcrk Karikat\u00fcrc\u00fcler Derne\u011fi taraf\u0131ndan geleneksel olarak bu y\u0131l 13\u2019\u00fcnc\u00fcs\u00fc d\u00fczenlenen Uluslararas\u0131 Karikat\u00fcr ve Mizah \u015eenli\u011fi Yar\u0131\u015fmas\u0131 2024 Se\u00e7ici Kurul \u00e7al\u0131\u015fmalar\u0131 ba\u015flad\u0131.<\/p>\n<p>Belediyeden yap\u0131lan a\u00e7\u0131klamaya g\u00f6re, 23.Uluslararas\u0131 Zeytin Festivali kapsam\u0131nda d\u00fczenlenenUluslararas\u0131 Karikat\u00fcr ve Mizah \u015eenli\u011fi Yar\u0131\u015fmas\u0131 J\u00fcrisi bug\u00fcn Dome Otel\u2019de yer alan bas\u0131n toplant\u0131s\u0131 ile tan\u0131t\u0131ld\u0131.<\/p>\n<p>Bas\u0131n toplant\u0131s\u0131na, Girne Belediyesi Meclis \u00dcyeleri Ali Tektan, H\u00fcseyin \u00c7ak\u0131r, Mete \u00dcnal Girgen, Kani Medo \u00c7a\u011fla, Ziya Egemen Sencer\u2019in yan\u0131 s\u0131ra Girne Belediye M\u00fcd\u00fcr\u00fc H\u00fcseyin K\u00f6le ve Ba\u015fkan Dan\u0131\u015fman\u0131 Mustafa \u0130lgen ile K\u0131br\u0131s T\u00fcrk Karikat\u00fcrc\u00fcler Derne\u011fi Y\u00f6netim Kurulu \u00dcyesi H\u00fcseyin \u00c7akmak ve Musa Kayra kat\u0131ld\u0131.<\/p>\n<p>Toplant\u0131da bu y\u0131l d\u00fczenlenecek yar\u0131\u015fma hakk\u0131nda bilgi verildi. Bu y\u0131l ilk kez siyah beyaz \u00e7izimlerin de\u011ferlendirmeye \u00e7a\u011fr\u0131ld\u0131\u011f\u0131 yar\u0131\u015fmada, toplam 543 eser 4 Temmuz\u2019a tarihine kadar de\u011ferlendirmeye al\u0131nacak.<\/p>\n<div class=\"mariselle-image-container center\">\n                <img decoding=\"async\" width=\"1599\" height=\"899\" class=\"lazy-image\" alt=\"\" sizes=\"(max-width: 1599px) 100vw, 1599px\" src=\"https:\/\/brtk.net\/wp-content\/uploads\/2024\/07\/01\/JK-22.jpg?ver=be640ec97d08448f7df41b8fefa90080\" srcset=\"https:\/\/brtk.net\/wp-content\/uploads\/2024\/07\/01\/JK-22.jpg?ver=be640ec97d08448f7df41b8fefa90080 1599w, https:\/\/brtk.net\/wp-content\/uploads\/2024\/07\/01\/JK-22-300x169.jpg?ver=d5b1121fa90a6c3364c0b56d9d3a6c5c 300w, https:\/\/brtk.net\/wp-content\/uploads\/2024\/07\/01\/JK-22-1024x576.jpg?ver=d5b1121fa90a6c3364c0b56d9d3a6c5c 1024w, https:\/\/brtk.net\/wp-content\/uploads\/2024\/07\/01\/JK-22-768x432.jpg?ver=d5b1121fa90a6c3364c0b56d9d3a6c5c 768w, https:\/\/brtk.net\/wp-content\/uploads\/2024\/07\/01\/JK-22-1536x864.jpg?ver=922756228cf6e0d6cd3668ef909c60b1 1536w\"\/>                            <\/div>\n<p>\nBu y\u0131l eserler K\u0131br\u0131s T\u00fcrk Karikat\u00fcrc\u00fcler Derne\u011fi \u00fcyeleri Serhan Gazio\u011flu, H\u00fcseyin \u00c7akmak, Musa Kayra, Elif Atamaz, Zafer Tutkulu\u2019nun yan\u0131 s\u0131ra Ukrayna\u2019dan Sergii Riabokon, Olena Tsuranova ve T\u00fcrkiye\u2019den Kemal \u00d6zyurt ile Fahriye \u00c7\u0131takl\u0131 taraf\u0131ndan de\u011ferlendirilecek.<\/p>\n<p>Her y\u0131l oldu\u011fu gibi bu y\u0131l da Girne Belediye Ba\u015fkan\u0131 Murat \u015eenkul Onursal Ba\u015fkan olarak j\u00fcride yer alacak.<\/p>\n<p><strong>-40 \u00fclkeden 543 eser<\/strong><\/p>\n<p>Yar\u0131\u015fmada, \u201cZeytin\u201d ve \u201cSerbest\u201d konulu olmak \u00fczere 40 \u00fclkeden 149 \u00e7izerin kat\u0131l\u0131m\u0131yla 543 eser de\u011ferlendirmeye al\u0131nacak.<\/p>\n<\/p><\/div>\n<p><script async\n                    defer\n                    crossorigin=\"anonymous\"\n                    src=\"https:\/\/connect.facebook.net\/tr_TR\/sdk.js#xfbml=1&#038;version=v3.3\"\n            ><\/script><\/p>\n","protected":false},"excerpt":{"rendered":"<p>Girne Belediyesi ile K\u0131br\u0131s T\u00fcrk Karikat\u00fcrc\u00fcler Derne\u011fi taraf\u0131ndan geleneksel olarak bu y\u0131l 13\u2019\u00fcnc\u00fcs\u00fc d\u00fczenlenen Uluslararas\u0131 Karikat\u00fcr ve Mizah \u015eenli\u011fi Yar\u0131\u015fmas\u0131 2024 Se\u00e7ici Kurul \u00e7al\u0131\u015fmalar\u0131 ba\u015flad\u0131. Belediyeden yap\u0131lan a\u00e7\u0131klamaya g\u00f6re, 23.Uluslararas\u0131 Zeytin Festivali kapsam\u0131nda d\u00fczenlenenUluslararas\u0131 Karikat\u00fcr ve Mizah \u015eenli\u011fi Yar\u0131\u015fmas\u0131 J\u00fcrisi bug\u00fcn Dome Otel\u2019de yer alan bas\u0131n toplant\u0131s\u0131 ile tan\u0131t\u0131ld\u0131. Bas\u0131n toplant\u0131s\u0131na, Girne Belediyesi Meclis \u00dcyeleri [&hellip;]<\/p>\n","protected":false},"author":1,"featured_media":5632,"comment_status":"open","ping_status":"open","sticky":false,"template":"","format":"standard","meta":{"jnews-multi-image_gallery":[],"jnews_single_post":[],"jnews_primary_category":[],"jnews_social_meta":[],"jnews_override_counter":[],"footnotes":""},"categories":[6],"tags":[],"class_list":["post-5631","post","type-post","status-publish","format-standard","has-post-thumbnail","hentry","category-yasam"],"yoast_head":"<!-- This site is optimized with the Yoast SEO plugin v27.5 - https:\/\/yoast.com\/product\/yoast-seo-wordpress\/ -->\n<title>13.Uluslararas\u0131 Karikat\u00fcr ve Mizah \u015eenli\u011fi Yar\u0131\u015fmas\u0131 2024 Se\u00e7ici Kurulu tan\u0131t\u0131ld\u0131 - Kuzeyin Sesi<\/title>\n<meta name=\"robots\" content=\"index, follow, max-snippet:-1, max-image-preview:large, max-video-preview:-1\" \/>\n<link rel=\"canonical\" href=\"https:\/\/kuzeyinsesi.org\/index.php\/2024\/07\/01\/13-uluslararasi-karikatur-ve-mizah-senligi-yarismasi-2024-secici-kurulu-tanitildi\/\" \/>\n<meta property=\"og:locale\" content=\"tr_TR\" \/>\n<meta property=\"og:type\" content=\"article\" \/>\n<meta property=\"og:title\" content=\"13.Uluslararas\u0131 Karikat\u00fcr ve Mizah \u015eenli\u011fi Yar\u0131\u015fmas\u0131 2024 Se\u00e7ici Kurulu tan\u0131t\u0131ld\u0131 - Kuzeyin Sesi\" \/>\n<meta property=\"og:description\" content=\"Girne Belediyesi ile K\u0131br\u0131s T\u00fcrk Karikat\u00fcrc\u00fcler Derne\u011fi taraf\u0131ndan geleneksel olarak bu y\u0131l 13\u2019\u00fcnc\u00fcs\u00fc d\u00fczenlenen Uluslararas\u0131 Karikat\u00fcr ve Mizah \u015eenli\u011fi Yar\u0131\u015fmas\u0131 2024 Se\u00e7ici Kurul \u00e7al\u0131\u015fmalar\u0131 ba\u015flad\u0131. Belediyeden yap\u0131lan a\u00e7\u0131klamaya g\u00f6re, 23.Uluslararas\u0131 Zeytin Festivali kapsam\u0131nda d\u00fczenlenenUluslararas\u0131 Karikat\u00fcr ve Mizah \u015eenli\u011fi Yar\u0131\u015fmas\u0131 J\u00fcrisi bug\u00fcn Dome Otel\u2019de yer alan bas\u0131n toplant\u0131s\u0131 ile tan\u0131t\u0131ld\u0131. Bas\u0131n toplant\u0131s\u0131na, Girne Belediyesi Meclis \u00dcyeleri [&hellip;]\" \/>\n<meta property=\"og:url\" content=\"https:\/\/kuzeyinsesi.org\/index.php\/2024\/07\/01\/13-uluslararasi-karikatur-ve-mizah-senligi-yarismasi-2024-secici-kurulu-tanitildi\/\" \/>\n<meta property=\"og:site_name\" content=\"Kuzeyin Sesi\" \/>\n<meta property=\"article:publisher\" content=\"https:\/\/www.facebook.com\/kuzeyinsesii\" \/>\n<meta property=\"article:published_time\" content=\"2024-07-01T15:16:32+00:00\" \/>\n<meta property=\"og:image\" content=\"https:\/\/kuzeyinsesi.org\/wp-content\/uploads\/2024\/07\/girne-karikatur-2-1-scaled.jpg\" \/>\n\t<meta property=\"og:image:width\" content=\"2560\" \/>\n\t<meta property=\"og:image:height\" content=\"1711\" \/>\n\t<meta property=\"og:image:type\" content=\"image\/jpeg\" \/>\n<meta name=\"author\" content=\"Kuzeyin Sesi\" \/>\n<meta name=\"twitter:card\" content=\"summary_large_image\" \/>\n<meta name=\"twitter:creator\" content=\"@kuzeyinsesii\" \/>\n<meta name=\"twitter:site\" content=\"@kuzeyinsesii\" \/>\n<meta name=\"twitter:label1\" content=\"Yazan:\" \/>\n\t<meta name=\"twitter:data1\" content=\"Kuzeyin Sesi\" \/>\n\t<meta name=\"twitter:label2\" content=\"Tahmini okuma s\u00fcresi\" \/>\n\t<meta name=\"twitter:data2\" content=\"1 dakika\" \/>\n<script type=\"application\/ld+json\" class=\"yoast-schema-graph\">{\"@context\":\"https:\\\/\\\/schema.org\",\"@graph\":[{\"@type\":\"Article\",\"@id\":\"https:\\\/\\\/kuzeyinsesi.org\\\/index.php\\\/2024\\\/07\\\/01\\\/13-uluslararasi-karikatur-ve-mizah-senligi-yarismasi-2024-secici-kurulu-tanitildi\\\/#article\",\"isPartOf\":{\"@id\":\"https:\\\/\\\/kuzeyinsesi.org\\\/index.php\\\/2024\\\/07\\\/01\\\/13-uluslararasi-karikatur-ve-mizah-senligi-yarismasi-2024-secici-kurulu-tanitildi\\\/\"},\"author\":{\"name\":\"Kuzeyin Sesi\",\"@id\":\"https:\\\/\\\/kuzeyinsesi.org\\\/#\\\/schema\\\/person\\\/9f859689cdf01485597712386e37f5aa\"},\"headline\":\"13.Uluslararas\u0131 Karikat\u00fcr ve Mizah \u015eenli\u011fi Yar\u0131\u015fmas\u0131 2024 Se\u00e7ici Kurulu tan\u0131t\u0131ld\u0131\",\"datePublished\":\"2024-07-01T15:16:32+00:00\",\"mainEntityOfPage\":{\"@id\":\"https:\\\/\\\/kuzeyinsesi.org\\\/index.php\\\/2024\\\/07\\\/01\\\/13-uluslararasi-karikatur-ve-mizah-senligi-yarismasi-2024-secici-kurulu-tanitildi\\\/\"},\"wordCount\":296,\"commentCount\":0,\"image\":{\"@id\":\"https:\\\/\\\/kuzeyinsesi.org\\\/index.php\\\/2024\\\/07\\\/01\\\/13-uluslararasi-karikatur-ve-mizah-senligi-yarismasi-2024-secici-kurulu-tanitildi\\\/#primaryimage\"},\"thumbnailUrl\":\"https:\\\/\\\/kuzeyinsesi.org\\\/wp-content\\\/uploads\\\/2024\\\/07\\\/girne-karikatur-2-1-scaled.jpg\",\"articleSection\":[\"Ya\u015fam\"],\"inLanguage\":\"tr\",\"potentialAction\":[{\"@type\":\"CommentAction\",\"name\":\"Comment\",\"target\":[\"https:\\\/\\\/kuzeyinsesi.org\\\/index.php\\\/2024\\\/07\\\/01\\\/13-uluslararasi-karikatur-ve-mizah-senligi-yarismasi-2024-secici-kurulu-tanitildi\\\/#respond\"]}]},{\"@type\":\"WebPage\",\"@id\":\"https:\\\/\\\/kuzeyinsesi.org\\\/index.php\\\/2024\\\/07\\\/01\\\/13-uluslararasi-karikatur-ve-mizah-senligi-yarismasi-2024-secici-kurulu-tanitildi\\\/\",\"url\":\"https:\\\/\\\/kuzeyinsesi.org\\\/index.php\\\/2024\\\/07\\\/01\\\/13-uluslararasi-karikatur-ve-mizah-senligi-yarismasi-2024-secici-kurulu-tanitildi\\\/\",\"name\":\"13.Uluslararas\u0131 Karikat\u00fcr ve Mizah \u015eenli\u011fi Yar\u0131\u015fmas\u0131 2024 Se\u00e7ici Kurulu tan\u0131t\u0131ld\u0131 - Kuzeyin Sesi\",\"isPartOf\":{\"@id\":\"https:\\\/\\\/kuzeyinsesi.org\\\/#website\"},\"primaryImageOfPage\":{\"@id\":\"https:\\\/\\\/kuzeyinsesi.org\\\/index.php\\\/2024\\\/07\\\/01\\\/13-uluslararasi-karikatur-ve-mizah-senligi-yarismasi-2024-secici-kurulu-tanitildi\\\/#primaryimage\"},\"image\":{\"@id\":\"https:\\\/\\\/kuzeyinsesi.org\\\/index.php\\\/2024\\\/07\\\/01\\\/13-uluslararasi-karikatur-ve-mizah-senligi-yarismasi-2024-secici-kurulu-tanitildi\\\/#primaryimage\"},\"thumbnailUrl\":\"https:\\\/\\\/kuzeyinsesi.org\\\/wp-content\\\/uploads\\\/2024\\\/07\\\/girne-karikatur-2-1-scaled.jpg\",\"datePublished\":\"2024-07-01T15:16:32+00:00\",\"author\":{\"@id\":\"https:\\\/\\\/kuzeyinsesi.org\\\/#\\\/schema\\\/person\\\/9f859689cdf01485597712386e37f5aa\"},\"breadcrumb\":{\"@id\":\"https:\\\/\\\/kuzeyinsesi.org\\\/index.php\\\/2024\\\/07\\\/01\\\/13-uluslararasi-karikatur-ve-mizah-senligi-yarismasi-2024-secici-kurulu-tanitildi\\\/#breadcrumb\"},\"inLanguage\":\"tr\",\"potentialAction\":[{\"@type\":\"ReadAction\",\"target\":[\"https:\\\/\\\/kuzeyinsesi.org\\\/index.php\\\/2024\\\/07\\\/01\\\/13-uluslararasi-karikatur-ve-mizah-senligi-yarismasi-2024-secici-kurulu-tanitildi\\\/\"]}]},{\"@type\":\"ImageObject\",\"inLanguage\":\"tr\",\"@id\":\"https:\\\/\\\/kuzeyinsesi.org\\\/index.php\\\/2024\\\/07\\\/01\\\/13-uluslararasi-karikatur-ve-mizah-senligi-yarismasi-2024-secici-kurulu-tanitildi\\\/#primaryimage\",\"url\":\"https:\\\/\\\/kuzeyinsesi.org\\\/wp-content\\\/uploads\\\/2024\\\/07\\\/girne-karikatur-2-1-scaled.jpg\",\"contentUrl\":\"https:\\\/\\\/kuzeyinsesi.org\\\/wp-content\\\/uploads\\\/2024\\\/07\\\/girne-karikatur-2-1-scaled.jpg\",\"width\":2560,\"height\":1711},{\"@type\":\"BreadcrumbList\",\"@id\":\"https:\\\/\\\/kuzeyinsesi.org\\\/index.php\\\/2024\\\/07\\\/01\\\/13-uluslararasi-karikatur-ve-mizah-senligi-yarismasi-2024-secici-kurulu-tanitildi\\\/#breadcrumb\",\"itemListElement\":[{\"@type\":\"ListItem\",\"position\":1,\"name\":\"Anasayfa\",\"item\":\"https:\\\/\\\/kuzeyinsesi.org\\\/\"},{\"@type\":\"ListItem\",\"position\":2,\"name\":\"13.Uluslararas\u0131 Karikat\u00fcr ve Mizah \u015eenli\u011fi Yar\u0131\u015fmas\u0131 2024 Se\u00e7ici Kurulu tan\u0131t\u0131ld\u0131\"}]},{\"@type\":\"WebSite\",\"@id\":\"https:\\\/\\\/kuzeyinsesi.org\\\/#website\",\"url\":\"https:\\\/\\\/kuzeyinsesi.org\\\/\",\"name\":\"Kuzeyin Sesi\",\"description\":\"Do\u011fru Haberin Adresi\",\"potentialAction\":[{\"@type\":\"SearchAction\",\"target\":{\"@type\":\"EntryPoint\",\"urlTemplate\":\"https:\\\/\\\/kuzeyinsesi.org\\\/?s={search_term_string}\"},\"query-input\":{\"@type\":\"PropertyValueSpecification\",\"valueRequired\":true,\"valueName\":\"search_term_string\"}}],\"inLanguage\":\"tr\"},{\"@type\":\"Person\",\"@id\":\"https:\\\/\\\/kuzeyinsesi.org\\\/#\\\/schema\\\/person\\\/9f859689cdf01485597712386e37f5aa\",\"name\":\"Kuzeyin Sesi\",\"image\":{\"@type\":\"ImageObject\",\"inLanguage\":\"tr\",\"@id\":\"https:\\\/\\\/secure.gravatar.com\\\/avatar\\\/bab33852abfd8b282518d6ed81826833d77c3c882d9ab608add591ccace47a44?s=96&d=mm&r=g\",\"url\":\"https:\\\/\\\/secure.gravatar.com\\\/avatar\\\/bab33852abfd8b282518d6ed81826833d77c3c882d9ab608add591ccace47a44?s=96&d=mm&r=g\",\"contentUrl\":\"https:\\\/\\\/secure.gravatar.com\\\/avatar\\\/bab33852abfd8b282518d6ed81826833d77c3c882d9ab608add591ccace47a44?s=96&d=mm&r=g\",\"caption\":\"Kuzeyin Sesi\"},\"sameAs\":[\"https:\\\/\\\/kuzeyinsesi.org\"],\"url\":\"https:\\\/\\\/kuzeyinsesi.org\\\/index.php\\\/author\\\/guven\\\/\"}]}<\/script>\n<!-- \/ Yoast SEO plugin. -->","yoast_head_json":{"title":"13.Uluslararas\u0131 Karikat\u00fcr ve Mizah \u015eenli\u011fi Yar\u0131\u015fmas\u0131 2024 Se\u00e7ici Kurulu tan\u0131t\u0131ld\u0131 - Kuzeyin Sesi","robots":{"index":"index","follow":"follow","max-snippet":"max-snippet:-1","max-image-preview":"max-image-preview:large","max-video-preview":"max-video-preview:-1"},"canonical":"https:\/\/kuzeyinsesi.org\/index.php\/2024\/07\/01\/13-uluslararasi-karikatur-ve-mizah-senligi-yarismasi-2024-secici-kurulu-tanitildi\/","og_locale":"tr_TR","og_type":"article","og_title":"13.Uluslararas\u0131 Karikat\u00fcr ve Mizah \u015eenli\u011fi Yar\u0131\u015fmas\u0131 2024 Se\u00e7ici Kurulu tan\u0131t\u0131ld\u0131 - Kuzeyin Sesi","og_description":"Girne Belediyesi ile K\u0131br\u0131s T\u00fcrk Karikat\u00fcrc\u00fcler Derne\u011fi taraf\u0131ndan geleneksel olarak bu y\u0131l 13\u2019\u00fcnc\u00fcs\u00fc d\u00fczenlenen Uluslararas\u0131 Karikat\u00fcr ve Mizah \u015eenli\u011fi Yar\u0131\u015fmas\u0131 2024 Se\u00e7ici Kurul \u00e7al\u0131\u015fmalar\u0131 ba\u015flad\u0131. Belediyeden yap\u0131lan a\u00e7\u0131klamaya g\u00f6re, 23.Uluslararas\u0131 Zeytin Festivali kapsam\u0131nda d\u00fczenlenenUluslararas\u0131 Karikat\u00fcr ve Mizah \u015eenli\u011fi Yar\u0131\u015fmas\u0131 J\u00fcrisi bug\u00fcn Dome Otel\u2019de yer alan bas\u0131n toplant\u0131s\u0131 ile tan\u0131t\u0131ld\u0131. Bas\u0131n toplant\u0131s\u0131na, Girne Belediyesi Meclis \u00dcyeleri [&hellip;]","og_url":"https:\/\/kuzeyinsesi.org\/index.php\/2024\/07\/01\/13-uluslararasi-karikatur-ve-mizah-senligi-yarismasi-2024-secici-kurulu-tanitildi\/","og_site_name":"Kuzeyin Sesi","article_publisher":"https:\/\/www.facebook.com\/kuzeyinsesii","article_published_time":"2024-07-01T15:16:32+00:00","og_image":[{"width":2560,"height":1711,"url":"https:\/\/kuzeyinsesi.org\/wp-content\/uploads\/2024\/07\/girne-karikatur-2-1-scaled.jpg","type":"image\/jpeg"}],"author":"Kuzeyin Sesi","twitter_card":"summary_large_image","twitter_creator":"@kuzeyinsesii","twitter_site":"@kuzeyinsesii","twitter_misc":{"Yazan:":"Kuzeyin Sesi","Tahmini okuma s\u00fcresi":"1 dakika"},"schema":{"@context":"https:\/\/schema.org","@graph":[{"@type":"Article","@id":"https:\/\/kuzeyinsesi.org\/index.php\/2024\/07\/01\/13-uluslararasi-karikatur-ve-mizah-senligi-yarismasi-2024-secici-kurulu-tanitildi\/#article","isPartOf":{"@id":"https:\/\/kuzeyinsesi.org\/index.php\/2024\/07\/01\/13-uluslararasi-karikatur-ve-mizah-senligi-yarismasi-2024-secici-kurulu-tanitildi\/"},"author":{"name":"Kuzeyin Sesi","@id":"https:\/\/kuzeyinsesi.org\/#\/schema\/person\/9f859689cdf01485597712386e37f5aa"},"headline":"13.Uluslararas\u0131 Karikat\u00fcr ve Mizah \u015eenli\u011fi Yar\u0131\u015fmas\u0131 2024 Se\u00e7ici Kurulu tan\u0131t\u0131ld\u0131","datePublished":"2024-07-01T15:16:32+00:00","mainEntityOfPage":{"@id":"https:\/\/kuzeyinsesi.org\/index.php\/2024\/07\/01\/13-uluslararasi-karikatur-ve-mizah-senligi-yarismasi-2024-secici-kurulu-tanitildi\/"},"wordCount":296,"commentCount":0,"image":{"@id":"https:\/\/kuzeyinsesi.org\/index.php\/2024\/07\/01\/13-uluslararasi-karikatur-ve-mizah-senligi-yarismasi-2024-secici-kurulu-tanitildi\/#primaryimage"},"thumbnailUrl":"https:\/\/kuzeyinsesi.org\/wp-content\/uploads\/2024\/07\/girne-karikatur-2-1-scaled.jpg","articleSection":["Ya\u015fam"],"inLanguage":"tr","potentialAction":[{"@type":"CommentAction","name":"Comment","target":["https:\/\/kuzeyinsesi.org\/index.php\/2024\/07\/01\/13-uluslararasi-karikatur-ve-mizah-senligi-yarismasi-2024-secici-kurulu-tanitildi\/#respond"]}]},{"@type":"WebPage","@id":"https:\/\/kuzeyinsesi.org\/index.php\/2024\/07\/01\/13-uluslararasi-karikatur-ve-mizah-senligi-yarismasi-2024-secici-kurulu-tanitildi\/","url":"https:\/\/kuzeyinsesi.org\/index.php\/2024\/07\/01\/13-uluslararasi-karikatur-ve-mizah-senligi-yarismasi-2024-secici-kurulu-tanitildi\/","name":"13.Uluslararas\u0131 Karikat\u00fcr ve Mizah \u015eenli\u011fi Yar\u0131\u015fmas\u0131 2024 Se\u00e7ici Kurulu tan\u0131t\u0131ld\u0131 - Kuzeyin Sesi","isPartOf":{"@id":"https:\/\/kuzeyinsesi.org\/#website"},"primaryImageOfPage":{"@id":"https:\/\/kuzeyinsesi.org\/index.php\/2024\/07\/01\/13-uluslararasi-karikatur-ve-mizah-senligi-yarismasi-2024-secici-kurulu-tanitildi\/#primaryimage"},"image":{"@id":"https:\/\/kuzeyinsesi.org\/index.php\/2024\/07\/01\/13-uluslararasi-karikatur-ve-mizah-senligi-yarismasi-2024-secici-kurulu-tanitildi\/#primaryimage"},"thumbnailUrl":"https:\/\/kuzeyinsesi.org\/wp-content\/uploads\/2024\/07\/girne-karikatur-2-1-scaled.jpg","datePublished":"2024-07-01T15:16:32+00:00","author":{"@id":"https:\/\/kuzeyinsesi.org\/#\/schema\/person\/9f859689cdf01485597712386e37f5aa"},"breadcrumb":{"@id":"https:\/\/kuzeyinsesi.org\/index.php\/2024\/07\/01\/13-uluslararasi-karikatur-ve-mizah-senligi-yarismasi-2024-secici-kurulu-tanitildi\/#breadcrumb"},"inLanguage":"tr","potentialAction":[{"@type":"ReadAction","target":["https:\/\/kuzeyinsesi.org\/index.php\/2024\/07\/01\/13-uluslararasi-karikatur-ve-mizah-senligi-yarismasi-2024-secici-kurulu-tanitildi\/"]}]},{"@type":"ImageObject","inLanguage":"tr","@id":"https:\/\/kuzeyinsesi.org\/index.php\/2024\/07\/01\/13-uluslararasi-karikatur-ve-mizah-senligi-yarismasi-2024-secici-kurulu-tanitildi\/#primaryimage","url":"https:\/\/kuzeyinsesi.org\/wp-content\/uploads\/2024\/07\/girne-karikatur-2-1-scaled.jpg","contentUrl":"https:\/\/kuzeyinsesi.org\/wp-content\/uploads\/2024\/07\/girne-karikatur-2-1-scaled.jpg","width":2560,"height":1711},{"@type":"BreadcrumbList","@id":"https:\/\/kuzeyinsesi.org\/index.php\/2024\/07\/01\/13-uluslararasi-karikatur-ve-mizah-senligi-yarismasi-2024-secici-kurulu-tanitildi\/#breadcrumb","itemListElement":[{"@type":"ListItem","position":1,"name":"Anasayfa","item":"https:\/\/kuzeyinsesi.org\/"},{"@type":"ListItem","position":2,"name":"13.Uluslararas\u0131 Karikat\u00fcr ve Mizah \u015eenli\u011fi Yar\u0131\u015fmas\u0131 2024 Se\u00e7ici Kurulu tan\u0131t\u0131ld\u0131"}]},{"@type":"WebSite","@id":"https:\/\/kuzeyinsesi.org\/#website","url":"https:\/\/kuzeyinsesi.org\/","name":"Kuzeyin Sesi","description":"Do\u011fru Haberin Adresi","potentialAction":[{"@type":"SearchAction","target":{"@type":"EntryPoint","urlTemplate":"https:\/\/kuzeyinsesi.org\/?s={search_term_string}"},"query-input":{"@type":"PropertyValueSpecification","valueRequired":true,"valueName":"search_term_string"}}],"inLanguage":"tr"},{"@type":"Person","@id":"https:\/\/kuzeyinsesi.org\/#\/schema\/person\/9f859689cdf01485597712386e37f5aa","name":"Kuzeyin Sesi","image":{"@type":"ImageObject","inLanguage":"tr","@id":"https:\/\/secure.gravatar.com\/avatar\/bab33852abfd8b282518d6ed81826833d77c3c882d9ab608add591ccace47a44?s=96&d=mm&r=g","url":"https:\/\/secure.gravatar.com\/avatar\/bab33852abfd8b282518d6ed81826833d77c3c882d9ab608add591ccace47a44?s=96&d=mm&r=g","contentUrl":"https:\/\/secure.gravatar.com\/avatar\/bab33852abfd8b282518d6ed81826833d77c3c882d9ab608add591ccace47a44?s=96&d=mm&r=g","caption":"Kuzeyin Sesi"},"sameAs":["https:\/\/kuzeyinsesi.org"],"url":"https:\/\/kuzeyinsesi.org\/index.php\/author\/guven\/"}]}},"_links":{"self":[{"href":"https:\/\/kuzeyinsesi.org\/index.php\/wp-json\/wp\/v2\/posts\/5631","targetHints":{"allow":["GET"]}}],"collection":[{"href":"https:\/\/kuzeyinsesi.org\/index.php\/wp-json\/wp\/v2\/posts"}],"about":[{"href":"https:\/\/kuzeyinsesi.org\/index.php\/wp-json\/wp\/v2\/types\/post"}],"author":[{"embeddable":true,"href":"https:\/\/kuzeyinsesi.org\/index.php\/wp-json\/wp\/v2\/users\/1"}],"replies":[{"embeddable":true,"href":"https:\/\/kuzeyinsesi.org\/index.php\/wp-json\/wp\/v2\/comments?post=5631"}],"version-history":[{"count":0,"href":"https:\/\/kuzeyinsesi.org\/index.php\/wp-json\/wp\/v2\/posts\/5631\/revisions"}],"wp:featuredmedia":[{"embeddable":true,"href":"https:\/\/kuzeyinsesi.org\/index.php\/wp-json\/wp\/v2\/media\/5632"}],"wp:attachment":[{"href":"https:\/\/kuzeyinsesi.org\/index.php\/wp-json\/wp\/v2\/media?parent=5631"}],"wp:term":[{"taxonomy":"category","embeddable":true,"href":"https:\/\/kuzeyinsesi.org\/index.php\/wp-json\/wp\/v2\/categories?post=5631"},{"taxonomy":"post_tag","embeddable":true,"href":"https:\/\/kuzeyinsesi.org\/index.php\/wp-json\/wp\/v2\/tags?post=5631"}],"curies":[{"name":"wp","href":"https:\/\/api.w.org\/{rel}","templated":true}]}}