{"id":5619,"date":"2024-07-01T16:14:20","date_gmt":"2024-07-01T13:14:20","guid":{"rendered":"https:\/\/kuzeyinsesi.com\/index.php\/2024\/07\/01\/folk-der-24-kultur-ve-sanat-gunleri-yarin-ve-carsamba-gunu-yapiliyor\/"},"modified":"2024-07-01T16:14:20","modified_gmt":"2024-07-01T13:14:20","slug":"folk-der-24-kultur-ve-sanat-gunleri-yarin-ve-carsamba-gunu-yapiliyor","status":"publish","type":"post","link":"https:\/\/kuzeyinsesi.org\/index.php\/2024\/07\/01\/folk-der-24-kultur-ve-sanat-gunleri-yarin-ve-carsamba-gunu-yapiliyor\/","title":{"rendered":"Folk-Der 24. K\u00fclt\u00fcr ve Sanat G\u00fcnleri yar\u0131n ve \u00e7ar\u015famba g\u00fcn\u00fc yap\u0131l\u0131yor"},"content":{"rendered":"<div>\n<div class=\"mariselle-image-container center\">\n                                            <\/div>\n<p>Lefko\u015fa Folklor Derne\u011fi\u2019nin (Folk-Der) 24. K\u00fclt\u00fcr ve Sanat G\u00fcnleri, yar\u0131n ve \u00e7ar\u015famba g\u00fcn\u00fc yap\u0131l\u0131yor.<\/p>\n<p>Folk-Der\u2019den verilen bilgiye g\u00f6re, derne\u011fin Lefko\u015fa\u2019da K\u00fc\u00e7\u00fckkaymakl\u0131 b\u00f6lgesindeki lokalinde yer alacak etkinlikler, saat 20.00\u2019de ba\u015flayacak.<\/p>\n<p>Folk-Der 24. K\u00fclt\u00fcr Sanat G\u00fcnleri\u2019nde hem derne\u011fin hem de baz\u0131 ba\u015fka derneklerin halk danslar\u0131, tiyatro ve dans ekipleri g\u00f6steriler sunacak.<\/p>\n<p>Etkinlikler aras\u0131nda Ta\u015fkent\u2019i Geli\u015ftirme ve G\u00fczelle\u015ftirme Derne\u011fi \u00e7ocuk tiyatrosu ile G\u00f6\u00e7menk\u00f6y Ta\u015fk\u0131nk\u00f6y K\u00fclt\u00fcr Sanat Derne\u011fi ekibinin, Akare grubunun, KKTC\u2019de ya\u015fayan Filipinlilerin olu\u015fturdu\u011fu Filipin toplulu\u011funun, Tango Siempre\u2019nin, YD\u00dc dans ekibinin ve Dancebase\u2019in de g\u00f6sterileri yer al\u0131yor.<\/p>\n<\/p><\/div>\n<p><script async\n                    defer\n                    crossorigin=\"anonymous\"\n                    src=\"https:\/\/connect.facebook.net\/tr_TR\/sdk.js#xfbml=1&#038;version=v3.3\"\n            ><\/script><\/p>\n","protected":false},"excerpt":{"rendered":"<p>Lefko\u015fa Folklor Derne\u011fi\u2019nin (Folk-Der) 24. K\u00fclt\u00fcr ve Sanat G\u00fcnleri, yar\u0131n ve \u00e7ar\u015famba g\u00fcn\u00fc yap\u0131l\u0131yor. Folk-Der\u2019den verilen bilgiye g\u00f6re, derne\u011fin Lefko\u015fa\u2019da K\u00fc\u00e7\u00fckkaymakl\u0131 b\u00f6lgesindeki lokalinde yer alacak etkinlikler, saat 20.00\u2019de ba\u015flayacak. Folk-Der 24. K\u00fclt\u00fcr Sanat G\u00fcnleri\u2019nde hem derne\u011fin hem de baz\u0131 ba\u015fka derneklerin halk danslar\u0131, tiyatro ve dans ekipleri g\u00f6steriler sunacak. Etkinlikler aras\u0131nda Ta\u015fkent\u2019i Geli\u015ftirme ve G\u00fczelle\u015ftirme [&hellip;]<\/p>\n","protected":false},"author":1,"featured_media":5620,"comment_status":"open","ping_status":"open","sticky":false,"template":"","format":"standard","meta":{"jnews-multi-image_gallery":[],"jnews_single_post":[],"jnews_primary_category":[],"jnews_social_meta":[],"jnews_override_counter":[],"footnotes":""},"categories":[6],"tags":[],"class_list":["post-5619","post","type-post","status-publish","format-standard","has-post-thumbnail","hentry","category-yasam"],"yoast_head":"<!-- This site is optimized with the Yoast SEO plugin v27.5 - https:\/\/yoast.com\/product\/yoast-seo-wordpress\/ -->\n<title>Folk-Der 24. K\u00fclt\u00fcr ve Sanat G\u00fcnleri yar\u0131n ve \u00e7ar\u015famba g\u00fcn\u00fc yap\u0131l\u0131yor - Kuzeyin Sesi<\/title>\n<meta name=\"robots\" content=\"index, follow, max-snippet:-1, max-image-preview:large, max-video-preview:-1\" \/>\n<link rel=\"canonical\" href=\"https:\/\/kuzeyinsesi.org\/index.php\/2024\/07\/01\/folk-der-24-kultur-ve-sanat-gunleri-yarin-ve-carsamba-gunu-yapiliyor\/\" \/>\n<meta property=\"og:locale\" content=\"tr_TR\" \/>\n<meta property=\"og:type\" content=\"article\" \/>\n<meta property=\"og:title\" content=\"Folk-Der 24. K\u00fclt\u00fcr ve Sanat G\u00fcnleri yar\u0131n ve \u00e7ar\u015famba g\u00fcn\u00fc yap\u0131l\u0131yor - Kuzeyin Sesi\" \/>\n<meta property=\"og:description\" content=\"Lefko\u015fa Folklor Derne\u011fi\u2019nin (Folk-Der) 24. K\u00fclt\u00fcr ve Sanat G\u00fcnleri, yar\u0131n ve \u00e7ar\u015famba g\u00fcn\u00fc yap\u0131l\u0131yor. Folk-Der\u2019den verilen bilgiye g\u00f6re, derne\u011fin Lefko\u015fa\u2019da K\u00fc\u00e7\u00fckkaymakl\u0131 b\u00f6lgesindeki lokalinde yer alacak etkinlikler, saat 20.00\u2019de ba\u015flayacak. Folk-Der 24. K\u00fclt\u00fcr Sanat G\u00fcnleri\u2019nde hem derne\u011fin hem de baz\u0131 ba\u015fka derneklerin halk danslar\u0131, tiyatro ve dans ekipleri g\u00f6steriler sunacak. Etkinlikler aras\u0131nda Ta\u015fkent\u2019i Geli\u015ftirme ve G\u00fczelle\u015ftirme [&hellip;]\" \/>\n<meta property=\"og:url\" content=\"https:\/\/kuzeyinsesi.org\/index.php\/2024\/07\/01\/folk-der-24-kultur-ve-sanat-gunleri-yarin-ve-carsamba-gunu-yapiliyor\/\" \/>\n<meta property=\"og:site_name\" content=\"Kuzeyin Sesi\" \/>\n<meta property=\"article:publisher\" content=\"https:\/\/www.facebook.com\/kuzeyinsesii\" \/>\n<meta property=\"article:published_time\" content=\"2024-07-01T13:14:20+00:00\" \/>\n<meta property=\"og:image\" content=\"https:\/\/kuzeyinsesi.org\/wp-content\/uploads\/2024\/07\/Folk-Der-24.-Kultur-ve-Sanat-Gunleri-yarin-ve-carsamba-gunu-yapiliyor.jpg\" \/>\n\t<meta property=\"og:image:width\" content=\"575\" \/>\n\t<meta property=\"og:image:height\" content=\"332\" \/>\n\t<meta property=\"og:image:type\" content=\"image\/jpeg\" \/>\n<meta name=\"author\" content=\"Kuzeyin Sesi\" \/>\n<meta name=\"twitter:card\" content=\"summary_large_image\" \/>\n<meta name=\"twitter:creator\" content=\"@kuzeyinsesii\" \/>\n<meta name=\"twitter:site\" content=\"@kuzeyinsesii\" \/>\n<meta name=\"twitter:label1\" content=\"Yazan:\" \/>\n\t<meta name=\"twitter:data1\" content=\"Kuzeyin Sesi\" \/>\n\t<meta name=\"twitter:label2\" content=\"Tahmini okuma s\u00fcresi\" \/>\n\t<meta name=\"twitter:data2\" content=\"1 dakika\" \/>\n<script type=\"application\/ld+json\" class=\"yoast-schema-graph\">{\"@context\":\"https:\\\/\\\/schema.org\",\"@graph\":[{\"@type\":\"Article\",\"@id\":\"https:\\\/\\\/kuzeyinsesi.org\\\/index.php\\\/2024\\\/07\\\/01\\\/folk-der-24-kultur-ve-sanat-gunleri-yarin-ve-carsamba-gunu-yapiliyor\\\/#article\",\"isPartOf\":{\"@id\":\"https:\\\/\\\/kuzeyinsesi.org\\\/index.php\\\/2024\\\/07\\\/01\\\/folk-der-24-kultur-ve-sanat-gunleri-yarin-ve-carsamba-gunu-yapiliyor\\\/\"},\"author\":{\"name\":\"Kuzeyin Sesi\",\"@id\":\"https:\\\/\\\/kuzeyinsesi.org\\\/#\\\/schema\\\/person\\\/9f859689cdf01485597712386e37f5aa\"},\"headline\":\"Folk-Der 24. K\u00fclt\u00fcr ve Sanat G\u00fcnleri yar\u0131n ve \u00e7ar\u015famba g\u00fcn\u00fc yap\u0131l\u0131yor\",\"datePublished\":\"2024-07-01T13:14:20+00:00\",\"mainEntityOfPage\":{\"@id\":\"https:\\\/\\\/kuzeyinsesi.org\\\/index.php\\\/2024\\\/07\\\/01\\\/folk-der-24-kultur-ve-sanat-gunleri-yarin-ve-carsamba-gunu-yapiliyor\\\/\"},\"wordCount\":150,\"commentCount\":0,\"image\":{\"@id\":\"https:\\\/\\\/kuzeyinsesi.org\\\/index.php\\\/2024\\\/07\\\/01\\\/folk-der-24-kultur-ve-sanat-gunleri-yarin-ve-carsamba-gunu-yapiliyor\\\/#primaryimage\"},\"thumbnailUrl\":\"https:\\\/\\\/kuzeyinsesi.org\\\/wp-content\\\/uploads\\\/2024\\\/07\\\/Folk-Der-24.-Kultur-ve-Sanat-Gunleri-yarin-ve-carsamba-gunu-yapiliyor.jpg\",\"articleSection\":[\"Ya\u015fam\"],\"inLanguage\":\"tr\",\"potentialAction\":[{\"@type\":\"CommentAction\",\"name\":\"Comment\",\"target\":[\"https:\\\/\\\/kuzeyinsesi.org\\\/index.php\\\/2024\\\/07\\\/01\\\/folk-der-24-kultur-ve-sanat-gunleri-yarin-ve-carsamba-gunu-yapiliyor\\\/#respond\"]}]},{\"@type\":\"WebPage\",\"@id\":\"https:\\\/\\\/kuzeyinsesi.org\\\/index.php\\\/2024\\\/07\\\/01\\\/folk-der-24-kultur-ve-sanat-gunleri-yarin-ve-carsamba-gunu-yapiliyor\\\/\",\"url\":\"https:\\\/\\\/kuzeyinsesi.org\\\/index.php\\\/2024\\\/07\\\/01\\\/folk-der-24-kultur-ve-sanat-gunleri-yarin-ve-carsamba-gunu-yapiliyor\\\/\",\"name\":\"Folk-Der 24. K\u00fclt\u00fcr ve Sanat G\u00fcnleri yar\u0131n ve \u00e7ar\u015famba g\u00fcn\u00fc yap\u0131l\u0131yor - Kuzeyin Sesi\",\"isPartOf\":{\"@id\":\"https:\\\/\\\/kuzeyinsesi.org\\\/#website\"},\"primaryImageOfPage\":{\"@id\":\"https:\\\/\\\/kuzeyinsesi.org\\\/index.php\\\/2024\\\/07\\\/01\\\/folk-der-24-kultur-ve-sanat-gunleri-yarin-ve-carsamba-gunu-yapiliyor\\\/#primaryimage\"},\"image\":{\"@id\":\"https:\\\/\\\/kuzeyinsesi.org\\\/index.php\\\/2024\\\/07\\\/01\\\/folk-der-24-kultur-ve-sanat-gunleri-yarin-ve-carsamba-gunu-yapiliyor\\\/#primaryimage\"},\"thumbnailUrl\":\"https:\\\/\\\/kuzeyinsesi.org\\\/wp-content\\\/uploads\\\/2024\\\/07\\\/Folk-Der-24.-Kultur-ve-Sanat-Gunleri-yarin-ve-carsamba-gunu-yapiliyor.jpg\",\"datePublished\":\"2024-07-01T13:14:20+00:00\",\"author\":{\"@id\":\"https:\\\/\\\/kuzeyinsesi.org\\\/#\\\/schema\\\/person\\\/9f859689cdf01485597712386e37f5aa\"},\"breadcrumb\":{\"@id\":\"https:\\\/\\\/kuzeyinsesi.org\\\/index.php\\\/2024\\\/07\\\/01\\\/folk-der-24-kultur-ve-sanat-gunleri-yarin-ve-carsamba-gunu-yapiliyor\\\/#breadcrumb\"},\"inLanguage\":\"tr\",\"potentialAction\":[{\"@type\":\"ReadAction\",\"target\":[\"https:\\\/\\\/kuzeyinsesi.org\\\/index.php\\\/2024\\\/07\\\/01\\\/folk-der-24-kultur-ve-sanat-gunleri-yarin-ve-carsamba-gunu-yapiliyor\\\/\"]}]},{\"@type\":\"ImageObject\",\"inLanguage\":\"tr\",\"@id\":\"https:\\\/\\\/kuzeyinsesi.org\\\/index.php\\\/2024\\\/07\\\/01\\\/folk-der-24-kultur-ve-sanat-gunleri-yarin-ve-carsamba-gunu-yapiliyor\\\/#primaryimage\",\"url\":\"https:\\\/\\\/kuzeyinsesi.org\\\/wp-content\\\/uploads\\\/2024\\\/07\\\/Folk-Der-24.-Kultur-ve-Sanat-Gunleri-yarin-ve-carsamba-gunu-yapiliyor.jpg\",\"contentUrl\":\"https:\\\/\\\/kuzeyinsesi.org\\\/wp-content\\\/uploads\\\/2024\\\/07\\\/Folk-Der-24.-Kultur-ve-Sanat-Gunleri-yarin-ve-carsamba-gunu-yapiliyor.jpg\",\"width\":575,\"height\":332},{\"@type\":\"BreadcrumbList\",\"@id\":\"https:\\\/\\\/kuzeyinsesi.org\\\/index.php\\\/2024\\\/07\\\/01\\\/folk-der-24-kultur-ve-sanat-gunleri-yarin-ve-carsamba-gunu-yapiliyor\\\/#breadcrumb\",\"itemListElement\":[{\"@type\":\"ListItem\",\"position\":1,\"name\":\"Anasayfa\",\"item\":\"https:\\\/\\\/kuzeyinsesi.org\\\/\"},{\"@type\":\"ListItem\",\"position\":2,\"name\":\"Folk-Der 24. K\u00fclt\u00fcr ve Sanat G\u00fcnleri yar\u0131n ve \u00e7ar\u015famba g\u00fcn\u00fc yap\u0131l\u0131yor\"}]},{\"@type\":\"WebSite\",\"@id\":\"https:\\\/\\\/kuzeyinsesi.org\\\/#website\",\"url\":\"https:\\\/\\\/kuzeyinsesi.org\\\/\",\"name\":\"Kuzeyin Sesi\",\"description\":\"Do\u011fru Haberin Adresi\",\"potentialAction\":[{\"@type\":\"SearchAction\",\"target\":{\"@type\":\"EntryPoint\",\"urlTemplate\":\"https:\\\/\\\/kuzeyinsesi.org\\\/?s={search_term_string}\"},\"query-input\":{\"@type\":\"PropertyValueSpecification\",\"valueRequired\":true,\"valueName\":\"search_term_string\"}}],\"inLanguage\":\"tr\"},{\"@type\":\"Person\",\"@id\":\"https:\\\/\\\/kuzeyinsesi.org\\\/#\\\/schema\\\/person\\\/9f859689cdf01485597712386e37f5aa\",\"name\":\"Kuzeyin Sesi\",\"image\":{\"@type\":\"ImageObject\",\"inLanguage\":\"tr\",\"@id\":\"https:\\\/\\\/secure.gravatar.com\\\/avatar\\\/bab33852abfd8b282518d6ed81826833d77c3c882d9ab608add591ccace47a44?s=96&d=mm&r=g\",\"url\":\"https:\\\/\\\/secure.gravatar.com\\\/avatar\\\/bab33852abfd8b282518d6ed81826833d77c3c882d9ab608add591ccace47a44?s=96&d=mm&r=g\",\"contentUrl\":\"https:\\\/\\\/secure.gravatar.com\\\/avatar\\\/bab33852abfd8b282518d6ed81826833d77c3c882d9ab608add591ccace47a44?s=96&d=mm&r=g\",\"caption\":\"Kuzeyin Sesi\"},\"sameAs\":[\"https:\\\/\\\/kuzeyinsesi.org\"],\"url\":\"https:\\\/\\\/kuzeyinsesi.org\\\/index.php\\\/author\\\/guven\\\/\"}]}<\/script>\n<!-- \/ Yoast SEO plugin. -->","yoast_head_json":{"title":"Folk-Der 24. K\u00fclt\u00fcr ve Sanat G\u00fcnleri yar\u0131n ve \u00e7ar\u015famba g\u00fcn\u00fc yap\u0131l\u0131yor - Kuzeyin Sesi","robots":{"index":"index","follow":"follow","max-snippet":"max-snippet:-1","max-image-preview":"max-image-preview:large","max-video-preview":"max-video-preview:-1"},"canonical":"https:\/\/kuzeyinsesi.org\/index.php\/2024\/07\/01\/folk-der-24-kultur-ve-sanat-gunleri-yarin-ve-carsamba-gunu-yapiliyor\/","og_locale":"tr_TR","og_type":"article","og_title":"Folk-Der 24. K\u00fclt\u00fcr ve Sanat G\u00fcnleri yar\u0131n ve \u00e7ar\u015famba g\u00fcn\u00fc yap\u0131l\u0131yor - Kuzeyin Sesi","og_description":"Lefko\u015fa Folklor Derne\u011fi\u2019nin (Folk-Der) 24. K\u00fclt\u00fcr ve Sanat G\u00fcnleri, yar\u0131n ve \u00e7ar\u015famba g\u00fcn\u00fc yap\u0131l\u0131yor. Folk-Der\u2019den verilen bilgiye g\u00f6re, derne\u011fin Lefko\u015fa\u2019da K\u00fc\u00e7\u00fckkaymakl\u0131 b\u00f6lgesindeki lokalinde yer alacak etkinlikler, saat 20.00\u2019de ba\u015flayacak. Folk-Der 24. K\u00fclt\u00fcr Sanat G\u00fcnleri\u2019nde hem derne\u011fin hem de baz\u0131 ba\u015fka derneklerin halk danslar\u0131, tiyatro ve dans ekipleri g\u00f6steriler sunacak. Etkinlikler aras\u0131nda Ta\u015fkent\u2019i Geli\u015ftirme ve G\u00fczelle\u015ftirme [&hellip;]","og_url":"https:\/\/kuzeyinsesi.org\/index.php\/2024\/07\/01\/folk-der-24-kultur-ve-sanat-gunleri-yarin-ve-carsamba-gunu-yapiliyor\/","og_site_name":"Kuzeyin Sesi","article_publisher":"https:\/\/www.facebook.com\/kuzeyinsesii","article_published_time":"2024-07-01T13:14:20+00:00","og_image":[{"width":575,"height":332,"url":"https:\/\/kuzeyinsesi.org\/wp-content\/uploads\/2024\/07\/Folk-Der-24.-Kultur-ve-Sanat-Gunleri-yarin-ve-carsamba-gunu-yapiliyor.jpg","type":"image\/jpeg"}],"author":"Kuzeyin Sesi","twitter_card":"summary_large_image","twitter_creator":"@kuzeyinsesii","twitter_site":"@kuzeyinsesii","twitter_misc":{"Yazan:":"Kuzeyin Sesi","Tahmini okuma s\u00fcresi":"1 dakika"},"schema":{"@context":"https:\/\/schema.org","@graph":[{"@type":"Article","@id":"https:\/\/kuzeyinsesi.org\/index.php\/2024\/07\/01\/folk-der-24-kultur-ve-sanat-gunleri-yarin-ve-carsamba-gunu-yapiliyor\/#article","isPartOf":{"@id":"https:\/\/kuzeyinsesi.org\/index.php\/2024\/07\/01\/folk-der-24-kultur-ve-sanat-gunleri-yarin-ve-carsamba-gunu-yapiliyor\/"},"author":{"name":"Kuzeyin Sesi","@id":"https:\/\/kuzeyinsesi.org\/#\/schema\/person\/9f859689cdf01485597712386e37f5aa"},"headline":"Folk-Der 24. K\u00fclt\u00fcr ve Sanat G\u00fcnleri yar\u0131n ve \u00e7ar\u015famba g\u00fcn\u00fc yap\u0131l\u0131yor","datePublished":"2024-07-01T13:14:20+00:00","mainEntityOfPage":{"@id":"https:\/\/kuzeyinsesi.org\/index.php\/2024\/07\/01\/folk-der-24-kultur-ve-sanat-gunleri-yarin-ve-carsamba-gunu-yapiliyor\/"},"wordCount":150,"commentCount":0,"image":{"@id":"https:\/\/kuzeyinsesi.org\/index.php\/2024\/07\/01\/folk-der-24-kultur-ve-sanat-gunleri-yarin-ve-carsamba-gunu-yapiliyor\/#primaryimage"},"thumbnailUrl":"https:\/\/kuzeyinsesi.org\/wp-content\/uploads\/2024\/07\/Folk-Der-24.-Kultur-ve-Sanat-Gunleri-yarin-ve-carsamba-gunu-yapiliyor.jpg","articleSection":["Ya\u015fam"],"inLanguage":"tr","potentialAction":[{"@type":"CommentAction","name":"Comment","target":["https:\/\/kuzeyinsesi.org\/index.php\/2024\/07\/01\/folk-der-24-kultur-ve-sanat-gunleri-yarin-ve-carsamba-gunu-yapiliyor\/#respond"]}]},{"@type":"WebPage","@id":"https:\/\/kuzeyinsesi.org\/index.php\/2024\/07\/01\/folk-der-24-kultur-ve-sanat-gunleri-yarin-ve-carsamba-gunu-yapiliyor\/","url":"https:\/\/kuzeyinsesi.org\/index.php\/2024\/07\/01\/folk-der-24-kultur-ve-sanat-gunleri-yarin-ve-carsamba-gunu-yapiliyor\/","name":"Folk-Der 24. K\u00fclt\u00fcr ve Sanat G\u00fcnleri yar\u0131n ve \u00e7ar\u015famba g\u00fcn\u00fc yap\u0131l\u0131yor - Kuzeyin Sesi","isPartOf":{"@id":"https:\/\/kuzeyinsesi.org\/#website"},"primaryImageOfPage":{"@id":"https:\/\/kuzeyinsesi.org\/index.php\/2024\/07\/01\/folk-der-24-kultur-ve-sanat-gunleri-yarin-ve-carsamba-gunu-yapiliyor\/#primaryimage"},"image":{"@id":"https:\/\/kuzeyinsesi.org\/index.php\/2024\/07\/01\/folk-der-24-kultur-ve-sanat-gunleri-yarin-ve-carsamba-gunu-yapiliyor\/#primaryimage"},"thumbnailUrl":"https:\/\/kuzeyinsesi.org\/wp-content\/uploads\/2024\/07\/Folk-Der-24.-Kultur-ve-Sanat-Gunleri-yarin-ve-carsamba-gunu-yapiliyor.jpg","datePublished":"2024-07-01T13:14:20+00:00","author":{"@id":"https:\/\/kuzeyinsesi.org\/#\/schema\/person\/9f859689cdf01485597712386e37f5aa"},"breadcrumb":{"@id":"https:\/\/kuzeyinsesi.org\/index.php\/2024\/07\/01\/folk-der-24-kultur-ve-sanat-gunleri-yarin-ve-carsamba-gunu-yapiliyor\/#breadcrumb"},"inLanguage":"tr","potentialAction":[{"@type":"ReadAction","target":["https:\/\/kuzeyinsesi.org\/index.php\/2024\/07\/01\/folk-der-24-kultur-ve-sanat-gunleri-yarin-ve-carsamba-gunu-yapiliyor\/"]}]},{"@type":"ImageObject","inLanguage":"tr","@id":"https:\/\/kuzeyinsesi.org\/index.php\/2024\/07\/01\/folk-der-24-kultur-ve-sanat-gunleri-yarin-ve-carsamba-gunu-yapiliyor\/#primaryimage","url":"https:\/\/kuzeyinsesi.org\/wp-content\/uploads\/2024\/07\/Folk-Der-24.-Kultur-ve-Sanat-Gunleri-yarin-ve-carsamba-gunu-yapiliyor.jpg","contentUrl":"https:\/\/kuzeyinsesi.org\/wp-content\/uploads\/2024\/07\/Folk-Der-24.-Kultur-ve-Sanat-Gunleri-yarin-ve-carsamba-gunu-yapiliyor.jpg","width":575,"height":332},{"@type":"BreadcrumbList","@id":"https:\/\/kuzeyinsesi.org\/index.php\/2024\/07\/01\/folk-der-24-kultur-ve-sanat-gunleri-yarin-ve-carsamba-gunu-yapiliyor\/#breadcrumb","itemListElement":[{"@type":"ListItem","position":1,"name":"Anasayfa","item":"https:\/\/kuzeyinsesi.org\/"},{"@type":"ListItem","position":2,"name":"Folk-Der 24. K\u00fclt\u00fcr ve Sanat G\u00fcnleri yar\u0131n ve \u00e7ar\u015famba g\u00fcn\u00fc yap\u0131l\u0131yor"}]},{"@type":"WebSite","@id":"https:\/\/kuzeyinsesi.org\/#website","url":"https:\/\/kuzeyinsesi.org\/","name":"Kuzeyin Sesi","description":"Do\u011fru Haberin Adresi","potentialAction":[{"@type":"SearchAction","target":{"@type":"EntryPoint","urlTemplate":"https:\/\/kuzeyinsesi.org\/?s={search_term_string}"},"query-input":{"@type":"PropertyValueSpecification","valueRequired":true,"valueName":"search_term_string"}}],"inLanguage":"tr"},{"@type":"Person","@id":"https:\/\/kuzeyinsesi.org\/#\/schema\/person\/9f859689cdf01485597712386e37f5aa","name":"Kuzeyin Sesi","image":{"@type":"ImageObject","inLanguage":"tr","@id":"https:\/\/secure.gravatar.com\/avatar\/bab33852abfd8b282518d6ed81826833d77c3c882d9ab608add591ccace47a44?s=96&d=mm&r=g","url":"https:\/\/secure.gravatar.com\/avatar\/bab33852abfd8b282518d6ed81826833d77c3c882d9ab608add591ccace47a44?s=96&d=mm&r=g","contentUrl":"https:\/\/secure.gravatar.com\/avatar\/bab33852abfd8b282518d6ed81826833d77c3c882d9ab608add591ccace47a44?s=96&d=mm&r=g","caption":"Kuzeyin Sesi"},"sameAs":["https:\/\/kuzeyinsesi.org"],"url":"https:\/\/kuzeyinsesi.org\/index.php\/author\/guven\/"}]}},"_links":{"self":[{"href":"https:\/\/kuzeyinsesi.org\/index.php\/wp-json\/wp\/v2\/posts\/5619","targetHints":{"allow":["GET"]}}],"collection":[{"href":"https:\/\/kuzeyinsesi.org\/index.php\/wp-json\/wp\/v2\/posts"}],"about":[{"href":"https:\/\/kuzeyinsesi.org\/index.php\/wp-json\/wp\/v2\/types\/post"}],"author":[{"embeddable":true,"href":"https:\/\/kuzeyinsesi.org\/index.php\/wp-json\/wp\/v2\/users\/1"}],"replies":[{"embeddable":true,"href":"https:\/\/kuzeyinsesi.org\/index.php\/wp-json\/wp\/v2\/comments?post=5619"}],"version-history":[{"count":0,"href":"https:\/\/kuzeyinsesi.org\/index.php\/wp-json\/wp\/v2\/posts\/5619\/revisions"}],"wp:featuredmedia":[{"embeddable":true,"href":"https:\/\/kuzeyinsesi.org\/index.php\/wp-json\/wp\/v2\/media\/5620"}],"wp:attachment":[{"href":"https:\/\/kuzeyinsesi.org\/index.php\/wp-json\/wp\/v2\/media?parent=5619"}],"wp:term":[{"taxonomy":"category","embeddable":true,"href":"https:\/\/kuzeyinsesi.org\/index.php\/wp-json\/wp\/v2\/categories?post=5619"},{"taxonomy":"post_tag","embeddable":true,"href":"https:\/\/kuzeyinsesi.org\/index.php\/wp-json\/wp\/v2\/tags?post=5619"}],"curies":[{"name":"wp","href":"https:\/\/api.w.org\/{rel}","templated":true}]}}