{"id":5603,"date":"2024-07-01T13:10:58","date_gmt":"2024-07-01T10:10:58","guid":{"rendered":"https:\/\/kuzeyinsesi.com\/index.php\/2024\/07\/01\/46-guzelyurt-portakal-festivali-sona-erdi\/"},"modified":"2024-07-01T13:10:58","modified_gmt":"2024-07-01T10:10:58","slug":"46-guzelyurt-portakal-festivali-sona-erdi","status":"publish","type":"post","link":"https:\/\/kuzeyinsesi.org\/index.php\/2024\/07\/01\/46-guzelyurt-portakal-festivali-sona-erdi\/","title":{"rendered":"46. G\u00fczelyurt Portakal Festivali sona erdi"},"content":{"rendered":"<div>\n<div class=\"mariselle-image-container center\">\n                                            <\/div>\n<p>G\u00fczelyurt Belediyesi taraf\u0131ndan d\u00fczenlenen 46. G\u00fczelyurt Portakal Festivali sona erdi.<\/p>\n<p>Bir hafta boyunca renkli etkinliklere ev sahipli\u011fi yapan festivalde d\u00fcn ak\u015fam Irmak Ar\u0131c\u0131 konser verdi.<\/p>\n<p>Festival Park\u0131 Amfi Tiyatro\u2019da yer alan konserde, sevilen \u015fark\u0131lar\u0131n\u0131 seslendiren sanat\u00e7\u0131, b\u00fcy\u00fck be\u011feni toplad\u0131.<\/p>\n<p>Dans\u00e7\u0131lar\u0131yla birlikte sahne alan Irmak Ar\u0131c\u0131, performans\u0131yla ve sesiyle izleyenlere unutulmaz bir gece ya\u015fatt\u0131.<\/p>\n<\/p><\/div>\n<p><script async\n                    defer\n                    crossorigin=\"anonymous\"\n                    src=\"https:\/\/connect.facebook.net\/tr_TR\/sdk.js#xfbml=1&#038;version=v3.3\"\n            ><\/script><\/p>\n","protected":false},"excerpt":{"rendered":"<p>G\u00fczelyurt Belediyesi taraf\u0131ndan d\u00fczenlenen 46. G\u00fczelyurt Portakal Festivali sona erdi. Bir hafta boyunca renkli etkinliklere ev sahipli\u011fi yapan festivalde d\u00fcn ak\u015fam Irmak Ar\u0131c\u0131 konser verdi. Festival Park\u0131 Amfi Tiyatro\u2019da yer alan konserde, sevilen \u015fark\u0131lar\u0131n\u0131 seslendiren sanat\u00e7\u0131, b\u00fcy\u00fck be\u011feni toplad\u0131. Dans\u00e7\u0131lar\u0131yla birlikte sahne alan Irmak Ar\u0131c\u0131, performans\u0131yla ve sesiyle izleyenlere unutulmaz bir gece ya\u015fatt\u0131.<\/p>\n","protected":false},"author":1,"featured_media":5604,"comment_status":"open","ping_status":"open","sticky":false,"template":"","format":"standard","meta":{"jnews-multi-image_gallery":[],"jnews_single_post":[],"jnews_primary_category":[],"jnews_social_meta":[],"jnews_override_counter":[],"footnotes":""},"categories":[6],"tags":[],"class_list":["post-5603","post","type-post","status-publish","format-standard","has-post-thumbnail","hentry","category-yasam"],"yoast_head":"<!-- This site is optimized with the Yoast SEO plugin v27.5 - https:\/\/yoast.com\/product\/yoast-seo-wordpress\/ -->\n<title>46. G\u00fczelyurt Portakal Festivali sona erdi - Kuzeyin Sesi<\/title>\n<meta name=\"robots\" content=\"index, follow, max-snippet:-1, max-image-preview:large, max-video-preview:-1\" \/>\n<link rel=\"canonical\" href=\"https:\/\/kuzeyinsesi.org\/index.php\/2024\/07\/01\/46-guzelyurt-portakal-festivali-sona-erdi\/\" \/>\n<meta property=\"og:locale\" content=\"tr_TR\" \/>\n<meta property=\"og:type\" content=\"article\" \/>\n<meta property=\"og:title\" content=\"46. G\u00fczelyurt Portakal Festivali sona erdi - Kuzeyin Sesi\" \/>\n<meta property=\"og:description\" content=\"G\u00fczelyurt Belediyesi taraf\u0131ndan d\u00fczenlenen 46. G\u00fczelyurt Portakal Festivali sona erdi. Bir hafta boyunca renkli etkinliklere ev sahipli\u011fi yapan festivalde d\u00fcn ak\u015fam Irmak Ar\u0131c\u0131 konser verdi. Festival Park\u0131 Amfi Tiyatro\u2019da yer alan konserde, sevilen \u015fark\u0131lar\u0131n\u0131 seslendiren sanat\u00e7\u0131, b\u00fcy\u00fck be\u011feni toplad\u0131. Dans\u00e7\u0131lar\u0131yla birlikte sahne alan Irmak Ar\u0131c\u0131, performans\u0131yla ve sesiyle izleyenlere unutulmaz bir gece ya\u015fatt\u0131.\" \/>\n<meta property=\"og:url\" content=\"https:\/\/kuzeyinsesi.org\/index.php\/2024\/07\/01\/46-guzelyurt-portakal-festivali-sona-erdi\/\" \/>\n<meta property=\"og:site_name\" content=\"Kuzeyin Sesi\" \/>\n<meta property=\"article:publisher\" content=\"https:\/\/www.facebook.com\/kuzeyinsesii\" \/>\n<meta property=\"article:published_time\" content=\"2024-07-01T10:10:58+00:00\" \/>\n<meta property=\"og:image\" content=\"https:\/\/kuzeyinsesi.org\/wp-content\/uploads\/2024\/07\/14141414.jpg\" \/>\n\t<meta property=\"og:image:width\" content=\"688\" \/>\n\t<meta property=\"og:image:height\" content=\"371\" \/>\n\t<meta property=\"og:image:type\" content=\"image\/jpeg\" \/>\n<meta name=\"author\" content=\"Kuzeyin Sesi\" \/>\n<meta name=\"twitter:card\" content=\"summary_large_image\" \/>\n<meta name=\"twitter:creator\" content=\"@kuzeyinsesii\" \/>\n<meta name=\"twitter:site\" content=\"@kuzeyinsesii\" \/>\n<meta name=\"twitter:label1\" content=\"Yazan:\" \/>\n\t<meta name=\"twitter:data1\" content=\"Kuzeyin Sesi\" \/>\n<script type=\"application\/ld+json\" class=\"yoast-schema-graph\">{\"@context\":\"https:\\\/\\\/schema.org\",\"@graph\":[{\"@type\":\"Article\",\"@id\":\"https:\\\/\\\/kuzeyinsesi.org\\\/index.php\\\/2024\\\/07\\\/01\\\/46-guzelyurt-portakal-festivali-sona-erdi\\\/#article\",\"isPartOf\":{\"@id\":\"https:\\\/\\\/kuzeyinsesi.org\\\/index.php\\\/2024\\\/07\\\/01\\\/46-guzelyurt-portakal-festivali-sona-erdi\\\/\"},\"author\":{\"name\":\"Kuzeyin Sesi\",\"@id\":\"https:\\\/\\\/kuzeyinsesi.org\\\/#\\\/schema\\\/person\\\/9f859689cdf01485597712386e37f5aa\"},\"headline\":\"46. G\u00fczelyurt Portakal Festivali sona erdi\",\"datePublished\":\"2024-07-01T10:10:58+00:00\",\"mainEntityOfPage\":{\"@id\":\"https:\\\/\\\/kuzeyinsesi.org\\\/index.php\\\/2024\\\/07\\\/01\\\/46-guzelyurt-portakal-festivali-sona-erdi\\\/\"},\"wordCount\":77,\"commentCount\":0,\"image\":{\"@id\":\"https:\\\/\\\/kuzeyinsesi.org\\\/index.php\\\/2024\\\/07\\\/01\\\/46-guzelyurt-portakal-festivali-sona-erdi\\\/#primaryimage\"},\"thumbnailUrl\":\"https:\\\/\\\/kuzeyinsesi.org\\\/wp-content\\\/uploads\\\/2024\\\/07\\\/14141414.jpg\",\"articleSection\":[\"Ya\u015fam\"],\"inLanguage\":\"tr\",\"potentialAction\":[{\"@type\":\"CommentAction\",\"name\":\"Comment\",\"target\":[\"https:\\\/\\\/kuzeyinsesi.org\\\/index.php\\\/2024\\\/07\\\/01\\\/46-guzelyurt-portakal-festivali-sona-erdi\\\/#respond\"]}]},{\"@type\":\"WebPage\",\"@id\":\"https:\\\/\\\/kuzeyinsesi.org\\\/index.php\\\/2024\\\/07\\\/01\\\/46-guzelyurt-portakal-festivali-sona-erdi\\\/\",\"url\":\"https:\\\/\\\/kuzeyinsesi.org\\\/index.php\\\/2024\\\/07\\\/01\\\/46-guzelyurt-portakal-festivali-sona-erdi\\\/\",\"name\":\"46. G\u00fczelyurt Portakal Festivali sona erdi - Kuzeyin Sesi\",\"isPartOf\":{\"@id\":\"https:\\\/\\\/kuzeyinsesi.org\\\/#website\"},\"primaryImageOfPage\":{\"@id\":\"https:\\\/\\\/kuzeyinsesi.org\\\/index.php\\\/2024\\\/07\\\/01\\\/46-guzelyurt-portakal-festivali-sona-erdi\\\/#primaryimage\"},\"image\":{\"@id\":\"https:\\\/\\\/kuzeyinsesi.org\\\/index.php\\\/2024\\\/07\\\/01\\\/46-guzelyurt-portakal-festivali-sona-erdi\\\/#primaryimage\"},\"thumbnailUrl\":\"https:\\\/\\\/kuzeyinsesi.org\\\/wp-content\\\/uploads\\\/2024\\\/07\\\/14141414.jpg\",\"datePublished\":\"2024-07-01T10:10:58+00:00\",\"author\":{\"@id\":\"https:\\\/\\\/kuzeyinsesi.org\\\/#\\\/schema\\\/person\\\/9f859689cdf01485597712386e37f5aa\"},\"breadcrumb\":{\"@id\":\"https:\\\/\\\/kuzeyinsesi.org\\\/index.php\\\/2024\\\/07\\\/01\\\/46-guzelyurt-portakal-festivali-sona-erdi\\\/#breadcrumb\"},\"inLanguage\":\"tr\",\"potentialAction\":[{\"@type\":\"ReadAction\",\"target\":[\"https:\\\/\\\/kuzeyinsesi.org\\\/index.php\\\/2024\\\/07\\\/01\\\/46-guzelyurt-portakal-festivali-sona-erdi\\\/\"]}]},{\"@type\":\"ImageObject\",\"inLanguage\":\"tr\",\"@id\":\"https:\\\/\\\/kuzeyinsesi.org\\\/index.php\\\/2024\\\/07\\\/01\\\/46-guzelyurt-portakal-festivali-sona-erdi\\\/#primaryimage\",\"url\":\"https:\\\/\\\/kuzeyinsesi.org\\\/wp-content\\\/uploads\\\/2024\\\/07\\\/14141414.jpg\",\"contentUrl\":\"https:\\\/\\\/kuzeyinsesi.org\\\/wp-content\\\/uploads\\\/2024\\\/07\\\/14141414.jpg\",\"width\":688,\"height\":371},{\"@type\":\"BreadcrumbList\",\"@id\":\"https:\\\/\\\/kuzeyinsesi.org\\\/index.php\\\/2024\\\/07\\\/01\\\/46-guzelyurt-portakal-festivali-sona-erdi\\\/#breadcrumb\",\"itemListElement\":[{\"@type\":\"ListItem\",\"position\":1,\"name\":\"Anasayfa\",\"item\":\"https:\\\/\\\/kuzeyinsesi.org\\\/\"},{\"@type\":\"ListItem\",\"position\":2,\"name\":\"46. G\u00fczelyurt Portakal Festivali sona erdi\"}]},{\"@type\":\"WebSite\",\"@id\":\"https:\\\/\\\/kuzeyinsesi.org\\\/#website\",\"url\":\"https:\\\/\\\/kuzeyinsesi.org\\\/\",\"name\":\"Kuzeyin Sesi\",\"description\":\"Do\u011fru Haberin Adresi\",\"potentialAction\":[{\"@type\":\"SearchAction\",\"target\":{\"@type\":\"EntryPoint\",\"urlTemplate\":\"https:\\\/\\\/kuzeyinsesi.org\\\/?s={search_term_string}\"},\"query-input\":{\"@type\":\"PropertyValueSpecification\",\"valueRequired\":true,\"valueName\":\"search_term_string\"}}],\"inLanguage\":\"tr\"},{\"@type\":\"Person\",\"@id\":\"https:\\\/\\\/kuzeyinsesi.org\\\/#\\\/schema\\\/person\\\/9f859689cdf01485597712386e37f5aa\",\"name\":\"Kuzeyin Sesi\",\"image\":{\"@type\":\"ImageObject\",\"inLanguage\":\"tr\",\"@id\":\"https:\\\/\\\/secure.gravatar.com\\\/avatar\\\/bab33852abfd8b282518d6ed81826833d77c3c882d9ab608add591ccace47a44?s=96&d=mm&r=g\",\"url\":\"https:\\\/\\\/secure.gravatar.com\\\/avatar\\\/bab33852abfd8b282518d6ed81826833d77c3c882d9ab608add591ccace47a44?s=96&d=mm&r=g\",\"contentUrl\":\"https:\\\/\\\/secure.gravatar.com\\\/avatar\\\/bab33852abfd8b282518d6ed81826833d77c3c882d9ab608add591ccace47a44?s=96&d=mm&r=g\",\"caption\":\"Kuzeyin Sesi\"},\"sameAs\":[\"https:\\\/\\\/kuzeyinsesi.org\"],\"url\":\"https:\\\/\\\/kuzeyinsesi.org\\\/index.php\\\/author\\\/guven\\\/\"}]}<\/script>\n<!-- \/ Yoast SEO plugin. -->","yoast_head_json":{"title":"46. G\u00fczelyurt Portakal Festivali sona erdi - Kuzeyin Sesi","robots":{"index":"index","follow":"follow","max-snippet":"max-snippet:-1","max-image-preview":"max-image-preview:large","max-video-preview":"max-video-preview:-1"},"canonical":"https:\/\/kuzeyinsesi.org\/index.php\/2024\/07\/01\/46-guzelyurt-portakal-festivali-sona-erdi\/","og_locale":"tr_TR","og_type":"article","og_title":"46. G\u00fczelyurt Portakal Festivali sona erdi - Kuzeyin Sesi","og_description":"G\u00fczelyurt Belediyesi taraf\u0131ndan d\u00fczenlenen 46. G\u00fczelyurt Portakal Festivali sona erdi. Bir hafta boyunca renkli etkinliklere ev sahipli\u011fi yapan festivalde d\u00fcn ak\u015fam Irmak Ar\u0131c\u0131 konser verdi. Festival Park\u0131 Amfi Tiyatro\u2019da yer alan konserde, sevilen \u015fark\u0131lar\u0131n\u0131 seslendiren sanat\u00e7\u0131, b\u00fcy\u00fck be\u011feni toplad\u0131. Dans\u00e7\u0131lar\u0131yla birlikte sahne alan Irmak Ar\u0131c\u0131, performans\u0131yla ve sesiyle izleyenlere unutulmaz bir gece ya\u015fatt\u0131.","og_url":"https:\/\/kuzeyinsesi.org\/index.php\/2024\/07\/01\/46-guzelyurt-portakal-festivali-sona-erdi\/","og_site_name":"Kuzeyin Sesi","article_publisher":"https:\/\/www.facebook.com\/kuzeyinsesii","article_published_time":"2024-07-01T10:10:58+00:00","og_image":[{"width":688,"height":371,"url":"https:\/\/kuzeyinsesi.org\/wp-content\/uploads\/2024\/07\/14141414.jpg","type":"image\/jpeg"}],"author":"Kuzeyin Sesi","twitter_card":"summary_large_image","twitter_creator":"@kuzeyinsesii","twitter_site":"@kuzeyinsesii","twitter_misc":{"Yazan:":"Kuzeyin Sesi"},"schema":{"@context":"https:\/\/schema.org","@graph":[{"@type":"Article","@id":"https:\/\/kuzeyinsesi.org\/index.php\/2024\/07\/01\/46-guzelyurt-portakal-festivali-sona-erdi\/#article","isPartOf":{"@id":"https:\/\/kuzeyinsesi.org\/index.php\/2024\/07\/01\/46-guzelyurt-portakal-festivali-sona-erdi\/"},"author":{"name":"Kuzeyin Sesi","@id":"https:\/\/kuzeyinsesi.org\/#\/schema\/person\/9f859689cdf01485597712386e37f5aa"},"headline":"46. G\u00fczelyurt Portakal Festivali sona erdi","datePublished":"2024-07-01T10:10:58+00:00","mainEntityOfPage":{"@id":"https:\/\/kuzeyinsesi.org\/index.php\/2024\/07\/01\/46-guzelyurt-portakal-festivali-sona-erdi\/"},"wordCount":77,"commentCount":0,"image":{"@id":"https:\/\/kuzeyinsesi.org\/index.php\/2024\/07\/01\/46-guzelyurt-portakal-festivali-sona-erdi\/#primaryimage"},"thumbnailUrl":"https:\/\/kuzeyinsesi.org\/wp-content\/uploads\/2024\/07\/14141414.jpg","articleSection":["Ya\u015fam"],"inLanguage":"tr","potentialAction":[{"@type":"CommentAction","name":"Comment","target":["https:\/\/kuzeyinsesi.org\/index.php\/2024\/07\/01\/46-guzelyurt-portakal-festivali-sona-erdi\/#respond"]}]},{"@type":"WebPage","@id":"https:\/\/kuzeyinsesi.org\/index.php\/2024\/07\/01\/46-guzelyurt-portakal-festivali-sona-erdi\/","url":"https:\/\/kuzeyinsesi.org\/index.php\/2024\/07\/01\/46-guzelyurt-portakal-festivali-sona-erdi\/","name":"46. G\u00fczelyurt Portakal Festivali sona erdi - Kuzeyin Sesi","isPartOf":{"@id":"https:\/\/kuzeyinsesi.org\/#website"},"primaryImageOfPage":{"@id":"https:\/\/kuzeyinsesi.org\/index.php\/2024\/07\/01\/46-guzelyurt-portakal-festivali-sona-erdi\/#primaryimage"},"image":{"@id":"https:\/\/kuzeyinsesi.org\/index.php\/2024\/07\/01\/46-guzelyurt-portakal-festivali-sona-erdi\/#primaryimage"},"thumbnailUrl":"https:\/\/kuzeyinsesi.org\/wp-content\/uploads\/2024\/07\/14141414.jpg","datePublished":"2024-07-01T10:10:58+00:00","author":{"@id":"https:\/\/kuzeyinsesi.org\/#\/schema\/person\/9f859689cdf01485597712386e37f5aa"},"breadcrumb":{"@id":"https:\/\/kuzeyinsesi.org\/index.php\/2024\/07\/01\/46-guzelyurt-portakal-festivali-sona-erdi\/#breadcrumb"},"inLanguage":"tr","potentialAction":[{"@type":"ReadAction","target":["https:\/\/kuzeyinsesi.org\/index.php\/2024\/07\/01\/46-guzelyurt-portakal-festivali-sona-erdi\/"]}]},{"@type":"ImageObject","inLanguage":"tr","@id":"https:\/\/kuzeyinsesi.org\/index.php\/2024\/07\/01\/46-guzelyurt-portakal-festivali-sona-erdi\/#primaryimage","url":"https:\/\/kuzeyinsesi.org\/wp-content\/uploads\/2024\/07\/14141414.jpg","contentUrl":"https:\/\/kuzeyinsesi.org\/wp-content\/uploads\/2024\/07\/14141414.jpg","width":688,"height":371},{"@type":"BreadcrumbList","@id":"https:\/\/kuzeyinsesi.org\/index.php\/2024\/07\/01\/46-guzelyurt-portakal-festivali-sona-erdi\/#breadcrumb","itemListElement":[{"@type":"ListItem","position":1,"name":"Anasayfa","item":"https:\/\/kuzeyinsesi.org\/"},{"@type":"ListItem","position":2,"name":"46. G\u00fczelyurt Portakal Festivali sona erdi"}]},{"@type":"WebSite","@id":"https:\/\/kuzeyinsesi.org\/#website","url":"https:\/\/kuzeyinsesi.org\/","name":"Kuzeyin Sesi","description":"Do\u011fru Haberin Adresi","potentialAction":[{"@type":"SearchAction","target":{"@type":"EntryPoint","urlTemplate":"https:\/\/kuzeyinsesi.org\/?s={search_term_string}"},"query-input":{"@type":"PropertyValueSpecification","valueRequired":true,"valueName":"search_term_string"}}],"inLanguage":"tr"},{"@type":"Person","@id":"https:\/\/kuzeyinsesi.org\/#\/schema\/person\/9f859689cdf01485597712386e37f5aa","name":"Kuzeyin Sesi","image":{"@type":"ImageObject","inLanguage":"tr","@id":"https:\/\/secure.gravatar.com\/avatar\/bab33852abfd8b282518d6ed81826833d77c3c882d9ab608add591ccace47a44?s=96&d=mm&r=g","url":"https:\/\/secure.gravatar.com\/avatar\/bab33852abfd8b282518d6ed81826833d77c3c882d9ab608add591ccace47a44?s=96&d=mm&r=g","contentUrl":"https:\/\/secure.gravatar.com\/avatar\/bab33852abfd8b282518d6ed81826833d77c3c882d9ab608add591ccace47a44?s=96&d=mm&r=g","caption":"Kuzeyin Sesi"},"sameAs":["https:\/\/kuzeyinsesi.org"],"url":"https:\/\/kuzeyinsesi.org\/index.php\/author\/guven\/"}]}},"_links":{"self":[{"href":"https:\/\/kuzeyinsesi.org\/index.php\/wp-json\/wp\/v2\/posts\/5603","targetHints":{"allow":["GET"]}}],"collection":[{"href":"https:\/\/kuzeyinsesi.org\/index.php\/wp-json\/wp\/v2\/posts"}],"about":[{"href":"https:\/\/kuzeyinsesi.org\/index.php\/wp-json\/wp\/v2\/types\/post"}],"author":[{"embeddable":true,"href":"https:\/\/kuzeyinsesi.org\/index.php\/wp-json\/wp\/v2\/users\/1"}],"replies":[{"embeddable":true,"href":"https:\/\/kuzeyinsesi.org\/index.php\/wp-json\/wp\/v2\/comments?post=5603"}],"version-history":[{"count":0,"href":"https:\/\/kuzeyinsesi.org\/index.php\/wp-json\/wp\/v2\/posts\/5603\/revisions"}],"wp:featuredmedia":[{"embeddable":true,"href":"https:\/\/kuzeyinsesi.org\/index.php\/wp-json\/wp\/v2\/media\/5604"}],"wp:attachment":[{"href":"https:\/\/kuzeyinsesi.org\/index.php\/wp-json\/wp\/v2\/media?parent=5603"}],"wp:term":[{"taxonomy":"category","embeddable":true,"href":"https:\/\/kuzeyinsesi.org\/index.php\/wp-json\/wp\/v2\/categories?post=5603"},{"taxonomy":"post_tag","embeddable":true,"href":"https:\/\/kuzeyinsesi.org\/index.php\/wp-json\/wp\/v2\/tags?post=5603"}],"curies":[{"name":"wp","href":"https:\/\/api.w.org\/{rel}","templated":true}]}}