{"id":5573,"date":"2024-06-30T15:41:20","date_gmt":"2024-06-30T12:41:20","guid":{"rendered":"https:\/\/kuzeyinsesi.com\/index.php\/2024\/06\/30\/geleneksel-iskele-festivali-27-uluslararasi-halk-danslari-festivali-ile-devam-ediyor\/"},"modified":"2024-06-30T15:41:20","modified_gmt":"2024-06-30T12:41:20","slug":"geleneksel-iskele-festivali-27-uluslararasi-halk-danslari-festivali-ile-devam-ediyor","status":"publish","type":"post","link":"https:\/\/kuzeyinsesi.org\/index.php\/2024\/06\/30\/geleneksel-iskele-festivali-27-uluslararasi-halk-danslari-festivali-ile-devam-ediyor\/","title":{"rendered":"Geleneksel \u0130skele Festivali 27. Uluslararas\u0131 Halk Danslar\u0131 Festivali ile devam ediyor"},"content":{"rendered":"<div>\n<div class=\"mariselle-image-container center\">\n                                            <\/div>\n<p>5 y\u0131ll\u0131k aran\u0131n ard\u0131ndan bu y\u0131l 52.\u2019si ger\u00e7ekle\u015fen Geleneksel \u0130skele Festivali, 27. Uluslararas\u0131 Halk Danslar\u0131 Festivali ile devam ediyor.<\/p>\n<p>Belediyeden verilen bilgiye g\u00f6re, T\u00fcrkiye, Rusya, Bolivya, Macaristan, \u0130ran ve Uruguay halk danslar\u0131 ekipleri, 27. Uluslararas\u0131 Halk Danslar\u0131 Festivali kapsam\u0131nda \u0130skele\u2019de bulu\u015ftu.<\/p>\n<p>\u0130skele Belediyesi A\u00e7\u0131k Hava K\u00fclt\u00fcr Merkezi\u2019nde ger\u00e7ekle\u015fen geceyi \u0130skele Belediye Ba\u015fkan\u0131 Hasan Sad\u0131ko\u011flu ve e\u015fi \u00d6zlem Sad\u0131ko\u011flu\u2019nun yan\u0131 s\u0131ra Meclis \u00dcyeleri ile \u0130skele Belediyesi Halk Danslar\u0131 Y\u00f6netmeni, CIOFF KKTC Ba\u015fkan\u0131 \u00d6zlem Kadira\u011fa, CIOFF temsilcileri ile halk izledi.<\/p>\n<p>\u0130skele Belediyesi Halk Danslar\u0131 Y\u00f6netmeni ayn\u0131 zamanda CIOFF KKTC Ba\u015fkan\u0131 olan \u00d6zlem Kadira\u011fa\u2019n\u0131n organizasyonunda d\u00fczenlenen 27. Uluslararas\u0131 Halk Danslar\u0131 Festivali d\u00fcn ak\u015fam festivale kat\u0131lan ekiplerin tan\u0131t\u0131m g\u00f6sterileri ile devam etti.<\/p>\n<p>Gecede, seslendirdi\u011fi K\u0131br\u0131s \u015fark\u0131lar\u0131yla Grup Otantik sahne ald\u0131.<\/p>\n<p>52. \u0130skele Festivali bu ak\u015fam \u0130skele Belediyesi 27. Uluslararas\u0131 Halk Danslar\u0131 Festivali\u2019ne kat\u0131lan ekiplerin, Geleneksel Kost\u00fcm Defilesi ile Bay ve Bayan Festival G\u00fczeli Se\u00e7imi ile devam edecek.<\/p>\n<\/p><\/div>\n<p><script async\n                    defer\n                    crossorigin=\"anonymous\"\n                    src=\"https:\/\/connect.facebook.net\/tr_TR\/sdk.js#xfbml=1&#038;version=v3.3\"\n            ><\/script><\/p>\n","protected":false},"excerpt":{"rendered":"<p>5 y\u0131ll\u0131k aran\u0131n ard\u0131ndan bu y\u0131l 52.\u2019si ger\u00e7ekle\u015fen Geleneksel \u0130skele Festivali, 27. Uluslararas\u0131 Halk Danslar\u0131 Festivali ile devam ediyor. Belediyeden verilen bilgiye g\u00f6re, T\u00fcrkiye, Rusya, Bolivya, Macaristan, \u0130ran ve Uruguay halk danslar\u0131 ekipleri, 27. Uluslararas\u0131 Halk Danslar\u0131 Festivali kapsam\u0131nda \u0130skele\u2019de bulu\u015ftu. \u0130skele Belediyesi A\u00e7\u0131k Hava K\u00fclt\u00fcr Merkezi\u2019nde ger\u00e7ekle\u015fen geceyi \u0130skele Belediye Ba\u015fkan\u0131 Hasan Sad\u0131ko\u011flu ve [&hellip;]<\/p>\n","protected":false},"author":1,"featured_media":5574,"comment_status":"open","ping_status":"open","sticky":false,"template":"","format":"standard","meta":{"jnews-multi-image_gallery":[],"jnews_single_post":[],"jnews_primary_category":[],"jnews_social_meta":[],"jnews_override_counter":[],"footnotes":""},"categories":[6],"tags":[],"class_list":["post-5573","post","type-post","status-publish","format-standard","has-post-thumbnail","hentry","category-yasam"],"yoast_head":"<!-- This site is optimized with the Yoast SEO plugin v27.5 - https:\/\/yoast.com\/product\/yoast-seo-wordpress\/ -->\n<title>Geleneksel \u0130skele Festivali 27. Uluslararas\u0131 Halk Danslar\u0131 Festivali ile devam ediyor - Kuzeyin Sesi<\/title>\n<meta name=\"robots\" content=\"index, follow, max-snippet:-1, max-image-preview:large, max-video-preview:-1\" \/>\n<link rel=\"canonical\" href=\"https:\/\/kuzeyinsesi.org\/index.php\/2024\/06\/30\/geleneksel-iskele-festivali-27-uluslararasi-halk-danslari-festivali-ile-devam-ediyor\/\" \/>\n<meta property=\"og:locale\" content=\"tr_TR\" \/>\n<meta property=\"og:type\" content=\"article\" \/>\n<meta property=\"og:title\" content=\"Geleneksel \u0130skele Festivali 27. Uluslararas\u0131 Halk Danslar\u0131 Festivali ile devam ediyor - Kuzeyin Sesi\" \/>\n<meta property=\"og:description\" content=\"5 y\u0131ll\u0131k aran\u0131n ard\u0131ndan bu y\u0131l 52.\u2019si ger\u00e7ekle\u015fen Geleneksel \u0130skele Festivali, 27. Uluslararas\u0131 Halk Danslar\u0131 Festivali ile devam ediyor. Belediyeden verilen bilgiye g\u00f6re, T\u00fcrkiye, Rusya, Bolivya, Macaristan, \u0130ran ve Uruguay halk danslar\u0131 ekipleri, 27. Uluslararas\u0131 Halk Danslar\u0131 Festivali kapsam\u0131nda \u0130skele\u2019de bulu\u015ftu. \u0130skele Belediyesi A\u00e7\u0131k Hava K\u00fclt\u00fcr Merkezi\u2019nde ger\u00e7ekle\u015fen geceyi \u0130skele Belediye Ba\u015fkan\u0131 Hasan Sad\u0131ko\u011flu ve [&hellip;]\" \/>\n<meta property=\"og:url\" content=\"https:\/\/kuzeyinsesi.org\/index.php\/2024\/06\/30\/geleneksel-iskele-festivali-27-uluslararasi-halk-danslari-festivali-ile-devam-ediyor\/\" \/>\n<meta property=\"og:site_name\" content=\"Kuzeyin Sesi\" \/>\n<meta property=\"article:publisher\" content=\"https:\/\/www.facebook.com\/kuzeyinsesii\" \/>\n<meta property=\"article:published_time\" content=\"2024-06-30T12:41:20+00:00\" \/>\n<meta property=\"og:image\" content=\"https:\/\/kuzeyinsesi.org\/wp-content\/uploads\/2024\/06\/halk-danslari-festivali-tanitim-gecesi4.jpg\" \/>\n\t<meta property=\"og:image:width\" content=\"1620\" \/>\n\t<meta property=\"og:image:height\" content=\"1080\" \/>\n\t<meta property=\"og:image:type\" content=\"image\/jpeg\" \/>\n<meta name=\"author\" content=\"Kuzeyin Sesi\" \/>\n<meta name=\"twitter:card\" content=\"summary_large_image\" \/>\n<meta name=\"twitter:creator\" content=\"@kuzeyinsesii\" \/>\n<meta name=\"twitter:site\" content=\"@kuzeyinsesii\" \/>\n<meta name=\"twitter:label1\" content=\"Yazan:\" \/>\n\t<meta name=\"twitter:data1\" content=\"Kuzeyin Sesi\" \/>\n\t<meta name=\"twitter:label2\" content=\"Tahmini okuma s\u00fcresi\" \/>\n\t<meta name=\"twitter:data2\" content=\"1 dakika\" \/>\n<script type=\"application\/ld+json\" class=\"yoast-schema-graph\">{\"@context\":\"https:\\\/\\\/schema.org\",\"@graph\":[{\"@type\":\"Article\",\"@id\":\"https:\\\/\\\/kuzeyinsesi.org\\\/index.php\\\/2024\\\/06\\\/30\\\/geleneksel-iskele-festivali-27-uluslararasi-halk-danslari-festivali-ile-devam-ediyor\\\/#article\",\"isPartOf\":{\"@id\":\"https:\\\/\\\/kuzeyinsesi.org\\\/index.php\\\/2024\\\/06\\\/30\\\/geleneksel-iskele-festivali-27-uluslararasi-halk-danslari-festivali-ile-devam-ediyor\\\/\"},\"author\":{\"name\":\"Kuzeyin Sesi\",\"@id\":\"https:\\\/\\\/kuzeyinsesi.org\\\/#\\\/schema\\\/person\\\/9f859689cdf01485597712386e37f5aa\"},\"headline\":\"Geleneksel \u0130skele Festivali 27. Uluslararas\u0131 Halk Danslar\u0131 Festivali ile devam ediyor\",\"datePublished\":\"2024-06-30T12:41:20+00:00\",\"mainEntityOfPage\":{\"@id\":\"https:\\\/\\\/kuzeyinsesi.org\\\/index.php\\\/2024\\\/06\\\/30\\\/geleneksel-iskele-festivali-27-uluslararasi-halk-danslari-festivali-ile-devam-ediyor\\\/\"},\"wordCount\":199,\"commentCount\":0,\"image\":{\"@id\":\"https:\\\/\\\/kuzeyinsesi.org\\\/index.php\\\/2024\\\/06\\\/30\\\/geleneksel-iskele-festivali-27-uluslararasi-halk-danslari-festivali-ile-devam-ediyor\\\/#primaryimage\"},\"thumbnailUrl\":\"https:\\\/\\\/kuzeyinsesi.org\\\/wp-content\\\/uploads\\\/2024\\\/06\\\/halk-danslari-festivali-tanitim-gecesi4.jpg\",\"articleSection\":[\"Ya\u015fam\"],\"inLanguage\":\"tr\",\"potentialAction\":[{\"@type\":\"CommentAction\",\"name\":\"Comment\",\"target\":[\"https:\\\/\\\/kuzeyinsesi.org\\\/index.php\\\/2024\\\/06\\\/30\\\/geleneksel-iskele-festivali-27-uluslararasi-halk-danslari-festivali-ile-devam-ediyor\\\/#respond\"]}]},{\"@type\":\"WebPage\",\"@id\":\"https:\\\/\\\/kuzeyinsesi.org\\\/index.php\\\/2024\\\/06\\\/30\\\/geleneksel-iskele-festivali-27-uluslararasi-halk-danslari-festivali-ile-devam-ediyor\\\/\",\"url\":\"https:\\\/\\\/kuzeyinsesi.org\\\/index.php\\\/2024\\\/06\\\/30\\\/geleneksel-iskele-festivali-27-uluslararasi-halk-danslari-festivali-ile-devam-ediyor\\\/\",\"name\":\"Geleneksel \u0130skele Festivali 27. Uluslararas\u0131 Halk Danslar\u0131 Festivali ile devam ediyor - Kuzeyin Sesi\",\"isPartOf\":{\"@id\":\"https:\\\/\\\/kuzeyinsesi.org\\\/#website\"},\"primaryImageOfPage\":{\"@id\":\"https:\\\/\\\/kuzeyinsesi.org\\\/index.php\\\/2024\\\/06\\\/30\\\/geleneksel-iskele-festivali-27-uluslararasi-halk-danslari-festivali-ile-devam-ediyor\\\/#primaryimage\"},\"image\":{\"@id\":\"https:\\\/\\\/kuzeyinsesi.org\\\/index.php\\\/2024\\\/06\\\/30\\\/geleneksel-iskele-festivali-27-uluslararasi-halk-danslari-festivali-ile-devam-ediyor\\\/#primaryimage\"},\"thumbnailUrl\":\"https:\\\/\\\/kuzeyinsesi.org\\\/wp-content\\\/uploads\\\/2024\\\/06\\\/halk-danslari-festivali-tanitim-gecesi4.jpg\",\"datePublished\":\"2024-06-30T12:41:20+00:00\",\"author\":{\"@id\":\"https:\\\/\\\/kuzeyinsesi.org\\\/#\\\/schema\\\/person\\\/9f859689cdf01485597712386e37f5aa\"},\"breadcrumb\":{\"@id\":\"https:\\\/\\\/kuzeyinsesi.org\\\/index.php\\\/2024\\\/06\\\/30\\\/geleneksel-iskele-festivali-27-uluslararasi-halk-danslari-festivali-ile-devam-ediyor\\\/#breadcrumb\"},\"inLanguage\":\"tr\",\"potentialAction\":[{\"@type\":\"ReadAction\",\"target\":[\"https:\\\/\\\/kuzeyinsesi.org\\\/index.php\\\/2024\\\/06\\\/30\\\/geleneksel-iskele-festivali-27-uluslararasi-halk-danslari-festivali-ile-devam-ediyor\\\/\"]}]},{\"@type\":\"ImageObject\",\"inLanguage\":\"tr\",\"@id\":\"https:\\\/\\\/kuzeyinsesi.org\\\/index.php\\\/2024\\\/06\\\/30\\\/geleneksel-iskele-festivali-27-uluslararasi-halk-danslari-festivali-ile-devam-ediyor\\\/#primaryimage\",\"url\":\"https:\\\/\\\/kuzeyinsesi.org\\\/wp-content\\\/uploads\\\/2024\\\/06\\\/halk-danslari-festivali-tanitim-gecesi4.jpg\",\"contentUrl\":\"https:\\\/\\\/kuzeyinsesi.org\\\/wp-content\\\/uploads\\\/2024\\\/06\\\/halk-danslari-festivali-tanitim-gecesi4.jpg\",\"width\":1620,\"height\":1080},{\"@type\":\"BreadcrumbList\",\"@id\":\"https:\\\/\\\/kuzeyinsesi.org\\\/index.php\\\/2024\\\/06\\\/30\\\/geleneksel-iskele-festivali-27-uluslararasi-halk-danslari-festivali-ile-devam-ediyor\\\/#breadcrumb\",\"itemListElement\":[{\"@type\":\"ListItem\",\"position\":1,\"name\":\"Anasayfa\",\"item\":\"https:\\\/\\\/kuzeyinsesi.org\\\/\"},{\"@type\":\"ListItem\",\"position\":2,\"name\":\"Geleneksel \u0130skele Festivali 27. Uluslararas\u0131 Halk Danslar\u0131 Festivali ile devam ediyor\"}]},{\"@type\":\"WebSite\",\"@id\":\"https:\\\/\\\/kuzeyinsesi.org\\\/#website\",\"url\":\"https:\\\/\\\/kuzeyinsesi.org\\\/\",\"name\":\"Kuzeyin Sesi\",\"description\":\"Do\u011fru Haberin Adresi\",\"potentialAction\":[{\"@type\":\"SearchAction\",\"target\":{\"@type\":\"EntryPoint\",\"urlTemplate\":\"https:\\\/\\\/kuzeyinsesi.org\\\/?s={search_term_string}\"},\"query-input\":{\"@type\":\"PropertyValueSpecification\",\"valueRequired\":true,\"valueName\":\"search_term_string\"}}],\"inLanguage\":\"tr\"},{\"@type\":\"Person\",\"@id\":\"https:\\\/\\\/kuzeyinsesi.org\\\/#\\\/schema\\\/person\\\/9f859689cdf01485597712386e37f5aa\",\"name\":\"Kuzeyin Sesi\",\"image\":{\"@type\":\"ImageObject\",\"inLanguage\":\"tr\",\"@id\":\"https:\\\/\\\/secure.gravatar.com\\\/avatar\\\/bab33852abfd8b282518d6ed81826833d77c3c882d9ab608add591ccace47a44?s=96&d=mm&r=g\",\"url\":\"https:\\\/\\\/secure.gravatar.com\\\/avatar\\\/bab33852abfd8b282518d6ed81826833d77c3c882d9ab608add591ccace47a44?s=96&d=mm&r=g\",\"contentUrl\":\"https:\\\/\\\/secure.gravatar.com\\\/avatar\\\/bab33852abfd8b282518d6ed81826833d77c3c882d9ab608add591ccace47a44?s=96&d=mm&r=g\",\"caption\":\"Kuzeyin Sesi\"},\"sameAs\":[\"https:\\\/\\\/kuzeyinsesi.org\"],\"url\":\"https:\\\/\\\/kuzeyinsesi.org\\\/index.php\\\/author\\\/guven\\\/\"}]}<\/script>\n<!-- \/ Yoast SEO plugin. -->","yoast_head_json":{"title":"Geleneksel \u0130skele Festivali 27. Uluslararas\u0131 Halk Danslar\u0131 Festivali ile devam ediyor - Kuzeyin Sesi","robots":{"index":"index","follow":"follow","max-snippet":"max-snippet:-1","max-image-preview":"max-image-preview:large","max-video-preview":"max-video-preview:-1"},"canonical":"https:\/\/kuzeyinsesi.org\/index.php\/2024\/06\/30\/geleneksel-iskele-festivali-27-uluslararasi-halk-danslari-festivali-ile-devam-ediyor\/","og_locale":"tr_TR","og_type":"article","og_title":"Geleneksel \u0130skele Festivali 27. Uluslararas\u0131 Halk Danslar\u0131 Festivali ile devam ediyor - Kuzeyin Sesi","og_description":"5 y\u0131ll\u0131k aran\u0131n ard\u0131ndan bu y\u0131l 52.\u2019si ger\u00e7ekle\u015fen Geleneksel \u0130skele Festivali, 27. Uluslararas\u0131 Halk Danslar\u0131 Festivali ile devam ediyor. Belediyeden verilen bilgiye g\u00f6re, T\u00fcrkiye, Rusya, Bolivya, Macaristan, \u0130ran ve Uruguay halk danslar\u0131 ekipleri, 27. Uluslararas\u0131 Halk Danslar\u0131 Festivali kapsam\u0131nda \u0130skele\u2019de bulu\u015ftu. \u0130skele Belediyesi A\u00e7\u0131k Hava K\u00fclt\u00fcr Merkezi\u2019nde ger\u00e7ekle\u015fen geceyi \u0130skele Belediye Ba\u015fkan\u0131 Hasan Sad\u0131ko\u011flu ve [&hellip;]","og_url":"https:\/\/kuzeyinsesi.org\/index.php\/2024\/06\/30\/geleneksel-iskele-festivali-27-uluslararasi-halk-danslari-festivali-ile-devam-ediyor\/","og_site_name":"Kuzeyin Sesi","article_publisher":"https:\/\/www.facebook.com\/kuzeyinsesii","article_published_time":"2024-06-30T12:41:20+00:00","og_image":[{"width":1620,"height":1080,"url":"https:\/\/kuzeyinsesi.org\/wp-content\/uploads\/2024\/06\/halk-danslari-festivali-tanitim-gecesi4.jpg","type":"image\/jpeg"}],"author":"Kuzeyin Sesi","twitter_card":"summary_large_image","twitter_creator":"@kuzeyinsesii","twitter_site":"@kuzeyinsesii","twitter_misc":{"Yazan:":"Kuzeyin Sesi","Tahmini okuma s\u00fcresi":"1 dakika"},"schema":{"@context":"https:\/\/schema.org","@graph":[{"@type":"Article","@id":"https:\/\/kuzeyinsesi.org\/index.php\/2024\/06\/30\/geleneksel-iskele-festivali-27-uluslararasi-halk-danslari-festivali-ile-devam-ediyor\/#article","isPartOf":{"@id":"https:\/\/kuzeyinsesi.org\/index.php\/2024\/06\/30\/geleneksel-iskele-festivali-27-uluslararasi-halk-danslari-festivali-ile-devam-ediyor\/"},"author":{"name":"Kuzeyin Sesi","@id":"https:\/\/kuzeyinsesi.org\/#\/schema\/person\/9f859689cdf01485597712386e37f5aa"},"headline":"Geleneksel \u0130skele Festivali 27. Uluslararas\u0131 Halk Danslar\u0131 Festivali ile devam ediyor","datePublished":"2024-06-30T12:41:20+00:00","mainEntityOfPage":{"@id":"https:\/\/kuzeyinsesi.org\/index.php\/2024\/06\/30\/geleneksel-iskele-festivali-27-uluslararasi-halk-danslari-festivali-ile-devam-ediyor\/"},"wordCount":199,"commentCount":0,"image":{"@id":"https:\/\/kuzeyinsesi.org\/index.php\/2024\/06\/30\/geleneksel-iskele-festivali-27-uluslararasi-halk-danslari-festivali-ile-devam-ediyor\/#primaryimage"},"thumbnailUrl":"https:\/\/kuzeyinsesi.org\/wp-content\/uploads\/2024\/06\/halk-danslari-festivali-tanitim-gecesi4.jpg","articleSection":["Ya\u015fam"],"inLanguage":"tr","potentialAction":[{"@type":"CommentAction","name":"Comment","target":["https:\/\/kuzeyinsesi.org\/index.php\/2024\/06\/30\/geleneksel-iskele-festivali-27-uluslararasi-halk-danslari-festivali-ile-devam-ediyor\/#respond"]}]},{"@type":"WebPage","@id":"https:\/\/kuzeyinsesi.org\/index.php\/2024\/06\/30\/geleneksel-iskele-festivali-27-uluslararasi-halk-danslari-festivali-ile-devam-ediyor\/","url":"https:\/\/kuzeyinsesi.org\/index.php\/2024\/06\/30\/geleneksel-iskele-festivali-27-uluslararasi-halk-danslari-festivali-ile-devam-ediyor\/","name":"Geleneksel \u0130skele Festivali 27. Uluslararas\u0131 Halk Danslar\u0131 Festivali ile devam ediyor - Kuzeyin Sesi","isPartOf":{"@id":"https:\/\/kuzeyinsesi.org\/#website"},"primaryImageOfPage":{"@id":"https:\/\/kuzeyinsesi.org\/index.php\/2024\/06\/30\/geleneksel-iskele-festivali-27-uluslararasi-halk-danslari-festivali-ile-devam-ediyor\/#primaryimage"},"image":{"@id":"https:\/\/kuzeyinsesi.org\/index.php\/2024\/06\/30\/geleneksel-iskele-festivali-27-uluslararasi-halk-danslari-festivali-ile-devam-ediyor\/#primaryimage"},"thumbnailUrl":"https:\/\/kuzeyinsesi.org\/wp-content\/uploads\/2024\/06\/halk-danslari-festivali-tanitim-gecesi4.jpg","datePublished":"2024-06-30T12:41:20+00:00","author":{"@id":"https:\/\/kuzeyinsesi.org\/#\/schema\/person\/9f859689cdf01485597712386e37f5aa"},"breadcrumb":{"@id":"https:\/\/kuzeyinsesi.org\/index.php\/2024\/06\/30\/geleneksel-iskele-festivali-27-uluslararasi-halk-danslari-festivali-ile-devam-ediyor\/#breadcrumb"},"inLanguage":"tr","potentialAction":[{"@type":"ReadAction","target":["https:\/\/kuzeyinsesi.org\/index.php\/2024\/06\/30\/geleneksel-iskele-festivali-27-uluslararasi-halk-danslari-festivali-ile-devam-ediyor\/"]}]},{"@type":"ImageObject","inLanguage":"tr","@id":"https:\/\/kuzeyinsesi.org\/index.php\/2024\/06\/30\/geleneksel-iskele-festivali-27-uluslararasi-halk-danslari-festivali-ile-devam-ediyor\/#primaryimage","url":"https:\/\/kuzeyinsesi.org\/wp-content\/uploads\/2024\/06\/halk-danslari-festivali-tanitim-gecesi4.jpg","contentUrl":"https:\/\/kuzeyinsesi.org\/wp-content\/uploads\/2024\/06\/halk-danslari-festivali-tanitim-gecesi4.jpg","width":1620,"height":1080},{"@type":"BreadcrumbList","@id":"https:\/\/kuzeyinsesi.org\/index.php\/2024\/06\/30\/geleneksel-iskele-festivali-27-uluslararasi-halk-danslari-festivali-ile-devam-ediyor\/#breadcrumb","itemListElement":[{"@type":"ListItem","position":1,"name":"Anasayfa","item":"https:\/\/kuzeyinsesi.org\/"},{"@type":"ListItem","position":2,"name":"Geleneksel \u0130skele Festivali 27. Uluslararas\u0131 Halk Danslar\u0131 Festivali ile devam ediyor"}]},{"@type":"WebSite","@id":"https:\/\/kuzeyinsesi.org\/#website","url":"https:\/\/kuzeyinsesi.org\/","name":"Kuzeyin Sesi","description":"Do\u011fru Haberin Adresi","potentialAction":[{"@type":"SearchAction","target":{"@type":"EntryPoint","urlTemplate":"https:\/\/kuzeyinsesi.org\/?s={search_term_string}"},"query-input":{"@type":"PropertyValueSpecification","valueRequired":true,"valueName":"search_term_string"}}],"inLanguage":"tr"},{"@type":"Person","@id":"https:\/\/kuzeyinsesi.org\/#\/schema\/person\/9f859689cdf01485597712386e37f5aa","name":"Kuzeyin Sesi","image":{"@type":"ImageObject","inLanguage":"tr","@id":"https:\/\/secure.gravatar.com\/avatar\/bab33852abfd8b282518d6ed81826833d77c3c882d9ab608add591ccace47a44?s=96&d=mm&r=g","url":"https:\/\/secure.gravatar.com\/avatar\/bab33852abfd8b282518d6ed81826833d77c3c882d9ab608add591ccace47a44?s=96&d=mm&r=g","contentUrl":"https:\/\/secure.gravatar.com\/avatar\/bab33852abfd8b282518d6ed81826833d77c3c882d9ab608add591ccace47a44?s=96&d=mm&r=g","caption":"Kuzeyin Sesi"},"sameAs":["https:\/\/kuzeyinsesi.org"],"url":"https:\/\/kuzeyinsesi.org\/index.php\/author\/guven\/"}]}},"_links":{"self":[{"href":"https:\/\/kuzeyinsesi.org\/index.php\/wp-json\/wp\/v2\/posts\/5573","targetHints":{"allow":["GET"]}}],"collection":[{"href":"https:\/\/kuzeyinsesi.org\/index.php\/wp-json\/wp\/v2\/posts"}],"about":[{"href":"https:\/\/kuzeyinsesi.org\/index.php\/wp-json\/wp\/v2\/types\/post"}],"author":[{"embeddable":true,"href":"https:\/\/kuzeyinsesi.org\/index.php\/wp-json\/wp\/v2\/users\/1"}],"replies":[{"embeddable":true,"href":"https:\/\/kuzeyinsesi.org\/index.php\/wp-json\/wp\/v2\/comments?post=5573"}],"version-history":[{"count":0,"href":"https:\/\/kuzeyinsesi.org\/index.php\/wp-json\/wp\/v2\/posts\/5573\/revisions"}],"wp:featuredmedia":[{"embeddable":true,"href":"https:\/\/kuzeyinsesi.org\/index.php\/wp-json\/wp\/v2\/media\/5574"}],"wp:attachment":[{"href":"https:\/\/kuzeyinsesi.org\/index.php\/wp-json\/wp\/v2\/media?parent=5573"}],"wp:term":[{"taxonomy":"category","embeddable":true,"href":"https:\/\/kuzeyinsesi.org\/index.php\/wp-json\/wp\/v2\/categories?post=5573"},{"taxonomy":"post_tag","embeddable":true,"href":"https:\/\/kuzeyinsesi.org\/index.php\/wp-json\/wp\/v2\/tags?post=5573"}],"curies":[{"name":"wp","href":"https:\/\/api.w.org\/{rel}","templated":true}]}}