{"id":5549,"date":"2024-06-30T11:36:29","date_gmt":"2024-06-30T08:36:29","guid":{"rendered":"https:\/\/kuzeyinsesi.com\/index.php\/2024\/06\/30\/halk-danslari-ekipleri-renkli-gosterileriyle-izleyicileri-buyuledi\/"},"modified":"2024-06-30T11:36:29","modified_gmt":"2024-06-30T08:36:29","slug":"halk-danslari-ekipleri-renkli-gosterileriyle-izleyicileri-buyuledi","status":"publish","type":"post","link":"https:\/\/kuzeyinsesi.org\/index.php\/2024\/06\/30\/halk-danslari-ekipleri-renkli-gosterileriyle-izleyicileri-buyuledi\/","title":{"rendered":"Halk Danslar\u0131 ekipleri renkli g\u00f6sterileriyle izleyicileri b\u00fcy\u00fcledi"},"content":{"rendered":"<div>\n<div class=\"mariselle-image-container center\">\n                                            <\/div>\n<p>Geleneksel \u0130skele Festivali \u00e7e\u015fitli etkinliklerle devam ediyor.<\/p>\n<p>Festival kapsam\u0131nda 27. Uluslararas\u0131 \u0130skele Belediyesi Halk Danslar\u0131 Festivali ger\u00e7ekle\u015ftiriliyor.<\/p>\n<p>\u0130skele Belediyesi A\u00e7\u0131k Hava K\u00fclt\u00fcr Merkezinde ger\u00e7ekle\u015ftirilen etkinlikte Uluslararas\u0131 halk danslar\u0131 festivaline kat\u0131lan ekiplerin tan\u0131t\u0131m g\u00f6sterileri yer ald\u0131.<\/p>\n<p>Festivale T\u00fcrkiye, Macaristan, Uruguay, Bolivya, Rusya ve \u0130ran\u2019dan ekipler kat\u0131l\u0131yor.<\/p>\n<\/p><\/div>\n<p><script async\n                    defer\n                    crossorigin=\"anonymous\"\n                    src=\"https:\/\/connect.facebook.net\/tr_TR\/sdk.js#xfbml=1&#038;version=v3.3\"\n            ><\/script><\/p>\n","protected":false},"excerpt":{"rendered":"<p>Geleneksel \u0130skele Festivali \u00e7e\u015fitli etkinliklerle devam ediyor. Festival kapsam\u0131nda 27. Uluslararas\u0131 \u0130skele Belediyesi Halk Danslar\u0131 Festivali ger\u00e7ekle\u015ftiriliyor. \u0130skele Belediyesi A\u00e7\u0131k Hava K\u00fclt\u00fcr Merkezinde ger\u00e7ekle\u015ftirilen etkinlikte Uluslararas\u0131 halk danslar\u0131 festivaline kat\u0131lan ekiplerin tan\u0131t\u0131m g\u00f6sterileri yer ald\u0131. Festivale T\u00fcrkiye, Macaristan, Uruguay, Bolivya, Rusya ve \u0130ran\u2019dan ekipler kat\u0131l\u0131yor.<\/p>\n","protected":false},"author":1,"featured_media":5550,"comment_status":"open","ping_status":"open","sticky":false,"template":"","format":"standard","meta":{"jnews-multi-image_gallery":[],"jnews_single_post":[],"jnews_primary_category":[],"jnews_social_meta":[],"jnews_override_counter":[],"footnotes":""},"categories":[6],"tags":[],"class_list":["post-5549","post","type-post","status-publish","format-standard","has-post-thumbnail","hentry","category-yasam"],"yoast_head":"<!-- This site is optimized with the Yoast SEO plugin v27.5 - https:\/\/yoast.com\/product\/yoast-seo-wordpress\/ -->\n<title>Halk Danslar\u0131 ekipleri renkli g\u00f6sterileriyle izleyicileri b\u00fcy\u00fcledi - Kuzeyin Sesi<\/title>\n<meta name=\"robots\" content=\"index, follow, max-snippet:-1, max-image-preview:large, max-video-preview:-1\" \/>\n<link rel=\"canonical\" href=\"https:\/\/kuzeyinsesi.org\/index.php\/2024\/06\/30\/halk-danslari-ekipleri-renkli-gosterileriyle-izleyicileri-buyuledi\/\" \/>\n<meta property=\"og:locale\" content=\"tr_TR\" \/>\n<meta property=\"og:type\" content=\"article\" \/>\n<meta property=\"og:title\" content=\"Halk Danslar\u0131 ekipleri renkli g\u00f6sterileriyle izleyicileri b\u00fcy\u00fcledi - Kuzeyin Sesi\" \/>\n<meta property=\"og:description\" content=\"Geleneksel \u0130skele Festivali \u00e7e\u015fitli etkinliklerle devam ediyor. Festival kapsam\u0131nda 27. Uluslararas\u0131 \u0130skele Belediyesi Halk Danslar\u0131 Festivali ger\u00e7ekle\u015ftiriliyor. \u0130skele Belediyesi A\u00e7\u0131k Hava K\u00fclt\u00fcr Merkezinde ger\u00e7ekle\u015ftirilen etkinlikte Uluslararas\u0131 halk danslar\u0131 festivaline kat\u0131lan ekiplerin tan\u0131t\u0131m g\u00f6sterileri yer ald\u0131. Festivale T\u00fcrkiye, Macaristan, Uruguay, Bolivya, Rusya ve \u0130ran\u2019dan ekipler kat\u0131l\u0131yor.\" \/>\n<meta property=\"og:url\" content=\"https:\/\/kuzeyinsesi.org\/index.php\/2024\/06\/30\/halk-danslari-ekipleri-renkli-gosterileriyle-izleyicileri-buyuledi\/\" \/>\n<meta property=\"og:site_name\" content=\"Kuzeyin Sesi\" \/>\n<meta property=\"article:publisher\" content=\"https:\/\/www.facebook.com\/kuzeyinsesii\" \/>\n<meta property=\"article:published_time\" content=\"2024-06-30T08:36:29+00:00\" \/>\n<meta property=\"og:image\" content=\"https:\/\/kuzeyinsesi.org\/wp-content\/uploads\/2024\/06\/geleneksel_iskele_festivali_cesitli_etkinliklerle_devam_ediyor_h277364_3d52a.webp.webp\" \/>\n\t<meta property=\"og:image:width\" content=\"1280\" \/>\n\t<meta property=\"og:image:height\" content=\"720\" \/>\n\t<meta property=\"og:image:type\" content=\"image\/webp\" \/>\n<meta name=\"author\" content=\"Kuzeyin Sesi\" \/>\n<meta name=\"twitter:card\" content=\"summary_large_image\" \/>\n<meta name=\"twitter:creator\" content=\"@kuzeyinsesii\" \/>\n<meta name=\"twitter:site\" content=\"@kuzeyinsesii\" \/>\n<meta name=\"twitter:label1\" content=\"Yazan:\" \/>\n\t<meta name=\"twitter:data1\" content=\"Kuzeyin Sesi\" \/>\n<script type=\"application\/ld+json\" class=\"yoast-schema-graph\">{\"@context\":\"https:\\\/\\\/schema.org\",\"@graph\":[{\"@type\":\"Article\",\"@id\":\"https:\\\/\\\/kuzeyinsesi.org\\\/index.php\\\/2024\\\/06\\\/30\\\/halk-danslari-ekipleri-renkli-gosterileriyle-izleyicileri-buyuledi\\\/#article\",\"isPartOf\":{\"@id\":\"https:\\\/\\\/kuzeyinsesi.org\\\/index.php\\\/2024\\\/06\\\/30\\\/halk-danslari-ekipleri-renkli-gosterileriyle-izleyicileri-buyuledi\\\/\"},\"author\":{\"name\":\"Kuzeyin Sesi\",\"@id\":\"https:\\\/\\\/kuzeyinsesi.org\\\/#\\\/schema\\\/person\\\/9f859689cdf01485597712386e37f5aa\"},\"headline\":\"Halk Danslar\u0131 ekipleri renkli g\u00f6sterileriyle izleyicileri b\u00fcy\u00fcledi\",\"datePublished\":\"2024-06-30T08:36:29+00:00\",\"mainEntityOfPage\":{\"@id\":\"https:\\\/\\\/kuzeyinsesi.org\\\/index.php\\\/2024\\\/06\\\/30\\\/halk-danslari-ekipleri-renkli-gosterileriyle-izleyicileri-buyuledi\\\/\"},\"wordCount\":71,\"commentCount\":0,\"image\":{\"@id\":\"https:\\\/\\\/kuzeyinsesi.org\\\/index.php\\\/2024\\\/06\\\/30\\\/halk-danslari-ekipleri-renkli-gosterileriyle-izleyicileri-buyuledi\\\/#primaryimage\"},\"thumbnailUrl\":\"https:\\\/\\\/kuzeyinsesi.org\\\/wp-content\\\/uploads\\\/2024\\\/06\\\/geleneksel_iskele_festivali_cesitli_etkinliklerle_devam_ediyor_h277364_3d52a.webp.webp\",\"articleSection\":[\"Ya\u015fam\"],\"inLanguage\":\"tr\",\"potentialAction\":[{\"@type\":\"CommentAction\",\"name\":\"Comment\",\"target\":[\"https:\\\/\\\/kuzeyinsesi.org\\\/index.php\\\/2024\\\/06\\\/30\\\/halk-danslari-ekipleri-renkli-gosterileriyle-izleyicileri-buyuledi\\\/#respond\"]}]},{\"@type\":\"WebPage\",\"@id\":\"https:\\\/\\\/kuzeyinsesi.org\\\/index.php\\\/2024\\\/06\\\/30\\\/halk-danslari-ekipleri-renkli-gosterileriyle-izleyicileri-buyuledi\\\/\",\"url\":\"https:\\\/\\\/kuzeyinsesi.org\\\/index.php\\\/2024\\\/06\\\/30\\\/halk-danslari-ekipleri-renkli-gosterileriyle-izleyicileri-buyuledi\\\/\",\"name\":\"Halk Danslar\u0131 ekipleri renkli g\u00f6sterileriyle izleyicileri b\u00fcy\u00fcledi - Kuzeyin Sesi\",\"isPartOf\":{\"@id\":\"https:\\\/\\\/kuzeyinsesi.org\\\/#website\"},\"primaryImageOfPage\":{\"@id\":\"https:\\\/\\\/kuzeyinsesi.org\\\/index.php\\\/2024\\\/06\\\/30\\\/halk-danslari-ekipleri-renkli-gosterileriyle-izleyicileri-buyuledi\\\/#primaryimage\"},\"image\":{\"@id\":\"https:\\\/\\\/kuzeyinsesi.org\\\/index.php\\\/2024\\\/06\\\/30\\\/halk-danslari-ekipleri-renkli-gosterileriyle-izleyicileri-buyuledi\\\/#primaryimage\"},\"thumbnailUrl\":\"https:\\\/\\\/kuzeyinsesi.org\\\/wp-content\\\/uploads\\\/2024\\\/06\\\/geleneksel_iskele_festivali_cesitli_etkinliklerle_devam_ediyor_h277364_3d52a.webp.webp\",\"datePublished\":\"2024-06-30T08:36:29+00:00\",\"author\":{\"@id\":\"https:\\\/\\\/kuzeyinsesi.org\\\/#\\\/schema\\\/person\\\/9f859689cdf01485597712386e37f5aa\"},\"breadcrumb\":{\"@id\":\"https:\\\/\\\/kuzeyinsesi.org\\\/index.php\\\/2024\\\/06\\\/30\\\/halk-danslari-ekipleri-renkli-gosterileriyle-izleyicileri-buyuledi\\\/#breadcrumb\"},\"inLanguage\":\"tr\",\"potentialAction\":[{\"@type\":\"ReadAction\",\"target\":[\"https:\\\/\\\/kuzeyinsesi.org\\\/index.php\\\/2024\\\/06\\\/30\\\/halk-danslari-ekipleri-renkli-gosterileriyle-izleyicileri-buyuledi\\\/\"]}]},{\"@type\":\"ImageObject\",\"inLanguage\":\"tr\",\"@id\":\"https:\\\/\\\/kuzeyinsesi.org\\\/index.php\\\/2024\\\/06\\\/30\\\/halk-danslari-ekipleri-renkli-gosterileriyle-izleyicileri-buyuledi\\\/#primaryimage\",\"url\":\"https:\\\/\\\/kuzeyinsesi.org\\\/wp-content\\\/uploads\\\/2024\\\/06\\\/geleneksel_iskele_festivali_cesitli_etkinliklerle_devam_ediyor_h277364_3d52a.webp.webp\",\"contentUrl\":\"https:\\\/\\\/kuzeyinsesi.org\\\/wp-content\\\/uploads\\\/2024\\\/06\\\/geleneksel_iskele_festivali_cesitli_etkinliklerle_devam_ediyor_h277364_3d52a.webp.webp\",\"width\":1280,\"height\":720},{\"@type\":\"BreadcrumbList\",\"@id\":\"https:\\\/\\\/kuzeyinsesi.org\\\/index.php\\\/2024\\\/06\\\/30\\\/halk-danslari-ekipleri-renkli-gosterileriyle-izleyicileri-buyuledi\\\/#breadcrumb\",\"itemListElement\":[{\"@type\":\"ListItem\",\"position\":1,\"name\":\"Anasayfa\",\"item\":\"https:\\\/\\\/kuzeyinsesi.org\\\/\"},{\"@type\":\"ListItem\",\"position\":2,\"name\":\"Halk Danslar\u0131 ekipleri renkli g\u00f6sterileriyle izleyicileri b\u00fcy\u00fcledi\"}]},{\"@type\":\"WebSite\",\"@id\":\"https:\\\/\\\/kuzeyinsesi.org\\\/#website\",\"url\":\"https:\\\/\\\/kuzeyinsesi.org\\\/\",\"name\":\"Kuzeyin Sesi\",\"description\":\"Do\u011fru Haberin Adresi\",\"potentialAction\":[{\"@type\":\"SearchAction\",\"target\":{\"@type\":\"EntryPoint\",\"urlTemplate\":\"https:\\\/\\\/kuzeyinsesi.org\\\/?s={search_term_string}\"},\"query-input\":{\"@type\":\"PropertyValueSpecification\",\"valueRequired\":true,\"valueName\":\"search_term_string\"}}],\"inLanguage\":\"tr\"},{\"@type\":\"Person\",\"@id\":\"https:\\\/\\\/kuzeyinsesi.org\\\/#\\\/schema\\\/person\\\/9f859689cdf01485597712386e37f5aa\",\"name\":\"Kuzeyin Sesi\",\"image\":{\"@type\":\"ImageObject\",\"inLanguage\":\"tr\",\"@id\":\"https:\\\/\\\/secure.gravatar.com\\\/avatar\\\/bab33852abfd8b282518d6ed81826833d77c3c882d9ab608add591ccace47a44?s=96&d=mm&r=g\",\"url\":\"https:\\\/\\\/secure.gravatar.com\\\/avatar\\\/bab33852abfd8b282518d6ed81826833d77c3c882d9ab608add591ccace47a44?s=96&d=mm&r=g\",\"contentUrl\":\"https:\\\/\\\/secure.gravatar.com\\\/avatar\\\/bab33852abfd8b282518d6ed81826833d77c3c882d9ab608add591ccace47a44?s=96&d=mm&r=g\",\"caption\":\"Kuzeyin Sesi\"},\"sameAs\":[\"https:\\\/\\\/kuzeyinsesi.org\"],\"url\":\"https:\\\/\\\/kuzeyinsesi.org\\\/index.php\\\/author\\\/guven\\\/\"}]}<\/script>\n<!-- \/ Yoast SEO plugin. -->","yoast_head_json":{"title":"Halk Danslar\u0131 ekipleri renkli g\u00f6sterileriyle izleyicileri b\u00fcy\u00fcledi - Kuzeyin Sesi","robots":{"index":"index","follow":"follow","max-snippet":"max-snippet:-1","max-image-preview":"max-image-preview:large","max-video-preview":"max-video-preview:-1"},"canonical":"https:\/\/kuzeyinsesi.org\/index.php\/2024\/06\/30\/halk-danslari-ekipleri-renkli-gosterileriyle-izleyicileri-buyuledi\/","og_locale":"tr_TR","og_type":"article","og_title":"Halk Danslar\u0131 ekipleri renkli g\u00f6sterileriyle izleyicileri b\u00fcy\u00fcledi - Kuzeyin Sesi","og_description":"Geleneksel \u0130skele Festivali \u00e7e\u015fitli etkinliklerle devam ediyor. Festival kapsam\u0131nda 27. Uluslararas\u0131 \u0130skele Belediyesi Halk Danslar\u0131 Festivali ger\u00e7ekle\u015ftiriliyor. \u0130skele Belediyesi A\u00e7\u0131k Hava K\u00fclt\u00fcr Merkezinde ger\u00e7ekle\u015ftirilen etkinlikte Uluslararas\u0131 halk danslar\u0131 festivaline kat\u0131lan ekiplerin tan\u0131t\u0131m g\u00f6sterileri yer ald\u0131. Festivale T\u00fcrkiye, Macaristan, Uruguay, Bolivya, Rusya ve \u0130ran\u2019dan ekipler kat\u0131l\u0131yor.","og_url":"https:\/\/kuzeyinsesi.org\/index.php\/2024\/06\/30\/halk-danslari-ekipleri-renkli-gosterileriyle-izleyicileri-buyuledi\/","og_site_name":"Kuzeyin Sesi","article_publisher":"https:\/\/www.facebook.com\/kuzeyinsesii","article_published_time":"2024-06-30T08:36:29+00:00","og_image":[{"width":1280,"height":720,"url":"https:\/\/kuzeyinsesi.org\/wp-content\/uploads\/2024\/06\/geleneksel_iskele_festivali_cesitli_etkinliklerle_devam_ediyor_h277364_3d52a.webp.webp","type":"image\/webp"}],"author":"Kuzeyin Sesi","twitter_card":"summary_large_image","twitter_creator":"@kuzeyinsesii","twitter_site":"@kuzeyinsesii","twitter_misc":{"Yazan:":"Kuzeyin Sesi"},"schema":{"@context":"https:\/\/schema.org","@graph":[{"@type":"Article","@id":"https:\/\/kuzeyinsesi.org\/index.php\/2024\/06\/30\/halk-danslari-ekipleri-renkli-gosterileriyle-izleyicileri-buyuledi\/#article","isPartOf":{"@id":"https:\/\/kuzeyinsesi.org\/index.php\/2024\/06\/30\/halk-danslari-ekipleri-renkli-gosterileriyle-izleyicileri-buyuledi\/"},"author":{"name":"Kuzeyin Sesi","@id":"https:\/\/kuzeyinsesi.org\/#\/schema\/person\/9f859689cdf01485597712386e37f5aa"},"headline":"Halk Danslar\u0131 ekipleri renkli g\u00f6sterileriyle izleyicileri b\u00fcy\u00fcledi","datePublished":"2024-06-30T08:36:29+00:00","mainEntityOfPage":{"@id":"https:\/\/kuzeyinsesi.org\/index.php\/2024\/06\/30\/halk-danslari-ekipleri-renkli-gosterileriyle-izleyicileri-buyuledi\/"},"wordCount":71,"commentCount":0,"image":{"@id":"https:\/\/kuzeyinsesi.org\/index.php\/2024\/06\/30\/halk-danslari-ekipleri-renkli-gosterileriyle-izleyicileri-buyuledi\/#primaryimage"},"thumbnailUrl":"https:\/\/kuzeyinsesi.org\/wp-content\/uploads\/2024\/06\/geleneksel_iskele_festivali_cesitli_etkinliklerle_devam_ediyor_h277364_3d52a.webp.webp","articleSection":["Ya\u015fam"],"inLanguage":"tr","potentialAction":[{"@type":"CommentAction","name":"Comment","target":["https:\/\/kuzeyinsesi.org\/index.php\/2024\/06\/30\/halk-danslari-ekipleri-renkli-gosterileriyle-izleyicileri-buyuledi\/#respond"]}]},{"@type":"WebPage","@id":"https:\/\/kuzeyinsesi.org\/index.php\/2024\/06\/30\/halk-danslari-ekipleri-renkli-gosterileriyle-izleyicileri-buyuledi\/","url":"https:\/\/kuzeyinsesi.org\/index.php\/2024\/06\/30\/halk-danslari-ekipleri-renkli-gosterileriyle-izleyicileri-buyuledi\/","name":"Halk Danslar\u0131 ekipleri renkli g\u00f6sterileriyle izleyicileri b\u00fcy\u00fcledi - Kuzeyin Sesi","isPartOf":{"@id":"https:\/\/kuzeyinsesi.org\/#website"},"primaryImageOfPage":{"@id":"https:\/\/kuzeyinsesi.org\/index.php\/2024\/06\/30\/halk-danslari-ekipleri-renkli-gosterileriyle-izleyicileri-buyuledi\/#primaryimage"},"image":{"@id":"https:\/\/kuzeyinsesi.org\/index.php\/2024\/06\/30\/halk-danslari-ekipleri-renkli-gosterileriyle-izleyicileri-buyuledi\/#primaryimage"},"thumbnailUrl":"https:\/\/kuzeyinsesi.org\/wp-content\/uploads\/2024\/06\/geleneksel_iskele_festivali_cesitli_etkinliklerle_devam_ediyor_h277364_3d52a.webp.webp","datePublished":"2024-06-30T08:36:29+00:00","author":{"@id":"https:\/\/kuzeyinsesi.org\/#\/schema\/person\/9f859689cdf01485597712386e37f5aa"},"breadcrumb":{"@id":"https:\/\/kuzeyinsesi.org\/index.php\/2024\/06\/30\/halk-danslari-ekipleri-renkli-gosterileriyle-izleyicileri-buyuledi\/#breadcrumb"},"inLanguage":"tr","potentialAction":[{"@type":"ReadAction","target":["https:\/\/kuzeyinsesi.org\/index.php\/2024\/06\/30\/halk-danslari-ekipleri-renkli-gosterileriyle-izleyicileri-buyuledi\/"]}]},{"@type":"ImageObject","inLanguage":"tr","@id":"https:\/\/kuzeyinsesi.org\/index.php\/2024\/06\/30\/halk-danslari-ekipleri-renkli-gosterileriyle-izleyicileri-buyuledi\/#primaryimage","url":"https:\/\/kuzeyinsesi.org\/wp-content\/uploads\/2024\/06\/geleneksel_iskele_festivali_cesitli_etkinliklerle_devam_ediyor_h277364_3d52a.webp.webp","contentUrl":"https:\/\/kuzeyinsesi.org\/wp-content\/uploads\/2024\/06\/geleneksel_iskele_festivali_cesitli_etkinliklerle_devam_ediyor_h277364_3d52a.webp.webp","width":1280,"height":720},{"@type":"BreadcrumbList","@id":"https:\/\/kuzeyinsesi.org\/index.php\/2024\/06\/30\/halk-danslari-ekipleri-renkli-gosterileriyle-izleyicileri-buyuledi\/#breadcrumb","itemListElement":[{"@type":"ListItem","position":1,"name":"Anasayfa","item":"https:\/\/kuzeyinsesi.org\/"},{"@type":"ListItem","position":2,"name":"Halk Danslar\u0131 ekipleri renkli g\u00f6sterileriyle izleyicileri b\u00fcy\u00fcledi"}]},{"@type":"WebSite","@id":"https:\/\/kuzeyinsesi.org\/#website","url":"https:\/\/kuzeyinsesi.org\/","name":"Kuzeyin Sesi","description":"Do\u011fru Haberin Adresi","potentialAction":[{"@type":"SearchAction","target":{"@type":"EntryPoint","urlTemplate":"https:\/\/kuzeyinsesi.org\/?s={search_term_string}"},"query-input":{"@type":"PropertyValueSpecification","valueRequired":true,"valueName":"search_term_string"}}],"inLanguage":"tr"},{"@type":"Person","@id":"https:\/\/kuzeyinsesi.org\/#\/schema\/person\/9f859689cdf01485597712386e37f5aa","name":"Kuzeyin Sesi","image":{"@type":"ImageObject","inLanguage":"tr","@id":"https:\/\/secure.gravatar.com\/avatar\/bab33852abfd8b282518d6ed81826833d77c3c882d9ab608add591ccace47a44?s=96&d=mm&r=g","url":"https:\/\/secure.gravatar.com\/avatar\/bab33852abfd8b282518d6ed81826833d77c3c882d9ab608add591ccace47a44?s=96&d=mm&r=g","contentUrl":"https:\/\/secure.gravatar.com\/avatar\/bab33852abfd8b282518d6ed81826833d77c3c882d9ab608add591ccace47a44?s=96&d=mm&r=g","caption":"Kuzeyin Sesi"},"sameAs":["https:\/\/kuzeyinsesi.org"],"url":"https:\/\/kuzeyinsesi.org\/index.php\/author\/guven\/"}]}},"_links":{"self":[{"href":"https:\/\/kuzeyinsesi.org\/index.php\/wp-json\/wp\/v2\/posts\/5549","targetHints":{"allow":["GET"]}}],"collection":[{"href":"https:\/\/kuzeyinsesi.org\/index.php\/wp-json\/wp\/v2\/posts"}],"about":[{"href":"https:\/\/kuzeyinsesi.org\/index.php\/wp-json\/wp\/v2\/types\/post"}],"author":[{"embeddable":true,"href":"https:\/\/kuzeyinsesi.org\/index.php\/wp-json\/wp\/v2\/users\/1"}],"replies":[{"embeddable":true,"href":"https:\/\/kuzeyinsesi.org\/index.php\/wp-json\/wp\/v2\/comments?post=5549"}],"version-history":[{"count":0,"href":"https:\/\/kuzeyinsesi.org\/index.php\/wp-json\/wp\/v2\/posts\/5549\/revisions"}],"wp:featuredmedia":[{"embeddable":true,"href":"https:\/\/kuzeyinsesi.org\/index.php\/wp-json\/wp\/v2\/media\/5550"}],"wp:attachment":[{"href":"https:\/\/kuzeyinsesi.org\/index.php\/wp-json\/wp\/v2\/media?parent=5549"}],"wp:term":[{"taxonomy":"category","embeddable":true,"href":"https:\/\/kuzeyinsesi.org\/index.php\/wp-json\/wp\/v2\/categories?post=5549"},{"taxonomy":"post_tag","embeddable":true,"href":"https:\/\/kuzeyinsesi.org\/index.php\/wp-json\/wp\/v2\/tags?post=5549"}],"curies":[{"name":"wp","href":"https:\/\/api.w.org\/{rel}","templated":true}]}}