{"id":5541,"date":"2024-06-29T18:13:58","date_gmt":"2024-06-29T15:13:58","guid":{"rendered":"https:\/\/kuzeyinsesi.com\/index.php\/2024\/06\/29\/46-guzelyurt-portakal-festivali-kapsaminda-arif-edizer-ile-ipek-amber-konser-verdi\/"},"modified":"2024-06-29T18:13:58","modified_gmt":"2024-06-29T15:13:58","slug":"46-guzelyurt-portakal-festivali-kapsaminda-arif-edizer-ile-ipek-amber-konser-verdi","status":"publish","type":"post","link":"https:\/\/kuzeyinsesi.org\/index.php\/2024\/06\/29\/46-guzelyurt-portakal-festivali-kapsaminda-arif-edizer-ile-ipek-amber-konser-verdi\/","title":{"rendered":"\u201c46. G\u00fczelyurt Portakal Festivali\u201d kapsam\u0131nda Arif Edizer ile \u0130pek Amber konser verdi"},"content":{"rendered":"<div>\n<div class=\"mariselle-image-container none\">\n                                            <\/div>\n<p>\u00a0\u201c46. G\u00fczelyurt Portakal Festivali\u201d kapsam\u0131nda d\u00fcn ak\u015fam sanat\u00e7\u0131lar Arif Edizer ile \u0130pek Amber, konser verdi.<\/p>\n<p>G\u00fczelyurt Belediyesinden yap\u0131lan a\u00e7\u0131klamaya g\u00f6re, konser finalinde birlikte d\u00fcet yapan Arif Edizer ile \u0130pek Amber, Bar\u0131\u015f Man\u00e7o\u2019nun \u201cG\u00fcl Pembe\u201d adl\u0131 \u015fark\u0131s\u0131n\u0131 seslendirdi.<\/p>\n<p>G\u00fczelyurt Belediye Ba\u015fkan\u0131 Mahmut \u00d6z\u00e7\u0131nar konserin sonunda sanat\u00e7\u0131lara \u00e7i\u00e7ek takdim ederek, \u00fclkede yerel sanat\u00e7\u0131lara \u00f6nem vermenin gelece\u011fe yat\u0131r\u0131m yapmak oldu\u011funu s\u00f6yledi.<\/p>\n<p>Festival kapsam\u0131nda d\u00fcn ak\u015fam ayr\u0131ca Retro \u00c7alg\u0131c\u0131lar\u0131, Park Meydan\u2019\u0131nda konser verdi.<\/p>\n<\/p><\/div>\n<p><script async\n                    defer\n                    crossorigin=\"anonymous\"\n                    src=\"https:\/\/connect.facebook.net\/tr_TR\/sdk.js#xfbml=1&#038;version=v3.3\"\n            ><\/script><\/p>\n","protected":false},"excerpt":{"rendered":"<p>\u00a0\u201c46. G\u00fczelyurt Portakal Festivali\u201d kapsam\u0131nda d\u00fcn ak\u015fam sanat\u00e7\u0131lar Arif Edizer ile \u0130pek Amber, konser verdi. G\u00fczelyurt Belediyesinden yap\u0131lan a\u00e7\u0131klamaya g\u00f6re, konser finalinde birlikte d\u00fcet yapan Arif Edizer ile \u0130pek Amber, Bar\u0131\u015f Man\u00e7o\u2019nun \u201cG\u00fcl Pembe\u201d adl\u0131 \u015fark\u0131s\u0131n\u0131 seslendirdi. G\u00fczelyurt Belediye Ba\u015fkan\u0131 Mahmut \u00d6z\u00e7\u0131nar konserin sonunda sanat\u00e7\u0131lara \u00e7i\u00e7ek takdim ederek, \u00fclkede yerel sanat\u00e7\u0131lara \u00f6nem vermenin gelece\u011fe yat\u0131r\u0131m [&hellip;]<\/p>\n","protected":false},"author":1,"featured_media":5542,"comment_status":"open","ping_status":"open","sticky":false,"template":"","format":"standard","meta":{"jnews-multi-image_gallery":[],"jnews_single_post":[],"jnews_primary_category":[],"jnews_social_meta":[],"jnews_override_counter":[],"footnotes":""},"categories":[6],"tags":[],"class_list":["post-5541","post","type-post","status-publish","format-standard","has-post-thumbnail","hentry","category-yasam"],"yoast_head":"<!-- This site is optimized with the Yoast SEO plugin v27.5 - https:\/\/yoast.com\/product\/yoast-seo-wordpress\/ -->\n<title>\u201c46. G\u00fczelyurt Portakal Festivali\u201d kapsam\u0131nda Arif Edizer ile \u0130pek Amber konser verdi - Kuzeyin Sesi<\/title>\n<meta name=\"robots\" content=\"index, follow, max-snippet:-1, max-image-preview:large, max-video-preview:-1\" \/>\n<link rel=\"canonical\" href=\"https:\/\/kuzeyinsesi.org\/index.php\/2024\/06\/29\/46-guzelyurt-portakal-festivali-kapsaminda-arif-edizer-ile-ipek-amber-konser-verdi\/\" \/>\n<meta property=\"og:locale\" content=\"tr_TR\" \/>\n<meta property=\"og:type\" content=\"article\" \/>\n<meta property=\"og:title\" content=\"\u201c46. G\u00fczelyurt Portakal Festivali\u201d kapsam\u0131nda Arif Edizer ile \u0130pek Amber konser verdi - Kuzeyin Sesi\" \/>\n<meta property=\"og:description\" content=\"\u00a0\u201c46. G\u00fczelyurt Portakal Festivali\u201d kapsam\u0131nda d\u00fcn ak\u015fam sanat\u00e7\u0131lar Arif Edizer ile \u0130pek Amber, konser verdi. G\u00fczelyurt Belediyesinden yap\u0131lan a\u00e7\u0131klamaya g\u00f6re, konser finalinde birlikte d\u00fcet yapan Arif Edizer ile \u0130pek Amber, Bar\u0131\u015f Man\u00e7o\u2019nun \u201cG\u00fcl Pembe\u201d adl\u0131 \u015fark\u0131s\u0131n\u0131 seslendirdi. G\u00fczelyurt Belediye Ba\u015fkan\u0131 Mahmut \u00d6z\u00e7\u0131nar konserin sonunda sanat\u00e7\u0131lara \u00e7i\u00e7ek takdim ederek, \u00fclkede yerel sanat\u00e7\u0131lara \u00f6nem vermenin gelece\u011fe yat\u0131r\u0131m [&hellip;]\" \/>\n<meta property=\"og:url\" content=\"https:\/\/kuzeyinsesi.org\/index.php\/2024\/06\/29\/46-guzelyurt-portakal-festivali-kapsaminda-arif-edizer-ile-ipek-amber-konser-verdi\/\" \/>\n<meta property=\"og:site_name\" content=\"Kuzeyin Sesi\" \/>\n<meta property=\"article:publisher\" content=\"https:\/\/www.facebook.com\/kuzeyinsesii\" \/>\n<meta property=\"article:published_time\" content=\"2024-06-29T15:13:58+00:00\" \/>\n<meta property=\"og:image\" content=\"https:\/\/kuzeyinsesi.org\/wp-content\/uploads\/2024\/06\/guzelyurt-belediyesi-festival-3-scaled.jpg\" \/>\n\t<meta property=\"og:image:width\" content=\"2560\" \/>\n\t<meta property=\"og:image:height\" content=\"1700\" \/>\n\t<meta property=\"og:image:type\" content=\"image\/jpeg\" \/>\n<meta name=\"author\" content=\"Kuzeyin Sesi\" \/>\n<meta name=\"twitter:card\" content=\"summary_large_image\" \/>\n<meta name=\"twitter:creator\" content=\"@kuzeyinsesii\" \/>\n<meta name=\"twitter:site\" content=\"@kuzeyinsesii\" \/>\n<meta name=\"twitter:label1\" content=\"Yazan:\" \/>\n\t<meta name=\"twitter:data1\" content=\"Kuzeyin Sesi\" \/>\n\t<meta name=\"twitter:label2\" content=\"Tahmini okuma s\u00fcresi\" \/>\n\t<meta name=\"twitter:data2\" content=\"1 dakika\" \/>\n<script type=\"application\/ld+json\" class=\"yoast-schema-graph\">{\"@context\":\"https:\\\/\\\/schema.org\",\"@graph\":[{\"@type\":\"Article\",\"@id\":\"https:\\\/\\\/kuzeyinsesi.org\\\/index.php\\\/2024\\\/06\\\/29\\\/46-guzelyurt-portakal-festivali-kapsaminda-arif-edizer-ile-ipek-amber-konser-verdi\\\/#article\",\"isPartOf\":{\"@id\":\"https:\\\/\\\/kuzeyinsesi.org\\\/index.php\\\/2024\\\/06\\\/29\\\/46-guzelyurt-portakal-festivali-kapsaminda-arif-edizer-ile-ipek-amber-konser-verdi\\\/\"},\"author\":{\"name\":\"Kuzeyin Sesi\",\"@id\":\"https:\\\/\\\/kuzeyinsesi.org\\\/#\\\/schema\\\/person\\\/9f859689cdf01485597712386e37f5aa\"},\"headline\":\"\u201c46. G\u00fczelyurt Portakal Festivali\u201d kapsam\u0131nda Arif Edizer ile \u0130pek Amber konser verdi\",\"datePublished\":\"2024-06-29T15:13:58+00:00\",\"mainEntityOfPage\":{\"@id\":\"https:\\\/\\\/kuzeyinsesi.org\\\/index.php\\\/2024\\\/06\\\/29\\\/46-guzelyurt-portakal-festivali-kapsaminda-arif-edizer-ile-ipek-amber-konser-verdi\\\/\"},\"wordCount\":114,\"commentCount\":0,\"image\":{\"@id\":\"https:\\\/\\\/kuzeyinsesi.org\\\/index.php\\\/2024\\\/06\\\/29\\\/46-guzelyurt-portakal-festivali-kapsaminda-arif-edizer-ile-ipek-amber-konser-verdi\\\/#primaryimage\"},\"thumbnailUrl\":\"https:\\\/\\\/kuzeyinsesi.org\\\/wp-content\\\/uploads\\\/2024\\\/06\\\/guzelyurt-belediyesi-festival-3-scaled.jpg\",\"articleSection\":[\"Ya\u015fam\"],\"inLanguage\":\"tr\",\"potentialAction\":[{\"@type\":\"CommentAction\",\"name\":\"Comment\",\"target\":[\"https:\\\/\\\/kuzeyinsesi.org\\\/index.php\\\/2024\\\/06\\\/29\\\/46-guzelyurt-portakal-festivali-kapsaminda-arif-edizer-ile-ipek-amber-konser-verdi\\\/#respond\"]}]},{\"@type\":\"WebPage\",\"@id\":\"https:\\\/\\\/kuzeyinsesi.org\\\/index.php\\\/2024\\\/06\\\/29\\\/46-guzelyurt-portakal-festivali-kapsaminda-arif-edizer-ile-ipek-amber-konser-verdi\\\/\",\"url\":\"https:\\\/\\\/kuzeyinsesi.org\\\/index.php\\\/2024\\\/06\\\/29\\\/46-guzelyurt-portakal-festivali-kapsaminda-arif-edizer-ile-ipek-amber-konser-verdi\\\/\",\"name\":\"\u201c46. G\u00fczelyurt Portakal Festivali\u201d kapsam\u0131nda Arif Edizer ile \u0130pek Amber konser verdi - Kuzeyin Sesi\",\"isPartOf\":{\"@id\":\"https:\\\/\\\/kuzeyinsesi.org\\\/#website\"},\"primaryImageOfPage\":{\"@id\":\"https:\\\/\\\/kuzeyinsesi.org\\\/index.php\\\/2024\\\/06\\\/29\\\/46-guzelyurt-portakal-festivali-kapsaminda-arif-edizer-ile-ipek-amber-konser-verdi\\\/#primaryimage\"},\"image\":{\"@id\":\"https:\\\/\\\/kuzeyinsesi.org\\\/index.php\\\/2024\\\/06\\\/29\\\/46-guzelyurt-portakal-festivali-kapsaminda-arif-edizer-ile-ipek-amber-konser-verdi\\\/#primaryimage\"},\"thumbnailUrl\":\"https:\\\/\\\/kuzeyinsesi.org\\\/wp-content\\\/uploads\\\/2024\\\/06\\\/guzelyurt-belediyesi-festival-3-scaled.jpg\",\"datePublished\":\"2024-06-29T15:13:58+00:00\",\"author\":{\"@id\":\"https:\\\/\\\/kuzeyinsesi.org\\\/#\\\/schema\\\/person\\\/9f859689cdf01485597712386e37f5aa\"},\"breadcrumb\":{\"@id\":\"https:\\\/\\\/kuzeyinsesi.org\\\/index.php\\\/2024\\\/06\\\/29\\\/46-guzelyurt-portakal-festivali-kapsaminda-arif-edizer-ile-ipek-amber-konser-verdi\\\/#breadcrumb\"},\"inLanguage\":\"tr\",\"potentialAction\":[{\"@type\":\"ReadAction\",\"target\":[\"https:\\\/\\\/kuzeyinsesi.org\\\/index.php\\\/2024\\\/06\\\/29\\\/46-guzelyurt-portakal-festivali-kapsaminda-arif-edizer-ile-ipek-amber-konser-verdi\\\/\"]}]},{\"@type\":\"ImageObject\",\"inLanguage\":\"tr\",\"@id\":\"https:\\\/\\\/kuzeyinsesi.org\\\/index.php\\\/2024\\\/06\\\/29\\\/46-guzelyurt-portakal-festivali-kapsaminda-arif-edizer-ile-ipek-amber-konser-verdi\\\/#primaryimage\",\"url\":\"https:\\\/\\\/kuzeyinsesi.org\\\/wp-content\\\/uploads\\\/2024\\\/06\\\/guzelyurt-belediyesi-festival-3-scaled.jpg\",\"contentUrl\":\"https:\\\/\\\/kuzeyinsesi.org\\\/wp-content\\\/uploads\\\/2024\\\/06\\\/guzelyurt-belediyesi-festival-3-scaled.jpg\",\"width\":2560,\"height\":1700},{\"@type\":\"BreadcrumbList\",\"@id\":\"https:\\\/\\\/kuzeyinsesi.org\\\/index.php\\\/2024\\\/06\\\/29\\\/46-guzelyurt-portakal-festivali-kapsaminda-arif-edizer-ile-ipek-amber-konser-verdi\\\/#breadcrumb\",\"itemListElement\":[{\"@type\":\"ListItem\",\"position\":1,\"name\":\"Anasayfa\",\"item\":\"https:\\\/\\\/kuzeyinsesi.org\\\/\"},{\"@type\":\"ListItem\",\"position\":2,\"name\":\"\u201c46. G\u00fczelyurt Portakal Festivali\u201d kapsam\u0131nda Arif Edizer ile \u0130pek Amber konser verdi\"}]},{\"@type\":\"WebSite\",\"@id\":\"https:\\\/\\\/kuzeyinsesi.org\\\/#website\",\"url\":\"https:\\\/\\\/kuzeyinsesi.org\\\/\",\"name\":\"Kuzeyin Sesi\",\"description\":\"Do\u011fru Haberin Adresi\",\"potentialAction\":[{\"@type\":\"SearchAction\",\"target\":{\"@type\":\"EntryPoint\",\"urlTemplate\":\"https:\\\/\\\/kuzeyinsesi.org\\\/?s={search_term_string}\"},\"query-input\":{\"@type\":\"PropertyValueSpecification\",\"valueRequired\":true,\"valueName\":\"search_term_string\"}}],\"inLanguage\":\"tr\"},{\"@type\":\"Person\",\"@id\":\"https:\\\/\\\/kuzeyinsesi.org\\\/#\\\/schema\\\/person\\\/9f859689cdf01485597712386e37f5aa\",\"name\":\"Kuzeyin Sesi\",\"image\":{\"@type\":\"ImageObject\",\"inLanguage\":\"tr\",\"@id\":\"https:\\\/\\\/secure.gravatar.com\\\/avatar\\\/bab33852abfd8b282518d6ed81826833d77c3c882d9ab608add591ccace47a44?s=96&d=mm&r=g\",\"url\":\"https:\\\/\\\/secure.gravatar.com\\\/avatar\\\/bab33852abfd8b282518d6ed81826833d77c3c882d9ab608add591ccace47a44?s=96&d=mm&r=g\",\"contentUrl\":\"https:\\\/\\\/secure.gravatar.com\\\/avatar\\\/bab33852abfd8b282518d6ed81826833d77c3c882d9ab608add591ccace47a44?s=96&d=mm&r=g\",\"caption\":\"Kuzeyin Sesi\"},\"sameAs\":[\"https:\\\/\\\/kuzeyinsesi.org\"],\"url\":\"https:\\\/\\\/kuzeyinsesi.org\\\/index.php\\\/author\\\/guven\\\/\"}]}<\/script>\n<!-- \/ Yoast SEO plugin. -->","yoast_head_json":{"title":"\u201c46. G\u00fczelyurt Portakal Festivali\u201d kapsam\u0131nda Arif Edizer ile \u0130pek Amber konser verdi - Kuzeyin Sesi","robots":{"index":"index","follow":"follow","max-snippet":"max-snippet:-1","max-image-preview":"max-image-preview:large","max-video-preview":"max-video-preview:-1"},"canonical":"https:\/\/kuzeyinsesi.org\/index.php\/2024\/06\/29\/46-guzelyurt-portakal-festivali-kapsaminda-arif-edizer-ile-ipek-amber-konser-verdi\/","og_locale":"tr_TR","og_type":"article","og_title":"\u201c46. G\u00fczelyurt Portakal Festivali\u201d kapsam\u0131nda Arif Edizer ile \u0130pek Amber konser verdi - Kuzeyin Sesi","og_description":"\u00a0\u201c46. G\u00fczelyurt Portakal Festivali\u201d kapsam\u0131nda d\u00fcn ak\u015fam sanat\u00e7\u0131lar Arif Edizer ile \u0130pek Amber, konser verdi. G\u00fczelyurt Belediyesinden yap\u0131lan a\u00e7\u0131klamaya g\u00f6re, konser finalinde birlikte d\u00fcet yapan Arif Edizer ile \u0130pek Amber, Bar\u0131\u015f Man\u00e7o\u2019nun \u201cG\u00fcl Pembe\u201d adl\u0131 \u015fark\u0131s\u0131n\u0131 seslendirdi. G\u00fczelyurt Belediye Ba\u015fkan\u0131 Mahmut \u00d6z\u00e7\u0131nar konserin sonunda sanat\u00e7\u0131lara \u00e7i\u00e7ek takdim ederek, \u00fclkede yerel sanat\u00e7\u0131lara \u00f6nem vermenin gelece\u011fe yat\u0131r\u0131m [&hellip;]","og_url":"https:\/\/kuzeyinsesi.org\/index.php\/2024\/06\/29\/46-guzelyurt-portakal-festivali-kapsaminda-arif-edizer-ile-ipek-amber-konser-verdi\/","og_site_name":"Kuzeyin Sesi","article_publisher":"https:\/\/www.facebook.com\/kuzeyinsesii","article_published_time":"2024-06-29T15:13:58+00:00","og_image":[{"width":2560,"height":1700,"url":"https:\/\/kuzeyinsesi.org\/wp-content\/uploads\/2024\/06\/guzelyurt-belediyesi-festival-3-scaled.jpg","type":"image\/jpeg"}],"author":"Kuzeyin Sesi","twitter_card":"summary_large_image","twitter_creator":"@kuzeyinsesii","twitter_site":"@kuzeyinsesii","twitter_misc":{"Yazan:":"Kuzeyin Sesi","Tahmini okuma s\u00fcresi":"1 dakika"},"schema":{"@context":"https:\/\/schema.org","@graph":[{"@type":"Article","@id":"https:\/\/kuzeyinsesi.org\/index.php\/2024\/06\/29\/46-guzelyurt-portakal-festivali-kapsaminda-arif-edizer-ile-ipek-amber-konser-verdi\/#article","isPartOf":{"@id":"https:\/\/kuzeyinsesi.org\/index.php\/2024\/06\/29\/46-guzelyurt-portakal-festivali-kapsaminda-arif-edizer-ile-ipek-amber-konser-verdi\/"},"author":{"name":"Kuzeyin Sesi","@id":"https:\/\/kuzeyinsesi.org\/#\/schema\/person\/9f859689cdf01485597712386e37f5aa"},"headline":"\u201c46. G\u00fczelyurt Portakal Festivali\u201d kapsam\u0131nda Arif Edizer ile \u0130pek Amber konser verdi","datePublished":"2024-06-29T15:13:58+00:00","mainEntityOfPage":{"@id":"https:\/\/kuzeyinsesi.org\/index.php\/2024\/06\/29\/46-guzelyurt-portakal-festivali-kapsaminda-arif-edizer-ile-ipek-amber-konser-verdi\/"},"wordCount":114,"commentCount":0,"image":{"@id":"https:\/\/kuzeyinsesi.org\/index.php\/2024\/06\/29\/46-guzelyurt-portakal-festivali-kapsaminda-arif-edizer-ile-ipek-amber-konser-verdi\/#primaryimage"},"thumbnailUrl":"https:\/\/kuzeyinsesi.org\/wp-content\/uploads\/2024\/06\/guzelyurt-belediyesi-festival-3-scaled.jpg","articleSection":["Ya\u015fam"],"inLanguage":"tr","potentialAction":[{"@type":"CommentAction","name":"Comment","target":["https:\/\/kuzeyinsesi.org\/index.php\/2024\/06\/29\/46-guzelyurt-portakal-festivali-kapsaminda-arif-edizer-ile-ipek-amber-konser-verdi\/#respond"]}]},{"@type":"WebPage","@id":"https:\/\/kuzeyinsesi.org\/index.php\/2024\/06\/29\/46-guzelyurt-portakal-festivali-kapsaminda-arif-edizer-ile-ipek-amber-konser-verdi\/","url":"https:\/\/kuzeyinsesi.org\/index.php\/2024\/06\/29\/46-guzelyurt-portakal-festivali-kapsaminda-arif-edizer-ile-ipek-amber-konser-verdi\/","name":"\u201c46. G\u00fczelyurt Portakal Festivali\u201d kapsam\u0131nda Arif Edizer ile \u0130pek Amber konser verdi - Kuzeyin Sesi","isPartOf":{"@id":"https:\/\/kuzeyinsesi.org\/#website"},"primaryImageOfPage":{"@id":"https:\/\/kuzeyinsesi.org\/index.php\/2024\/06\/29\/46-guzelyurt-portakal-festivali-kapsaminda-arif-edizer-ile-ipek-amber-konser-verdi\/#primaryimage"},"image":{"@id":"https:\/\/kuzeyinsesi.org\/index.php\/2024\/06\/29\/46-guzelyurt-portakal-festivali-kapsaminda-arif-edizer-ile-ipek-amber-konser-verdi\/#primaryimage"},"thumbnailUrl":"https:\/\/kuzeyinsesi.org\/wp-content\/uploads\/2024\/06\/guzelyurt-belediyesi-festival-3-scaled.jpg","datePublished":"2024-06-29T15:13:58+00:00","author":{"@id":"https:\/\/kuzeyinsesi.org\/#\/schema\/person\/9f859689cdf01485597712386e37f5aa"},"breadcrumb":{"@id":"https:\/\/kuzeyinsesi.org\/index.php\/2024\/06\/29\/46-guzelyurt-portakal-festivali-kapsaminda-arif-edizer-ile-ipek-amber-konser-verdi\/#breadcrumb"},"inLanguage":"tr","potentialAction":[{"@type":"ReadAction","target":["https:\/\/kuzeyinsesi.org\/index.php\/2024\/06\/29\/46-guzelyurt-portakal-festivali-kapsaminda-arif-edizer-ile-ipek-amber-konser-verdi\/"]}]},{"@type":"ImageObject","inLanguage":"tr","@id":"https:\/\/kuzeyinsesi.org\/index.php\/2024\/06\/29\/46-guzelyurt-portakal-festivali-kapsaminda-arif-edizer-ile-ipek-amber-konser-verdi\/#primaryimage","url":"https:\/\/kuzeyinsesi.org\/wp-content\/uploads\/2024\/06\/guzelyurt-belediyesi-festival-3-scaled.jpg","contentUrl":"https:\/\/kuzeyinsesi.org\/wp-content\/uploads\/2024\/06\/guzelyurt-belediyesi-festival-3-scaled.jpg","width":2560,"height":1700},{"@type":"BreadcrumbList","@id":"https:\/\/kuzeyinsesi.org\/index.php\/2024\/06\/29\/46-guzelyurt-portakal-festivali-kapsaminda-arif-edizer-ile-ipek-amber-konser-verdi\/#breadcrumb","itemListElement":[{"@type":"ListItem","position":1,"name":"Anasayfa","item":"https:\/\/kuzeyinsesi.org\/"},{"@type":"ListItem","position":2,"name":"\u201c46. G\u00fczelyurt Portakal Festivali\u201d kapsam\u0131nda Arif Edizer ile \u0130pek Amber konser verdi"}]},{"@type":"WebSite","@id":"https:\/\/kuzeyinsesi.org\/#website","url":"https:\/\/kuzeyinsesi.org\/","name":"Kuzeyin Sesi","description":"Do\u011fru Haberin Adresi","potentialAction":[{"@type":"SearchAction","target":{"@type":"EntryPoint","urlTemplate":"https:\/\/kuzeyinsesi.org\/?s={search_term_string}"},"query-input":{"@type":"PropertyValueSpecification","valueRequired":true,"valueName":"search_term_string"}}],"inLanguage":"tr"},{"@type":"Person","@id":"https:\/\/kuzeyinsesi.org\/#\/schema\/person\/9f859689cdf01485597712386e37f5aa","name":"Kuzeyin Sesi","image":{"@type":"ImageObject","inLanguage":"tr","@id":"https:\/\/secure.gravatar.com\/avatar\/bab33852abfd8b282518d6ed81826833d77c3c882d9ab608add591ccace47a44?s=96&d=mm&r=g","url":"https:\/\/secure.gravatar.com\/avatar\/bab33852abfd8b282518d6ed81826833d77c3c882d9ab608add591ccace47a44?s=96&d=mm&r=g","contentUrl":"https:\/\/secure.gravatar.com\/avatar\/bab33852abfd8b282518d6ed81826833d77c3c882d9ab608add591ccace47a44?s=96&d=mm&r=g","caption":"Kuzeyin Sesi"},"sameAs":["https:\/\/kuzeyinsesi.org"],"url":"https:\/\/kuzeyinsesi.org\/index.php\/author\/guven\/"}]}},"_links":{"self":[{"href":"https:\/\/kuzeyinsesi.org\/index.php\/wp-json\/wp\/v2\/posts\/5541","targetHints":{"allow":["GET"]}}],"collection":[{"href":"https:\/\/kuzeyinsesi.org\/index.php\/wp-json\/wp\/v2\/posts"}],"about":[{"href":"https:\/\/kuzeyinsesi.org\/index.php\/wp-json\/wp\/v2\/types\/post"}],"author":[{"embeddable":true,"href":"https:\/\/kuzeyinsesi.org\/index.php\/wp-json\/wp\/v2\/users\/1"}],"replies":[{"embeddable":true,"href":"https:\/\/kuzeyinsesi.org\/index.php\/wp-json\/wp\/v2\/comments?post=5541"}],"version-history":[{"count":0,"href":"https:\/\/kuzeyinsesi.org\/index.php\/wp-json\/wp\/v2\/posts\/5541\/revisions"}],"wp:featuredmedia":[{"embeddable":true,"href":"https:\/\/kuzeyinsesi.org\/index.php\/wp-json\/wp\/v2\/media\/5542"}],"wp:attachment":[{"href":"https:\/\/kuzeyinsesi.org\/index.php\/wp-json\/wp\/v2\/media?parent=5541"}],"wp:term":[{"taxonomy":"category","embeddable":true,"href":"https:\/\/kuzeyinsesi.org\/index.php\/wp-json\/wp\/v2\/categories?post=5541"},{"taxonomy":"post_tag","embeddable":true,"href":"https:\/\/kuzeyinsesi.org\/index.php\/wp-json\/wp\/v2\/tags?post=5541"}],"curies":[{"name":"wp","href":"https:\/\/api.w.org\/{rel}","templated":true}]}}