{"id":5539,"date":"2024-06-29T17:13:19","date_gmt":"2024-06-29T14:13:19","guid":{"rendered":"https:\/\/kuzeyinsesi.com\/index.php\/2024\/06\/29\/tatlisuda-yarin-dogal-urun-pazari-aciliyor\/"},"modified":"2024-06-29T17:13:19","modified_gmt":"2024-06-29T14:13:19","slug":"tatlisuda-yarin-dogal-urun-pazari-aciliyor","status":"publish","type":"post","link":"https:\/\/kuzeyinsesi.org\/index.php\/2024\/06\/29\/tatlisuda-yarin-dogal-urun-pazari-aciliyor\/","title":{"rendered":"Tatl\u0131su\u2019da yar\u0131n do\u011fal \u00fcr\u00fcn pazar\u0131 a\u00e7\u0131l\u0131yor"},"content":{"rendered":"<div>\n<div class=\"mariselle-image-container none\">\n                                            <\/div>\n<p style=\"font-weight: 300;\">Tatl\u0131su\u2019da yar\u0131n do\u011fal \u00fcr\u00fcn pazar\u0131 a\u00e7\u0131l\u0131yor.<\/p>\n<p style=\"font-weight: 300;\">Rauf Denkta\u015f Futbol Sahas\u0131 yan\u0131ndaki pazar yerinde saat 10.00\u2019da a\u00e7\u0131lacak ve g\u00fcn boyu s\u00fcrecek pazarda geleneksel y\u00f6ntemlerle \u00fcretilen harnup pekmezi, zeytinya\u011f\u0131, macunlar, re\u00e7eller, do\u011fal \u00e7aylar, sal\u00e7a ve tur\u015fu \u00e7e\u015fitleri sat\u0131\u015fa sunulacak.<\/p>\n<p style=\"font-weight: 300;\">Tatl\u0131su Belediye Ba\u015fkan\u0131 Hayri Or\u00e7an sosyal medya hesab\u0131ndan duyuru yaparak taptaze toplanm\u0131\u015f sebze ve meyveler, k\u00f6y ekme\u011fi, hellimli-zeytinli gibi \u00fcr\u00fcnlerin de sat\u0131laca\u011f\u0131 pazara herkesi davet etti.<\/p>\n<p>\u00a0<\/p>\n<\/p><\/div>\n<p><script async\n                    defer\n                    crossorigin=\"anonymous\"\n                    src=\"https:\/\/connect.facebook.net\/tr_TR\/sdk.js#xfbml=1&#038;version=v3.3\"\n            ><\/script><\/p>\n","protected":false},"excerpt":{"rendered":"<p>Tatl\u0131su\u2019da yar\u0131n do\u011fal \u00fcr\u00fcn pazar\u0131 a\u00e7\u0131l\u0131yor. Rauf Denkta\u015f Futbol Sahas\u0131 yan\u0131ndaki pazar yerinde saat 10.00\u2019da a\u00e7\u0131lacak ve g\u00fcn boyu s\u00fcrecek pazarda geleneksel y\u00f6ntemlerle \u00fcretilen harnup pekmezi, zeytinya\u011f\u0131, macunlar, re\u00e7eller, do\u011fal \u00e7aylar, sal\u00e7a ve tur\u015fu \u00e7e\u015fitleri sat\u0131\u015fa sunulacak. Tatl\u0131su Belediye Ba\u015fkan\u0131 Hayri Or\u00e7an sosyal medya hesab\u0131ndan duyuru yaparak taptaze toplanm\u0131\u015f sebze ve meyveler, k\u00f6y ekme\u011fi, hellimli-zeytinli [&hellip;]<\/p>\n","protected":false},"author":1,"featured_media":5540,"comment_status":"open","ping_status":"open","sticky":false,"template":"","format":"standard","meta":{"jnews-multi-image_gallery":[],"jnews_single_post":[],"jnews_primary_category":[],"jnews_social_meta":[],"jnews_override_counter":[],"footnotes":""},"categories":[6],"tags":[],"class_list":["post-5539","post","type-post","status-publish","format-standard","has-post-thumbnail","hentry","category-yasam"],"yoast_head":"<!-- This site is optimized with the Yoast SEO plugin v27.5 - https:\/\/yoast.com\/product\/yoast-seo-wordpress\/ -->\n<title>Tatl\u0131su\u2019da yar\u0131n do\u011fal \u00fcr\u00fcn pazar\u0131 a\u00e7\u0131l\u0131yor - Kuzeyin Sesi<\/title>\n<meta name=\"robots\" content=\"index, follow, max-snippet:-1, max-image-preview:large, max-video-preview:-1\" \/>\n<link rel=\"canonical\" href=\"https:\/\/kuzeyinsesi.org\/index.php\/2024\/06\/29\/tatlisuda-yarin-dogal-urun-pazari-aciliyor\/\" \/>\n<meta property=\"og:locale\" content=\"tr_TR\" \/>\n<meta property=\"og:type\" content=\"article\" \/>\n<meta property=\"og:title\" content=\"Tatl\u0131su\u2019da yar\u0131n do\u011fal \u00fcr\u00fcn pazar\u0131 a\u00e7\u0131l\u0131yor - Kuzeyin Sesi\" \/>\n<meta property=\"og:description\" content=\"Tatl\u0131su\u2019da yar\u0131n do\u011fal \u00fcr\u00fcn pazar\u0131 a\u00e7\u0131l\u0131yor. Rauf Denkta\u015f Futbol Sahas\u0131 yan\u0131ndaki pazar yerinde saat 10.00\u2019da a\u00e7\u0131lacak ve g\u00fcn boyu s\u00fcrecek pazarda geleneksel y\u00f6ntemlerle \u00fcretilen harnup pekmezi, zeytinya\u011f\u0131, macunlar, re\u00e7eller, do\u011fal \u00e7aylar, sal\u00e7a ve tur\u015fu \u00e7e\u015fitleri sat\u0131\u015fa sunulacak. Tatl\u0131su Belediye Ba\u015fkan\u0131 Hayri Or\u00e7an sosyal medya hesab\u0131ndan duyuru yaparak taptaze toplanm\u0131\u015f sebze ve meyveler, k\u00f6y ekme\u011fi, hellimli-zeytinli [&hellip;]\" \/>\n<meta property=\"og:url\" content=\"https:\/\/kuzeyinsesi.org\/index.php\/2024\/06\/29\/tatlisuda-yarin-dogal-urun-pazari-aciliyor\/\" \/>\n<meta property=\"og:site_name\" content=\"Kuzeyin Sesi\" \/>\n<meta property=\"article:publisher\" content=\"https:\/\/www.facebook.com\/kuzeyinsesii\" \/>\n<meta property=\"article:published_time\" content=\"2024-06-29T14:13:19+00:00\" \/>\n<meta property=\"og:image\" content=\"https:\/\/kuzeyinsesi.org\/wp-content\/uploads\/2024\/06\/pazar.jpeg\" \/>\n\t<meta property=\"og:image:width\" content=\"1080\" \/>\n\t<meta property=\"og:image:height\" content=\"608\" \/>\n\t<meta property=\"og:image:type\" content=\"image\/jpeg\" \/>\n<meta name=\"author\" content=\"Kuzeyin Sesi\" \/>\n<meta name=\"twitter:card\" content=\"summary_large_image\" \/>\n<meta name=\"twitter:creator\" content=\"@kuzeyinsesii\" \/>\n<meta name=\"twitter:site\" content=\"@kuzeyinsesii\" \/>\n<meta name=\"twitter:label1\" content=\"Yazan:\" \/>\n\t<meta name=\"twitter:data1\" content=\"Kuzeyin Sesi\" \/>\n<script type=\"application\/ld+json\" class=\"yoast-schema-graph\">{\"@context\":\"https:\\\/\\\/schema.org\",\"@graph\":[{\"@type\":\"Article\",\"@id\":\"https:\\\/\\\/kuzeyinsesi.org\\\/index.php\\\/2024\\\/06\\\/29\\\/tatlisuda-yarin-dogal-urun-pazari-aciliyor\\\/#article\",\"isPartOf\":{\"@id\":\"https:\\\/\\\/kuzeyinsesi.org\\\/index.php\\\/2024\\\/06\\\/29\\\/tatlisuda-yarin-dogal-urun-pazari-aciliyor\\\/\"},\"author\":{\"name\":\"Kuzeyin Sesi\",\"@id\":\"https:\\\/\\\/kuzeyinsesi.org\\\/#\\\/schema\\\/person\\\/9f859689cdf01485597712386e37f5aa\"},\"headline\":\"Tatl\u0131su\u2019da yar\u0131n do\u011fal \u00fcr\u00fcn pazar\u0131 a\u00e7\u0131l\u0131yor\",\"datePublished\":\"2024-06-29T14:13:19+00:00\",\"mainEntityOfPage\":{\"@id\":\"https:\\\/\\\/kuzeyinsesi.org\\\/index.php\\\/2024\\\/06\\\/29\\\/tatlisuda-yarin-dogal-urun-pazari-aciliyor\\\/\"},\"wordCount\":102,\"commentCount\":0,\"image\":{\"@id\":\"https:\\\/\\\/kuzeyinsesi.org\\\/index.php\\\/2024\\\/06\\\/29\\\/tatlisuda-yarin-dogal-urun-pazari-aciliyor\\\/#primaryimage\"},\"thumbnailUrl\":\"https:\\\/\\\/kuzeyinsesi.org\\\/wp-content\\\/uploads\\\/2024\\\/06\\\/pazar.jpeg\",\"articleSection\":[\"Ya\u015fam\"],\"inLanguage\":\"tr\",\"potentialAction\":[{\"@type\":\"CommentAction\",\"name\":\"Comment\",\"target\":[\"https:\\\/\\\/kuzeyinsesi.org\\\/index.php\\\/2024\\\/06\\\/29\\\/tatlisuda-yarin-dogal-urun-pazari-aciliyor\\\/#respond\"]}]},{\"@type\":\"WebPage\",\"@id\":\"https:\\\/\\\/kuzeyinsesi.org\\\/index.php\\\/2024\\\/06\\\/29\\\/tatlisuda-yarin-dogal-urun-pazari-aciliyor\\\/\",\"url\":\"https:\\\/\\\/kuzeyinsesi.org\\\/index.php\\\/2024\\\/06\\\/29\\\/tatlisuda-yarin-dogal-urun-pazari-aciliyor\\\/\",\"name\":\"Tatl\u0131su\u2019da yar\u0131n do\u011fal \u00fcr\u00fcn pazar\u0131 a\u00e7\u0131l\u0131yor - Kuzeyin Sesi\",\"isPartOf\":{\"@id\":\"https:\\\/\\\/kuzeyinsesi.org\\\/#website\"},\"primaryImageOfPage\":{\"@id\":\"https:\\\/\\\/kuzeyinsesi.org\\\/index.php\\\/2024\\\/06\\\/29\\\/tatlisuda-yarin-dogal-urun-pazari-aciliyor\\\/#primaryimage\"},\"image\":{\"@id\":\"https:\\\/\\\/kuzeyinsesi.org\\\/index.php\\\/2024\\\/06\\\/29\\\/tatlisuda-yarin-dogal-urun-pazari-aciliyor\\\/#primaryimage\"},\"thumbnailUrl\":\"https:\\\/\\\/kuzeyinsesi.org\\\/wp-content\\\/uploads\\\/2024\\\/06\\\/pazar.jpeg\",\"datePublished\":\"2024-06-29T14:13:19+00:00\",\"author\":{\"@id\":\"https:\\\/\\\/kuzeyinsesi.org\\\/#\\\/schema\\\/person\\\/9f859689cdf01485597712386e37f5aa\"},\"breadcrumb\":{\"@id\":\"https:\\\/\\\/kuzeyinsesi.org\\\/index.php\\\/2024\\\/06\\\/29\\\/tatlisuda-yarin-dogal-urun-pazari-aciliyor\\\/#breadcrumb\"},\"inLanguage\":\"tr\",\"potentialAction\":[{\"@type\":\"ReadAction\",\"target\":[\"https:\\\/\\\/kuzeyinsesi.org\\\/index.php\\\/2024\\\/06\\\/29\\\/tatlisuda-yarin-dogal-urun-pazari-aciliyor\\\/\"]}]},{\"@type\":\"ImageObject\",\"inLanguage\":\"tr\",\"@id\":\"https:\\\/\\\/kuzeyinsesi.org\\\/index.php\\\/2024\\\/06\\\/29\\\/tatlisuda-yarin-dogal-urun-pazari-aciliyor\\\/#primaryimage\",\"url\":\"https:\\\/\\\/kuzeyinsesi.org\\\/wp-content\\\/uploads\\\/2024\\\/06\\\/pazar.jpeg\",\"contentUrl\":\"https:\\\/\\\/kuzeyinsesi.org\\\/wp-content\\\/uploads\\\/2024\\\/06\\\/pazar.jpeg\",\"width\":1080,\"height\":608},{\"@type\":\"BreadcrumbList\",\"@id\":\"https:\\\/\\\/kuzeyinsesi.org\\\/index.php\\\/2024\\\/06\\\/29\\\/tatlisuda-yarin-dogal-urun-pazari-aciliyor\\\/#breadcrumb\",\"itemListElement\":[{\"@type\":\"ListItem\",\"position\":1,\"name\":\"Anasayfa\",\"item\":\"https:\\\/\\\/kuzeyinsesi.org\\\/\"},{\"@type\":\"ListItem\",\"position\":2,\"name\":\"Tatl\u0131su\u2019da yar\u0131n do\u011fal \u00fcr\u00fcn pazar\u0131 a\u00e7\u0131l\u0131yor\"}]},{\"@type\":\"WebSite\",\"@id\":\"https:\\\/\\\/kuzeyinsesi.org\\\/#website\",\"url\":\"https:\\\/\\\/kuzeyinsesi.org\\\/\",\"name\":\"Kuzeyin Sesi\",\"description\":\"Do\u011fru Haberin Adresi\",\"potentialAction\":[{\"@type\":\"SearchAction\",\"target\":{\"@type\":\"EntryPoint\",\"urlTemplate\":\"https:\\\/\\\/kuzeyinsesi.org\\\/?s={search_term_string}\"},\"query-input\":{\"@type\":\"PropertyValueSpecification\",\"valueRequired\":true,\"valueName\":\"search_term_string\"}}],\"inLanguage\":\"tr\"},{\"@type\":\"Person\",\"@id\":\"https:\\\/\\\/kuzeyinsesi.org\\\/#\\\/schema\\\/person\\\/9f859689cdf01485597712386e37f5aa\",\"name\":\"Kuzeyin Sesi\",\"image\":{\"@type\":\"ImageObject\",\"inLanguage\":\"tr\",\"@id\":\"https:\\\/\\\/secure.gravatar.com\\\/avatar\\\/bab33852abfd8b282518d6ed81826833d77c3c882d9ab608add591ccace47a44?s=96&d=mm&r=g\",\"url\":\"https:\\\/\\\/secure.gravatar.com\\\/avatar\\\/bab33852abfd8b282518d6ed81826833d77c3c882d9ab608add591ccace47a44?s=96&d=mm&r=g\",\"contentUrl\":\"https:\\\/\\\/secure.gravatar.com\\\/avatar\\\/bab33852abfd8b282518d6ed81826833d77c3c882d9ab608add591ccace47a44?s=96&d=mm&r=g\",\"caption\":\"Kuzeyin Sesi\"},\"sameAs\":[\"https:\\\/\\\/kuzeyinsesi.org\"],\"url\":\"https:\\\/\\\/kuzeyinsesi.org\\\/index.php\\\/author\\\/guven\\\/\"}]}<\/script>\n<!-- \/ Yoast SEO plugin. -->","yoast_head_json":{"title":"Tatl\u0131su\u2019da yar\u0131n do\u011fal \u00fcr\u00fcn pazar\u0131 a\u00e7\u0131l\u0131yor - Kuzeyin Sesi","robots":{"index":"index","follow":"follow","max-snippet":"max-snippet:-1","max-image-preview":"max-image-preview:large","max-video-preview":"max-video-preview:-1"},"canonical":"https:\/\/kuzeyinsesi.org\/index.php\/2024\/06\/29\/tatlisuda-yarin-dogal-urun-pazari-aciliyor\/","og_locale":"tr_TR","og_type":"article","og_title":"Tatl\u0131su\u2019da yar\u0131n do\u011fal \u00fcr\u00fcn pazar\u0131 a\u00e7\u0131l\u0131yor - Kuzeyin Sesi","og_description":"Tatl\u0131su\u2019da yar\u0131n do\u011fal \u00fcr\u00fcn pazar\u0131 a\u00e7\u0131l\u0131yor. Rauf Denkta\u015f Futbol Sahas\u0131 yan\u0131ndaki pazar yerinde saat 10.00\u2019da a\u00e7\u0131lacak ve g\u00fcn boyu s\u00fcrecek pazarda geleneksel y\u00f6ntemlerle \u00fcretilen harnup pekmezi, zeytinya\u011f\u0131, macunlar, re\u00e7eller, do\u011fal \u00e7aylar, sal\u00e7a ve tur\u015fu \u00e7e\u015fitleri sat\u0131\u015fa sunulacak. Tatl\u0131su Belediye Ba\u015fkan\u0131 Hayri Or\u00e7an sosyal medya hesab\u0131ndan duyuru yaparak taptaze toplanm\u0131\u015f sebze ve meyveler, k\u00f6y ekme\u011fi, hellimli-zeytinli [&hellip;]","og_url":"https:\/\/kuzeyinsesi.org\/index.php\/2024\/06\/29\/tatlisuda-yarin-dogal-urun-pazari-aciliyor\/","og_site_name":"Kuzeyin Sesi","article_publisher":"https:\/\/www.facebook.com\/kuzeyinsesii","article_published_time":"2024-06-29T14:13:19+00:00","og_image":[{"width":1080,"height":608,"url":"https:\/\/kuzeyinsesi.org\/wp-content\/uploads\/2024\/06\/pazar.jpeg","type":"image\/jpeg"}],"author":"Kuzeyin Sesi","twitter_card":"summary_large_image","twitter_creator":"@kuzeyinsesii","twitter_site":"@kuzeyinsesii","twitter_misc":{"Yazan:":"Kuzeyin Sesi"},"schema":{"@context":"https:\/\/schema.org","@graph":[{"@type":"Article","@id":"https:\/\/kuzeyinsesi.org\/index.php\/2024\/06\/29\/tatlisuda-yarin-dogal-urun-pazari-aciliyor\/#article","isPartOf":{"@id":"https:\/\/kuzeyinsesi.org\/index.php\/2024\/06\/29\/tatlisuda-yarin-dogal-urun-pazari-aciliyor\/"},"author":{"name":"Kuzeyin Sesi","@id":"https:\/\/kuzeyinsesi.org\/#\/schema\/person\/9f859689cdf01485597712386e37f5aa"},"headline":"Tatl\u0131su\u2019da yar\u0131n do\u011fal \u00fcr\u00fcn pazar\u0131 a\u00e7\u0131l\u0131yor","datePublished":"2024-06-29T14:13:19+00:00","mainEntityOfPage":{"@id":"https:\/\/kuzeyinsesi.org\/index.php\/2024\/06\/29\/tatlisuda-yarin-dogal-urun-pazari-aciliyor\/"},"wordCount":102,"commentCount":0,"image":{"@id":"https:\/\/kuzeyinsesi.org\/index.php\/2024\/06\/29\/tatlisuda-yarin-dogal-urun-pazari-aciliyor\/#primaryimage"},"thumbnailUrl":"https:\/\/kuzeyinsesi.org\/wp-content\/uploads\/2024\/06\/pazar.jpeg","articleSection":["Ya\u015fam"],"inLanguage":"tr","potentialAction":[{"@type":"CommentAction","name":"Comment","target":["https:\/\/kuzeyinsesi.org\/index.php\/2024\/06\/29\/tatlisuda-yarin-dogal-urun-pazari-aciliyor\/#respond"]}]},{"@type":"WebPage","@id":"https:\/\/kuzeyinsesi.org\/index.php\/2024\/06\/29\/tatlisuda-yarin-dogal-urun-pazari-aciliyor\/","url":"https:\/\/kuzeyinsesi.org\/index.php\/2024\/06\/29\/tatlisuda-yarin-dogal-urun-pazari-aciliyor\/","name":"Tatl\u0131su\u2019da yar\u0131n do\u011fal \u00fcr\u00fcn pazar\u0131 a\u00e7\u0131l\u0131yor - Kuzeyin Sesi","isPartOf":{"@id":"https:\/\/kuzeyinsesi.org\/#website"},"primaryImageOfPage":{"@id":"https:\/\/kuzeyinsesi.org\/index.php\/2024\/06\/29\/tatlisuda-yarin-dogal-urun-pazari-aciliyor\/#primaryimage"},"image":{"@id":"https:\/\/kuzeyinsesi.org\/index.php\/2024\/06\/29\/tatlisuda-yarin-dogal-urun-pazari-aciliyor\/#primaryimage"},"thumbnailUrl":"https:\/\/kuzeyinsesi.org\/wp-content\/uploads\/2024\/06\/pazar.jpeg","datePublished":"2024-06-29T14:13:19+00:00","author":{"@id":"https:\/\/kuzeyinsesi.org\/#\/schema\/person\/9f859689cdf01485597712386e37f5aa"},"breadcrumb":{"@id":"https:\/\/kuzeyinsesi.org\/index.php\/2024\/06\/29\/tatlisuda-yarin-dogal-urun-pazari-aciliyor\/#breadcrumb"},"inLanguage":"tr","potentialAction":[{"@type":"ReadAction","target":["https:\/\/kuzeyinsesi.org\/index.php\/2024\/06\/29\/tatlisuda-yarin-dogal-urun-pazari-aciliyor\/"]}]},{"@type":"ImageObject","inLanguage":"tr","@id":"https:\/\/kuzeyinsesi.org\/index.php\/2024\/06\/29\/tatlisuda-yarin-dogal-urun-pazari-aciliyor\/#primaryimage","url":"https:\/\/kuzeyinsesi.org\/wp-content\/uploads\/2024\/06\/pazar.jpeg","contentUrl":"https:\/\/kuzeyinsesi.org\/wp-content\/uploads\/2024\/06\/pazar.jpeg","width":1080,"height":608},{"@type":"BreadcrumbList","@id":"https:\/\/kuzeyinsesi.org\/index.php\/2024\/06\/29\/tatlisuda-yarin-dogal-urun-pazari-aciliyor\/#breadcrumb","itemListElement":[{"@type":"ListItem","position":1,"name":"Anasayfa","item":"https:\/\/kuzeyinsesi.org\/"},{"@type":"ListItem","position":2,"name":"Tatl\u0131su\u2019da yar\u0131n do\u011fal \u00fcr\u00fcn pazar\u0131 a\u00e7\u0131l\u0131yor"}]},{"@type":"WebSite","@id":"https:\/\/kuzeyinsesi.org\/#website","url":"https:\/\/kuzeyinsesi.org\/","name":"Kuzeyin Sesi","description":"Do\u011fru Haberin Adresi","potentialAction":[{"@type":"SearchAction","target":{"@type":"EntryPoint","urlTemplate":"https:\/\/kuzeyinsesi.org\/?s={search_term_string}"},"query-input":{"@type":"PropertyValueSpecification","valueRequired":true,"valueName":"search_term_string"}}],"inLanguage":"tr"},{"@type":"Person","@id":"https:\/\/kuzeyinsesi.org\/#\/schema\/person\/9f859689cdf01485597712386e37f5aa","name":"Kuzeyin Sesi","image":{"@type":"ImageObject","inLanguage":"tr","@id":"https:\/\/secure.gravatar.com\/avatar\/bab33852abfd8b282518d6ed81826833d77c3c882d9ab608add591ccace47a44?s=96&d=mm&r=g","url":"https:\/\/secure.gravatar.com\/avatar\/bab33852abfd8b282518d6ed81826833d77c3c882d9ab608add591ccace47a44?s=96&d=mm&r=g","contentUrl":"https:\/\/secure.gravatar.com\/avatar\/bab33852abfd8b282518d6ed81826833d77c3c882d9ab608add591ccace47a44?s=96&d=mm&r=g","caption":"Kuzeyin Sesi"},"sameAs":["https:\/\/kuzeyinsesi.org"],"url":"https:\/\/kuzeyinsesi.org\/index.php\/author\/guven\/"}]}},"_links":{"self":[{"href":"https:\/\/kuzeyinsesi.org\/index.php\/wp-json\/wp\/v2\/posts\/5539","targetHints":{"allow":["GET"]}}],"collection":[{"href":"https:\/\/kuzeyinsesi.org\/index.php\/wp-json\/wp\/v2\/posts"}],"about":[{"href":"https:\/\/kuzeyinsesi.org\/index.php\/wp-json\/wp\/v2\/types\/post"}],"author":[{"embeddable":true,"href":"https:\/\/kuzeyinsesi.org\/index.php\/wp-json\/wp\/v2\/users\/1"}],"replies":[{"embeddable":true,"href":"https:\/\/kuzeyinsesi.org\/index.php\/wp-json\/wp\/v2\/comments?post=5539"}],"version-history":[{"count":0,"href":"https:\/\/kuzeyinsesi.org\/index.php\/wp-json\/wp\/v2\/posts\/5539\/revisions"}],"wp:featuredmedia":[{"embeddable":true,"href":"https:\/\/kuzeyinsesi.org\/index.php\/wp-json\/wp\/v2\/media\/5540"}],"wp:attachment":[{"href":"https:\/\/kuzeyinsesi.org\/index.php\/wp-json\/wp\/v2\/media?parent=5539"}],"wp:term":[{"taxonomy":"category","embeddable":true,"href":"https:\/\/kuzeyinsesi.org\/index.php\/wp-json\/wp\/v2\/categories?post=5539"},{"taxonomy":"post_tag","embeddable":true,"href":"https:\/\/kuzeyinsesi.org\/index.php\/wp-json\/wp\/v2\/tags?post=5539"}],"curies":[{"name":"wp","href":"https:\/\/api.w.org\/{rel}","templated":true}]}}