{"id":5515,"date":"2024-06-28T21:45:04","date_gmt":"2024-06-28T18:45:04","guid":{"rendered":"https:\/\/kuzeyinsesi.com\/index.php\/2024\/06\/28\/erenkoy-karpaz-belediyesinin-birinci-yaz-festivali-5-7-temmuzda\/"},"modified":"2024-06-28T21:45:04","modified_gmt":"2024-06-28T18:45:04","slug":"erenkoy-karpaz-belediyesinin-birinci-yaz-festivali-5-7-temmuzda","status":"publish","type":"post","link":"https:\/\/kuzeyinsesi.org\/index.php\/2024\/06\/28\/erenkoy-karpaz-belediyesinin-birinci-yaz-festivali-5-7-temmuzda\/","title":{"rendered":"Erenk\u00f6y-Karpaz Belediyesinin birinci yaz festivali 5-7 Temmuz\u2019da"},"content":{"rendered":"<div>\n<div class=\"mariselle-image-container center\">\n                                            <\/div>\n<p>Erenk\u00f6y-Karpaz Belediyesi, 5-7 Temmuz\u2019da festival d\u00fczenliyor.<\/p>\n<p>Yenierenk\u00f6y Halk Plaj\u0131nda yer alacak festivalin birincisinde turnuvalar, plaj etkinlikleri ve konserler yer alacak.<\/p>\n<p>Festival kapsam\u0131nda T\u00fcrkiye\u2019den ses sanat\u00e7\u0131lar\u0131 Sena \u015eener 5 Temmuz\u2019da, rap sanat\u00e7\u0131s\u0131 Motive ve yerli gruplardan Otantik 7 Temmuz\u2019da sahne alacak. Konserlere giri\u015f \u00fccretsiz olacak.<\/p>\n<p>Yenierenk\u00f6y Halk Plaj\u0131\u2019ndaki festivalde Aile Kat\u0131l\u0131ml\u0131 Kumdan Heykel Etkinli\u011fi, Survivor \u00c7ocuk, Tavla Turnuvas\u0131, Plaj Voleybolu, Satran\u00e7 Turnuvas\u0131, \u00c7ocuk ve  Sanat Etkinlikleri d\u00fczenlenecek, International Dance Organizasyon T\u00fcrkiye aya\u011f\u0131na kat\u0131lan Diamoonte Jimnastik Kulub\u00fc, halk danslar\u0131 ekiplerinden YENDER \u00c7ocuk Halk Danslar\u0131 Toplulu\u011fu, Yenierenk\u00f6y \u0130lkokulu Dans Grubu ve YENDER Master Kad\u0131nlar\u0131 sahne alacak.<\/p>\n<\/p><\/div>\n<p><script async\n                    defer\n                    crossorigin=\"anonymous\"\n                    src=\"https:\/\/connect.facebook.net\/tr_TR\/sdk.js#xfbml=1&#038;version=v3.3\"\n            ><\/script><\/p>\n","protected":false},"excerpt":{"rendered":"<p>Erenk\u00f6y-Karpaz Belediyesi, 5-7 Temmuz\u2019da festival d\u00fczenliyor. Yenierenk\u00f6y Halk Plaj\u0131nda yer alacak festivalin birincisinde turnuvalar, plaj etkinlikleri ve konserler yer alacak. Festival kapsam\u0131nda T\u00fcrkiye\u2019den ses sanat\u00e7\u0131lar\u0131 Sena \u015eener 5 Temmuz\u2019da, rap sanat\u00e7\u0131s\u0131 Motive ve yerli gruplardan Otantik 7 Temmuz\u2019da sahne alacak. Konserlere giri\u015f \u00fccretsiz olacak. Yenierenk\u00f6y Halk Plaj\u0131\u2019ndaki festivalde Aile Kat\u0131l\u0131ml\u0131 Kumdan Heykel Etkinli\u011fi, Survivor \u00c7ocuk, [&hellip;]<\/p>\n","protected":false},"author":1,"featured_media":5516,"comment_status":"open","ping_status":"open","sticky":false,"template":"","format":"standard","meta":{"jnews-multi-image_gallery":[],"jnews_single_post":[],"jnews_primary_category":[],"jnews_social_meta":[],"jnews_override_counter":[],"footnotes":""},"categories":[6],"tags":[],"class_list":["post-5515","post","type-post","status-publish","format-standard","has-post-thumbnail","hentry","category-yasam"],"yoast_head":"<!-- This site is optimized with the Yoast SEO plugin v27.5 - https:\/\/yoast.com\/product\/yoast-seo-wordpress\/ -->\n<title>Erenk\u00f6y-Karpaz Belediyesinin birinci yaz festivali 5-7 Temmuz\u2019da - Kuzeyin Sesi<\/title>\n<meta name=\"robots\" content=\"index, follow, max-snippet:-1, max-image-preview:large, max-video-preview:-1\" \/>\n<link rel=\"canonical\" href=\"https:\/\/kuzeyinsesi.org\/index.php\/2024\/06\/28\/erenkoy-karpaz-belediyesinin-birinci-yaz-festivali-5-7-temmuzda\/\" \/>\n<meta property=\"og:locale\" content=\"tr_TR\" \/>\n<meta property=\"og:type\" content=\"article\" \/>\n<meta property=\"og:title\" content=\"Erenk\u00f6y-Karpaz Belediyesinin birinci yaz festivali 5-7 Temmuz\u2019da - Kuzeyin Sesi\" \/>\n<meta property=\"og:description\" content=\"Erenk\u00f6y-Karpaz Belediyesi, 5-7 Temmuz\u2019da festival d\u00fczenliyor. Yenierenk\u00f6y Halk Plaj\u0131nda yer alacak festivalin birincisinde turnuvalar, plaj etkinlikleri ve konserler yer alacak. Festival kapsam\u0131nda T\u00fcrkiye\u2019den ses sanat\u00e7\u0131lar\u0131 Sena \u015eener 5 Temmuz\u2019da, rap sanat\u00e7\u0131s\u0131 Motive ve yerli gruplardan Otantik 7 Temmuz\u2019da sahne alacak. Konserlere giri\u015f \u00fccretsiz olacak. Yenierenk\u00f6y Halk Plaj\u0131\u2019ndaki festivalde Aile Kat\u0131l\u0131ml\u0131 Kumdan Heykel Etkinli\u011fi, Survivor \u00c7ocuk, [&hellip;]\" \/>\n<meta property=\"og:url\" content=\"https:\/\/kuzeyinsesi.org\/index.php\/2024\/06\/28\/erenkoy-karpaz-belediyesinin-birinci-yaz-festivali-5-7-temmuzda\/\" \/>\n<meta property=\"og:site_name\" content=\"Kuzeyin Sesi\" \/>\n<meta property=\"article:publisher\" content=\"https:\/\/www.facebook.com\/kuzeyinsesii\" \/>\n<meta property=\"article:published_time\" content=\"2024-06-28T18:45:04+00:00\" \/>\n<meta property=\"og:image\" content=\"https:\/\/kuzeyinsesi.org\/wp-content\/uploads\/2024\/06\/erenkoy.webp.webp\" \/>\n\t<meta property=\"og:image:width\" content=\"971\" \/>\n\t<meta property=\"og:image:height\" content=\"551\" \/>\n\t<meta property=\"og:image:type\" content=\"image\/webp\" \/>\n<meta name=\"author\" content=\"Kuzeyin Sesi\" \/>\n<meta name=\"twitter:card\" content=\"summary_large_image\" \/>\n<meta name=\"twitter:creator\" content=\"@kuzeyinsesii\" \/>\n<meta name=\"twitter:site\" content=\"@kuzeyinsesii\" \/>\n<meta name=\"twitter:label1\" content=\"Yazan:\" \/>\n\t<meta name=\"twitter:data1\" content=\"Kuzeyin Sesi\" \/>\n\t<meta name=\"twitter:label2\" content=\"Tahmini okuma s\u00fcresi\" \/>\n\t<meta name=\"twitter:data2\" content=\"1 dakika\" \/>\n<script type=\"application\/ld+json\" class=\"yoast-schema-graph\">{\"@context\":\"https:\\\/\\\/schema.org\",\"@graph\":[{\"@type\":\"Article\",\"@id\":\"https:\\\/\\\/kuzeyinsesi.org\\\/index.php\\\/2024\\\/06\\\/28\\\/erenkoy-karpaz-belediyesinin-birinci-yaz-festivali-5-7-temmuzda\\\/#article\",\"isPartOf\":{\"@id\":\"https:\\\/\\\/kuzeyinsesi.org\\\/index.php\\\/2024\\\/06\\\/28\\\/erenkoy-karpaz-belediyesinin-birinci-yaz-festivali-5-7-temmuzda\\\/\"},\"author\":{\"name\":\"Kuzeyin Sesi\",\"@id\":\"https:\\\/\\\/kuzeyinsesi.org\\\/#\\\/schema\\\/person\\\/9f859689cdf01485597712386e37f5aa\"},\"headline\":\"Erenk\u00f6y-Karpaz Belediyesinin birinci yaz festivali 5-7 Temmuz\u2019da\",\"datePublished\":\"2024-06-28T18:45:04+00:00\",\"mainEntityOfPage\":{\"@id\":\"https:\\\/\\\/kuzeyinsesi.org\\\/index.php\\\/2024\\\/06\\\/28\\\/erenkoy-karpaz-belediyesinin-birinci-yaz-festivali-5-7-temmuzda\\\/\"},\"wordCount\":124,\"commentCount\":0,\"image\":{\"@id\":\"https:\\\/\\\/kuzeyinsesi.org\\\/index.php\\\/2024\\\/06\\\/28\\\/erenkoy-karpaz-belediyesinin-birinci-yaz-festivali-5-7-temmuzda\\\/#primaryimage\"},\"thumbnailUrl\":\"https:\\\/\\\/kuzeyinsesi.org\\\/wp-content\\\/uploads\\\/2024\\\/06\\\/erenkoy.webp.webp\",\"articleSection\":[\"Ya\u015fam\"],\"inLanguage\":\"tr\",\"potentialAction\":[{\"@type\":\"CommentAction\",\"name\":\"Comment\",\"target\":[\"https:\\\/\\\/kuzeyinsesi.org\\\/index.php\\\/2024\\\/06\\\/28\\\/erenkoy-karpaz-belediyesinin-birinci-yaz-festivali-5-7-temmuzda\\\/#respond\"]}]},{\"@type\":\"WebPage\",\"@id\":\"https:\\\/\\\/kuzeyinsesi.org\\\/index.php\\\/2024\\\/06\\\/28\\\/erenkoy-karpaz-belediyesinin-birinci-yaz-festivali-5-7-temmuzda\\\/\",\"url\":\"https:\\\/\\\/kuzeyinsesi.org\\\/index.php\\\/2024\\\/06\\\/28\\\/erenkoy-karpaz-belediyesinin-birinci-yaz-festivali-5-7-temmuzda\\\/\",\"name\":\"Erenk\u00f6y-Karpaz Belediyesinin birinci yaz festivali 5-7 Temmuz\u2019da - Kuzeyin Sesi\",\"isPartOf\":{\"@id\":\"https:\\\/\\\/kuzeyinsesi.org\\\/#website\"},\"primaryImageOfPage\":{\"@id\":\"https:\\\/\\\/kuzeyinsesi.org\\\/index.php\\\/2024\\\/06\\\/28\\\/erenkoy-karpaz-belediyesinin-birinci-yaz-festivali-5-7-temmuzda\\\/#primaryimage\"},\"image\":{\"@id\":\"https:\\\/\\\/kuzeyinsesi.org\\\/index.php\\\/2024\\\/06\\\/28\\\/erenkoy-karpaz-belediyesinin-birinci-yaz-festivali-5-7-temmuzda\\\/#primaryimage\"},\"thumbnailUrl\":\"https:\\\/\\\/kuzeyinsesi.org\\\/wp-content\\\/uploads\\\/2024\\\/06\\\/erenkoy.webp.webp\",\"datePublished\":\"2024-06-28T18:45:04+00:00\",\"author\":{\"@id\":\"https:\\\/\\\/kuzeyinsesi.org\\\/#\\\/schema\\\/person\\\/9f859689cdf01485597712386e37f5aa\"},\"breadcrumb\":{\"@id\":\"https:\\\/\\\/kuzeyinsesi.org\\\/index.php\\\/2024\\\/06\\\/28\\\/erenkoy-karpaz-belediyesinin-birinci-yaz-festivali-5-7-temmuzda\\\/#breadcrumb\"},\"inLanguage\":\"tr\",\"potentialAction\":[{\"@type\":\"ReadAction\",\"target\":[\"https:\\\/\\\/kuzeyinsesi.org\\\/index.php\\\/2024\\\/06\\\/28\\\/erenkoy-karpaz-belediyesinin-birinci-yaz-festivali-5-7-temmuzda\\\/\"]}]},{\"@type\":\"ImageObject\",\"inLanguage\":\"tr\",\"@id\":\"https:\\\/\\\/kuzeyinsesi.org\\\/index.php\\\/2024\\\/06\\\/28\\\/erenkoy-karpaz-belediyesinin-birinci-yaz-festivali-5-7-temmuzda\\\/#primaryimage\",\"url\":\"https:\\\/\\\/kuzeyinsesi.org\\\/wp-content\\\/uploads\\\/2024\\\/06\\\/erenkoy.webp.webp\",\"contentUrl\":\"https:\\\/\\\/kuzeyinsesi.org\\\/wp-content\\\/uploads\\\/2024\\\/06\\\/erenkoy.webp.webp\",\"width\":971,\"height\":551},{\"@type\":\"BreadcrumbList\",\"@id\":\"https:\\\/\\\/kuzeyinsesi.org\\\/index.php\\\/2024\\\/06\\\/28\\\/erenkoy-karpaz-belediyesinin-birinci-yaz-festivali-5-7-temmuzda\\\/#breadcrumb\",\"itemListElement\":[{\"@type\":\"ListItem\",\"position\":1,\"name\":\"Anasayfa\",\"item\":\"https:\\\/\\\/kuzeyinsesi.org\\\/\"},{\"@type\":\"ListItem\",\"position\":2,\"name\":\"Erenk\u00f6y-Karpaz Belediyesinin birinci yaz festivali 5-7 Temmuz\u2019da\"}]},{\"@type\":\"WebSite\",\"@id\":\"https:\\\/\\\/kuzeyinsesi.org\\\/#website\",\"url\":\"https:\\\/\\\/kuzeyinsesi.org\\\/\",\"name\":\"Kuzeyin Sesi\",\"description\":\"Do\u011fru Haberin Adresi\",\"potentialAction\":[{\"@type\":\"SearchAction\",\"target\":{\"@type\":\"EntryPoint\",\"urlTemplate\":\"https:\\\/\\\/kuzeyinsesi.org\\\/?s={search_term_string}\"},\"query-input\":{\"@type\":\"PropertyValueSpecification\",\"valueRequired\":true,\"valueName\":\"search_term_string\"}}],\"inLanguage\":\"tr\"},{\"@type\":\"Person\",\"@id\":\"https:\\\/\\\/kuzeyinsesi.org\\\/#\\\/schema\\\/person\\\/9f859689cdf01485597712386e37f5aa\",\"name\":\"Kuzeyin Sesi\",\"image\":{\"@type\":\"ImageObject\",\"inLanguage\":\"tr\",\"@id\":\"https:\\\/\\\/secure.gravatar.com\\\/avatar\\\/bab33852abfd8b282518d6ed81826833d77c3c882d9ab608add591ccace47a44?s=96&d=mm&r=g\",\"url\":\"https:\\\/\\\/secure.gravatar.com\\\/avatar\\\/bab33852abfd8b282518d6ed81826833d77c3c882d9ab608add591ccace47a44?s=96&d=mm&r=g\",\"contentUrl\":\"https:\\\/\\\/secure.gravatar.com\\\/avatar\\\/bab33852abfd8b282518d6ed81826833d77c3c882d9ab608add591ccace47a44?s=96&d=mm&r=g\",\"caption\":\"Kuzeyin Sesi\"},\"sameAs\":[\"https:\\\/\\\/kuzeyinsesi.org\"],\"url\":\"https:\\\/\\\/kuzeyinsesi.org\\\/index.php\\\/author\\\/guven\\\/\"}]}<\/script>\n<!-- \/ Yoast SEO plugin. -->","yoast_head_json":{"title":"Erenk\u00f6y-Karpaz Belediyesinin birinci yaz festivali 5-7 Temmuz\u2019da - Kuzeyin Sesi","robots":{"index":"index","follow":"follow","max-snippet":"max-snippet:-1","max-image-preview":"max-image-preview:large","max-video-preview":"max-video-preview:-1"},"canonical":"https:\/\/kuzeyinsesi.org\/index.php\/2024\/06\/28\/erenkoy-karpaz-belediyesinin-birinci-yaz-festivali-5-7-temmuzda\/","og_locale":"tr_TR","og_type":"article","og_title":"Erenk\u00f6y-Karpaz Belediyesinin birinci yaz festivali 5-7 Temmuz\u2019da - Kuzeyin Sesi","og_description":"Erenk\u00f6y-Karpaz Belediyesi, 5-7 Temmuz\u2019da festival d\u00fczenliyor. Yenierenk\u00f6y Halk Plaj\u0131nda yer alacak festivalin birincisinde turnuvalar, plaj etkinlikleri ve konserler yer alacak. Festival kapsam\u0131nda T\u00fcrkiye\u2019den ses sanat\u00e7\u0131lar\u0131 Sena \u015eener 5 Temmuz\u2019da, rap sanat\u00e7\u0131s\u0131 Motive ve yerli gruplardan Otantik 7 Temmuz\u2019da sahne alacak. Konserlere giri\u015f \u00fccretsiz olacak. Yenierenk\u00f6y Halk Plaj\u0131\u2019ndaki festivalde Aile Kat\u0131l\u0131ml\u0131 Kumdan Heykel Etkinli\u011fi, Survivor \u00c7ocuk, [&hellip;]","og_url":"https:\/\/kuzeyinsesi.org\/index.php\/2024\/06\/28\/erenkoy-karpaz-belediyesinin-birinci-yaz-festivali-5-7-temmuzda\/","og_site_name":"Kuzeyin Sesi","article_publisher":"https:\/\/www.facebook.com\/kuzeyinsesii","article_published_time":"2024-06-28T18:45:04+00:00","og_image":[{"width":971,"height":551,"url":"https:\/\/kuzeyinsesi.org\/wp-content\/uploads\/2024\/06\/erenkoy.webp.webp","type":"image\/webp"}],"author":"Kuzeyin Sesi","twitter_card":"summary_large_image","twitter_creator":"@kuzeyinsesii","twitter_site":"@kuzeyinsesii","twitter_misc":{"Yazan:":"Kuzeyin Sesi","Tahmini okuma s\u00fcresi":"1 dakika"},"schema":{"@context":"https:\/\/schema.org","@graph":[{"@type":"Article","@id":"https:\/\/kuzeyinsesi.org\/index.php\/2024\/06\/28\/erenkoy-karpaz-belediyesinin-birinci-yaz-festivali-5-7-temmuzda\/#article","isPartOf":{"@id":"https:\/\/kuzeyinsesi.org\/index.php\/2024\/06\/28\/erenkoy-karpaz-belediyesinin-birinci-yaz-festivali-5-7-temmuzda\/"},"author":{"name":"Kuzeyin Sesi","@id":"https:\/\/kuzeyinsesi.org\/#\/schema\/person\/9f859689cdf01485597712386e37f5aa"},"headline":"Erenk\u00f6y-Karpaz Belediyesinin birinci yaz festivali 5-7 Temmuz\u2019da","datePublished":"2024-06-28T18:45:04+00:00","mainEntityOfPage":{"@id":"https:\/\/kuzeyinsesi.org\/index.php\/2024\/06\/28\/erenkoy-karpaz-belediyesinin-birinci-yaz-festivali-5-7-temmuzda\/"},"wordCount":124,"commentCount":0,"image":{"@id":"https:\/\/kuzeyinsesi.org\/index.php\/2024\/06\/28\/erenkoy-karpaz-belediyesinin-birinci-yaz-festivali-5-7-temmuzda\/#primaryimage"},"thumbnailUrl":"https:\/\/kuzeyinsesi.org\/wp-content\/uploads\/2024\/06\/erenkoy.webp.webp","articleSection":["Ya\u015fam"],"inLanguage":"tr","potentialAction":[{"@type":"CommentAction","name":"Comment","target":["https:\/\/kuzeyinsesi.org\/index.php\/2024\/06\/28\/erenkoy-karpaz-belediyesinin-birinci-yaz-festivali-5-7-temmuzda\/#respond"]}]},{"@type":"WebPage","@id":"https:\/\/kuzeyinsesi.org\/index.php\/2024\/06\/28\/erenkoy-karpaz-belediyesinin-birinci-yaz-festivali-5-7-temmuzda\/","url":"https:\/\/kuzeyinsesi.org\/index.php\/2024\/06\/28\/erenkoy-karpaz-belediyesinin-birinci-yaz-festivali-5-7-temmuzda\/","name":"Erenk\u00f6y-Karpaz Belediyesinin birinci yaz festivali 5-7 Temmuz\u2019da - Kuzeyin Sesi","isPartOf":{"@id":"https:\/\/kuzeyinsesi.org\/#website"},"primaryImageOfPage":{"@id":"https:\/\/kuzeyinsesi.org\/index.php\/2024\/06\/28\/erenkoy-karpaz-belediyesinin-birinci-yaz-festivali-5-7-temmuzda\/#primaryimage"},"image":{"@id":"https:\/\/kuzeyinsesi.org\/index.php\/2024\/06\/28\/erenkoy-karpaz-belediyesinin-birinci-yaz-festivali-5-7-temmuzda\/#primaryimage"},"thumbnailUrl":"https:\/\/kuzeyinsesi.org\/wp-content\/uploads\/2024\/06\/erenkoy.webp.webp","datePublished":"2024-06-28T18:45:04+00:00","author":{"@id":"https:\/\/kuzeyinsesi.org\/#\/schema\/person\/9f859689cdf01485597712386e37f5aa"},"breadcrumb":{"@id":"https:\/\/kuzeyinsesi.org\/index.php\/2024\/06\/28\/erenkoy-karpaz-belediyesinin-birinci-yaz-festivali-5-7-temmuzda\/#breadcrumb"},"inLanguage":"tr","potentialAction":[{"@type":"ReadAction","target":["https:\/\/kuzeyinsesi.org\/index.php\/2024\/06\/28\/erenkoy-karpaz-belediyesinin-birinci-yaz-festivali-5-7-temmuzda\/"]}]},{"@type":"ImageObject","inLanguage":"tr","@id":"https:\/\/kuzeyinsesi.org\/index.php\/2024\/06\/28\/erenkoy-karpaz-belediyesinin-birinci-yaz-festivali-5-7-temmuzda\/#primaryimage","url":"https:\/\/kuzeyinsesi.org\/wp-content\/uploads\/2024\/06\/erenkoy.webp.webp","contentUrl":"https:\/\/kuzeyinsesi.org\/wp-content\/uploads\/2024\/06\/erenkoy.webp.webp","width":971,"height":551},{"@type":"BreadcrumbList","@id":"https:\/\/kuzeyinsesi.org\/index.php\/2024\/06\/28\/erenkoy-karpaz-belediyesinin-birinci-yaz-festivali-5-7-temmuzda\/#breadcrumb","itemListElement":[{"@type":"ListItem","position":1,"name":"Anasayfa","item":"https:\/\/kuzeyinsesi.org\/"},{"@type":"ListItem","position":2,"name":"Erenk\u00f6y-Karpaz Belediyesinin birinci yaz festivali 5-7 Temmuz\u2019da"}]},{"@type":"WebSite","@id":"https:\/\/kuzeyinsesi.org\/#website","url":"https:\/\/kuzeyinsesi.org\/","name":"Kuzeyin Sesi","description":"Do\u011fru Haberin Adresi","potentialAction":[{"@type":"SearchAction","target":{"@type":"EntryPoint","urlTemplate":"https:\/\/kuzeyinsesi.org\/?s={search_term_string}"},"query-input":{"@type":"PropertyValueSpecification","valueRequired":true,"valueName":"search_term_string"}}],"inLanguage":"tr"},{"@type":"Person","@id":"https:\/\/kuzeyinsesi.org\/#\/schema\/person\/9f859689cdf01485597712386e37f5aa","name":"Kuzeyin Sesi","image":{"@type":"ImageObject","inLanguage":"tr","@id":"https:\/\/secure.gravatar.com\/avatar\/bab33852abfd8b282518d6ed81826833d77c3c882d9ab608add591ccace47a44?s=96&d=mm&r=g","url":"https:\/\/secure.gravatar.com\/avatar\/bab33852abfd8b282518d6ed81826833d77c3c882d9ab608add591ccace47a44?s=96&d=mm&r=g","contentUrl":"https:\/\/secure.gravatar.com\/avatar\/bab33852abfd8b282518d6ed81826833d77c3c882d9ab608add591ccace47a44?s=96&d=mm&r=g","caption":"Kuzeyin Sesi"},"sameAs":["https:\/\/kuzeyinsesi.org"],"url":"https:\/\/kuzeyinsesi.org\/index.php\/author\/guven\/"}]}},"_links":{"self":[{"href":"https:\/\/kuzeyinsesi.org\/index.php\/wp-json\/wp\/v2\/posts\/5515","targetHints":{"allow":["GET"]}}],"collection":[{"href":"https:\/\/kuzeyinsesi.org\/index.php\/wp-json\/wp\/v2\/posts"}],"about":[{"href":"https:\/\/kuzeyinsesi.org\/index.php\/wp-json\/wp\/v2\/types\/post"}],"author":[{"embeddable":true,"href":"https:\/\/kuzeyinsesi.org\/index.php\/wp-json\/wp\/v2\/users\/1"}],"replies":[{"embeddable":true,"href":"https:\/\/kuzeyinsesi.org\/index.php\/wp-json\/wp\/v2\/comments?post=5515"}],"version-history":[{"count":0,"href":"https:\/\/kuzeyinsesi.org\/index.php\/wp-json\/wp\/v2\/posts\/5515\/revisions"}],"wp:featuredmedia":[{"embeddable":true,"href":"https:\/\/kuzeyinsesi.org\/index.php\/wp-json\/wp\/v2\/media\/5516"}],"wp:attachment":[{"href":"https:\/\/kuzeyinsesi.org\/index.php\/wp-json\/wp\/v2\/media?parent=5515"}],"wp:term":[{"taxonomy":"category","embeddable":true,"href":"https:\/\/kuzeyinsesi.org\/index.php\/wp-json\/wp\/v2\/categories?post=5515"},{"taxonomy":"post_tag","embeddable":true,"href":"https:\/\/kuzeyinsesi.org\/index.php\/wp-json\/wp\/v2\/tags?post=5515"}],"curies":[{"name":"wp","href":"https:\/\/api.w.org\/{rel}","templated":true}]}}