{"id":5497,"date":"2024-06-28T18:40:07","date_gmt":"2024-06-28T15:40:07","guid":{"rendered":"https:\/\/kuzeyinsesi.com\/index.php\/2024\/06\/28\/degirmenlik-akincilar-belediyesi-ozle-turkel-sosyal-aktivite-merkezi-yil-sonu-etkinligi-yapiliyor\/"},"modified":"2024-06-28T18:40:07","modified_gmt":"2024-06-28T15:40:07","slug":"degirmenlik-akincilar-belediyesi-ozle-turkel-sosyal-aktivite-merkezi-yil-sonu-etkinligi-yapiliyor","status":"publish","type":"post","link":"https:\/\/kuzeyinsesi.org\/index.php\/2024\/06\/28\/degirmenlik-akincilar-belediyesi-ozle-turkel-sosyal-aktivite-merkezi-yil-sonu-etkinligi-yapiliyor\/","title":{"rendered":"De\u011firmenlik Ak\u0131nc\u0131lar Belediyesi \u00d6zle T\u00fcrkel Sosyal Aktivite Merkezi y\u0131l sonu etkinli\u011fi yap\u0131l\u0131yor"},"content":{"rendered":"<div>\n<div class=\"mariselle-image-container center\">\n                                            <\/div>\n<p>\nDe\u011firmenlik Ak\u0131nc\u0131lar Belediyesi Sosyal Aktivite Merkezi y\u0131l sonu etkinli\u011fi yar\u0131n 18:30\u2019da \u00d6zle T\u00fcrkel Sosyal Aktivite Merkezi\u2019nde (SAM) ger\u00e7ekle\u015fiyor.<\/p>\n<p>Belediyeden verilen bilgiye g\u00f6re, y\u0131lsonu etkinli\u011finde De\u011firmenlik Ak\u0131nc\u0131lar Belediye Ba\u015fkan\u0131 Ali Karavezirler, belde halk\u0131 ile bir araya gelecek.<\/p>\n<p>Y\u0131lsonu etkinli\u011fi resim, seramik ve ah\u015fap at\u00f6lyelerinin eserlerinin bulundu\u011fu serginin a\u00e7\u0131l\u0131\u015f\u0131 ile ba\u015flayacak. Etkinlikte De\u011firmenlik Ak\u0131nc\u0131lar Belediyesi \u00d6zle T\u00fcrkel Aktivite Merkezi\u2019ne ba\u011fl\u0131 ekiplerin dans, koro, jimnastik g\u00f6sterileri de yer alacak.<\/p>\n<\/p><\/div>\n<p><script async\n                    defer\n                    crossorigin=\"anonymous\"\n                    src=\"https:\/\/connect.facebook.net\/tr_TR\/sdk.js#xfbml=1&#038;version=v3.3\"\n            ><\/script><\/p>\n","protected":false},"excerpt":{"rendered":"<p>De\u011firmenlik Ak\u0131nc\u0131lar Belediyesi Sosyal Aktivite Merkezi y\u0131l sonu etkinli\u011fi yar\u0131n 18:30\u2019da \u00d6zle T\u00fcrkel Sosyal Aktivite Merkezi\u2019nde (SAM) ger\u00e7ekle\u015fiyor. Belediyeden verilen bilgiye g\u00f6re, y\u0131lsonu etkinli\u011finde De\u011firmenlik Ak\u0131nc\u0131lar Belediye Ba\u015fkan\u0131 Ali Karavezirler, belde halk\u0131 ile bir araya gelecek. Y\u0131lsonu etkinli\u011fi resim, seramik ve ah\u015fap at\u00f6lyelerinin eserlerinin bulundu\u011fu serginin a\u00e7\u0131l\u0131\u015f\u0131 ile ba\u015flayacak. Etkinlikte De\u011firmenlik Ak\u0131nc\u0131lar Belediyesi \u00d6zle T\u00fcrkel [&hellip;]<\/p>\n","protected":false},"author":1,"featured_media":5498,"comment_status":"open","ping_status":"open","sticky":false,"template":"","format":"standard","meta":{"jnews-multi-image_gallery":[],"jnews_single_post":[],"jnews_primary_category":[],"jnews_social_meta":[],"jnews_override_counter":[],"footnotes":""},"categories":[6],"tags":[],"class_list":["post-5497","post","type-post","status-publish","format-standard","has-post-thumbnail","hentry","category-yasam"],"yoast_head":"<!-- This site is optimized with the Yoast SEO plugin v27.5 - https:\/\/yoast.com\/product\/yoast-seo-wordpress\/ -->\n<title>De\u011firmenlik Ak\u0131nc\u0131lar Belediyesi \u00d6zle T\u00fcrkel Sosyal Aktivite Merkezi y\u0131l sonu etkinli\u011fi yap\u0131l\u0131yor - Kuzeyin Sesi<\/title>\n<meta name=\"robots\" content=\"index, follow, max-snippet:-1, max-image-preview:large, max-video-preview:-1\" \/>\n<link rel=\"canonical\" href=\"https:\/\/kuzeyinsesi.org\/index.php\/2024\/06\/28\/degirmenlik-akincilar-belediyesi-ozle-turkel-sosyal-aktivite-merkezi-yil-sonu-etkinligi-yapiliyor\/\" \/>\n<meta property=\"og:locale\" content=\"tr_TR\" \/>\n<meta property=\"og:type\" content=\"article\" \/>\n<meta property=\"og:title\" content=\"De\u011firmenlik Ak\u0131nc\u0131lar Belediyesi \u00d6zle T\u00fcrkel Sosyal Aktivite Merkezi y\u0131l sonu etkinli\u011fi yap\u0131l\u0131yor - Kuzeyin Sesi\" \/>\n<meta property=\"og:description\" content=\"De\u011firmenlik Ak\u0131nc\u0131lar Belediyesi Sosyal Aktivite Merkezi y\u0131l sonu etkinli\u011fi yar\u0131n 18:30\u2019da \u00d6zle T\u00fcrkel Sosyal Aktivite Merkezi\u2019nde (SAM) ger\u00e7ekle\u015fiyor. Belediyeden verilen bilgiye g\u00f6re, y\u0131lsonu etkinli\u011finde De\u011firmenlik Ak\u0131nc\u0131lar Belediye Ba\u015fkan\u0131 Ali Karavezirler, belde halk\u0131 ile bir araya gelecek. Y\u0131lsonu etkinli\u011fi resim, seramik ve ah\u015fap at\u00f6lyelerinin eserlerinin bulundu\u011fu serginin a\u00e7\u0131l\u0131\u015f\u0131 ile ba\u015flayacak. Etkinlikte De\u011firmenlik Ak\u0131nc\u0131lar Belediyesi \u00d6zle T\u00fcrkel [&hellip;]\" \/>\n<meta property=\"og:url\" content=\"https:\/\/kuzeyinsesi.org\/index.php\/2024\/06\/28\/degirmenlik-akincilar-belediyesi-ozle-turkel-sosyal-aktivite-merkezi-yil-sonu-etkinligi-yapiliyor\/\" \/>\n<meta property=\"og:site_name\" content=\"Kuzeyin Sesi\" \/>\n<meta property=\"article:publisher\" content=\"https:\/\/www.facebook.com\/kuzeyinsesii\" \/>\n<meta property=\"article:published_time\" content=\"2024-06-28T15:40:07+00:00\" \/>\n<meta property=\"og:image\" content=\"https:\/\/kuzeyinsesi.org\/wp-content\/uploads\/2024\/06\/degirmenlik-bel-scaled.jpeg\" \/>\n\t<meta property=\"og:image:width\" content=\"2560\" \/>\n\t<meta property=\"og:image:height\" content=\"1219\" \/>\n\t<meta property=\"og:image:type\" content=\"image\/jpeg\" \/>\n<meta name=\"author\" content=\"Kuzeyin Sesi\" \/>\n<meta name=\"twitter:card\" content=\"summary_large_image\" \/>\n<meta name=\"twitter:creator\" content=\"@kuzeyinsesii\" \/>\n<meta name=\"twitter:site\" content=\"@kuzeyinsesii\" \/>\n<meta name=\"twitter:label1\" content=\"Yazan:\" \/>\n\t<meta name=\"twitter:data1\" content=\"Kuzeyin Sesi\" \/>\n<script type=\"application\/ld+json\" class=\"yoast-schema-graph\">{\"@context\":\"https:\\\/\\\/schema.org\",\"@graph\":[{\"@type\":\"Article\",\"@id\":\"https:\\\/\\\/kuzeyinsesi.org\\\/index.php\\\/2024\\\/06\\\/28\\\/degirmenlik-akincilar-belediyesi-ozle-turkel-sosyal-aktivite-merkezi-yil-sonu-etkinligi-yapiliyor\\\/#article\",\"isPartOf\":{\"@id\":\"https:\\\/\\\/kuzeyinsesi.org\\\/index.php\\\/2024\\\/06\\\/28\\\/degirmenlik-akincilar-belediyesi-ozle-turkel-sosyal-aktivite-merkezi-yil-sonu-etkinligi-yapiliyor\\\/\"},\"author\":{\"name\":\"Kuzeyin Sesi\",\"@id\":\"https:\\\/\\\/kuzeyinsesi.org\\\/#\\\/schema\\\/person\\\/9f859689cdf01485597712386e37f5aa\"},\"headline\":\"De\u011firmenlik Ak\u0131nc\u0131lar Belediyesi \u00d6zle T\u00fcrkel Sosyal Aktivite Merkezi y\u0131l sonu etkinli\u011fi yap\u0131l\u0131yor\",\"datePublished\":\"2024-06-28T15:40:07+00:00\",\"mainEntityOfPage\":{\"@id\":\"https:\\\/\\\/kuzeyinsesi.org\\\/index.php\\\/2024\\\/06\\\/28\\\/degirmenlik-akincilar-belediyesi-ozle-turkel-sosyal-aktivite-merkezi-yil-sonu-etkinligi-yapiliyor\\\/\"},\"wordCount\":117,\"commentCount\":0,\"image\":{\"@id\":\"https:\\\/\\\/kuzeyinsesi.org\\\/index.php\\\/2024\\\/06\\\/28\\\/degirmenlik-akincilar-belediyesi-ozle-turkel-sosyal-aktivite-merkezi-yil-sonu-etkinligi-yapiliyor\\\/#primaryimage\"},\"thumbnailUrl\":\"https:\\\/\\\/kuzeyinsesi.org\\\/wp-content\\\/uploads\\\/2024\\\/06\\\/degirmenlik-bel-scaled.jpeg\",\"articleSection\":[\"Ya\u015fam\"],\"inLanguage\":\"tr\",\"potentialAction\":[{\"@type\":\"CommentAction\",\"name\":\"Comment\",\"target\":[\"https:\\\/\\\/kuzeyinsesi.org\\\/index.php\\\/2024\\\/06\\\/28\\\/degirmenlik-akincilar-belediyesi-ozle-turkel-sosyal-aktivite-merkezi-yil-sonu-etkinligi-yapiliyor\\\/#respond\"]}]},{\"@type\":\"WebPage\",\"@id\":\"https:\\\/\\\/kuzeyinsesi.org\\\/index.php\\\/2024\\\/06\\\/28\\\/degirmenlik-akincilar-belediyesi-ozle-turkel-sosyal-aktivite-merkezi-yil-sonu-etkinligi-yapiliyor\\\/\",\"url\":\"https:\\\/\\\/kuzeyinsesi.org\\\/index.php\\\/2024\\\/06\\\/28\\\/degirmenlik-akincilar-belediyesi-ozle-turkel-sosyal-aktivite-merkezi-yil-sonu-etkinligi-yapiliyor\\\/\",\"name\":\"De\u011firmenlik Ak\u0131nc\u0131lar Belediyesi \u00d6zle T\u00fcrkel Sosyal Aktivite Merkezi y\u0131l sonu etkinli\u011fi yap\u0131l\u0131yor - Kuzeyin Sesi\",\"isPartOf\":{\"@id\":\"https:\\\/\\\/kuzeyinsesi.org\\\/#website\"},\"primaryImageOfPage\":{\"@id\":\"https:\\\/\\\/kuzeyinsesi.org\\\/index.php\\\/2024\\\/06\\\/28\\\/degirmenlik-akincilar-belediyesi-ozle-turkel-sosyal-aktivite-merkezi-yil-sonu-etkinligi-yapiliyor\\\/#primaryimage\"},\"image\":{\"@id\":\"https:\\\/\\\/kuzeyinsesi.org\\\/index.php\\\/2024\\\/06\\\/28\\\/degirmenlik-akincilar-belediyesi-ozle-turkel-sosyal-aktivite-merkezi-yil-sonu-etkinligi-yapiliyor\\\/#primaryimage\"},\"thumbnailUrl\":\"https:\\\/\\\/kuzeyinsesi.org\\\/wp-content\\\/uploads\\\/2024\\\/06\\\/degirmenlik-bel-scaled.jpeg\",\"datePublished\":\"2024-06-28T15:40:07+00:00\",\"author\":{\"@id\":\"https:\\\/\\\/kuzeyinsesi.org\\\/#\\\/schema\\\/person\\\/9f859689cdf01485597712386e37f5aa\"},\"breadcrumb\":{\"@id\":\"https:\\\/\\\/kuzeyinsesi.org\\\/index.php\\\/2024\\\/06\\\/28\\\/degirmenlik-akincilar-belediyesi-ozle-turkel-sosyal-aktivite-merkezi-yil-sonu-etkinligi-yapiliyor\\\/#breadcrumb\"},\"inLanguage\":\"tr\",\"potentialAction\":[{\"@type\":\"ReadAction\",\"target\":[\"https:\\\/\\\/kuzeyinsesi.org\\\/index.php\\\/2024\\\/06\\\/28\\\/degirmenlik-akincilar-belediyesi-ozle-turkel-sosyal-aktivite-merkezi-yil-sonu-etkinligi-yapiliyor\\\/\"]}]},{\"@type\":\"ImageObject\",\"inLanguage\":\"tr\",\"@id\":\"https:\\\/\\\/kuzeyinsesi.org\\\/index.php\\\/2024\\\/06\\\/28\\\/degirmenlik-akincilar-belediyesi-ozle-turkel-sosyal-aktivite-merkezi-yil-sonu-etkinligi-yapiliyor\\\/#primaryimage\",\"url\":\"https:\\\/\\\/kuzeyinsesi.org\\\/wp-content\\\/uploads\\\/2024\\\/06\\\/degirmenlik-bel-scaled.jpeg\",\"contentUrl\":\"https:\\\/\\\/kuzeyinsesi.org\\\/wp-content\\\/uploads\\\/2024\\\/06\\\/degirmenlik-bel-scaled.jpeg\",\"width\":2560,\"height\":1219},{\"@type\":\"BreadcrumbList\",\"@id\":\"https:\\\/\\\/kuzeyinsesi.org\\\/index.php\\\/2024\\\/06\\\/28\\\/degirmenlik-akincilar-belediyesi-ozle-turkel-sosyal-aktivite-merkezi-yil-sonu-etkinligi-yapiliyor\\\/#breadcrumb\",\"itemListElement\":[{\"@type\":\"ListItem\",\"position\":1,\"name\":\"Anasayfa\",\"item\":\"https:\\\/\\\/kuzeyinsesi.org\\\/\"},{\"@type\":\"ListItem\",\"position\":2,\"name\":\"De\u011firmenlik Ak\u0131nc\u0131lar Belediyesi \u00d6zle T\u00fcrkel Sosyal Aktivite Merkezi y\u0131l sonu etkinli\u011fi yap\u0131l\u0131yor\"}]},{\"@type\":\"WebSite\",\"@id\":\"https:\\\/\\\/kuzeyinsesi.org\\\/#website\",\"url\":\"https:\\\/\\\/kuzeyinsesi.org\\\/\",\"name\":\"Kuzeyin Sesi\",\"description\":\"Do\u011fru Haberin Adresi\",\"potentialAction\":[{\"@type\":\"SearchAction\",\"target\":{\"@type\":\"EntryPoint\",\"urlTemplate\":\"https:\\\/\\\/kuzeyinsesi.org\\\/?s={search_term_string}\"},\"query-input\":{\"@type\":\"PropertyValueSpecification\",\"valueRequired\":true,\"valueName\":\"search_term_string\"}}],\"inLanguage\":\"tr\"},{\"@type\":\"Person\",\"@id\":\"https:\\\/\\\/kuzeyinsesi.org\\\/#\\\/schema\\\/person\\\/9f859689cdf01485597712386e37f5aa\",\"name\":\"Kuzeyin Sesi\",\"image\":{\"@type\":\"ImageObject\",\"inLanguage\":\"tr\",\"@id\":\"https:\\\/\\\/secure.gravatar.com\\\/avatar\\\/bab33852abfd8b282518d6ed81826833d77c3c882d9ab608add591ccace47a44?s=96&d=mm&r=g\",\"url\":\"https:\\\/\\\/secure.gravatar.com\\\/avatar\\\/bab33852abfd8b282518d6ed81826833d77c3c882d9ab608add591ccace47a44?s=96&d=mm&r=g\",\"contentUrl\":\"https:\\\/\\\/secure.gravatar.com\\\/avatar\\\/bab33852abfd8b282518d6ed81826833d77c3c882d9ab608add591ccace47a44?s=96&d=mm&r=g\",\"caption\":\"Kuzeyin Sesi\"},\"sameAs\":[\"https:\\\/\\\/kuzeyinsesi.org\"],\"url\":\"https:\\\/\\\/kuzeyinsesi.org\\\/index.php\\\/author\\\/guven\\\/\"}]}<\/script>\n<!-- \/ Yoast SEO plugin. -->","yoast_head_json":{"title":"De\u011firmenlik Ak\u0131nc\u0131lar Belediyesi \u00d6zle T\u00fcrkel Sosyal Aktivite Merkezi y\u0131l sonu etkinli\u011fi yap\u0131l\u0131yor - Kuzeyin Sesi","robots":{"index":"index","follow":"follow","max-snippet":"max-snippet:-1","max-image-preview":"max-image-preview:large","max-video-preview":"max-video-preview:-1"},"canonical":"https:\/\/kuzeyinsesi.org\/index.php\/2024\/06\/28\/degirmenlik-akincilar-belediyesi-ozle-turkel-sosyal-aktivite-merkezi-yil-sonu-etkinligi-yapiliyor\/","og_locale":"tr_TR","og_type":"article","og_title":"De\u011firmenlik Ak\u0131nc\u0131lar Belediyesi \u00d6zle T\u00fcrkel Sosyal Aktivite Merkezi y\u0131l sonu etkinli\u011fi yap\u0131l\u0131yor - Kuzeyin Sesi","og_description":"De\u011firmenlik Ak\u0131nc\u0131lar Belediyesi Sosyal Aktivite Merkezi y\u0131l sonu etkinli\u011fi yar\u0131n 18:30\u2019da \u00d6zle T\u00fcrkel Sosyal Aktivite Merkezi\u2019nde (SAM) ger\u00e7ekle\u015fiyor. Belediyeden verilen bilgiye g\u00f6re, y\u0131lsonu etkinli\u011finde De\u011firmenlik Ak\u0131nc\u0131lar Belediye Ba\u015fkan\u0131 Ali Karavezirler, belde halk\u0131 ile bir araya gelecek. Y\u0131lsonu etkinli\u011fi resim, seramik ve ah\u015fap at\u00f6lyelerinin eserlerinin bulundu\u011fu serginin a\u00e7\u0131l\u0131\u015f\u0131 ile ba\u015flayacak. Etkinlikte De\u011firmenlik Ak\u0131nc\u0131lar Belediyesi \u00d6zle T\u00fcrkel [&hellip;]","og_url":"https:\/\/kuzeyinsesi.org\/index.php\/2024\/06\/28\/degirmenlik-akincilar-belediyesi-ozle-turkel-sosyal-aktivite-merkezi-yil-sonu-etkinligi-yapiliyor\/","og_site_name":"Kuzeyin Sesi","article_publisher":"https:\/\/www.facebook.com\/kuzeyinsesii","article_published_time":"2024-06-28T15:40:07+00:00","og_image":[{"width":2560,"height":1219,"url":"https:\/\/kuzeyinsesi.org\/wp-content\/uploads\/2024\/06\/degirmenlik-bel-scaled.jpeg","type":"image\/jpeg"}],"author":"Kuzeyin Sesi","twitter_card":"summary_large_image","twitter_creator":"@kuzeyinsesii","twitter_site":"@kuzeyinsesii","twitter_misc":{"Yazan:":"Kuzeyin Sesi"},"schema":{"@context":"https:\/\/schema.org","@graph":[{"@type":"Article","@id":"https:\/\/kuzeyinsesi.org\/index.php\/2024\/06\/28\/degirmenlik-akincilar-belediyesi-ozle-turkel-sosyal-aktivite-merkezi-yil-sonu-etkinligi-yapiliyor\/#article","isPartOf":{"@id":"https:\/\/kuzeyinsesi.org\/index.php\/2024\/06\/28\/degirmenlik-akincilar-belediyesi-ozle-turkel-sosyal-aktivite-merkezi-yil-sonu-etkinligi-yapiliyor\/"},"author":{"name":"Kuzeyin Sesi","@id":"https:\/\/kuzeyinsesi.org\/#\/schema\/person\/9f859689cdf01485597712386e37f5aa"},"headline":"De\u011firmenlik Ak\u0131nc\u0131lar Belediyesi \u00d6zle T\u00fcrkel Sosyal Aktivite Merkezi y\u0131l sonu etkinli\u011fi yap\u0131l\u0131yor","datePublished":"2024-06-28T15:40:07+00:00","mainEntityOfPage":{"@id":"https:\/\/kuzeyinsesi.org\/index.php\/2024\/06\/28\/degirmenlik-akincilar-belediyesi-ozle-turkel-sosyal-aktivite-merkezi-yil-sonu-etkinligi-yapiliyor\/"},"wordCount":117,"commentCount":0,"image":{"@id":"https:\/\/kuzeyinsesi.org\/index.php\/2024\/06\/28\/degirmenlik-akincilar-belediyesi-ozle-turkel-sosyal-aktivite-merkezi-yil-sonu-etkinligi-yapiliyor\/#primaryimage"},"thumbnailUrl":"https:\/\/kuzeyinsesi.org\/wp-content\/uploads\/2024\/06\/degirmenlik-bel-scaled.jpeg","articleSection":["Ya\u015fam"],"inLanguage":"tr","potentialAction":[{"@type":"CommentAction","name":"Comment","target":["https:\/\/kuzeyinsesi.org\/index.php\/2024\/06\/28\/degirmenlik-akincilar-belediyesi-ozle-turkel-sosyal-aktivite-merkezi-yil-sonu-etkinligi-yapiliyor\/#respond"]}]},{"@type":"WebPage","@id":"https:\/\/kuzeyinsesi.org\/index.php\/2024\/06\/28\/degirmenlik-akincilar-belediyesi-ozle-turkel-sosyal-aktivite-merkezi-yil-sonu-etkinligi-yapiliyor\/","url":"https:\/\/kuzeyinsesi.org\/index.php\/2024\/06\/28\/degirmenlik-akincilar-belediyesi-ozle-turkel-sosyal-aktivite-merkezi-yil-sonu-etkinligi-yapiliyor\/","name":"De\u011firmenlik Ak\u0131nc\u0131lar Belediyesi \u00d6zle T\u00fcrkel Sosyal Aktivite Merkezi y\u0131l sonu etkinli\u011fi yap\u0131l\u0131yor - Kuzeyin Sesi","isPartOf":{"@id":"https:\/\/kuzeyinsesi.org\/#website"},"primaryImageOfPage":{"@id":"https:\/\/kuzeyinsesi.org\/index.php\/2024\/06\/28\/degirmenlik-akincilar-belediyesi-ozle-turkel-sosyal-aktivite-merkezi-yil-sonu-etkinligi-yapiliyor\/#primaryimage"},"image":{"@id":"https:\/\/kuzeyinsesi.org\/index.php\/2024\/06\/28\/degirmenlik-akincilar-belediyesi-ozle-turkel-sosyal-aktivite-merkezi-yil-sonu-etkinligi-yapiliyor\/#primaryimage"},"thumbnailUrl":"https:\/\/kuzeyinsesi.org\/wp-content\/uploads\/2024\/06\/degirmenlik-bel-scaled.jpeg","datePublished":"2024-06-28T15:40:07+00:00","author":{"@id":"https:\/\/kuzeyinsesi.org\/#\/schema\/person\/9f859689cdf01485597712386e37f5aa"},"breadcrumb":{"@id":"https:\/\/kuzeyinsesi.org\/index.php\/2024\/06\/28\/degirmenlik-akincilar-belediyesi-ozle-turkel-sosyal-aktivite-merkezi-yil-sonu-etkinligi-yapiliyor\/#breadcrumb"},"inLanguage":"tr","potentialAction":[{"@type":"ReadAction","target":["https:\/\/kuzeyinsesi.org\/index.php\/2024\/06\/28\/degirmenlik-akincilar-belediyesi-ozle-turkel-sosyal-aktivite-merkezi-yil-sonu-etkinligi-yapiliyor\/"]}]},{"@type":"ImageObject","inLanguage":"tr","@id":"https:\/\/kuzeyinsesi.org\/index.php\/2024\/06\/28\/degirmenlik-akincilar-belediyesi-ozle-turkel-sosyal-aktivite-merkezi-yil-sonu-etkinligi-yapiliyor\/#primaryimage","url":"https:\/\/kuzeyinsesi.org\/wp-content\/uploads\/2024\/06\/degirmenlik-bel-scaled.jpeg","contentUrl":"https:\/\/kuzeyinsesi.org\/wp-content\/uploads\/2024\/06\/degirmenlik-bel-scaled.jpeg","width":2560,"height":1219},{"@type":"BreadcrumbList","@id":"https:\/\/kuzeyinsesi.org\/index.php\/2024\/06\/28\/degirmenlik-akincilar-belediyesi-ozle-turkel-sosyal-aktivite-merkezi-yil-sonu-etkinligi-yapiliyor\/#breadcrumb","itemListElement":[{"@type":"ListItem","position":1,"name":"Anasayfa","item":"https:\/\/kuzeyinsesi.org\/"},{"@type":"ListItem","position":2,"name":"De\u011firmenlik Ak\u0131nc\u0131lar Belediyesi \u00d6zle T\u00fcrkel Sosyal Aktivite Merkezi y\u0131l sonu etkinli\u011fi yap\u0131l\u0131yor"}]},{"@type":"WebSite","@id":"https:\/\/kuzeyinsesi.org\/#website","url":"https:\/\/kuzeyinsesi.org\/","name":"Kuzeyin Sesi","description":"Do\u011fru Haberin Adresi","potentialAction":[{"@type":"SearchAction","target":{"@type":"EntryPoint","urlTemplate":"https:\/\/kuzeyinsesi.org\/?s={search_term_string}"},"query-input":{"@type":"PropertyValueSpecification","valueRequired":true,"valueName":"search_term_string"}}],"inLanguage":"tr"},{"@type":"Person","@id":"https:\/\/kuzeyinsesi.org\/#\/schema\/person\/9f859689cdf01485597712386e37f5aa","name":"Kuzeyin Sesi","image":{"@type":"ImageObject","inLanguage":"tr","@id":"https:\/\/secure.gravatar.com\/avatar\/bab33852abfd8b282518d6ed81826833d77c3c882d9ab608add591ccace47a44?s=96&d=mm&r=g","url":"https:\/\/secure.gravatar.com\/avatar\/bab33852abfd8b282518d6ed81826833d77c3c882d9ab608add591ccace47a44?s=96&d=mm&r=g","contentUrl":"https:\/\/secure.gravatar.com\/avatar\/bab33852abfd8b282518d6ed81826833d77c3c882d9ab608add591ccace47a44?s=96&d=mm&r=g","caption":"Kuzeyin Sesi"},"sameAs":["https:\/\/kuzeyinsesi.org"],"url":"https:\/\/kuzeyinsesi.org\/index.php\/author\/guven\/"}]}},"_links":{"self":[{"href":"https:\/\/kuzeyinsesi.org\/index.php\/wp-json\/wp\/v2\/posts\/5497","targetHints":{"allow":["GET"]}}],"collection":[{"href":"https:\/\/kuzeyinsesi.org\/index.php\/wp-json\/wp\/v2\/posts"}],"about":[{"href":"https:\/\/kuzeyinsesi.org\/index.php\/wp-json\/wp\/v2\/types\/post"}],"author":[{"embeddable":true,"href":"https:\/\/kuzeyinsesi.org\/index.php\/wp-json\/wp\/v2\/users\/1"}],"replies":[{"embeddable":true,"href":"https:\/\/kuzeyinsesi.org\/index.php\/wp-json\/wp\/v2\/comments?post=5497"}],"version-history":[{"count":0,"href":"https:\/\/kuzeyinsesi.org\/index.php\/wp-json\/wp\/v2\/posts\/5497\/revisions"}],"wp:featuredmedia":[{"embeddable":true,"href":"https:\/\/kuzeyinsesi.org\/index.php\/wp-json\/wp\/v2\/media\/5498"}],"wp:attachment":[{"href":"https:\/\/kuzeyinsesi.org\/index.php\/wp-json\/wp\/v2\/media?parent=5497"}],"wp:term":[{"taxonomy":"category","embeddable":true,"href":"https:\/\/kuzeyinsesi.org\/index.php\/wp-json\/wp\/v2\/categories?post=5497"},{"taxonomy":"post_tag","embeddable":true,"href":"https:\/\/kuzeyinsesi.org\/index.php\/wp-json\/wp\/v2\/tags?post=5497"}],"curies":[{"name":"wp","href":"https:\/\/api.w.org\/{rel}","templated":true}]}}