{"id":5495,"date":"2024-06-28T17:39:19","date_gmt":"2024-06-28T14:39:19","guid":{"rendered":"https:\/\/kuzeyinsesi.com\/index.php\/2024\/06\/28\/mfo-salamis-antik-tiyatroda-konser-verdi\/"},"modified":"2024-06-28T17:39:19","modified_gmt":"2024-06-28T14:39:19","slug":"mfo-salamis-antik-tiyatroda-konser-verdi","status":"publish","type":"post","link":"https:\/\/kuzeyinsesi.org\/index.php\/2024\/06\/28\/mfo-salamis-antik-tiyatroda-konser-verdi\/","title":{"rendered":"MF\u00d6, Salamis Antik Tiyatro\u2019da konser verdi"},"content":{"rendered":"<div>\n<div class=\"mariselle-image-container center\">\n                                            <\/div>\n<p>\nT\u00fcrk pop ve rock m\u00fczik grubu MF\u00d6 \u00fcyeleri Mazhar Alanson ve Fuat G\u00fcner, 24. Uluslararas\u0131 Ma\u011fusa K\u00fclt\u00fcr-Sanat Festivali kapsam\u0131nda d\u00fcn ak\u015fam konser verdi. <\/p>\n<p>Salamis Antik Tiyatro\u2019da yer alan konserde, grubun hitleri dinleyicilerle beraber s\u00f6ylenirken, grubun \u201cEle G\u00fcne Kar\u015f\u0131 Yapayaln\u0131z\u201d alb\u00fcmlerinde yer alan \u201cG\u00fcllerin \u0130\u00e7inden\u201d \u015fark\u0131s\u0131 ile bir s\u00fcre \u00f6nce hayat\u0131n\u0131 kaybeden grup \u00fcyesi \u00d6zkan U\u011fur sahneden g\u00f6r\u00fcnt\u00fclerinin yans\u0131t\u0131ld\u0131\u011f\u0131 sinevizyon g\u00f6sterimi ile an\u0131ld\u0131.<\/p>\n<p>Gazima\u011fusa Belediyesi\u2019nin bu y\u0131l Alt\u0131n Sponsor Ark\u0131n Group, \u0130leti\u015fim Sponsoru Kuzey K\u0131br\u0131s Turkcell\u2019in katk\u0131lar\u0131 ile 24.\u2019s\u00fcn\u00fc d\u00fczenledi\u011fi Uluslararas\u0131 Ma\u011fusa K\u00fclt\u00fcr Sanat Festivali devam ediyor.<\/p>\n<p>Festival kapsam\u0131nda bug\u00fcn So Kolektif i\u015f birli\u011fi ile Aliye Ummanel\u2019in yaz\u0131p y\u00f6netti\u011fi \u2018\u2019Kay\u0131p\u2019\u2019 oyun okuma performans\u0131 \u00c7ifte Mazgallar\u2019da yer alacak. <\/p>\n<p>Sal\u0131 g\u00fcn\u00fc ise, Othello Kalesi\u2019nde, Ma\u011fusa\u2019da yeni kurulmu\u015f indie grubu Cemre Arca ve The Beez, K\u0131br\u0131sl\u0131 Rum ve T\u00fcrk m\u00fczisyenlerden olu\u015fan Buzz\u2019 Ayaz grubu ve 7 ki\u015fiden olu\u015fan iki toplumlu grup Island Seeds\u2019in konserleri yer alacak.<\/p>\n<\/p><\/div>\n<p><script async\n                    defer\n                    crossorigin=\"anonymous\"\n                    src=\"https:\/\/connect.facebook.net\/tr_TR\/sdk.js#xfbml=1&#038;version=v3.3\"\n            ><\/script><\/p>\n","protected":false},"excerpt":{"rendered":"<p>T\u00fcrk pop ve rock m\u00fczik grubu MF\u00d6 \u00fcyeleri Mazhar Alanson ve Fuat G\u00fcner, 24. Uluslararas\u0131 Ma\u011fusa K\u00fclt\u00fcr-Sanat Festivali kapsam\u0131nda d\u00fcn ak\u015fam konser verdi. Salamis Antik Tiyatro\u2019da yer alan konserde, grubun hitleri dinleyicilerle beraber s\u00f6ylenirken, grubun \u201cEle G\u00fcne Kar\u015f\u0131 Yapayaln\u0131z\u201d alb\u00fcmlerinde yer alan \u201cG\u00fcllerin \u0130\u00e7inden\u201d \u015fark\u0131s\u0131 ile bir s\u00fcre \u00f6nce hayat\u0131n\u0131 kaybeden grup \u00fcyesi \u00d6zkan U\u011fur [&hellip;]<\/p>\n","protected":false},"author":1,"featured_media":5496,"comment_status":"open","ping_status":"open","sticky":false,"template":"","format":"standard","meta":{"jnews-multi-image_gallery":[],"jnews_single_post":[],"jnews_primary_category":[],"jnews_social_meta":[],"jnews_override_counter":[],"footnotes":""},"categories":[6],"tags":[],"class_list":["post-5495","post","type-post","status-publish","format-standard","has-post-thumbnail","hentry","category-yasam"],"yoast_head":"<!-- This site is optimized with the Yoast SEO plugin v27.5 - https:\/\/yoast.com\/product\/yoast-seo-wordpress\/ -->\n<title>MF\u00d6, Salamis Antik Tiyatro\u2019da konser verdi - Kuzeyin Sesi<\/title>\n<meta name=\"robots\" content=\"index, follow, max-snippet:-1, max-image-preview:large, max-video-preview:-1\" \/>\n<link rel=\"canonical\" href=\"https:\/\/kuzeyinsesi.org\/index.php\/2024\/06\/28\/mfo-salamis-antik-tiyatroda-konser-verdi\/\" \/>\n<meta property=\"og:locale\" content=\"tr_TR\" \/>\n<meta property=\"og:type\" content=\"article\" \/>\n<meta property=\"og:title\" content=\"MF\u00d6, Salamis Antik Tiyatro\u2019da konser verdi - Kuzeyin Sesi\" \/>\n<meta property=\"og:description\" content=\"T\u00fcrk pop ve rock m\u00fczik grubu MF\u00d6 \u00fcyeleri Mazhar Alanson ve Fuat G\u00fcner, 24. Uluslararas\u0131 Ma\u011fusa K\u00fclt\u00fcr-Sanat Festivali kapsam\u0131nda d\u00fcn ak\u015fam konser verdi. Salamis Antik Tiyatro\u2019da yer alan konserde, grubun hitleri dinleyicilerle beraber s\u00f6ylenirken, grubun \u201cEle G\u00fcne Kar\u015f\u0131 Yapayaln\u0131z\u201d alb\u00fcmlerinde yer alan \u201cG\u00fcllerin \u0130\u00e7inden\u201d \u015fark\u0131s\u0131 ile bir s\u00fcre \u00f6nce hayat\u0131n\u0131 kaybeden grup \u00fcyesi \u00d6zkan U\u011fur [&hellip;]\" \/>\n<meta property=\"og:url\" content=\"https:\/\/kuzeyinsesi.org\/index.php\/2024\/06\/28\/mfo-salamis-antik-tiyatroda-konser-verdi\/\" \/>\n<meta property=\"og:site_name\" content=\"Kuzeyin Sesi\" \/>\n<meta property=\"article:publisher\" content=\"https:\/\/www.facebook.com\/kuzeyinsesii\" \/>\n<meta property=\"article:published_time\" content=\"2024-06-28T14:39:19+00:00\" \/>\n<meta property=\"og:image\" content=\"https:\/\/kuzeyinsesi.org\/wp-content\/uploads\/2024\/06\/gazimagusa-festivali1.jpeg\" \/>\n\t<meta property=\"og:image:width\" content=\"2560\" \/>\n\t<meta property=\"og:image:height\" content=\"1706\" \/>\n\t<meta property=\"og:image:type\" content=\"image\/jpeg\" \/>\n<meta name=\"author\" content=\"Kuzeyin Sesi\" \/>\n<meta name=\"twitter:card\" content=\"summary_large_image\" \/>\n<meta name=\"twitter:creator\" content=\"@kuzeyinsesii\" \/>\n<meta name=\"twitter:site\" content=\"@kuzeyinsesii\" \/>\n<meta name=\"twitter:label1\" content=\"Yazan:\" \/>\n\t<meta name=\"twitter:data1\" content=\"Kuzeyin Sesi\" \/>\n\t<meta name=\"twitter:label2\" content=\"Tahmini okuma s\u00fcresi\" \/>\n\t<meta name=\"twitter:data2\" content=\"1 dakika\" \/>\n<script type=\"application\/ld+json\" class=\"yoast-schema-graph\">{\"@context\":\"https:\\\/\\\/schema.org\",\"@graph\":[{\"@type\":\"Article\",\"@id\":\"https:\\\/\\\/kuzeyinsesi.org\\\/index.php\\\/2024\\\/06\\\/28\\\/mfo-salamis-antik-tiyatroda-konser-verdi\\\/#article\",\"isPartOf\":{\"@id\":\"https:\\\/\\\/kuzeyinsesi.org\\\/index.php\\\/2024\\\/06\\\/28\\\/mfo-salamis-antik-tiyatroda-konser-verdi\\\/\"},\"author\":{\"name\":\"Kuzeyin Sesi\",\"@id\":\"https:\\\/\\\/kuzeyinsesi.org\\\/#\\\/schema\\\/person\\\/9f859689cdf01485597712386e37f5aa\"},\"headline\":\"MF\u00d6, Salamis Antik Tiyatro\u2019da konser verdi\",\"datePublished\":\"2024-06-28T14:39:19+00:00\",\"mainEntityOfPage\":{\"@id\":\"https:\\\/\\\/kuzeyinsesi.org\\\/index.php\\\/2024\\\/06\\\/28\\\/mfo-salamis-antik-tiyatroda-konser-verdi\\\/\"},\"wordCount\":210,\"commentCount\":0,\"image\":{\"@id\":\"https:\\\/\\\/kuzeyinsesi.org\\\/index.php\\\/2024\\\/06\\\/28\\\/mfo-salamis-antik-tiyatroda-konser-verdi\\\/#primaryimage\"},\"thumbnailUrl\":\"https:\\\/\\\/kuzeyinsesi.org\\\/wp-content\\\/uploads\\\/2024\\\/06\\\/gazimagusa-festivali1.jpeg\",\"articleSection\":[\"Ya\u015fam\"],\"inLanguage\":\"tr\",\"potentialAction\":[{\"@type\":\"CommentAction\",\"name\":\"Comment\",\"target\":[\"https:\\\/\\\/kuzeyinsesi.org\\\/index.php\\\/2024\\\/06\\\/28\\\/mfo-salamis-antik-tiyatroda-konser-verdi\\\/#respond\"]}]},{\"@type\":\"WebPage\",\"@id\":\"https:\\\/\\\/kuzeyinsesi.org\\\/index.php\\\/2024\\\/06\\\/28\\\/mfo-salamis-antik-tiyatroda-konser-verdi\\\/\",\"url\":\"https:\\\/\\\/kuzeyinsesi.org\\\/index.php\\\/2024\\\/06\\\/28\\\/mfo-salamis-antik-tiyatroda-konser-verdi\\\/\",\"name\":\"MF\u00d6, Salamis Antik Tiyatro\u2019da konser verdi - Kuzeyin Sesi\",\"isPartOf\":{\"@id\":\"https:\\\/\\\/kuzeyinsesi.org\\\/#website\"},\"primaryImageOfPage\":{\"@id\":\"https:\\\/\\\/kuzeyinsesi.org\\\/index.php\\\/2024\\\/06\\\/28\\\/mfo-salamis-antik-tiyatroda-konser-verdi\\\/#primaryimage\"},\"image\":{\"@id\":\"https:\\\/\\\/kuzeyinsesi.org\\\/index.php\\\/2024\\\/06\\\/28\\\/mfo-salamis-antik-tiyatroda-konser-verdi\\\/#primaryimage\"},\"thumbnailUrl\":\"https:\\\/\\\/kuzeyinsesi.org\\\/wp-content\\\/uploads\\\/2024\\\/06\\\/gazimagusa-festivali1.jpeg\",\"datePublished\":\"2024-06-28T14:39:19+00:00\",\"author\":{\"@id\":\"https:\\\/\\\/kuzeyinsesi.org\\\/#\\\/schema\\\/person\\\/9f859689cdf01485597712386e37f5aa\"},\"breadcrumb\":{\"@id\":\"https:\\\/\\\/kuzeyinsesi.org\\\/index.php\\\/2024\\\/06\\\/28\\\/mfo-salamis-antik-tiyatroda-konser-verdi\\\/#breadcrumb\"},\"inLanguage\":\"tr\",\"potentialAction\":[{\"@type\":\"ReadAction\",\"target\":[\"https:\\\/\\\/kuzeyinsesi.org\\\/index.php\\\/2024\\\/06\\\/28\\\/mfo-salamis-antik-tiyatroda-konser-verdi\\\/\"]}]},{\"@type\":\"ImageObject\",\"inLanguage\":\"tr\",\"@id\":\"https:\\\/\\\/kuzeyinsesi.org\\\/index.php\\\/2024\\\/06\\\/28\\\/mfo-salamis-antik-tiyatroda-konser-verdi\\\/#primaryimage\",\"url\":\"https:\\\/\\\/kuzeyinsesi.org\\\/wp-content\\\/uploads\\\/2024\\\/06\\\/gazimagusa-festivali1.jpeg\",\"contentUrl\":\"https:\\\/\\\/kuzeyinsesi.org\\\/wp-content\\\/uploads\\\/2024\\\/06\\\/gazimagusa-festivali1.jpeg\",\"width\":2560,\"height\":1706},{\"@type\":\"BreadcrumbList\",\"@id\":\"https:\\\/\\\/kuzeyinsesi.org\\\/index.php\\\/2024\\\/06\\\/28\\\/mfo-salamis-antik-tiyatroda-konser-verdi\\\/#breadcrumb\",\"itemListElement\":[{\"@type\":\"ListItem\",\"position\":1,\"name\":\"Anasayfa\",\"item\":\"https:\\\/\\\/kuzeyinsesi.org\\\/\"},{\"@type\":\"ListItem\",\"position\":2,\"name\":\"MF\u00d6, Salamis Antik Tiyatro\u2019da konser verdi\"}]},{\"@type\":\"WebSite\",\"@id\":\"https:\\\/\\\/kuzeyinsesi.org\\\/#website\",\"url\":\"https:\\\/\\\/kuzeyinsesi.org\\\/\",\"name\":\"Kuzeyin Sesi\",\"description\":\"Do\u011fru Haberin Adresi\",\"potentialAction\":[{\"@type\":\"SearchAction\",\"target\":{\"@type\":\"EntryPoint\",\"urlTemplate\":\"https:\\\/\\\/kuzeyinsesi.org\\\/?s={search_term_string}\"},\"query-input\":{\"@type\":\"PropertyValueSpecification\",\"valueRequired\":true,\"valueName\":\"search_term_string\"}}],\"inLanguage\":\"tr\"},{\"@type\":\"Person\",\"@id\":\"https:\\\/\\\/kuzeyinsesi.org\\\/#\\\/schema\\\/person\\\/9f859689cdf01485597712386e37f5aa\",\"name\":\"Kuzeyin Sesi\",\"image\":{\"@type\":\"ImageObject\",\"inLanguage\":\"tr\",\"@id\":\"https:\\\/\\\/secure.gravatar.com\\\/avatar\\\/bab33852abfd8b282518d6ed81826833d77c3c882d9ab608add591ccace47a44?s=96&d=mm&r=g\",\"url\":\"https:\\\/\\\/secure.gravatar.com\\\/avatar\\\/bab33852abfd8b282518d6ed81826833d77c3c882d9ab608add591ccace47a44?s=96&d=mm&r=g\",\"contentUrl\":\"https:\\\/\\\/secure.gravatar.com\\\/avatar\\\/bab33852abfd8b282518d6ed81826833d77c3c882d9ab608add591ccace47a44?s=96&d=mm&r=g\",\"caption\":\"Kuzeyin Sesi\"},\"sameAs\":[\"https:\\\/\\\/kuzeyinsesi.org\"],\"url\":\"https:\\\/\\\/kuzeyinsesi.org\\\/index.php\\\/author\\\/guven\\\/\"}]}<\/script>\n<!-- \/ Yoast SEO plugin. -->","yoast_head_json":{"title":"MF\u00d6, Salamis Antik Tiyatro\u2019da konser verdi - Kuzeyin Sesi","robots":{"index":"index","follow":"follow","max-snippet":"max-snippet:-1","max-image-preview":"max-image-preview:large","max-video-preview":"max-video-preview:-1"},"canonical":"https:\/\/kuzeyinsesi.org\/index.php\/2024\/06\/28\/mfo-salamis-antik-tiyatroda-konser-verdi\/","og_locale":"tr_TR","og_type":"article","og_title":"MF\u00d6, Salamis Antik Tiyatro\u2019da konser verdi - Kuzeyin Sesi","og_description":"T\u00fcrk pop ve rock m\u00fczik grubu MF\u00d6 \u00fcyeleri Mazhar Alanson ve Fuat G\u00fcner, 24. Uluslararas\u0131 Ma\u011fusa K\u00fclt\u00fcr-Sanat Festivali kapsam\u0131nda d\u00fcn ak\u015fam konser verdi. Salamis Antik Tiyatro\u2019da yer alan konserde, grubun hitleri dinleyicilerle beraber s\u00f6ylenirken, grubun \u201cEle G\u00fcne Kar\u015f\u0131 Yapayaln\u0131z\u201d alb\u00fcmlerinde yer alan \u201cG\u00fcllerin \u0130\u00e7inden\u201d \u015fark\u0131s\u0131 ile bir s\u00fcre \u00f6nce hayat\u0131n\u0131 kaybeden grup \u00fcyesi \u00d6zkan U\u011fur [&hellip;]","og_url":"https:\/\/kuzeyinsesi.org\/index.php\/2024\/06\/28\/mfo-salamis-antik-tiyatroda-konser-verdi\/","og_site_name":"Kuzeyin Sesi","article_publisher":"https:\/\/www.facebook.com\/kuzeyinsesii","article_published_time":"2024-06-28T14:39:19+00:00","og_image":[{"width":2560,"height":1706,"url":"https:\/\/kuzeyinsesi.org\/wp-content\/uploads\/2024\/06\/gazimagusa-festivali1.jpeg","type":"image\/jpeg"}],"author":"Kuzeyin Sesi","twitter_card":"summary_large_image","twitter_creator":"@kuzeyinsesii","twitter_site":"@kuzeyinsesii","twitter_misc":{"Yazan:":"Kuzeyin Sesi","Tahmini okuma s\u00fcresi":"1 dakika"},"schema":{"@context":"https:\/\/schema.org","@graph":[{"@type":"Article","@id":"https:\/\/kuzeyinsesi.org\/index.php\/2024\/06\/28\/mfo-salamis-antik-tiyatroda-konser-verdi\/#article","isPartOf":{"@id":"https:\/\/kuzeyinsesi.org\/index.php\/2024\/06\/28\/mfo-salamis-antik-tiyatroda-konser-verdi\/"},"author":{"name":"Kuzeyin Sesi","@id":"https:\/\/kuzeyinsesi.org\/#\/schema\/person\/9f859689cdf01485597712386e37f5aa"},"headline":"MF\u00d6, Salamis Antik Tiyatro\u2019da konser verdi","datePublished":"2024-06-28T14:39:19+00:00","mainEntityOfPage":{"@id":"https:\/\/kuzeyinsesi.org\/index.php\/2024\/06\/28\/mfo-salamis-antik-tiyatroda-konser-verdi\/"},"wordCount":210,"commentCount":0,"image":{"@id":"https:\/\/kuzeyinsesi.org\/index.php\/2024\/06\/28\/mfo-salamis-antik-tiyatroda-konser-verdi\/#primaryimage"},"thumbnailUrl":"https:\/\/kuzeyinsesi.org\/wp-content\/uploads\/2024\/06\/gazimagusa-festivali1.jpeg","articleSection":["Ya\u015fam"],"inLanguage":"tr","potentialAction":[{"@type":"CommentAction","name":"Comment","target":["https:\/\/kuzeyinsesi.org\/index.php\/2024\/06\/28\/mfo-salamis-antik-tiyatroda-konser-verdi\/#respond"]}]},{"@type":"WebPage","@id":"https:\/\/kuzeyinsesi.org\/index.php\/2024\/06\/28\/mfo-salamis-antik-tiyatroda-konser-verdi\/","url":"https:\/\/kuzeyinsesi.org\/index.php\/2024\/06\/28\/mfo-salamis-antik-tiyatroda-konser-verdi\/","name":"MF\u00d6, Salamis Antik Tiyatro\u2019da konser verdi - Kuzeyin Sesi","isPartOf":{"@id":"https:\/\/kuzeyinsesi.org\/#website"},"primaryImageOfPage":{"@id":"https:\/\/kuzeyinsesi.org\/index.php\/2024\/06\/28\/mfo-salamis-antik-tiyatroda-konser-verdi\/#primaryimage"},"image":{"@id":"https:\/\/kuzeyinsesi.org\/index.php\/2024\/06\/28\/mfo-salamis-antik-tiyatroda-konser-verdi\/#primaryimage"},"thumbnailUrl":"https:\/\/kuzeyinsesi.org\/wp-content\/uploads\/2024\/06\/gazimagusa-festivali1.jpeg","datePublished":"2024-06-28T14:39:19+00:00","author":{"@id":"https:\/\/kuzeyinsesi.org\/#\/schema\/person\/9f859689cdf01485597712386e37f5aa"},"breadcrumb":{"@id":"https:\/\/kuzeyinsesi.org\/index.php\/2024\/06\/28\/mfo-salamis-antik-tiyatroda-konser-verdi\/#breadcrumb"},"inLanguage":"tr","potentialAction":[{"@type":"ReadAction","target":["https:\/\/kuzeyinsesi.org\/index.php\/2024\/06\/28\/mfo-salamis-antik-tiyatroda-konser-verdi\/"]}]},{"@type":"ImageObject","inLanguage":"tr","@id":"https:\/\/kuzeyinsesi.org\/index.php\/2024\/06\/28\/mfo-salamis-antik-tiyatroda-konser-verdi\/#primaryimage","url":"https:\/\/kuzeyinsesi.org\/wp-content\/uploads\/2024\/06\/gazimagusa-festivali1.jpeg","contentUrl":"https:\/\/kuzeyinsesi.org\/wp-content\/uploads\/2024\/06\/gazimagusa-festivali1.jpeg","width":2560,"height":1706},{"@type":"BreadcrumbList","@id":"https:\/\/kuzeyinsesi.org\/index.php\/2024\/06\/28\/mfo-salamis-antik-tiyatroda-konser-verdi\/#breadcrumb","itemListElement":[{"@type":"ListItem","position":1,"name":"Anasayfa","item":"https:\/\/kuzeyinsesi.org\/"},{"@type":"ListItem","position":2,"name":"MF\u00d6, Salamis Antik Tiyatro\u2019da konser verdi"}]},{"@type":"WebSite","@id":"https:\/\/kuzeyinsesi.org\/#website","url":"https:\/\/kuzeyinsesi.org\/","name":"Kuzeyin Sesi","description":"Do\u011fru Haberin Adresi","potentialAction":[{"@type":"SearchAction","target":{"@type":"EntryPoint","urlTemplate":"https:\/\/kuzeyinsesi.org\/?s={search_term_string}"},"query-input":{"@type":"PropertyValueSpecification","valueRequired":true,"valueName":"search_term_string"}}],"inLanguage":"tr"},{"@type":"Person","@id":"https:\/\/kuzeyinsesi.org\/#\/schema\/person\/9f859689cdf01485597712386e37f5aa","name":"Kuzeyin Sesi","image":{"@type":"ImageObject","inLanguage":"tr","@id":"https:\/\/secure.gravatar.com\/avatar\/bab33852abfd8b282518d6ed81826833d77c3c882d9ab608add591ccace47a44?s=96&d=mm&r=g","url":"https:\/\/secure.gravatar.com\/avatar\/bab33852abfd8b282518d6ed81826833d77c3c882d9ab608add591ccace47a44?s=96&d=mm&r=g","contentUrl":"https:\/\/secure.gravatar.com\/avatar\/bab33852abfd8b282518d6ed81826833d77c3c882d9ab608add591ccace47a44?s=96&d=mm&r=g","caption":"Kuzeyin Sesi"},"sameAs":["https:\/\/kuzeyinsesi.org"],"url":"https:\/\/kuzeyinsesi.org\/index.php\/author\/guven\/"}]}},"_links":{"self":[{"href":"https:\/\/kuzeyinsesi.org\/index.php\/wp-json\/wp\/v2\/posts\/5495","targetHints":{"allow":["GET"]}}],"collection":[{"href":"https:\/\/kuzeyinsesi.org\/index.php\/wp-json\/wp\/v2\/posts"}],"about":[{"href":"https:\/\/kuzeyinsesi.org\/index.php\/wp-json\/wp\/v2\/types\/post"}],"author":[{"embeddable":true,"href":"https:\/\/kuzeyinsesi.org\/index.php\/wp-json\/wp\/v2\/users\/1"}],"replies":[{"embeddable":true,"href":"https:\/\/kuzeyinsesi.org\/index.php\/wp-json\/wp\/v2\/comments?post=5495"}],"version-history":[{"count":0,"href":"https:\/\/kuzeyinsesi.org\/index.php\/wp-json\/wp\/v2\/posts\/5495\/revisions"}],"wp:featuredmedia":[{"embeddable":true,"href":"https:\/\/kuzeyinsesi.org\/index.php\/wp-json\/wp\/v2\/media\/5496"}],"wp:attachment":[{"href":"https:\/\/kuzeyinsesi.org\/index.php\/wp-json\/wp\/v2\/media?parent=5495"}],"wp:term":[{"taxonomy":"category","embeddable":true,"href":"https:\/\/kuzeyinsesi.org\/index.php\/wp-json\/wp\/v2\/categories?post=5495"},{"taxonomy":"post_tag","embeddable":true,"href":"https:\/\/kuzeyinsesi.org\/index.php\/wp-json\/wp\/v2\/tags?post=5495"}],"curies":[{"name":"wp","href":"https:\/\/api.w.org\/{rel}","templated":true}]}}