{"id":5477,"date":"2024-06-28T14:33:52","date_gmt":"2024-06-28T11:33:52","guid":{"rendered":"https:\/\/kuzeyinsesi.com\/index.php\/2024\/06\/28\/46-guzelyurt-portakal-festivali-unutulmayanlar-gecesi-konseriyle-devam-etti\/"},"modified":"2024-06-28T14:33:52","modified_gmt":"2024-06-28T11:33:52","slug":"46-guzelyurt-portakal-festivali-unutulmayanlar-gecesi-konseriyle-devam-etti","status":"publish","type":"post","link":"https:\/\/kuzeyinsesi.org\/index.php\/2024\/06\/28\/46-guzelyurt-portakal-festivali-unutulmayanlar-gecesi-konseriyle-devam-etti\/","title":{"rendered":"46. G\u00fczelyurt Portakal Festivali \u201cUnutulmayanlar Gecesi\u201d konseriyle devam etti"},"content":{"rendered":"<div>\n<div class=\"mariselle-image-container center\">\n                                            <\/div>\n<p>46. G\u00fczelyurt Portakal Festivali kapsam\u0131nda Kaz\u0131m \u00d6zalp\u2019\u0131n organize etti\u011fi \u201cUnutulmayanlar Gecesi\u201d konseri d\u00fcn ak\u015fam G\u00fczelyurt Amfi Tiyatro\u2019da yap\u0131ld\u0131.<\/p>\n<p>Belediyeden verilen bilgiye g\u00f6re, konserde, Cem Karaca, Bar\u0131\u015f Man\u00e7o, Ahmet Kaya, Kayahan, Harun Kol\u00e7ak, Erkin Koray, MF\u00d6, \u0130lhan \u0130rem gibi unutulmaz efsane sanat\u00e7\u0131lar\u0131n eserlerine yer verildi.<\/p>\n<p>Yerli sanat\u00e7\u0131lar Mehmet Eraslan, I\u015f\u0131k G\u00f6kman, Sidar Karaku\u015f, Muhittin Yang\u0131n, Havva Demira\u011f, Ahmet Ced, Ertan Derya, Ezgi Akg\u00fcrgen, Meliz Kuset ve \u0130brahim \u015eevki gecede sahne ald\u0131.<\/p>\n<p>Konserin sonunda G\u00fczelyurt Belediye Ba\u015fkan\u0131 Mahmut \u00d6z\u00e7\u0131nar ve t\u00fcm sanat\u00e7\u0131lar sahneye \u00e7\u0131karak  \u201cWe are the Champions\u201d \u015fark\u0131s\u0131n\u0131 hep birlikte s\u00f6yledi.<\/p>\n<p>\u00d6z\u00e7\u0131nar, geceyi organize eden Kaz\u0131m \u00d6zalp\u2019a, SOS m\u00fczik grubuna, Major M\u00fczik ad\u0131na M\u00fcn\u00fcr Erkal\u2019a ve sunucu Eylem Y\u0131lmaz\u2019a plaket takdim etti<\/p>\n<\/p><\/div>\n<p><script async\n                    defer\n                    crossorigin=\"anonymous\"\n                    src=\"https:\/\/connect.facebook.net\/tr_TR\/sdk.js#xfbml=1&#038;version=v3.3\"\n            ><\/script><\/p>\n","protected":false},"excerpt":{"rendered":"<p>46. G\u00fczelyurt Portakal Festivali kapsam\u0131nda Kaz\u0131m \u00d6zalp\u2019\u0131n organize etti\u011fi \u201cUnutulmayanlar Gecesi\u201d konseri d\u00fcn ak\u015fam G\u00fczelyurt Amfi Tiyatro\u2019da yap\u0131ld\u0131. Belediyeden verilen bilgiye g\u00f6re, konserde, Cem Karaca, Bar\u0131\u015f Man\u00e7o, Ahmet Kaya, Kayahan, Harun Kol\u00e7ak, Erkin Koray, MF\u00d6, \u0130lhan \u0130rem gibi unutulmaz efsane sanat\u00e7\u0131lar\u0131n eserlerine yer verildi. Yerli sanat\u00e7\u0131lar Mehmet Eraslan, I\u015f\u0131k G\u00f6kman, Sidar Karaku\u015f, Muhittin Yang\u0131n, Havva [&hellip;]<\/p>\n","protected":false},"author":1,"featured_media":5478,"comment_status":"open","ping_status":"open","sticky":false,"template":"","format":"standard","meta":{"jnews-multi-image_gallery":[],"jnews_single_post":[],"jnews_primary_category":[],"jnews_social_meta":[],"jnews_override_counter":[],"footnotes":""},"categories":[6],"tags":[],"class_list":["post-5477","post","type-post","status-publish","format-standard","has-post-thumbnail","hentry","category-yasam"],"yoast_head":"<!-- This site is optimized with the Yoast SEO plugin v27.5 - https:\/\/yoast.com\/product\/yoast-seo-wordpress\/ -->\n<title>46. G\u00fczelyurt Portakal Festivali \u201cUnutulmayanlar Gecesi\u201d konseriyle devam etti - Kuzeyin Sesi<\/title>\n<meta name=\"robots\" content=\"index, follow, max-snippet:-1, max-image-preview:large, max-video-preview:-1\" \/>\n<link rel=\"canonical\" href=\"https:\/\/kuzeyinsesi.org\/index.php\/2024\/06\/28\/46-guzelyurt-portakal-festivali-unutulmayanlar-gecesi-konseriyle-devam-etti\/\" \/>\n<meta property=\"og:locale\" content=\"tr_TR\" \/>\n<meta property=\"og:type\" content=\"article\" \/>\n<meta property=\"og:title\" content=\"46. G\u00fczelyurt Portakal Festivali \u201cUnutulmayanlar Gecesi\u201d konseriyle devam etti - Kuzeyin Sesi\" \/>\n<meta property=\"og:description\" content=\"46. G\u00fczelyurt Portakal Festivali kapsam\u0131nda Kaz\u0131m \u00d6zalp\u2019\u0131n organize etti\u011fi \u201cUnutulmayanlar Gecesi\u201d konseri d\u00fcn ak\u015fam G\u00fczelyurt Amfi Tiyatro\u2019da yap\u0131ld\u0131. Belediyeden verilen bilgiye g\u00f6re, konserde, Cem Karaca, Bar\u0131\u015f Man\u00e7o, Ahmet Kaya, Kayahan, Harun Kol\u00e7ak, Erkin Koray, MF\u00d6, \u0130lhan \u0130rem gibi unutulmaz efsane sanat\u00e7\u0131lar\u0131n eserlerine yer verildi. Yerli sanat\u00e7\u0131lar Mehmet Eraslan, I\u015f\u0131k G\u00f6kman, Sidar Karaku\u015f, Muhittin Yang\u0131n, Havva [&hellip;]\" \/>\n<meta property=\"og:url\" content=\"https:\/\/kuzeyinsesi.org\/index.php\/2024\/06\/28\/46-guzelyurt-portakal-festivali-unutulmayanlar-gecesi-konseriyle-devam-etti\/\" \/>\n<meta property=\"og:site_name\" content=\"Kuzeyin Sesi\" \/>\n<meta property=\"article:publisher\" content=\"https:\/\/www.facebook.com\/kuzeyinsesii\" \/>\n<meta property=\"article:published_time\" content=\"2024-06-28T11:33:52+00:00\" \/>\n<meta property=\"og:image\" content=\"https:\/\/kuzeyinsesi.org\/wp-content\/uploads\/2024\/06\/555-scaled.jpeg\" \/>\n\t<meta property=\"og:image:width\" content=\"2560\" \/>\n\t<meta property=\"og:image:height\" content=\"1389\" \/>\n\t<meta property=\"og:image:type\" content=\"image\/jpeg\" \/>\n<meta name=\"author\" content=\"Kuzeyin Sesi\" \/>\n<meta name=\"twitter:card\" content=\"summary_large_image\" \/>\n<meta name=\"twitter:creator\" content=\"@kuzeyinsesii\" \/>\n<meta name=\"twitter:site\" content=\"@kuzeyinsesii\" \/>\n<meta name=\"twitter:label1\" content=\"Yazan:\" \/>\n\t<meta name=\"twitter:data1\" content=\"Kuzeyin Sesi\" \/>\n\t<meta name=\"twitter:label2\" content=\"Tahmini okuma s\u00fcresi\" \/>\n\t<meta name=\"twitter:data2\" content=\"1 dakika\" \/>\n<script type=\"application\/ld+json\" class=\"yoast-schema-graph\">{\"@context\":\"https:\\\/\\\/schema.org\",\"@graph\":[{\"@type\":\"Article\",\"@id\":\"https:\\\/\\\/kuzeyinsesi.org\\\/index.php\\\/2024\\\/06\\\/28\\\/46-guzelyurt-portakal-festivali-unutulmayanlar-gecesi-konseriyle-devam-etti\\\/#article\",\"isPartOf\":{\"@id\":\"https:\\\/\\\/kuzeyinsesi.org\\\/index.php\\\/2024\\\/06\\\/28\\\/46-guzelyurt-portakal-festivali-unutulmayanlar-gecesi-konseriyle-devam-etti\\\/\"},\"author\":{\"name\":\"Kuzeyin Sesi\",\"@id\":\"https:\\\/\\\/kuzeyinsesi.org\\\/#\\\/schema\\\/person\\\/9f859689cdf01485597712386e37f5aa\"},\"headline\":\"46. G\u00fczelyurt Portakal Festivali \u201cUnutulmayanlar Gecesi\u201d konseriyle devam etti\",\"datePublished\":\"2024-06-28T11:33:52+00:00\",\"mainEntityOfPage\":{\"@id\":\"https:\\\/\\\/kuzeyinsesi.org\\\/index.php\\\/2024\\\/06\\\/28\\\/46-guzelyurt-portakal-festivali-unutulmayanlar-gecesi-konseriyle-devam-etti\\\/\"},\"wordCount\":158,\"commentCount\":0,\"image\":{\"@id\":\"https:\\\/\\\/kuzeyinsesi.org\\\/index.php\\\/2024\\\/06\\\/28\\\/46-guzelyurt-portakal-festivali-unutulmayanlar-gecesi-konseriyle-devam-etti\\\/#primaryimage\"},\"thumbnailUrl\":\"https:\\\/\\\/kuzeyinsesi.org\\\/wp-content\\\/uploads\\\/2024\\\/06\\\/555-scaled.jpeg\",\"articleSection\":[\"Ya\u015fam\"],\"inLanguage\":\"tr\",\"potentialAction\":[{\"@type\":\"CommentAction\",\"name\":\"Comment\",\"target\":[\"https:\\\/\\\/kuzeyinsesi.org\\\/index.php\\\/2024\\\/06\\\/28\\\/46-guzelyurt-portakal-festivali-unutulmayanlar-gecesi-konseriyle-devam-etti\\\/#respond\"]}]},{\"@type\":\"WebPage\",\"@id\":\"https:\\\/\\\/kuzeyinsesi.org\\\/index.php\\\/2024\\\/06\\\/28\\\/46-guzelyurt-portakal-festivali-unutulmayanlar-gecesi-konseriyle-devam-etti\\\/\",\"url\":\"https:\\\/\\\/kuzeyinsesi.org\\\/index.php\\\/2024\\\/06\\\/28\\\/46-guzelyurt-portakal-festivali-unutulmayanlar-gecesi-konseriyle-devam-etti\\\/\",\"name\":\"46. G\u00fczelyurt Portakal Festivali \u201cUnutulmayanlar Gecesi\u201d konseriyle devam etti - Kuzeyin Sesi\",\"isPartOf\":{\"@id\":\"https:\\\/\\\/kuzeyinsesi.org\\\/#website\"},\"primaryImageOfPage\":{\"@id\":\"https:\\\/\\\/kuzeyinsesi.org\\\/index.php\\\/2024\\\/06\\\/28\\\/46-guzelyurt-portakal-festivali-unutulmayanlar-gecesi-konseriyle-devam-etti\\\/#primaryimage\"},\"image\":{\"@id\":\"https:\\\/\\\/kuzeyinsesi.org\\\/index.php\\\/2024\\\/06\\\/28\\\/46-guzelyurt-portakal-festivali-unutulmayanlar-gecesi-konseriyle-devam-etti\\\/#primaryimage\"},\"thumbnailUrl\":\"https:\\\/\\\/kuzeyinsesi.org\\\/wp-content\\\/uploads\\\/2024\\\/06\\\/555-scaled.jpeg\",\"datePublished\":\"2024-06-28T11:33:52+00:00\",\"author\":{\"@id\":\"https:\\\/\\\/kuzeyinsesi.org\\\/#\\\/schema\\\/person\\\/9f859689cdf01485597712386e37f5aa\"},\"breadcrumb\":{\"@id\":\"https:\\\/\\\/kuzeyinsesi.org\\\/index.php\\\/2024\\\/06\\\/28\\\/46-guzelyurt-portakal-festivali-unutulmayanlar-gecesi-konseriyle-devam-etti\\\/#breadcrumb\"},\"inLanguage\":\"tr\",\"potentialAction\":[{\"@type\":\"ReadAction\",\"target\":[\"https:\\\/\\\/kuzeyinsesi.org\\\/index.php\\\/2024\\\/06\\\/28\\\/46-guzelyurt-portakal-festivali-unutulmayanlar-gecesi-konseriyle-devam-etti\\\/\"]}]},{\"@type\":\"ImageObject\",\"inLanguage\":\"tr\",\"@id\":\"https:\\\/\\\/kuzeyinsesi.org\\\/index.php\\\/2024\\\/06\\\/28\\\/46-guzelyurt-portakal-festivali-unutulmayanlar-gecesi-konseriyle-devam-etti\\\/#primaryimage\",\"url\":\"https:\\\/\\\/kuzeyinsesi.org\\\/wp-content\\\/uploads\\\/2024\\\/06\\\/555-scaled.jpeg\",\"contentUrl\":\"https:\\\/\\\/kuzeyinsesi.org\\\/wp-content\\\/uploads\\\/2024\\\/06\\\/555-scaled.jpeg\",\"width\":2560,\"height\":1389},{\"@type\":\"BreadcrumbList\",\"@id\":\"https:\\\/\\\/kuzeyinsesi.org\\\/index.php\\\/2024\\\/06\\\/28\\\/46-guzelyurt-portakal-festivali-unutulmayanlar-gecesi-konseriyle-devam-etti\\\/#breadcrumb\",\"itemListElement\":[{\"@type\":\"ListItem\",\"position\":1,\"name\":\"Anasayfa\",\"item\":\"https:\\\/\\\/kuzeyinsesi.org\\\/\"},{\"@type\":\"ListItem\",\"position\":2,\"name\":\"46. G\u00fczelyurt Portakal Festivali \u201cUnutulmayanlar Gecesi\u201d konseriyle devam etti\"}]},{\"@type\":\"WebSite\",\"@id\":\"https:\\\/\\\/kuzeyinsesi.org\\\/#website\",\"url\":\"https:\\\/\\\/kuzeyinsesi.org\\\/\",\"name\":\"Kuzeyin Sesi\",\"description\":\"Do\u011fru Haberin Adresi\",\"potentialAction\":[{\"@type\":\"SearchAction\",\"target\":{\"@type\":\"EntryPoint\",\"urlTemplate\":\"https:\\\/\\\/kuzeyinsesi.org\\\/?s={search_term_string}\"},\"query-input\":{\"@type\":\"PropertyValueSpecification\",\"valueRequired\":true,\"valueName\":\"search_term_string\"}}],\"inLanguage\":\"tr\"},{\"@type\":\"Person\",\"@id\":\"https:\\\/\\\/kuzeyinsesi.org\\\/#\\\/schema\\\/person\\\/9f859689cdf01485597712386e37f5aa\",\"name\":\"Kuzeyin Sesi\",\"image\":{\"@type\":\"ImageObject\",\"inLanguage\":\"tr\",\"@id\":\"https:\\\/\\\/secure.gravatar.com\\\/avatar\\\/bab33852abfd8b282518d6ed81826833d77c3c882d9ab608add591ccace47a44?s=96&d=mm&r=g\",\"url\":\"https:\\\/\\\/secure.gravatar.com\\\/avatar\\\/bab33852abfd8b282518d6ed81826833d77c3c882d9ab608add591ccace47a44?s=96&d=mm&r=g\",\"contentUrl\":\"https:\\\/\\\/secure.gravatar.com\\\/avatar\\\/bab33852abfd8b282518d6ed81826833d77c3c882d9ab608add591ccace47a44?s=96&d=mm&r=g\",\"caption\":\"Kuzeyin Sesi\"},\"sameAs\":[\"https:\\\/\\\/kuzeyinsesi.org\"],\"url\":\"https:\\\/\\\/kuzeyinsesi.org\\\/index.php\\\/author\\\/guven\\\/\"}]}<\/script>\n<!-- \/ Yoast SEO plugin. -->","yoast_head_json":{"title":"46. G\u00fczelyurt Portakal Festivali \u201cUnutulmayanlar Gecesi\u201d konseriyle devam etti - Kuzeyin Sesi","robots":{"index":"index","follow":"follow","max-snippet":"max-snippet:-1","max-image-preview":"max-image-preview:large","max-video-preview":"max-video-preview:-1"},"canonical":"https:\/\/kuzeyinsesi.org\/index.php\/2024\/06\/28\/46-guzelyurt-portakal-festivali-unutulmayanlar-gecesi-konseriyle-devam-etti\/","og_locale":"tr_TR","og_type":"article","og_title":"46. G\u00fczelyurt Portakal Festivali \u201cUnutulmayanlar Gecesi\u201d konseriyle devam etti - Kuzeyin Sesi","og_description":"46. G\u00fczelyurt Portakal Festivali kapsam\u0131nda Kaz\u0131m \u00d6zalp\u2019\u0131n organize etti\u011fi \u201cUnutulmayanlar Gecesi\u201d konseri d\u00fcn ak\u015fam G\u00fczelyurt Amfi Tiyatro\u2019da yap\u0131ld\u0131. Belediyeden verilen bilgiye g\u00f6re, konserde, Cem Karaca, Bar\u0131\u015f Man\u00e7o, Ahmet Kaya, Kayahan, Harun Kol\u00e7ak, Erkin Koray, MF\u00d6, \u0130lhan \u0130rem gibi unutulmaz efsane sanat\u00e7\u0131lar\u0131n eserlerine yer verildi. Yerli sanat\u00e7\u0131lar Mehmet Eraslan, I\u015f\u0131k G\u00f6kman, Sidar Karaku\u015f, Muhittin Yang\u0131n, Havva [&hellip;]","og_url":"https:\/\/kuzeyinsesi.org\/index.php\/2024\/06\/28\/46-guzelyurt-portakal-festivali-unutulmayanlar-gecesi-konseriyle-devam-etti\/","og_site_name":"Kuzeyin Sesi","article_publisher":"https:\/\/www.facebook.com\/kuzeyinsesii","article_published_time":"2024-06-28T11:33:52+00:00","og_image":[{"width":2560,"height":1389,"url":"https:\/\/kuzeyinsesi.org\/wp-content\/uploads\/2024\/06\/555-scaled.jpeg","type":"image\/jpeg"}],"author":"Kuzeyin Sesi","twitter_card":"summary_large_image","twitter_creator":"@kuzeyinsesii","twitter_site":"@kuzeyinsesii","twitter_misc":{"Yazan:":"Kuzeyin Sesi","Tahmini okuma s\u00fcresi":"1 dakika"},"schema":{"@context":"https:\/\/schema.org","@graph":[{"@type":"Article","@id":"https:\/\/kuzeyinsesi.org\/index.php\/2024\/06\/28\/46-guzelyurt-portakal-festivali-unutulmayanlar-gecesi-konseriyle-devam-etti\/#article","isPartOf":{"@id":"https:\/\/kuzeyinsesi.org\/index.php\/2024\/06\/28\/46-guzelyurt-portakal-festivali-unutulmayanlar-gecesi-konseriyle-devam-etti\/"},"author":{"name":"Kuzeyin Sesi","@id":"https:\/\/kuzeyinsesi.org\/#\/schema\/person\/9f859689cdf01485597712386e37f5aa"},"headline":"46. G\u00fczelyurt Portakal Festivali \u201cUnutulmayanlar Gecesi\u201d konseriyle devam etti","datePublished":"2024-06-28T11:33:52+00:00","mainEntityOfPage":{"@id":"https:\/\/kuzeyinsesi.org\/index.php\/2024\/06\/28\/46-guzelyurt-portakal-festivali-unutulmayanlar-gecesi-konseriyle-devam-etti\/"},"wordCount":158,"commentCount":0,"image":{"@id":"https:\/\/kuzeyinsesi.org\/index.php\/2024\/06\/28\/46-guzelyurt-portakal-festivali-unutulmayanlar-gecesi-konseriyle-devam-etti\/#primaryimage"},"thumbnailUrl":"https:\/\/kuzeyinsesi.org\/wp-content\/uploads\/2024\/06\/555-scaled.jpeg","articleSection":["Ya\u015fam"],"inLanguage":"tr","potentialAction":[{"@type":"CommentAction","name":"Comment","target":["https:\/\/kuzeyinsesi.org\/index.php\/2024\/06\/28\/46-guzelyurt-portakal-festivali-unutulmayanlar-gecesi-konseriyle-devam-etti\/#respond"]}]},{"@type":"WebPage","@id":"https:\/\/kuzeyinsesi.org\/index.php\/2024\/06\/28\/46-guzelyurt-portakal-festivali-unutulmayanlar-gecesi-konseriyle-devam-etti\/","url":"https:\/\/kuzeyinsesi.org\/index.php\/2024\/06\/28\/46-guzelyurt-portakal-festivali-unutulmayanlar-gecesi-konseriyle-devam-etti\/","name":"46. G\u00fczelyurt Portakal Festivali \u201cUnutulmayanlar Gecesi\u201d konseriyle devam etti - Kuzeyin Sesi","isPartOf":{"@id":"https:\/\/kuzeyinsesi.org\/#website"},"primaryImageOfPage":{"@id":"https:\/\/kuzeyinsesi.org\/index.php\/2024\/06\/28\/46-guzelyurt-portakal-festivali-unutulmayanlar-gecesi-konseriyle-devam-etti\/#primaryimage"},"image":{"@id":"https:\/\/kuzeyinsesi.org\/index.php\/2024\/06\/28\/46-guzelyurt-portakal-festivali-unutulmayanlar-gecesi-konseriyle-devam-etti\/#primaryimage"},"thumbnailUrl":"https:\/\/kuzeyinsesi.org\/wp-content\/uploads\/2024\/06\/555-scaled.jpeg","datePublished":"2024-06-28T11:33:52+00:00","author":{"@id":"https:\/\/kuzeyinsesi.org\/#\/schema\/person\/9f859689cdf01485597712386e37f5aa"},"breadcrumb":{"@id":"https:\/\/kuzeyinsesi.org\/index.php\/2024\/06\/28\/46-guzelyurt-portakal-festivali-unutulmayanlar-gecesi-konseriyle-devam-etti\/#breadcrumb"},"inLanguage":"tr","potentialAction":[{"@type":"ReadAction","target":["https:\/\/kuzeyinsesi.org\/index.php\/2024\/06\/28\/46-guzelyurt-portakal-festivali-unutulmayanlar-gecesi-konseriyle-devam-etti\/"]}]},{"@type":"ImageObject","inLanguage":"tr","@id":"https:\/\/kuzeyinsesi.org\/index.php\/2024\/06\/28\/46-guzelyurt-portakal-festivali-unutulmayanlar-gecesi-konseriyle-devam-etti\/#primaryimage","url":"https:\/\/kuzeyinsesi.org\/wp-content\/uploads\/2024\/06\/555-scaled.jpeg","contentUrl":"https:\/\/kuzeyinsesi.org\/wp-content\/uploads\/2024\/06\/555-scaled.jpeg","width":2560,"height":1389},{"@type":"BreadcrumbList","@id":"https:\/\/kuzeyinsesi.org\/index.php\/2024\/06\/28\/46-guzelyurt-portakal-festivali-unutulmayanlar-gecesi-konseriyle-devam-etti\/#breadcrumb","itemListElement":[{"@type":"ListItem","position":1,"name":"Anasayfa","item":"https:\/\/kuzeyinsesi.org\/"},{"@type":"ListItem","position":2,"name":"46. G\u00fczelyurt Portakal Festivali \u201cUnutulmayanlar Gecesi\u201d konseriyle devam etti"}]},{"@type":"WebSite","@id":"https:\/\/kuzeyinsesi.org\/#website","url":"https:\/\/kuzeyinsesi.org\/","name":"Kuzeyin Sesi","description":"Do\u011fru Haberin Adresi","potentialAction":[{"@type":"SearchAction","target":{"@type":"EntryPoint","urlTemplate":"https:\/\/kuzeyinsesi.org\/?s={search_term_string}"},"query-input":{"@type":"PropertyValueSpecification","valueRequired":true,"valueName":"search_term_string"}}],"inLanguage":"tr"},{"@type":"Person","@id":"https:\/\/kuzeyinsesi.org\/#\/schema\/person\/9f859689cdf01485597712386e37f5aa","name":"Kuzeyin Sesi","image":{"@type":"ImageObject","inLanguage":"tr","@id":"https:\/\/secure.gravatar.com\/avatar\/bab33852abfd8b282518d6ed81826833d77c3c882d9ab608add591ccace47a44?s=96&d=mm&r=g","url":"https:\/\/secure.gravatar.com\/avatar\/bab33852abfd8b282518d6ed81826833d77c3c882d9ab608add591ccace47a44?s=96&d=mm&r=g","contentUrl":"https:\/\/secure.gravatar.com\/avatar\/bab33852abfd8b282518d6ed81826833d77c3c882d9ab608add591ccace47a44?s=96&d=mm&r=g","caption":"Kuzeyin Sesi"},"sameAs":["https:\/\/kuzeyinsesi.org"],"url":"https:\/\/kuzeyinsesi.org\/index.php\/author\/guven\/"}]}},"_links":{"self":[{"href":"https:\/\/kuzeyinsesi.org\/index.php\/wp-json\/wp\/v2\/posts\/5477","targetHints":{"allow":["GET"]}}],"collection":[{"href":"https:\/\/kuzeyinsesi.org\/index.php\/wp-json\/wp\/v2\/posts"}],"about":[{"href":"https:\/\/kuzeyinsesi.org\/index.php\/wp-json\/wp\/v2\/types\/post"}],"author":[{"embeddable":true,"href":"https:\/\/kuzeyinsesi.org\/index.php\/wp-json\/wp\/v2\/users\/1"}],"replies":[{"embeddable":true,"href":"https:\/\/kuzeyinsesi.org\/index.php\/wp-json\/wp\/v2\/comments?post=5477"}],"version-history":[{"count":0,"href":"https:\/\/kuzeyinsesi.org\/index.php\/wp-json\/wp\/v2\/posts\/5477\/revisions"}],"wp:featuredmedia":[{"embeddable":true,"href":"https:\/\/kuzeyinsesi.org\/index.php\/wp-json\/wp\/v2\/media\/5478"}],"wp:attachment":[{"href":"https:\/\/kuzeyinsesi.org\/index.php\/wp-json\/wp\/v2\/media?parent=5477"}],"wp:term":[{"taxonomy":"category","embeddable":true,"href":"https:\/\/kuzeyinsesi.org\/index.php\/wp-json\/wp\/v2\/categories?post=5477"},{"taxonomy":"post_tag","embeddable":true,"href":"https:\/\/kuzeyinsesi.org\/index.php\/wp-json\/wp\/v2\/tags?post=5477"}],"curies":[{"name":"wp","href":"https:\/\/api.w.org\/{rel}","templated":true}]}}