{"id":5467,"date":"2024-06-28T13:32:17","date_gmt":"2024-06-28T10:32:17","guid":{"rendered":"https:\/\/kuzeyinsesi.com\/index.php\/2024\/06\/28\/kifsadin-kibrisin-ureten-kadinlari-sergisi-2-temmuzda-lefkosa-akmde\/"},"modified":"2024-06-28T13:32:17","modified_gmt":"2024-06-28T10:32:17","slug":"kifsadin-kibrisin-ureten-kadinlari-sergisi-2-temmuzda-lefkosa-akmde","status":"publish","type":"post","link":"https:\/\/kuzeyinsesi.org\/index.php\/2024\/06\/28\/kifsadin-kibrisin-ureten-kadinlari-sergisi-2-temmuzda-lefkosa-akmde\/","title":{"rendered":"KIFSAD\u2019\u0131n \u201cK\u0131br\u0131s\u2019\u0131n \u00dcreten Kad\u0131nlar\u0131\u201d sergisi 2 Temmuz\u2019da Lefko\u015fa AKM\u2019de"},"content":{"rendered":"<div>\n<div class=\"mariselle-image-container center\">\n                                            <\/div>\n<p>K\u0131br\u0131s Foto\u011fraf Sanat\u0131 Derne\u011fi (KIFSAD) \u00fcyelerinin foto\u011fraflar\u0131ndan olu\u015fan \u201cK\u0131br\u0131s\u2019\u0131n \u00dcreten Kad\u0131nlar\u0131\u201d sergisi, 2 Temmuz Sal\u0131 g\u00fcn\u00fc Lefko\u015fa Atat\u00fcrk K\u00fclt\u00fcr Merkezi\u2019nde a\u00e7\u0131l\u0131yor.<\/p>\n<p>Dernekten verilen bilgiye g\u00f6re, 14 foto\u011fraf\u00e7\u0131n\u0131n 77 foto\u011fraf\u0131n\u0131n yer alaca\u011f\u0131 serginin a\u00e7\u0131l\u0131\u015f\u0131 saat 19.00\u2019da yap\u0131lacak.<\/p>\n<p>K\u0131br\u0131s T\u00fcrk kad\u0131n\u0131na dikkat \u00e7ekmeyi ama\u00e7layan proje \u00e7er\u00e7evesinde d\u00fczenlenen sergiyle ilgili a\u00e7\u0131klamada, \u201c\u00dclkemizin k\u00fclt\u00fcrel miraslar\u0131n\u0131 gelecek nesillere aktaran kad\u0131nlar\u0131m\u0131z\u0131n emeklerini g\u00f6zler \u00f6n\u00fcne sererken, di\u011fer yandan da \u00e7a\u011fda\u015f K\u0131br\u0131s T\u00fcrk kad\u0131n\u0131n\u0131n neler yapabilece\u011fini yans\u0131tmay\u0131 hedefledik.\u201d denildi.<\/p>\n<p>Toplumlar\u0131n ileri gitmesinin kad\u0131nlarla ba\u015flad\u0131\u011f\u0131 vurgulanan a\u00e7\u0131klamada, kad\u0131nlar\u0131n birer anne olarak toplumun gelece\u011finde b\u00fcy\u00fck rol\u00fc oldu\u011funa i\u015faret edildi.<\/p>\n<p>A\u00e7\u0131klamada, \u015fu ifadeler de yer ald\u0131:<\/p>\n<p>\u201cAnnelerimizden ald\u0131klar\u0131 e\u011fitimler ile ba\u015far\u0131l\u0131 emektar, hen\u00fcz anne olmam\u0131\u015f kad\u0131nlar\u0131m\u0131z da \u00e7al\u0131\u015fma hayatlar\u0131nda daha ba\u015far\u0131l\u0131 olmak y\u00f6n\u00fcnde b\u00fcy\u00fck ad\u0131mlar atmaktad\u0131rlar. Ne yaz\u0131k ki k\u00fcresel bir sorun olan kad\u0131nlara y\u00f6nelik negatif ayr\u0131mc\u0131l\u0131\u011f\u0131 ortadan kald\u0131rmak, onlar\u0131n \u00fclkemize sa\u011flad\u0131klar\u0131 katk\u0131lar\u0131 g\u00f6stermek, neleri ba\u015farabildiklerini g\u00f6sterebilmek ve kendilerine \u015f\u00fckranlar\u0131m\u0131z\u0131 iletmek i\u00e7in bu projemizi hayata ge\u00e7irdik. Derne\u011fimiz KIFSAD\u2019\u0131n her sergisinde oldu\u011fu gibi bu sergisinde de g\u00f6sterdi\u011fi \u00f6zeni foto\u011fraflar\u0131m\u0131zdan izleyebileceksiniz.\u201d<\/p>\n<\/p><\/div>\n<p><script async\n                    defer\n                    crossorigin=\"anonymous\"\n                    src=\"https:\/\/connect.facebook.net\/tr_TR\/sdk.js#xfbml=1&#038;version=v3.3\"\n            ><\/script><\/p>\n","protected":false},"excerpt":{"rendered":"<p>K\u0131br\u0131s Foto\u011fraf Sanat\u0131 Derne\u011fi (KIFSAD) \u00fcyelerinin foto\u011fraflar\u0131ndan olu\u015fan \u201cK\u0131br\u0131s\u2019\u0131n \u00dcreten Kad\u0131nlar\u0131\u201d sergisi, 2 Temmuz Sal\u0131 g\u00fcn\u00fc Lefko\u015fa Atat\u00fcrk K\u00fclt\u00fcr Merkezi\u2019nde a\u00e7\u0131l\u0131yor. Dernekten verilen bilgiye g\u00f6re, 14 foto\u011fraf\u00e7\u0131n\u0131n 77 foto\u011fraf\u0131n\u0131n yer alaca\u011f\u0131 serginin a\u00e7\u0131l\u0131\u015f\u0131 saat 19.00\u2019da yap\u0131lacak. K\u0131br\u0131s T\u00fcrk kad\u0131n\u0131na dikkat \u00e7ekmeyi ama\u00e7layan proje \u00e7er\u00e7evesinde d\u00fczenlenen sergiyle ilgili a\u00e7\u0131klamada, \u201c\u00dclkemizin k\u00fclt\u00fcrel miraslar\u0131n\u0131 gelecek nesillere aktaran kad\u0131nlar\u0131m\u0131z\u0131n [&hellip;]<\/p>\n","protected":false},"author":1,"featured_media":5468,"comment_status":"open","ping_status":"open","sticky":false,"template":"","format":"standard","meta":{"jnews-multi-image_gallery":[],"jnews_single_post":[],"jnews_primary_category":[],"jnews_social_meta":[],"jnews_override_counter":[],"footnotes":""},"categories":[6],"tags":[],"class_list":["post-5467","post","type-post","status-publish","format-standard","has-post-thumbnail","hentry","category-yasam"],"yoast_head":"<!-- This site is optimized with the Yoast SEO plugin v27.5 - https:\/\/yoast.com\/product\/yoast-seo-wordpress\/ -->\n<title>KIFSAD\u2019\u0131n \u201cK\u0131br\u0131s\u2019\u0131n \u00dcreten Kad\u0131nlar\u0131\u201d sergisi 2 Temmuz\u2019da Lefko\u015fa AKM\u2019de - Kuzeyin Sesi<\/title>\n<meta name=\"robots\" content=\"index, follow, max-snippet:-1, max-image-preview:large, max-video-preview:-1\" \/>\n<link rel=\"canonical\" href=\"https:\/\/kuzeyinsesi.org\/index.php\/2024\/06\/28\/kifsadin-kibrisin-ureten-kadinlari-sergisi-2-temmuzda-lefkosa-akmde\/\" \/>\n<meta property=\"og:locale\" content=\"tr_TR\" \/>\n<meta property=\"og:type\" content=\"article\" \/>\n<meta property=\"og:title\" content=\"KIFSAD\u2019\u0131n \u201cK\u0131br\u0131s\u2019\u0131n \u00dcreten Kad\u0131nlar\u0131\u201d sergisi 2 Temmuz\u2019da Lefko\u015fa AKM\u2019de - Kuzeyin Sesi\" \/>\n<meta property=\"og:description\" content=\"K\u0131br\u0131s Foto\u011fraf Sanat\u0131 Derne\u011fi (KIFSAD) \u00fcyelerinin foto\u011fraflar\u0131ndan olu\u015fan \u201cK\u0131br\u0131s\u2019\u0131n \u00dcreten Kad\u0131nlar\u0131\u201d sergisi, 2 Temmuz Sal\u0131 g\u00fcn\u00fc Lefko\u015fa Atat\u00fcrk K\u00fclt\u00fcr Merkezi\u2019nde a\u00e7\u0131l\u0131yor. Dernekten verilen bilgiye g\u00f6re, 14 foto\u011fraf\u00e7\u0131n\u0131n 77 foto\u011fraf\u0131n\u0131n yer alaca\u011f\u0131 serginin a\u00e7\u0131l\u0131\u015f\u0131 saat 19.00\u2019da yap\u0131lacak. K\u0131br\u0131s T\u00fcrk kad\u0131n\u0131na dikkat \u00e7ekmeyi ama\u00e7layan proje \u00e7er\u00e7evesinde d\u00fczenlenen sergiyle ilgili a\u00e7\u0131klamada, \u201c\u00dclkemizin k\u00fclt\u00fcrel miraslar\u0131n\u0131 gelecek nesillere aktaran kad\u0131nlar\u0131m\u0131z\u0131n [&hellip;]\" \/>\n<meta property=\"og:url\" content=\"https:\/\/kuzeyinsesi.org\/index.php\/2024\/06\/28\/kifsadin-kibrisin-ureten-kadinlari-sergisi-2-temmuzda-lefkosa-akmde\/\" \/>\n<meta property=\"og:site_name\" content=\"Kuzeyin Sesi\" \/>\n<meta property=\"article:publisher\" content=\"https:\/\/www.facebook.com\/kuzeyinsesii\" \/>\n<meta property=\"article:published_time\" content=\"2024-06-28T10:32:17+00:00\" \/>\n<meta property=\"og:image\" content=\"https:\/\/kuzeyinsesi.org\/wp-content\/uploads\/2024\/06\/kibrisin-ureten-kadinlari-kibris-gercek-haber.webp.webp\" \/>\n\t<meta property=\"og:image:width\" content=\"1280\" \/>\n\t<meta property=\"og:image:height\" content=\"720\" \/>\n\t<meta property=\"og:image:type\" content=\"image\/webp\" \/>\n<meta name=\"author\" content=\"Kuzeyin Sesi\" \/>\n<meta name=\"twitter:card\" content=\"summary_large_image\" \/>\n<meta name=\"twitter:creator\" content=\"@kuzeyinsesii\" \/>\n<meta name=\"twitter:site\" content=\"@kuzeyinsesii\" \/>\n<meta name=\"twitter:label1\" content=\"Yazan:\" \/>\n\t<meta name=\"twitter:data1\" content=\"Kuzeyin Sesi\" \/>\n\t<meta name=\"twitter:label2\" content=\"Tahmini okuma s\u00fcresi\" \/>\n\t<meta name=\"twitter:data2\" content=\"1 dakika\" \/>\n<script type=\"application\/ld+json\" class=\"yoast-schema-graph\">{\"@context\":\"https:\\\/\\\/schema.org\",\"@graph\":[{\"@type\":\"Article\",\"@id\":\"https:\\\/\\\/kuzeyinsesi.org\\\/index.php\\\/2024\\\/06\\\/28\\\/kifsadin-kibrisin-ureten-kadinlari-sergisi-2-temmuzda-lefkosa-akmde\\\/#article\",\"isPartOf\":{\"@id\":\"https:\\\/\\\/kuzeyinsesi.org\\\/index.php\\\/2024\\\/06\\\/28\\\/kifsadin-kibrisin-ureten-kadinlari-sergisi-2-temmuzda-lefkosa-akmde\\\/\"},\"author\":{\"name\":\"Kuzeyin Sesi\",\"@id\":\"https:\\\/\\\/kuzeyinsesi.org\\\/#\\\/schema\\\/person\\\/9f859689cdf01485597712386e37f5aa\"},\"headline\":\"KIFSAD\u2019\u0131n \u201cK\u0131br\u0131s\u2019\u0131n \u00dcreten Kad\u0131nlar\u0131\u201d sergisi 2 Temmuz\u2019da Lefko\u015fa AKM\u2019de\",\"datePublished\":\"2024-06-28T10:32:17+00:00\",\"mainEntityOfPage\":{\"@id\":\"https:\\\/\\\/kuzeyinsesi.org\\\/index.php\\\/2024\\\/06\\\/28\\\/kifsadin-kibrisin-ureten-kadinlari-sergisi-2-temmuzda-lefkosa-akmde\\\/\"},\"wordCount\":283,\"commentCount\":0,\"image\":{\"@id\":\"https:\\\/\\\/kuzeyinsesi.org\\\/index.php\\\/2024\\\/06\\\/28\\\/kifsadin-kibrisin-ureten-kadinlari-sergisi-2-temmuzda-lefkosa-akmde\\\/#primaryimage\"},\"thumbnailUrl\":\"https:\\\/\\\/kuzeyinsesi.org\\\/wp-content\\\/uploads\\\/2024\\\/06\\\/kibrisin-ureten-kadinlari-kibris-gercek-haber.webp.webp\",\"articleSection\":[\"Ya\u015fam\"],\"inLanguage\":\"tr\",\"potentialAction\":[{\"@type\":\"CommentAction\",\"name\":\"Comment\",\"target\":[\"https:\\\/\\\/kuzeyinsesi.org\\\/index.php\\\/2024\\\/06\\\/28\\\/kifsadin-kibrisin-ureten-kadinlari-sergisi-2-temmuzda-lefkosa-akmde\\\/#respond\"]}]},{\"@type\":\"WebPage\",\"@id\":\"https:\\\/\\\/kuzeyinsesi.org\\\/index.php\\\/2024\\\/06\\\/28\\\/kifsadin-kibrisin-ureten-kadinlari-sergisi-2-temmuzda-lefkosa-akmde\\\/\",\"url\":\"https:\\\/\\\/kuzeyinsesi.org\\\/index.php\\\/2024\\\/06\\\/28\\\/kifsadin-kibrisin-ureten-kadinlari-sergisi-2-temmuzda-lefkosa-akmde\\\/\",\"name\":\"KIFSAD\u2019\u0131n \u201cK\u0131br\u0131s\u2019\u0131n \u00dcreten Kad\u0131nlar\u0131\u201d sergisi 2 Temmuz\u2019da Lefko\u015fa AKM\u2019de - Kuzeyin Sesi\",\"isPartOf\":{\"@id\":\"https:\\\/\\\/kuzeyinsesi.org\\\/#website\"},\"primaryImageOfPage\":{\"@id\":\"https:\\\/\\\/kuzeyinsesi.org\\\/index.php\\\/2024\\\/06\\\/28\\\/kifsadin-kibrisin-ureten-kadinlari-sergisi-2-temmuzda-lefkosa-akmde\\\/#primaryimage\"},\"image\":{\"@id\":\"https:\\\/\\\/kuzeyinsesi.org\\\/index.php\\\/2024\\\/06\\\/28\\\/kifsadin-kibrisin-ureten-kadinlari-sergisi-2-temmuzda-lefkosa-akmde\\\/#primaryimage\"},\"thumbnailUrl\":\"https:\\\/\\\/kuzeyinsesi.org\\\/wp-content\\\/uploads\\\/2024\\\/06\\\/kibrisin-ureten-kadinlari-kibris-gercek-haber.webp.webp\",\"datePublished\":\"2024-06-28T10:32:17+00:00\",\"author\":{\"@id\":\"https:\\\/\\\/kuzeyinsesi.org\\\/#\\\/schema\\\/person\\\/9f859689cdf01485597712386e37f5aa\"},\"breadcrumb\":{\"@id\":\"https:\\\/\\\/kuzeyinsesi.org\\\/index.php\\\/2024\\\/06\\\/28\\\/kifsadin-kibrisin-ureten-kadinlari-sergisi-2-temmuzda-lefkosa-akmde\\\/#breadcrumb\"},\"inLanguage\":\"tr\",\"potentialAction\":[{\"@type\":\"ReadAction\",\"target\":[\"https:\\\/\\\/kuzeyinsesi.org\\\/index.php\\\/2024\\\/06\\\/28\\\/kifsadin-kibrisin-ureten-kadinlari-sergisi-2-temmuzda-lefkosa-akmde\\\/\"]}]},{\"@type\":\"ImageObject\",\"inLanguage\":\"tr\",\"@id\":\"https:\\\/\\\/kuzeyinsesi.org\\\/index.php\\\/2024\\\/06\\\/28\\\/kifsadin-kibrisin-ureten-kadinlari-sergisi-2-temmuzda-lefkosa-akmde\\\/#primaryimage\",\"url\":\"https:\\\/\\\/kuzeyinsesi.org\\\/wp-content\\\/uploads\\\/2024\\\/06\\\/kibrisin-ureten-kadinlari-kibris-gercek-haber.webp.webp\",\"contentUrl\":\"https:\\\/\\\/kuzeyinsesi.org\\\/wp-content\\\/uploads\\\/2024\\\/06\\\/kibrisin-ureten-kadinlari-kibris-gercek-haber.webp.webp\",\"width\":1280,\"height\":720},{\"@type\":\"BreadcrumbList\",\"@id\":\"https:\\\/\\\/kuzeyinsesi.org\\\/index.php\\\/2024\\\/06\\\/28\\\/kifsadin-kibrisin-ureten-kadinlari-sergisi-2-temmuzda-lefkosa-akmde\\\/#breadcrumb\",\"itemListElement\":[{\"@type\":\"ListItem\",\"position\":1,\"name\":\"Anasayfa\",\"item\":\"https:\\\/\\\/kuzeyinsesi.org\\\/\"},{\"@type\":\"ListItem\",\"position\":2,\"name\":\"KIFSAD\u2019\u0131n \u201cK\u0131br\u0131s\u2019\u0131n \u00dcreten Kad\u0131nlar\u0131\u201d sergisi 2 Temmuz\u2019da Lefko\u015fa AKM\u2019de\"}]},{\"@type\":\"WebSite\",\"@id\":\"https:\\\/\\\/kuzeyinsesi.org\\\/#website\",\"url\":\"https:\\\/\\\/kuzeyinsesi.org\\\/\",\"name\":\"Kuzeyin Sesi\",\"description\":\"Do\u011fru Haberin Adresi\",\"potentialAction\":[{\"@type\":\"SearchAction\",\"target\":{\"@type\":\"EntryPoint\",\"urlTemplate\":\"https:\\\/\\\/kuzeyinsesi.org\\\/?s={search_term_string}\"},\"query-input\":{\"@type\":\"PropertyValueSpecification\",\"valueRequired\":true,\"valueName\":\"search_term_string\"}}],\"inLanguage\":\"tr\"},{\"@type\":\"Person\",\"@id\":\"https:\\\/\\\/kuzeyinsesi.org\\\/#\\\/schema\\\/person\\\/9f859689cdf01485597712386e37f5aa\",\"name\":\"Kuzeyin Sesi\",\"image\":{\"@type\":\"ImageObject\",\"inLanguage\":\"tr\",\"@id\":\"https:\\\/\\\/secure.gravatar.com\\\/avatar\\\/bab33852abfd8b282518d6ed81826833d77c3c882d9ab608add591ccace47a44?s=96&d=mm&r=g\",\"url\":\"https:\\\/\\\/secure.gravatar.com\\\/avatar\\\/bab33852abfd8b282518d6ed81826833d77c3c882d9ab608add591ccace47a44?s=96&d=mm&r=g\",\"contentUrl\":\"https:\\\/\\\/secure.gravatar.com\\\/avatar\\\/bab33852abfd8b282518d6ed81826833d77c3c882d9ab608add591ccace47a44?s=96&d=mm&r=g\",\"caption\":\"Kuzeyin Sesi\"},\"sameAs\":[\"https:\\\/\\\/kuzeyinsesi.org\"],\"url\":\"https:\\\/\\\/kuzeyinsesi.org\\\/index.php\\\/author\\\/guven\\\/\"}]}<\/script>\n<!-- \/ Yoast SEO plugin. -->","yoast_head_json":{"title":"KIFSAD\u2019\u0131n \u201cK\u0131br\u0131s\u2019\u0131n \u00dcreten Kad\u0131nlar\u0131\u201d sergisi 2 Temmuz\u2019da Lefko\u015fa AKM\u2019de - Kuzeyin Sesi","robots":{"index":"index","follow":"follow","max-snippet":"max-snippet:-1","max-image-preview":"max-image-preview:large","max-video-preview":"max-video-preview:-1"},"canonical":"https:\/\/kuzeyinsesi.org\/index.php\/2024\/06\/28\/kifsadin-kibrisin-ureten-kadinlari-sergisi-2-temmuzda-lefkosa-akmde\/","og_locale":"tr_TR","og_type":"article","og_title":"KIFSAD\u2019\u0131n \u201cK\u0131br\u0131s\u2019\u0131n \u00dcreten Kad\u0131nlar\u0131\u201d sergisi 2 Temmuz\u2019da Lefko\u015fa AKM\u2019de - Kuzeyin Sesi","og_description":"K\u0131br\u0131s Foto\u011fraf Sanat\u0131 Derne\u011fi (KIFSAD) \u00fcyelerinin foto\u011fraflar\u0131ndan olu\u015fan \u201cK\u0131br\u0131s\u2019\u0131n \u00dcreten Kad\u0131nlar\u0131\u201d sergisi, 2 Temmuz Sal\u0131 g\u00fcn\u00fc Lefko\u015fa Atat\u00fcrk K\u00fclt\u00fcr Merkezi\u2019nde a\u00e7\u0131l\u0131yor. Dernekten verilen bilgiye g\u00f6re, 14 foto\u011fraf\u00e7\u0131n\u0131n 77 foto\u011fraf\u0131n\u0131n yer alaca\u011f\u0131 serginin a\u00e7\u0131l\u0131\u015f\u0131 saat 19.00\u2019da yap\u0131lacak. K\u0131br\u0131s T\u00fcrk kad\u0131n\u0131na dikkat \u00e7ekmeyi ama\u00e7layan proje \u00e7er\u00e7evesinde d\u00fczenlenen sergiyle ilgili a\u00e7\u0131klamada, \u201c\u00dclkemizin k\u00fclt\u00fcrel miraslar\u0131n\u0131 gelecek nesillere aktaran kad\u0131nlar\u0131m\u0131z\u0131n [&hellip;]","og_url":"https:\/\/kuzeyinsesi.org\/index.php\/2024\/06\/28\/kifsadin-kibrisin-ureten-kadinlari-sergisi-2-temmuzda-lefkosa-akmde\/","og_site_name":"Kuzeyin Sesi","article_publisher":"https:\/\/www.facebook.com\/kuzeyinsesii","article_published_time":"2024-06-28T10:32:17+00:00","og_image":[{"width":1280,"height":720,"url":"https:\/\/kuzeyinsesi.org\/wp-content\/uploads\/2024\/06\/kibrisin-ureten-kadinlari-kibris-gercek-haber.webp.webp","type":"image\/webp"}],"author":"Kuzeyin Sesi","twitter_card":"summary_large_image","twitter_creator":"@kuzeyinsesii","twitter_site":"@kuzeyinsesii","twitter_misc":{"Yazan:":"Kuzeyin Sesi","Tahmini okuma s\u00fcresi":"1 dakika"},"schema":{"@context":"https:\/\/schema.org","@graph":[{"@type":"Article","@id":"https:\/\/kuzeyinsesi.org\/index.php\/2024\/06\/28\/kifsadin-kibrisin-ureten-kadinlari-sergisi-2-temmuzda-lefkosa-akmde\/#article","isPartOf":{"@id":"https:\/\/kuzeyinsesi.org\/index.php\/2024\/06\/28\/kifsadin-kibrisin-ureten-kadinlari-sergisi-2-temmuzda-lefkosa-akmde\/"},"author":{"name":"Kuzeyin Sesi","@id":"https:\/\/kuzeyinsesi.org\/#\/schema\/person\/9f859689cdf01485597712386e37f5aa"},"headline":"KIFSAD\u2019\u0131n \u201cK\u0131br\u0131s\u2019\u0131n \u00dcreten Kad\u0131nlar\u0131\u201d sergisi 2 Temmuz\u2019da Lefko\u015fa AKM\u2019de","datePublished":"2024-06-28T10:32:17+00:00","mainEntityOfPage":{"@id":"https:\/\/kuzeyinsesi.org\/index.php\/2024\/06\/28\/kifsadin-kibrisin-ureten-kadinlari-sergisi-2-temmuzda-lefkosa-akmde\/"},"wordCount":283,"commentCount":0,"image":{"@id":"https:\/\/kuzeyinsesi.org\/index.php\/2024\/06\/28\/kifsadin-kibrisin-ureten-kadinlari-sergisi-2-temmuzda-lefkosa-akmde\/#primaryimage"},"thumbnailUrl":"https:\/\/kuzeyinsesi.org\/wp-content\/uploads\/2024\/06\/kibrisin-ureten-kadinlari-kibris-gercek-haber.webp.webp","articleSection":["Ya\u015fam"],"inLanguage":"tr","potentialAction":[{"@type":"CommentAction","name":"Comment","target":["https:\/\/kuzeyinsesi.org\/index.php\/2024\/06\/28\/kifsadin-kibrisin-ureten-kadinlari-sergisi-2-temmuzda-lefkosa-akmde\/#respond"]}]},{"@type":"WebPage","@id":"https:\/\/kuzeyinsesi.org\/index.php\/2024\/06\/28\/kifsadin-kibrisin-ureten-kadinlari-sergisi-2-temmuzda-lefkosa-akmde\/","url":"https:\/\/kuzeyinsesi.org\/index.php\/2024\/06\/28\/kifsadin-kibrisin-ureten-kadinlari-sergisi-2-temmuzda-lefkosa-akmde\/","name":"KIFSAD\u2019\u0131n \u201cK\u0131br\u0131s\u2019\u0131n \u00dcreten Kad\u0131nlar\u0131\u201d sergisi 2 Temmuz\u2019da Lefko\u015fa AKM\u2019de - Kuzeyin Sesi","isPartOf":{"@id":"https:\/\/kuzeyinsesi.org\/#website"},"primaryImageOfPage":{"@id":"https:\/\/kuzeyinsesi.org\/index.php\/2024\/06\/28\/kifsadin-kibrisin-ureten-kadinlari-sergisi-2-temmuzda-lefkosa-akmde\/#primaryimage"},"image":{"@id":"https:\/\/kuzeyinsesi.org\/index.php\/2024\/06\/28\/kifsadin-kibrisin-ureten-kadinlari-sergisi-2-temmuzda-lefkosa-akmde\/#primaryimage"},"thumbnailUrl":"https:\/\/kuzeyinsesi.org\/wp-content\/uploads\/2024\/06\/kibrisin-ureten-kadinlari-kibris-gercek-haber.webp.webp","datePublished":"2024-06-28T10:32:17+00:00","author":{"@id":"https:\/\/kuzeyinsesi.org\/#\/schema\/person\/9f859689cdf01485597712386e37f5aa"},"breadcrumb":{"@id":"https:\/\/kuzeyinsesi.org\/index.php\/2024\/06\/28\/kifsadin-kibrisin-ureten-kadinlari-sergisi-2-temmuzda-lefkosa-akmde\/#breadcrumb"},"inLanguage":"tr","potentialAction":[{"@type":"ReadAction","target":["https:\/\/kuzeyinsesi.org\/index.php\/2024\/06\/28\/kifsadin-kibrisin-ureten-kadinlari-sergisi-2-temmuzda-lefkosa-akmde\/"]}]},{"@type":"ImageObject","inLanguage":"tr","@id":"https:\/\/kuzeyinsesi.org\/index.php\/2024\/06\/28\/kifsadin-kibrisin-ureten-kadinlari-sergisi-2-temmuzda-lefkosa-akmde\/#primaryimage","url":"https:\/\/kuzeyinsesi.org\/wp-content\/uploads\/2024\/06\/kibrisin-ureten-kadinlari-kibris-gercek-haber.webp.webp","contentUrl":"https:\/\/kuzeyinsesi.org\/wp-content\/uploads\/2024\/06\/kibrisin-ureten-kadinlari-kibris-gercek-haber.webp.webp","width":1280,"height":720},{"@type":"BreadcrumbList","@id":"https:\/\/kuzeyinsesi.org\/index.php\/2024\/06\/28\/kifsadin-kibrisin-ureten-kadinlari-sergisi-2-temmuzda-lefkosa-akmde\/#breadcrumb","itemListElement":[{"@type":"ListItem","position":1,"name":"Anasayfa","item":"https:\/\/kuzeyinsesi.org\/"},{"@type":"ListItem","position":2,"name":"KIFSAD\u2019\u0131n \u201cK\u0131br\u0131s\u2019\u0131n \u00dcreten Kad\u0131nlar\u0131\u201d sergisi 2 Temmuz\u2019da Lefko\u015fa AKM\u2019de"}]},{"@type":"WebSite","@id":"https:\/\/kuzeyinsesi.org\/#website","url":"https:\/\/kuzeyinsesi.org\/","name":"Kuzeyin Sesi","description":"Do\u011fru Haberin Adresi","potentialAction":[{"@type":"SearchAction","target":{"@type":"EntryPoint","urlTemplate":"https:\/\/kuzeyinsesi.org\/?s={search_term_string}"},"query-input":{"@type":"PropertyValueSpecification","valueRequired":true,"valueName":"search_term_string"}}],"inLanguage":"tr"},{"@type":"Person","@id":"https:\/\/kuzeyinsesi.org\/#\/schema\/person\/9f859689cdf01485597712386e37f5aa","name":"Kuzeyin Sesi","image":{"@type":"ImageObject","inLanguage":"tr","@id":"https:\/\/secure.gravatar.com\/avatar\/bab33852abfd8b282518d6ed81826833d77c3c882d9ab608add591ccace47a44?s=96&d=mm&r=g","url":"https:\/\/secure.gravatar.com\/avatar\/bab33852abfd8b282518d6ed81826833d77c3c882d9ab608add591ccace47a44?s=96&d=mm&r=g","contentUrl":"https:\/\/secure.gravatar.com\/avatar\/bab33852abfd8b282518d6ed81826833d77c3c882d9ab608add591ccace47a44?s=96&d=mm&r=g","caption":"Kuzeyin Sesi"},"sameAs":["https:\/\/kuzeyinsesi.org"],"url":"https:\/\/kuzeyinsesi.org\/index.php\/author\/guven\/"}]}},"_links":{"self":[{"href":"https:\/\/kuzeyinsesi.org\/index.php\/wp-json\/wp\/v2\/posts\/5467","targetHints":{"allow":["GET"]}}],"collection":[{"href":"https:\/\/kuzeyinsesi.org\/index.php\/wp-json\/wp\/v2\/posts"}],"about":[{"href":"https:\/\/kuzeyinsesi.org\/index.php\/wp-json\/wp\/v2\/types\/post"}],"author":[{"embeddable":true,"href":"https:\/\/kuzeyinsesi.org\/index.php\/wp-json\/wp\/v2\/users\/1"}],"replies":[{"embeddable":true,"href":"https:\/\/kuzeyinsesi.org\/index.php\/wp-json\/wp\/v2\/comments?post=5467"}],"version-history":[{"count":0,"href":"https:\/\/kuzeyinsesi.org\/index.php\/wp-json\/wp\/v2\/posts\/5467\/revisions"}],"wp:featuredmedia":[{"embeddable":true,"href":"https:\/\/kuzeyinsesi.org\/index.php\/wp-json\/wp\/v2\/media\/5468"}],"wp:attachment":[{"href":"https:\/\/kuzeyinsesi.org\/index.php\/wp-json\/wp\/v2\/media?parent=5467"}],"wp:term":[{"taxonomy":"category","embeddable":true,"href":"https:\/\/kuzeyinsesi.org\/index.php\/wp-json\/wp\/v2\/categories?post=5467"},{"taxonomy":"post_tag","embeddable":true,"href":"https:\/\/kuzeyinsesi.org\/index.php\/wp-json\/wp\/v2\/tags?post=5467"}],"curies":[{"name":"wp","href":"https:\/\/api.w.org\/{rel}","templated":true}]}}