{"id":5456,"date":"2024-06-28T12:31:21","date_gmt":"2024-06-28T09:31:21","guid":{"rendered":"https:\/\/kuzeyinsesi.com\/index.php\/2024\/06\/28\/iskele-festivali-bugun-basliyor\/"},"modified":"2024-06-28T12:31:21","modified_gmt":"2024-06-28T09:31:21","slug":"iskele-festivali-bugun-basliyor","status":"publish","type":"post","link":"https:\/\/kuzeyinsesi.org\/index.php\/2024\/06\/28\/iskele-festivali-bugun-basliyor\/","title":{"rendered":"\u0130skele Festivali bug\u00fcn ba\u015fl\u0131yor"},"content":{"rendered":"<div>\n<div class=\"mariselle-image-container center\">\n                                            <\/div>\n<p>Geleneksel \u0130skele Festivali, bug\u00fcn ba\u015fl\u0131yor. 10 g\u00fcn s\u00fcrecek Festival, 7 Temmuz\u2019da sona erecek.<\/p>\n<p>\u0130skele Belediyesi Bas\u0131n ve Yay\u0131n Birimi taraf\u0131ndan yap\u0131lan a\u00e7\u0131klamaya g\u00f6re, Larnaka Deniz Panay\u0131r\u0131 olarak ba\u015flayan ve 1974 sonras\u0131 \u0130skele\u2019ye ta\u015f\u0131nan Festival, be\u015f y\u0131l aradan sonra yeniden yap\u0131lacak.<\/p>\n<p>\u0130skele Ecevit Meydan\u0131\u2019nda yer alacak Festival\u2019de; halk danslar\u0131, Larnakal\u0131lar Gecesi, Karadenizliler Gecesi, \u0130skele Rallisi, Benon Dervi\u015fler Bisiklet Yar\u0131\u015fmas\u0131, Tenis Turnuvas\u0131, Minikler Hal\u0131 Saha Turnuvas\u0131, Sporting Yar\u0131\u015fmas\u0131, Satran\u00e7 Turnuvas\u0131, Darts Yar\u0131\u015fmas\u0131, \u0130skele Ok\u00e7uluk Yar\u0131\u015fmas\u0131, Ya\u011fl\u0131 Direk Bayrak Kapma ve  Dalma Yar\u0131\u015fmas\u0131, Tavla Turnuvas\u0131,  Olta ile Bal\u0131k Avlama Yar\u0131\u015fmas\u0131, K\u0131br\u0131s Mutfa\u011f\u0131ndan Lezzetler Yar\u0131\u015fmas\u0131, Geleneksel K\u0131br\u0131s T\u00fcrk Gecesi, Basketbol \u015e\u00f6leni ve \u00c7ocuk \u015eenli\u011fi yap\u0131lacak.<\/p>\n<p>-A\u00e7\u0131l\u0131\u015f konseri Edip Akbayram\u2019dan<\/p>\n<p>\u0130skele Festivali\u2019nin a\u00e7\u0131l\u0131\u015f konserini, bu gece Edip Akbayram verecek. T\u00fcm konserlerin \u00fccretsiz olaca\u011f\u0131 Festival\u2019de, yar\u0131n Grup Otantik,  3 Temmuz \u00c7ar\u015famba Mert Demir, 4 Temmuz Per\u015fembe Yahya ve \u0130brahim Kur\u015finiler, 5 Temmuz Cuma Sel\u00e7uk Balc\u0131 ve 7 Temmuz Pazar Simge Sa\u011f\u0131n da sahne alacak.<\/p>\n<\/p><\/div>\n<p><script async\n                    defer\n                    crossorigin=\"anonymous\"\n                    src=\"https:\/\/connect.facebook.net\/tr_TR\/sdk.js#xfbml=1&#038;version=v3.3\"\n            ><\/script><\/p>\n","protected":false},"excerpt":{"rendered":"<p>Geleneksel \u0130skele Festivali, bug\u00fcn ba\u015fl\u0131yor. 10 g\u00fcn s\u00fcrecek Festival, 7 Temmuz\u2019da sona erecek. \u0130skele Belediyesi Bas\u0131n ve Yay\u0131n Birimi taraf\u0131ndan yap\u0131lan a\u00e7\u0131klamaya g\u00f6re, Larnaka Deniz Panay\u0131r\u0131 olarak ba\u015flayan ve 1974 sonras\u0131 \u0130skele\u2019ye ta\u015f\u0131nan Festival, be\u015f y\u0131l aradan sonra yeniden yap\u0131lacak. \u0130skele Ecevit Meydan\u0131\u2019nda yer alacak Festival\u2019de; halk danslar\u0131, Larnakal\u0131lar Gecesi, Karadenizliler Gecesi, \u0130skele Rallisi, Benon [&hellip;]<\/p>\n","protected":false},"author":1,"featured_media":5457,"comment_status":"open","ping_status":"open","sticky":false,"template":"","format":"standard","meta":{"jnews-multi-image_gallery":[],"jnews_single_post":[],"jnews_primary_category":[],"jnews_social_meta":[],"jnews_override_counter":[],"footnotes":""},"categories":[6],"tags":[],"class_list":["post-5456","post","type-post","status-publish","format-standard","has-post-thumbnail","hentry","category-yasam"],"yoast_head":"<!-- This site is optimized with the Yoast SEO plugin v27.5 - https:\/\/yoast.com\/product\/yoast-seo-wordpress\/ -->\n<title>\u0130skele Festivali bug\u00fcn ba\u015fl\u0131yor - Kuzeyin Sesi<\/title>\n<meta name=\"robots\" content=\"index, follow, max-snippet:-1, max-image-preview:large, max-video-preview:-1\" \/>\n<link rel=\"canonical\" href=\"https:\/\/kuzeyinsesi.org\/index.php\/2024\/06\/28\/iskele-festivali-bugun-basliyor\/\" \/>\n<meta property=\"og:locale\" content=\"tr_TR\" \/>\n<meta property=\"og:type\" content=\"article\" \/>\n<meta property=\"og:title\" content=\"\u0130skele Festivali bug\u00fcn ba\u015fl\u0131yor - Kuzeyin Sesi\" \/>\n<meta property=\"og:description\" content=\"Geleneksel \u0130skele Festivali, bug\u00fcn ba\u015fl\u0131yor. 10 g\u00fcn s\u00fcrecek Festival, 7 Temmuz\u2019da sona erecek. \u0130skele Belediyesi Bas\u0131n ve Yay\u0131n Birimi taraf\u0131ndan yap\u0131lan a\u00e7\u0131klamaya g\u00f6re, Larnaka Deniz Panay\u0131r\u0131 olarak ba\u015flayan ve 1974 sonras\u0131 \u0130skele\u2019ye ta\u015f\u0131nan Festival, be\u015f y\u0131l aradan sonra yeniden yap\u0131lacak. \u0130skele Ecevit Meydan\u0131\u2019nda yer alacak Festival\u2019de; halk danslar\u0131, Larnakal\u0131lar Gecesi, Karadenizliler Gecesi, \u0130skele Rallisi, Benon [&hellip;]\" \/>\n<meta property=\"og:url\" content=\"https:\/\/kuzeyinsesi.org\/index.php\/2024\/06\/28\/iskele-festivali-bugun-basliyor\/\" \/>\n<meta property=\"og:site_name\" content=\"Kuzeyin Sesi\" \/>\n<meta property=\"article:publisher\" content=\"https:\/\/www.facebook.com\/kuzeyinsesii\" \/>\n<meta property=\"article:published_time\" content=\"2024-06-28T09:31:21+00:00\" \/>\n<meta property=\"og:image\" content=\"https:\/\/kuzeyinsesi.org\/wp-content\/uploads\/2024\/06\/iskele-fest.webp.webp\" \/>\n\t<meta property=\"og:image:width\" content=\"1280\" \/>\n\t<meta property=\"og:image:height\" content=\"720\" \/>\n\t<meta property=\"og:image:type\" content=\"image\/webp\" \/>\n<meta name=\"author\" content=\"Kuzeyin Sesi\" \/>\n<meta name=\"twitter:card\" content=\"summary_large_image\" \/>\n<meta name=\"twitter:creator\" content=\"@kuzeyinsesii\" \/>\n<meta name=\"twitter:site\" content=\"@kuzeyinsesii\" \/>\n<meta name=\"twitter:label1\" content=\"Yazan:\" \/>\n\t<meta name=\"twitter:data1\" content=\"Kuzeyin Sesi\" \/>\n\t<meta name=\"twitter:label2\" content=\"Tahmini okuma s\u00fcresi\" \/>\n\t<meta name=\"twitter:data2\" content=\"1 dakika\" \/>\n<script type=\"application\/ld+json\" class=\"yoast-schema-graph\">{\"@context\":\"https:\\\/\\\/schema.org\",\"@graph\":[{\"@type\":\"Article\",\"@id\":\"https:\\\/\\\/kuzeyinsesi.org\\\/index.php\\\/2024\\\/06\\\/28\\\/iskele-festivali-bugun-basliyor\\\/#article\",\"isPartOf\":{\"@id\":\"https:\\\/\\\/kuzeyinsesi.org\\\/index.php\\\/2024\\\/06\\\/28\\\/iskele-festivali-bugun-basliyor\\\/\"},\"author\":{\"name\":\"Kuzeyin Sesi\",\"@id\":\"https:\\\/\\\/kuzeyinsesi.org\\\/#\\\/schema\\\/person\\\/9f859689cdf01485597712386e37f5aa\"},\"headline\":\"\u0130skele Festivali bug\u00fcn ba\u015fl\u0131yor\",\"datePublished\":\"2024-06-28T09:31:21+00:00\",\"mainEntityOfPage\":{\"@id\":\"https:\\\/\\\/kuzeyinsesi.org\\\/index.php\\\/2024\\\/06\\\/28\\\/iskele-festivali-bugun-basliyor\\\/\"},\"wordCount\":200,\"commentCount\":0,\"image\":{\"@id\":\"https:\\\/\\\/kuzeyinsesi.org\\\/index.php\\\/2024\\\/06\\\/28\\\/iskele-festivali-bugun-basliyor\\\/#primaryimage\"},\"thumbnailUrl\":\"https:\\\/\\\/kuzeyinsesi.org\\\/wp-content\\\/uploads\\\/2024\\\/06\\\/iskele-fest.webp.webp\",\"articleSection\":[\"Ya\u015fam\"],\"inLanguage\":\"tr\",\"potentialAction\":[{\"@type\":\"CommentAction\",\"name\":\"Comment\",\"target\":[\"https:\\\/\\\/kuzeyinsesi.org\\\/index.php\\\/2024\\\/06\\\/28\\\/iskele-festivali-bugun-basliyor\\\/#respond\"]}]},{\"@type\":\"WebPage\",\"@id\":\"https:\\\/\\\/kuzeyinsesi.org\\\/index.php\\\/2024\\\/06\\\/28\\\/iskele-festivali-bugun-basliyor\\\/\",\"url\":\"https:\\\/\\\/kuzeyinsesi.org\\\/index.php\\\/2024\\\/06\\\/28\\\/iskele-festivali-bugun-basliyor\\\/\",\"name\":\"\u0130skele Festivali bug\u00fcn ba\u015fl\u0131yor - Kuzeyin Sesi\",\"isPartOf\":{\"@id\":\"https:\\\/\\\/kuzeyinsesi.org\\\/#website\"},\"primaryImageOfPage\":{\"@id\":\"https:\\\/\\\/kuzeyinsesi.org\\\/index.php\\\/2024\\\/06\\\/28\\\/iskele-festivali-bugun-basliyor\\\/#primaryimage\"},\"image\":{\"@id\":\"https:\\\/\\\/kuzeyinsesi.org\\\/index.php\\\/2024\\\/06\\\/28\\\/iskele-festivali-bugun-basliyor\\\/#primaryimage\"},\"thumbnailUrl\":\"https:\\\/\\\/kuzeyinsesi.org\\\/wp-content\\\/uploads\\\/2024\\\/06\\\/iskele-fest.webp.webp\",\"datePublished\":\"2024-06-28T09:31:21+00:00\",\"author\":{\"@id\":\"https:\\\/\\\/kuzeyinsesi.org\\\/#\\\/schema\\\/person\\\/9f859689cdf01485597712386e37f5aa\"},\"breadcrumb\":{\"@id\":\"https:\\\/\\\/kuzeyinsesi.org\\\/index.php\\\/2024\\\/06\\\/28\\\/iskele-festivali-bugun-basliyor\\\/#breadcrumb\"},\"inLanguage\":\"tr\",\"potentialAction\":[{\"@type\":\"ReadAction\",\"target\":[\"https:\\\/\\\/kuzeyinsesi.org\\\/index.php\\\/2024\\\/06\\\/28\\\/iskele-festivali-bugun-basliyor\\\/\"]}]},{\"@type\":\"ImageObject\",\"inLanguage\":\"tr\",\"@id\":\"https:\\\/\\\/kuzeyinsesi.org\\\/index.php\\\/2024\\\/06\\\/28\\\/iskele-festivali-bugun-basliyor\\\/#primaryimage\",\"url\":\"https:\\\/\\\/kuzeyinsesi.org\\\/wp-content\\\/uploads\\\/2024\\\/06\\\/iskele-fest.webp.webp\",\"contentUrl\":\"https:\\\/\\\/kuzeyinsesi.org\\\/wp-content\\\/uploads\\\/2024\\\/06\\\/iskele-fest.webp.webp\",\"width\":1280,\"height\":720},{\"@type\":\"BreadcrumbList\",\"@id\":\"https:\\\/\\\/kuzeyinsesi.org\\\/index.php\\\/2024\\\/06\\\/28\\\/iskele-festivali-bugun-basliyor\\\/#breadcrumb\",\"itemListElement\":[{\"@type\":\"ListItem\",\"position\":1,\"name\":\"Anasayfa\",\"item\":\"https:\\\/\\\/kuzeyinsesi.org\\\/\"},{\"@type\":\"ListItem\",\"position\":2,\"name\":\"\u0130skele Festivali bug\u00fcn ba\u015fl\u0131yor\"}]},{\"@type\":\"WebSite\",\"@id\":\"https:\\\/\\\/kuzeyinsesi.org\\\/#website\",\"url\":\"https:\\\/\\\/kuzeyinsesi.org\\\/\",\"name\":\"Kuzeyin Sesi\",\"description\":\"Do\u011fru Haberin Adresi\",\"potentialAction\":[{\"@type\":\"SearchAction\",\"target\":{\"@type\":\"EntryPoint\",\"urlTemplate\":\"https:\\\/\\\/kuzeyinsesi.org\\\/?s={search_term_string}\"},\"query-input\":{\"@type\":\"PropertyValueSpecification\",\"valueRequired\":true,\"valueName\":\"search_term_string\"}}],\"inLanguage\":\"tr\"},{\"@type\":\"Person\",\"@id\":\"https:\\\/\\\/kuzeyinsesi.org\\\/#\\\/schema\\\/person\\\/9f859689cdf01485597712386e37f5aa\",\"name\":\"Kuzeyin Sesi\",\"image\":{\"@type\":\"ImageObject\",\"inLanguage\":\"tr\",\"@id\":\"https:\\\/\\\/secure.gravatar.com\\\/avatar\\\/bab33852abfd8b282518d6ed81826833d77c3c882d9ab608add591ccace47a44?s=96&d=mm&r=g\",\"url\":\"https:\\\/\\\/secure.gravatar.com\\\/avatar\\\/bab33852abfd8b282518d6ed81826833d77c3c882d9ab608add591ccace47a44?s=96&d=mm&r=g\",\"contentUrl\":\"https:\\\/\\\/secure.gravatar.com\\\/avatar\\\/bab33852abfd8b282518d6ed81826833d77c3c882d9ab608add591ccace47a44?s=96&d=mm&r=g\",\"caption\":\"Kuzeyin Sesi\"},\"sameAs\":[\"https:\\\/\\\/kuzeyinsesi.org\"],\"url\":\"https:\\\/\\\/kuzeyinsesi.org\\\/index.php\\\/author\\\/guven\\\/\"}]}<\/script>\n<!-- \/ Yoast SEO plugin. -->","yoast_head_json":{"title":"\u0130skele Festivali bug\u00fcn ba\u015fl\u0131yor - Kuzeyin Sesi","robots":{"index":"index","follow":"follow","max-snippet":"max-snippet:-1","max-image-preview":"max-image-preview:large","max-video-preview":"max-video-preview:-1"},"canonical":"https:\/\/kuzeyinsesi.org\/index.php\/2024\/06\/28\/iskele-festivali-bugun-basliyor\/","og_locale":"tr_TR","og_type":"article","og_title":"\u0130skele Festivali bug\u00fcn ba\u015fl\u0131yor - Kuzeyin Sesi","og_description":"Geleneksel \u0130skele Festivali, bug\u00fcn ba\u015fl\u0131yor. 10 g\u00fcn s\u00fcrecek Festival, 7 Temmuz\u2019da sona erecek. \u0130skele Belediyesi Bas\u0131n ve Yay\u0131n Birimi taraf\u0131ndan yap\u0131lan a\u00e7\u0131klamaya g\u00f6re, Larnaka Deniz Panay\u0131r\u0131 olarak ba\u015flayan ve 1974 sonras\u0131 \u0130skele\u2019ye ta\u015f\u0131nan Festival, be\u015f y\u0131l aradan sonra yeniden yap\u0131lacak. \u0130skele Ecevit Meydan\u0131\u2019nda yer alacak Festival\u2019de; halk danslar\u0131, Larnakal\u0131lar Gecesi, Karadenizliler Gecesi, \u0130skele Rallisi, Benon [&hellip;]","og_url":"https:\/\/kuzeyinsesi.org\/index.php\/2024\/06\/28\/iskele-festivali-bugun-basliyor\/","og_site_name":"Kuzeyin Sesi","article_publisher":"https:\/\/www.facebook.com\/kuzeyinsesii","article_published_time":"2024-06-28T09:31:21+00:00","og_image":[{"width":1280,"height":720,"url":"https:\/\/kuzeyinsesi.org\/wp-content\/uploads\/2024\/06\/iskele-fest.webp.webp","type":"image\/webp"}],"author":"Kuzeyin Sesi","twitter_card":"summary_large_image","twitter_creator":"@kuzeyinsesii","twitter_site":"@kuzeyinsesii","twitter_misc":{"Yazan:":"Kuzeyin Sesi","Tahmini okuma s\u00fcresi":"1 dakika"},"schema":{"@context":"https:\/\/schema.org","@graph":[{"@type":"Article","@id":"https:\/\/kuzeyinsesi.org\/index.php\/2024\/06\/28\/iskele-festivali-bugun-basliyor\/#article","isPartOf":{"@id":"https:\/\/kuzeyinsesi.org\/index.php\/2024\/06\/28\/iskele-festivali-bugun-basliyor\/"},"author":{"name":"Kuzeyin Sesi","@id":"https:\/\/kuzeyinsesi.org\/#\/schema\/person\/9f859689cdf01485597712386e37f5aa"},"headline":"\u0130skele Festivali bug\u00fcn ba\u015fl\u0131yor","datePublished":"2024-06-28T09:31:21+00:00","mainEntityOfPage":{"@id":"https:\/\/kuzeyinsesi.org\/index.php\/2024\/06\/28\/iskele-festivali-bugun-basliyor\/"},"wordCount":200,"commentCount":0,"image":{"@id":"https:\/\/kuzeyinsesi.org\/index.php\/2024\/06\/28\/iskele-festivali-bugun-basliyor\/#primaryimage"},"thumbnailUrl":"https:\/\/kuzeyinsesi.org\/wp-content\/uploads\/2024\/06\/iskele-fest.webp.webp","articleSection":["Ya\u015fam"],"inLanguage":"tr","potentialAction":[{"@type":"CommentAction","name":"Comment","target":["https:\/\/kuzeyinsesi.org\/index.php\/2024\/06\/28\/iskele-festivali-bugun-basliyor\/#respond"]}]},{"@type":"WebPage","@id":"https:\/\/kuzeyinsesi.org\/index.php\/2024\/06\/28\/iskele-festivali-bugun-basliyor\/","url":"https:\/\/kuzeyinsesi.org\/index.php\/2024\/06\/28\/iskele-festivali-bugun-basliyor\/","name":"\u0130skele Festivali bug\u00fcn ba\u015fl\u0131yor - Kuzeyin Sesi","isPartOf":{"@id":"https:\/\/kuzeyinsesi.org\/#website"},"primaryImageOfPage":{"@id":"https:\/\/kuzeyinsesi.org\/index.php\/2024\/06\/28\/iskele-festivali-bugun-basliyor\/#primaryimage"},"image":{"@id":"https:\/\/kuzeyinsesi.org\/index.php\/2024\/06\/28\/iskele-festivali-bugun-basliyor\/#primaryimage"},"thumbnailUrl":"https:\/\/kuzeyinsesi.org\/wp-content\/uploads\/2024\/06\/iskele-fest.webp.webp","datePublished":"2024-06-28T09:31:21+00:00","author":{"@id":"https:\/\/kuzeyinsesi.org\/#\/schema\/person\/9f859689cdf01485597712386e37f5aa"},"breadcrumb":{"@id":"https:\/\/kuzeyinsesi.org\/index.php\/2024\/06\/28\/iskele-festivali-bugun-basliyor\/#breadcrumb"},"inLanguage":"tr","potentialAction":[{"@type":"ReadAction","target":["https:\/\/kuzeyinsesi.org\/index.php\/2024\/06\/28\/iskele-festivali-bugun-basliyor\/"]}]},{"@type":"ImageObject","inLanguage":"tr","@id":"https:\/\/kuzeyinsesi.org\/index.php\/2024\/06\/28\/iskele-festivali-bugun-basliyor\/#primaryimage","url":"https:\/\/kuzeyinsesi.org\/wp-content\/uploads\/2024\/06\/iskele-fest.webp.webp","contentUrl":"https:\/\/kuzeyinsesi.org\/wp-content\/uploads\/2024\/06\/iskele-fest.webp.webp","width":1280,"height":720},{"@type":"BreadcrumbList","@id":"https:\/\/kuzeyinsesi.org\/index.php\/2024\/06\/28\/iskele-festivali-bugun-basliyor\/#breadcrumb","itemListElement":[{"@type":"ListItem","position":1,"name":"Anasayfa","item":"https:\/\/kuzeyinsesi.org\/"},{"@type":"ListItem","position":2,"name":"\u0130skele Festivali bug\u00fcn ba\u015fl\u0131yor"}]},{"@type":"WebSite","@id":"https:\/\/kuzeyinsesi.org\/#website","url":"https:\/\/kuzeyinsesi.org\/","name":"Kuzeyin Sesi","description":"Do\u011fru Haberin Adresi","potentialAction":[{"@type":"SearchAction","target":{"@type":"EntryPoint","urlTemplate":"https:\/\/kuzeyinsesi.org\/?s={search_term_string}"},"query-input":{"@type":"PropertyValueSpecification","valueRequired":true,"valueName":"search_term_string"}}],"inLanguage":"tr"},{"@type":"Person","@id":"https:\/\/kuzeyinsesi.org\/#\/schema\/person\/9f859689cdf01485597712386e37f5aa","name":"Kuzeyin Sesi","image":{"@type":"ImageObject","inLanguage":"tr","@id":"https:\/\/secure.gravatar.com\/avatar\/bab33852abfd8b282518d6ed81826833d77c3c882d9ab608add591ccace47a44?s=96&d=mm&r=g","url":"https:\/\/secure.gravatar.com\/avatar\/bab33852abfd8b282518d6ed81826833d77c3c882d9ab608add591ccace47a44?s=96&d=mm&r=g","contentUrl":"https:\/\/secure.gravatar.com\/avatar\/bab33852abfd8b282518d6ed81826833d77c3c882d9ab608add591ccace47a44?s=96&d=mm&r=g","caption":"Kuzeyin Sesi"},"sameAs":["https:\/\/kuzeyinsesi.org"],"url":"https:\/\/kuzeyinsesi.org\/index.php\/author\/guven\/"}]}},"_links":{"self":[{"href":"https:\/\/kuzeyinsesi.org\/index.php\/wp-json\/wp\/v2\/posts\/5456","targetHints":{"allow":["GET"]}}],"collection":[{"href":"https:\/\/kuzeyinsesi.org\/index.php\/wp-json\/wp\/v2\/posts"}],"about":[{"href":"https:\/\/kuzeyinsesi.org\/index.php\/wp-json\/wp\/v2\/types\/post"}],"author":[{"embeddable":true,"href":"https:\/\/kuzeyinsesi.org\/index.php\/wp-json\/wp\/v2\/users\/1"}],"replies":[{"embeddable":true,"href":"https:\/\/kuzeyinsesi.org\/index.php\/wp-json\/wp\/v2\/comments?post=5456"}],"version-history":[{"count":0,"href":"https:\/\/kuzeyinsesi.org\/index.php\/wp-json\/wp\/v2\/posts\/5456\/revisions"}],"wp:featuredmedia":[{"embeddable":true,"href":"https:\/\/kuzeyinsesi.org\/index.php\/wp-json\/wp\/v2\/media\/5457"}],"wp:attachment":[{"href":"https:\/\/kuzeyinsesi.org\/index.php\/wp-json\/wp\/v2\/media?parent=5456"}],"wp:term":[{"taxonomy":"category","embeddable":true,"href":"https:\/\/kuzeyinsesi.org\/index.php\/wp-json\/wp\/v2\/categories?post=5456"},{"taxonomy":"post_tag","embeddable":true,"href":"https:\/\/kuzeyinsesi.org\/index.php\/wp-json\/wp\/v2\/tags?post=5456"}],"curies":[{"name":"wp","href":"https:\/\/api.w.org\/{rel}","templated":true}]}}