{"id":5421,"date":"2024-06-27T18:00:35","date_gmt":"2024-06-27T15:00:35","guid":{"rendered":"https:\/\/kuzeyinsesi.com\/index.php\/2024\/06\/27\/miss-kuzey-kibris-ve-bay-kuzey-kibris-yarismalari-16-agustosta-yapiliyor\/"},"modified":"2024-06-27T18:00:35","modified_gmt":"2024-06-27T15:00:35","slug":"miss-kuzey-kibris-ve-bay-kuzey-kibris-yarismalari-16-agustosta-yapiliyor","status":"publish","type":"post","link":"https:\/\/kuzeyinsesi.org\/index.php\/2024\/06\/27\/miss-kuzey-kibris-ve-bay-kuzey-kibris-yarismalari-16-agustosta-yapiliyor\/","title":{"rendered":"Miss Kuzey K\u0131br\u0131s ve Bay Kuzey K\u0131br\u0131s yar\u0131\u015fmalar\u0131 16 A\u011fustos\u2019ta yap\u0131l\u0131yor"},"content":{"rendered":"<div>\n<div class=\"mariselle-image-container center\">\n                                            <\/div>\n<p>37\u2019inci Miss Kuzey K\u0131br\u0131s G\u00fczellik Yar\u0131\u015fmas\u0131 2024 ve 26\u2019\u0131nc\u0131 Bay Kuzey K\u0131br\u0131s 2024 yar\u0131\u015fmalar\u0131 ger\u00e7ekle\u015ftiriliyor.<\/p>\n<p>Yar\u0131\u015fma i\u00e7in ba\u015fvurular 26 Temmuz\u2019a kadar devam edecek.<\/p>\n<p>2000-2006 do\u011fumlu ve KKTC Kimlik Kart\u0131 sahibi K\u0131zlar\u0131n ba\u015fvuru yapabilece\u011fi Miss Kuzey K\u0131br\u0131s yar\u0131\u015fman\u0131n \u00f6n elemeleri de 26 Temmuz\u2019da yap\u0131lacak.<\/p>\n<p>2000-2006 do\u011fumlu KKTC Kimlik Kart\u0131 sahibi, en az 1.80 boyunda ve en az lise mezunu  \u2018Bay\u2019 adaylar\u0131n ba\u015fvurabilece\u011fi Bay Kuzey K\u0131br\u0131s Yar\u0131\u015fmas\u0131\u2019nda da son ba\u015fvuru ve \u00f6n eleme tarihi de 26 Temmuz olarak belirlendi.<\/p>\n<p>G\u00fcnkut Ajans Organizasyonu\u2019nda ger\u00e7ekle\u015fecek olan 37.Miss Kuzey K\u0131br\u0131s ve 26. Bay Kuzey K\u0131br\u0131s Yar\u0131\u015fmalar\u0131 bu y\u0131l, \u201cAnlaml\u0131 ve Ama\u00e7l\u0131 G\u00fczellik\u201d misyonu ile The Ark\u0131n \u0130skele Otel\u2019de 16 A\u011fustos\u2019ta yap\u0131lacak.<\/p>\n<p>Ta\u00e7 giyme gala gecesinin giri\u015f davetiyelerinin t\u00fcm geliri Kanser Hastalar\u0131na Yard\u0131m Derne\u011fi\u2019ne ba\u011f\u0131\u015flanacak.<\/p>\n<p>Gala gecesi BRT\u2019den canl\u0131 olarak yay\u0131nlanacak.<\/p>\n<\/p><\/div>\n<p><script async\n                    defer\n                    crossorigin=\"anonymous\"\n                    src=\"https:\/\/connect.facebook.net\/tr_TR\/sdk.js#xfbml=1&#038;version=v3.3\"\n            ><\/script><\/p>\n","protected":false},"excerpt":{"rendered":"<p>37\u2019inci Miss Kuzey K\u0131br\u0131s G\u00fczellik Yar\u0131\u015fmas\u0131 2024 ve 26\u2019\u0131nc\u0131 Bay Kuzey K\u0131br\u0131s 2024 yar\u0131\u015fmalar\u0131 ger\u00e7ekle\u015ftiriliyor. Yar\u0131\u015fma i\u00e7in ba\u015fvurular 26 Temmuz\u2019a kadar devam edecek. 2000-2006 do\u011fumlu ve KKTC Kimlik Kart\u0131 sahibi K\u0131zlar\u0131n ba\u015fvuru yapabilece\u011fi Miss Kuzey K\u0131br\u0131s yar\u0131\u015fman\u0131n \u00f6n elemeleri de 26 Temmuz\u2019da yap\u0131lacak. 2000-2006 do\u011fumlu KKTC Kimlik Kart\u0131 sahibi, en az 1.80 boyunda ve en [&hellip;]<\/p>\n","protected":false},"author":1,"featured_media":5422,"comment_status":"open","ping_status":"open","sticky":false,"template":"","format":"standard","meta":{"jnews-multi-image_gallery":[],"jnews_single_post":[],"jnews_primary_category":[],"jnews_social_meta":[],"jnews_override_counter":[],"footnotes":""},"categories":[6],"tags":[],"class_list":["post-5421","post","type-post","status-publish","format-standard","has-post-thumbnail","hentry","category-yasam"],"yoast_head":"<!-- This site is optimized with the Yoast SEO plugin v27.5 - https:\/\/yoast.com\/product\/yoast-seo-wordpress\/ -->\n<title>Miss Kuzey K\u0131br\u0131s ve Bay Kuzey K\u0131br\u0131s yar\u0131\u015fmalar\u0131 16 A\u011fustos\u2019ta yap\u0131l\u0131yor - Kuzeyin Sesi<\/title>\n<meta name=\"robots\" content=\"index, follow, max-snippet:-1, max-image-preview:large, max-video-preview:-1\" \/>\n<link rel=\"canonical\" href=\"https:\/\/kuzeyinsesi.org\/index.php\/2024\/06\/27\/miss-kuzey-kibris-ve-bay-kuzey-kibris-yarismalari-16-agustosta-yapiliyor\/\" \/>\n<meta property=\"og:locale\" content=\"tr_TR\" \/>\n<meta property=\"og:type\" content=\"article\" \/>\n<meta property=\"og:title\" content=\"Miss Kuzey K\u0131br\u0131s ve Bay Kuzey K\u0131br\u0131s yar\u0131\u015fmalar\u0131 16 A\u011fustos\u2019ta yap\u0131l\u0131yor - Kuzeyin Sesi\" \/>\n<meta property=\"og:description\" content=\"37\u2019inci Miss Kuzey K\u0131br\u0131s G\u00fczellik Yar\u0131\u015fmas\u0131 2024 ve 26\u2019\u0131nc\u0131 Bay Kuzey K\u0131br\u0131s 2024 yar\u0131\u015fmalar\u0131 ger\u00e7ekle\u015ftiriliyor. Yar\u0131\u015fma i\u00e7in ba\u015fvurular 26 Temmuz\u2019a kadar devam edecek. 2000-2006 do\u011fumlu ve KKTC Kimlik Kart\u0131 sahibi K\u0131zlar\u0131n ba\u015fvuru yapabilece\u011fi Miss Kuzey K\u0131br\u0131s yar\u0131\u015fman\u0131n \u00f6n elemeleri de 26 Temmuz\u2019da yap\u0131lacak. 2000-2006 do\u011fumlu KKTC Kimlik Kart\u0131 sahibi, en az 1.80 boyunda ve en [&hellip;]\" \/>\n<meta property=\"og:url\" content=\"https:\/\/kuzeyinsesi.org\/index.php\/2024\/06\/27\/miss-kuzey-kibris-ve-bay-kuzey-kibris-yarismalari-16-agustosta-yapiliyor\/\" \/>\n<meta property=\"og:site_name\" content=\"Kuzeyin Sesi\" \/>\n<meta property=\"article:publisher\" content=\"https:\/\/www.facebook.com\/kuzeyinsesii\" \/>\n<meta property=\"article:published_time\" content=\"2024-06-27T15:00:35+00:00\" \/>\n<meta property=\"og:image\" content=\"https:\/\/kuzeyinsesi.org\/wp-content\/uploads\/2024\/06\/Screenshot_20240627_174607_Facebook.jpg\" \/>\n\t<meta property=\"og:image:width\" content=\"984\" \/>\n\t<meta property=\"og:image:height\" content=\"554\" \/>\n\t<meta property=\"og:image:type\" content=\"image\/jpeg\" \/>\n<meta name=\"author\" content=\"Kuzeyin Sesi\" \/>\n<meta name=\"twitter:card\" content=\"summary_large_image\" \/>\n<meta name=\"twitter:creator\" content=\"@kuzeyinsesii\" \/>\n<meta name=\"twitter:site\" content=\"@kuzeyinsesii\" \/>\n<meta name=\"twitter:label1\" content=\"Yazan:\" \/>\n\t<meta name=\"twitter:data1\" content=\"Kuzeyin Sesi\" \/>\n\t<meta name=\"twitter:label2\" content=\"Tahmini okuma s\u00fcresi\" \/>\n\t<meta name=\"twitter:data2\" content=\"1 dakika\" \/>\n<script type=\"application\/ld+json\" class=\"yoast-schema-graph\">{\"@context\":\"https:\\\/\\\/schema.org\",\"@graph\":[{\"@type\":\"Article\",\"@id\":\"https:\\\/\\\/kuzeyinsesi.org\\\/index.php\\\/2024\\\/06\\\/27\\\/miss-kuzey-kibris-ve-bay-kuzey-kibris-yarismalari-16-agustosta-yapiliyor\\\/#article\",\"isPartOf\":{\"@id\":\"https:\\\/\\\/kuzeyinsesi.org\\\/index.php\\\/2024\\\/06\\\/27\\\/miss-kuzey-kibris-ve-bay-kuzey-kibris-yarismalari-16-agustosta-yapiliyor\\\/\"},\"author\":{\"name\":\"Kuzeyin Sesi\",\"@id\":\"https:\\\/\\\/kuzeyinsesi.org\\\/#\\\/schema\\\/person\\\/9f859689cdf01485597712386e37f5aa\"},\"headline\":\"Miss Kuzey K\u0131br\u0131s ve Bay Kuzey K\u0131br\u0131s yar\u0131\u015fmalar\u0131 16 A\u011fustos\u2019ta yap\u0131l\u0131yor\",\"datePublished\":\"2024-06-27T15:00:35+00:00\",\"mainEntityOfPage\":{\"@id\":\"https:\\\/\\\/kuzeyinsesi.org\\\/index.php\\\/2024\\\/06\\\/27\\\/miss-kuzey-kibris-ve-bay-kuzey-kibris-yarismalari-16-agustosta-yapiliyor\\\/\"},\"wordCount\":194,\"commentCount\":0,\"image\":{\"@id\":\"https:\\\/\\\/kuzeyinsesi.org\\\/index.php\\\/2024\\\/06\\\/27\\\/miss-kuzey-kibris-ve-bay-kuzey-kibris-yarismalari-16-agustosta-yapiliyor\\\/#primaryimage\"},\"thumbnailUrl\":\"https:\\\/\\\/kuzeyinsesi.org\\\/wp-content\\\/uploads\\\/2024\\\/06\\\/Screenshot_20240627_174607_Facebook.jpg\",\"articleSection\":[\"Ya\u015fam\"],\"inLanguage\":\"tr\",\"potentialAction\":[{\"@type\":\"CommentAction\",\"name\":\"Comment\",\"target\":[\"https:\\\/\\\/kuzeyinsesi.org\\\/index.php\\\/2024\\\/06\\\/27\\\/miss-kuzey-kibris-ve-bay-kuzey-kibris-yarismalari-16-agustosta-yapiliyor\\\/#respond\"]}]},{\"@type\":\"WebPage\",\"@id\":\"https:\\\/\\\/kuzeyinsesi.org\\\/index.php\\\/2024\\\/06\\\/27\\\/miss-kuzey-kibris-ve-bay-kuzey-kibris-yarismalari-16-agustosta-yapiliyor\\\/\",\"url\":\"https:\\\/\\\/kuzeyinsesi.org\\\/index.php\\\/2024\\\/06\\\/27\\\/miss-kuzey-kibris-ve-bay-kuzey-kibris-yarismalari-16-agustosta-yapiliyor\\\/\",\"name\":\"Miss Kuzey K\u0131br\u0131s ve Bay Kuzey K\u0131br\u0131s yar\u0131\u015fmalar\u0131 16 A\u011fustos\u2019ta yap\u0131l\u0131yor - Kuzeyin Sesi\",\"isPartOf\":{\"@id\":\"https:\\\/\\\/kuzeyinsesi.org\\\/#website\"},\"primaryImageOfPage\":{\"@id\":\"https:\\\/\\\/kuzeyinsesi.org\\\/index.php\\\/2024\\\/06\\\/27\\\/miss-kuzey-kibris-ve-bay-kuzey-kibris-yarismalari-16-agustosta-yapiliyor\\\/#primaryimage\"},\"image\":{\"@id\":\"https:\\\/\\\/kuzeyinsesi.org\\\/index.php\\\/2024\\\/06\\\/27\\\/miss-kuzey-kibris-ve-bay-kuzey-kibris-yarismalari-16-agustosta-yapiliyor\\\/#primaryimage\"},\"thumbnailUrl\":\"https:\\\/\\\/kuzeyinsesi.org\\\/wp-content\\\/uploads\\\/2024\\\/06\\\/Screenshot_20240627_174607_Facebook.jpg\",\"datePublished\":\"2024-06-27T15:00:35+00:00\",\"author\":{\"@id\":\"https:\\\/\\\/kuzeyinsesi.org\\\/#\\\/schema\\\/person\\\/9f859689cdf01485597712386e37f5aa\"},\"breadcrumb\":{\"@id\":\"https:\\\/\\\/kuzeyinsesi.org\\\/index.php\\\/2024\\\/06\\\/27\\\/miss-kuzey-kibris-ve-bay-kuzey-kibris-yarismalari-16-agustosta-yapiliyor\\\/#breadcrumb\"},\"inLanguage\":\"tr\",\"potentialAction\":[{\"@type\":\"ReadAction\",\"target\":[\"https:\\\/\\\/kuzeyinsesi.org\\\/index.php\\\/2024\\\/06\\\/27\\\/miss-kuzey-kibris-ve-bay-kuzey-kibris-yarismalari-16-agustosta-yapiliyor\\\/\"]}]},{\"@type\":\"ImageObject\",\"inLanguage\":\"tr\",\"@id\":\"https:\\\/\\\/kuzeyinsesi.org\\\/index.php\\\/2024\\\/06\\\/27\\\/miss-kuzey-kibris-ve-bay-kuzey-kibris-yarismalari-16-agustosta-yapiliyor\\\/#primaryimage\",\"url\":\"https:\\\/\\\/kuzeyinsesi.org\\\/wp-content\\\/uploads\\\/2024\\\/06\\\/Screenshot_20240627_174607_Facebook.jpg\",\"contentUrl\":\"https:\\\/\\\/kuzeyinsesi.org\\\/wp-content\\\/uploads\\\/2024\\\/06\\\/Screenshot_20240627_174607_Facebook.jpg\",\"width\":984,\"height\":554},{\"@type\":\"BreadcrumbList\",\"@id\":\"https:\\\/\\\/kuzeyinsesi.org\\\/index.php\\\/2024\\\/06\\\/27\\\/miss-kuzey-kibris-ve-bay-kuzey-kibris-yarismalari-16-agustosta-yapiliyor\\\/#breadcrumb\",\"itemListElement\":[{\"@type\":\"ListItem\",\"position\":1,\"name\":\"Anasayfa\",\"item\":\"https:\\\/\\\/kuzeyinsesi.org\\\/\"},{\"@type\":\"ListItem\",\"position\":2,\"name\":\"Miss Kuzey K\u0131br\u0131s ve Bay Kuzey K\u0131br\u0131s yar\u0131\u015fmalar\u0131 16 A\u011fustos\u2019ta yap\u0131l\u0131yor\"}]},{\"@type\":\"WebSite\",\"@id\":\"https:\\\/\\\/kuzeyinsesi.org\\\/#website\",\"url\":\"https:\\\/\\\/kuzeyinsesi.org\\\/\",\"name\":\"Kuzeyin Sesi\",\"description\":\"Do\u011fru Haberin Adresi\",\"potentialAction\":[{\"@type\":\"SearchAction\",\"target\":{\"@type\":\"EntryPoint\",\"urlTemplate\":\"https:\\\/\\\/kuzeyinsesi.org\\\/?s={search_term_string}\"},\"query-input\":{\"@type\":\"PropertyValueSpecification\",\"valueRequired\":true,\"valueName\":\"search_term_string\"}}],\"inLanguage\":\"tr\"},{\"@type\":\"Person\",\"@id\":\"https:\\\/\\\/kuzeyinsesi.org\\\/#\\\/schema\\\/person\\\/9f859689cdf01485597712386e37f5aa\",\"name\":\"Kuzeyin Sesi\",\"image\":{\"@type\":\"ImageObject\",\"inLanguage\":\"tr\",\"@id\":\"https:\\\/\\\/secure.gravatar.com\\\/avatar\\\/bab33852abfd8b282518d6ed81826833d77c3c882d9ab608add591ccace47a44?s=96&d=mm&r=g\",\"url\":\"https:\\\/\\\/secure.gravatar.com\\\/avatar\\\/bab33852abfd8b282518d6ed81826833d77c3c882d9ab608add591ccace47a44?s=96&d=mm&r=g\",\"contentUrl\":\"https:\\\/\\\/secure.gravatar.com\\\/avatar\\\/bab33852abfd8b282518d6ed81826833d77c3c882d9ab608add591ccace47a44?s=96&d=mm&r=g\",\"caption\":\"Kuzeyin Sesi\"},\"sameAs\":[\"https:\\\/\\\/kuzeyinsesi.org\"],\"url\":\"https:\\\/\\\/kuzeyinsesi.org\\\/index.php\\\/author\\\/guven\\\/\"}]}<\/script>\n<!-- \/ Yoast SEO plugin. -->","yoast_head_json":{"title":"Miss Kuzey K\u0131br\u0131s ve Bay Kuzey K\u0131br\u0131s yar\u0131\u015fmalar\u0131 16 A\u011fustos\u2019ta yap\u0131l\u0131yor - Kuzeyin Sesi","robots":{"index":"index","follow":"follow","max-snippet":"max-snippet:-1","max-image-preview":"max-image-preview:large","max-video-preview":"max-video-preview:-1"},"canonical":"https:\/\/kuzeyinsesi.org\/index.php\/2024\/06\/27\/miss-kuzey-kibris-ve-bay-kuzey-kibris-yarismalari-16-agustosta-yapiliyor\/","og_locale":"tr_TR","og_type":"article","og_title":"Miss Kuzey K\u0131br\u0131s ve Bay Kuzey K\u0131br\u0131s yar\u0131\u015fmalar\u0131 16 A\u011fustos\u2019ta yap\u0131l\u0131yor - Kuzeyin Sesi","og_description":"37\u2019inci Miss Kuzey K\u0131br\u0131s G\u00fczellik Yar\u0131\u015fmas\u0131 2024 ve 26\u2019\u0131nc\u0131 Bay Kuzey K\u0131br\u0131s 2024 yar\u0131\u015fmalar\u0131 ger\u00e7ekle\u015ftiriliyor. Yar\u0131\u015fma i\u00e7in ba\u015fvurular 26 Temmuz\u2019a kadar devam edecek. 2000-2006 do\u011fumlu ve KKTC Kimlik Kart\u0131 sahibi K\u0131zlar\u0131n ba\u015fvuru yapabilece\u011fi Miss Kuzey K\u0131br\u0131s yar\u0131\u015fman\u0131n \u00f6n elemeleri de 26 Temmuz\u2019da yap\u0131lacak. 2000-2006 do\u011fumlu KKTC Kimlik Kart\u0131 sahibi, en az 1.80 boyunda ve en [&hellip;]","og_url":"https:\/\/kuzeyinsesi.org\/index.php\/2024\/06\/27\/miss-kuzey-kibris-ve-bay-kuzey-kibris-yarismalari-16-agustosta-yapiliyor\/","og_site_name":"Kuzeyin Sesi","article_publisher":"https:\/\/www.facebook.com\/kuzeyinsesii","article_published_time":"2024-06-27T15:00:35+00:00","og_image":[{"width":984,"height":554,"url":"https:\/\/kuzeyinsesi.org\/wp-content\/uploads\/2024\/06\/Screenshot_20240627_174607_Facebook.jpg","type":"image\/jpeg"}],"author":"Kuzeyin Sesi","twitter_card":"summary_large_image","twitter_creator":"@kuzeyinsesii","twitter_site":"@kuzeyinsesii","twitter_misc":{"Yazan:":"Kuzeyin Sesi","Tahmini okuma s\u00fcresi":"1 dakika"},"schema":{"@context":"https:\/\/schema.org","@graph":[{"@type":"Article","@id":"https:\/\/kuzeyinsesi.org\/index.php\/2024\/06\/27\/miss-kuzey-kibris-ve-bay-kuzey-kibris-yarismalari-16-agustosta-yapiliyor\/#article","isPartOf":{"@id":"https:\/\/kuzeyinsesi.org\/index.php\/2024\/06\/27\/miss-kuzey-kibris-ve-bay-kuzey-kibris-yarismalari-16-agustosta-yapiliyor\/"},"author":{"name":"Kuzeyin Sesi","@id":"https:\/\/kuzeyinsesi.org\/#\/schema\/person\/9f859689cdf01485597712386e37f5aa"},"headline":"Miss Kuzey K\u0131br\u0131s ve Bay Kuzey K\u0131br\u0131s yar\u0131\u015fmalar\u0131 16 A\u011fustos\u2019ta yap\u0131l\u0131yor","datePublished":"2024-06-27T15:00:35+00:00","mainEntityOfPage":{"@id":"https:\/\/kuzeyinsesi.org\/index.php\/2024\/06\/27\/miss-kuzey-kibris-ve-bay-kuzey-kibris-yarismalari-16-agustosta-yapiliyor\/"},"wordCount":194,"commentCount":0,"image":{"@id":"https:\/\/kuzeyinsesi.org\/index.php\/2024\/06\/27\/miss-kuzey-kibris-ve-bay-kuzey-kibris-yarismalari-16-agustosta-yapiliyor\/#primaryimage"},"thumbnailUrl":"https:\/\/kuzeyinsesi.org\/wp-content\/uploads\/2024\/06\/Screenshot_20240627_174607_Facebook.jpg","articleSection":["Ya\u015fam"],"inLanguage":"tr","potentialAction":[{"@type":"CommentAction","name":"Comment","target":["https:\/\/kuzeyinsesi.org\/index.php\/2024\/06\/27\/miss-kuzey-kibris-ve-bay-kuzey-kibris-yarismalari-16-agustosta-yapiliyor\/#respond"]}]},{"@type":"WebPage","@id":"https:\/\/kuzeyinsesi.org\/index.php\/2024\/06\/27\/miss-kuzey-kibris-ve-bay-kuzey-kibris-yarismalari-16-agustosta-yapiliyor\/","url":"https:\/\/kuzeyinsesi.org\/index.php\/2024\/06\/27\/miss-kuzey-kibris-ve-bay-kuzey-kibris-yarismalari-16-agustosta-yapiliyor\/","name":"Miss Kuzey K\u0131br\u0131s ve Bay Kuzey K\u0131br\u0131s yar\u0131\u015fmalar\u0131 16 A\u011fustos\u2019ta yap\u0131l\u0131yor - Kuzeyin Sesi","isPartOf":{"@id":"https:\/\/kuzeyinsesi.org\/#website"},"primaryImageOfPage":{"@id":"https:\/\/kuzeyinsesi.org\/index.php\/2024\/06\/27\/miss-kuzey-kibris-ve-bay-kuzey-kibris-yarismalari-16-agustosta-yapiliyor\/#primaryimage"},"image":{"@id":"https:\/\/kuzeyinsesi.org\/index.php\/2024\/06\/27\/miss-kuzey-kibris-ve-bay-kuzey-kibris-yarismalari-16-agustosta-yapiliyor\/#primaryimage"},"thumbnailUrl":"https:\/\/kuzeyinsesi.org\/wp-content\/uploads\/2024\/06\/Screenshot_20240627_174607_Facebook.jpg","datePublished":"2024-06-27T15:00:35+00:00","author":{"@id":"https:\/\/kuzeyinsesi.org\/#\/schema\/person\/9f859689cdf01485597712386e37f5aa"},"breadcrumb":{"@id":"https:\/\/kuzeyinsesi.org\/index.php\/2024\/06\/27\/miss-kuzey-kibris-ve-bay-kuzey-kibris-yarismalari-16-agustosta-yapiliyor\/#breadcrumb"},"inLanguage":"tr","potentialAction":[{"@type":"ReadAction","target":["https:\/\/kuzeyinsesi.org\/index.php\/2024\/06\/27\/miss-kuzey-kibris-ve-bay-kuzey-kibris-yarismalari-16-agustosta-yapiliyor\/"]}]},{"@type":"ImageObject","inLanguage":"tr","@id":"https:\/\/kuzeyinsesi.org\/index.php\/2024\/06\/27\/miss-kuzey-kibris-ve-bay-kuzey-kibris-yarismalari-16-agustosta-yapiliyor\/#primaryimage","url":"https:\/\/kuzeyinsesi.org\/wp-content\/uploads\/2024\/06\/Screenshot_20240627_174607_Facebook.jpg","contentUrl":"https:\/\/kuzeyinsesi.org\/wp-content\/uploads\/2024\/06\/Screenshot_20240627_174607_Facebook.jpg","width":984,"height":554},{"@type":"BreadcrumbList","@id":"https:\/\/kuzeyinsesi.org\/index.php\/2024\/06\/27\/miss-kuzey-kibris-ve-bay-kuzey-kibris-yarismalari-16-agustosta-yapiliyor\/#breadcrumb","itemListElement":[{"@type":"ListItem","position":1,"name":"Anasayfa","item":"https:\/\/kuzeyinsesi.org\/"},{"@type":"ListItem","position":2,"name":"Miss Kuzey K\u0131br\u0131s ve Bay Kuzey K\u0131br\u0131s yar\u0131\u015fmalar\u0131 16 A\u011fustos\u2019ta yap\u0131l\u0131yor"}]},{"@type":"WebSite","@id":"https:\/\/kuzeyinsesi.org\/#website","url":"https:\/\/kuzeyinsesi.org\/","name":"Kuzeyin Sesi","description":"Do\u011fru Haberin Adresi","potentialAction":[{"@type":"SearchAction","target":{"@type":"EntryPoint","urlTemplate":"https:\/\/kuzeyinsesi.org\/?s={search_term_string}"},"query-input":{"@type":"PropertyValueSpecification","valueRequired":true,"valueName":"search_term_string"}}],"inLanguage":"tr"},{"@type":"Person","@id":"https:\/\/kuzeyinsesi.org\/#\/schema\/person\/9f859689cdf01485597712386e37f5aa","name":"Kuzeyin Sesi","image":{"@type":"ImageObject","inLanguage":"tr","@id":"https:\/\/secure.gravatar.com\/avatar\/bab33852abfd8b282518d6ed81826833d77c3c882d9ab608add591ccace47a44?s=96&d=mm&r=g","url":"https:\/\/secure.gravatar.com\/avatar\/bab33852abfd8b282518d6ed81826833d77c3c882d9ab608add591ccace47a44?s=96&d=mm&r=g","contentUrl":"https:\/\/secure.gravatar.com\/avatar\/bab33852abfd8b282518d6ed81826833d77c3c882d9ab608add591ccace47a44?s=96&d=mm&r=g","caption":"Kuzeyin Sesi"},"sameAs":["https:\/\/kuzeyinsesi.org"],"url":"https:\/\/kuzeyinsesi.org\/index.php\/author\/guven\/"}]}},"_links":{"self":[{"href":"https:\/\/kuzeyinsesi.org\/index.php\/wp-json\/wp\/v2\/posts\/5421","targetHints":{"allow":["GET"]}}],"collection":[{"href":"https:\/\/kuzeyinsesi.org\/index.php\/wp-json\/wp\/v2\/posts"}],"about":[{"href":"https:\/\/kuzeyinsesi.org\/index.php\/wp-json\/wp\/v2\/types\/post"}],"author":[{"embeddable":true,"href":"https:\/\/kuzeyinsesi.org\/index.php\/wp-json\/wp\/v2\/users\/1"}],"replies":[{"embeddable":true,"href":"https:\/\/kuzeyinsesi.org\/index.php\/wp-json\/wp\/v2\/comments?post=5421"}],"version-history":[{"count":0,"href":"https:\/\/kuzeyinsesi.org\/index.php\/wp-json\/wp\/v2\/posts\/5421\/revisions"}],"wp:featuredmedia":[{"embeddable":true,"href":"https:\/\/kuzeyinsesi.org\/index.php\/wp-json\/wp\/v2\/media\/5422"}],"wp:attachment":[{"href":"https:\/\/kuzeyinsesi.org\/index.php\/wp-json\/wp\/v2\/media?parent=5421"}],"wp:term":[{"taxonomy":"category","embeddable":true,"href":"https:\/\/kuzeyinsesi.org\/index.php\/wp-json\/wp\/v2\/categories?post=5421"},{"taxonomy":"post_tag","embeddable":true,"href":"https:\/\/kuzeyinsesi.org\/index.php\/wp-json\/wp\/v2\/tags?post=5421"}],"curies":[{"name":"wp","href":"https:\/\/api.w.org\/{rel}","templated":true}]}}