{"id":5387,"date":"2024-06-27T11:52:24","date_gmt":"2024-06-27T08:52:24","guid":{"rendered":"https:\/\/kuzeyinsesi.com\/index.php\/2024\/06\/27\/koderin-hazirladigi-sevilay-sadikoglu-belgeseli-dun-aksam-gosterildi\/"},"modified":"2024-06-27T11:52:24","modified_gmt":"2024-06-27T08:52:24","slug":"koderin-hazirladigi-sevilay-sadikoglu-belgeseli-dun-aksam-gosterildi","status":"publish","type":"post","link":"https:\/\/kuzeyinsesi.org\/index.php\/2024\/06\/27\/koderin-hazirladigi-sevilay-sadikoglu-belgeseli-dun-aksam-gosterildi\/","title":{"rendered":"K\u00d6DER\u2019in haz\u0131rlad\u0131\u011f\u0131 Sevilay Sad\u0131ko\u011flu belgeseli d\u00fcn ak\u015fam g\u00f6sterildi"},"content":{"rendered":"<div>\n<div class=\"mariselle-image-container none\">\n                                            <\/div>\n<p style=\"font-weight: 300;\">\u201cSevilay Sad\u0131ko\u011flu Belgeseli\u201dnin galas\u0131 d\u00fcn ak\u015fam Lefko\u015fa\u2019da yap\u0131ld\u0131. K\u0131br\u0131s Kad\u0131n \u00d6yk\u00fcleri Derne\u011fi (K\u00d6DER) taraf\u0131ndan \u201chayata deg\u0306er katan kad\u0131nlar\u201d slogan\u0131yla yapt\u0131\u011f\u0131 belgesellerin 22\u2019ncisi olan yap\u0131m\u0131n Atat\u00fcrk K\u00fclt\u00fcr Merkezi\u2019ndeki galas\u0131 saat 18.30\u2019da ba\u015flad\u0131.<\/p>\n<p style=\"font-weight: 300;\">K\u00d6DER\u2019den verilen bilgiye g\u00f6re, \u015fair kimli\u011fiyle sanat alan\u0131ndaki sayg\u0131n ki\u015filerden birisi olan Sevilay Sad\u0131ko\u011flu\u2019nun hayat\u0131n\u0131 anlatan belgeselin galas\u0131na Cumhurba\u015fkan\u0131 Ersin Tatar, Meclis Ba\u015fkan Yard\u0131mc\u0131s\u0131 Fazilet \u00d6zdenefe, baz\u0131 kad\u0131n milletvekilleri, eski Ba\u015fbakan ve Meclis Ba\u015fkan\u0131 Sibel Siber, baz\u0131 dernek ba\u015fkanlar\u0131 ve Sevilay Sad\u0131ko\u011flu\u2019nun ailesi, meslekta\u015flar\u0131 ve sevenleri kat\u0131ld\u0131.<\/p>\n<p style=\"font-weight: 300;\">Fatma \u00d6zok moderat\u00f6rl\u00fc\u011f\u00fcnde gazeteci Nezire G\u00fcrkan ve TV programc\u0131s\u0131 Damla Dabi\u015f \u00d6zel\u2019in kat\u0131l\u0131m\u0131yla belgesel ve Sad\u0131ko\u011flu\u2019yla ilgili k\u0131sa bir sohbetin ard\u0131ndan belgesel g\u00f6sterimi yap\u0131ld\u0131. G\u00f6sterim sonras\u0131nda Meclis Ba\u015fkan Yard\u0131mc\u0131s\u0131 Fazilet \u00d6zdenefe ve K\u00d6DER Ba\u015fkan\u0131 \u015eenay Ekingen, Sevilay Sad\u0131ko\u011flu\u2019na te\u015fekk\u00fcr belgesi ve \u00e7i\u00e7ek takdim etti.<\/p>\n<p style=\"font-weight: 300;\"><strong>-Sad\u0131ko\u011flu: \u201cBu anlaml\u0131 belgeseli \u00e7eken K\u00d6DER\u2019e \u00e7ok te\u015fekk\u00fcrler. Bu t\u00fcr belgesellerin s\u00fcrmesi \u00e7ok \u00f6nemli\u201d<\/strong><\/p>\n<p style=\"font-weight: 300;\">Sevilay Sad\u0131ko\u011flu yapt\u0131\u011f\u0131 konu\u015fmada, bu gecenin kendisi i\u00e7in anlam\u0131n\u0131n b\u00fcy\u00fck oldu\u011funu s\u00f6yledi. Sad\u0131ko\u011flu, \u00e7ok duygu dolu bir etkinli\u011fe imza atan K\u00d6DER y\u00f6netimini de kutlad\u0131.<\/p>\n<p style=\"font-weight: 300;\">S\u0131cak yaz g\u00fcn\u00fcnde galaya gelerek, tevazu g\u00f6steren de\u011ferli kat\u0131l\u0131mc\u0131lara da te\u015fekk\u00fcr eden Sad\u0131ko\u011flu, topluma \u0131\u015f\u0131k tutan ve kad\u0131n de\u011ferleri toplumla bulu\u015fturan bu t\u00fcr belgesellerin devam\u0131n\u0131n \u00f6nemine dikkat \u00e7ekti.<\/p>\n<p>\u00a0<\/p>\n<\/p><\/div>\n<p><script async\n                    defer\n                    crossorigin=\"anonymous\"\n                    src=\"https:\/\/connect.facebook.net\/tr_TR\/sdk.js#xfbml=1&#038;version=v3.3\"\n            ><\/script><\/p>\n","protected":false},"excerpt":{"rendered":"<p>\u201cSevilay Sad\u0131ko\u011flu Belgeseli\u201dnin galas\u0131 d\u00fcn ak\u015fam Lefko\u015fa\u2019da yap\u0131ld\u0131. K\u0131br\u0131s Kad\u0131n \u00d6yk\u00fcleri Derne\u011fi (K\u00d6DER) taraf\u0131ndan \u201chayata deg\u0306er katan kad\u0131nlar\u201d slogan\u0131yla yapt\u0131\u011f\u0131 belgesellerin 22\u2019ncisi olan yap\u0131m\u0131n Atat\u00fcrk K\u00fclt\u00fcr Merkezi\u2019ndeki galas\u0131 saat 18.30\u2019da ba\u015flad\u0131. K\u00d6DER\u2019den verilen bilgiye g\u00f6re, \u015fair kimli\u011fiyle sanat alan\u0131ndaki sayg\u0131n ki\u015filerden birisi olan Sevilay Sad\u0131ko\u011flu\u2019nun hayat\u0131n\u0131 anlatan belgeselin galas\u0131na Cumhurba\u015fkan\u0131 Ersin Tatar, Meclis Ba\u015fkan Yard\u0131mc\u0131s\u0131 [&hellip;]<\/p>\n","protected":false},"author":1,"featured_media":5388,"comment_status":"open","ping_status":"open","sticky":false,"template":"","format":"standard","meta":{"jnews-multi-image_gallery":[],"jnews_single_post":[],"jnews_primary_category":[],"jnews_social_meta":[],"jnews_override_counter":[],"footnotes":""},"categories":[6],"tags":[],"class_list":["post-5387","post","type-post","status-publish","format-standard","has-post-thumbnail","hentry","category-yasam"],"yoast_head":"<!-- This site is optimized with the Yoast SEO plugin v27.5 - https:\/\/yoast.com\/product\/yoast-seo-wordpress\/ -->\n<title>K\u00d6DER\u2019in haz\u0131rlad\u0131\u011f\u0131 Sevilay Sad\u0131ko\u011flu belgeseli d\u00fcn ak\u015fam g\u00f6sterildi - Kuzeyin Sesi<\/title>\n<meta name=\"robots\" content=\"index, follow, max-snippet:-1, max-image-preview:large, max-video-preview:-1\" \/>\n<link rel=\"canonical\" href=\"https:\/\/kuzeyinsesi.org\/index.php\/2024\/06\/27\/koderin-hazirladigi-sevilay-sadikoglu-belgeseli-dun-aksam-gosterildi\/\" \/>\n<meta property=\"og:locale\" content=\"tr_TR\" \/>\n<meta property=\"og:type\" content=\"article\" \/>\n<meta property=\"og:title\" content=\"K\u00d6DER\u2019in haz\u0131rlad\u0131\u011f\u0131 Sevilay Sad\u0131ko\u011flu belgeseli d\u00fcn ak\u015fam g\u00f6sterildi - Kuzeyin Sesi\" \/>\n<meta property=\"og:description\" content=\"\u201cSevilay Sad\u0131ko\u011flu Belgeseli\u201dnin galas\u0131 d\u00fcn ak\u015fam Lefko\u015fa\u2019da yap\u0131ld\u0131. K\u0131br\u0131s Kad\u0131n \u00d6yk\u00fcleri Derne\u011fi (K\u00d6DER) taraf\u0131ndan \u201chayata deg\u0306er katan kad\u0131nlar\u201d slogan\u0131yla yapt\u0131\u011f\u0131 belgesellerin 22\u2019ncisi olan yap\u0131m\u0131n Atat\u00fcrk K\u00fclt\u00fcr Merkezi\u2019ndeki galas\u0131 saat 18.30\u2019da ba\u015flad\u0131. K\u00d6DER\u2019den verilen bilgiye g\u00f6re, \u015fair kimli\u011fiyle sanat alan\u0131ndaki sayg\u0131n ki\u015filerden birisi olan Sevilay Sad\u0131ko\u011flu\u2019nun hayat\u0131n\u0131 anlatan belgeselin galas\u0131na Cumhurba\u015fkan\u0131 Ersin Tatar, Meclis Ba\u015fkan Yard\u0131mc\u0131s\u0131 [&hellip;]\" \/>\n<meta property=\"og:url\" content=\"https:\/\/kuzeyinsesi.org\/index.php\/2024\/06\/27\/koderin-hazirladigi-sevilay-sadikoglu-belgeseli-dun-aksam-gosterildi\/\" \/>\n<meta property=\"og:site_name\" content=\"Kuzeyin Sesi\" \/>\n<meta property=\"article:publisher\" content=\"https:\/\/www.facebook.com\/kuzeyinsesii\" \/>\n<meta property=\"article:published_time\" content=\"2024-06-27T08:52:24+00:00\" \/>\n<meta property=\"og:image\" content=\"https:\/\/kuzeyinsesi.org\/wp-content\/uploads\/2024\/06\/koder-sevilay-sadikoglu-belgeseli-10-scaled.jpg\" \/>\n\t<meta property=\"og:image:width\" content=\"2560\" \/>\n\t<meta property=\"og:image:height\" content=\"1431\" \/>\n\t<meta property=\"og:image:type\" content=\"image\/jpeg\" \/>\n<meta name=\"author\" content=\"Kuzeyin Sesi\" \/>\n<meta name=\"twitter:card\" content=\"summary_large_image\" \/>\n<meta name=\"twitter:creator\" content=\"@kuzeyinsesii\" \/>\n<meta name=\"twitter:site\" content=\"@kuzeyinsesii\" \/>\n<meta name=\"twitter:label1\" content=\"Yazan:\" \/>\n\t<meta name=\"twitter:data1\" content=\"Kuzeyin Sesi\" \/>\n\t<meta name=\"twitter:label2\" content=\"Tahmini okuma s\u00fcresi\" \/>\n\t<meta name=\"twitter:data2\" content=\"2 dakika\" \/>\n<script type=\"application\/ld+json\" class=\"yoast-schema-graph\">{\"@context\":\"https:\\\/\\\/schema.org\",\"@graph\":[{\"@type\":\"Article\",\"@id\":\"https:\\\/\\\/kuzeyinsesi.org\\\/index.php\\\/2024\\\/06\\\/27\\\/koderin-hazirladigi-sevilay-sadikoglu-belgeseli-dun-aksam-gosterildi\\\/#article\",\"isPartOf\":{\"@id\":\"https:\\\/\\\/kuzeyinsesi.org\\\/index.php\\\/2024\\\/06\\\/27\\\/koderin-hazirladigi-sevilay-sadikoglu-belgeseli-dun-aksam-gosterildi\\\/\"},\"author\":{\"name\":\"Kuzeyin Sesi\",\"@id\":\"https:\\\/\\\/kuzeyinsesi.org\\\/#\\\/schema\\\/person\\\/9f859689cdf01485597712386e37f5aa\"},\"headline\":\"K\u00d6DER\u2019in haz\u0131rlad\u0131\u011f\u0131 Sevilay Sad\u0131ko\u011flu belgeseli d\u00fcn ak\u015fam g\u00f6sterildi\",\"datePublished\":\"2024-06-27T08:52:24+00:00\",\"mainEntityOfPage\":{\"@id\":\"https:\\\/\\\/kuzeyinsesi.org\\\/index.php\\\/2024\\\/06\\\/27\\\/koderin-hazirladigi-sevilay-sadikoglu-belgeseli-dun-aksam-gosterildi\\\/\"},\"wordCount\":323,\"commentCount\":0,\"image\":{\"@id\":\"https:\\\/\\\/kuzeyinsesi.org\\\/index.php\\\/2024\\\/06\\\/27\\\/koderin-hazirladigi-sevilay-sadikoglu-belgeseli-dun-aksam-gosterildi\\\/#primaryimage\"},\"thumbnailUrl\":\"https:\\\/\\\/kuzeyinsesi.org\\\/wp-content\\\/uploads\\\/2024\\\/06\\\/koder-sevilay-sadikoglu-belgeseli-10-scaled.jpg\",\"articleSection\":[\"Ya\u015fam\"],\"inLanguage\":\"tr\",\"potentialAction\":[{\"@type\":\"CommentAction\",\"name\":\"Comment\",\"target\":[\"https:\\\/\\\/kuzeyinsesi.org\\\/index.php\\\/2024\\\/06\\\/27\\\/koderin-hazirladigi-sevilay-sadikoglu-belgeseli-dun-aksam-gosterildi\\\/#respond\"]}]},{\"@type\":\"WebPage\",\"@id\":\"https:\\\/\\\/kuzeyinsesi.org\\\/index.php\\\/2024\\\/06\\\/27\\\/koderin-hazirladigi-sevilay-sadikoglu-belgeseli-dun-aksam-gosterildi\\\/\",\"url\":\"https:\\\/\\\/kuzeyinsesi.org\\\/index.php\\\/2024\\\/06\\\/27\\\/koderin-hazirladigi-sevilay-sadikoglu-belgeseli-dun-aksam-gosterildi\\\/\",\"name\":\"K\u00d6DER\u2019in haz\u0131rlad\u0131\u011f\u0131 Sevilay Sad\u0131ko\u011flu belgeseli d\u00fcn ak\u015fam g\u00f6sterildi - Kuzeyin Sesi\",\"isPartOf\":{\"@id\":\"https:\\\/\\\/kuzeyinsesi.org\\\/#website\"},\"primaryImageOfPage\":{\"@id\":\"https:\\\/\\\/kuzeyinsesi.org\\\/index.php\\\/2024\\\/06\\\/27\\\/koderin-hazirladigi-sevilay-sadikoglu-belgeseli-dun-aksam-gosterildi\\\/#primaryimage\"},\"image\":{\"@id\":\"https:\\\/\\\/kuzeyinsesi.org\\\/index.php\\\/2024\\\/06\\\/27\\\/koderin-hazirladigi-sevilay-sadikoglu-belgeseli-dun-aksam-gosterildi\\\/#primaryimage\"},\"thumbnailUrl\":\"https:\\\/\\\/kuzeyinsesi.org\\\/wp-content\\\/uploads\\\/2024\\\/06\\\/koder-sevilay-sadikoglu-belgeseli-10-scaled.jpg\",\"datePublished\":\"2024-06-27T08:52:24+00:00\",\"author\":{\"@id\":\"https:\\\/\\\/kuzeyinsesi.org\\\/#\\\/schema\\\/person\\\/9f859689cdf01485597712386e37f5aa\"},\"breadcrumb\":{\"@id\":\"https:\\\/\\\/kuzeyinsesi.org\\\/index.php\\\/2024\\\/06\\\/27\\\/koderin-hazirladigi-sevilay-sadikoglu-belgeseli-dun-aksam-gosterildi\\\/#breadcrumb\"},\"inLanguage\":\"tr\",\"potentialAction\":[{\"@type\":\"ReadAction\",\"target\":[\"https:\\\/\\\/kuzeyinsesi.org\\\/index.php\\\/2024\\\/06\\\/27\\\/koderin-hazirladigi-sevilay-sadikoglu-belgeseli-dun-aksam-gosterildi\\\/\"]}]},{\"@type\":\"ImageObject\",\"inLanguage\":\"tr\",\"@id\":\"https:\\\/\\\/kuzeyinsesi.org\\\/index.php\\\/2024\\\/06\\\/27\\\/koderin-hazirladigi-sevilay-sadikoglu-belgeseli-dun-aksam-gosterildi\\\/#primaryimage\",\"url\":\"https:\\\/\\\/kuzeyinsesi.org\\\/wp-content\\\/uploads\\\/2024\\\/06\\\/koder-sevilay-sadikoglu-belgeseli-10-scaled.jpg\",\"contentUrl\":\"https:\\\/\\\/kuzeyinsesi.org\\\/wp-content\\\/uploads\\\/2024\\\/06\\\/koder-sevilay-sadikoglu-belgeseli-10-scaled.jpg\",\"width\":2560,\"height\":1431},{\"@type\":\"BreadcrumbList\",\"@id\":\"https:\\\/\\\/kuzeyinsesi.org\\\/index.php\\\/2024\\\/06\\\/27\\\/koderin-hazirladigi-sevilay-sadikoglu-belgeseli-dun-aksam-gosterildi\\\/#breadcrumb\",\"itemListElement\":[{\"@type\":\"ListItem\",\"position\":1,\"name\":\"Anasayfa\",\"item\":\"https:\\\/\\\/kuzeyinsesi.org\\\/\"},{\"@type\":\"ListItem\",\"position\":2,\"name\":\"K\u00d6DER\u2019in haz\u0131rlad\u0131\u011f\u0131 Sevilay Sad\u0131ko\u011flu belgeseli d\u00fcn ak\u015fam g\u00f6sterildi\"}]},{\"@type\":\"WebSite\",\"@id\":\"https:\\\/\\\/kuzeyinsesi.org\\\/#website\",\"url\":\"https:\\\/\\\/kuzeyinsesi.org\\\/\",\"name\":\"Kuzeyin Sesi\",\"description\":\"Do\u011fru Haberin Adresi\",\"potentialAction\":[{\"@type\":\"SearchAction\",\"target\":{\"@type\":\"EntryPoint\",\"urlTemplate\":\"https:\\\/\\\/kuzeyinsesi.org\\\/?s={search_term_string}\"},\"query-input\":{\"@type\":\"PropertyValueSpecification\",\"valueRequired\":true,\"valueName\":\"search_term_string\"}}],\"inLanguage\":\"tr\"},{\"@type\":\"Person\",\"@id\":\"https:\\\/\\\/kuzeyinsesi.org\\\/#\\\/schema\\\/person\\\/9f859689cdf01485597712386e37f5aa\",\"name\":\"Kuzeyin Sesi\",\"image\":{\"@type\":\"ImageObject\",\"inLanguage\":\"tr\",\"@id\":\"https:\\\/\\\/secure.gravatar.com\\\/avatar\\\/bab33852abfd8b282518d6ed81826833d77c3c882d9ab608add591ccace47a44?s=96&d=mm&r=g\",\"url\":\"https:\\\/\\\/secure.gravatar.com\\\/avatar\\\/bab33852abfd8b282518d6ed81826833d77c3c882d9ab608add591ccace47a44?s=96&d=mm&r=g\",\"contentUrl\":\"https:\\\/\\\/secure.gravatar.com\\\/avatar\\\/bab33852abfd8b282518d6ed81826833d77c3c882d9ab608add591ccace47a44?s=96&d=mm&r=g\",\"caption\":\"Kuzeyin Sesi\"},\"sameAs\":[\"https:\\\/\\\/kuzeyinsesi.org\"],\"url\":\"https:\\\/\\\/kuzeyinsesi.org\\\/index.php\\\/author\\\/guven\\\/\"}]}<\/script>\n<!-- \/ Yoast SEO plugin. -->","yoast_head_json":{"title":"K\u00d6DER\u2019in haz\u0131rlad\u0131\u011f\u0131 Sevilay Sad\u0131ko\u011flu belgeseli d\u00fcn ak\u015fam g\u00f6sterildi - Kuzeyin Sesi","robots":{"index":"index","follow":"follow","max-snippet":"max-snippet:-1","max-image-preview":"max-image-preview:large","max-video-preview":"max-video-preview:-1"},"canonical":"https:\/\/kuzeyinsesi.org\/index.php\/2024\/06\/27\/koderin-hazirladigi-sevilay-sadikoglu-belgeseli-dun-aksam-gosterildi\/","og_locale":"tr_TR","og_type":"article","og_title":"K\u00d6DER\u2019in haz\u0131rlad\u0131\u011f\u0131 Sevilay Sad\u0131ko\u011flu belgeseli d\u00fcn ak\u015fam g\u00f6sterildi - Kuzeyin Sesi","og_description":"\u201cSevilay Sad\u0131ko\u011flu Belgeseli\u201dnin galas\u0131 d\u00fcn ak\u015fam Lefko\u015fa\u2019da yap\u0131ld\u0131. K\u0131br\u0131s Kad\u0131n \u00d6yk\u00fcleri Derne\u011fi (K\u00d6DER) taraf\u0131ndan \u201chayata deg\u0306er katan kad\u0131nlar\u201d slogan\u0131yla yapt\u0131\u011f\u0131 belgesellerin 22\u2019ncisi olan yap\u0131m\u0131n Atat\u00fcrk K\u00fclt\u00fcr Merkezi\u2019ndeki galas\u0131 saat 18.30\u2019da ba\u015flad\u0131. K\u00d6DER\u2019den verilen bilgiye g\u00f6re, \u015fair kimli\u011fiyle sanat alan\u0131ndaki sayg\u0131n ki\u015filerden birisi olan Sevilay Sad\u0131ko\u011flu\u2019nun hayat\u0131n\u0131 anlatan belgeselin galas\u0131na Cumhurba\u015fkan\u0131 Ersin Tatar, Meclis Ba\u015fkan Yard\u0131mc\u0131s\u0131 [&hellip;]","og_url":"https:\/\/kuzeyinsesi.org\/index.php\/2024\/06\/27\/koderin-hazirladigi-sevilay-sadikoglu-belgeseli-dun-aksam-gosterildi\/","og_site_name":"Kuzeyin Sesi","article_publisher":"https:\/\/www.facebook.com\/kuzeyinsesii","article_published_time":"2024-06-27T08:52:24+00:00","og_image":[{"width":2560,"height":1431,"url":"https:\/\/kuzeyinsesi.org\/wp-content\/uploads\/2024\/06\/koder-sevilay-sadikoglu-belgeseli-10-scaled.jpg","type":"image\/jpeg"}],"author":"Kuzeyin Sesi","twitter_card":"summary_large_image","twitter_creator":"@kuzeyinsesii","twitter_site":"@kuzeyinsesii","twitter_misc":{"Yazan:":"Kuzeyin Sesi","Tahmini okuma s\u00fcresi":"2 dakika"},"schema":{"@context":"https:\/\/schema.org","@graph":[{"@type":"Article","@id":"https:\/\/kuzeyinsesi.org\/index.php\/2024\/06\/27\/koderin-hazirladigi-sevilay-sadikoglu-belgeseli-dun-aksam-gosterildi\/#article","isPartOf":{"@id":"https:\/\/kuzeyinsesi.org\/index.php\/2024\/06\/27\/koderin-hazirladigi-sevilay-sadikoglu-belgeseli-dun-aksam-gosterildi\/"},"author":{"name":"Kuzeyin Sesi","@id":"https:\/\/kuzeyinsesi.org\/#\/schema\/person\/9f859689cdf01485597712386e37f5aa"},"headline":"K\u00d6DER\u2019in haz\u0131rlad\u0131\u011f\u0131 Sevilay Sad\u0131ko\u011flu belgeseli d\u00fcn ak\u015fam g\u00f6sterildi","datePublished":"2024-06-27T08:52:24+00:00","mainEntityOfPage":{"@id":"https:\/\/kuzeyinsesi.org\/index.php\/2024\/06\/27\/koderin-hazirladigi-sevilay-sadikoglu-belgeseli-dun-aksam-gosterildi\/"},"wordCount":323,"commentCount":0,"image":{"@id":"https:\/\/kuzeyinsesi.org\/index.php\/2024\/06\/27\/koderin-hazirladigi-sevilay-sadikoglu-belgeseli-dun-aksam-gosterildi\/#primaryimage"},"thumbnailUrl":"https:\/\/kuzeyinsesi.org\/wp-content\/uploads\/2024\/06\/koder-sevilay-sadikoglu-belgeseli-10-scaled.jpg","articleSection":["Ya\u015fam"],"inLanguage":"tr","potentialAction":[{"@type":"CommentAction","name":"Comment","target":["https:\/\/kuzeyinsesi.org\/index.php\/2024\/06\/27\/koderin-hazirladigi-sevilay-sadikoglu-belgeseli-dun-aksam-gosterildi\/#respond"]}]},{"@type":"WebPage","@id":"https:\/\/kuzeyinsesi.org\/index.php\/2024\/06\/27\/koderin-hazirladigi-sevilay-sadikoglu-belgeseli-dun-aksam-gosterildi\/","url":"https:\/\/kuzeyinsesi.org\/index.php\/2024\/06\/27\/koderin-hazirladigi-sevilay-sadikoglu-belgeseli-dun-aksam-gosterildi\/","name":"K\u00d6DER\u2019in haz\u0131rlad\u0131\u011f\u0131 Sevilay Sad\u0131ko\u011flu belgeseli d\u00fcn ak\u015fam g\u00f6sterildi - Kuzeyin Sesi","isPartOf":{"@id":"https:\/\/kuzeyinsesi.org\/#website"},"primaryImageOfPage":{"@id":"https:\/\/kuzeyinsesi.org\/index.php\/2024\/06\/27\/koderin-hazirladigi-sevilay-sadikoglu-belgeseli-dun-aksam-gosterildi\/#primaryimage"},"image":{"@id":"https:\/\/kuzeyinsesi.org\/index.php\/2024\/06\/27\/koderin-hazirladigi-sevilay-sadikoglu-belgeseli-dun-aksam-gosterildi\/#primaryimage"},"thumbnailUrl":"https:\/\/kuzeyinsesi.org\/wp-content\/uploads\/2024\/06\/koder-sevilay-sadikoglu-belgeseli-10-scaled.jpg","datePublished":"2024-06-27T08:52:24+00:00","author":{"@id":"https:\/\/kuzeyinsesi.org\/#\/schema\/person\/9f859689cdf01485597712386e37f5aa"},"breadcrumb":{"@id":"https:\/\/kuzeyinsesi.org\/index.php\/2024\/06\/27\/koderin-hazirladigi-sevilay-sadikoglu-belgeseli-dun-aksam-gosterildi\/#breadcrumb"},"inLanguage":"tr","potentialAction":[{"@type":"ReadAction","target":["https:\/\/kuzeyinsesi.org\/index.php\/2024\/06\/27\/koderin-hazirladigi-sevilay-sadikoglu-belgeseli-dun-aksam-gosterildi\/"]}]},{"@type":"ImageObject","inLanguage":"tr","@id":"https:\/\/kuzeyinsesi.org\/index.php\/2024\/06\/27\/koderin-hazirladigi-sevilay-sadikoglu-belgeseli-dun-aksam-gosterildi\/#primaryimage","url":"https:\/\/kuzeyinsesi.org\/wp-content\/uploads\/2024\/06\/koder-sevilay-sadikoglu-belgeseli-10-scaled.jpg","contentUrl":"https:\/\/kuzeyinsesi.org\/wp-content\/uploads\/2024\/06\/koder-sevilay-sadikoglu-belgeseli-10-scaled.jpg","width":2560,"height":1431},{"@type":"BreadcrumbList","@id":"https:\/\/kuzeyinsesi.org\/index.php\/2024\/06\/27\/koderin-hazirladigi-sevilay-sadikoglu-belgeseli-dun-aksam-gosterildi\/#breadcrumb","itemListElement":[{"@type":"ListItem","position":1,"name":"Anasayfa","item":"https:\/\/kuzeyinsesi.org\/"},{"@type":"ListItem","position":2,"name":"K\u00d6DER\u2019in haz\u0131rlad\u0131\u011f\u0131 Sevilay Sad\u0131ko\u011flu belgeseli d\u00fcn ak\u015fam g\u00f6sterildi"}]},{"@type":"WebSite","@id":"https:\/\/kuzeyinsesi.org\/#website","url":"https:\/\/kuzeyinsesi.org\/","name":"Kuzeyin Sesi","description":"Do\u011fru Haberin Adresi","potentialAction":[{"@type":"SearchAction","target":{"@type":"EntryPoint","urlTemplate":"https:\/\/kuzeyinsesi.org\/?s={search_term_string}"},"query-input":{"@type":"PropertyValueSpecification","valueRequired":true,"valueName":"search_term_string"}}],"inLanguage":"tr"},{"@type":"Person","@id":"https:\/\/kuzeyinsesi.org\/#\/schema\/person\/9f859689cdf01485597712386e37f5aa","name":"Kuzeyin Sesi","image":{"@type":"ImageObject","inLanguage":"tr","@id":"https:\/\/secure.gravatar.com\/avatar\/bab33852abfd8b282518d6ed81826833d77c3c882d9ab608add591ccace47a44?s=96&d=mm&r=g","url":"https:\/\/secure.gravatar.com\/avatar\/bab33852abfd8b282518d6ed81826833d77c3c882d9ab608add591ccace47a44?s=96&d=mm&r=g","contentUrl":"https:\/\/secure.gravatar.com\/avatar\/bab33852abfd8b282518d6ed81826833d77c3c882d9ab608add591ccace47a44?s=96&d=mm&r=g","caption":"Kuzeyin Sesi"},"sameAs":["https:\/\/kuzeyinsesi.org"],"url":"https:\/\/kuzeyinsesi.org\/index.php\/author\/guven\/"}]}},"_links":{"self":[{"href":"https:\/\/kuzeyinsesi.org\/index.php\/wp-json\/wp\/v2\/posts\/5387","targetHints":{"allow":["GET"]}}],"collection":[{"href":"https:\/\/kuzeyinsesi.org\/index.php\/wp-json\/wp\/v2\/posts"}],"about":[{"href":"https:\/\/kuzeyinsesi.org\/index.php\/wp-json\/wp\/v2\/types\/post"}],"author":[{"embeddable":true,"href":"https:\/\/kuzeyinsesi.org\/index.php\/wp-json\/wp\/v2\/users\/1"}],"replies":[{"embeddable":true,"href":"https:\/\/kuzeyinsesi.org\/index.php\/wp-json\/wp\/v2\/comments?post=5387"}],"version-history":[{"count":0,"href":"https:\/\/kuzeyinsesi.org\/index.php\/wp-json\/wp\/v2\/posts\/5387\/revisions"}],"wp:featuredmedia":[{"embeddable":true,"href":"https:\/\/kuzeyinsesi.org\/index.php\/wp-json\/wp\/v2\/media\/5388"}],"wp:attachment":[{"href":"https:\/\/kuzeyinsesi.org\/index.php\/wp-json\/wp\/v2\/media?parent=5387"}],"wp:term":[{"taxonomy":"category","embeddable":true,"href":"https:\/\/kuzeyinsesi.org\/index.php\/wp-json\/wp\/v2\/categories?post=5387"},{"taxonomy":"post_tag","embeddable":true,"href":"https:\/\/kuzeyinsesi.org\/index.php\/wp-json\/wp\/v2\/tags?post=5387"}],"curies":[{"name":"wp","href":"https:\/\/api.w.org\/{rel}","templated":true}]}}