{"id":5383,"date":"2024-06-27T10:51:48","date_gmt":"2024-06-27T07:51:48","guid":{"rendered":"https:\/\/kuzeyinsesi.com\/index.php\/2024\/06\/27\/tepenin-bekcileri-yayimlandi\/"},"modified":"2024-06-27T10:51:48","modified_gmt":"2024-06-27T07:51:48","slug":"tepenin-bekcileri-yayimlandi","status":"publish","type":"post","link":"https:\/\/kuzeyinsesi.org\/index.php\/2024\/06\/27\/tepenin-bekcileri-yayimlandi\/","title":{"rendered":"\u201cTepenin Bek\u00e7ileri\u201d yay\u0131mland\u0131"},"content":{"rendered":"<div>\n<div class=\"mariselle-image-container center\">\n                                            <\/div>\n<p>Senaryo ve roman yazar\u0131 \u015eafak Yolcu\u2019nun \u00fc\u00e7\u00fcnc\u00fc kitab\u0131 \u201cTepenin Bek\u00e7ileri\u201d yay\u0131mland\u0131.<\/p>\n<p>K\u0131br\u0131s T\u00fcrk Sinema Televizyon Derne\u011fi Y\u00f6netim Kurulu Ba\u015fkan Yard\u0131mc\u0131s\u0131, senaryo ve roman yazar\u0131 \u015eafak Yolcu, K\u0131br\u0131s Karao\u011flano\u011flu\u2019nda ya\u015fanm\u0131\u015f, paranormal olaylar\u0131 anlatan kitab\u0131n, \u00fc\u00e7lemenin ilk b\u00f6l\u00fcm\u00fcn\u00fc i\u00e7erdi\u011fini belirtti.<\/p>\n<p>Gen\u00e7 bir k\u0131z\u0131n ya\u015fad\u0131\u011f\u0131 do\u011fa\u00fcst\u00fc konular\u0131 anlatan kitab\u0131n yazar\u0131 \u015eafak Yolcu, eserinin \u00f6n s\u00f6z\u00fcnde \u015fu ifadeleri kulland\u0131:<\/p>\n<p>\u201cOkuyaca\u011f\u0131n\u0131z kitap ger\u00e7ek olaylardan kurgulanm\u0131\u015f olup, hikaye kahramanlar\u0131n\u0131n isimleri, kimliklerini if\u015fa etmemek i\u00e7in de\u011fi\u015ftirilmi\u015ftir. Hikayede anlat\u0131lan olaylar K\u0131br\u0131s, Karao\u011flano\u011flu\u2019nda 1996 y\u0131l\u0131nda ya\u015fanmaya ba\u015flam\u0131\u015f ve y\u0131llarca s\u00fcrm\u00fc\u015ft\u00fcr. O y\u0131llarda d\u00f6nem d\u00f6nem hikaye ba\u015f kahramanlar\u0131 ile yolumun kesi\u015fmesi vesilesiyle hikayenin baz\u0131 detaylar\u0131na bizzat tan\u0131kl\u0131k etme \u015fans\u0131n\u0131 bulmu\u015ftum. Anlamland\u0131ramad\u0131\u011f\u0131m hatta abart\u0131l\u0131 buldu\u011fum bir\u00e7ok olay zihnimi y\u0131llarca me\u015fgul etmi\u015fti. Zaman zaman dost meclislerinde do\u011fa\u00fcst\u00fc olaylardan bahsedildi\u011finde baz\u0131 olaylar\u0131 anlatm\u0131\u015fl\u0131\u011f\u0131m da olmu\u015ftu. Hikayeyi dinleyen herkes en az benim kadar etkilenmi\u015fti. Olaylar zaman i\u00e7erisinde bamba\u015fka bir y\u00f6ne evrildi\u011fi i\u00e7in hikayenin geri kalan\u0131n\u0131 bundan sonraki kitab\u0131mda anlatmay\u0131 uygun g\u00f6rd\u00fcm.\u201d<\/p>\n<\/p><\/div>\n<p><script async\n                    defer\n                    crossorigin=\"anonymous\"\n                    src=\"https:\/\/connect.facebook.net\/tr_TR\/sdk.js#xfbml=1&#038;version=v3.3\"\n            ><\/script><\/p>\n","protected":false},"excerpt":{"rendered":"<p>Senaryo ve roman yazar\u0131 \u015eafak Yolcu\u2019nun \u00fc\u00e7\u00fcnc\u00fc kitab\u0131 \u201cTepenin Bek\u00e7ileri\u201d yay\u0131mland\u0131. K\u0131br\u0131s T\u00fcrk Sinema Televizyon Derne\u011fi Y\u00f6netim Kurulu Ba\u015fkan Yard\u0131mc\u0131s\u0131, senaryo ve roman yazar\u0131 \u015eafak Yolcu, K\u0131br\u0131s Karao\u011flano\u011flu\u2019nda ya\u015fanm\u0131\u015f, paranormal olaylar\u0131 anlatan kitab\u0131n, \u00fc\u00e7lemenin ilk b\u00f6l\u00fcm\u00fcn\u00fc i\u00e7erdi\u011fini belirtti. Gen\u00e7 bir k\u0131z\u0131n ya\u015fad\u0131\u011f\u0131 do\u011fa\u00fcst\u00fc konular\u0131 anlatan kitab\u0131n yazar\u0131 \u015eafak Yolcu, eserinin \u00f6n s\u00f6z\u00fcnde \u015fu ifadeleri kulland\u0131: [&hellip;]<\/p>\n","protected":false},"author":1,"featured_media":5384,"comment_status":"open","ping_status":"open","sticky":false,"template":"","format":"standard","meta":{"jnews-multi-image_gallery":[],"jnews_single_post":[],"jnews_primary_category":[],"jnews_social_meta":[],"jnews_override_counter":[],"footnotes":""},"categories":[6],"tags":[],"class_list":["post-5383","post","type-post","status-publish","format-standard","has-post-thumbnail","hentry","category-yasam"],"yoast_head":"<!-- This site is optimized with the Yoast SEO plugin v27.5 - https:\/\/yoast.com\/product\/yoast-seo-wordpress\/ -->\n<title>\u201cTepenin Bek\u00e7ileri\u201d yay\u0131mland\u0131 - Kuzeyin Sesi<\/title>\n<meta name=\"robots\" content=\"index, follow, max-snippet:-1, max-image-preview:large, max-video-preview:-1\" \/>\n<link rel=\"canonical\" href=\"https:\/\/kuzeyinsesi.org\/index.php\/2024\/06\/27\/tepenin-bekcileri-yayimlandi\/\" \/>\n<meta property=\"og:locale\" content=\"tr_TR\" \/>\n<meta property=\"og:type\" content=\"article\" \/>\n<meta property=\"og:title\" content=\"\u201cTepenin Bek\u00e7ileri\u201d yay\u0131mland\u0131 - Kuzeyin Sesi\" \/>\n<meta property=\"og:description\" content=\"Senaryo ve roman yazar\u0131 \u015eafak Yolcu\u2019nun \u00fc\u00e7\u00fcnc\u00fc kitab\u0131 \u201cTepenin Bek\u00e7ileri\u201d yay\u0131mland\u0131. K\u0131br\u0131s T\u00fcrk Sinema Televizyon Derne\u011fi Y\u00f6netim Kurulu Ba\u015fkan Yard\u0131mc\u0131s\u0131, senaryo ve roman yazar\u0131 \u015eafak Yolcu, K\u0131br\u0131s Karao\u011flano\u011flu\u2019nda ya\u015fanm\u0131\u015f, paranormal olaylar\u0131 anlatan kitab\u0131n, \u00fc\u00e7lemenin ilk b\u00f6l\u00fcm\u00fcn\u00fc i\u00e7erdi\u011fini belirtti. Gen\u00e7 bir k\u0131z\u0131n ya\u015fad\u0131\u011f\u0131 do\u011fa\u00fcst\u00fc konular\u0131 anlatan kitab\u0131n yazar\u0131 \u015eafak Yolcu, eserinin \u00f6n s\u00f6z\u00fcnde \u015fu ifadeleri kulland\u0131: [&hellip;]\" \/>\n<meta property=\"og:url\" content=\"https:\/\/kuzeyinsesi.org\/index.php\/2024\/06\/27\/tepenin-bekcileri-yayimlandi\/\" \/>\n<meta property=\"og:site_name\" content=\"Kuzeyin Sesi\" \/>\n<meta property=\"article:publisher\" content=\"https:\/\/www.facebook.com\/kuzeyinsesii\" \/>\n<meta property=\"article:published_time\" content=\"2024-06-27T07:51:48+00:00\" \/>\n<meta property=\"og:image\" content=\"https:\/\/kuzeyinsesi.org\/wp-content\/uploads\/2024\/06\/Tepenin-Bekcileri.jpg\" \/>\n\t<meta property=\"og:image:width\" content=\"880\" \/>\n\t<meta property=\"og:image:height\" content=\"312\" \/>\n\t<meta property=\"og:image:type\" content=\"image\/jpeg\" \/>\n<meta name=\"author\" content=\"Kuzeyin Sesi\" \/>\n<meta name=\"twitter:card\" content=\"summary_large_image\" \/>\n<meta name=\"twitter:creator\" content=\"@kuzeyinsesii\" \/>\n<meta name=\"twitter:site\" content=\"@kuzeyinsesii\" \/>\n<meta name=\"twitter:label1\" content=\"Yazan:\" \/>\n\t<meta name=\"twitter:data1\" content=\"Kuzeyin Sesi\" \/>\n\t<meta name=\"twitter:label2\" content=\"Tahmini okuma s\u00fcresi\" \/>\n\t<meta name=\"twitter:data2\" content=\"1 dakika\" \/>\n<script type=\"application\/ld+json\" class=\"yoast-schema-graph\">{\"@context\":\"https:\\\/\\\/schema.org\",\"@graph\":[{\"@type\":\"Article\",\"@id\":\"https:\\\/\\\/kuzeyinsesi.org\\\/index.php\\\/2024\\\/06\\\/27\\\/tepenin-bekcileri-yayimlandi\\\/#article\",\"isPartOf\":{\"@id\":\"https:\\\/\\\/kuzeyinsesi.org\\\/index.php\\\/2024\\\/06\\\/27\\\/tepenin-bekcileri-yayimlandi\\\/\"},\"author\":{\"name\":\"Kuzeyin Sesi\",\"@id\":\"https:\\\/\\\/kuzeyinsesi.org\\\/#\\\/schema\\\/person\\\/9f859689cdf01485597712386e37f5aa\"},\"headline\":\"\u201cTepenin Bek\u00e7ileri\u201d yay\u0131mland\u0131\",\"datePublished\":\"2024-06-27T07:51:48+00:00\",\"mainEntityOfPage\":{\"@id\":\"https:\\\/\\\/kuzeyinsesi.org\\\/index.php\\\/2024\\\/06\\\/27\\\/tepenin-bekcileri-yayimlandi\\\/\"},\"wordCount\":239,\"commentCount\":0,\"image\":{\"@id\":\"https:\\\/\\\/kuzeyinsesi.org\\\/index.php\\\/2024\\\/06\\\/27\\\/tepenin-bekcileri-yayimlandi\\\/#primaryimage\"},\"thumbnailUrl\":\"https:\\\/\\\/kuzeyinsesi.org\\\/wp-content\\\/uploads\\\/2024\\\/06\\\/Tepenin-Bekcileri.jpg\",\"articleSection\":[\"Ya\u015fam\"],\"inLanguage\":\"tr\",\"potentialAction\":[{\"@type\":\"CommentAction\",\"name\":\"Comment\",\"target\":[\"https:\\\/\\\/kuzeyinsesi.org\\\/index.php\\\/2024\\\/06\\\/27\\\/tepenin-bekcileri-yayimlandi\\\/#respond\"]}]},{\"@type\":\"WebPage\",\"@id\":\"https:\\\/\\\/kuzeyinsesi.org\\\/index.php\\\/2024\\\/06\\\/27\\\/tepenin-bekcileri-yayimlandi\\\/\",\"url\":\"https:\\\/\\\/kuzeyinsesi.org\\\/index.php\\\/2024\\\/06\\\/27\\\/tepenin-bekcileri-yayimlandi\\\/\",\"name\":\"\u201cTepenin Bek\u00e7ileri\u201d yay\u0131mland\u0131 - Kuzeyin Sesi\",\"isPartOf\":{\"@id\":\"https:\\\/\\\/kuzeyinsesi.org\\\/#website\"},\"primaryImageOfPage\":{\"@id\":\"https:\\\/\\\/kuzeyinsesi.org\\\/index.php\\\/2024\\\/06\\\/27\\\/tepenin-bekcileri-yayimlandi\\\/#primaryimage\"},\"image\":{\"@id\":\"https:\\\/\\\/kuzeyinsesi.org\\\/index.php\\\/2024\\\/06\\\/27\\\/tepenin-bekcileri-yayimlandi\\\/#primaryimage\"},\"thumbnailUrl\":\"https:\\\/\\\/kuzeyinsesi.org\\\/wp-content\\\/uploads\\\/2024\\\/06\\\/Tepenin-Bekcileri.jpg\",\"datePublished\":\"2024-06-27T07:51:48+00:00\",\"author\":{\"@id\":\"https:\\\/\\\/kuzeyinsesi.org\\\/#\\\/schema\\\/person\\\/9f859689cdf01485597712386e37f5aa\"},\"breadcrumb\":{\"@id\":\"https:\\\/\\\/kuzeyinsesi.org\\\/index.php\\\/2024\\\/06\\\/27\\\/tepenin-bekcileri-yayimlandi\\\/#breadcrumb\"},\"inLanguage\":\"tr\",\"potentialAction\":[{\"@type\":\"ReadAction\",\"target\":[\"https:\\\/\\\/kuzeyinsesi.org\\\/index.php\\\/2024\\\/06\\\/27\\\/tepenin-bekcileri-yayimlandi\\\/\"]}]},{\"@type\":\"ImageObject\",\"inLanguage\":\"tr\",\"@id\":\"https:\\\/\\\/kuzeyinsesi.org\\\/index.php\\\/2024\\\/06\\\/27\\\/tepenin-bekcileri-yayimlandi\\\/#primaryimage\",\"url\":\"https:\\\/\\\/kuzeyinsesi.org\\\/wp-content\\\/uploads\\\/2024\\\/06\\\/Tepenin-Bekcileri.jpg\",\"contentUrl\":\"https:\\\/\\\/kuzeyinsesi.org\\\/wp-content\\\/uploads\\\/2024\\\/06\\\/Tepenin-Bekcileri.jpg\",\"width\":880,\"height\":312},{\"@type\":\"BreadcrumbList\",\"@id\":\"https:\\\/\\\/kuzeyinsesi.org\\\/index.php\\\/2024\\\/06\\\/27\\\/tepenin-bekcileri-yayimlandi\\\/#breadcrumb\",\"itemListElement\":[{\"@type\":\"ListItem\",\"position\":1,\"name\":\"Anasayfa\",\"item\":\"https:\\\/\\\/kuzeyinsesi.org\\\/\"},{\"@type\":\"ListItem\",\"position\":2,\"name\":\"\u201cTepenin Bek\u00e7ileri\u201d yay\u0131mland\u0131\"}]},{\"@type\":\"WebSite\",\"@id\":\"https:\\\/\\\/kuzeyinsesi.org\\\/#website\",\"url\":\"https:\\\/\\\/kuzeyinsesi.org\\\/\",\"name\":\"Kuzeyin Sesi\",\"description\":\"Do\u011fru Haberin Adresi\",\"potentialAction\":[{\"@type\":\"SearchAction\",\"target\":{\"@type\":\"EntryPoint\",\"urlTemplate\":\"https:\\\/\\\/kuzeyinsesi.org\\\/?s={search_term_string}\"},\"query-input\":{\"@type\":\"PropertyValueSpecification\",\"valueRequired\":true,\"valueName\":\"search_term_string\"}}],\"inLanguage\":\"tr\"},{\"@type\":\"Person\",\"@id\":\"https:\\\/\\\/kuzeyinsesi.org\\\/#\\\/schema\\\/person\\\/9f859689cdf01485597712386e37f5aa\",\"name\":\"Kuzeyin Sesi\",\"image\":{\"@type\":\"ImageObject\",\"inLanguage\":\"tr\",\"@id\":\"https:\\\/\\\/secure.gravatar.com\\\/avatar\\\/bab33852abfd8b282518d6ed81826833d77c3c882d9ab608add591ccace47a44?s=96&d=mm&r=g\",\"url\":\"https:\\\/\\\/secure.gravatar.com\\\/avatar\\\/bab33852abfd8b282518d6ed81826833d77c3c882d9ab608add591ccace47a44?s=96&d=mm&r=g\",\"contentUrl\":\"https:\\\/\\\/secure.gravatar.com\\\/avatar\\\/bab33852abfd8b282518d6ed81826833d77c3c882d9ab608add591ccace47a44?s=96&d=mm&r=g\",\"caption\":\"Kuzeyin Sesi\"},\"sameAs\":[\"https:\\\/\\\/kuzeyinsesi.org\"],\"url\":\"https:\\\/\\\/kuzeyinsesi.org\\\/index.php\\\/author\\\/guven\\\/\"}]}<\/script>\n<!-- \/ Yoast SEO plugin. -->","yoast_head_json":{"title":"\u201cTepenin Bek\u00e7ileri\u201d yay\u0131mland\u0131 - Kuzeyin Sesi","robots":{"index":"index","follow":"follow","max-snippet":"max-snippet:-1","max-image-preview":"max-image-preview:large","max-video-preview":"max-video-preview:-1"},"canonical":"https:\/\/kuzeyinsesi.org\/index.php\/2024\/06\/27\/tepenin-bekcileri-yayimlandi\/","og_locale":"tr_TR","og_type":"article","og_title":"\u201cTepenin Bek\u00e7ileri\u201d yay\u0131mland\u0131 - Kuzeyin Sesi","og_description":"Senaryo ve roman yazar\u0131 \u015eafak Yolcu\u2019nun \u00fc\u00e7\u00fcnc\u00fc kitab\u0131 \u201cTepenin Bek\u00e7ileri\u201d yay\u0131mland\u0131. K\u0131br\u0131s T\u00fcrk Sinema Televizyon Derne\u011fi Y\u00f6netim Kurulu Ba\u015fkan Yard\u0131mc\u0131s\u0131, senaryo ve roman yazar\u0131 \u015eafak Yolcu, K\u0131br\u0131s Karao\u011flano\u011flu\u2019nda ya\u015fanm\u0131\u015f, paranormal olaylar\u0131 anlatan kitab\u0131n, \u00fc\u00e7lemenin ilk b\u00f6l\u00fcm\u00fcn\u00fc i\u00e7erdi\u011fini belirtti. Gen\u00e7 bir k\u0131z\u0131n ya\u015fad\u0131\u011f\u0131 do\u011fa\u00fcst\u00fc konular\u0131 anlatan kitab\u0131n yazar\u0131 \u015eafak Yolcu, eserinin \u00f6n s\u00f6z\u00fcnde \u015fu ifadeleri kulland\u0131: [&hellip;]","og_url":"https:\/\/kuzeyinsesi.org\/index.php\/2024\/06\/27\/tepenin-bekcileri-yayimlandi\/","og_site_name":"Kuzeyin Sesi","article_publisher":"https:\/\/www.facebook.com\/kuzeyinsesii","article_published_time":"2024-06-27T07:51:48+00:00","og_image":[{"width":880,"height":312,"url":"https:\/\/kuzeyinsesi.org\/wp-content\/uploads\/2024\/06\/Tepenin-Bekcileri.jpg","type":"image\/jpeg"}],"author":"Kuzeyin Sesi","twitter_card":"summary_large_image","twitter_creator":"@kuzeyinsesii","twitter_site":"@kuzeyinsesii","twitter_misc":{"Yazan:":"Kuzeyin Sesi","Tahmini okuma s\u00fcresi":"1 dakika"},"schema":{"@context":"https:\/\/schema.org","@graph":[{"@type":"Article","@id":"https:\/\/kuzeyinsesi.org\/index.php\/2024\/06\/27\/tepenin-bekcileri-yayimlandi\/#article","isPartOf":{"@id":"https:\/\/kuzeyinsesi.org\/index.php\/2024\/06\/27\/tepenin-bekcileri-yayimlandi\/"},"author":{"name":"Kuzeyin Sesi","@id":"https:\/\/kuzeyinsesi.org\/#\/schema\/person\/9f859689cdf01485597712386e37f5aa"},"headline":"\u201cTepenin Bek\u00e7ileri\u201d yay\u0131mland\u0131","datePublished":"2024-06-27T07:51:48+00:00","mainEntityOfPage":{"@id":"https:\/\/kuzeyinsesi.org\/index.php\/2024\/06\/27\/tepenin-bekcileri-yayimlandi\/"},"wordCount":239,"commentCount":0,"image":{"@id":"https:\/\/kuzeyinsesi.org\/index.php\/2024\/06\/27\/tepenin-bekcileri-yayimlandi\/#primaryimage"},"thumbnailUrl":"https:\/\/kuzeyinsesi.org\/wp-content\/uploads\/2024\/06\/Tepenin-Bekcileri.jpg","articleSection":["Ya\u015fam"],"inLanguage":"tr","potentialAction":[{"@type":"CommentAction","name":"Comment","target":["https:\/\/kuzeyinsesi.org\/index.php\/2024\/06\/27\/tepenin-bekcileri-yayimlandi\/#respond"]}]},{"@type":"WebPage","@id":"https:\/\/kuzeyinsesi.org\/index.php\/2024\/06\/27\/tepenin-bekcileri-yayimlandi\/","url":"https:\/\/kuzeyinsesi.org\/index.php\/2024\/06\/27\/tepenin-bekcileri-yayimlandi\/","name":"\u201cTepenin Bek\u00e7ileri\u201d yay\u0131mland\u0131 - Kuzeyin Sesi","isPartOf":{"@id":"https:\/\/kuzeyinsesi.org\/#website"},"primaryImageOfPage":{"@id":"https:\/\/kuzeyinsesi.org\/index.php\/2024\/06\/27\/tepenin-bekcileri-yayimlandi\/#primaryimage"},"image":{"@id":"https:\/\/kuzeyinsesi.org\/index.php\/2024\/06\/27\/tepenin-bekcileri-yayimlandi\/#primaryimage"},"thumbnailUrl":"https:\/\/kuzeyinsesi.org\/wp-content\/uploads\/2024\/06\/Tepenin-Bekcileri.jpg","datePublished":"2024-06-27T07:51:48+00:00","author":{"@id":"https:\/\/kuzeyinsesi.org\/#\/schema\/person\/9f859689cdf01485597712386e37f5aa"},"breadcrumb":{"@id":"https:\/\/kuzeyinsesi.org\/index.php\/2024\/06\/27\/tepenin-bekcileri-yayimlandi\/#breadcrumb"},"inLanguage":"tr","potentialAction":[{"@type":"ReadAction","target":["https:\/\/kuzeyinsesi.org\/index.php\/2024\/06\/27\/tepenin-bekcileri-yayimlandi\/"]}]},{"@type":"ImageObject","inLanguage":"tr","@id":"https:\/\/kuzeyinsesi.org\/index.php\/2024\/06\/27\/tepenin-bekcileri-yayimlandi\/#primaryimage","url":"https:\/\/kuzeyinsesi.org\/wp-content\/uploads\/2024\/06\/Tepenin-Bekcileri.jpg","contentUrl":"https:\/\/kuzeyinsesi.org\/wp-content\/uploads\/2024\/06\/Tepenin-Bekcileri.jpg","width":880,"height":312},{"@type":"BreadcrumbList","@id":"https:\/\/kuzeyinsesi.org\/index.php\/2024\/06\/27\/tepenin-bekcileri-yayimlandi\/#breadcrumb","itemListElement":[{"@type":"ListItem","position":1,"name":"Anasayfa","item":"https:\/\/kuzeyinsesi.org\/"},{"@type":"ListItem","position":2,"name":"\u201cTepenin Bek\u00e7ileri\u201d yay\u0131mland\u0131"}]},{"@type":"WebSite","@id":"https:\/\/kuzeyinsesi.org\/#website","url":"https:\/\/kuzeyinsesi.org\/","name":"Kuzeyin Sesi","description":"Do\u011fru Haberin Adresi","potentialAction":[{"@type":"SearchAction","target":{"@type":"EntryPoint","urlTemplate":"https:\/\/kuzeyinsesi.org\/?s={search_term_string}"},"query-input":{"@type":"PropertyValueSpecification","valueRequired":true,"valueName":"search_term_string"}}],"inLanguage":"tr"},{"@type":"Person","@id":"https:\/\/kuzeyinsesi.org\/#\/schema\/person\/9f859689cdf01485597712386e37f5aa","name":"Kuzeyin Sesi","image":{"@type":"ImageObject","inLanguage":"tr","@id":"https:\/\/secure.gravatar.com\/avatar\/bab33852abfd8b282518d6ed81826833d77c3c882d9ab608add591ccace47a44?s=96&d=mm&r=g","url":"https:\/\/secure.gravatar.com\/avatar\/bab33852abfd8b282518d6ed81826833d77c3c882d9ab608add591ccace47a44?s=96&d=mm&r=g","contentUrl":"https:\/\/secure.gravatar.com\/avatar\/bab33852abfd8b282518d6ed81826833d77c3c882d9ab608add591ccace47a44?s=96&d=mm&r=g","caption":"Kuzeyin Sesi"},"sameAs":["https:\/\/kuzeyinsesi.org"],"url":"https:\/\/kuzeyinsesi.org\/index.php\/author\/guven\/"}]}},"_links":{"self":[{"href":"https:\/\/kuzeyinsesi.org\/index.php\/wp-json\/wp\/v2\/posts\/5383","targetHints":{"allow":["GET"]}}],"collection":[{"href":"https:\/\/kuzeyinsesi.org\/index.php\/wp-json\/wp\/v2\/posts"}],"about":[{"href":"https:\/\/kuzeyinsesi.org\/index.php\/wp-json\/wp\/v2\/types\/post"}],"author":[{"embeddable":true,"href":"https:\/\/kuzeyinsesi.org\/index.php\/wp-json\/wp\/v2\/users\/1"}],"replies":[{"embeddable":true,"href":"https:\/\/kuzeyinsesi.org\/index.php\/wp-json\/wp\/v2\/comments?post=5383"}],"version-history":[{"count":0,"href":"https:\/\/kuzeyinsesi.org\/index.php\/wp-json\/wp\/v2\/posts\/5383\/revisions"}],"wp:featuredmedia":[{"embeddable":true,"href":"https:\/\/kuzeyinsesi.org\/index.php\/wp-json\/wp\/v2\/media\/5384"}],"wp:attachment":[{"href":"https:\/\/kuzeyinsesi.org\/index.php\/wp-json\/wp\/v2\/media?parent=5383"}],"wp:term":[{"taxonomy":"category","embeddable":true,"href":"https:\/\/kuzeyinsesi.org\/index.php\/wp-json\/wp\/v2\/categories?post=5383"},{"taxonomy":"post_tag","embeddable":true,"href":"https:\/\/kuzeyinsesi.org\/index.php\/wp-json\/wp\/v2\/tags?post=5383"}],"curies":[{"name":"wp","href":"https:\/\/api.w.org\/{rel}","templated":true}]}}