{"id":5361,"date":"2024-06-26T17:28:12","date_gmt":"2024-06-26T14:28:12","guid":{"rendered":"https:\/\/kuzeyinsesi.com\/index.php\/2024\/06\/26\/cumhurbaskani-tatar-sevilay-sadikoglunun-hayatini-anlatan-belgeseli-izledi\/"},"modified":"2024-06-26T17:28:12","modified_gmt":"2024-06-26T14:28:12","slug":"cumhurbaskani-tatar-sevilay-sadikoglunun-hayatini-anlatan-belgeseli-izledi","status":"publish","type":"post","link":"https:\/\/kuzeyinsesi.org\/index.php\/2024\/06\/26\/cumhurbaskani-tatar-sevilay-sadikoglunun-hayatini-anlatan-belgeseli-izledi\/","title":{"rendered":"Cumhurba\u015fkan\u0131 Tatar, Sevilay Sad\u0131ko\u011flu\u2019nun hayat\u0131n\u0131 anlatan belgeseli izledi"},"content":{"rendered":"<div>\n<div class=\"mariselle-image-container none\">\n                                            <\/div>\n<p>Cumhurba\u015fkan\u0131 Ersin Tatar, K\u0131br\u0131s Kad\u0131n \u00d6yk\u00fcleri Derne\u011fi (K\u00d6DER) taraf\u0131ndan haz\u0131rlanan Sevilay Sad\u0131ko\u011flu\u2019nun hayat\u0131n\u0131 anlatan belgesel g\u00f6sterimine kat\u0131ld\u0131.<\/p>\n<p>Cumhurba\u015fkanl\u0131\u011f\u0131\u2019ndan yap\u0131lan a\u00e7\u0131klamaya g\u00f6re, Lefko\u015fa\u2019daki Atat\u00fcrk K\u00fclt\u00fcr Merkezi\u2019nde ger\u00e7ekle\u015fen etkinlikte konu\u015fan Tatar, K\u00d6DER\u2019i yapt\u0131\u011f\u0131 22\u2019nci belgeselden dolay\u0131 tebrik etti.<\/p>\n<p>Belgeselin ortaya \u00e7\u0131kmas\u0131nda, haz\u0131rlanmas\u0131nda ve g\u00f6steriminde eme\u011fi ge\u00e7enlere te\u015fekk\u00fcr eden Tatar, \u201cK\u0131br\u0131s T\u00fcrk\u00fc 22 \u00f6nemli kad\u0131n\u0131n hayat hikayesinin anlat\u0131ld\u0131\u011f\u0131 K\u00d6DER\u2019in belgesellerinde, K\u0131br\u0131s T\u00fcrk\u00fc\u2019n\u00fcn varolu\u015f m\u00fccadelesi ve ya\u015fam\u0131nda kad\u0131nlar\u0131n \u00f6nemli ve etkin rol oynad\u0131\u011f\u0131n\u0131 izlemeye devam ediyoruz\u201d dedi.<\/p>\n<p>Sevilay Sad\u0131ko\u011flu\u2019nun e\u015fi olan \u0130smail Sad\u0131ko\u011flu\u2019nun T\u00fcrk Mukavemet Te\u015fkilat\u0131 kurucular\u0131ndan oldu\u011funa ve \u00fclkeye b\u00fcy\u00fck hizmetler verdi\u011fine i\u015faret eden Tatar, Sevilay Sad\u0131ko\u011flu\u2019nun da yapt\u0131\u011f\u0131 televizyon programlar\u0131 yan\u0131nda gazete yaz\u0131lar\u0131 ve \u015fair kimli\u011fiyle iyi bir anne ve e\u015f olarak, sosyal ve yard\u0131msever ve m\u00fccadeleci ki\u015fili\u011fiyle \u00e7al\u0131\u015fmalar\u0131n\u0131 s\u00fcrd\u00fcrd\u00fc\u011f\u00fcne dikkat \u00e7ekti.<\/p>\n<p>\u201cSevilay Sad\u0131ko\u011flu\u2019nu sayg\u0131 ve sevgiyle selaml\u0131yorum\u201d diyen Cumhurba\u015fkan\u0131 Tatar,\u00a0 yap\u0131lan belgesellerin K\u0131br\u0131s T\u00fcrk\u00fc\u2019n\u00fcn kimli\u011fi, k\u00fclt\u00fcr\u00fc ve varl\u0131\u011f\u0131n\u0131n devam\u0131 i\u00e7in \u00f6nemli \u00e7al\u0131\u015fmalar oldu\u011funu kaydetti.<\/p>\n<\/p><\/div>\n<p><script async\n                    defer\n                    crossorigin=\"anonymous\"\n                    src=\"https:\/\/connect.facebook.net\/tr_TR\/sdk.js#xfbml=1&#038;version=v3.3\"\n            ><\/script><\/p>\n","protected":false},"excerpt":{"rendered":"<p>Cumhurba\u015fkan\u0131 Ersin Tatar, K\u0131br\u0131s Kad\u0131n \u00d6yk\u00fcleri Derne\u011fi (K\u00d6DER) taraf\u0131ndan haz\u0131rlanan Sevilay Sad\u0131ko\u011flu\u2019nun hayat\u0131n\u0131 anlatan belgesel g\u00f6sterimine kat\u0131ld\u0131. Cumhurba\u015fkanl\u0131\u011f\u0131\u2019ndan yap\u0131lan a\u00e7\u0131klamaya g\u00f6re, Lefko\u015fa\u2019daki Atat\u00fcrk K\u00fclt\u00fcr Merkezi\u2019nde ger\u00e7ekle\u015fen etkinlikte konu\u015fan Tatar, K\u00d6DER\u2019i yapt\u0131\u011f\u0131 22\u2019nci belgeselden dolay\u0131 tebrik etti. Belgeselin ortaya \u00e7\u0131kmas\u0131nda, haz\u0131rlanmas\u0131nda ve g\u00f6steriminde eme\u011fi ge\u00e7enlere te\u015fekk\u00fcr eden Tatar, \u201cK\u0131br\u0131s T\u00fcrk\u00fc 22 \u00f6nemli kad\u0131n\u0131n hayat hikayesinin anlat\u0131ld\u0131\u011f\u0131 [&hellip;]<\/p>\n","protected":false},"author":1,"featured_media":5362,"comment_status":"open","ping_status":"open","sticky":false,"template":"","format":"standard","meta":{"jnews-multi-image_gallery":[],"jnews_single_post":[],"jnews_primary_category":[],"jnews_social_meta":[],"jnews_override_counter":[],"footnotes":""},"categories":[6],"tags":[],"class_list":["post-5361","post","type-post","status-publish","format-standard","has-post-thumbnail","hentry","category-yasam"],"yoast_head":"<!-- This site is optimized with the Yoast SEO plugin v27.5 - https:\/\/yoast.com\/product\/yoast-seo-wordpress\/ -->\n<title>Cumhurba\u015fkan\u0131 Tatar, Sevilay Sad\u0131ko\u011flu\u2019nun hayat\u0131n\u0131 anlatan belgeseli izledi - Kuzeyin Sesi<\/title>\n<meta name=\"robots\" content=\"index, follow, max-snippet:-1, max-image-preview:large, max-video-preview:-1\" \/>\n<link rel=\"canonical\" href=\"https:\/\/kuzeyinsesi.org\/index.php\/2024\/06\/26\/cumhurbaskani-tatar-sevilay-sadikoglunun-hayatini-anlatan-belgeseli-izledi\/\" \/>\n<meta property=\"og:locale\" content=\"tr_TR\" \/>\n<meta property=\"og:type\" content=\"article\" \/>\n<meta property=\"og:title\" content=\"Cumhurba\u015fkan\u0131 Tatar, Sevilay Sad\u0131ko\u011flu\u2019nun hayat\u0131n\u0131 anlatan belgeseli izledi - Kuzeyin Sesi\" \/>\n<meta property=\"og:description\" content=\"Cumhurba\u015fkan\u0131 Ersin Tatar, K\u0131br\u0131s Kad\u0131n \u00d6yk\u00fcleri Derne\u011fi (K\u00d6DER) taraf\u0131ndan haz\u0131rlanan Sevilay Sad\u0131ko\u011flu\u2019nun hayat\u0131n\u0131 anlatan belgesel g\u00f6sterimine kat\u0131ld\u0131. Cumhurba\u015fkanl\u0131\u011f\u0131\u2019ndan yap\u0131lan a\u00e7\u0131klamaya g\u00f6re, Lefko\u015fa\u2019daki Atat\u00fcrk K\u00fclt\u00fcr Merkezi\u2019nde ger\u00e7ekle\u015fen etkinlikte konu\u015fan Tatar, K\u00d6DER\u2019i yapt\u0131\u011f\u0131 22\u2019nci belgeselden dolay\u0131 tebrik etti. Belgeselin ortaya \u00e7\u0131kmas\u0131nda, haz\u0131rlanmas\u0131nda ve g\u00f6steriminde eme\u011fi ge\u00e7enlere te\u015fekk\u00fcr eden Tatar, \u201cK\u0131br\u0131s T\u00fcrk\u00fc 22 \u00f6nemli kad\u0131n\u0131n hayat hikayesinin anlat\u0131ld\u0131\u011f\u0131 [&hellip;]\" \/>\n<meta property=\"og:url\" content=\"https:\/\/kuzeyinsesi.org\/index.php\/2024\/06\/26\/cumhurbaskani-tatar-sevilay-sadikoglunun-hayatini-anlatan-belgeseli-izledi\/\" \/>\n<meta property=\"og:site_name\" content=\"Kuzeyin Sesi\" \/>\n<meta property=\"article:publisher\" content=\"https:\/\/www.facebook.com\/kuzeyinsesii\" \/>\n<meta property=\"article:published_time\" content=\"2024-06-26T14:28:12+00:00\" \/>\n<meta property=\"og:image\" content=\"https:\/\/kuzeyinsesi.org\/wp-content\/uploads\/2024\/06\/tatar-sevilay-sadikoglu-belgesel3.jpg\" \/>\n\t<meta property=\"og:image:width\" content=\"930\" \/>\n\t<meta property=\"og:image:height\" content=\"465\" \/>\n\t<meta property=\"og:image:type\" content=\"image\/jpeg\" \/>\n<meta name=\"author\" content=\"Kuzeyin Sesi\" \/>\n<meta name=\"twitter:card\" content=\"summary_large_image\" \/>\n<meta name=\"twitter:creator\" content=\"@kuzeyinsesii\" \/>\n<meta name=\"twitter:site\" content=\"@kuzeyinsesii\" \/>\n<meta name=\"twitter:label1\" content=\"Yazan:\" \/>\n\t<meta name=\"twitter:data1\" content=\"Kuzeyin Sesi\" \/>\n\t<meta name=\"twitter:label2\" content=\"Tahmini okuma s\u00fcresi\" \/>\n\t<meta name=\"twitter:data2\" content=\"1 dakika\" \/>\n<script type=\"application\/ld+json\" class=\"yoast-schema-graph\">{\"@context\":\"https:\\\/\\\/schema.org\",\"@graph\":[{\"@type\":\"Article\",\"@id\":\"https:\\\/\\\/kuzeyinsesi.org\\\/index.php\\\/2024\\\/06\\\/26\\\/cumhurbaskani-tatar-sevilay-sadikoglunun-hayatini-anlatan-belgeseli-izledi\\\/#article\",\"isPartOf\":{\"@id\":\"https:\\\/\\\/kuzeyinsesi.org\\\/index.php\\\/2024\\\/06\\\/26\\\/cumhurbaskani-tatar-sevilay-sadikoglunun-hayatini-anlatan-belgeseli-izledi\\\/\"},\"author\":{\"name\":\"Kuzeyin Sesi\",\"@id\":\"https:\\\/\\\/kuzeyinsesi.org\\\/#\\\/schema\\\/person\\\/9f859689cdf01485597712386e37f5aa\"},\"headline\":\"Cumhurba\u015fkan\u0131 Tatar, Sevilay Sad\u0131ko\u011flu\u2019nun hayat\u0131n\u0131 anlatan belgeseli izledi\",\"datePublished\":\"2024-06-26T14:28:12+00:00\",\"mainEntityOfPage\":{\"@id\":\"https:\\\/\\\/kuzeyinsesi.org\\\/index.php\\\/2024\\\/06\\\/26\\\/cumhurbaskani-tatar-sevilay-sadikoglunun-hayatini-anlatan-belgeseli-izledi\\\/\"},\"wordCount\":262,\"commentCount\":0,\"image\":{\"@id\":\"https:\\\/\\\/kuzeyinsesi.org\\\/index.php\\\/2024\\\/06\\\/26\\\/cumhurbaskani-tatar-sevilay-sadikoglunun-hayatini-anlatan-belgeseli-izledi\\\/#primaryimage\"},\"thumbnailUrl\":\"https:\\\/\\\/kuzeyinsesi.org\\\/wp-content\\\/uploads\\\/2024\\\/06\\\/tatar-sevilay-sadikoglu-belgesel3.jpg\",\"articleSection\":[\"Ya\u015fam\"],\"inLanguage\":\"tr\",\"potentialAction\":[{\"@type\":\"CommentAction\",\"name\":\"Comment\",\"target\":[\"https:\\\/\\\/kuzeyinsesi.org\\\/index.php\\\/2024\\\/06\\\/26\\\/cumhurbaskani-tatar-sevilay-sadikoglunun-hayatini-anlatan-belgeseli-izledi\\\/#respond\"]}]},{\"@type\":\"WebPage\",\"@id\":\"https:\\\/\\\/kuzeyinsesi.org\\\/index.php\\\/2024\\\/06\\\/26\\\/cumhurbaskani-tatar-sevilay-sadikoglunun-hayatini-anlatan-belgeseli-izledi\\\/\",\"url\":\"https:\\\/\\\/kuzeyinsesi.org\\\/index.php\\\/2024\\\/06\\\/26\\\/cumhurbaskani-tatar-sevilay-sadikoglunun-hayatini-anlatan-belgeseli-izledi\\\/\",\"name\":\"Cumhurba\u015fkan\u0131 Tatar, Sevilay Sad\u0131ko\u011flu\u2019nun hayat\u0131n\u0131 anlatan belgeseli izledi - Kuzeyin Sesi\",\"isPartOf\":{\"@id\":\"https:\\\/\\\/kuzeyinsesi.org\\\/#website\"},\"primaryImageOfPage\":{\"@id\":\"https:\\\/\\\/kuzeyinsesi.org\\\/index.php\\\/2024\\\/06\\\/26\\\/cumhurbaskani-tatar-sevilay-sadikoglunun-hayatini-anlatan-belgeseli-izledi\\\/#primaryimage\"},\"image\":{\"@id\":\"https:\\\/\\\/kuzeyinsesi.org\\\/index.php\\\/2024\\\/06\\\/26\\\/cumhurbaskani-tatar-sevilay-sadikoglunun-hayatini-anlatan-belgeseli-izledi\\\/#primaryimage\"},\"thumbnailUrl\":\"https:\\\/\\\/kuzeyinsesi.org\\\/wp-content\\\/uploads\\\/2024\\\/06\\\/tatar-sevilay-sadikoglu-belgesel3.jpg\",\"datePublished\":\"2024-06-26T14:28:12+00:00\",\"author\":{\"@id\":\"https:\\\/\\\/kuzeyinsesi.org\\\/#\\\/schema\\\/person\\\/9f859689cdf01485597712386e37f5aa\"},\"breadcrumb\":{\"@id\":\"https:\\\/\\\/kuzeyinsesi.org\\\/index.php\\\/2024\\\/06\\\/26\\\/cumhurbaskani-tatar-sevilay-sadikoglunun-hayatini-anlatan-belgeseli-izledi\\\/#breadcrumb\"},\"inLanguage\":\"tr\",\"potentialAction\":[{\"@type\":\"ReadAction\",\"target\":[\"https:\\\/\\\/kuzeyinsesi.org\\\/index.php\\\/2024\\\/06\\\/26\\\/cumhurbaskani-tatar-sevilay-sadikoglunun-hayatini-anlatan-belgeseli-izledi\\\/\"]}]},{\"@type\":\"ImageObject\",\"inLanguage\":\"tr\",\"@id\":\"https:\\\/\\\/kuzeyinsesi.org\\\/index.php\\\/2024\\\/06\\\/26\\\/cumhurbaskani-tatar-sevilay-sadikoglunun-hayatini-anlatan-belgeseli-izledi\\\/#primaryimage\",\"url\":\"https:\\\/\\\/kuzeyinsesi.org\\\/wp-content\\\/uploads\\\/2024\\\/06\\\/tatar-sevilay-sadikoglu-belgesel3.jpg\",\"contentUrl\":\"https:\\\/\\\/kuzeyinsesi.org\\\/wp-content\\\/uploads\\\/2024\\\/06\\\/tatar-sevilay-sadikoglu-belgesel3.jpg\",\"width\":930,\"height\":465},{\"@type\":\"BreadcrumbList\",\"@id\":\"https:\\\/\\\/kuzeyinsesi.org\\\/index.php\\\/2024\\\/06\\\/26\\\/cumhurbaskani-tatar-sevilay-sadikoglunun-hayatini-anlatan-belgeseli-izledi\\\/#breadcrumb\",\"itemListElement\":[{\"@type\":\"ListItem\",\"position\":1,\"name\":\"Anasayfa\",\"item\":\"https:\\\/\\\/kuzeyinsesi.org\\\/\"},{\"@type\":\"ListItem\",\"position\":2,\"name\":\"Cumhurba\u015fkan\u0131 Tatar, Sevilay Sad\u0131ko\u011flu\u2019nun hayat\u0131n\u0131 anlatan belgeseli izledi\"}]},{\"@type\":\"WebSite\",\"@id\":\"https:\\\/\\\/kuzeyinsesi.org\\\/#website\",\"url\":\"https:\\\/\\\/kuzeyinsesi.org\\\/\",\"name\":\"Kuzeyin Sesi\",\"description\":\"Do\u011fru Haberin Adresi\",\"potentialAction\":[{\"@type\":\"SearchAction\",\"target\":{\"@type\":\"EntryPoint\",\"urlTemplate\":\"https:\\\/\\\/kuzeyinsesi.org\\\/?s={search_term_string}\"},\"query-input\":{\"@type\":\"PropertyValueSpecification\",\"valueRequired\":true,\"valueName\":\"search_term_string\"}}],\"inLanguage\":\"tr\"},{\"@type\":\"Person\",\"@id\":\"https:\\\/\\\/kuzeyinsesi.org\\\/#\\\/schema\\\/person\\\/9f859689cdf01485597712386e37f5aa\",\"name\":\"Kuzeyin Sesi\",\"image\":{\"@type\":\"ImageObject\",\"inLanguage\":\"tr\",\"@id\":\"https:\\\/\\\/secure.gravatar.com\\\/avatar\\\/bab33852abfd8b282518d6ed81826833d77c3c882d9ab608add591ccace47a44?s=96&d=mm&r=g\",\"url\":\"https:\\\/\\\/secure.gravatar.com\\\/avatar\\\/bab33852abfd8b282518d6ed81826833d77c3c882d9ab608add591ccace47a44?s=96&d=mm&r=g\",\"contentUrl\":\"https:\\\/\\\/secure.gravatar.com\\\/avatar\\\/bab33852abfd8b282518d6ed81826833d77c3c882d9ab608add591ccace47a44?s=96&d=mm&r=g\",\"caption\":\"Kuzeyin Sesi\"},\"sameAs\":[\"https:\\\/\\\/kuzeyinsesi.org\"],\"url\":\"https:\\\/\\\/kuzeyinsesi.org\\\/index.php\\\/author\\\/guven\\\/\"}]}<\/script>\n<!-- \/ Yoast SEO plugin. -->","yoast_head_json":{"title":"Cumhurba\u015fkan\u0131 Tatar, Sevilay Sad\u0131ko\u011flu\u2019nun hayat\u0131n\u0131 anlatan belgeseli izledi - Kuzeyin Sesi","robots":{"index":"index","follow":"follow","max-snippet":"max-snippet:-1","max-image-preview":"max-image-preview:large","max-video-preview":"max-video-preview:-1"},"canonical":"https:\/\/kuzeyinsesi.org\/index.php\/2024\/06\/26\/cumhurbaskani-tatar-sevilay-sadikoglunun-hayatini-anlatan-belgeseli-izledi\/","og_locale":"tr_TR","og_type":"article","og_title":"Cumhurba\u015fkan\u0131 Tatar, Sevilay Sad\u0131ko\u011flu\u2019nun hayat\u0131n\u0131 anlatan belgeseli izledi - Kuzeyin Sesi","og_description":"Cumhurba\u015fkan\u0131 Ersin Tatar, K\u0131br\u0131s Kad\u0131n \u00d6yk\u00fcleri Derne\u011fi (K\u00d6DER) taraf\u0131ndan haz\u0131rlanan Sevilay Sad\u0131ko\u011flu\u2019nun hayat\u0131n\u0131 anlatan belgesel g\u00f6sterimine kat\u0131ld\u0131. Cumhurba\u015fkanl\u0131\u011f\u0131\u2019ndan yap\u0131lan a\u00e7\u0131klamaya g\u00f6re, Lefko\u015fa\u2019daki Atat\u00fcrk K\u00fclt\u00fcr Merkezi\u2019nde ger\u00e7ekle\u015fen etkinlikte konu\u015fan Tatar, K\u00d6DER\u2019i yapt\u0131\u011f\u0131 22\u2019nci belgeselden dolay\u0131 tebrik etti. Belgeselin ortaya \u00e7\u0131kmas\u0131nda, haz\u0131rlanmas\u0131nda ve g\u00f6steriminde eme\u011fi ge\u00e7enlere te\u015fekk\u00fcr eden Tatar, \u201cK\u0131br\u0131s T\u00fcrk\u00fc 22 \u00f6nemli kad\u0131n\u0131n hayat hikayesinin anlat\u0131ld\u0131\u011f\u0131 [&hellip;]","og_url":"https:\/\/kuzeyinsesi.org\/index.php\/2024\/06\/26\/cumhurbaskani-tatar-sevilay-sadikoglunun-hayatini-anlatan-belgeseli-izledi\/","og_site_name":"Kuzeyin Sesi","article_publisher":"https:\/\/www.facebook.com\/kuzeyinsesii","article_published_time":"2024-06-26T14:28:12+00:00","og_image":[{"width":930,"height":465,"url":"https:\/\/kuzeyinsesi.org\/wp-content\/uploads\/2024\/06\/tatar-sevilay-sadikoglu-belgesel3.jpg","type":"image\/jpeg"}],"author":"Kuzeyin Sesi","twitter_card":"summary_large_image","twitter_creator":"@kuzeyinsesii","twitter_site":"@kuzeyinsesii","twitter_misc":{"Yazan:":"Kuzeyin Sesi","Tahmini okuma s\u00fcresi":"1 dakika"},"schema":{"@context":"https:\/\/schema.org","@graph":[{"@type":"Article","@id":"https:\/\/kuzeyinsesi.org\/index.php\/2024\/06\/26\/cumhurbaskani-tatar-sevilay-sadikoglunun-hayatini-anlatan-belgeseli-izledi\/#article","isPartOf":{"@id":"https:\/\/kuzeyinsesi.org\/index.php\/2024\/06\/26\/cumhurbaskani-tatar-sevilay-sadikoglunun-hayatini-anlatan-belgeseli-izledi\/"},"author":{"name":"Kuzeyin Sesi","@id":"https:\/\/kuzeyinsesi.org\/#\/schema\/person\/9f859689cdf01485597712386e37f5aa"},"headline":"Cumhurba\u015fkan\u0131 Tatar, Sevilay Sad\u0131ko\u011flu\u2019nun hayat\u0131n\u0131 anlatan belgeseli izledi","datePublished":"2024-06-26T14:28:12+00:00","mainEntityOfPage":{"@id":"https:\/\/kuzeyinsesi.org\/index.php\/2024\/06\/26\/cumhurbaskani-tatar-sevilay-sadikoglunun-hayatini-anlatan-belgeseli-izledi\/"},"wordCount":262,"commentCount":0,"image":{"@id":"https:\/\/kuzeyinsesi.org\/index.php\/2024\/06\/26\/cumhurbaskani-tatar-sevilay-sadikoglunun-hayatini-anlatan-belgeseli-izledi\/#primaryimage"},"thumbnailUrl":"https:\/\/kuzeyinsesi.org\/wp-content\/uploads\/2024\/06\/tatar-sevilay-sadikoglu-belgesel3.jpg","articleSection":["Ya\u015fam"],"inLanguage":"tr","potentialAction":[{"@type":"CommentAction","name":"Comment","target":["https:\/\/kuzeyinsesi.org\/index.php\/2024\/06\/26\/cumhurbaskani-tatar-sevilay-sadikoglunun-hayatini-anlatan-belgeseli-izledi\/#respond"]}]},{"@type":"WebPage","@id":"https:\/\/kuzeyinsesi.org\/index.php\/2024\/06\/26\/cumhurbaskani-tatar-sevilay-sadikoglunun-hayatini-anlatan-belgeseli-izledi\/","url":"https:\/\/kuzeyinsesi.org\/index.php\/2024\/06\/26\/cumhurbaskani-tatar-sevilay-sadikoglunun-hayatini-anlatan-belgeseli-izledi\/","name":"Cumhurba\u015fkan\u0131 Tatar, Sevilay Sad\u0131ko\u011flu\u2019nun hayat\u0131n\u0131 anlatan belgeseli izledi - Kuzeyin Sesi","isPartOf":{"@id":"https:\/\/kuzeyinsesi.org\/#website"},"primaryImageOfPage":{"@id":"https:\/\/kuzeyinsesi.org\/index.php\/2024\/06\/26\/cumhurbaskani-tatar-sevilay-sadikoglunun-hayatini-anlatan-belgeseli-izledi\/#primaryimage"},"image":{"@id":"https:\/\/kuzeyinsesi.org\/index.php\/2024\/06\/26\/cumhurbaskani-tatar-sevilay-sadikoglunun-hayatini-anlatan-belgeseli-izledi\/#primaryimage"},"thumbnailUrl":"https:\/\/kuzeyinsesi.org\/wp-content\/uploads\/2024\/06\/tatar-sevilay-sadikoglu-belgesel3.jpg","datePublished":"2024-06-26T14:28:12+00:00","author":{"@id":"https:\/\/kuzeyinsesi.org\/#\/schema\/person\/9f859689cdf01485597712386e37f5aa"},"breadcrumb":{"@id":"https:\/\/kuzeyinsesi.org\/index.php\/2024\/06\/26\/cumhurbaskani-tatar-sevilay-sadikoglunun-hayatini-anlatan-belgeseli-izledi\/#breadcrumb"},"inLanguage":"tr","potentialAction":[{"@type":"ReadAction","target":["https:\/\/kuzeyinsesi.org\/index.php\/2024\/06\/26\/cumhurbaskani-tatar-sevilay-sadikoglunun-hayatini-anlatan-belgeseli-izledi\/"]}]},{"@type":"ImageObject","inLanguage":"tr","@id":"https:\/\/kuzeyinsesi.org\/index.php\/2024\/06\/26\/cumhurbaskani-tatar-sevilay-sadikoglunun-hayatini-anlatan-belgeseli-izledi\/#primaryimage","url":"https:\/\/kuzeyinsesi.org\/wp-content\/uploads\/2024\/06\/tatar-sevilay-sadikoglu-belgesel3.jpg","contentUrl":"https:\/\/kuzeyinsesi.org\/wp-content\/uploads\/2024\/06\/tatar-sevilay-sadikoglu-belgesel3.jpg","width":930,"height":465},{"@type":"BreadcrumbList","@id":"https:\/\/kuzeyinsesi.org\/index.php\/2024\/06\/26\/cumhurbaskani-tatar-sevilay-sadikoglunun-hayatini-anlatan-belgeseli-izledi\/#breadcrumb","itemListElement":[{"@type":"ListItem","position":1,"name":"Anasayfa","item":"https:\/\/kuzeyinsesi.org\/"},{"@type":"ListItem","position":2,"name":"Cumhurba\u015fkan\u0131 Tatar, Sevilay Sad\u0131ko\u011flu\u2019nun hayat\u0131n\u0131 anlatan belgeseli izledi"}]},{"@type":"WebSite","@id":"https:\/\/kuzeyinsesi.org\/#website","url":"https:\/\/kuzeyinsesi.org\/","name":"Kuzeyin Sesi","description":"Do\u011fru Haberin Adresi","potentialAction":[{"@type":"SearchAction","target":{"@type":"EntryPoint","urlTemplate":"https:\/\/kuzeyinsesi.org\/?s={search_term_string}"},"query-input":{"@type":"PropertyValueSpecification","valueRequired":true,"valueName":"search_term_string"}}],"inLanguage":"tr"},{"@type":"Person","@id":"https:\/\/kuzeyinsesi.org\/#\/schema\/person\/9f859689cdf01485597712386e37f5aa","name":"Kuzeyin Sesi","image":{"@type":"ImageObject","inLanguage":"tr","@id":"https:\/\/secure.gravatar.com\/avatar\/bab33852abfd8b282518d6ed81826833d77c3c882d9ab608add591ccace47a44?s=96&d=mm&r=g","url":"https:\/\/secure.gravatar.com\/avatar\/bab33852abfd8b282518d6ed81826833d77c3c882d9ab608add591ccace47a44?s=96&d=mm&r=g","contentUrl":"https:\/\/secure.gravatar.com\/avatar\/bab33852abfd8b282518d6ed81826833d77c3c882d9ab608add591ccace47a44?s=96&d=mm&r=g","caption":"Kuzeyin Sesi"},"sameAs":["https:\/\/kuzeyinsesi.org"],"url":"https:\/\/kuzeyinsesi.org\/index.php\/author\/guven\/"}]}},"_links":{"self":[{"href":"https:\/\/kuzeyinsesi.org\/index.php\/wp-json\/wp\/v2\/posts\/5361","targetHints":{"allow":["GET"]}}],"collection":[{"href":"https:\/\/kuzeyinsesi.org\/index.php\/wp-json\/wp\/v2\/posts"}],"about":[{"href":"https:\/\/kuzeyinsesi.org\/index.php\/wp-json\/wp\/v2\/types\/post"}],"author":[{"embeddable":true,"href":"https:\/\/kuzeyinsesi.org\/index.php\/wp-json\/wp\/v2\/users\/1"}],"replies":[{"embeddable":true,"href":"https:\/\/kuzeyinsesi.org\/index.php\/wp-json\/wp\/v2\/comments?post=5361"}],"version-history":[{"count":0,"href":"https:\/\/kuzeyinsesi.org\/index.php\/wp-json\/wp\/v2\/posts\/5361\/revisions"}],"wp:featuredmedia":[{"embeddable":true,"href":"https:\/\/kuzeyinsesi.org\/index.php\/wp-json\/wp\/v2\/media\/5362"}],"wp:attachment":[{"href":"https:\/\/kuzeyinsesi.org\/index.php\/wp-json\/wp\/v2\/media?parent=5361"}],"wp:term":[{"taxonomy":"category","embeddable":true,"href":"https:\/\/kuzeyinsesi.org\/index.php\/wp-json\/wp\/v2\/categories?post=5361"},{"taxonomy":"post_tag","embeddable":true,"href":"https:\/\/kuzeyinsesi.org\/index.php\/wp-json\/wp\/v2\/tags?post=5361"}],"curies":[{"name":"wp","href":"https:\/\/api.w.org\/{rel}","templated":true}]}}