{"id":5357,"date":"2024-06-26T16:27:11","date_gmt":"2024-06-26T13:27:11","guid":{"rendered":"https:\/\/kuzeyinsesi.com\/index.php\/2024\/06\/26\/lefkosa-belediye-orkestrasi-2023-2024-sezonunu-latin-ezgileri-konseri-ile-kapatti\/"},"modified":"2024-06-26T16:27:11","modified_gmt":"2024-06-26T13:27:11","slug":"lefkosa-belediye-orkestrasi-2023-2024-sezonunu-latin-ezgileri-konseri-ile-kapatti","status":"publish","type":"post","link":"https:\/\/kuzeyinsesi.org\/index.php\/2024\/06\/26\/lefkosa-belediye-orkestrasi-2023-2024-sezonunu-latin-ezgileri-konseri-ile-kapatti\/","title":{"rendered":"Lefko\u015fa Belediye Orkestras\u0131, 2023-2024 sezonunu Latin Ezgileri Konseri ile kapatt\u0131"},"content":{"rendered":"<div>\n<div class=\"mariselle-image-container none\">\n                                            <\/div>\n<p>Lefko\u015fa Belediye Orkestras\u0131 (LBO), 2023-2024 sezonunu d\u00fcn ak\u015fam ger\u00e7ekle\u015ftirdi\u011fi Latin Ezgileri Konseri ile kapatt\u0131.<\/p>\n<p>LBO\u2019dan verilen bilgiye g\u00f6re, Ark\u0131n Sayar\u2019\u0131n solist olarak yer ald\u0131\u011f\u0131 konseri baz\u0131 belediye meclisi \u00fcyeleri de izledi.<\/p>\n<p>Lefkeliler Han\u0131\u2019nda ger\u00e7ekle\u015ftirilen konserde LBO; Blue Bossa, Bessame Mucho, Dos Gardenias, Manha de Carnaval ve Sensiz Y\u0131llarda gibi sevilen par\u00e7alar\u0131n\u0131 icra etti.<\/p>\n<\/p><\/div>\n<p><script async\n                    defer\n                    crossorigin=\"anonymous\"\n                    src=\"https:\/\/connect.facebook.net\/tr_TR\/sdk.js#xfbml=1&#038;version=v3.3\"\n            ><\/script><\/p>\n","protected":false},"excerpt":{"rendered":"<p>Lefko\u015fa Belediye Orkestras\u0131 (LBO), 2023-2024 sezonunu d\u00fcn ak\u015fam ger\u00e7ekle\u015ftirdi\u011fi Latin Ezgileri Konseri ile kapatt\u0131. LBO\u2019dan verilen bilgiye g\u00f6re, Ark\u0131n Sayar\u2019\u0131n solist olarak yer ald\u0131\u011f\u0131 konseri baz\u0131 belediye meclisi \u00fcyeleri de izledi. Lefkeliler Han\u0131\u2019nda ger\u00e7ekle\u015ftirilen konserde LBO; Blue Bossa, Bessame Mucho, Dos Gardenias, Manha de Carnaval ve Sensiz Y\u0131llarda gibi sevilen par\u00e7alar\u0131n\u0131 icra etti.<\/p>\n","protected":false},"author":1,"featured_media":5358,"comment_status":"open","ping_status":"open","sticky":false,"template":"","format":"standard","meta":{"jnews-multi-image_gallery":[],"jnews_single_post":[],"jnews_primary_category":[],"jnews_social_meta":[],"jnews_override_counter":[],"footnotes":""},"categories":[6],"tags":[],"class_list":["post-5357","post","type-post","status-publish","format-standard","has-post-thumbnail","hentry","category-yasam"],"yoast_head":"<!-- This site is optimized with the Yoast SEO plugin v27.5 - https:\/\/yoast.com\/product\/yoast-seo-wordpress\/ -->\n<title>Lefko\u015fa Belediye Orkestras\u0131, 2023-2024 sezonunu Latin Ezgileri Konseri ile kapatt\u0131 - Kuzeyin Sesi<\/title>\n<meta name=\"robots\" content=\"index, follow, max-snippet:-1, max-image-preview:large, max-video-preview:-1\" \/>\n<link rel=\"canonical\" href=\"https:\/\/kuzeyinsesi.org\/index.php\/2024\/06\/26\/lefkosa-belediye-orkestrasi-2023-2024-sezonunu-latin-ezgileri-konseri-ile-kapatti\/\" \/>\n<meta property=\"og:locale\" content=\"tr_TR\" \/>\n<meta property=\"og:type\" content=\"article\" \/>\n<meta property=\"og:title\" content=\"Lefko\u015fa Belediye Orkestras\u0131, 2023-2024 sezonunu Latin Ezgileri Konseri ile kapatt\u0131 - Kuzeyin Sesi\" \/>\n<meta property=\"og:description\" content=\"Lefko\u015fa Belediye Orkestras\u0131 (LBO), 2023-2024 sezonunu d\u00fcn ak\u015fam ger\u00e7ekle\u015ftirdi\u011fi Latin Ezgileri Konseri ile kapatt\u0131. LBO\u2019dan verilen bilgiye g\u00f6re, Ark\u0131n Sayar\u2019\u0131n solist olarak yer ald\u0131\u011f\u0131 konseri baz\u0131 belediye meclisi \u00fcyeleri de izledi. Lefkeliler Han\u0131\u2019nda ger\u00e7ekle\u015ftirilen konserde LBO; Blue Bossa, Bessame Mucho, Dos Gardenias, Manha de Carnaval ve Sensiz Y\u0131llarda gibi sevilen par\u00e7alar\u0131n\u0131 icra etti.\" \/>\n<meta property=\"og:url\" content=\"https:\/\/kuzeyinsesi.org\/index.php\/2024\/06\/26\/lefkosa-belediye-orkestrasi-2023-2024-sezonunu-latin-ezgileri-konseri-ile-kapatti\/\" \/>\n<meta property=\"og:site_name\" content=\"Kuzeyin Sesi\" \/>\n<meta property=\"article:publisher\" content=\"https:\/\/www.facebook.com\/kuzeyinsesii\" \/>\n<meta property=\"article:published_time\" content=\"2024-06-26T13:27:11+00:00\" \/>\n<meta property=\"og:image\" content=\"https:\/\/kuzeyinsesi.org\/wp-content\/uploads\/2024\/06\/lefkosa-belediye-orkestrasi4.jpg\" \/>\n\t<meta property=\"og:image:width\" content=\"930\" \/>\n\t<meta property=\"og:image:height\" content=\"503\" \/>\n\t<meta property=\"og:image:type\" content=\"image\/jpeg\" \/>\n<meta name=\"author\" content=\"Kuzeyin Sesi\" \/>\n<meta name=\"twitter:card\" content=\"summary_large_image\" \/>\n<meta name=\"twitter:creator\" content=\"@kuzeyinsesii\" \/>\n<meta name=\"twitter:site\" content=\"@kuzeyinsesii\" \/>\n<meta name=\"twitter:label1\" content=\"Yazan:\" \/>\n\t<meta name=\"twitter:data1\" content=\"Kuzeyin Sesi\" \/>\n<script type=\"application\/ld+json\" class=\"yoast-schema-graph\">{\"@context\":\"https:\\\/\\\/schema.org\",\"@graph\":[{\"@type\":\"Article\",\"@id\":\"https:\\\/\\\/kuzeyinsesi.org\\\/index.php\\\/2024\\\/06\\\/26\\\/lefkosa-belediye-orkestrasi-2023-2024-sezonunu-latin-ezgileri-konseri-ile-kapatti\\\/#article\",\"isPartOf\":{\"@id\":\"https:\\\/\\\/kuzeyinsesi.org\\\/index.php\\\/2024\\\/06\\\/26\\\/lefkosa-belediye-orkestrasi-2023-2024-sezonunu-latin-ezgileri-konseri-ile-kapatti\\\/\"},\"author\":{\"name\":\"Kuzeyin Sesi\",\"@id\":\"https:\\\/\\\/kuzeyinsesi.org\\\/#\\\/schema\\\/person\\\/9f859689cdf01485597712386e37f5aa\"},\"headline\":\"Lefko\u015fa Belediye Orkestras\u0131, 2023-2024 sezonunu Latin Ezgileri Konseri ile kapatt\u0131\",\"datePublished\":\"2024-06-26T13:27:11+00:00\",\"mainEntityOfPage\":{\"@id\":\"https:\\\/\\\/kuzeyinsesi.org\\\/index.php\\\/2024\\\/06\\\/26\\\/lefkosa-belediye-orkestrasi-2023-2024-sezonunu-latin-ezgileri-konseri-ile-kapatti\\\/\"},\"wordCount\":80,\"commentCount\":0,\"image\":{\"@id\":\"https:\\\/\\\/kuzeyinsesi.org\\\/index.php\\\/2024\\\/06\\\/26\\\/lefkosa-belediye-orkestrasi-2023-2024-sezonunu-latin-ezgileri-konseri-ile-kapatti\\\/#primaryimage\"},\"thumbnailUrl\":\"https:\\\/\\\/kuzeyinsesi.org\\\/wp-content\\\/uploads\\\/2024\\\/06\\\/lefkosa-belediye-orkestrasi4.jpg\",\"articleSection\":[\"Ya\u015fam\"],\"inLanguage\":\"tr\",\"potentialAction\":[{\"@type\":\"CommentAction\",\"name\":\"Comment\",\"target\":[\"https:\\\/\\\/kuzeyinsesi.org\\\/index.php\\\/2024\\\/06\\\/26\\\/lefkosa-belediye-orkestrasi-2023-2024-sezonunu-latin-ezgileri-konseri-ile-kapatti\\\/#respond\"]}]},{\"@type\":\"WebPage\",\"@id\":\"https:\\\/\\\/kuzeyinsesi.org\\\/index.php\\\/2024\\\/06\\\/26\\\/lefkosa-belediye-orkestrasi-2023-2024-sezonunu-latin-ezgileri-konseri-ile-kapatti\\\/\",\"url\":\"https:\\\/\\\/kuzeyinsesi.org\\\/index.php\\\/2024\\\/06\\\/26\\\/lefkosa-belediye-orkestrasi-2023-2024-sezonunu-latin-ezgileri-konseri-ile-kapatti\\\/\",\"name\":\"Lefko\u015fa Belediye Orkestras\u0131, 2023-2024 sezonunu Latin Ezgileri Konseri ile kapatt\u0131 - Kuzeyin Sesi\",\"isPartOf\":{\"@id\":\"https:\\\/\\\/kuzeyinsesi.org\\\/#website\"},\"primaryImageOfPage\":{\"@id\":\"https:\\\/\\\/kuzeyinsesi.org\\\/index.php\\\/2024\\\/06\\\/26\\\/lefkosa-belediye-orkestrasi-2023-2024-sezonunu-latin-ezgileri-konseri-ile-kapatti\\\/#primaryimage\"},\"image\":{\"@id\":\"https:\\\/\\\/kuzeyinsesi.org\\\/index.php\\\/2024\\\/06\\\/26\\\/lefkosa-belediye-orkestrasi-2023-2024-sezonunu-latin-ezgileri-konseri-ile-kapatti\\\/#primaryimage\"},\"thumbnailUrl\":\"https:\\\/\\\/kuzeyinsesi.org\\\/wp-content\\\/uploads\\\/2024\\\/06\\\/lefkosa-belediye-orkestrasi4.jpg\",\"datePublished\":\"2024-06-26T13:27:11+00:00\",\"author\":{\"@id\":\"https:\\\/\\\/kuzeyinsesi.org\\\/#\\\/schema\\\/person\\\/9f859689cdf01485597712386e37f5aa\"},\"breadcrumb\":{\"@id\":\"https:\\\/\\\/kuzeyinsesi.org\\\/index.php\\\/2024\\\/06\\\/26\\\/lefkosa-belediye-orkestrasi-2023-2024-sezonunu-latin-ezgileri-konseri-ile-kapatti\\\/#breadcrumb\"},\"inLanguage\":\"tr\",\"potentialAction\":[{\"@type\":\"ReadAction\",\"target\":[\"https:\\\/\\\/kuzeyinsesi.org\\\/index.php\\\/2024\\\/06\\\/26\\\/lefkosa-belediye-orkestrasi-2023-2024-sezonunu-latin-ezgileri-konseri-ile-kapatti\\\/\"]}]},{\"@type\":\"ImageObject\",\"inLanguage\":\"tr\",\"@id\":\"https:\\\/\\\/kuzeyinsesi.org\\\/index.php\\\/2024\\\/06\\\/26\\\/lefkosa-belediye-orkestrasi-2023-2024-sezonunu-latin-ezgileri-konseri-ile-kapatti\\\/#primaryimage\",\"url\":\"https:\\\/\\\/kuzeyinsesi.org\\\/wp-content\\\/uploads\\\/2024\\\/06\\\/lefkosa-belediye-orkestrasi4.jpg\",\"contentUrl\":\"https:\\\/\\\/kuzeyinsesi.org\\\/wp-content\\\/uploads\\\/2024\\\/06\\\/lefkosa-belediye-orkestrasi4.jpg\",\"width\":930,\"height\":503},{\"@type\":\"BreadcrumbList\",\"@id\":\"https:\\\/\\\/kuzeyinsesi.org\\\/index.php\\\/2024\\\/06\\\/26\\\/lefkosa-belediye-orkestrasi-2023-2024-sezonunu-latin-ezgileri-konseri-ile-kapatti\\\/#breadcrumb\",\"itemListElement\":[{\"@type\":\"ListItem\",\"position\":1,\"name\":\"Anasayfa\",\"item\":\"https:\\\/\\\/kuzeyinsesi.org\\\/\"},{\"@type\":\"ListItem\",\"position\":2,\"name\":\"Lefko\u015fa Belediye Orkestras\u0131, 2023-2024 sezonunu Latin Ezgileri Konseri ile kapatt\u0131\"}]},{\"@type\":\"WebSite\",\"@id\":\"https:\\\/\\\/kuzeyinsesi.org\\\/#website\",\"url\":\"https:\\\/\\\/kuzeyinsesi.org\\\/\",\"name\":\"Kuzeyin Sesi\",\"description\":\"Do\u011fru Haberin Adresi\",\"potentialAction\":[{\"@type\":\"SearchAction\",\"target\":{\"@type\":\"EntryPoint\",\"urlTemplate\":\"https:\\\/\\\/kuzeyinsesi.org\\\/?s={search_term_string}\"},\"query-input\":{\"@type\":\"PropertyValueSpecification\",\"valueRequired\":true,\"valueName\":\"search_term_string\"}}],\"inLanguage\":\"tr\"},{\"@type\":\"Person\",\"@id\":\"https:\\\/\\\/kuzeyinsesi.org\\\/#\\\/schema\\\/person\\\/9f859689cdf01485597712386e37f5aa\",\"name\":\"Kuzeyin Sesi\",\"image\":{\"@type\":\"ImageObject\",\"inLanguage\":\"tr\",\"@id\":\"https:\\\/\\\/secure.gravatar.com\\\/avatar\\\/bab33852abfd8b282518d6ed81826833d77c3c882d9ab608add591ccace47a44?s=96&d=mm&r=g\",\"url\":\"https:\\\/\\\/secure.gravatar.com\\\/avatar\\\/bab33852abfd8b282518d6ed81826833d77c3c882d9ab608add591ccace47a44?s=96&d=mm&r=g\",\"contentUrl\":\"https:\\\/\\\/secure.gravatar.com\\\/avatar\\\/bab33852abfd8b282518d6ed81826833d77c3c882d9ab608add591ccace47a44?s=96&d=mm&r=g\",\"caption\":\"Kuzeyin Sesi\"},\"sameAs\":[\"https:\\\/\\\/kuzeyinsesi.org\"],\"url\":\"https:\\\/\\\/kuzeyinsesi.org\\\/index.php\\\/author\\\/guven\\\/\"}]}<\/script>\n<!-- \/ Yoast SEO plugin. -->","yoast_head_json":{"title":"Lefko\u015fa Belediye Orkestras\u0131, 2023-2024 sezonunu Latin Ezgileri Konseri ile kapatt\u0131 - Kuzeyin Sesi","robots":{"index":"index","follow":"follow","max-snippet":"max-snippet:-1","max-image-preview":"max-image-preview:large","max-video-preview":"max-video-preview:-1"},"canonical":"https:\/\/kuzeyinsesi.org\/index.php\/2024\/06\/26\/lefkosa-belediye-orkestrasi-2023-2024-sezonunu-latin-ezgileri-konseri-ile-kapatti\/","og_locale":"tr_TR","og_type":"article","og_title":"Lefko\u015fa Belediye Orkestras\u0131, 2023-2024 sezonunu Latin Ezgileri Konseri ile kapatt\u0131 - Kuzeyin Sesi","og_description":"Lefko\u015fa Belediye Orkestras\u0131 (LBO), 2023-2024 sezonunu d\u00fcn ak\u015fam ger\u00e7ekle\u015ftirdi\u011fi Latin Ezgileri Konseri ile kapatt\u0131. LBO\u2019dan verilen bilgiye g\u00f6re, Ark\u0131n Sayar\u2019\u0131n solist olarak yer ald\u0131\u011f\u0131 konseri baz\u0131 belediye meclisi \u00fcyeleri de izledi. Lefkeliler Han\u0131\u2019nda ger\u00e7ekle\u015ftirilen konserde LBO; Blue Bossa, Bessame Mucho, Dos Gardenias, Manha de Carnaval ve Sensiz Y\u0131llarda gibi sevilen par\u00e7alar\u0131n\u0131 icra etti.","og_url":"https:\/\/kuzeyinsesi.org\/index.php\/2024\/06\/26\/lefkosa-belediye-orkestrasi-2023-2024-sezonunu-latin-ezgileri-konseri-ile-kapatti\/","og_site_name":"Kuzeyin Sesi","article_publisher":"https:\/\/www.facebook.com\/kuzeyinsesii","article_published_time":"2024-06-26T13:27:11+00:00","og_image":[{"width":930,"height":503,"url":"https:\/\/kuzeyinsesi.org\/wp-content\/uploads\/2024\/06\/lefkosa-belediye-orkestrasi4.jpg","type":"image\/jpeg"}],"author":"Kuzeyin Sesi","twitter_card":"summary_large_image","twitter_creator":"@kuzeyinsesii","twitter_site":"@kuzeyinsesii","twitter_misc":{"Yazan:":"Kuzeyin Sesi"},"schema":{"@context":"https:\/\/schema.org","@graph":[{"@type":"Article","@id":"https:\/\/kuzeyinsesi.org\/index.php\/2024\/06\/26\/lefkosa-belediye-orkestrasi-2023-2024-sezonunu-latin-ezgileri-konseri-ile-kapatti\/#article","isPartOf":{"@id":"https:\/\/kuzeyinsesi.org\/index.php\/2024\/06\/26\/lefkosa-belediye-orkestrasi-2023-2024-sezonunu-latin-ezgileri-konseri-ile-kapatti\/"},"author":{"name":"Kuzeyin Sesi","@id":"https:\/\/kuzeyinsesi.org\/#\/schema\/person\/9f859689cdf01485597712386e37f5aa"},"headline":"Lefko\u015fa Belediye Orkestras\u0131, 2023-2024 sezonunu Latin Ezgileri Konseri ile kapatt\u0131","datePublished":"2024-06-26T13:27:11+00:00","mainEntityOfPage":{"@id":"https:\/\/kuzeyinsesi.org\/index.php\/2024\/06\/26\/lefkosa-belediye-orkestrasi-2023-2024-sezonunu-latin-ezgileri-konseri-ile-kapatti\/"},"wordCount":80,"commentCount":0,"image":{"@id":"https:\/\/kuzeyinsesi.org\/index.php\/2024\/06\/26\/lefkosa-belediye-orkestrasi-2023-2024-sezonunu-latin-ezgileri-konseri-ile-kapatti\/#primaryimage"},"thumbnailUrl":"https:\/\/kuzeyinsesi.org\/wp-content\/uploads\/2024\/06\/lefkosa-belediye-orkestrasi4.jpg","articleSection":["Ya\u015fam"],"inLanguage":"tr","potentialAction":[{"@type":"CommentAction","name":"Comment","target":["https:\/\/kuzeyinsesi.org\/index.php\/2024\/06\/26\/lefkosa-belediye-orkestrasi-2023-2024-sezonunu-latin-ezgileri-konseri-ile-kapatti\/#respond"]}]},{"@type":"WebPage","@id":"https:\/\/kuzeyinsesi.org\/index.php\/2024\/06\/26\/lefkosa-belediye-orkestrasi-2023-2024-sezonunu-latin-ezgileri-konseri-ile-kapatti\/","url":"https:\/\/kuzeyinsesi.org\/index.php\/2024\/06\/26\/lefkosa-belediye-orkestrasi-2023-2024-sezonunu-latin-ezgileri-konseri-ile-kapatti\/","name":"Lefko\u015fa Belediye Orkestras\u0131, 2023-2024 sezonunu Latin Ezgileri Konseri ile kapatt\u0131 - Kuzeyin Sesi","isPartOf":{"@id":"https:\/\/kuzeyinsesi.org\/#website"},"primaryImageOfPage":{"@id":"https:\/\/kuzeyinsesi.org\/index.php\/2024\/06\/26\/lefkosa-belediye-orkestrasi-2023-2024-sezonunu-latin-ezgileri-konseri-ile-kapatti\/#primaryimage"},"image":{"@id":"https:\/\/kuzeyinsesi.org\/index.php\/2024\/06\/26\/lefkosa-belediye-orkestrasi-2023-2024-sezonunu-latin-ezgileri-konseri-ile-kapatti\/#primaryimage"},"thumbnailUrl":"https:\/\/kuzeyinsesi.org\/wp-content\/uploads\/2024\/06\/lefkosa-belediye-orkestrasi4.jpg","datePublished":"2024-06-26T13:27:11+00:00","author":{"@id":"https:\/\/kuzeyinsesi.org\/#\/schema\/person\/9f859689cdf01485597712386e37f5aa"},"breadcrumb":{"@id":"https:\/\/kuzeyinsesi.org\/index.php\/2024\/06\/26\/lefkosa-belediye-orkestrasi-2023-2024-sezonunu-latin-ezgileri-konseri-ile-kapatti\/#breadcrumb"},"inLanguage":"tr","potentialAction":[{"@type":"ReadAction","target":["https:\/\/kuzeyinsesi.org\/index.php\/2024\/06\/26\/lefkosa-belediye-orkestrasi-2023-2024-sezonunu-latin-ezgileri-konseri-ile-kapatti\/"]}]},{"@type":"ImageObject","inLanguage":"tr","@id":"https:\/\/kuzeyinsesi.org\/index.php\/2024\/06\/26\/lefkosa-belediye-orkestrasi-2023-2024-sezonunu-latin-ezgileri-konseri-ile-kapatti\/#primaryimage","url":"https:\/\/kuzeyinsesi.org\/wp-content\/uploads\/2024\/06\/lefkosa-belediye-orkestrasi4.jpg","contentUrl":"https:\/\/kuzeyinsesi.org\/wp-content\/uploads\/2024\/06\/lefkosa-belediye-orkestrasi4.jpg","width":930,"height":503},{"@type":"BreadcrumbList","@id":"https:\/\/kuzeyinsesi.org\/index.php\/2024\/06\/26\/lefkosa-belediye-orkestrasi-2023-2024-sezonunu-latin-ezgileri-konseri-ile-kapatti\/#breadcrumb","itemListElement":[{"@type":"ListItem","position":1,"name":"Anasayfa","item":"https:\/\/kuzeyinsesi.org\/"},{"@type":"ListItem","position":2,"name":"Lefko\u015fa Belediye Orkestras\u0131, 2023-2024 sezonunu Latin Ezgileri Konseri ile kapatt\u0131"}]},{"@type":"WebSite","@id":"https:\/\/kuzeyinsesi.org\/#website","url":"https:\/\/kuzeyinsesi.org\/","name":"Kuzeyin Sesi","description":"Do\u011fru Haberin Adresi","potentialAction":[{"@type":"SearchAction","target":{"@type":"EntryPoint","urlTemplate":"https:\/\/kuzeyinsesi.org\/?s={search_term_string}"},"query-input":{"@type":"PropertyValueSpecification","valueRequired":true,"valueName":"search_term_string"}}],"inLanguage":"tr"},{"@type":"Person","@id":"https:\/\/kuzeyinsesi.org\/#\/schema\/person\/9f859689cdf01485597712386e37f5aa","name":"Kuzeyin Sesi","image":{"@type":"ImageObject","inLanguage":"tr","@id":"https:\/\/secure.gravatar.com\/avatar\/bab33852abfd8b282518d6ed81826833d77c3c882d9ab608add591ccace47a44?s=96&d=mm&r=g","url":"https:\/\/secure.gravatar.com\/avatar\/bab33852abfd8b282518d6ed81826833d77c3c882d9ab608add591ccace47a44?s=96&d=mm&r=g","contentUrl":"https:\/\/secure.gravatar.com\/avatar\/bab33852abfd8b282518d6ed81826833d77c3c882d9ab608add591ccace47a44?s=96&d=mm&r=g","caption":"Kuzeyin Sesi"},"sameAs":["https:\/\/kuzeyinsesi.org"],"url":"https:\/\/kuzeyinsesi.org\/index.php\/author\/guven\/"}]}},"_links":{"self":[{"href":"https:\/\/kuzeyinsesi.org\/index.php\/wp-json\/wp\/v2\/posts\/5357","targetHints":{"allow":["GET"]}}],"collection":[{"href":"https:\/\/kuzeyinsesi.org\/index.php\/wp-json\/wp\/v2\/posts"}],"about":[{"href":"https:\/\/kuzeyinsesi.org\/index.php\/wp-json\/wp\/v2\/types\/post"}],"author":[{"embeddable":true,"href":"https:\/\/kuzeyinsesi.org\/index.php\/wp-json\/wp\/v2\/users\/1"}],"replies":[{"embeddable":true,"href":"https:\/\/kuzeyinsesi.org\/index.php\/wp-json\/wp\/v2\/comments?post=5357"}],"version-history":[{"count":0,"href":"https:\/\/kuzeyinsesi.org\/index.php\/wp-json\/wp\/v2\/posts\/5357\/revisions"}],"wp:featuredmedia":[{"embeddable":true,"href":"https:\/\/kuzeyinsesi.org\/index.php\/wp-json\/wp\/v2\/media\/5358"}],"wp:attachment":[{"href":"https:\/\/kuzeyinsesi.org\/index.php\/wp-json\/wp\/v2\/media?parent=5357"}],"wp:term":[{"taxonomy":"category","embeddable":true,"href":"https:\/\/kuzeyinsesi.org\/index.php\/wp-json\/wp\/v2\/categories?post=5357"},{"taxonomy":"post_tag","embeddable":true,"href":"https:\/\/kuzeyinsesi.org\/index.php\/wp-json\/wp\/v2\/tags?post=5357"}],"curies":[{"name":"wp","href":"https:\/\/api.w.org\/{rel}","templated":true}]}}