{"id":5333,"date":"2024-06-26T12:19:44","date_gmt":"2024-06-26T09:19:44","guid":{"rendered":"https:\/\/kuzeyinsesi.com\/index.php\/2024\/06\/26\/degirmenlik-demirhan-ve-minarelikoy-koy-kadin-kursu-yil-sonu-sergisi-yapildi\/"},"modified":"2024-06-26T12:19:44","modified_gmt":"2024-06-26T09:19:44","slug":"degirmenlik-demirhan-ve-minarelikoy-koy-kadin-kursu-yil-sonu-sergisi-yapildi","status":"publish","type":"post","link":"https:\/\/kuzeyinsesi.org\/index.php\/2024\/06\/26\/degirmenlik-demirhan-ve-minarelikoy-koy-kadin-kursu-yil-sonu-sergisi-yapildi\/","title":{"rendered":"De\u011firmenlik, Demirhan ve Minarelik\u00f6y K\u00f6y Kad\u0131n Kursu y\u0131l sonu sergisi yap\u0131ld\u0131."},"content":{"rendered":"<div>\n<div class=\"mariselle-image-container center\">\n                                            <\/div>\n<p>De\u011firmenlik, Demirhan ve Minarelik\u00f6y K\u00f6y Kad\u0131n Kursu y\u0131l sonu sergisinin a\u00e7\u0131l\u0131\u015f\u0131 De\u011firmenlik Ak\u0131nc\u0131lar Belediyesi Ba\u015fkan\u0131 Ali Karavezirler\u2019in kat\u0131l\u0131m\u0131yla ger\u00e7ekle\u015fti.<\/p>\n<div class=\"mariselle-image-container center\">\n                <img decoding=\"async\" width=\"2560\" height=\"1707\" class=\"lazy-image\" alt=\"\" sizes=\"(max-width: 2560px) 100vw, 2560px\" src=\"https:\/\/brtk.net\/wp-content\/uploads\/2024\/06\/26\/0G3A3537-scaled.jpg?ver=3ce31ad8ac2e4699a9936e1769a22ea0\" srcset=\"https:\/\/brtk.net\/wp-content\/uploads\/2024\/06\/26\/0G3A3537-scaled.jpg?ver=3ce31ad8ac2e4699a9936e1769a22ea0 2560w, https:\/\/brtk.net\/wp-content\/uploads\/2024\/06\/26\/0G3A3537-300x200.jpg?ver=b5ace9fa0eabcbd8055fbb2bdfbbbbaf 300w, https:\/\/brtk.net\/wp-content\/uploads\/2024\/06\/26\/0G3A3537-1024x683.jpg?ver=f6e987c7b214e6b1567408519f28cc02 1024w, https:\/\/brtk.net\/wp-content\/uploads\/2024\/06\/26\/0G3A3537-768x512.jpg?ver=5688527dafe32340ef37777bcb11a136 768w, https:\/\/brtk.net\/wp-content\/uploads\/2024\/06\/26\/0G3A3537-1536x1024.jpg?ver=b62d5572325239ff60f3bf5191615c9c 1536w, https:\/\/brtk.net\/wp-content\/uploads\/2024\/06\/26\/0G3A3537-2048x1365.jpg?ver=e2e02df0cbeffe2b5e2e9d0b43ed70f4 2048w\"\/>                            <\/div>\n<p>Ba\u015fkan Karavezirler a\u00e7\u0131l\u0131\u015fta yapt\u0131\u011f\u0131 konu\u015fmada kurs \u00f6\u011fretmeni Amber Unus ve t\u00fcm kursiyerlere emeklerinden dolay\u0131 te\u015fekk\u00fcr etti. Karavezirler konu\u015fmas\u0131n\u0131n devam\u0131nda yap\u0131lan bu eserlerin kursiyerler i\u00e7in bir kazan\u00e7 kap\u0131s\u0131 olabilmesi ad\u0131na \u00e7al\u0131\u015fmalar\u0131n yap\u0131ld\u0131\u011f\u0131n\u0131da dile getirdi.<\/p>\n<div class=\"mariselle-image-container center\">\n                <img decoding=\"async\" width=\"2560\" height=\"1707\" class=\"lazy-image\" alt=\"\" sizes=\"(max-width: 2560px) 100vw, 2560px\" src=\"https:\/\/brtk.net\/wp-content\/uploads\/2024\/06\/26\/0G3A3511-scaled.jpg?ver=10f08ae14c54e3fbe84916dd90df4e45\" srcset=\"https:\/\/brtk.net\/wp-content\/uploads\/2024\/06\/26\/0G3A3511-scaled.jpg?ver=10f08ae14c54e3fbe84916dd90df4e45 2560w, https:\/\/brtk.net\/wp-content\/uploads\/2024\/06\/26\/0G3A3511-300x200.jpg?ver=10f08ae14c54e3fbe84916dd90df4e45 300w, https:\/\/brtk.net\/wp-content\/uploads\/2024\/06\/26\/0G3A3511-1024x683.jpg?ver=95267e25b215b4a6e86c6b2b8725ba33 1024w, https:\/\/brtk.net\/wp-content\/uploads\/2024\/06\/26\/0G3A3511-768x512.jpg?ver=9fd8ae4d919dec546c6ffc720d29a92e 768w, https:\/\/brtk.net\/wp-content\/uploads\/2024\/06\/26\/0G3A3511-1536x1024.jpg?ver=295bc747ad93840a9d2d4847e906665b 1536w, https:\/\/brtk.net\/wp-content\/uploads\/2024\/06\/26\/0G3A3511-2048x1365.jpg?ver=bad11a61d33667af32d683487b75c5b4 2048w\"\/>                            <\/div><\/div>\n<p><script async\n                    defer\n                    crossorigin=\"anonymous\"\n                    src=\"https:\/\/connect.facebook.net\/tr_TR\/sdk.js#xfbml=1&#038;version=v3.3\"\n            ><\/script><\/p>\n","protected":false},"excerpt":{"rendered":"<p>De\u011firmenlik, Demirhan ve Minarelik\u00f6y K\u00f6y Kad\u0131n Kursu y\u0131l sonu sergisinin a\u00e7\u0131l\u0131\u015f\u0131 De\u011firmenlik Ak\u0131nc\u0131lar Belediyesi Ba\u015fkan\u0131 Ali Karavezirler\u2019in kat\u0131l\u0131m\u0131yla ger\u00e7ekle\u015fti. Ba\u015fkan Karavezirler a\u00e7\u0131l\u0131\u015fta yapt\u0131\u011f\u0131 konu\u015fmada kurs \u00f6\u011fretmeni Amber Unus ve t\u00fcm kursiyerlere emeklerinden dolay\u0131 te\u015fekk\u00fcr etti. Karavezirler konu\u015fmas\u0131n\u0131n devam\u0131nda yap\u0131lan bu eserlerin kursiyerler i\u00e7in bir kazan\u00e7 kap\u0131s\u0131 olabilmesi ad\u0131na \u00e7al\u0131\u015fmalar\u0131n yap\u0131ld\u0131\u011f\u0131n\u0131da dile getirdi.<\/p>\n","protected":false},"author":1,"featured_media":5334,"comment_status":"open","ping_status":"open","sticky":false,"template":"","format":"standard","meta":{"jnews-multi-image_gallery":[],"jnews_single_post":[],"jnews_primary_category":[],"jnews_social_meta":[],"jnews_override_counter":[],"footnotes":""},"categories":[6],"tags":[],"class_list":["post-5333","post","type-post","status-publish","format-standard","has-post-thumbnail","hentry","category-yasam"],"yoast_head":"<!-- This site is optimized with the Yoast SEO plugin v27.5 - https:\/\/yoast.com\/product\/yoast-seo-wordpress\/ -->\n<title>De\u011firmenlik, Demirhan ve Minarelik\u00f6y K\u00f6y Kad\u0131n Kursu y\u0131l sonu sergisi yap\u0131ld\u0131. - Kuzeyin Sesi<\/title>\n<meta name=\"robots\" content=\"index, follow, max-snippet:-1, max-image-preview:large, max-video-preview:-1\" \/>\n<link rel=\"canonical\" href=\"https:\/\/kuzeyinsesi.org\/index.php\/2024\/06\/26\/degirmenlik-demirhan-ve-minarelikoy-koy-kadin-kursu-yil-sonu-sergisi-yapildi\/\" \/>\n<meta property=\"og:locale\" content=\"tr_TR\" \/>\n<meta property=\"og:type\" content=\"article\" \/>\n<meta property=\"og:title\" content=\"De\u011firmenlik, Demirhan ve Minarelik\u00f6y K\u00f6y Kad\u0131n Kursu y\u0131l sonu sergisi yap\u0131ld\u0131. - Kuzeyin Sesi\" \/>\n<meta property=\"og:description\" content=\"De\u011firmenlik, Demirhan ve Minarelik\u00f6y K\u00f6y Kad\u0131n Kursu y\u0131l sonu sergisinin a\u00e7\u0131l\u0131\u015f\u0131 De\u011firmenlik Ak\u0131nc\u0131lar Belediyesi Ba\u015fkan\u0131 Ali Karavezirler\u2019in kat\u0131l\u0131m\u0131yla ger\u00e7ekle\u015fti. Ba\u015fkan Karavezirler a\u00e7\u0131l\u0131\u015fta yapt\u0131\u011f\u0131 konu\u015fmada kurs \u00f6\u011fretmeni Amber Unus ve t\u00fcm kursiyerlere emeklerinden dolay\u0131 te\u015fekk\u00fcr etti. Karavezirler konu\u015fmas\u0131n\u0131n devam\u0131nda yap\u0131lan bu eserlerin kursiyerler i\u00e7in bir kazan\u00e7 kap\u0131s\u0131 olabilmesi ad\u0131na \u00e7al\u0131\u015fmalar\u0131n yap\u0131ld\u0131\u011f\u0131n\u0131da dile getirdi.\" \/>\n<meta property=\"og:url\" content=\"https:\/\/kuzeyinsesi.org\/index.php\/2024\/06\/26\/degirmenlik-demirhan-ve-minarelikoy-koy-kadin-kursu-yil-sonu-sergisi-yapildi\/\" \/>\n<meta property=\"og:site_name\" content=\"Kuzeyin Sesi\" \/>\n<meta property=\"article:publisher\" content=\"https:\/\/www.facebook.com\/kuzeyinsesii\" \/>\n<meta property=\"article:published_time\" content=\"2024-06-26T09:19:44+00:00\" \/>\n<meta property=\"og:image\" content=\"https:\/\/kuzeyinsesi.org\/wp-content\/uploads\/2024\/06\/0G3A3511-scaled.jpg\" \/>\n\t<meta property=\"og:image:width\" content=\"2560\" \/>\n\t<meta property=\"og:image:height\" content=\"1707\" \/>\n\t<meta property=\"og:image:type\" content=\"image\/jpeg\" \/>\n<meta name=\"author\" content=\"Kuzeyin Sesi\" \/>\n<meta name=\"twitter:card\" content=\"summary_large_image\" \/>\n<meta name=\"twitter:creator\" content=\"@kuzeyinsesii\" \/>\n<meta name=\"twitter:site\" content=\"@kuzeyinsesii\" \/>\n<meta name=\"twitter:label1\" content=\"Yazan:\" \/>\n\t<meta name=\"twitter:data1\" content=\"Kuzeyin Sesi\" \/>\n<script type=\"application\/ld+json\" class=\"yoast-schema-graph\">{\"@context\":\"https:\\\/\\\/schema.org\",\"@graph\":[{\"@type\":\"Article\",\"@id\":\"https:\\\/\\\/kuzeyinsesi.org\\\/index.php\\\/2024\\\/06\\\/26\\\/degirmenlik-demirhan-ve-minarelikoy-koy-kadin-kursu-yil-sonu-sergisi-yapildi\\\/#article\",\"isPartOf\":{\"@id\":\"https:\\\/\\\/kuzeyinsesi.org\\\/index.php\\\/2024\\\/06\\\/26\\\/degirmenlik-demirhan-ve-minarelikoy-koy-kadin-kursu-yil-sonu-sergisi-yapildi\\\/\"},\"author\":{\"name\":\"Kuzeyin Sesi\",\"@id\":\"https:\\\/\\\/kuzeyinsesi.org\\\/#\\\/schema\\\/person\\\/9f859689cdf01485597712386e37f5aa\"},\"headline\":\"De\u011firmenlik, Demirhan ve Minarelik\u00f6y K\u00f6y Kad\u0131n Kursu y\u0131l sonu sergisi yap\u0131ld\u0131.\",\"datePublished\":\"2024-06-26T09:19:44+00:00\",\"mainEntityOfPage\":{\"@id\":\"https:\\\/\\\/kuzeyinsesi.org\\\/index.php\\\/2024\\\/06\\\/26\\\/degirmenlik-demirhan-ve-minarelikoy-koy-kadin-kursu-yil-sonu-sergisi-yapildi\\\/\"},\"wordCount\":105,\"commentCount\":0,\"image\":{\"@id\":\"https:\\\/\\\/kuzeyinsesi.org\\\/index.php\\\/2024\\\/06\\\/26\\\/degirmenlik-demirhan-ve-minarelikoy-koy-kadin-kursu-yil-sonu-sergisi-yapildi\\\/#primaryimage\"},\"thumbnailUrl\":\"https:\\\/\\\/kuzeyinsesi.org\\\/wp-content\\\/uploads\\\/2024\\\/06\\\/0G3A3511-scaled.jpg\",\"articleSection\":[\"Ya\u015fam\"],\"inLanguage\":\"tr\",\"potentialAction\":[{\"@type\":\"CommentAction\",\"name\":\"Comment\",\"target\":[\"https:\\\/\\\/kuzeyinsesi.org\\\/index.php\\\/2024\\\/06\\\/26\\\/degirmenlik-demirhan-ve-minarelikoy-koy-kadin-kursu-yil-sonu-sergisi-yapildi\\\/#respond\"]}]},{\"@type\":\"WebPage\",\"@id\":\"https:\\\/\\\/kuzeyinsesi.org\\\/index.php\\\/2024\\\/06\\\/26\\\/degirmenlik-demirhan-ve-minarelikoy-koy-kadin-kursu-yil-sonu-sergisi-yapildi\\\/\",\"url\":\"https:\\\/\\\/kuzeyinsesi.org\\\/index.php\\\/2024\\\/06\\\/26\\\/degirmenlik-demirhan-ve-minarelikoy-koy-kadin-kursu-yil-sonu-sergisi-yapildi\\\/\",\"name\":\"De\u011firmenlik, Demirhan ve Minarelik\u00f6y K\u00f6y Kad\u0131n Kursu y\u0131l sonu sergisi yap\u0131ld\u0131. - Kuzeyin Sesi\",\"isPartOf\":{\"@id\":\"https:\\\/\\\/kuzeyinsesi.org\\\/#website\"},\"primaryImageOfPage\":{\"@id\":\"https:\\\/\\\/kuzeyinsesi.org\\\/index.php\\\/2024\\\/06\\\/26\\\/degirmenlik-demirhan-ve-minarelikoy-koy-kadin-kursu-yil-sonu-sergisi-yapildi\\\/#primaryimage\"},\"image\":{\"@id\":\"https:\\\/\\\/kuzeyinsesi.org\\\/index.php\\\/2024\\\/06\\\/26\\\/degirmenlik-demirhan-ve-minarelikoy-koy-kadin-kursu-yil-sonu-sergisi-yapildi\\\/#primaryimage\"},\"thumbnailUrl\":\"https:\\\/\\\/kuzeyinsesi.org\\\/wp-content\\\/uploads\\\/2024\\\/06\\\/0G3A3511-scaled.jpg\",\"datePublished\":\"2024-06-26T09:19:44+00:00\",\"author\":{\"@id\":\"https:\\\/\\\/kuzeyinsesi.org\\\/#\\\/schema\\\/person\\\/9f859689cdf01485597712386e37f5aa\"},\"breadcrumb\":{\"@id\":\"https:\\\/\\\/kuzeyinsesi.org\\\/index.php\\\/2024\\\/06\\\/26\\\/degirmenlik-demirhan-ve-minarelikoy-koy-kadin-kursu-yil-sonu-sergisi-yapildi\\\/#breadcrumb\"},\"inLanguage\":\"tr\",\"potentialAction\":[{\"@type\":\"ReadAction\",\"target\":[\"https:\\\/\\\/kuzeyinsesi.org\\\/index.php\\\/2024\\\/06\\\/26\\\/degirmenlik-demirhan-ve-minarelikoy-koy-kadin-kursu-yil-sonu-sergisi-yapildi\\\/\"]}]},{\"@type\":\"ImageObject\",\"inLanguage\":\"tr\",\"@id\":\"https:\\\/\\\/kuzeyinsesi.org\\\/index.php\\\/2024\\\/06\\\/26\\\/degirmenlik-demirhan-ve-minarelikoy-koy-kadin-kursu-yil-sonu-sergisi-yapildi\\\/#primaryimage\",\"url\":\"https:\\\/\\\/kuzeyinsesi.org\\\/wp-content\\\/uploads\\\/2024\\\/06\\\/0G3A3511-scaled.jpg\",\"contentUrl\":\"https:\\\/\\\/kuzeyinsesi.org\\\/wp-content\\\/uploads\\\/2024\\\/06\\\/0G3A3511-scaled.jpg\",\"width\":2560,\"height\":1707},{\"@type\":\"BreadcrumbList\",\"@id\":\"https:\\\/\\\/kuzeyinsesi.org\\\/index.php\\\/2024\\\/06\\\/26\\\/degirmenlik-demirhan-ve-minarelikoy-koy-kadin-kursu-yil-sonu-sergisi-yapildi\\\/#breadcrumb\",\"itemListElement\":[{\"@type\":\"ListItem\",\"position\":1,\"name\":\"Anasayfa\",\"item\":\"https:\\\/\\\/kuzeyinsesi.org\\\/\"},{\"@type\":\"ListItem\",\"position\":2,\"name\":\"De\u011firmenlik, Demirhan ve Minarelik\u00f6y K\u00f6y Kad\u0131n Kursu y\u0131l sonu sergisi yap\u0131ld\u0131.\"}]},{\"@type\":\"WebSite\",\"@id\":\"https:\\\/\\\/kuzeyinsesi.org\\\/#website\",\"url\":\"https:\\\/\\\/kuzeyinsesi.org\\\/\",\"name\":\"Kuzeyin Sesi\",\"description\":\"Do\u011fru Haberin Adresi\",\"potentialAction\":[{\"@type\":\"SearchAction\",\"target\":{\"@type\":\"EntryPoint\",\"urlTemplate\":\"https:\\\/\\\/kuzeyinsesi.org\\\/?s={search_term_string}\"},\"query-input\":{\"@type\":\"PropertyValueSpecification\",\"valueRequired\":true,\"valueName\":\"search_term_string\"}}],\"inLanguage\":\"tr\"},{\"@type\":\"Person\",\"@id\":\"https:\\\/\\\/kuzeyinsesi.org\\\/#\\\/schema\\\/person\\\/9f859689cdf01485597712386e37f5aa\",\"name\":\"Kuzeyin Sesi\",\"image\":{\"@type\":\"ImageObject\",\"inLanguage\":\"tr\",\"@id\":\"https:\\\/\\\/secure.gravatar.com\\\/avatar\\\/bab33852abfd8b282518d6ed81826833d77c3c882d9ab608add591ccace47a44?s=96&d=mm&r=g\",\"url\":\"https:\\\/\\\/secure.gravatar.com\\\/avatar\\\/bab33852abfd8b282518d6ed81826833d77c3c882d9ab608add591ccace47a44?s=96&d=mm&r=g\",\"contentUrl\":\"https:\\\/\\\/secure.gravatar.com\\\/avatar\\\/bab33852abfd8b282518d6ed81826833d77c3c882d9ab608add591ccace47a44?s=96&d=mm&r=g\",\"caption\":\"Kuzeyin Sesi\"},\"sameAs\":[\"https:\\\/\\\/kuzeyinsesi.org\"],\"url\":\"https:\\\/\\\/kuzeyinsesi.org\\\/index.php\\\/author\\\/guven\\\/\"}]}<\/script>\n<!-- \/ Yoast SEO plugin. -->","yoast_head_json":{"title":"De\u011firmenlik, Demirhan ve Minarelik\u00f6y K\u00f6y Kad\u0131n Kursu y\u0131l sonu sergisi yap\u0131ld\u0131. - Kuzeyin Sesi","robots":{"index":"index","follow":"follow","max-snippet":"max-snippet:-1","max-image-preview":"max-image-preview:large","max-video-preview":"max-video-preview:-1"},"canonical":"https:\/\/kuzeyinsesi.org\/index.php\/2024\/06\/26\/degirmenlik-demirhan-ve-minarelikoy-koy-kadin-kursu-yil-sonu-sergisi-yapildi\/","og_locale":"tr_TR","og_type":"article","og_title":"De\u011firmenlik, Demirhan ve Minarelik\u00f6y K\u00f6y Kad\u0131n Kursu y\u0131l sonu sergisi yap\u0131ld\u0131. - Kuzeyin Sesi","og_description":"De\u011firmenlik, Demirhan ve Minarelik\u00f6y K\u00f6y Kad\u0131n Kursu y\u0131l sonu sergisinin a\u00e7\u0131l\u0131\u015f\u0131 De\u011firmenlik Ak\u0131nc\u0131lar Belediyesi Ba\u015fkan\u0131 Ali Karavezirler\u2019in kat\u0131l\u0131m\u0131yla ger\u00e7ekle\u015fti. Ba\u015fkan Karavezirler a\u00e7\u0131l\u0131\u015fta yapt\u0131\u011f\u0131 konu\u015fmada kurs \u00f6\u011fretmeni Amber Unus ve t\u00fcm kursiyerlere emeklerinden dolay\u0131 te\u015fekk\u00fcr etti. Karavezirler konu\u015fmas\u0131n\u0131n devam\u0131nda yap\u0131lan bu eserlerin kursiyerler i\u00e7in bir kazan\u00e7 kap\u0131s\u0131 olabilmesi ad\u0131na \u00e7al\u0131\u015fmalar\u0131n yap\u0131ld\u0131\u011f\u0131n\u0131da dile getirdi.","og_url":"https:\/\/kuzeyinsesi.org\/index.php\/2024\/06\/26\/degirmenlik-demirhan-ve-minarelikoy-koy-kadin-kursu-yil-sonu-sergisi-yapildi\/","og_site_name":"Kuzeyin Sesi","article_publisher":"https:\/\/www.facebook.com\/kuzeyinsesii","article_published_time":"2024-06-26T09:19:44+00:00","og_image":[{"width":2560,"height":1707,"url":"https:\/\/kuzeyinsesi.org\/wp-content\/uploads\/2024\/06\/0G3A3511-scaled.jpg","type":"image\/jpeg"}],"author":"Kuzeyin Sesi","twitter_card":"summary_large_image","twitter_creator":"@kuzeyinsesii","twitter_site":"@kuzeyinsesii","twitter_misc":{"Yazan:":"Kuzeyin Sesi"},"schema":{"@context":"https:\/\/schema.org","@graph":[{"@type":"Article","@id":"https:\/\/kuzeyinsesi.org\/index.php\/2024\/06\/26\/degirmenlik-demirhan-ve-minarelikoy-koy-kadin-kursu-yil-sonu-sergisi-yapildi\/#article","isPartOf":{"@id":"https:\/\/kuzeyinsesi.org\/index.php\/2024\/06\/26\/degirmenlik-demirhan-ve-minarelikoy-koy-kadin-kursu-yil-sonu-sergisi-yapildi\/"},"author":{"name":"Kuzeyin Sesi","@id":"https:\/\/kuzeyinsesi.org\/#\/schema\/person\/9f859689cdf01485597712386e37f5aa"},"headline":"De\u011firmenlik, Demirhan ve Minarelik\u00f6y K\u00f6y Kad\u0131n Kursu y\u0131l sonu sergisi yap\u0131ld\u0131.","datePublished":"2024-06-26T09:19:44+00:00","mainEntityOfPage":{"@id":"https:\/\/kuzeyinsesi.org\/index.php\/2024\/06\/26\/degirmenlik-demirhan-ve-minarelikoy-koy-kadin-kursu-yil-sonu-sergisi-yapildi\/"},"wordCount":105,"commentCount":0,"image":{"@id":"https:\/\/kuzeyinsesi.org\/index.php\/2024\/06\/26\/degirmenlik-demirhan-ve-minarelikoy-koy-kadin-kursu-yil-sonu-sergisi-yapildi\/#primaryimage"},"thumbnailUrl":"https:\/\/kuzeyinsesi.org\/wp-content\/uploads\/2024\/06\/0G3A3511-scaled.jpg","articleSection":["Ya\u015fam"],"inLanguage":"tr","potentialAction":[{"@type":"CommentAction","name":"Comment","target":["https:\/\/kuzeyinsesi.org\/index.php\/2024\/06\/26\/degirmenlik-demirhan-ve-minarelikoy-koy-kadin-kursu-yil-sonu-sergisi-yapildi\/#respond"]}]},{"@type":"WebPage","@id":"https:\/\/kuzeyinsesi.org\/index.php\/2024\/06\/26\/degirmenlik-demirhan-ve-minarelikoy-koy-kadin-kursu-yil-sonu-sergisi-yapildi\/","url":"https:\/\/kuzeyinsesi.org\/index.php\/2024\/06\/26\/degirmenlik-demirhan-ve-minarelikoy-koy-kadin-kursu-yil-sonu-sergisi-yapildi\/","name":"De\u011firmenlik, Demirhan ve Minarelik\u00f6y K\u00f6y Kad\u0131n Kursu y\u0131l sonu sergisi yap\u0131ld\u0131. - Kuzeyin Sesi","isPartOf":{"@id":"https:\/\/kuzeyinsesi.org\/#website"},"primaryImageOfPage":{"@id":"https:\/\/kuzeyinsesi.org\/index.php\/2024\/06\/26\/degirmenlik-demirhan-ve-minarelikoy-koy-kadin-kursu-yil-sonu-sergisi-yapildi\/#primaryimage"},"image":{"@id":"https:\/\/kuzeyinsesi.org\/index.php\/2024\/06\/26\/degirmenlik-demirhan-ve-minarelikoy-koy-kadin-kursu-yil-sonu-sergisi-yapildi\/#primaryimage"},"thumbnailUrl":"https:\/\/kuzeyinsesi.org\/wp-content\/uploads\/2024\/06\/0G3A3511-scaled.jpg","datePublished":"2024-06-26T09:19:44+00:00","author":{"@id":"https:\/\/kuzeyinsesi.org\/#\/schema\/person\/9f859689cdf01485597712386e37f5aa"},"breadcrumb":{"@id":"https:\/\/kuzeyinsesi.org\/index.php\/2024\/06\/26\/degirmenlik-demirhan-ve-minarelikoy-koy-kadin-kursu-yil-sonu-sergisi-yapildi\/#breadcrumb"},"inLanguage":"tr","potentialAction":[{"@type":"ReadAction","target":["https:\/\/kuzeyinsesi.org\/index.php\/2024\/06\/26\/degirmenlik-demirhan-ve-minarelikoy-koy-kadin-kursu-yil-sonu-sergisi-yapildi\/"]}]},{"@type":"ImageObject","inLanguage":"tr","@id":"https:\/\/kuzeyinsesi.org\/index.php\/2024\/06\/26\/degirmenlik-demirhan-ve-minarelikoy-koy-kadin-kursu-yil-sonu-sergisi-yapildi\/#primaryimage","url":"https:\/\/kuzeyinsesi.org\/wp-content\/uploads\/2024\/06\/0G3A3511-scaled.jpg","contentUrl":"https:\/\/kuzeyinsesi.org\/wp-content\/uploads\/2024\/06\/0G3A3511-scaled.jpg","width":2560,"height":1707},{"@type":"BreadcrumbList","@id":"https:\/\/kuzeyinsesi.org\/index.php\/2024\/06\/26\/degirmenlik-demirhan-ve-minarelikoy-koy-kadin-kursu-yil-sonu-sergisi-yapildi\/#breadcrumb","itemListElement":[{"@type":"ListItem","position":1,"name":"Anasayfa","item":"https:\/\/kuzeyinsesi.org\/"},{"@type":"ListItem","position":2,"name":"De\u011firmenlik, Demirhan ve Minarelik\u00f6y K\u00f6y Kad\u0131n Kursu y\u0131l sonu sergisi yap\u0131ld\u0131."}]},{"@type":"WebSite","@id":"https:\/\/kuzeyinsesi.org\/#website","url":"https:\/\/kuzeyinsesi.org\/","name":"Kuzeyin Sesi","description":"Do\u011fru Haberin Adresi","potentialAction":[{"@type":"SearchAction","target":{"@type":"EntryPoint","urlTemplate":"https:\/\/kuzeyinsesi.org\/?s={search_term_string}"},"query-input":{"@type":"PropertyValueSpecification","valueRequired":true,"valueName":"search_term_string"}}],"inLanguage":"tr"},{"@type":"Person","@id":"https:\/\/kuzeyinsesi.org\/#\/schema\/person\/9f859689cdf01485597712386e37f5aa","name":"Kuzeyin Sesi","image":{"@type":"ImageObject","inLanguage":"tr","@id":"https:\/\/secure.gravatar.com\/avatar\/bab33852abfd8b282518d6ed81826833d77c3c882d9ab608add591ccace47a44?s=96&d=mm&r=g","url":"https:\/\/secure.gravatar.com\/avatar\/bab33852abfd8b282518d6ed81826833d77c3c882d9ab608add591ccace47a44?s=96&d=mm&r=g","contentUrl":"https:\/\/secure.gravatar.com\/avatar\/bab33852abfd8b282518d6ed81826833d77c3c882d9ab608add591ccace47a44?s=96&d=mm&r=g","caption":"Kuzeyin Sesi"},"sameAs":["https:\/\/kuzeyinsesi.org"],"url":"https:\/\/kuzeyinsesi.org\/index.php\/author\/guven\/"}]}},"_links":{"self":[{"href":"https:\/\/kuzeyinsesi.org\/index.php\/wp-json\/wp\/v2\/posts\/5333","targetHints":{"allow":["GET"]}}],"collection":[{"href":"https:\/\/kuzeyinsesi.org\/index.php\/wp-json\/wp\/v2\/posts"}],"about":[{"href":"https:\/\/kuzeyinsesi.org\/index.php\/wp-json\/wp\/v2\/types\/post"}],"author":[{"embeddable":true,"href":"https:\/\/kuzeyinsesi.org\/index.php\/wp-json\/wp\/v2\/users\/1"}],"replies":[{"embeddable":true,"href":"https:\/\/kuzeyinsesi.org\/index.php\/wp-json\/wp\/v2\/comments?post=5333"}],"version-history":[{"count":0,"href":"https:\/\/kuzeyinsesi.org\/index.php\/wp-json\/wp\/v2\/posts\/5333\/revisions"}],"wp:featuredmedia":[{"embeddable":true,"href":"https:\/\/kuzeyinsesi.org\/index.php\/wp-json\/wp\/v2\/media\/5334"}],"wp:attachment":[{"href":"https:\/\/kuzeyinsesi.org\/index.php\/wp-json\/wp\/v2\/media?parent=5333"}],"wp:term":[{"taxonomy":"category","embeddable":true,"href":"https:\/\/kuzeyinsesi.org\/index.php\/wp-json\/wp\/v2\/categories?post=5333"},{"taxonomy":"post_tag","embeddable":true,"href":"https:\/\/kuzeyinsesi.org\/index.php\/wp-json\/wp\/v2\/tags?post=5333"}],"curies":[{"name":"wp","href":"https:\/\/api.w.org\/{rel}","templated":true}]}}