{"id":527,"date":"2024-04-26T08:00:07","date_gmt":"2024-04-26T05:00:07","guid":{"rendered":"https:\/\/kuzeyinsesi.com\/index.php\/2024\/04\/26\/milli-guresciler-demirtastan-gumus-gocenden-bronz-madalya\/"},"modified":"2024-04-26T08:00:07","modified_gmt":"2024-04-26T05:00:07","slug":"milli-guresciler-demirtastan-gumus-gocenden-bronz-madalya","status":"publish","type":"post","link":"https:\/\/kuzeyinsesi.org\/index.php\/2024\/04\/26\/milli-guresciler-demirtastan-gumus-gocenden-bronz-madalya\/","title":{"rendered":"Milli g\u00fcre\u015f\u00e7iler Demirta\u015f&#039;tan g\u00fcm\u00fc\u015f, G\u00f6\u00e7en&#039;den bronz madalya"},"content":{"rendered":"<p><\/p>\n<div>\n<p>&#13;<br \/>\n\tSoner, Romanya&#8217;n\u0131n ba\u015fkenti B\u00fckre\u015f&#8217;te d\u00fczenlenen organizasyondaki serbest stil 74 kilo finalinde Slovakya&#8217;dan Taimuraz Salkazanov&#8217;un kar\u015f\u0131s\u0131na \u00e7\u0131kt\u0131.<\/p>\n<p>&#13;<br \/>\n\tRakibine 5-0 yenilen Soner, Avrupa \u015fampiyonalar\u0131ndaki 2&#8217;nci g\u00fcm\u00fc\u015f madalyas\u0131n\u0131 elde etti. Soner, turnuva kariyerindeki madalya say\u0131s\u0131n\u0131 8&#8217;e (3 alt\u0131n, 2 g\u00fcm\u00fc\u015f, 3 bronz) y\u00fckseltti.<\/p>\n<p>&#13;<br \/>\n\tSerbest stil 86 kilodaki 3&#8217;\u00fcnc\u00fcl\u00fck ma\u00e7\u0131nda ise Osman G\u00f6\u00e7en ile Ukraynal\u0131 Vasyl Mykhailov kar\u015f\u0131 kar\u015f\u0131ya geldi.<\/p>\n<p>&#13;<br \/>\n\tOsman, minderden 8-0 galip ayr\u0131larak 2022&#8217;den sonra bir kez daha Avrupa \u015fampiyonas\u0131nda bronz madalya elde etti.<\/p>\n<\/p><\/div>\n","protected":false},"excerpt":{"rendered":"<p>&#13; Soner, Romanya&#8217;n\u0131n ba\u015fkenti B\u00fckre\u015f&#8217;te d\u00fczenlenen organizasyondaki serbest stil 74 kilo finalinde Slovakya&#8217;dan Taimuraz Salkazanov&#8217;un kar\u015f\u0131s\u0131na \u00e7\u0131kt\u0131. &#13; Rakibine 5-0 yenilen Soner, Avrupa \u015fampiyonalar\u0131ndaki 2&#8217;nci g\u00fcm\u00fc\u015f madalyas\u0131n\u0131 elde etti. Soner, turnuva kariyerindeki madalya say\u0131s\u0131n\u0131 8&#8217;e (3 alt\u0131n, 2 g\u00fcm\u00fc\u015f, 3 bronz) y\u00fckseltti. &#13; Serbest stil 86 kilodaki 3&#8217;\u00fcnc\u00fcl\u00fck ma\u00e7\u0131nda ise Osman G\u00f6\u00e7en ile Ukraynal\u0131 Vasyl [&hellip;]<\/p>\n","protected":false},"author":1,"featured_media":528,"comment_status":"open","ping_status":"open","sticky":false,"template":"","format":"standard","meta":{"jnews-multi-image_gallery":[],"jnews_single_post":[],"jnews_primary_category":[],"jnews_social_meta":[],"jnews_override_counter":[],"footnotes":""},"categories":[4],"tags":[],"class_list":["post-527","post","type-post","status-publish","format-standard","has-post-thumbnail","hentry","category-spor"],"yoast_head":"<!-- This site is optimized with the Yoast SEO plugin v27.5 - https:\/\/yoast.com\/product\/yoast-seo-wordpress\/ -->\n<title>Milli g\u00fcre\u015f\u00e7iler Demirta\u015f&#039;tan g\u00fcm\u00fc\u015f, G\u00f6\u00e7en&#039;den bronz madalya - Kuzeyin Sesi<\/title>\n<meta name=\"robots\" content=\"index, follow, max-snippet:-1, max-image-preview:large, max-video-preview:-1\" \/>\n<link rel=\"canonical\" href=\"https:\/\/kuzeyinsesi.org\/index.php\/2024\/04\/26\/milli-guresciler-demirtastan-gumus-gocenden-bronz-madalya\/\" \/>\n<meta property=\"og:locale\" content=\"tr_TR\" \/>\n<meta property=\"og:type\" content=\"article\" \/>\n<meta property=\"og:title\" content=\"Milli g\u00fcre\u015f\u00e7iler Demirta\u015f&#039;tan g\u00fcm\u00fc\u015f, G\u00f6\u00e7en&#039;den bronz madalya - Kuzeyin Sesi\" \/>\n<meta property=\"og:description\" content=\"&#013; Soner, Romanya&#8217;n\u0131n ba\u015fkenti B\u00fckre\u015f&#8217;te d\u00fczenlenen organizasyondaki serbest stil 74 kilo finalinde Slovakya&#8217;dan Taimuraz Salkazanov&#8217;un kar\u015f\u0131s\u0131na \u00e7\u0131kt\u0131. &#013; Rakibine 5-0 yenilen Soner, Avrupa \u015fampiyonalar\u0131ndaki 2&#8217;nci g\u00fcm\u00fc\u015f madalyas\u0131n\u0131 elde etti. Soner, turnuva kariyerindeki madalya say\u0131s\u0131n\u0131 8&#8217;e (3 alt\u0131n, 2 g\u00fcm\u00fc\u015f, 3 bronz) y\u00fckseltti. &#013; Serbest stil 86 kilodaki 3&#8217;\u00fcnc\u00fcl\u00fck ma\u00e7\u0131nda ise Osman G\u00f6\u00e7en ile Ukraynal\u0131 Vasyl [&hellip;]\" \/>\n<meta property=\"og:url\" content=\"https:\/\/kuzeyinsesi.org\/index.php\/2024\/04\/26\/milli-guresciler-demirtastan-gumus-gocenden-bronz-madalya\/\" \/>\n<meta property=\"og:site_name\" content=\"Kuzeyin Sesi\" \/>\n<meta property=\"article:publisher\" content=\"https:\/\/www.facebook.com\/kuzeyinsesii\" \/>\n<meta property=\"article:published_time\" content=\"2024-04-26T05:00:07+00:00\" \/>\n<meta property=\"og:image\" content=\"https:\/\/kuzeyinsesi.org\/wp-content\/uploads\/2024\/04\/2188556.jpg\" \/>\n\t<meta property=\"og:image:width\" content=\"1280\" \/>\n\t<meta property=\"og:image:height\" content=\"720\" \/>\n\t<meta property=\"og:image:type\" content=\"image\/jpeg\" \/>\n<meta name=\"author\" content=\"Kuzeyin Sesi\" \/>\n<meta name=\"twitter:card\" content=\"summary_large_image\" \/>\n<meta name=\"twitter:creator\" content=\"@kuzeyinsesii\" \/>\n<meta name=\"twitter:site\" content=\"@kuzeyinsesii\" \/>\n<meta name=\"twitter:label1\" content=\"Yazan:\" \/>\n\t<meta name=\"twitter:data1\" content=\"Kuzeyin Sesi\" \/>\n<script type=\"application\/ld+json\" class=\"yoast-schema-graph\">{\"@context\":\"https:\\\/\\\/schema.org\",\"@graph\":[{\"@type\":\"Article\",\"@id\":\"https:\\\/\\\/kuzeyinsesi.org\\\/index.php\\\/2024\\\/04\\\/26\\\/milli-guresciler-demirtastan-gumus-gocenden-bronz-madalya\\\/#article\",\"isPartOf\":{\"@id\":\"https:\\\/\\\/kuzeyinsesi.org\\\/index.php\\\/2024\\\/04\\\/26\\\/milli-guresciler-demirtastan-gumus-gocenden-bronz-madalya\\\/\"},\"author\":{\"name\":\"Kuzeyin Sesi\",\"@id\":\"https:\\\/\\\/kuzeyinsesi.org\\\/#\\\/schema\\\/person\\\/9f859689cdf01485597712386e37f5aa\"},\"headline\":\"Milli g\u00fcre\u015f\u00e7iler Demirta\u015f&#039;tan g\u00fcm\u00fc\u015f, G\u00f6\u00e7en&#039;den bronz madalya\",\"datePublished\":\"2024-04-26T05:00:07+00:00\",\"mainEntityOfPage\":{\"@id\":\"https:\\\/\\\/kuzeyinsesi.org\\\/index.php\\\/2024\\\/04\\\/26\\\/milli-guresciler-demirtastan-gumus-gocenden-bronz-madalya\\\/\"},\"wordCount\":105,\"commentCount\":0,\"image\":{\"@id\":\"https:\\\/\\\/kuzeyinsesi.org\\\/index.php\\\/2024\\\/04\\\/26\\\/milli-guresciler-demirtastan-gumus-gocenden-bronz-madalya\\\/#primaryimage\"},\"thumbnailUrl\":\"https:\\\/\\\/kuzeyinsesi.org\\\/wp-content\\\/uploads\\\/2024\\\/04\\\/2188556.jpg\",\"articleSection\":[\"Spor\"],\"inLanguage\":\"tr\",\"potentialAction\":[{\"@type\":\"CommentAction\",\"name\":\"Comment\",\"target\":[\"https:\\\/\\\/kuzeyinsesi.org\\\/index.php\\\/2024\\\/04\\\/26\\\/milli-guresciler-demirtastan-gumus-gocenden-bronz-madalya\\\/#respond\"]}]},{\"@type\":\"WebPage\",\"@id\":\"https:\\\/\\\/kuzeyinsesi.org\\\/index.php\\\/2024\\\/04\\\/26\\\/milli-guresciler-demirtastan-gumus-gocenden-bronz-madalya\\\/\",\"url\":\"https:\\\/\\\/kuzeyinsesi.org\\\/index.php\\\/2024\\\/04\\\/26\\\/milli-guresciler-demirtastan-gumus-gocenden-bronz-madalya\\\/\",\"name\":\"Milli g\u00fcre\u015f\u00e7iler Demirta\u015f&#039;tan g\u00fcm\u00fc\u015f, G\u00f6\u00e7en&#039;den bronz madalya - Kuzeyin Sesi\",\"isPartOf\":{\"@id\":\"https:\\\/\\\/kuzeyinsesi.org\\\/#website\"},\"primaryImageOfPage\":{\"@id\":\"https:\\\/\\\/kuzeyinsesi.org\\\/index.php\\\/2024\\\/04\\\/26\\\/milli-guresciler-demirtastan-gumus-gocenden-bronz-madalya\\\/#primaryimage\"},\"image\":{\"@id\":\"https:\\\/\\\/kuzeyinsesi.org\\\/index.php\\\/2024\\\/04\\\/26\\\/milli-guresciler-demirtastan-gumus-gocenden-bronz-madalya\\\/#primaryimage\"},\"thumbnailUrl\":\"https:\\\/\\\/kuzeyinsesi.org\\\/wp-content\\\/uploads\\\/2024\\\/04\\\/2188556.jpg\",\"datePublished\":\"2024-04-26T05:00:07+00:00\",\"author\":{\"@id\":\"https:\\\/\\\/kuzeyinsesi.org\\\/#\\\/schema\\\/person\\\/9f859689cdf01485597712386e37f5aa\"},\"breadcrumb\":{\"@id\":\"https:\\\/\\\/kuzeyinsesi.org\\\/index.php\\\/2024\\\/04\\\/26\\\/milli-guresciler-demirtastan-gumus-gocenden-bronz-madalya\\\/#breadcrumb\"},\"inLanguage\":\"tr\",\"potentialAction\":[{\"@type\":\"ReadAction\",\"target\":[\"https:\\\/\\\/kuzeyinsesi.org\\\/index.php\\\/2024\\\/04\\\/26\\\/milli-guresciler-demirtastan-gumus-gocenden-bronz-madalya\\\/\"]}]},{\"@type\":\"ImageObject\",\"inLanguage\":\"tr\",\"@id\":\"https:\\\/\\\/kuzeyinsesi.org\\\/index.php\\\/2024\\\/04\\\/26\\\/milli-guresciler-demirtastan-gumus-gocenden-bronz-madalya\\\/#primaryimage\",\"url\":\"https:\\\/\\\/kuzeyinsesi.org\\\/wp-content\\\/uploads\\\/2024\\\/04\\\/2188556.jpg\",\"contentUrl\":\"https:\\\/\\\/kuzeyinsesi.org\\\/wp-content\\\/uploads\\\/2024\\\/04\\\/2188556.jpg\",\"width\":1280,\"height\":720},{\"@type\":\"BreadcrumbList\",\"@id\":\"https:\\\/\\\/kuzeyinsesi.org\\\/index.php\\\/2024\\\/04\\\/26\\\/milli-guresciler-demirtastan-gumus-gocenden-bronz-madalya\\\/#breadcrumb\",\"itemListElement\":[{\"@type\":\"ListItem\",\"position\":1,\"name\":\"Anasayfa\",\"item\":\"https:\\\/\\\/kuzeyinsesi.org\\\/\"},{\"@type\":\"ListItem\",\"position\":2,\"name\":\"Milli g\u00fcre\u015f\u00e7iler Demirta\u015f&#039;tan g\u00fcm\u00fc\u015f, G\u00f6\u00e7en&#039;den bronz madalya\"}]},{\"@type\":\"WebSite\",\"@id\":\"https:\\\/\\\/kuzeyinsesi.org\\\/#website\",\"url\":\"https:\\\/\\\/kuzeyinsesi.org\\\/\",\"name\":\"Kuzeyin Sesi\",\"description\":\"Do\u011fru Haberin Adresi\",\"potentialAction\":[{\"@type\":\"SearchAction\",\"target\":{\"@type\":\"EntryPoint\",\"urlTemplate\":\"https:\\\/\\\/kuzeyinsesi.org\\\/?s={search_term_string}\"},\"query-input\":{\"@type\":\"PropertyValueSpecification\",\"valueRequired\":true,\"valueName\":\"search_term_string\"}}],\"inLanguage\":\"tr\"},{\"@type\":\"Person\",\"@id\":\"https:\\\/\\\/kuzeyinsesi.org\\\/#\\\/schema\\\/person\\\/9f859689cdf01485597712386e37f5aa\",\"name\":\"Kuzeyin Sesi\",\"image\":{\"@type\":\"ImageObject\",\"inLanguage\":\"tr\",\"@id\":\"https:\\\/\\\/secure.gravatar.com\\\/avatar\\\/bab33852abfd8b282518d6ed81826833d77c3c882d9ab608add591ccace47a44?s=96&d=mm&r=g\",\"url\":\"https:\\\/\\\/secure.gravatar.com\\\/avatar\\\/bab33852abfd8b282518d6ed81826833d77c3c882d9ab608add591ccace47a44?s=96&d=mm&r=g\",\"contentUrl\":\"https:\\\/\\\/secure.gravatar.com\\\/avatar\\\/bab33852abfd8b282518d6ed81826833d77c3c882d9ab608add591ccace47a44?s=96&d=mm&r=g\",\"caption\":\"Kuzeyin Sesi\"},\"sameAs\":[\"https:\\\/\\\/kuzeyinsesi.org\"],\"url\":\"https:\\\/\\\/kuzeyinsesi.org\\\/index.php\\\/author\\\/guven\\\/\"}]}<\/script>\n<!-- \/ Yoast SEO plugin. -->","yoast_head_json":{"title":"Milli g\u00fcre\u015f\u00e7iler Demirta\u015f&#039;tan g\u00fcm\u00fc\u015f, G\u00f6\u00e7en&#039;den bronz madalya - Kuzeyin Sesi","robots":{"index":"index","follow":"follow","max-snippet":"max-snippet:-1","max-image-preview":"max-image-preview:large","max-video-preview":"max-video-preview:-1"},"canonical":"https:\/\/kuzeyinsesi.org\/index.php\/2024\/04\/26\/milli-guresciler-demirtastan-gumus-gocenden-bronz-madalya\/","og_locale":"tr_TR","og_type":"article","og_title":"Milli g\u00fcre\u015f\u00e7iler Demirta\u015f&#039;tan g\u00fcm\u00fc\u015f, G\u00f6\u00e7en&#039;den bronz madalya - Kuzeyin Sesi","og_description":"&#13; Soner, Romanya&#8217;n\u0131n ba\u015fkenti B\u00fckre\u015f&#8217;te d\u00fczenlenen organizasyondaki serbest stil 74 kilo finalinde Slovakya&#8217;dan Taimuraz Salkazanov&#8217;un kar\u015f\u0131s\u0131na \u00e7\u0131kt\u0131. &#13; Rakibine 5-0 yenilen Soner, Avrupa \u015fampiyonalar\u0131ndaki 2&#8217;nci g\u00fcm\u00fc\u015f madalyas\u0131n\u0131 elde etti. Soner, turnuva kariyerindeki madalya say\u0131s\u0131n\u0131 8&#8217;e (3 alt\u0131n, 2 g\u00fcm\u00fc\u015f, 3 bronz) y\u00fckseltti. &#13; Serbest stil 86 kilodaki 3&#8217;\u00fcnc\u00fcl\u00fck ma\u00e7\u0131nda ise Osman G\u00f6\u00e7en ile Ukraynal\u0131 Vasyl [&hellip;]","og_url":"https:\/\/kuzeyinsesi.org\/index.php\/2024\/04\/26\/milli-guresciler-demirtastan-gumus-gocenden-bronz-madalya\/","og_site_name":"Kuzeyin Sesi","article_publisher":"https:\/\/www.facebook.com\/kuzeyinsesii","article_published_time":"2024-04-26T05:00:07+00:00","og_image":[{"width":1280,"height":720,"url":"https:\/\/kuzeyinsesi.org\/wp-content\/uploads\/2024\/04\/2188556.jpg","type":"image\/jpeg"}],"author":"Kuzeyin Sesi","twitter_card":"summary_large_image","twitter_creator":"@kuzeyinsesii","twitter_site":"@kuzeyinsesii","twitter_misc":{"Yazan:":"Kuzeyin Sesi"},"schema":{"@context":"https:\/\/schema.org","@graph":[{"@type":"Article","@id":"https:\/\/kuzeyinsesi.org\/index.php\/2024\/04\/26\/milli-guresciler-demirtastan-gumus-gocenden-bronz-madalya\/#article","isPartOf":{"@id":"https:\/\/kuzeyinsesi.org\/index.php\/2024\/04\/26\/milli-guresciler-demirtastan-gumus-gocenden-bronz-madalya\/"},"author":{"name":"Kuzeyin Sesi","@id":"https:\/\/kuzeyinsesi.org\/#\/schema\/person\/9f859689cdf01485597712386e37f5aa"},"headline":"Milli g\u00fcre\u015f\u00e7iler Demirta\u015f&#039;tan g\u00fcm\u00fc\u015f, G\u00f6\u00e7en&#039;den bronz madalya","datePublished":"2024-04-26T05:00:07+00:00","mainEntityOfPage":{"@id":"https:\/\/kuzeyinsesi.org\/index.php\/2024\/04\/26\/milli-guresciler-demirtastan-gumus-gocenden-bronz-madalya\/"},"wordCount":105,"commentCount":0,"image":{"@id":"https:\/\/kuzeyinsesi.org\/index.php\/2024\/04\/26\/milli-guresciler-demirtastan-gumus-gocenden-bronz-madalya\/#primaryimage"},"thumbnailUrl":"https:\/\/kuzeyinsesi.org\/wp-content\/uploads\/2024\/04\/2188556.jpg","articleSection":["Spor"],"inLanguage":"tr","potentialAction":[{"@type":"CommentAction","name":"Comment","target":["https:\/\/kuzeyinsesi.org\/index.php\/2024\/04\/26\/milli-guresciler-demirtastan-gumus-gocenden-bronz-madalya\/#respond"]}]},{"@type":"WebPage","@id":"https:\/\/kuzeyinsesi.org\/index.php\/2024\/04\/26\/milli-guresciler-demirtastan-gumus-gocenden-bronz-madalya\/","url":"https:\/\/kuzeyinsesi.org\/index.php\/2024\/04\/26\/milli-guresciler-demirtastan-gumus-gocenden-bronz-madalya\/","name":"Milli g\u00fcre\u015f\u00e7iler Demirta\u015f&#039;tan g\u00fcm\u00fc\u015f, G\u00f6\u00e7en&#039;den bronz madalya - Kuzeyin Sesi","isPartOf":{"@id":"https:\/\/kuzeyinsesi.org\/#website"},"primaryImageOfPage":{"@id":"https:\/\/kuzeyinsesi.org\/index.php\/2024\/04\/26\/milli-guresciler-demirtastan-gumus-gocenden-bronz-madalya\/#primaryimage"},"image":{"@id":"https:\/\/kuzeyinsesi.org\/index.php\/2024\/04\/26\/milli-guresciler-demirtastan-gumus-gocenden-bronz-madalya\/#primaryimage"},"thumbnailUrl":"https:\/\/kuzeyinsesi.org\/wp-content\/uploads\/2024\/04\/2188556.jpg","datePublished":"2024-04-26T05:00:07+00:00","author":{"@id":"https:\/\/kuzeyinsesi.org\/#\/schema\/person\/9f859689cdf01485597712386e37f5aa"},"breadcrumb":{"@id":"https:\/\/kuzeyinsesi.org\/index.php\/2024\/04\/26\/milli-guresciler-demirtastan-gumus-gocenden-bronz-madalya\/#breadcrumb"},"inLanguage":"tr","potentialAction":[{"@type":"ReadAction","target":["https:\/\/kuzeyinsesi.org\/index.php\/2024\/04\/26\/milli-guresciler-demirtastan-gumus-gocenden-bronz-madalya\/"]}]},{"@type":"ImageObject","inLanguage":"tr","@id":"https:\/\/kuzeyinsesi.org\/index.php\/2024\/04\/26\/milli-guresciler-demirtastan-gumus-gocenden-bronz-madalya\/#primaryimage","url":"https:\/\/kuzeyinsesi.org\/wp-content\/uploads\/2024\/04\/2188556.jpg","contentUrl":"https:\/\/kuzeyinsesi.org\/wp-content\/uploads\/2024\/04\/2188556.jpg","width":1280,"height":720},{"@type":"BreadcrumbList","@id":"https:\/\/kuzeyinsesi.org\/index.php\/2024\/04\/26\/milli-guresciler-demirtastan-gumus-gocenden-bronz-madalya\/#breadcrumb","itemListElement":[{"@type":"ListItem","position":1,"name":"Anasayfa","item":"https:\/\/kuzeyinsesi.org\/"},{"@type":"ListItem","position":2,"name":"Milli g\u00fcre\u015f\u00e7iler Demirta\u015f&#039;tan g\u00fcm\u00fc\u015f, G\u00f6\u00e7en&#039;den bronz madalya"}]},{"@type":"WebSite","@id":"https:\/\/kuzeyinsesi.org\/#website","url":"https:\/\/kuzeyinsesi.org\/","name":"Kuzeyin Sesi","description":"Do\u011fru Haberin Adresi","potentialAction":[{"@type":"SearchAction","target":{"@type":"EntryPoint","urlTemplate":"https:\/\/kuzeyinsesi.org\/?s={search_term_string}"},"query-input":{"@type":"PropertyValueSpecification","valueRequired":true,"valueName":"search_term_string"}}],"inLanguage":"tr"},{"@type":"Person","@id":"https:\/\/kuzeyinsesi.org\/#\/schema\/person\/9f859689cdf01485597712386e37f5aa","name":"Kuzeyin Sesi","image":{"@type":"ImageObject","inLanguage":"tr","@id":"https:\/\/secure.gravatar.com\/avatar\/bab33852abfd8b282518d6ed81826833d77c3c882d9ab608add591ccace47a44?s=96&d=mm&r=g","url":"https:\/\/secure.gravatar.com\/avatar\/bab33852abfd8b282518d6ed81826833d77c3c882d9ab608add591ccace47a44?s=96&d=mm&r=g","contentUrl":"https:\/\/secure.gravatar.com\/avatar\/bab33852abfd8b282518d6ed81826833d77c3c882d9ab608add591ccace47a44?s=96&d=mm&r=g","caption":"Kuzeyin Sesi"},"sameAs":["https:\/\/kuzeyinsesi.org"],"url":"https:\/\/kuzeyinsesi.org\/index.php\/author\/guven\/"}]}},"_links":{"self":[{"href":"https:\/\/kuzeyinsesi.org\/index.php\/wp-json\/wp\/v2\/posts\/527","targetHints":{"allow":["GET"]}}],"collection":[{"href":"https:\/\/kuzeyinsesi.org\/index.php\/wp-json\/wp\/v2\/posts"}],"about":[{"href":"https:\/\/kuzeyinsesi.org\/index.php\/wp-json\/wp\/v2\/types\/post"}],"author":[{"embeddable":true,"href":"https:\/\/kuzeyinsesi.org\/index.php\/wp-json\/wp\/v2\/users\/1"}],"replies":[{"embeddable":true,"href":"https:\/\/kuzeyinsesi.org\/index.php\/wp-json\/wp\/v2\/comments?post=527"}],"version-history":[{"count":0,"href":"https:\/\/kuzeyinsesi.org\/index.php\/wp-json\/wp\/v2\/posts\/527\/revisions"}],"wp:featuredmedia":[{"embeddable":true,"href":"https:\/\/kuzeyinsesi.org\/index.php\/wp-json\/wp\/v2\/media\/528"}],"wp:attachment":[{"href":"https:\/\/kuzeyinsesi.org\/index.php\/wp-json\/wp\/v2\/media?parent=527"}],"wp:term":[{"taxonomy":"category","embeddable":true,"href":"https:\/\/kuzeyinsesi.org\/index.php\/wp-json\/wp\/v2\/categories?post=527"},{"taxonomy":"post_tag","embeddable":true,"href":"https:\/\/kuzeyinsesi.org\/index.php\/wp-json\/wp\/v2\/tags?post=527"}],"curies":[{"name":"wp","href":"https:\/\/api.w.org\/{rel}","templated":true}]}}