{"id":5249,"date":"2024-06-25T07:43:17","date_gmt":"2024-06-25T04:43:17","guid":{"rendered":"https:\/\/kuzeyinsesi.com\/index.php\/2024\/06\/25\/46nci-guzelyurt-portakal-festivali-basladi\/"},"modified":"2024-06-25T07:43:17","modified_gmt":"2024-06-25T04:43:17","slug":"46nci-guzelyurt-portakal-festivali-basladi","status":"publish","type":"post","link":"https:\/\/kuzeyinsesi.org\/index.php\/2024\/06\/25\/46nci-guzelyurt-portakal-festivali-basladi\/","title":{"rendered":"46\u2019nc\u0131 G\u00fczelyurt Portakal Festivali ba\u015flad\u0131"},"content":{"rendered":"<div>\n<div class=\"mariselle-image-container center\">\n                                            <\/div>\n<p>\u00a0<\/p>\n<p>G\u00fczelyurt Belediyesi taraf\u0131ndan her y\u0131l d\u00fczenlenen G\u00fczelyurt Portakal Festivali\u2019nin bu y\u0131l 46\u2019nc\u0131s\u0131 yap\u0131l\u0131yor.<\/p>\n<p>\u00a0<\/p>\n<p>Festival \u00f6ncesinde G\u00fczelyurt Kurtulu\u015f \u0130lkokulu \u00f6n\u00fcnden ba\u015flayarak G\u00fczelyurt Festival Park\u0131\u2019na kadar devam eden kortej ger\u00e7ekle\u015fti.<\/p>\n<div class=\"mariselle-image-container center\">\n                <img decoding=\"async\" width=\"2048\" height=\"1536\" class=\"lazy-image\" alt=\"\" sizes=\"(max-width: 2048px) 100vw, 2048px\" src=\"https:\/\/brtk.net\/wp-content\/uploads\/2024\/06\/25\/IMG-20240624-WA0027.jpg?ver=6194412a2418f19521025f9d38aaf5a2\" srcset=\"https:\/\/brtk.net\/wp-content\/uploads\/2024\/06\/25\/IMG-20240624-WA0027.jpg?ver=6194412a2418f19521025f9d38aaf5a2 2048w, https:\/\/brtk.net\/wp-content\/uploads\/2024\/06\/25\/IMG-20240624-WA0027-300x225.jpg?ver=2786cb6863a453876a555b8dd5a4583a 300w, https:\/\/brtk.net\/wp-content\/uploads\/2024\/06\/25\/IMG-20240624-WA0027-1024x768.jpg?ver=2786cb6863a453876a555b8dd5a4583a 1024w, https:\/\/brtk.net\/wp-content\/uploads\/2024\/06\/25\/IMG-20240624-WA0027-768x576.jpg?ver=2786cb6863a453876a555b8dd5a4583a 768w, https:\/\/brtk.net\/wp-content\/uploads\/2024\/06\/25\/IMG-20240624-WA0027-1536x1152.jpg?ver=2822bc20b530362dad1025d77be8b03d 1536w\"\/>                            <\/div>\n<p>\u00a0<\/p>\n<p>Festivalin a\u00e7\u0131l\u0131\u015f t\u00f6reni G\u00fczelyurt Festival Park\u0131 Amfi Tiyatro\u2019daki dans g\u00f6sterileriyle ba\u015flad\u0131.<\/p>\n<p>Festivalde daha sonra a\u00e7\u0131l\u0131\u015f konu\u015fmalar\u0131na ge\u00e7ildi.<\/p>\n<p>\u00a0<\/p>\n<div class=\"mariselle-image-container center\">\n                <img decoding=\"async\" width=\"2048\" height=\"1536\" class=\"lazy-image\" alt=\"\" sizes=\"(max-width: 2048px) 100vw, 2048px\" src=\"https:\/\/brtk.net\/wp-content\/uploads\/2024\/06\/25\/IMG-20240624-WA0028.jpg?ver=6240beb5952239f0218b19688454b940\" srcset=\"https:\/\/brtk.net\/wp-content\/uploads\/2024\/06\/25\/IMG-20240624-WA0028.jpg?ver=6240beb5952239f0218b19688454b940 2048w, https:\/\/brtk.net\/wp-content\/uploads\/2024\/06\/25\/IMG-20240624-WA0028-300x225.jpg?ver=6240beb5952239f0218b19688454b940 300w, https:\/\/brtk.net\/wp-content\/uploads\/2024\/06\/25\/IMG-20240624-WA0028-1024x768.jpg?ver=f29fe06b1102fdd22f4322af5cdd1009 1024w, https:\/\/brtk.net\/wp-content\/uploads\/2024\/06\/25\/IMG-20240624-WA0028-768x576.jpg?ver=f29fe06b1102fdd22f4322af5cdd1009 768w, https:\/\/brtk.net\/wp-content\/uploads\/2024\/06\/25\/IMG-20240624-WA0028-1536x1152.jpg?ver=2d829f8f850c00a60e2ea4e6e06de461 1536w\"\/>                            <\/div>\n<p>\u00a0<\/p>\n<p>Festivalin a\u00e7\u0131l\u0131\u015f konu\u015fmas\u0131n\u0131 yapan G\u00fczelyurt Belediye Ba\u015fkan\u0131 Mahmut \u00d6z\u00e7\u0131nar, kentle \u00f6zde\u015fle\u015fen narenciyenin ya\u015fat\u0131lmas\u0131n\u0131n \u00f6nemine vurgu yaparak, narenciyenin devaml\u0131l\u0131\u011f\u0131n\u0131 sa\u011flamak ve kentte gelenek g\u00f6reneklere uygun festival ruhunu ya\u015fatma kararl\u0131l\u0131\u011f\u0131nda olduklar\u0131n\u0131 ifade etti.<\/p>\n<p>\u00a0<\/p>\n<p>\u00a0<\/p>\n<div class=\"mariselle-image-container center\">\n                <img decoding=\"async\" width=\"2048\" height=\"1536\" class=\"lazy-image\" alt=\"\" sizes=\"(max-width: 2048px) 100vw, 2048px\" src=\"https:\/\/brtk.net\/wp-content\/uploads\/2024\/06\/25\/IMG-20240624-WA0025.jpg?ver=5d858841f6bcf3ea92ec1e376988d283\" srcset=\"https:\/\/brtk.net\/wp-content\/uploads\/2024\/06\/25\/IMG-20240624-WA0025.jpg?ver=5d858841f6bcf3ea92ec1e376988d283 2048w, https:\/\/brtk.net\/wp-content\/uploads\/2024\/06\/25\/IMG-20240624-WA0025-300x225.jpg?ver=5d858841f6bcf3ea92ec1e376988d283 300w, https:\/\/brtk.net\/wp-content\/uploads\/2024\/06\/25\/IMG-20240624-WA0025-1024x768.jpg?ver=251c57715dc5d9220616ea3995225878 1024w, https:\/\/brtk.net\/wp-content\/uploads\/2024\/06\/25\/IMG-20240624-WA0025-768x576.jpg?ver=251c57715dc5d9220616ea3995225878 768w, https:\/\/brtk.net\/wp-content\/uploads\/2024\/06\/25\/IMG-20240624-WA0025-1536x1152.jpg?ver=83c4ae0a00dda91655418a091d17a83f 1536w\"\/>                            <\/div>\n<p>Ba\u015fbakan Yard\u0131mc\u0131s\u0131 Turizm ve \u00c7evre Bakan\u0131 Fikri Atao\u011flu da, festivallerin k\u00fclt\u00fcr\u00fcm\u00fcz\u00fc ya\u015fatma ad\u0131na \u00e7ok \u00f6nemli oldu\u011funu kaydederek, festivalde stantlar a\u00e7\u0131p k\u00fclt\u00fcr\u00fcm\u00fcz\u00fcn ya\u015fat\u0131lmas\u0131na ve festivalin d\u00fczenlenmesine katk\u0131 koyan herkese te\u015fekk\u00fcr etti.<\/p>\n<p>\u00a0<\/p>\n<div class=\"mariselle-image-container center\">\n                <img decoding=\"async\" width=\"2560\" height=\"1070\" class=\"lazy-image\" alt=\"\" sizes=\"(max-width: 2560px) 100vw, 2560px\" src=\"https:\/\/brtk.net\/wp-content\/uploads\/2024\/06\/25\/ztfs-scaled.jpg?ver=b6839d403444a0cb1d48636f19c14bf1\" srcset=\"https:\/\/brtk.net\/wp-content\/uploads\/2024\/06\/25\/ztfs-scaled.jpg?ver=b6839d403444a0cb1d48636f19c14bf1 2560w, https:\/\/brtk.net\/wp-content\/uploads\/2024\/06\/25\/ztfs-300x125.jpg?ver=6c565a19ab5220a9595002f70ef3ad3a 300w, https:\/\/brtk.net\/wp-content\/uploads\/2024\/06\/25\/ztfs-1024x428.jpg?ver=6c565a19ab5220a9595002f70ef3ad3a 1024w, https:\/\/brtk.net\/wp-content\/uploads\/2024\/06\/25\/ztfs-768x321.jpg?ver=f42643966fb88917b18cdb2f3a4f5d05 768w, https:\/\/brtk.net\/wp-content\/uploads\/2024\/06\/25\/ztfs-1536x642.jpg?ver=f42643966fb88917b18cdb2f3a4f5d05 1536w, https:\/\/brtk.net\/wp-content\/uploads\/2024\/06\/25\/ztfs-2048x856.jpg?ver=c19016a3f1274f3093b6a08b8e781978 2048w\"\/>                            <\/div>\n<p>Cumhuriyet Meclisi Ba\u015fkan\u0131 Zorlu T\u00f6rede, 46 y\u0131ld\u0131r bu topraklarda festival d\u00fczenleyen G\u00fczelyurt halk\u0131n\u0131n topraklar\u0131yla b\u00fct\u00fcnle\u015fti\u011finin alt\u0131n\u0131 \u00e7izerek, G\u00fczelyurt ve G\u00fczelyurt\u2019taki \u00fcretime sahip \u00e7\u0131k\u0131lmas\u0131 ve yerli \u00fcretimden vazge\u00e7ilmemesi gerekti\u011fine i\u015faret etti.<\/p>\n<p>\u00a0<\/p>\n<p>\u00a0<\/p>\n<div class=\"mariselle-image-container center\">\n                <img decoding=\"async\" width=\"2048\" height=\"1536\" class=\"lazy-image\" alt=\"\" sizes=\"(max-width: 2048px) 100vw, 2048px\" src=\"https:\/\/brtk.net\/wp-content\/uploads\/2024\/06\/25\/IMG-20240624-WA0029.jpg?ver=564c3a5821bb139665e47b3a615dc13b\" srcset=\"https:\/\/brtk.net\/wp-content\/uploads\/2024\/06\/25\/IMG-20240624-WA0029.jpg?ver=564c3a5821bb139665e47b3a615dc13b 2048w, https:\/\/brtk.net\/wp-content\/uploads\/2024\/06\/25\/IMG-20240624-WA0029-300x225.jpg?ver=0e687c69dee4872ef3909cad438e20a1 300w, https:\/\/brtk.net\/wp-content\/uploads\/2024\/06\/25\/IMG-20240624-WA0029-1024x768.jpg?ver=0e687c69dee4872ef3909cad438e20a1 1024w, https:\/\/brtk.net\/wp-content\/uploads\/2024\/06\/25\/IMG-20240624-WA0029-768x576.jpg?ver=0e687c69dee4872ef3909cad438e20a1 768w, https:\/\/brtk.net\/wp-content\/uploads\/2024\/06\/25\/IMG-20240624-WA0029-1536x1152.jpg?ver=836729ac15f27dac8539708481f95373 1536w\"\/>                            <\/div>\n<p>\u00a0<\/p>\n<p>Cumhurba\u015fkan\u0131 Ersin Tatar da, bu y\u0131l narenciyede ya\u015fanan s\u0131k\u0131nt\u0131lara de\u011finerek, al\u0131nan tedbirlerle ve yap\u0131lan \u00e7al\u0131\u015fmalarla \u00f6n\u00fcm\u00fczdeki s\u00fcre\u00e7te bu s\u0131k\u0131nt\u0131lar\u0131n a\u015f\u0131laca\u011f\u0131na inan\u00e7 belirtti.<\/p>\n<p>\u00a0<\/p>\n<p>Tatar, G\u00fczelyurt\u2019un g\u00fczel bir vatan topra\u011f\u0131 oldu\u011funu vurgulayarak, G\u00fczelyurt\u2019ta narenciye ve di\u011fer \u00fcr\u00fcnlerin yeti\u015ftirildi\u011fini ve T\u00fcrkiye\u2019den gelen su ve d\u00fcnyadaki geli\u015fmeler \u0131\u015f\u0131\u011f\u0131nda t\u00fcr de\u011fi\u015fiklikleri konusunda \u00e7al\u0131\u015fmalar yap\u0131lmas\u0131n\u0131n \u00f6nemine i\u015faret etti.<\/p>\n<p>\u00a0<\/p>\n<p>Farkl\u0131 \u00fcr\u00fcnlerin d\u00fcnya pazarlar\u0131na ulu\u015fmas\u0131 ve ziraat m\u00fchendislerinin ilim \u0131\u015f\u0131\u011f\u0131nda yapt\u0131klar\u0131 \u00e7al\u0131\u015fmalar\u0131n artmas\u0131yla KKTC\u2019nin daha g\u00fczel g\u00fcnlere emin ad\u0131mlarla ilerleyece\u011fini belirten Tatar, festivalin d\u00fczenlenmesine eme\u011fi ge\u00e7en herkesi kutlad\u0131.<\/p>\n<p>\u00a0<\/p>\n<p>Konu\u015fmalar\u0131n ard\u0131ndan festivalin d\u00fczenlenmesine katk\u0131 koyan sponsorlara plaketleri takdim edildi.<\/p>\n<p>\u00a0<\/p>\n<div class=\"mariselle-image-container center\">\n                <img decoding=\"async\" width=\"2048\" height=\"1536\" class=\"lazy-image\" alt=\"\" sizes=\"(max-width: 2048px) 100vw, 2048px\" src=\"https:\/\/brtk.net\/wp-content\/uploads\/2024\/06\/25\/IMG-20240624-WA0026.jpg?ver=f4702191ebb9b0a0839d68214396ced1\" srcset=\"https:\/\/brtk.net\/wp-content\/uploads\/2024\/06\/25\/IMG-20240624-WA0026.jpg?ver=f4702191ebb9b0a0839d68214396ced1 2048w, https:\/\/brtk.net\/wp-content\/uploads\/2024\/06\/25\/IMG-20240624-WA0026-300x225.jpg?ver=f4702191ebb9b0a0839d68214396ced1 300w, https:\/\/brtk.net\/wp-content\/uploads\/2024\/06\/25\/IMG-20240624-WA0026-1024x768.jpg?ver=f4702191ebb9b0a0839d68214396ced1 1024w, https:\/\/brtk.net\/wp-content\/uploads\/2024\/06\/25\/IMG-20240624-WA0026-768x576.jpg?ver=a8bd0f0daf4c75b84d9f4cd9091c8a85 768w, https:\/\/brtk.net\/wp-content\/uploads\/2024\/06\/25\/IMG-20240624-WA0026-1536x1152.jpg?ver=1601803c84d88eb1c26878ed2596ceba 1536w\"\/>                            <\/div>\n<p>Festival, GRUP SAM\u0130DA konseriyle devam etti.30 Haziran\u2019a kadar s\u00fcrecek olan festival, konserler, dans g\u00f6sterileri, \u00e7ocuk \u015fenli\u011fi, tavla turnuvas\u0131 gibi renkli etkinliklere ev sahipli\u011fi yapacak<\/p>\n<\/p><\/div>\n<p><script async\n                    defer\n                    crossorigin=\"anonymous\"\n                    src=\"https:\/\/connect.facebook.net\/tr_TR\/sdk.js#xfbml=1&#038;version=v3.3\"\n            ><\/script><\/p>\n","protected":false},"excerpt":{"rendered":"<p>\u00a0 G\u00fczelyurt Belediyesi taraf\u0131ndan her y\u0131l d\u00fczenlenen G\u00fczelyurt Portakal Festivali\u2019nin bu y\u0131l 46\u2019nc\u0131s\u0131 yap\u0131l\u0131yor. \u00a0 Festival \u00f6ncesinde G\u00fczelyurt Kurtulu\u015f \u0130lkokulu \u00f6n\u00fcnden ba\u015flayarak G\u00fczelyurt Festival Park\u0131\u2019na kadar devam eden kortej ger\u00e7ekle\u015fti. \u00a0 Festivalin a\u00e7\u0131l\u0131\u015f t\u00f6reni G\u00fczelyurt Festival Park\u0131 Amfi Tiyatro\u2019daki dans g\u00f6sterileriyle ba\u015flad\u0131. Festivalde daha sonra a\u00e7\u0131l\u0131\u015f konu\u015fmalar\u0131na ge\u00e7ildi. \u00a0 \u00a0 Festivalin a\u00e7\u0131l\u0131\u015f konu\u015fmas\u0131n\u0131 yapan G\u00fczelyurt [&hellip;]<\/p>\n","protected":false},"author":1,"featured_media":5250,"comment_status":"open","ping_status":"open","sticky":false,"template":"","format":"standard","meta":{"jnews-multi-image_gallery":[],"jnews_single_post":[],"jnews_primary_category":[],"jnews_social_meta":[],"jnews_override_counter":[],"footnotes":""},"categories":[6],"tags":[],"class_list":["post-5249","post","type-post","status-publish","format-standard","has-post-thumbnail","hentry","category-yasam"],"yoast_head":"<!-- This site is optimized with the Yoast SEO plugin v27.5 - https:\/\/yoast.com\/product\/yoast-seo-wordpress\/ -->\n<title>46\u2019nc\u0131 G\u00fczelyurt Portakal Festivali ba\u015flad\u0131 - Kuzeyin Sesi<\/title>\n<meta name=\"robots\" content=\"index, follow, max-snippet:-1, max-image-preview:large, max-video-preview:-1\" \/>\n<link rel=\"canonical\" href=\"https:\/\/kuzeyinsesi.org\/index.php\/2024\/06\/25\/46nci-guzelyurt-portakal-festivali-basladi\/\" \/>\n<meta property=\"og:locale\" content=\"tr_TR\" \/>\n<meta property=\"og:type\" content=\"article\" \/>\n<meta property=\"og:title\" content=\"46\u2019nc\u0131 G\u00fczelyurt Portakal Festivali ba\u015flad\u0131 - Kuzeyin Sesi\" \/>\n<meta property=\"og:description\" content=\"\u00a0 G\u00fczelyurt Belediyesi taraf\u0131ndan her y\u0131l d\u00fczenlenen G\u00fczelyurt Portakal Festivali\u2019nin bu y\u0131l 46\u2019nc\u0131s\u0131 yap\u0131l\u0131yor. \u00a0 Festival \u00f6ncesinde G\u00fczelyurt Kurtulu\u015f \u0130lkokulu \u00f6n\u00fcnden ba\u015flayarak G\u00fczelyurt Festival Park\u0131\u2019na kadar devam eden kortej ger\u00e7ekle\u015fti. \u00a0 Festivalin a\u00e7\u0131l\u0131\u015f t\u00f6reni G\u00fczelyurt Festival Park\u0131 Amfi Tiyatro\u2019daki dans g\u00f6sterileriyle ba\u015flad\u0131. Festivalde daha sonra a\u00e7\u0131l\u0131\u015f konu\u015fmalar\u0131na ge\u00e7ildi. \u00a0 \u00a0 Festivalin a\u00e7\u0131l\u0131\u015f konu\u015fmas\u0131n\u0131 yapan G\u00fczelyurt [&hellip;]\" \/>\n<meta property=\"og:url\" content=\"https:\/\/kuzeyinsesi.org\/index.php\/2024\/06\/25\/46nci-guzelyurt-portakal-festivali-basladi\/\" \/>\n<meta property=\"og:site_name\" content=\"Kuzeyin Sesi\" \/>\n<meta property=\"article:publisher\" content=\"https:\/\/www.facebook.com\/kuzeyinsesii\" \/>\n<meta property=\"article:published_time\" content=\"2024-06-25T04:43:17+00:00\" \/>\n<meta property=\"og:image\" content=\"https:\/\/kuzeyinsesi.org\/wp-content\/uploads\/2024\/06\/InShot_20240625_073145500-scaled.jpg\" \/>\n\t<meta property=\"og:image:width\" content=\"2560\" \/>\n\t<meta property=\"og:image:height\" content=\"1439\" \/>\n\t<meta property=\"og:image:type\" content=\"image\/jpeg\" \/>\n<meta name=\"author\" content=\"Kuzeyin Sesi\" \/>\n<meta name=\"twitter:card\" content=\"summary_large_image\" \/>\n<meta name=\"twitter:creator\" content=\"@kuzeyinsesii\" \/>\n<meta name=\"twitter:site\" content=\"@kuzeyinsesii\" \/>\n<meta name=\"twitter:label1\" content=\"Yazan:\" \/>\n\t<meta name=\"twitter:data1\" content=\"Kuzeyin Sesi\" \/>\n\t<meta name=\"twitter:label2\" content=\"Tahmini okuma s\u00fcresi\" \/>\n\t<meta name=\"twitter:data2\" content=\"2 dakika\" \/>\n<script type=\"application\/ld+json\" class=\"yoast-schema-graph\">{\"@context\":\"https:\\\/\\\/schema.org\",\"@graph\":[{\"@type\":\"Article\",\"@id\":\"https:\\\/\\\/kuzeyinsesi.org\\\/index.php\\\/2024\\\/06\\\/25\\\/46nci-guzelyurt-portakal-festivali-basladi\\\/#article\",\"isPartOf\":{\"@id\":\"https:\\\/\\\/kuzeyinsesi.org\\\/index.php\\\/2024\\\/06\\\/25\\\/46nci-guzelyurt-portakal-festivali-basladi\\\/\"},\"author\":{\"name\":\"Kuzeyin Sesi\",\"@id\":\"https:\\\/\\\/kuzeyinsesi.org\\\/#\\\/schema\\\/person\\\/9f859689cdf01485597712386e37f5aa\"},\"headline\":\"46\u2019nc\u0131 G\u00fczelyurt Portakal Festivali ba\u015flad\u0131\",\"datePublished\":\"2024-06-25T04:43:17+00:00\",\"mainEntityOfPage\":{\"@id\":\"https:\\\/\\\/kuzeyinsesi.org\\\/index.php\\\/2024\\\/06\\\/25\\\/46nci-guzelyurt-portakal-festivali-basladi\\\/\"},\"wordCount\":416,\"commentCount\":0,\"image\":{\"@id\":\"https:\\\/\\\/kuzeyinsesi.org\\\/index.php\\\/2024\\\/06\\\/25\\\/46nci-guzelyurt-portakal-festivali-basladi\\\/#primaryimage\"},\"thumbnailUrl\":\"https:\\\/\\\/kuzeyinsesi.org\\\/wp-content\\\/uploads\\\/2024\\\/06\\\/InShot_20240625_073145500-scaled.jpg\",\"articleSection\":[\"Ya\u015fam\"],\"inLanguage\":\"tr\",\"potentialAction\":[{\"@type\":\"CommentAction\",\"name\":\"Comment\",\"target\":[\"https:\\\/\\\/kuzeyinsesi.org\\\/index.php\\\/2024\\\/06\\\/25\\\/46nci-guzelyurt-portakal-festivali-basladi\\\/#respond\"]}]},{\"@type\":\"WebPage\",\"@id\":\"https:\\\/\\\/kuzeyinsesi.org\\\/index.php\\\/2024\\\/06\\\/25\\\/46nci-guzelyurt-portakal-festivali-basladi\\\/\",\"url\":\"https:\\\/\\\/kuzeyinsesi.org\\\/index.php\\\/2024\\\/06\\\/25\\\/46nci-guzelyurt-portakal-festivali-basladi\\\/\",\"name\":\"46\u2019nc\u0131 G\u00fczelyurt Portakal Festivali ba\u015flad\u0131 - Kuzeyin Sesi\",\"isPartOf\":{\"@id\":\"https:\\\/\\\/kuzeyinsesi.org\\\/#website\"},\"primaryImageOfPage\":{\"@id\":\"https:\\\/\\\/kuzeyinsesi.org\\\/index.php\\\/2024\\\/06\\\/25\\\/46nci-guzelyurt-portakal-festivali-basladi\\\/#primaryimage\"},\"image\":{\"@id\":\"https:\\\/\\\/kuzeyinsesi.org\\\/index.php\\\/2024\\\/06\\\/25\\\/46nci-guzelyurt-portakal-festivali-basladi\\\/#primaryimage\"},\"thumbnailUrl\":\"https:\\\/\\\/kuzeyinsesi.org\\\/wp-content\\\/uploads\\\/2024\\\/06\\\/InShot_20240625_073145500-scaled.jpg\",\"datePublished\":\"2024-06-25T04:43:17+00:00\",\"author\":{\"@id\":\"https:\\\/\\\/kuzeyinsesi.org\\\/#\\\/schema\\\/person\\\/9f859689cdf01485597712386e37f5aa\"},\"breadcrumb\":{\"@id\":\"https:\\\/\\\/kuzeyinsesi.org\\\/index.php\\\/2024\\\/06\\\/25\\\/46nci-guzelyurt-portakal-festivali-basladi\\\/#breadcrumb\"},\"inLanguage\":\"tr\",\"potentialAction\":[{\"@type\":\"ReadAction\",\"target\":[\"https:\\\/\\\/kuzeyinsesi.org\\\/index.php\\\/2024\\\/06\\\/25\\\/46nci-guzelyurt-portakal-festivali-basladi\\\/\"]}]},{\"@type\":\"ImageObject\",\"inLanguage\":\"tr\",\"@id\":\"https:\\\/\\\/kuzeyinsesi.org\\\/index.php\\\/2024\\\/06\\\/25\\\/46nci-guzelyurt-portakal-festivali-basladi\\\/#primaryimage\",\"url\":\"https:\\\/\\\/kuzeyinsesi.org\\\/wp-content\\\/uploads\\\/2024\\\/06\\\/InShot_20240625_073145500-scaled.jpg\",\"contentUrl\":\"https:\\\/\\\/kuzeyinsesi.org\\\/wp-content\\\/uploads\\\/2024\\\/06\\\/InShot_20240625_073145500-scaled.jpg\",\"width\":2560,\"height\":1439},{\"@type\":\"BreadcrumbList\",\"@id\":\"https:\\\/\\\/kuzeyinsesi.org\\\/index.php\\\/2024\\\/06\\\/25\\\/46nci-guzelyurt-portakal-festivali-basladi\\\/#breadcrumb\",\"itemListElement\":[{\"@type\":\"ListItem\",\"position\":1,\"name\":\"Anasayfa\",\"item\":\"https:\\\/\\\/kuzeyinsesi.org\\\/\"},{\"@type\":\"ListItem\",\"position\":2,\"name\":\"46\u2019nc\u0131 G\u00fczelyurt Portakal Festivali ba\u015flad\u0131\"}]},{\"@type\":\"WebSite\",\"@id\":\"https:\\\/\\\/kuzeyinsesi.org\\\/#website\",\"url\":\"https:\\\/\\\/kuzeyinsesi.org\\\/\",\"name\":\"Kuzeyin Sesi\",\"description\":\"Do\u011fru Haberin Adresi\",\"potentialAction\":[{\"@type\":\"SearchAction\",\"target\":{\"@type\":\"EntryPoint\",\"urlTemplate\":\"https:\\\/\\\/kuzeyinsesi.org\\\/?s={search_term_string}\"},\"query-input\":{\"@type\":\"PropertyValueSpecification\",\"valueRequired\":true,\"valueName\":\"search_term_string\"}}],\"inLanguage\":\"tr\"},{\"@type\":\"Person\",\"@id\":\"https:\\\/\\\/kuzeyinsesi.org\\\/#\\\/schema\\\/person\\\/9f859689cdf01485597712386e37f5aa\",\"name\":\"Kuzeyin Sesi\",\"image\":{\"@type\":\"ImageObject\",\"inLanguage\":\"tr\",\"@id\":\"https:\\\/\\\/secure.gravatar.com\\\/avatar\\\/bab33852abfd8b282518d6ed81826833d77c3c882d9ab608add591ccace47a44?s=96&d=mm&r=g\",\"url\":\"https:\\\/\\\/secure.gravatar.com\\\/avatar\\\/bab33852abfd8b282518d6ed81826833d77c3c882d9ab608add591ccace47a44?s=96&d=mm&r=g\",\"contentUrl\":\"https:\\\/\\\/secure.gravatar.com\\\/avatar\\\/bab33852abfd8b282518d6ed81826833d77c3c882d9ab608add591ccace47a44?s=96&d=mm&r=g\",\"caption\":\"Kuzeyin Sesi\"},\"sameAs\":[\"https:\\\/\\\/kuzeyinsesi.org\"],\"url\":\"https:\\\/\\\/kuzeyinsesi.org\\\/index.php\\\/author\\\/guven\\\/\"}]}<\/script>\n<!-- \/ Yoast SEO plugin. -->","yoast_head_json":{"title":"46\u2019nc\u0131 G\u00fczelyurt Portakal Festivali ba\u015flad\u0131 - Kuzeyin Sesi","robots":{"index":"index","follow":"follow","max-snippet":"max-snippet:-1","max-image-preview":"max-image-preview:large","max-video-preview":"max-video-preview:-1"},"canonical":"https:\/\/kuzeyinsesi.org\/index.php\/2024\/06\/25\/46nci-guzelyurt-portakal-festivali-basladi\/","og_locale":"tr_TR","og_type":"article","og_title":"46\u2019nc\u0131 G\u00fczelyurt Portakal Festivali ba\u015flad\u0131 - Kuzeyin Sesi","og_description":"\u00a0 G\u00fczelyurt Belediyesi taraf\u0131ndan her y\u0131l d\u00fczenlenen G\u00fczelyurt Portakal Festivali\u2019nin bu y\u0131l 46\u2019nc\u0131s\u0131 yap\u0131l\u0131yor. \u00a0 Festival \u00f6ncesinde G\u00fczelyurt Kurtulu\u015f \u0130lkokulu \u00f6n\u00fcnden ba\u015flayarak G\u00fczelyurt Festival Park\u0131\u2019na kadar devam eden kortej ger\u00e7ekle\u015fti. \u00a0 Festivalin a\u00e7\u0131l\u0131\u015f t\u00f6reni G\u00fczelyurt Festival Park\u0131 Amfi Tiyatro\u2019daki dans g\u00f6sterileriyle ba\u015flad\u0131. Festivalde daha sonra a\u00e7\u0131l\u0131\u015f konu\u015fmalar\u0131na ge\u00e7ildi. \u00a0 \u00a0 Festivalin a\u00e7\u0131l\u0131\u015f konu\u015fmas\u0131n\u0131 yapan G\u00fczelyurt [&hellip;]","og_url":"https:\/\/kuzeyinsesi.org\/index.php\/2024\/06\/25\/46nci-guzelyurt-portakal-festivali-basladi\/","og_site_name":"Kuzeyin Sesi","article_publisher":"https:\/\/www.facebook.com\/kuzeyinsesii","article_published_time":"2024-06-25T04:43:17+00:00","og_image":[{"width":2560,"height":1439,"url":"https:\/\/kuzeyinsesi.org\/wp-content\/uploads\/2024\/06\/InShot_20240625_073145500-scaled.jpg","type":"image\/jpeg"}],"author":"Kuzeyin Sesi","twitter_card":"summary_large_image","twitter_creator":"@kuzeyinsesii","twitter_site":"@kuzeyinsesii","twitter_misc":{"Yazan:":"Kuzeyin Sesi","Tahmini okuma s\u00fcresi":"2 dakika"},"schema":{"@context":"https:\/\/schema.org","@graph":[{"@type":"Article","@id":"https:\/\/kuzeyinsesi.org\/index.php\/2024\/06\/25\/46nci-guzelyurt-portakal-festivali-basladi\/#article","isPartOf":{"@id":"https:\/\/kuzeyinsesi.org\/index.php\/2024\/06\/25\/46nci-guzelyurt-portakal-festivali-basladi\/"},"author":{"name":"Kuzeyin Sesi","@id":"https:\/\/kuzeyinsesi.org\/#\/schema\/person\/9f859689cdf01485597712386e37f5aa"},"headline":"46\u2019nc\u0131 G\u00fczelyurt Portakal Festivali ba\u015flad\u0131","datePublished":"2024-06-25T04:43:17+00:00","mainEntityOfPage":{"@id":"https:\/\/kuzeyinsesi.org\/index.php\/2024\/06\/25\/46nci-guzelyurt-portakal-festivali-basladi\/"},"wordCount":416,"commentCount":0,"image":{"@id":"https:\/\/kuzeyinsesi.org\/index.php\/2024\/06\/25\/46nci-guzelyurt-portakal-festivali-basladi\/#primaryimage"},"thumbnailUrl":"https:\/\/kuzeyinsesi.org\/wp-content\/uploads\/2024\/06\/InShot_20240625_073145500-scaled.jpg","articleSection":["Ya\u015fam"],"inLanguage":"tr","potentialAction":[{"@type":"CommentAction","name":"Comment","target":["https:\/\/kuzeyinsesi.org\/index.php\/2024\/06\/25\/46nci-guzelyurt-portakal-festivali-basladi\/#respond"]}]},{"@type":"WebPage","@id":"https:\/\/kuzeyinsesi.org\/index.php\/2024\/06\/25\/46nci-guzelyurt-portakal-festivali-basladi\/","url":"https:\/\/kuzeyinsesi.org\/index.php\/2024\/06\/25\/46nci-guzelyurt-portakal-festivali-basladi\/","name":"46\u2019nc\u0131 G\u00fczelyurt Portakal Festivali ba\u015flad\u0131 - Kuzeyin Sesi","isPartOf":{"@id":"https:\/\/kuzeyinsesi.org\/#website"},"primaryImageOfPage":{"@id":"https:\/\/kuzeyinsesi.org\/index.php\/2024\/06\/25\/46nci-guzelyurt-portakal-festivali-basladi\/#primaryimage"},"image":{"@id":"https:\/\/kuzeyinsesi.org\/index.php\/2024\/06\/25\/46nci-guzelyurt-portakal-festivali-basladi\/#primaryimage"},"thumbnailUrl":"https:\/\/kuzeyinsesi.org\/wp-content\/uploads\/2024\/06\/InShot_20240625_073145500-scaled.jpg","datePublished":"2024-06-25T04:43:17+00:00","author":{"@id":"https:\/\/kuzeyinsesi.org\/#\/schema\/person\/9f859689cdf01485597712386e37f5aa"},"breadcrumb":{"@id":"https:\/\/kuzeyinsesi.org\/index.php\/2024\/06\/25\/46nci-guzelyurt-portakal-festivali-basladi\/#breadcrumb"},"inLanguage":"tr","potentialAction":[{"@type":"ReadAction","target":["https:\/\/kuzeyinsesi.org\/index.php\/2024\/06\/25\/46nci-guzelyurt-portakal-festivali-basladi\/"]}]},{"@type":"ImageObject","inLanguage":"tr","@id":"https:\/\/kuzeyinsesi.org\/index.php\/2024\/06\/25\/46nci-guzelyurt-portakal-festivali-basladi\/#primaryimage","url":"https:\/\/kuzeyinsesi.org\/wp-content\/uploads\/2024\/06\/InShot_20240625_073145500-scaled.jpg","contentUrl":"https:\/\/kuzeyinsesi.org\/wp-content\/uploads\/2024\/06\/InShot_20240625_073145500-scaled.jpg","width":2560,"height":1439},{"@type":"BreadcrumbList","@id":"https:\/\/kuzeyinsesi.org\/index.php\/2024\/06\/25\/46nci-guzelyurt-portakal-festivali-basladi\/#breadcrumb","itemListElement":[{"@type":"ListItem","position":1,"name":"Anasayfa","item":"https:\/\/kuzeyinsesi.org\/"},{"@type":"ListItem","position":2,"name":"46\u2019nc\u0131 G\u00fczelyurt Portakal Festivali ba\u015flad\u0131"}]},{"@type":"WebSite","@id":"https:\/\/kuzeyinsesi.org\/#website","url":"https:\/\/kuzeyinsesi.org\/","name":"Kuzeyin Sesi","description":"Do\u011fru Haberin Adresi","potentialAction":[{"@type":"SearchAction","target":{"@type":"EntryPoint","urlTemplate":"https:\/\/kuzeyinsesi.org\/?s={search_term_string}"},"query-input":{"@type":"PropertyValueSpecification","valueRequired":true,"valueName":"search_term_string"}}],"inLanguage":"tr"},{"@type":"Person","@id":"https:\/\/kuzeyinsesi.org\/#\/schema\/person\/9f859689cdf01485597712386e37f5aa","name":"Kuzeyin Sesi","image":{"@type":"ImageObject","inLanguage":"tr","@id":"https:\/\/secure.gravatar.com\/avatar\/bab33852abfd8b282518d6ed81826833d77c3c882d9ab608add591ccace47a44?s=96&d=mm&r=g","url":"https:\/\/secure.gravatar.com\/avatar\/bab33852abfd8b282518d6ed81826833d77c3c882d9ab608add591ccace47a44?s=96&d=mm&r=g","contentUrl":"https:\/\/secure.gravatar.com\/avatar\/bab33852abfd8b282518d6ed81826833d77c3c882d9ab608add591ccace47a44?s=96&d=mm&r=g","caption":"Kuzeyin Sesi"},"sameAs":["https:\/\/kuzeyinsesi.org"],"url":"https:\/\/kuzeyinsesi.org\/index.php\/author\/guven\/"}]}},"_links":{"self":[{"href":"https:\/\/kuzeyinsesi.org\/index.php\/wp-json\/wp\/v2\/posts\/5249","targetHints":{"allow":["GET"]}}],"collection":[{"href":"https:\/\/kuzeyinsesi.org\/index.php\/wp-json\/wp\/v2\/posts"}],"about":[{"href":"https:\/\/kuzeyinsesi.org\/index.php\/wp-json\/wp\/v2\/types\/post"}],"author":[{"embeddable":true,"href":"https:\/\/kuzeyinsesi.org\/index.php\/wp-json\/wp\/v2\/users\/1"}],"replies":[{"embeddable":true,"href":"https:\/\/kuzeyinsesi.org\/index.php\/wp-json\/wp\/v2\/comments?post=5249"}],"version-history":[{"count":0,"href":"https:\/\/kuzeyinsesi.org\/index.php\/wp-json\/wp\/v2\/posts\/5249\/revisions"}],"wp:featuredmedia":[{"embeddable":true,"href":"https:\/\/kuzeyinsesi.org\/index.php\/wp-json\/wp\/v2\/media\/5250"}],"wp:attachment":[{"href":"https:\/\/kuzeyinsesi.org\/index.php\/wp-json\/wp\/v2\/media?parent=5249"}],"wp:term":[{"taxonomy":"category","embeddable":true,"href":"https:\/\/kuzeyinsesi.org\/index.php\/wp-json\/wp\/v2\/categories?post=5249"},{"taxonomy":"post_tag","embeddable":true,"href":"https:\/\/kuzeyinsesi.org\/index.php\/wp-json\/wp\/v2\/tags?post=5249"}],"curies":[{"name":"wp","href":"https:\/\/api.w.org\/{rel}","templated":true}]}}