{"id":5245,"date":"2024-06-24T23:35:30","date_gmt":"2024-06-24T20:35:30","guid":{"rendered":"https:\/\/kuzeyinsesi.com\/index.php\/2024\/06\/24\/parallel-poles-isimli-kisa-film-arucadda-gosterildi\/"},"modified":"2024-06-24T23:35:30","modified_gmt":"2024-06-24T20:35:30","slug":"parallel-poles-isimli-kisa-film-arucadda-gosterildi","status":"publish","type":"post","link":"https:\/\/kuzeyinsesi.org\/index.php\/2024\/06\/24\/parallel-poles-isimli-kisa-film-arucadda-gosterildi\/","title":{"rendered":"\u201cParallel Poles\u201d isimli k\u0131sa film ARUCAD\u2019da g\u00f6sterildi"},"content":{"rendered":"<div>\n<div class=\"mariselle-image-container center\">\n                                            <\/div>\n<p>Bir \u00f6\u011frencinin hayat\u0131n\u0131 konu alan \u201cParallel Poles\u201d adl\u0131 k\u0131sa filmin ilk g\u00f6sterimi, Ark\u0131n Yarat\u0131c\u0131 Sanatlar ve Tasar\u0131m \u00dcniversitesi\u2019nde (ARUCAD) yap\u0131ld\u0131. <\/p>\n<p>ARUCAD\u2019dan yap\u0131lan a\u00e7\u0131klamaya g\u00f6re, ARUCAD yap\u0131m\u0131 filmin g\u00f6sterimi \u00dcniversitenin konferans salonunda yap\u0131ld\u0131. Filmin y\u00f6netmenli\u011fini ARUCAD Rekt\u00f6r Yard\u0131mc\u0131s\u0131 ve Film Tasar\u0131m\u0131 ve Y\u00f6netimi B\u00f6l\u00fcm\u00fc \u00d6\u011fretim \u00dcyesi Yrd. Do\u00e7. Dr. \u0130brahim Dalk\u0131l\u0131\u00e7 yapt\u0131.<\/p>\n<p>G\u00f6r\u00fcnt\u00fc y\u00f6netmenli\u011fini, ARUCAD Film Tasar\u0131m\u0131 ve Y\u00f6netimi B\u00f6l\u00fcm\u00fc \u00f6\u011fretim g\u00f6revlisi Ali Azhari\u2019nin \u00fcstlendi\u011fi 2024 y\u0131l\u0131 yap\u0131m\u0131 k\u0131sa filmin prod\u00fcksiyonunda, \u00dcniversitenin akademisyen ve \u00f6\u011frencileri yer ald\u0131.<\/p>\n<\/p><\/div>\n<p><script async\n                    defer\n                    crossorigin=\"anonymous\"\n                    src=\"https:\/\/connect.facebook.net\/tr_TR\/sdk.js#xfbml=1&#038;version=v3.3\"\n            ><\/script><\/p>\n","protected":false},"excerpt":{"rendered":"<p>Bir \u00f6\u011frencinin hayat\u0131n\u0131 konu alan \u201cParallel Poles\u201d adl\u0131 k\u0131sa filmin ilk g\u00f6sterimi, Ark\u0131n Yarat\u0131c\u0131 Sanatlar ve Tasar\u0131m \u00dcniversitesi\u2019nde (ARUCAD) yap\u0131ld\u0131. ARUCAD\u2019dan yap\u0131lan a\u00e7\u0131klamaya g\u00f6re, ARUCAD yap\u0131m\u0131 filmin g\u00f6sterimi \u00dcniversitenin konferans salonunda yap\u0131ld\u0131. Filmin y\u00f6netmenli\u011fini ARUCAD Rekt\u00f6r Yard\u0131mc\u0131s\u0131 ve Film Tasar\u0131m\u0131 ve Y\u00f6netimi B\u00f6l\u00fcm\u00fc \u00d6\u011fretim \u00dcyesi Yrd. Do\u00e7. Dr. \u0130brahim Dalk\u0131l\u0131\u00e7 yapt\u0131. G\u00f6r\u00fcnt\u00fc y\u00f6netmenli\u011fini, ARUCAD Film [&hellip;]<\/p>\n","protected":false},"author":1,"featured_media":5246,"comment_status":"open","ping_status":"open","sticky":false,"template":"","format":"standard","meta":{"jnews-multi-image_gallery":[],"jnews_single_post":[],"jnews_primary_category":[],"jnews_social_meta":[],"jnews_override_counter":[],"footnotes":""},"categories":[6],"tags":[],"class_list":["post-5245","post","type-post","status-publish","format-standard","has-post-thumbnail","hentry","category-yasam"],"yoast_head":"<!-- This site is optimized with the Yoast SEO plugin v27.5 - https:\/\/yoast.com\/product\/yoast-seo-wordpress\/ -->\n<title>\u201cParallel Poles\u201d isimli k\u0131sa film ARUCAD\u2019da g\u00f6sterildi - Kuzeyin Sesi<\/title>\n<meta name=\"robots\" content=\"index, follow, max-snippet:-1, max-image-preview:large, max-video-preview:-1\" \/>\n<link rel=\"canonical\" href=\"https:\/\/kuzeyinsesi.org\/index.php\/2024\/06\/24\/parallel-poles-isimli-kisa-film-arucadda-gosterildi\/\" \/>\n<meta property=\"og:locale\" content=\"tr_TR\" \/>\n<meta property=\"og:type\" content=\"article\" \/>\n<meta property=\"og:title\" content=\"\u201cParallel Poles\u201d isimli k\u0131sa film ARUCAD\u2019da g\u00f6sterildi - Kuzeyin Sesi\" \/>\n<meta property=\"og:description\" content=\"Bir \u00f6\u011frencinin hayat\u0131n\u0131 konu alan \u201cParallel Poles\u201d adl\u0131 k\u0131sa filmin ilk g\u00f6sterimi, Ark\u0131n Yarat\u0131c\u0131 Sanatlar ve Tasar\u0131m \u00dcniversitesi\u2019nde (ARUCAD) yap\u0131ld\u0131. ARUCAD\u2019dan yap\u0131lan a\u00e7\u0131klamaya g\u00f6re, ARUCAD yap\u0131m\u0131 filmin g\u00f6sterimi \u00dcniversitenin konferans salonunda yap\u0131ld\u0131. Filmin y\u00f6netmenli\u011fini ARUCAD Rekt\u00f6r Yard\u0131mc\u0131s\u0131 ve Film Tasar\u0131m\u0131 ve Y\u00f6netimi B\u00f6l\u00fcm\u00fc \u00d6\u011fretim \u00dcyesi Yrd. Do\u00e7. Dr. \u0130brahim Dalk\u0131l\u0131\u00e7 yapt\u0131. G\u00f6r\u00fcnt\u00fc y\u00f6netmenli\u011fini, ARUCAD Film [&hellip;]\" \/>\n<meta property=\"og:url\" content=\"https:\/\/kuzeyinsesi.org\/index.php\/2024\/06\/24\/parallel-poles-isimli-kisa-film-arucadda-gosterildi\/\" \/>\n<meta property=\"og:site_name\" content=\"Kuzeyin Sesi\" \/>\n<meta property=\"article:publisher\" content=\"https:\/\/www.facebook.com\/kuzeyinsesii\" \/>\n<meta property=\"article:published_time\" content=\"2024-06-24T20:35:30+00:00\" \/>\n<meta property=\"og:image\" content=\"https:\/\/kuzeyinsesi.org\/wp-content\/uploads\/2024\/06\/paralles-poles-ekibi-scaled.jpg\" \/>\n\t<meta property=\"og:image:width\" content=\"2560\" \/>\n\t<meta property=\"og:image:height\" content=\"1730\" \/>\n\t<meta property=\"og:image:type\" content=\"image\/jpeg\" \/>\n<meta name=\"author\" content=\"Kuzeyin Sesi\" \/>\n<meta name=\"twitter:card\" content=\"summary_large_image\" \/>\n<meta name=\"twitter:creator\" content=\"@kuzeyinsesii\" \/>\n<meta name=\"twitter:site\" content=\"@kuzeyinsesii\" \/>\n<meta name=\"twitter:label1\" content=\"Yazan:\" \/>\n\t<meta name=\"twitter:data1\" content=\"Kuzeyin Sesi\" \/>\n\t<meta name=\"twitter:label2\" content=\"Tahmini okuma s\u00fcresi\" \/>\n\t<meta name=\"twitter:data2\" content=\"1 dakika\" \/>\n<script type=\"application\/ld+json\" class=\"yoast-schema-graph\">{\"@context\":\"https:\\\/\\\/schema.org\",\"@graph\":[{\"@type\":\"Article\",\"@id\":\"https:\\\/\\\/kuzeyinsesi.org\\\/index.php\\\/2024\\\/06\\\/24\\\/parallel-poles-isimli-kisa-film-arucadda-gosterildi\\\/#article\",\"isPartOf\":{\"@id\":\"https:\\\/\\\/kuzeyinsesi.org\\\/index.php\\\/2024\\\/06\\\/24\\\/parallel-poles-isimli-kisa-film-arucadda-gosterildi\\\/\"},\"author\":{\"name\":\"Kuzeyin Sesi\",\"@id\":\"https:\\\/\\\/kuzeyinsesi.org\\\/#\\\/schema\\\/person\\\/9f859689cdf01485597712386e37f5aa\"},\"headline\":\"\u201cParallel Poles\u201d isimli k\u0131sa film ARUCAD\u2019da g\u00f6sterildi\",\"datePublished\":\"2024-06-24T20:35:30+00:00\",\"mainEntityOfPage\":{\"@id\":\"https:\\\/\\\/kuzeyinsesi.org\\\/index.php\\\/2024\\\/06\\\/24\\\/parallel-poles-isimli-kisa-film-arucadda-gosterildi\\\/\"},\"wordCount\":125,\"commentCount\":0,\"image\":{\"@id\":\"https:\\\/\\\/kuzeyinsesi.org\\\/index.php\\\/2024\\\/06\\\/24\\\/parallel-poles-isimli-kisa-film-arucadda-gosterildi\\\/#primaryimage\"},\"thumbnailUrl\":\"https:\\\/\\\/kuzeyinsesi.org\\\/wp-content\\\/uploads\\\/2024\\\/06\\\/paralles-poles-ekibi-scaled.jpg\",\"articleSection\":[\"Ya\u015fam\"],\"inLanguage\":\"tr\",\"potentialAction\":[{\"@type\":\"CommentAction\",\"name\":\"Comment\",\"target\":[\"https:\\\/\\\/kuzeyinsesi.org\\\/index.php\\\/2024\\\/06\\\/24\\\/parallel-poles-isimli-kisa-film-arucadda-gosterildi\\\/#respond\"]}]},{\"@type\":\"WebPage\",\"@id\":\"https:\\\/\\\/kuzeyinsesi.org\\\/index.php\\\/2024\\\/06\\\/24\\\/parallel-poles-isimli-kisa-film-arucadda-gosterildi\\\/\",\"url\":\"https:\\\/\\\/kuzeyinsesi.org\\\/index.php\\\/2024\\\/06\\\/24\\\/parallel-poles-isimli-kisa-film-arucadda-gosterildi\\\/\",\"name\":\"\u201cParallel Poles\u201d isimli k\u0131sa film ARUCAD\u2019da g\u00f6sterildi - Kuzeyin Sesi\",\"isPartOf\":{\"@id\":\"https:\\\/\\\/kuzeyinsesi.org\\\/#website\"},\"primaryImageOfPage\":{\"@id\":\"https:\\\/\\\/kuzeyinsesi.org\\\/index.php\\\/2024\\\/06\\\/24\\\/parallel-poles-isimli-kisa-film-arucadda-gosterildi\\\/#primaryimage\"},\"image\":{\"@id\":\"https:\\\/\\\/kuzeyinsesi.org\\\/index.php\\\/2024\\\/06\\\/24\\\/parallel-poles-isimli-kisa-film-arucadda-gosterildi\\\/#primaryimage\"},\"thumbnailUrl\":\"https:\\\/\\\/kuzeyinsesi.org\\\/wp-content\\\/uploads\\\/2024\\\/06\\\/paralles-poles-ekibi-scaled.jpg\",\"datePublished\":\"2024-06-24T20:35:30+00:00\",\"author\":{\"@id\":\"https:\\\/\\\/kuzeyinsesi.org\\\/#\\\/schema\\\/person\\\/9f859689cdf01485597712386e37f5aa\"},\"breadcrumb\":{\"@id\":\"https:\\\/\\\/kuzeyinsesi.org\\\/index.php\\\/2024\\\/06\\\/24\\\/parallel-poles-isimli-kisa-film-arucadda-gosterildi\\\/#breadcrumb\"},\"inLanguage\":\"tr\",\"potentialAction\":[{\"@type\":\"ReadAction\",\"target\":[\"https:\\\/\\\/kuzeyinsesi.org\\\/index.php\\\/2024\\\/06\\\/24\\\/parallel-poles-isimli-kisa-film-arucadda-gosterildi\\\/\"]}]},{\"@type\":\"ImageObject\",\"inLanguage\":\"tr\",\"@id\":\"https:\\\/\\\/kuzeyinsesi.org\\\/index.php\\\/2024\\\/06\\\/24\\\/parallel-poles-isimli-kisa-film-arucadda-gosterildi\\\/#primaryimage\",\"url\":\"https:\\\/\\\/kuzeyinsesi.org\\\/wp-content\\\/uploads\\\/2024\\\/06\\\/paralles-poles-ekibi-scaled.jpg\",\"contentUrl\":\"https:\\\/\\\/kuzeyinsesi.org\\\/wp-content\\\/uploads\\\/2024\\\/06\\\/paralles-poles-ekibi-scaled.jpg\",\"width\":2560,\"height\":1730},{\"@type\":\"BreadcrumbList\",\"@id\":\"https:\\\/\\\/kuzeyinsesi.org\\\/index.php\\\/2024\\\/06\\\/24\\\/parallel-poles-isimli-kisa-film-arucadda-gosterildi\\\/#breadcrumb\",\"itemListElement\":[{\"@type\":\"ListItem\",\"position\":1,\"name\":\"Anasayfa\",\"item\":\"https:\\\/\\\/kuzeyinsesi.org\\\/\"},{\"@type\":\"ListItem\",\"position\":2,\"name\":\"\u201cParallel Poles\u201d isimli k\u0131sa film ARUCAD\u2019da g\u00f6sterildi\"}]},{\"@type\":\"WebSite\",\"@id\":\"https:\\\/\\\/kuzeyinsesi.org\\\/#website\",\"url\":\"https:\\\/\\\/kuzeyinsesi.org\\\/\",\"name\":\"Kuzeyin Sesi\",\"description\":\"Do\u011fru Haberin Adresi\",\"potentialAction\":[{\"@type\":\"SearchAction\",\"target\":{\"@type\":\"EntryPoint\",\"urlTemplate\":\"https:\\\/\\\/kuzeyinsesi.org\\\/?s={search_term_string}\"},\"query-input\":{\"@type\":\"PropertyValueSpecification\",\"valueRequired\":true,\"valueName\":\"search_term_string\"}}],\"inLanguage\":\"tr\"},{\"@type\":\"Person\",\"@id\":\"https:\\\/\\\/kuzeyinsesi.org\\\/#\\\/schema\\\/person\\\/9f859689cdf01485597712386e37f5aa\",\"name\":\"Kuzeyin Sesi\",\"image\":{\"@type\":\"ImageObject\",\"inLanguage\":\"tr\",\"@id\":\"https:\\\/\\\/secure.gravatar.com\\\/avatar\\\/bab33852abfd8b282518d6ed81826833d77c3c882d9ab608add591ccace47a44?s=96&d=mm&r=g\",\"url\":\"https:\\\/\\\/secure.gravatar.com\\\/avatar\\\/bab33852abfd8b282518d6ed81826833d77c3c882d9ab608add591ccace47a44?s=96&d=mm&r=g\",\"contentUrl\":\"https:\\\/\\\/secure.gravatar.com\\\/avatar\\\/bab33852abfd8b282518d6ed81826833d77c3c882d9ab608add591ccace47a44?s=96&d=mm&r=g\",\"caption\":\"Kuzeyin Sesi\"},\"sameAs\":[\"https:\\\/\\\/kuzeyinsesi.org\"],\"url\":\"https:\\\/\\\/kuzeyinsesi.org\\\/index.php\\\/author\\\/guven\\\/\"}]}<\/script>\n<!-- \/ Yoast SEO plugin. -->","yoast_head_json":{"title":"\u201cParallel Poles\u201d isimli k\u0131sa film ARUCAD\u2019da g\u00f6sterildi - Kuzeyin Sesi","robots":{"index":"index","follow":"follow","max-snippet":"max-snippet:-1","max-image-preview":"max-image-preview:large","max-video-preview":"max-video-preview:-1"},"canonical":"https:\/\/kuzeyinsesi.org\/index.php\/2024\/06\/24\/parallel-poles-isimli-kisa-film-arucadda-gosterildi\/","og_locale":"tr_TR","og_type":"article","og_title":"\u201cParallel Poles\u201d isimli k\u0131sa film ARUCAD\u2019da g\u00f6sterildi - Kuzeyin Sesi","og_description":"Bir \u00f6\u011frencinin hayat\u0131n\u0131 konu alan \u201cParallel Poles\u201d adl\u0131 k\u0131sa filmin ilk g\u00f6sterimi, Ark\u0131n Yarat\u0131c\u0131 Sanatlar ve Tasar\u0131m \u00dcniversitesi\u2019nde (ARUCAD) yap\u0131ld\u0131. ARUCAD\u2019dan yap\u0131lan a\u00e7\u0131klamaya g\u00f6re, ARUCAD yap\u0131m\u0131 filmin g\u00f6sterimi \u00dcniversitenin konferans salonunda yap\u0131ld\u0131. Filmin y\u00f6netmenli\u011fini ARUCAD Rekt\u00f6r Yard\u0131mc\u0131s\u0131 ve Film Tasar\u0131m\u0131 ve Y\u00f6netimi B\u00f6l\u00fcm\u00fc \u00d6\u011fretim \u00dcyesi Yrd. Do\u00e7. Dr. \u0130brahim Dalk\u0131l\u0131\u00e7 yapt\u0131. G\u00f6r\u00fcnt\u00fc y\u00f6netmenli\u011fini, ARUCAD Film [&hellip;]","og_url":"https:\/\/kuzeyinsesi.org\/index.php\/2024\/06\/24\/parallel-poles-isimli-kisa-film-arucadda-gosterildi\/","og_site_name":"Kuzeyin Sesi","article_publisher":"https:\/\/www.facebook.com\/kuzeyinsesii","article_published_time":"2024-06-24T20:35:30+00:00","og_image":[{"width":2560,"height":1730,"url":"https:\/\/kuzeyinsesi.org\/wp-content\/uploads\/2024\/06\/paralles-poles-ekibi-scaled.jpg","type":"image\/jpeg"}],"author":"Kuzeyin Sesi","twitter_card":"summary_large_image","twitter_creator":"@kuzeyinsesii","twitter_site":"@kuzeyinsesii","twitter_misc":{"Yazan:":"Kuzeyin Sesi","Tahmini okuma s\u00fcresi":"1 dakika"},"schema":{"@context":"https:\/\/schema.org","@graph":[{"@type":"Article","@id":"https:\/\/kuzeyinsesi.org\/index.php\/2024\/06\/24\/parallel-poles-isimli-kisa-film-arucadda-gosterildi\/#article","isPartOf":{"@id":"https:\/\/kuzeyinsesi.org\/index.php\/2024\/06\/24\/parallel-poles-isimli-kisa-film-arucadda-gosterildi\/"},"author":{"name":"Kuzeyin Sesi","@id":"https:\/\/kuzeyinsesi.org\/#\/schema\/person\/9f859689cdf01485597712386e37f5aa"},"headline":"\u201cParallel Poles\u201d isimli k\u0131sa film ARUCAD\u2019da g\u00f6sterildi","datePublished":"2024-06-24T20:35:30+00:00","mainEntityOfPage":{"@id":"https:\/\/kuzeyinsesi.org\/index.php\/2024\/06\/24\/parallel-poles-isimli-kisa-film-arucadda-gosterildi\/"},"wordCount":125,"commentCount":0,"image":{"@id":"https:\/\/kuzeyinsesi.org\/index.php\/2024\/06\/24\/parallel-poles-isimli-kisa-film-arucadda-gosterildi\/#primaryimage"},"thumbnailUrl":"https:\/\/kuzeyinsesi.org\/wp-content\/uploads\/2024\/06\/paralles-poles-ekibi-scaled.jpg","articleSection":["Ya\u015fam"],"inLanguage":"tr","potentialAction":[{"@type":"CommentAction","name":"Comment","target":["https:\/\/kuzeyinsesi.org\/index.php\/2024\/06\/24\/parallel-poles-isimli-kisa-film-arucadda-gosterildi\/#respond"]}]},{"@type":"WebPage","@id":"https:\/\/kuzeyinsesi.org\/index.php\/2024\/06\/24\/parallel-poles-isimli-kisa-film-arucadda-gosterildi\/","url":"https:\/\/kuzeyinsesi.org\/index.php\/2024\/06\/24\/parallel-poles-isimli-kisa-film-arucadda-gosterildi\/","name":"\u201cParallel Poles\u201d isimli k\u0131sa film ARUCAD\u2019da g\u00f6sterildi - Kuzeyin Sesi","isPartOf":{"@id":"https:\/\/kuzeyinsesi.org\/#website"},"primaryImageOfPage":{"@id":"https:\/\/kuzeyinsesi.org\/index.php\/2024\/06\/24\/parallel-poles-isimli-kisa-film-arucadda-gosterildi\/#primaryimage"},"image":{"@id":"https:\/\/kuzeyinsesi.org\/index.php\/2024\/06\/24\/parallel-poles-isimli-kisa-film-arucadda-gosterildi\/#primaryimage"},"thumbnailUrl":"https:\/\/kuzeyinsesi.org\/wp-content\/uploads\/2024\/06\/paralles-poles-ekibi-scaled.jpg","datePublished":"2024-06-24T20:35:30+00:00","author":{"@id":"https:\/\/kuzeyinsesi.org\/#\/schema\/person\/9f859689cdf01485597712386e37f5aa"},"breadcrumb":{"@id":"https:\/\/kuzeyinsesi.org\/index.php\/2024\/06\/24\/parallel-poles-isimli-kisa-film-arucadda-gosterildi\/#breadcrumb"},"inLanguage":"tr","potentialAction":[{"@type":"ReadAction","target":["https:\/\/kuzeyinsesi.org\/index.php\/2024\/06\/24\/parallel-poles-isimli-kisa-film-arucadda-gosterildi\/"]}]},{"@type":"ImageObject","inLanguage":"tr","@id":"https:\/\/kuzeyinsesi.org\/index.php\/2024\/06\/24\/parallel-poles-isimli-kisa-film-arucadda-gosterildi\/#primaryimage","url":"https:\/\/kuzeyinsesi.org\/wp-content\/uploads\/2024\/06\/paralles-poles-ekibi-scaled.jpg","contentUrl":"https:\/\/kuzeyinsesi.org\/wp-content\/uploads\/2024\/06\/paralles-poles-ekibi-scaled.jpg","width":2560,"height":1730},{"@type":"BreadcrumbList","@id":"https:\/\/kuzeyinsesi.org\/index.php\/2024\/06\/24\/parallel-poles-isimli-kisa-film-arucadda-gosterildi\/#breadcrumb","itemListElement":[{"@type":"ListItem","position":1,"name":"Anasayfa","item":"https:\/\/kuzeyinsesi.org\/"},{"@type":"ListItem","position":2,"name":"\u201cParallel Poles\u201d isimli k\u0131sa film ARUCAD\u2019da g\u00f6sterildi"}]},{"@type":"WebSite","@id":"https:\/\/kuzeyinsesi.org\/#website","url":"https:\/\/kuzeyinsesi.org\/","name":"Kuzeyin Sesi","description":"Do\u011fru Haberin Adresi","potentialAction":[{"@type":"SearchAction","target":{"@type":"EntryPoint","urlTemplate":"https:\/\/kuzeyinsesi.org\/?s={search_term_string}"},"query-input":{"@type":"PropertyValueSpecification","valueRequired":true,"valueName":"search_term_string"}}],"inLanguage":"tr"},{"@type":"Person","@id":"https:\/\/kuzeyinsesi.org\/#\/schema\/person\/9f859689cdf01485597712386e37f5aa","name":"Kuzeyin Sesi","image":{"@type":"ImageObject","inLanguage":"tr","@id":"https:\/\/secure.gravatar.com\/avatar\/bab33852abfd8b282518d6ed81826833d77c3c882d9ab608add591ccace47a44?s=96&d=mm&r=g","url":"https:\/\/secure.gravatar.com\/avatar\/bab33852abfd8b282518d6ed81826833d77c3c882d9ab608add591ccace47a44?s=96&d=mm&r=g","contentUrl":"https:\/\/secure.gravatar.com\/avatar\/bab33852abfd8b282518d6ed81826833d77c3c882d9ab608add591ccace47a44?s=96&d=mm&r=g","caption":"Kuzeyin Sesi"},"sameAs":["https:\/\/kuzeyinsesi.org"],"url":"https:\/\/kuzeyinsesi.org\/index.php\/author\/guven\/"}]}},"_links":{"self":[{"href":"https:\/\/kuzeyinsesi.org\/index.php\/wp-json\/wp\/v2\/posts\/5245","targetHints":{"allow":["GET"]}}],"collection":[{"href":"https:\/\/kuzeyinsesi.org\/index.php\/wp-json\/wp\/v2\/posts"}],"about":[{"href":"https:\/\/kuzeyinsesi.org\/index.php\/wp-json\/wp\/v2\/types\/post"}],"author":[{"embeddable":true,"href":"https:\/\/kuzeyinsesi.org\/index.php\/wp-json\/wp\/v2\/users\/1"}],"replies":[{"embeddable":true,"href":"https:\/\/kuzeyinsesi.org\/index.php\/wp-json\/wp\/v2\/comments?post=5245"}],"version-history":[{"count":0,"href":"https:\/\/kuzeyinsesi.org\/index.php\/wp-json\/wp\/v2\/posts\/5245\/revisions"}],"wp:featuredmedia":[{"embeddable":true,"href":"https:\/\/kuzeyinsesi.org\/index.php\/wp-json\/wp\/v2\/media\/5246"}],"wp:attachment":[{"href":"https:\/\/kuzeyinsesi.org\/index.php\/wp-json\/wp\/v2\/media?parent=5245"}],"wp:term":[{"taxonomy":"category","embeddable":true,"href":"https:\/\/kuzeyinsesi.org\/index.php\/wp-json\/wp\/v2\/categories?post=5245"},{"taxonomy":"post_tag","embeddable":true,"href":"https:\/\/kuzeyinsesi.org\/index.php\/wp-json\/wp\/v2\/tags?post=5245"}],"curies":[{"name":"wp","href":"https:\/\/api.w.org\/{rel}","templated":true}]}}