{"id":5222,"date":"2024-06-24T17:26:25","date_gmt":"2024-06-24T14:26:25","guid":{"rendered":"https:\/\/kuzeyinsesi.com\/index.php\/2024\/06\/24\/46-guzelyurt-portakal-festivali-bugun-basliyor\/"},"modified":"2024-06-24T17:26:25","modified_gmt":"2024-06-24T14:26:25","slug":"46-guzelyurt-portakal-festivali-bugun-basliyor","status":"publish","type":"post","link":"https:\/\/kuzeyinsesi.org\/index.php\/2024\/06\/24\/46-guzelyurt-portakal-festivali-bugun-basliyor\/","title":{"rendered":"46. G\u00fczelyurt Portakal Festivali bug\u00fcn ba\u015fl\u0131yor"},"content":{"rendered":"<div>\n<div class=\"mariselle-image-container center\">\n                                            <\/div>\n<p>\n46. G\u00fczelyurt Portakal Festivali bug\u00fcn ba\u015fl\u0131yor. <\/p>\n<p>30 Haziran\u2019a kadar s\u00fcrecek 46. G\u00fczelyurt Portakal Festivali\u2019nin a\u00e7\u0131l\u0131\u015f\u0131, bug\u00fcn saat 18.30\u2019da kortejle yap\u0131lacak.<\/p>\n<p>G\u00fczelyurt Belediyesi\u2019nden yap\u0131lan a\u00e7\u0131klamaya g\u00f6re, bir hafta s\u00fcrecek festivalde, T\u00fcrkiye ve yerel sanat\u00e7\u0131lar\u0131n konserleri, \u00e7ocuk \u015fenli\u011fi ve bir\u00e7ok etkinlik yer alacak. Festival s\u00fcresince t\u00fcm etkinlikler \u00fccretsiz olacak. <\/p>\n<p>-Kortej <\/p>\n<p>G\u00fczelyurt Kurtulu\u015f \u0130lkokulu \u00f6n\u00fcnden 18.30\u2019da ba\u015flayacak korteje, yurt i\u00e7i ve yurt d\u0131\u015f\u0131ndan davetli ekipler, okullar, k\u00fclt\u00fcr ve sanat dernekleri, kurum, kurulu\u015flar, sivil toplum \u00f6rg\u00fctleri, spor kul\u00fcpleri ve animat\u00f6r ekipler kat\u0131lacak. <\/p>\n<p>Kortej s\u00fcresince ve kent merkezinde, G\u00fczelyurt Kapal\u0131 \u00c7ar\u015f\u0131 \u00f6n\u00fcnde g\u00f6steriler yer alacak. 46. G\u00fczelyurt Portakal Festivali kapsam\u0131ndaki etkinlikler gece boyunca Festival Park\u0131\u2019nda devam edecek. <\/p>\n<p>-A\u00e7\u0131l\u0131\u015f<\/p>\n<p>46. G\u00fczelyurt Portakal Festivali\u2019nde bu gece saat 20.30\u2019da, Amfi Tiyatro\u2019da dans g\u00f6sterileri ve Samida m\u00fczik grubunun konseri yer alacak.<\/p>\n<p>Konserin ard\u0131ndan, K\u0131br\u0131s k\u00fclt\u00fcr\u00fcn\u00fc \u015fark\u0131lara ta\u015f\u0131yan Grup Otantik saat 22.30\u2019da Festival Park meydan\u0131nda konser verecek. <\/p>\n<p>Bir\u00e7ok etkinli\u011fe ev sahipli\u011fi yapacak 46. G\u00fczelyurt Portakal Festivali\u2019nde; Samida, Melis Fis, S\u00fcmer Ezg\u00fc, Ekin Uzunlar, Irmak Ar\u0131c\u0131, yerel sanat\u00e7\u0131 ve m\u00fczik gruplar\u0131 konserler verecek, ayr\u0131ca yiyecek ve i\u00e7ecek stantlar\u0131n\u0131n \u00fccretsiz olaca\u011f\u0131 \u00e7ocuk \u015fenli\u011fi ve tavla turnuvas\u0131 da yer alacak.<\/p>\n<\/p><\/div>\n<p><script async\n                    defer\n                    crossorigin=\"anonymous\"\n                    src=\"https:\/\/connect.facebook.net\/tr_TR\/sdk.js#xfbml=1&#038;version=v3.3\"\n            ><\/script><\/p>\n","protected":false},"excerpt":{"rendered":"<p>46. G\u00fczelyurt Portakal Festivali bug\u00fcn ba\u015fl\u0131yor. 30 Haziran\u2019a kadar s\u00fcrecek 46. G\u00fczelyurt Portakal Festivali\u2019nin a\u00e7\u0131l\u0131\u015f\u0131, bug\u00fcn saat 18.30\u2019da kortejle yap\u0131lacak. G\u00fczelyurt Belediyesi\u2019nden yap\u0131lan a\u00e7\u0131klamaya g\u00f6re, bir hafta s\u00fcrecek festivalde, T\u00fcrkiye ve yerel sanat\u00e7\u0131lar\u0131n konserleri, \u00e7ocuk \u015fenli\u011fi ve bir\u00e7ok etkinlik yer alacak. Festival s\u00fcresince t\u00fcm etkinlikler \u00fccretsiz olacak. -Kortej G\u00fczelyurt Kurtulu\u015f \u0130lkokulu \u00f6n\u00fcnden 18.30\u2019da ba\u015flayacak korteje, [&hellip;]<\/p>\n","protected":false},"author":1,"featured_media":5073,"comment_status":"open","ping_status":"open","sticky":false,"template":"","format":"standard","meta":{"jnews-multi-image_gallery":[],"jnews_single_post":[],"jnews_primary_category":[],"jnews_social_meta":[],"jnews_override_counter":[],"footnotes":""},"categories":[6],"tags":[],"class_list":["post-5222","post","type-post","status-publish","format-standard","has-post-thumbnail","hentry","category-yasam"],"yoast_head":"<!-- This site is optimized with the Yoast SEO plugin v27.5 - https:\/\/yoast.com\/product\/yoast-seo-wordpress\/ -->\n<title>46. G\u00fczelyurt Portakal Festivali bug\u00fcn ba\u015fl\u0131yor - Kuzeyin Sesi<\/title>\n<meta name=\"robots\" content=\"index, follow, max-snippet:-1, max-image-preview:large, max-video-preview:-1\" \/>\n<link rel=\"canonical\" href=\"https:\/\/kuzeyinsesi.org\/index.php\/2024\/06\/24\/46-guzelyurt-portakal-festivali-bugun-basliyor\/\" \/>\n<meta property=\"og:locale\" content=\"tr_TR\" \/>\n<meta property=\"og:type\" content=\"article\" \/>\n<meta property=\"og:title\" content=\"46. G\u00fczelyurt Portakal Festivali bug\u00fcn ba\u015fl\u0131yor - Kuzeyin Sesi\" \/>\n<meta property=\"og:description\" content=\"46. G\u00fczelyurt Portakal Festivali bug\u00fcn ba\u015fl\u0131yor. 30 Haziran\u2019a kadar s\u00fcrecek 46. G\u00fczelyurt Portakal Festivali\u2019nin a\u00e7\u0131l\u0131\u015f\u0131, bug\u00fcn saat 18.30\u2019da kortejle yap\u0131lacak. G\u00fczelyurt Belediyesi\u2019nden yap\u0131lan a\u00e7\u0131klamaya g\u00f6re, bir hafta s\u00fcrecek festivalde, T\u00fcrkiye ve yerel sanat\u00e7\u0131lar\u0131n konserleri, \u00e7ocuk \u015fenli\u011fi ve bir\u00e7ok etkinlik yer alacak. Festival s\u00fcresince t\u00fcm etkinlikler \u00fccretsiz olacak. -Kortej G\u00fczelyurt Kurtulu\u015f \u0130lkokulu \u00f6n\u00fcnden 18.30\u2019da ba\u015flayacak korteje, [&hellip;]\" \/>\n<meta property=\"og:url\" content=\"https:\/\/kuzeyinsesi.org\/index.php\/2024\/06\/24\/46-guzelyurt-portakal-festivali-bugun-basliyor\/\" \/>\n<meta property=\"og:site_name\" content=\"Kuzeyin Sesi\" \/>\n<meta property=\"article:publisher\" content=\"https:\/\/www.facebook.com\/kuzeyinsesii\" \/>\n<meta property=\"article:published_time\" content=\"2024-06-24T14:26:25+00:00\" \/>\n<meta property=\"og:image\" content=\"https:\/\/kuzeyinsesi.org\/wp-content\/uploads\/2024\/06\/46-Guzelyurt-Portakal-Festivali-a.webp.webp\" \/>\n\t<meta property=\"og:image:width\" content=\"1280\" \/>\n\t<meta property=\"og:image:height\" content=\"720\" \/>\n\t<meta property=\"og:image:type\" content=\"image\/webp\" \/>\n<meta name=\"author\" content=\"Kuzeyin Sesi\" \/>\n<meta name=\"twitter:card\" content=\"summary_large_image\" \/>\n<meta name=\"twitter:creator\" content=\"@kuzeyinsesii\" \/>\n<meta name=\"twitter:site\" content=\"@kuzeyinsesii\" \/>\n<meta name=\"twitter:label1\" content=\"Yazan:\" \/>\n\t<meta name=\"twitter:data1\" content=\"Kuzeyin Sesi\" \/>\n\t<meta name=\"twitter:label2\" content=\"Tahmini okuma s\u00fcresi\" \/>\n\t<meta name=\"twitter:data2\" content=\"1 dakika\" \/>\n<script type=\"application\/ld+json\" class=\"yoast-schema-graph\">{\"@context\":\"https:\\\/\\\/schema.org\",\"@graph\":[{\"@type\":\"Article\",\"@id\":\"https:\\\/\\\/kuzeyinsesi.org\\\/index.php\\\/2024\\\/06\\\/24\\\/46-guzelyurt-portakal-festivali-bugun-basliyor\\\/#article\",\"isPartOf\":{\"@id\":\"https:\\\/\\\/kuzeyinsesi.org\\\/index.php\\\/2024\\\/06\\\/24\\\/46-guzelyurt-portakal-festivali-bugun-basliyor\\\/\"},\"author\":{\"name\":\"Kuzeyin Sesi\",\"@id\":\"https:\\\/\\\/kuzeyinsesi.org\\\/#\\\/schema\\\/person\\\/9f859689cdf01485597712386e37f5aa\"},\"headline\":\"46. G\u00fczelyurt Portakal Festivali bug\u00fcn ba\u015fl\u0131yor\",\"datePublished\":\"2024-06-24T14:26:25+00:00\",\"mainEntityOfPage\":{\"@id\":\"https:\\\/\\\/kuzeyinsesi.org\\\/index.php\\\/2024\\\/06\\\/24\\\/46-guzelyurt-portakal-festivali-bugun-basliyor\\\/\"},\"wordCount\":251,\"commentCount\":0,\"image\":{\"@id\":\"https:\\\/\\\/kuzeyinsesi.org\\\/index.php\\\/2024\\\/06\\\/24\\\/46-guzelyurt-portakal-festivali-bugun-basliyor\\\/#primaryimage\"},\"thumbnailUrl\":\"https:\\\/\\\/kuzeyinsesi.org\\\/wp-content\\\/uploads\\\/2024\\\/06\\\/46-Guzelyurt-Portakal-Festivali-a.webp.webp\",\"articleSection\":[\"Ya\u015fam\"],\"inLanguage\":\"tr\",\"potentialAction\":[{\"@type\":\"CommentAction\",\"name\":\"Comment\",\"target\":[\"https:\\\/\\\/kuzeyinsesi.org\\\/index.php\\\/2024\\\/06\\\/24\\\/46-guzelyurt-portakal-festivali-bugun-basliyor\\\/#respond\"]}]},{\"@type\":\"WebPage\",\"@id\":\"https:\\\/\\\/kuzeyinsesi.org\\\/index.php\\\/2024\\\/06\\\/24\\\/46-guzelyurt-portakal-festivali-bugun-basliyor\\\/\",\"url\":\"https:\\\/\\\/kuzeyinsesi.org\\\/index.php\\\/2024\\\/06\\\/24\\\/46-guzelyurt-portakal-festivali-bugun-basliyor\\\/\",\"name\":\"46. G\u00fczelyurt Portakal Festivali bug\u00fcn ba\u015fl\u0131yor - Kuzeyin Sesi\",\"isPartOf\":{\"@id\":\"https:\\\/\\\/kuzeyinsesi.org\\\/#website\"},\"primaryImageOfPage\":{\"@id\":\"https:\\\/\\\/kuzeyinsesi.org\\\/index.php\\\/2024\\\/06\\\/24\\\/46-guzelyurt-portakal-festivali-bugun-basliyor\\\/#primaryimage\"},\"image\":{\"@id\":\"https:\\\/\\\/kuzeyinsesi.org\\\/index.php\\\/2024\\\/06\\\/24\\\/46-guzelyurt-portakal-festivali-bugun-basliyor\\\/#primaryimage\"},\"thumbnailUrl\":\"https:\\\/\\\/kuzeyinsesi.org\\\/wp-content\\\/uploads\\\/2024\\\/06\\\/46-Guzelyurt-Portakal-Festivali-a.webp.webp\",\"datePublished\":\"2024-06-24T14:26:25+00:00\",\"author\":{\"@id\":\"https:\\\/\\\/kuzeyinsesi.org\\\/#\\\/schema\\\/person\\\/9f859689cdf01485597712386e37f5aa\"},\"breadcrumb\":{\"@id\":\"https:\\\/\\\/kuzeyinsesi.org\\\/index.php\\\/2024\\\/06\\\/24\\\/46-guzelyurt-portakal-festivali-bugun-basliyor\\\/#breadcrumb\"},\"inLanguage\":\"tr\",\"potentialAction\":[{\"@type\":\"ReadAction\",\"target\":[\"https:\\\/\\\/kuzeyinsesi.org\\\/index.php\\\/2024\\\/06\\\/24\\\/46-guzelyurt-portakal-festivali-bugun-basliyor\\\/\"]}]},{\"@type\":\"ImageObject\",\"inLanguage\":\"tr\",\"@id\":\"https:\\\/\\\/kuzeyinsesi.org\\\/index.php\\\/2024\\\/06\\\/24\\\/46-guzelyurt-portakal-festivali-bugun-basliyor\\\/#primaryimage\",\"url\":\"https:\\\/\\\/kuzeyinsesi.org\\\/wp-content\\\/uploads\\\/2024\\\/06\\\/46-Guzelyurt-Portakal-Festivali-a.webp.webp\",\"contentUrl\":\"https:\\\/\\\/kuzeyinsesi.org\\\/wp-content\\\/uploads\\\/2024\\\/06\\\/46-Guzelyurt-Portakal-Festivali-a.webp.webp\",\"width\":1280,\"height\":720},{\"@type\":\"BreadcrumbList\",\"@id\":\"https:\\\/\\\/kuzeyinsesi.org\\\/index.php\\\/2024\\\/06\\\/24\\\/46-guzelyurt-portakal-festivali-bugun-basliyor\\\/#breadcrumb\",\"itemListElement\":[{\"@type\":\"ListItem\",\"position\":1,\"name\":\"Anasayfa\",\"item\":\"https:\\\/\\\/kuzeyinsesi.org\\\/\"},{\"@type\":\"ListItem\",\"position\":2,\"name\":\"46. G\u00fczelyurt Portakal Festivali bug\u00fcn ba\u015fl\u0131yor\"}]},{\"@type\":\"WebSite\",\"@id\":\"https:\\\/\\\/kuzeyinsesi.org\\\/#website\",\"url\":\"https:\\\/\\\/kuzeyinsesi.org\\\/\",\"name\":\"Kuzeyin Sesi\",\"description\":\"Do\u011fru Haberin Adresi\",\"potentialAction\":[{\"@type\":\"SearchAction\",\"target\":{\"@type\":\"EntryPoint\",\"urlTemplate\":\"https:\\\/\\\/kuzeyinsesi.org\\\/?s={search_term_string}\"},\"query-input\":{\"@type\":\"PropertyValueSpecification\",\"valueRequired\":true,\"valueName\":\"search_term_string\"}}],\"inLanguage\":\"tr\"},{\"@type\":\"Person\",\"@id\":\"https:\\\/\\\/kuzeyinsesi.org\\\/#\\\/schema\\\/person\\\/9f859689cdf01485597712386e37f5aa\",\"name\":\"Kuzeyin Sesi\",\"image\":{\"@type\":\"ImageObject\",\"inLanguage\":\"tr\",\"@id\":\"https:\\\/\\\/secure.gravatar.com\\\/avatar\\\/bab33852abfd8b282518d6ed81826833d77c3c882d9ab608add591ccace47a44?s=96&d=mm&r=g\",\"url\":\"https:\\\/\\\/secure.gravatar.com\\\/avatar\\\/bab33852abfd8b282518d6ed81826833d77c3c882d9ab608add591ccace47a44?s=96&d=mm&r=g\",\"contentUrl\":\"https:\\\/\\\/secure.gravatar.com\\\/avatar\\\/bab33852abfd8b282518d6ed81826833d77c3c882d9ab608add591ccace47a44?s=96&d=mm&r=g\",\"caption\":\"Kuzeyin Sesi\"},\"sameAs\":[\"https:\\\/\\\/kuzeyinsesi.org\"],\"url\":\"https:\\\/\\\/kuzeyinsesi.org\\\/index.php\\\/author\\\/guven\\\/\"}]}<\/script>\n<!-- \/ Yoast SEO plugin. -->","yoast_head_json":{"title":"46. G\u00fczelyurt Portakal Festivali bug\u00fcn ba\u015fl\u0131yor - Kuzeyin Sesi","robots":{"index":"index","follow":"follow","max-snippet":"max-snippet:-1","max-image-preview":"max-image-preview:large","max-video-preview":"max-video-preview:-1"},"canonical":"https:\/\/kuzeyinsesi.org\/index.php\/2024\/06\/24\/46-guzelyurt-portakal-festivali-bugun-basliyor\/","og_locale":"tr_TR","og_type":"article","og_title":"46. G\u00fczelyurt Portakal Festivali bug\u00fcn ba\u015fl\u0131yor - Kuzeyin Sesi","og_description":"46. G\u00fczelyurt Portakal Festivali bug\u00fcn ba\u015fl\u0131yor. 30 Haziran\u2019a kadar s\u00fcrecek 46. G\u00fczelyurt Portakal Festivali\u2019nin a\u00e7\u0131l\u0131\u015f\u0131, bug\u00fcn saat 18.30\u2019da kortejle yap\u0131lacak. G\u00fczelyurt Belediyesi\u2019nden yap\u0131lan a\u00e7\u0131klamaya g\u00f6re, bir hafta s\u00fcrecek festivalde, T\u00fcrkiye ve yerel sanat\u00e7\u0131lar\u0131n konserleri, \u00e7ocuk \u015fenli\u011fi ve bir\u00e7ok etkinlik yer alacak. Festival s\u00fcresince t\u00fcm etkinlikler \u00fccretsiz olacak. -Kortej G\u00fczelyurt Kurtulu\u015f \u0130lkokulu \u00f6n\u00fcnden 18.30\u2019da ba\u015flayacak korteje, [&hellip;]","og_url":"https:\/\/kuzeyinsesi.org\/index.php\/2024\/06\/24\/46-guzelyurt-portakal-festivali-bugun-basliyor\/","og_site_name":"Kuzeyin Sesi","article_publisher":"https:\/\/www.facebook.com\/kuzeyinsesii","article_published_time":"2024-06-24T14:26:25+00:00","og_image":[{"width":1280,"height":720,"url":"https:\/\/kuzeyinsesi.org\/wp-content\/uploads\/2024\/06\/46-Guzelyurt-Portakal-Festivali-a.webp.webp","type":"image\/webp"}],"author":"Kuzeyin Sesi","twitter_card":"summary_large_image","twitter_creator":"@kuzeyinsesii","twitter_site":"@kuzeyinsesii","twitter_misc":{"Yazan:":"Kuzeyin Sesi","Tahmini okuma s\u00fcresi":"1 dakika"},"schema":{"@context":"https:\/\/schema.org","@graph":[{"@type":"Article","@id":"https:\/\/kuzeyinsesi.org\/index.php\/2024\/06\/24\/46-guzelyurt-portakal-festivali-bugun-basliyor\/#article","isPartOf":{"@id":"https:\/\/kuzeyinsesi.org\/index.php\/2024\/06\/24\/46-guzelyurt-portakal-festivali-bugun-basliyor\/"},"author":{"name":"Kuzeyin Sesi","@id":"https:\/\/kuzeyinsesi.org\/#\/schema\/person\/9f859689cdf01485597712386e37f5aa"},"headline":"46. G\u00fczelyurt Portakal Festivali bug\u00fcn ba\u015fl\u0131yor","datePublished":"2024-06-24T14:26:25+00:00","mainEntityOfPage":{"@id":"https:\/\/kuzeyinsesi.org\/index.php\/2024\/06\/24\/46-guzelyurt-portakal-festivali-bugun-basliyor\/"},"wordCount":251,"commentCount":0,"image":{"@id":"https:\/\/kuzeyinsesi.org\/index.php\/2024\/06\/24\/46-guzelyurt-portakal-festivali-bugun-basliyor\/#primaryimage"},"thumbnailUrl":"https:\/\/kuzeyinsesi.org\/wp-content\/uploads\/2024\/06\/46-Guzelyurt-Portakal-Festivali-a.webp.webp","articleSection":["Ya\u015fam"],"inLanguage":"tr","potentialAction":[{"@type":"CommentAction","name":"Comment","target":["https:\/\/kuzeyinsesi.org\/index.php\/2024\/06\/24\/46-guzelyurt-portakal-festivali-bugun-basliyor\/#respond"]}]},{"@type":"WebPage","@id":"https:\/\/kuzeyinsesi.org\/index.php\/2024\/06\/24\/46-guzelyurt-portakal-festivali-bugun-basliyor\/","url":"https:\/\/kuzeyinsesi.org\/index.php\/2024\/06\/24\/46-guzelyurt-portakal-festivali-bugun-basliyor\/","name":"46. G\u00fczelyurt Portakal Festivali bug\u00fcn ba\u015fl\u0131yor - Kuzeyin Sesi","isPartOf":{"@id":"https:\/\/kuzeyinsesi.org\/#website"},"primaryImageOfPage":{"@id":"https:\/\/kuzeyinsesi.org\/index.php\/2024\/06\/24\/46-guzelyurt-portakal-festivali-bugun-basliyor\/#primaryimage"},"image":{"@id":"https:\/\/kuzeyinsesi.org\/index.php\/2024\/06\/24\/46-guzelyurt-portakal-festivali-bugun-basliyor\/#primaryimage"},"thumbnailUrl":"https:\/\/kuzeyinsesi.org\/wp-content\/uploads\/2024\/06\/46-Guzelyurt-Portakal-Festivali-a.webp.webp","datePublished":"2024-06-24T14:26:25+00:00","author":{"@id":"https:\/\/kuzeyinsesi.org\/#\/schema\/person\/9f859689cdf01485597712386e37f5aa"},"breadcrumb":{"@id":"https:\/\/kuzeyinsesi.org\/index.php\/2024\/06\/24\/46-guzelyurt-portakal-festivali-bugun-basliyor\/#breadcrumb"},"inLanguage":"tr","potentialAction":[{"@type":"ReadAction","target":["https:\/\/kuzeyinsesi.org\/index.php\/2024\/06\/24\/46-guzelyurt-portakal-festivali-bugun-basliyor\/"]}]},{"@type":"ImageObject","inLanguage":"tr","@id":"https:\/\/kuzeyinsesi.org\/index.php\/2024\/06\/24\/46-guzelyurt-portakal-festivali-bugun-basliyor\/#primaryimage","url":"https:\/\/kuzeyinsesi.org\/wp-content\/uploads\/2024\/06\/46-Guzelyurt-Portakal-Festivali-a.webp.webp","contentUrl":"https:\/\/kuzeyinsesi.org\/wp-content\/uploads\/2024\/06\/46-Guzelyurt-Portakal-Festivali-a.webp.webp","width":1280,"height":720},{"@type":"BreadcrumbList","@id":"https:\/\/kuzeyinsesi.org\/index.php\/2024\/06\/24\/46-guzelyurt-portakal-festivali-bugun-basliyor\/#breadcrumb","itemListElement":[{"@type":"ListItem","position":1,"name":"Anasayfa","item":"https:\/\/kuzeyinsesi.org\/"},{"@type":"ListItem","position":2,"name":"46. G\u00fczelyurt Portakal Festivali bug\u00fcn ba\u015fl\u0131yor"}]},{"@type":"WebSite","@id":"https:\/\/kuzeyinsesi.org\/#website","url":"https:\/\/kuzeyinsesi.org\/","name":"Kuzeyin Sesi","description":"Do\u011fru Haberin Adresi","potentialAction":[{"@type":"SearchAction","target":{"@type":"EntryPoint","urlTemplate":"https:\/\/kuzeyinsesi.org\/?s={search_term_string}"},"query-input":{"@type":"PropertyValueSpecification","valueRequired":true,"valueName":"search_term_string"}}],"inLanguage":"tr"},{"@type":"Person","@id":"https:\/\/kuzeyinsesi.org\/#\/schema\/person\/9f859689cdf01485597712386e37f5aa","name":"Kuzeyin Sesi","image":{"@type":"ImageObject","inLanguage":"tr","@id":"https:\/\/secure.gravatar.com\/avatar\/bab33852abfd8b282518d6ed81826833d77c3c882d9ab608add591ccace47a44?s=96&d=mm&r=g","url":"https:\/\/secure.gravatar.com\/avatar\/bab33852abfd8b282518d6ed81826833d77c3c882d9ab608add591ccace47a44?s=96&d=mm&r=g","contentUrl":"https:\/\/secure.gravatar.com\/avatar\/bab33852abfd8b282518d6ed81826833d77c3c882d9ab608add591ccace47a44?s=96&d=mm&r=g","caption":"Kuzeyin Sesi"},"sameAs":["https:\/\/kuzeyinsesi.org"],"url":"https:\/\/kuzeyinsesi.org\/index.php\/author\/guven\/"}]}},"_links":{"self":[{"href":"https:\/\/kuzeyinsesi.org\/index.php\/wp-json\/wp\/v2\/posts\/5222","targetHints":{"allow":["GET"]}}],"collection":[{"href":"https:\/\/kuzeyinsesi.org\/index.php\/wp-json\/wp\/v2\/posts"}],"about":[{"href":"https:\/\/kuzeyinsesi.org\/index.php\/wp-json\/wp\/v2\/types\/post"}],"author":[{"embeddable":true,"href":"https:\/\/kuzeyinsesi.org\/index.php\/wp-json\/wp\/v2\/users\/1"}],"replies":[{"embeddable":true,"href":"https:\/\/kuzeyinsesi.org\/index.php\/wp-json\/wp\/v2\/comments?post=5222"}],"version-history":[{"count":0,"href":"https:\/\/kuzeyinsesi.org\/index.php\/wp-json\/wp\/v2\/posts\/5222\/revisions"}],"wp:featuredmedia":[{"embeddable":true,"href":"https:\/\/kuzeyinsesi.org\/index.php\/wp-json\/wp\/v2\/media\/5073"}],"wp:attachment":[{"href":"https:\/\/kuzeyinsesi.org\/index.php\/wp-json\/wp\/v2\/media?parent=5222"}],"wp:term":[{"taxonomy":"category","embeddable":true,"href":"https:\/\/kuzeyinsesi.org\/index.php\/wp-json\/wp\/v2\/categories?post=5222"},{"taxonomy":"post_tag","embeddable":true,"href":"https:\/\/kuzeyinsesi.org\/index.php\/wp-json\/wp\/v2\/tags?post=5222"}],"curies":[{"name":"wp","href":"https:\/\/api.w.org\/{rel}","templated":true}]}}